{"id":10064,"date":"2022-07-05T07:00:00","date_gmt":"2022-07-05T05:00:00","guid":{"rendered":"https:\/\/blogscvc.cervantes.es\/martes-neologico\/?p=10064"},"modified":"2025-08-01T10:18:15","modified_gmt":"2025-08-01T08:18:15","slug":"violencia-vicaria","status":"publish","type":"post","link":"https:\/\/blogscvc.cervantes.es\/martes-neologico\/violencia-vicaria\/","title":{"rendered":"violencia vicaria <em>f.<\/em>"},"content":{"rendered":"\n<p>Cuenta el mito que Medea, enloquecida por una mezcla de celos, odio y orgullo, mat\u00f3 a sus hijos, M\u00e9rmero y Feres, despu\u00e9s de que Jas\u00f3n, al que hab\u00eda ayudado a recuperar el vellocino de oro, quisiera repudiarla para casarse con Creusa. As\u00ed consegu\u00eda truncar la continuidad del linaje de Jas\u00f3n, y lo que conllevaba para un hombre griego, puesto que los hijos estaban destinados a cuidar de los padres en la vejez y darles sepultura. Esta leyenda, que se conoce desde el siglo <span class=\"versalitas\">viii<\/span> a. C. contada por Eumelo en sus <em>Corinthiaka<\/em>, alcanz\u00f3 la cumbre literaria en la tragedia <em>Medea<\/em> de Eur\u00edpides (ca. 480 a. C.-406 a. C.), cuya influencia en el arte posterior (literario, pict\u00f3rico) llega a nuestros d\u00edas. Si es un acto abominable en la ficci\u00f3n, en la realidad es incluso m\u00e1s horrible porque contraviene el instinto natural de una madre (y de un padre) de proteger ante todo a sus hijos.<\/p>\n\n\n<figure class=\"wp-block-image size-large is-style-default\"><a href=\"http:\/\/blogscvc.cervantes.es\/martes-neologico\/wp-content\/uploads\/sites\/2\/2022\/07\/violencia-vicaria_500.jpg\"><img decoding=\"async\" class=\"wp-image-7916\" src=\"http:\/\/blogscvc.cervantes.es\/martes-neologico\/wp-content\/uploads\/sites\/2\/2022\/07\/violencia-vicaria_500.jpg\" alt=\"[fotograf\u00eda] Oso de peluche maltratado y tirado en el suelo\"><\/a><figcaption>Google Images<\/figcaption><\/figure>\n\n\n<p>Y sin embargo sucede, a pesar de que el mundo occidental ha tomado conciencia de que se ten\u00eda que trascender el \u00e1mbito privado y proteger a las mujeres que sufren violencia en el marco de sus relaciones de pareja. Se ha avanzado, pero sin duda los datos siguen siendo aterradores, por lo que se debe seguir trabajando en afinar las leyes y mejorar las medidas de protecci\u00f3n hacia las mujeres, que a veces no solo tienen que sufrir la violencia directamente, sino que, en algunos casos m\u00e1s retorcidos, la violencia se ejerce sobre todo aquello por lo que sienten afecto: si el afecto m\u00e1s grande se tiene hacia los hijos, la violencia se perpetra sobre ellos, como veh\u00edculo para destruir a la mujer y dejarla con una lacra devastadora; el da\u00f1o supremo.<\/p>\n\n\n\n<p>La psic\u00f3loga argentina Sonia Vaccaro, experta en victimolog\u00eda y <em><a href=\"https:\/\/blogscvc.cervantes.es\/martes-neologico\/violencia-de-genero\/\">violencia de g\u00e9nero<\/a><\/em>, acu\u00f1\u00f3 en 2012 el sintagma <em>violencia vicaria<\/em>, definida como la \u00abviolencia que se ejerce sobre los hijos para herir a la mujer\u00bb, donde la especialista opt\u00f3 por el adjetivo <em>vicario<\/em>, por su significado de \u00absecundario\u00bb, \u00absustituto\u00bb, atendiendo a la definici\u00f3n del <em>DLE<\/em>: \u00abque tiene las veces, poder y facultades de otra persona o la sustituye\u00bb. A pesar de que este sintagma se usa desde hace una d\u00e9cada, ha empezado a usarse y difundirse en los medios m\u00e1s recientemente, sobre todo en contextos espa\u00f1oles, a ra\u00edz de su inclusi\u00f3n en el Pacto de Estado contra la Violencia de G\u00e9nero, firmado en 2017:<\/p>\n\n\n\n<ul>\n<li>Dentro de las diferentes y m\u00faltiples expresiones de maltrato de g\u00e9nero masculino, hay una especialmente s\u00e1dica y monstruosa: se llama <strong>violencia vicaria<\/strong> y se trata de aquella ejercida contra los hijos para da\u00f1ar a sus madres. [<em>El Pa\u00eds<\/em> (Espa\u00f1a), 12\/1\/2018]<\/li>\n\n\n\n<li>A menudo las ni\u00f1as y ni\u00f1os son da\u00f1ados con el prop\u00f3sito meramente instrumental de lastimar a la otra persona, son utilizados y sufren lo que se conoce como <strong>violencia vicaria<\/strong> (o femicidio vinculado) y de la que hablaremos en profundidad en este art\u00edculo de Psicolog\u00eda-Online de Espa\u00f1a. [<em>Diario Femenino<\/em> (Argentina), 29\/3\/2020]<\/li>\n\n\n\n<li>El caso podr\u00eda ser una de las formas m\u00e1s perversas de la violencia machista: la <strong>violencia vicaria<\/strong>, por la cual se causa da\u00f1o a la madre a trav\u00e9s del sufrimiento de los ni\u00f1os. [<em>P\u00e1gina\/12<\/em> (Argentina), 11\/6\/2021]<\/li>\n\n\n\n<li>Todos los indicios apuntan a que la muerte de un ni\u00f1o de tan solo 2 a\u00f1os la pasada noche en la habitaci\u00f3n de un hotel de Barcelona es un nuevo caso de <strong>violencia vicaria<\/strong>. [<em>La Vanguardia<\/em> (Espa\u00f1a), 25\/8\/2021]<\/li>\n\n\n\n<li>A finales de 2021, las distintas polic\u00edas hab\u00edan alertado de 676 casos de menores en riesgo de padecer <strong>violencia vicaria<\/strong>: 59 alto y 617, medio. Supone un aumento del 61,3% con respecto a 2020. [<em>El Peri\u00f3dico<\/em> (Espa\u00f1a), 5\/1\/2022]<\/li>\n<\/ul>\n\n\n\n<p>Debido a que la denominaci\u00f3n de <em>violencia vicaria<\/em> es relativamente nueva, no hay ning\u00fan diccionario de ninguna lengua que lo recoja, si bien el sintagma <em>viol\u00e8ncia vic\u00e0ria<\/em>, junto con el equivalente ingl\u00e9s <em>vicarious violence<\/em>, ya aparece recogido por el Termcat, centro de terminolog\u00eda para el catal\u00e1n, con una definici\u00f3n amplia que no se sit\u00faa estrictamente en la perspectiva de la violencia machista: \u00abviolencia intrafamiliar ejercida de manera consciente contra una persona, con frecuencia un hijo, con la intenci\u00f3n de hacer da\u00f1o a una tercera persona que es la destinataria real de la acci\u00f3n, con frecuencia la expareja\u00bb.<\/p>\n\n\n\n<p>Estamos, en fin, ante la denominaci\u00f3n de un tipo de crimen lamentablemente globalizado y actual, que se ha asentado entre los hablantes a medida que se han conocido nuevos casos. Merece, sin duda, un lugar en el diccionario.<\/p>\n\n\n\n<p>Elisenda Bernal<br>Observatori de Neologia<br>Universitat Pompeu Fabra (Espa\u00f1a)<\/p>\n","protected":false},"excerpt":{"rendered":"<p>Cuenta el mito que Medea, enloquecida por una mezcla de celos, odio y orgullo, mat\u00f3 a sus hijos, M\u00e9rmero y Feres, despu\u00e9s de que Jas\u00f3n, al que hab\u00eda ayudado a recuperar el vellocino de oro, quisiera repudiarla para casarse con Creusa. As\u00ed consegu\u00eda truncar la continuidad del linaje de Jas\u00f3n, y lo que conllevaba para un hombre griego, puesto que los hijos estaban destinados a cuidar de los padres en la vejez y darles sepultura. Esta leyenda, que se conoce desde el siglo <span class=\"versalitas\">viii<\/span> a. C. contada por Eumelo en sus <em>Corinthiaka<\/em>, alcanz\u00f3 la cumbre literaria en la tragedia <em>Medea <\/em>de Eur\u00edpides (ca. 480 a. C.-406 a. C.), cuya influencia en el arte posterior (literario, pict\u00f3rico) llega a nuestros d\u00edas. Si es un acto abominable en la ficci\u00f3n, en la realidad es incluso m\u00e1s horrible porque contraviene el instinto natural de una madre (y de un padre) de proteger ante todo a sus hijos.<\/p>\n","protected":false},"author":1,"featured_media":10067,"comment_status":"open","ping_status":"open","sticky":false,"template":"","format":"standard","meta":{"_mi_skip_tracking":false,"_s2mail":""},"categories":[250,5],"tags":[],"yoast_head":"<!-- This site is optimized with the Yoast SEO plugin v20.6 - https:\/\/yoast.com\/wordpress\/plugins\/seo\/ -->\n<title>CVC. Violencia vicaria | Martes Neol\u00f3gico<\/title>\n<meta name=\"description\" content=\"Art\u00edculo sobre el neologismo \u00abviolencia vicaria\u00bb, dentro del blog Martes Neol\u00f3gico del Centro Virtual Cervantes.\" \/>\n<meta name=\"robots\" content=\"index, follow, max-snippet:-1, max-image-preview:large, max-video-preview:-1\" \/>\n<link rel=\"canonical\" href=\"https:\/\/blogscvc.cervantes.es\/martes-neologico\/violencia-vicaria\/\" \/>\n<meta property=\"og:locale\" content=\"es_ES\" \/>\n<meta property=\"og:type\" content=\"article\" \/>\n<meta property=\"og:title\" content=\"CVC. Violencia vicaria | Martes Neol\u00f3gico\" \/>\n<meta property=\"og:description\" content=\"Art\u00edculo sobre el neologismo \u00abviolencia vicaria\u00bb, dentro del blog Martes Neol\u00f3gico del Centro Virtual Cervantes.\" \/>\n<meta property=\"og:url\" content=\"https:\/\/blogscvc.cervantes.es\/martes-neologico\/violencia-vicaria\/\" \/>\n<meta property=\"og:site_name\" content=\"Martes Neol\u00f3gico\" \/>\n<meta property=\"article:published_time\" content=\"2022-07-05T05:00:00+00:00\" \/>\n<meta property=\"article:modified_time\" content=\"2025-08-01T08:18:15+00:00\" \/>\n<meta property=\"og:image\" content=\"http:\/\/blogscvc.cervantes.es\/martes-neologico\/wp-content\/uploads\/sites\/2\/2022\/07\/violencia-vicaria_350.jpg\" \/>\n\t<meta property=\"og:image:width\" content=\"750\" \/>\n\t<meta property=\"og:image:height\" content=\"350\" \/>\n\t<meta property=\"og:image:type\" content=\"image\/jpeg\" \/>\n<meta name=\"author\" content=\"admin\" \/>\n<meta name=\"twitter:card\" content=\"summary_large_image\" \/>\n<meta name=\"twitter:label1\" content=\"Escrito por\" \/>\n\t<meta name=\"twitter:data1\" content=\"admin\" \/>\n\t<meta name=\"twitter:label2\" content=\"Tiempo de lectura\" \/>\n\t<meta name=\"twitter:data2\" content=\"4 minutos\" \/>\n<script type=\"application\/ld+json\" class=\"yoast-schema-graph\">{\"@context\":\"https:\/\/schema.org\",\"@graph\":[{\"@type\":\"Article\",\"@id\":\"https:\/\/blogscvc.cervantes.es\/martes-neologico\/violencia-vicaria\/#article\",\"isPartOf\":{\"@id\":\"https:\/\/blogscvc.cervantes.es\/martes-neologico\/violencia-vicaria\/\"},\"author\":{\"name\":\"admin\",\"@id\":\"https:\/\/blogscvc.cervantes.es\/martes-neologico\/#\/schema\/person\/7e2fd26f886f53b1b2e81721d23acc47\"},\"headline\":\"violencia vicaria f.\",\"datePublished\":\"2022-07-05T05:00:00+00:00\",\"dateModified\":\"2025-08-01T08:18:15+00:00\",\"mainEntityOfPage\":{\"@id\":\"https:\/\/blogscvc.cervantes.es\/martes-neologico\/violencia-vicaria\/\"},\"wordCount\":803,\"commentCount\":2,\"publisher\":{\"@id\":\"https:\/\/blogscvc.cervantes.es\/martes-neologico\/#organization\"},\"articleSection\":[\"g\u00e9nero\",\"sintagmaci\u00f3n\"],\"inLanguage\":\"es\",\"potentialAction\":[{\"@type\":\"CommentAction\",\"name\":\"Comment\",\"target\":[\"https:\/\/blogscvc.cervantes.es\/martes-neologico\/violencia-vicaria\/#respond\"]}]},{\"@type\":\"WebPage\",\"@id\":\"https:\/\/blogscvc.cervantes.es\/martes-neologico\/violencia-vicaria\/\",\"url\":\"https:\/\/blogscvc.cervantes.es\/martes-neologico\/violencia-vicaria\/\",\"name\":\"CVC. Violencia vicaria | Martes Neol\u00f3gico\",\"isPartOf\":{\"@id\":\"https:\/\/blogscvc.cervantes.es\/martes-neologico\/#website\"},\"datePublished\":\"2022-07-05T05:00:00+00:00\",\"dateModified\":\"2025-08-01T08:18:15+00:00\",\"description\":\"Art\u00edculo sobre el neologismo \u00abviolencia vicaria\u00bb, dentro del blog Martes Neol\u00f3gico del Centro Virtual Cervantes.\",\"breadcrumb\":{\"@id\":\"https:\/\/blogscvc.cervantes.es\/martes-neologico\/violencia-vicaria\/#breadcrumb\"},\"inLanguage\":\"es\",\"potentialAction\":[{\"@type\":\"ReadAction\",\"target\":[\"https:\/\/blogscvc.cervantes.es\/martes-neologico\/violencia-vicaria\/\"]}]},{\"@type\":\"BreadcrumbList\",\"@id\":\"https:\/\/blogscvc.cervantes.es\/martes-neologico\/violencia-vicaria\/#breadcrumb\",\"itemListElement\":[{\"@type\":\"ListItem\",\"position\":1,\"name\":\"Portada\",\"item\":\"https:\/\/blogscvc.cervantes.es\/martes-neologico\/\"},{\"@type\":\"ListItem\",\"position\":2,\"name\":\"violencia vicaria f.\"}]},{\"@type\":\"WebSite\",\"@id\":\"https:\/\/blogscvc.cervantes.es\/martes-neologico\/#website\",\"url\":\"https:\/\/blogscvc.cervantes.es\/martes-neologico\/\",\"name\":\"Martes Neol\u00f3gico\",\"description\":\"Cada martes, una palabra nueva que podr\u00eda estar en el diccionario\",\"publisher\":{\"@id\":\"https:\/\/blogscvc.cervantes.es\/martes-neologico\/#organization\"},\"potentialAction\":[{\"@type\":\"SearchAction\",\"target\":{\"@type\":\"EntryPoint\",\"urlTemplate\":\"https:\/\/blogscvc.cervantes.es\/martes-neologico\/?s={search_term_string}\"},\"query-input\":\"required name=search_term_string\"}],\"inLanguage\":\"es\"},{\"@type\":\"Organization\",\"@id\":\"https:\/\/blogscvc.cervantes.es\/martes-neologico\/#organization\",\"name\":\"Martes Neol\u00f3gico\",\"url\":\"https:\/\/blogscvc.cervantes.es\/martes-neologico\/\",\"logo\":{\"@type\":\"ImageObject\",\"inLanguage\":\"es\",\"@id\":\"https:\/\/blogscvc.cervantes.es\/martes-neologico\/#\/schema\/logo\/image\/\",\"url\":\"https:\/\/blogscvc.cervantes.es\/martes-neologico\/wp-content\/uploads\/sites\/2\/2025\/10\/logo-martes-neologico-10-anos.png\",\"contentUrl\":\"https:\/\/blogscvc.cervantes.es\/martes-neologico\/wp-content\/uploads\/sites\/2\/2025\/10\/logo-martes-neologico-10-anos.png\",\"width\":300,\"height\":100,\"caption\":\"Martes Neol\u00f3gico\"},\"image\":{\"@id\":\"https:\/\/blogscvc.cervantes.es\/martes-neologico\/#\/schema\/logo\/image\/\"}},{\"@type\":\"Person\",\"@id\":\"https:\/\/blogscvc.cervantes.es\/martes-neologico\/#\/schema\/person\/7e2fd26f886f53b1b2e81721d23acc47\",\"name\":\"admin\",\"image\":{\"@type\":\"ImageObject\",\"inLanguage\":\"es\",\"@id\":\"https:\/\/blogscvc.cervantes.es\/martes-neologico\/#\/schema\/person\/image\/\",\"url\":\"https:\/\/secure.gravatar.com\/avatar\/c4b6a365b64e607f3d2ecd9620a7675a?s=96&d=mm&r=g\",\"contentUrl\":\"https:\/\/secure.gravatar.com\/avatar\/c4b6a365b64e607f3d2ecd9620a7675a?s=96&d=mm&r=g\",\"caption\":\"admin\"},\"url\":\"https:\/\/blogscvc.cervantes.es\/martes-neologico\/author\/admin\/\"}]}<\/script>\n<!-- \/ Yoast SEO plugin. -->","yoast_head_json":{"title":"CVC. Violencia vicaria | Martes Neol\u00f3gico","description":"Art\u00edculo sobre el neologismo \u00abviolencia vicaria\u00bb, dentro del blog Martes Neol\u00f3gico del Centro Virtual Cervantes.","robots":{"index":"index","follow":"follow","max-snippet":"max-snippet:-1","max-image-preview":"max-image-preview:large","max-video-preview":"max-video-preview:-1"},"canonical":"https:\/\/blogscvc.cervantes.es\/martes-neologico\/violencia-vicaria\/","og_locale":"es_ES","og_type":"article","og_title":"CVC. Violencia vicaria | Martes Neol\u00f3gico","og_description":"Art\u00edculo sobre el neologismo \u00abviolencia vicaria\u00bb, dentro del blog Martes Neol\u00f3gico del Centro Virtual Cervantes.","og_url":"https:\/\/blogscvc.cervantes.es\/martes-neologico\/violencia-vicaria\/","og_site_name":"Martes Neol\u00f3gico","article_published_time":"2022-07-05T05:00:00+00:00","article_modified_time":"2025-08-01T08:18:15+00:00","og_image":[{"width":750,"height":350,"url":"http:\/\/blogscvc.cervantes.es\/martes-neologico\/wp-content\/uploads\/sites\/2\/2022\/07\/violencia-vicaria_350.jpg","type":"image\/jpeg"}],"author":"admin","twitter_card":"summary_large_image","twitter_misc":{"Escrito por":"admin","Tiempo de lectura":"4 minutos"},"schema":{"@context":"https:\/\/schema.org","@graph":[{"@type":"Article","@id":"https:\/\/blogscvc.cervantes.es\/martes-neologico\/violencia-vicaria\/#article","isPartOf":{"@id":"https:\/\/blogscvc.cervantes.es\/martes-neologico\/violencia-vicaria\/"},"author":{"name":"admin","@id":"https:\/\/blogscvc.cervantes.es\/martes-neologico\/#\/schema\/person\/7e2fd26f886f53b1b2e81721d23acc47"},"headline":"violencia vicaria f.","datePublished":"2022-07-05T05:00:00+00:00","dateModified":"2025-08-01T08:18:15+00:00","mainEntityOfPage":{"@id":"https:\/\/blogscvc.cervantes.es\/martes-neologico\/violencia-vicaria\/"},"wordCount":803,"commentCount":2,"publisher":{"@id":"https:\/\/blogscvc.cervantes.es\/martes-neologico\/#organization"},"articleSection":["g\u00e9nero","sintagmaci\u00f3n"],"inLanguage":"es","potentialAction":[{"@type":"CommentAction","name":"Comment","target":["https:\/\/blogscvc.cervantes.es\/martes-neologico\/violencia-vicaria\/#respond"]}]},{"@type":"WebPage","@id":"https:\/\/blogscvc.cervantes.es\/martes-neologico\/violencia-vicaria\/","url":"https:\/\/blogscvc.cervantes.es\/martes-neologico\/violencia-vicaria\/","name":"CVC. Violencia vicaria | Martes Neol\u00f3gico","isPartOf":{"@id":"https:\/\/blogscvc.cervantes.es\/martes-neologico\/#website"},"datePublished":"2022-07-05T05:00:00+00:00","dateModified":"2025-08-01T08:18:15+00:00","description":"Art\u00edculo sobre el neologismo \u00abviolencia vicaria\u00bb, dentro del blog Martes Neol\u00f3gico del Centro Virtual Cervantes.","breadcrumb":{"@id":"https:\/\/blogscvc.cervantes.es\/martes-neologico\/violencia-vicaria\/#breadcrumb"},"inLanguage":"es","potentialAction":[{"@type":"ReadAction","target":["https:\/\/blogscvc.cervantes.es\/martes-neologico\/violencia-vicaria\/"]}]},{"@type":"BreadcrumbList","@id":"https:\/\/blogscvc.cervantes.es\/martes-neologico\/violencia-vicaria\/#breadcrumb","itemListElement":[{"@type":"ListItem","position":1,"name":"Portada","item":"https:\/\/blogscvc.cervantes.es\/martes-neologico\/"},{"@type":"ListItem","position":2,"name":"violencia vicaria f."}]},{"@type":"WebSite","@id":"https:\/\/blogscvc.cervantes.es\/martes-neologico\/#website","url":"https:\/\/blogscvc.cervantes.es\/martes-neologico\/","name":"Martes Neol\u00f3gico","description":"Cada martes, una palabra nueva que podr\u00eda estar en el diccionario","publisher":{"@id":"https:\/\/blogscvc.cervantes.es\/martes-neologico\/#organization"},"potentialAction":[{"@type":"SearchAction","target":{"@type":"EntryPoint","urlTemplate":"https:\/\/blogscvc.cervantes.es\/martes-neologico\/?s={search_term_string}"},"query-input":"required name=search_term_string"}],"inLanguage":"es"},{"@type":"Organization","@id":"https:\/\/blogscvc.cervantes.es\/martes-neologico\/#organization","name":"Martes Neol\u00f3gico","url":"https:\/\/blogscvc.cervantes.es\/martes-neologico\/","logo":{"@type":"ImageObject","inLanguage":"es","@id":"https:\/\/blogscvc.cervantes.es\/martes-neologico\/#\/schema\/logo\/image\/","url":"https:\/\/blogscvc.cervantes.es\/martes-neologico\/wp-content\/uploads\/sites\/2\/2025\/10\/logo-martes-neologico-10-anos.png","contentUrl":"https:\/\/blogscvc.cervantes.es\/martes-neologico\/wp-content\/uploads\/sites\/2\/2025\/10\/logo-martes-neologico-10-anos.png","width":300,"height":100,"caption":"Martes Neol\u00f3gico"},"image":{"@id":"https:\/\/blogscvc.cervantes.es\/martes-neologico\/#\/schema\/logo\/image\/"}},{"@type":"Person","@id":"https:\/\/blogscvc.cervantes.es\/martes-neologico\/#\/schema\/person\/7e2fd26f886f53b1b2e81721d23acc47","name":"admin","image":{"@type":"ImageObject","inLanguage":"es","@id":"https:\/\/blogscvc.cervantes.es\/martes-neologico\/#\/schema\/person\/image\/","url":"https:\/\/secure.gravatar.com\/avatar\/c4b6a365b64e607f3d2ecd9620a7675a?s=96&d=mm&r=g","contentUrl":"https:\/\/secure.gravatar.com\/avatar\/c4b6a365b64e607f3d2ecd9620a7675a?s=96&d=mm&r=g","caption":"admin"},"url":"https:\/\/blogscvc.cervantes.es\/martes-neologico\/author\/admin\/"}]}},"_links":{"self":[{"href":"https:\/\/blogscvc.cervantes.es\/martes-neologico\/wp-json\/wp\/v2\/posts\/10064"}],"collection":[{"href":"https:\/\/blogscvc.cervantes.es\/martes-neologico\/wp-json\/wp\/v2\/posts"}],"about":[{"href":"https:\/\/blogscvc.cervantes.es\/martes-neologico\/wp-json\/wp\/v2\/types\/post"}],"author":[{"embeddable":true,"href":"https:\/\/blogscvc.cervantes.es\/martes-neologico\/wp-json\/wp\/v2\/users\/1"}],"replies":[{"embeddable":true,"href":"https:\/\/blogscvc.cervantes.es\/martes-neologico\/wp-json\/wp\/v2\/comments?post=10064"}],"version-history":[{"count":5,"href":"https:\/\/blogscvc.cervantes.es\/martes-neologico\/wp-json\/wp\/v2\/posts\/10064\/revisions"}],"predecessor-version":[{"id":14017,"href":"https:\/\/blogscvc.cervantes.es\/martes-neologico\/wp-json\/wp\/v2\/posts\/10064\/revisions\/14017"}],"wp:featuredmedia":[{"embeddable":true,"href":"https:\/\/blogscvc.cervantes.es\/martes-neologico\/wp-json\/wp\/v2\/media\/10067"}],"wp:attachment":[{"href":"https:\/\/blogscvc.cervantes.es\/martes-neologico\/wp-json\/wp\/v2\/media?parent=10064"}],"wp:term":[{"taxonomy":"category","embeddable":true,"href":"https:\/\/blogscvc.cervantes.es\/martes-neologico\/wp-json\/wp\/v2\/categories?post=10064"},{"taxonomy":"post_tag","embeddable":true,"href":"https:\/\/blogscvc.cervantes.es\/martes-neologico\/wp-json\/wp\/v2\/tags?post=10064"}],"curies":[{"name":"wp","href":"https:\/\/api.w.org\/{rel}","templated":true}]}}