{"id":10115,"date":"2022-07-19T06:00:00","date_gmt":"2022-07-19T04:00:00","guid":{"rendered":"https:\/\/blogscvc.cervantes.es\/martes-neologico\/?p=10115"},"modified":"2025-07-31T12:37:19","modified_gmt":"2025-07-31T10:37:19","slug":"megamineria","status":"publish","type":"post","link":"https:\/\/blogscvc.cervantes.es\/martes-neologico\/megamineria\/","title":{"rendered":"megaminer\u00eda <em>f.<\/em>"},"content":{"rendered":"\n<p>El beneficio de los recursos que atesora la Tierra constituye una de las actividades m\u00e1s antiguas del ser humano. De hecho, el dominio sobre determinados minerales o metales fue utilizado para designar algunas etapas de la historia del ser humano (Edad de Piedra, Edad de Bronce o Edad de Hierro, por ejemplo). La evoluci\u00f3n de las t\u00e9cnicas de extracci\u00f3n y beneficio de estos elementos permiti\u00f3 ampliar la explotaci\u00f3n de aquellos recursos para conseguirlos no solo desde la superficie sino tambi\u00e9n desde el subsuelo. Este trabajo, as\u00ed como el conjunto de yacimientos y personas dedicadas a ella, recibi\u00f3 con posterioridad el nombre de <em>miner\u00eda<\/em>, como recoge <em>DLE<\/em><em>.<\/em>&nbsp;Sin embargo, desde tiempos recientes, la intenci\u00f3n de querer conseguir mayor rendimiento del subsuelo ha ocasionado el nacimiento de una nueva palabra, <em>megaminer\u00eda<\/em>, para un modelo de explotaci\u00f3n de minerales y metales que ha despertado una fuerte oposici\u00f3n social, de la que se han hecho eco tanto la prensa como otras publicaciones especializadas.<\/p>\n\n\n<figure class=\"wp-block-image size-large is-style-default\"><a href=\"http:\/\/blogscvc.cervantes.es\/martes-neologico\/wp-content\/uploads\/sites\/2\/2022\/07\/megamineria_500.jpg\"><img decoding=\"async\" class=\"wp-image-7916\" src=\"http:\/\/blogscvc.cervantes.es\/martes-neologico\/wp-content\/uploads\/sites\/2\/2022\/07\/megamineria_500.jpg\" alt=\"[fotograf\u00eda] mina a cielo abierto\"><\/a><figcaption>Google Images<\/figcaption><\/figure>\n\n\n<p>La creaci\u00f3n de este nuevo elemento l\u00e9xico se ha producido mediante la uni\u00f3n del elemento compositivo o prefijo de origen griego <em>mega-<\/em>, que, en su primera acepci\u00f3n, significa \u00abgrande\u00bb, al sustantivo <em>miner\u00eda<\/em> que, tambi\u00e9n en su primera acepci\u00f3n, es el \u00abarte de laborear las minas\u00bb, seg\u00fan el <em>DLE<\/em> en ambos casos. El valor intensificador de este prefijo le proporciona una vitalidad considerable, como recoge la <em>Nueva gram\u00e1tica de la lengua espa\u00f1ola<\/em> y, desde un punto de vista ortogr\u00e1fico, debe aparecer unido a la palabra a la que acompa\u00f1a, sin que exista separaci\u00f3n mediante espacios entre ellos ni se recurra al uso del guion. No obstante, dado que el resultado es una nueva palabra, pueden encontrarse ejemplos en los que no est\u00e9n unidos gr\u00e1ficamente los dos constituyentes o aparezcan separados por un guion, como muestra representativa de la vacilaci\u00f3n que muchas veces tienen determinados neologismos.<\/p>\n\n\n\n<p>Aunque <em>megaminer\u00eda<\/em>&nbsp;no se encuentra incorporada a ninguna obra lexicogr\u00e1fica todav\u00eda, es decir, ning\u00fan diccionario ha dejado constancia de ella hasta la fecha, s\u00ed cuenta con suficientes testimonios que atestiguan su uso y expansi\u00f3n en determinados dominios del espa\u00f1ol. En los registros del BOBNEO, la base de datos de los observatorios de neolog\u00eda de la Universitat Pompeu Fabra, se encuentran varios ejemplos, de los que se han extra\u00eddo los siguientes en funci\u00f3n de su representatividad en el eje temporal, espacial y significativo:<\/p>\n\n\n\n<ul><li>Entre los \u00faltimos se encuentra el titular de la di\u00f3cesis de Comodoro Rivadavia, Virginio Bressanelli, quien hace pocas semanas dio a conocer otra declaraci\u00f3n denunciando los estragos que la <strong>megaminer\u00eda<\/strong> ocasiona en la provincia del Chubut. [<em>P\u00e1gina\/12<\/em> (Argentina), 1\/12\/2009]<\/li><li>En un contexto provincial de sostenido rechazo y movilizaci\u00f3n popular contra la <strong>megaminer\u00eda<\/strong>, la Legislatura fren\u00f3 por unanimidad el proyecto de oro y cobre San Jorge. [<em>P\u00e1gina\/12<\/em (Argentina), 27\/8\/2011]<\/li><li>Grupos que se oponen en Catamarca a la <strong>megaminer\u00eda<\/strong>&nbsp;bloquean el paso de camiones de un nuevo proyecto llamado \u00abBajo el Durazno\u00bb, en manos de las mismas corporaciones que controlan a la Alumbrera. [<em>P\u00e1gina\/12<\/em> (Argentina), 27\/1\/2015]<\/li><li>El Tribunal Administrativo del Quind\u00edo abre las puertas a la <strong>megaminer\u00eda<\/strong> en Salento. [<em>El Espectador <\/em>(Colombia), 7\/6\/2019]<\/li><\/ul>\n\n\n\n<p>A trav\u00e9s de los datos que proporcionan los ejemplos anteriores, se puede vislumbrar que el significado de la forma l\u00e9xica estar\u00eda vinculado al laboreo, a la explotaci\u00f3n de minas a gran escala. Se realiza esta a cielo abierto, generalmente, y conlleva la utilizaci\u00f3n de territorios de dimensiones considerables donde es necesario realizar enormes movimientos de tierra, en busca de un mayor beneficio que no ser\u00eda posible mediante las t\u00e9cnicas de la miner\u00eda tradicional o el sistema de galer\u00edas subterr\u00e1neas. Esta actividad produce un visible cambio en el paisaje adem\u00e1s de un acusado impacto medioambiental. En consecuencia, el tipo de explotaci\u00f3n descrito ha provocado numerosas reacciones que la perciben de forma negativa, aunque desde el punto de vista de las grandes empresas dedicadas a esta actividad, mayormente multinacionales o extranjeras con respecto al pa\u00eds, es este un modelo de producir riqueza en zonas donde la miner\u00eda, entendida en los t\u00e9rminos tradicionales, no podr\u00eda ser rentable.<\/p>\n\n\n\n<p>Es posible determinar que la palabra debi\u00f3 gestarse entre la d\u00e9cada de los noventa y los primeros a\u00f1os del presente siglo, momento a partir del cual empez\u00f3 a generalizarse en aquellas \u00e1reas geogr\u00e1ficas que se ve\u00edan afectadas por este tipo de explotaciones. De hecho, en textos especializados publicados en los primeros a\u00f1os del siglo xxi&nbsp;se hallan testimonios que introducen esa voz y que, dada su fecha de publicaci\u00f3n y la recopilaci\u00f3n de fuentes citadas en su interior, justificar\u00edan su cronolog\u00eda.<\/p>\n\n\n\n<p>Las fuentes y corpus consultados sit\u00faan este proceso en el espa\u00f1ol americano, principalmente en Argentina y Uruguay, desde donde fue expandi\u00e9ndose a otros pa\u00edses como Colombia, Per\u00fa, Chile, Venezuela, Guatemala o M\u00e9xico, entre otros. Estos pa\u00edses ya contaban con una larga tradici\u00f3n minera, por otra parte. Junto a los casos documentados en BOBNEO se encuentran otros en CORPES XXI o en el Corpus del Espa\u00f1ol&nbsp;de Mark Davis que, aunque ampl\u00edan geogr\u00e1ficamente la localizaci\u00f3n de la palabra, son m\u00e1s recientes y dan cuenta de un extenso uso, como se puede constatar en los ejemplos siguientes:<\/p>\n\n\n\n<ul>\n<li>Con la consigna \u00abNo a la <strong>megaminer\u00eda<\/strong>, no al puerto, Uruguay es Natural\u00bb, a partir de este jueves se organizar\u00e1n varias actividades, ya que adem\u00e1s coincide ese d\u00eda con la celebraci\u00f3n del D\u00eda Internacional de la Tierra. [<em>El Pa\u00eds<\/em>&nbsp;(Uruguay), 19\/4\/2011]<\/li>\n\n\n\n<li>Cuestiona, adem\u00e1s, que Correa sea \u00abel mayor promotor de la <strong>megaminer\u00eda<\/strong>\u00bb y \u00abel se\u00f1or de las transnacionales\u00bb. Rechaza que siga entregando campos a los grandes grupos petroleros, aunque haya mayor participaci\u00f3n estatal en la renta. [<em>El Universo<\/em>&nbsp;(Ecuador), 15\/1\/2012)<\/li>\n<\/ul>\n\n\n\n<p>Asimismo, se puede rese\u00f1ar que la expansi\u00f3n de este tipo de industria minera ha llegado a suelo peninsular y, si bien la denominaci\u00f3n de la actividad estaba ya incorporada en la lengua espa\u00f1ola, ha comenzado a utilizarse en otras lenguas nacionales como el gallego, en cuyo seno, por tanto, tambi\u00e9n es un neologismo. Recientemente tambi\u00e9n ha traspasado las fronteras de esta actividad y, a trav\u00e9s de un proceso metaf\u00f3rico, se ha introducido en el \u00e1mbito de la inform\u00e1tica a partir de la construcci\u00f3n <em>miner\u00eda de datos<\/em>, calco del ingl\u00e9s <em>data mining<\/em>. En este contexto, se ha localizado el uso de <em>megaminer\u00eda<\/em>&nbsp;referido a ese \u00faltimo proceso:<\/p>\n\n\n\n<ul>\n<li>Pero, aparte de esa <strong>megaminer\u00eda<\/strong>&nbsp;de datos, hay, por supuesto, un nivel mucho m\u00e1s focalizado, espec\u00edfico, t\u00e1ctico de espionaje electr\u00f3nico. Hay, de un lado, el chuponeo ilegal, de esp\u00edas estatales, privados o, como les gusta hacerlo ahora, en asociaci\u00f3n p\u00fablico-privada. [<em>Caretas<\/em> (Per\u00fa), 13\/2\/2014)<\/li>\n<\/ul>\n\n\n\n<p>Aunque no exista todav\u00eda refrendo lexicogr\u00e1fico para la voz <em>megaminer\u00eda<\/em>, la expansi\u00f3n que ha ido adquiriendo con el paso de los a\u00f1os permitir\u00eda que engrosara las p\u00e1ginas de los diccionarios del espa\u00f1ol, en virtud tambi\u00e9n de los derivados que ha ocasionado como <em>megaminero<\/em>&nbsp;y <em>megaminera<\/em>. Tras la consulta de diccionarios y corpus de otras lenguas modernas, como el franc\u00e9s, el italiano o el ingl\u00e9s, se ha podido comprobar que este vocablo no encuentra en ellas equivalencia l\u00e9xica ni sem\u00e1ntica, de momento, salvo en ingl\u00e9s, donde se localiza el sustantivo <em>strip mining<\/em> (\u2018miner\u00eda a cielo abierto\u2019) seg\u00fan el <em>Oxford English Dictionary<\/em>, que se aproximar\u00eda al valor significativo de <em>megaminer\u00eda<\/em>. Resulta interesante advertir que la voz de la que procede, <em>miner\u00eda<\/em>, se incorpor\u00f3 en la sexta edici\u00f3n del <em>DRAE<\/em>&nbsp;(1822), aunque estaba en uso en siglos anteriores como corroboran el CORDIAM y el corpus del <em>Diccionario hist\u00f3rico de la lengua espa\u00f1ola<\/em>. En ambos recursos textuales se observa una primera dataci\u00f3n en textos americanos durante el siglo <span class=\"versalitas\">xviii<\/span>, concretamente en M\u00e9xico, lo que pone de manifiesto que la actividad minera es, y ha sido a lo largo del tiempo, un puente entre Espa\u00f1a y Am\u00e9rica y que sigue proporcionando valiosos materiales para el inacabable edificio del l\u00e9xico espa\u00f1ol.<\/p>\n\n\n\n<p>Miguel \u00c1ngel Puche Lorenzo<br>Universidad de Murcia (Espa\u00f1a)<\/p>\n","protected":false},"excerpt":{"rendered":"<p>El beneficio de los recursos que atesora la Tierra constituye una de las actividades m\u00e1s antiguas del ser humano. De hecho, el dominio sobre determinados minerales o metales fue utilizado para designar algunas etapas de la historia del ser humano (Edad de Piedra, Edad de Bronce o Edad de Hierro, por ejemplo). La evoluci\u00f3n de las t\u00e9cnicas de extracci\u00f3n y beneficio de estos elementos permiti\u00f3 ampliar la explotaci\u00f3n de aquellos recursos para conseguirlos no solo desde la superficie sino tambi\u00e9n desde el subsuelo. Este trabajo, as\u00ed como el conjunto de yacimientos y personas dedicadas a ella, recibi\u00f3 con posterioridad el nombre de <em>miner\u00eda<\/em>, como recoge <em>DLE<\/em><em>.<\/em>&nbsp;Sin embargo, desde tiempos recientes, la intenci\u00f3n de querer conseguir mayor rendimiento del subsuelo ha ocasionado el nacimiento de una nueva palabra, <em>megaminer\u00eda<\/em>, para un modelo de explotaci\u00f3n de minerales y metales que ha despertado una fuerte oposici\u00f3n social, de la que se han hecho eco tanto la prensa como otras publicaciones especializadas.<\/p>\n","protected":false},"author":1,"featured_media":10118,"comment_status":"open","ping_status":"open","sticky":false,"template":"","format":"standard","meta":{"_mi_skip_tracking":false,"_s2mail":""},"categories":[76,52],"tags":[],"yoast_head":"<!-- This site is optimized with the Yoast SEO plugin v20.6 - https:\/\/yoast.com\/wordpress\/plugins\/seo\/ -->\n<title>CVC. Megaminer\u00eda | Martes Neol\u00f3gico<\/title>\n<meta name=\"description\" content=\"Art\u00edculo sobre el neologismo \u00abmegaminer\u00eda\u00bb, dentro del blog Martes Neol\u00f3gico del Centro Virtual Cervantes.\" \/>\n<meta name=\"robots\" content=\"index, follow, max-snippet:-1, max-image-preview:large, max-video-preview:-1\" \/>\n<link rel=\"canonical\" href=\"https:\/\/blogscvc.cervantes.es\/martes-neologico\/megamineria\/\" \/>\n<meta property=\"og:locale\" content=\"es_ES\" \/>\n<meta property=\"og:type\" content=\"article\" \/>\n<meta property=\"og:title\" content=\"CVC. Megaminer\u00eda | Martes Neol\u00f3gico\" \/>\n<meta property=\"og:description\" content=\"Art\u00edculo sobre el neologismo \u00abmegaminer\u00eda\u00bb, dentro del blog Martes Neol\u00f3gico del Centro Virtual Cervantes.\" \/>\n<meta property=\"og:url\" content=\"https:\/\/blogscvc.cervantes.es\/martes-neologico\/megamineria\/\" \/>\n<meta property=\"og:site_name\" content=\"Martes Neol\u00f3gico\" \/>\n<meta property=\"article:published_time\" content=\"2022-07-19T04:00:00+00:00\" \/>\n<meta property=\"article:modified_time\" content=\"2025-07-31T10:37:19+00:00\" \/>\n<meta property=\"og:image\" content=\"http:\/\/blogscvc.cervantes.es\/martes-neologico\/wp-content\/uploads\/sites\/2\/2022\/07\/megamineria_350.jpg\" \/>\n\t<meta property=\"og:image:width\" content=\"750\" \/>\n\t<meta property=\"og:image:height\" content=\"350\" \/>\n\t<meta property=\"og:image:type\" content=\"image\/jpeg\" \/>\n<meta name=\"author\" content=\"admin\" \/>\n<meta name=\"twitter:card\" content=\"summary_large_image\" \/>\n<meta name=\"twitter:label1\" content=\"Escrito por\" \/>\n\t<meta name=\"twitter:data1\" content=\"admin\" \/>\n\t<meta name=\"twitter:label2\" content=\"Tiempo de lectura\" \/>\n\t<meta name=\"twitter:data2\" content=\"7 minutos\" \/>\n<script type=\"application\/ld+json\" class=\"yoast-schema-graph\">{\"@context\":\"https:\/\/schema.org\",\"@graph\":[{\"@type\":\"Article\",\"@id\":\"https:\/\/blogscvc.cervantes.es\/martes-neologico\/megamineria\/#article\",\"isPartOf\":{\"@id\":\"https:\/\/blogscvc.cervantes.es\/martes-neologico\/megamineria\/\"},\"author\":{\"name\":\"admin\",\"@id\":\"https:\/\/blogscvc.cervantes.es\/martes-neologico\/#\/schema\/person\/7e2fd26f886f53b1b2e81721d23acc47\"},\"headline\":\"megaminer\u00eda f.\",\"datePublished\":\"2022-07-19T04:00:00+00:00\",\"dateModified\":\"2025-07-31T10:37:19+00:00\",\"mainEntityOfPage\":{\"@id\":\"https:\/\/blogscvc.cervantes.es\/martes-neologico\/megamineria\/\"},\"wordCount\":500,\"commentCount\":0,\"publisher\":{\"@id\":\"https:\/\/blogscvc.cervantes.es\/martes-neologico\/#organization\"},\"articleSection\":[\"medio ambiente\",\"prefijaci\u00f3n\"],\"inLanguage\":\"es\",\"potentialAction\":[{\"@type\":\"CommentAction\",\"name\":\"Comment\",\"target\":[\"https:\/\/blogscvc.cervantes.es\/martes-neologico\/megamineria\/#respond\"]}]},{\"@type\":\"WebPage\",\"@id\":\"https:\/\/blogscvc.cervantes.es\/martes-neologico\/megamineria\/\",\"url\":\"https:\/\/blogscvc.cervantes.es\/martes-neologico\/megamineria\/\",\"name\":\"CVC. Megaminer\u00eda | Martes Neol\u00f3gico\",\"isPartOf\":{\"@id\":\"https:\/\/blogscvc.cervantes.es\/martes-neologico\/#website\"},\"datePublished\":\"2022-07-19T04:00:00+00:00\",\"dateModified\":\"2025-07-31T10:37:19+00:00\",\"description\":\"Art\u00edculo sobre el neologismo \u00abmegaminer\u00eda\u00bb, dentro del blog Martes Neol\u00f3gico del Centro Virtual Cervantes.\",\"breadcrumb\":{\"@id\":\"https:\/\/blogscvc.cervantes.es\/martes-neologico\/megamineria\/#breadcrumb\"},\"inLanguage\":\"es\",\"potentialAction\":[{\"@type\":\"ReadAction\",\"target\":[\"https:\/\/blogscvc.cervantes.es\/martes-neologico\/megamineria\/\"]}]},{\"@type\":\"BreadcrumbList\",\"@id\":\"https:\/\/blogscvc.cervantes.es\/martes-neologico\/megamineria\/#breadcrumb\",\"itemListElement\":[{\"@type\":\"ListItem\",\"position\":1,\"name\":\"Portada\",\"item\":\"https:\/\/blogscvc.cervantes.es\/martes-neologico\/\"},{\"@type\":\"ListItem\",\"position\":2,\"name\":\"megaminer\u00eda f.\"}]},{\"@type\":\"WebSite\",\"@id\":\"https:\/\/blogscvc.cervantes.es\/martes-neologico\/#website\",\"url\":\"https:\/\/blogscvc.cervantes.es\/martes-neologico\/\",\"name\":\"Martes Neol\u00f3gico\",\"description\":\"Cada martes, una palabra nueva que podr\u00eda estar en el diccionario\",\"publisher\":{\"@id\":\"https:\/\/blogscvc.cervantes.es\/martes-neologico\/#organization\"},\"potentialAction\":[{\"@type\":\"SearchAction\",\"target\":{\"@type\":\"EntryPoint\",\"urlTemplate\":\"https:\/\/blogscvc.cervantes.es\/martes-neologico\/?s={search_term_string}\"},\"query-input\":\"required name=search_term_string\"}],\"inLanguage\":\"es\"},{\"@type\":\"Organization\",\"@id\":\"https:\/\/blogscvc.cervantes.es\/martes-neologico\/#organization\",\"name\":\"Martes Neol\u00f3gico\",\"url\":\"https:\/\/blogscvc.cervantes.es\/martes-neologico\/\",\"logo\":{\"@type\":\"ImageObject\",\"inLanguage\":\"es\",\"@id\":\"https:\/\/blogscvc.cervantes.es\/martes-neologico\/#\/schema\/logo\/image\/\",\"url\":\"https:\/\/blogscvc.cervantes.es\/martes-neologico\/wp-content\/uploads\/sites\/2\/2025\/10\/logo-martes-neologico-10-anos.png\",\"contentUrl\":\"https:\/\/blogscvc.cervantes.es\/martes-neologico\/wp-content\/uploads\/sites\/2\/2025\/10\/logo-martes-neologico-10-anos.png\",\"width\":300,\"height\":100,\"caption\":\"Martes Neol\u00f3gico\"},\"image\":{\"@id\":\"https:\/\/blogscvc.cervantes.es\/martes-neologico\/#\/schema\/logo\/image\/\"}},{\"@type\":\"Person\",\"@id\":\"https:\/\/blogscvc.cervantes.es\/martes-neologico\/#\/schema\/person\/7e2fd26f886f53b1b2e81721d23acc47\",\"name\":\"admin\",\"image\":{\"@type\":\"ImageObject\",\"inLanguage\":\"es\",\"@id\":\"https:\/\/blogscvc.cervantes.es\/martes-neologico\/#\/schema\/person\/image\/\",\"url\":\"https:\/\/secure.gravatar.com\/avatar\/c4b6a365b64e607f3d2ecd9620a7675a?s=96&d=mm&r=g\",\"contentUrl\":\"https:\/\/secure.gravatar.com\/avatar\/c4b6a365b64e607f3d2ecd9620a7675a?s=96&d=mm&r=g\",\"caption\":\"admin\"},\"url\":\"https:\/\/blogscvc.cervantes.es\/martes-neologico\/author\/admin\/\"}]}<\/script>\n<!-- \/ Yoast SEO plugin. -->","yoast_head_json":{"title":"CVC. Megaminer\u00eda | Martes Neol\u00f3gico","description":"Art\u00edculo sobre el neologismo \u00abmegaminer\u00eda\u00bb, dentro del blog Martes Neol\u00f3gico del Centro Virtual Cervantes.","robots":{"index":"index","follow":"follow","max-snippet":"max-snippet:-1","max-image-preview":"max-image-preview:large","max-video-preview":"max-video-preview:-1"},"canonical":"https:\/\/blogscvc.cervantes.es\/martes-neologico\/megamineria\/","og_locale":"es_ES","og_type":"article","og_title":"CVC. Megaminer\u00eda | Martes Neol\u00f3gico","og_description":"Art\u00edculo sobre el neologismo \u00abmegaminer\u00eda\u00bb, dentro del blog Martes Neol\u00f3gico del Centro Virtual Cervantes.","og_url":"https:\/\/blogscvc.cervantes.es\/martes-neologico\/megamineria\/","og_site_name":"Martes Neol\u00f3gico","article_published_time":"2022-07-19T04:00:00+00:00","article_modified_time":"2025-07-31T10:37:19+00:00","og_image":[{"width":750,"height":350,"url":"http:\/\/blogscvc.cervantes.es\/martes-neologico\/wp-content\/uploads\/sites\/2\/2022\/07\/megamineria_350.jpg","type":"image\/jpeg"}],"author":"admin","twitter_card":"summary_large_image","twitter_misc":{"Escrito por":"admin","Tiempo de lectura":"7 minutos"},"schema":{"@context":"https:\/\/schema.org","@graph":[{"@type":"Article","@id":"https:\/\/blogscvc.cervantes.es\/martes-neologico\/megamineria\/#article","isPartOf":{"@id":"https:\/\/blogscvc.cervantes.es\/martes-neologico\/megamineria\/"},"author":{"name":"admin","@id":"https:\/\/blogscvc.cervantes.es\/martes-neologico\/#\/schema\/person\/7e2fd26f886f53b1b2e81721d23acc47"},"headline":"megaminer\u00eda f.","datePublished":"2022-07-19T04:00:00+00:00","dateModified":"2025-07-31T10:37:19+00:00","mainEntityOfPage":{"@id":"https:\/\/blogscvc.cervantes.es\/martes-neologico\/megamineria\/"},"wordCount":500,"commentCount":0,"publisher":{"@id":"https:\/\/blogscvc.cervantes.es\/martes-neologico\/#organization"},"articleSection":["medio ambiente","prefijaci\u00f3n"],"inLanguage":"es","potentialAction":[{"@type":"CommentAction","name":"Comment","target":["https:\/\/blogscvc.cervantes.es\/martes-neologico\/megamineria\/#respond"]}]},{"@type":"WebPage","@id":"https:\/\/blogscvc.cervantes.es\/martes-neologico\/megamineria\/","url":"https:\/\/blogscvc.cervantes.es\/martes-neologico\/megamineria\/","name":"CVC. Megaminer\u00eda | Martes Neol\u00f3gico","isPartOf":{"@id":"https:\/\/blogscvc.cervantes.es\/martes-neologico\/#website"},"datePublished":"2022-07-19T04:00:00+00:00","dateModified":"2025-07-31T10:37:19+00:00","description":"Art\u00edculo sobre el neologismo \u00abmegaminer\u00eda\u00bb, dentro del blog Martes Neol\u00f3gico del Centro Virtual Cervantes.","breadcrumb":{"@id":"https:\/\/blogscvc.cervantes.es\/martes-neologico\/megamineria\/#breadcrumb"},"inLanguage":"es","potentialAction":[{"@type":"ReadAction","target":["https:\/\/blogscvc.cervantes.es\/martes-neologico\/megamineria\/"]}]},{"@type":"BreadcrumbList","@id":"https:\/\/blogscvc.cervantes.es\/martes-neologico\/megamineria\/#breadcrumb","itemListElement":[{"@type":"ListItem","position":1,"name":"Portada","item":"https:\/\/blogscvc.cervantes.es\/martes-neologico\/"},{"@type":"ListItem","position":2,"name":"megaminer\u00eda f."}]},{"@type":"WebSite","@id":"https:\/\/blogscvc.cervantes.es\/martes-neologico\/#website","url":"https:\/\/blogscvc.cervantes.es\/martes-neologico\/","name":"Martes Neol\u00f3gico","description":"Cada martes, una palabra nueva que podr\u00eda estar en el diccionario","publisher":{"@id":"https:\/\/blogscvc.cervantes.es\/martes-neologico\/#organization"},"potentialAction":[{"@type":"SearchAction","target":{"@type":"EntryPoint","urlTemplate":"https:\/\/blogscvc.cervantes.es\/martes-neologico\/?s={search_term_string}"},"query-input":"required name=search_term_string"}],"inLanguage":"es"},{"@type":"Organization","@id":"https:\/\/blogscvc.cervantes.es\/martes-neologico\/#organization","name":"Martes Neol\u00f3gico","url":"https:\/\/blogscvc.cervantes.es\/martes-neologico\/","logo":{"@type":"ImageObject","inLanguage":"es","@id":"https:\/\/blogscvc.cervantes.es\/martes-neologico\/#\/schema\/logo\/image\/","url":"https:\/\/blogscvc.cervantes.es\/martes-neologico\/wp-content\/uploads\/sites\/2\/2025\/10\/logo-martes-neologico-10-anos.png","contentUrl":"https:\/\/blogscvc.cervantes.es\/martes-neologico\/wp-content\/uploads\/sites\/2\/2025\/10\/logo-martes-neologico-10-anos.png","width":300,"height":100,"caption":"Martes Neol\u00f3gico"},"image":{"@id":"https:\/\/blogscvc.cervantes.es\/martes-neologico\/#\/schema\/logo\/image\/"}},{"@type":"Person","@id":"https:\/\/blogscvc.cervantes.es\/martes-neologico\/#\/schema\/person\/7e2fd26f886f53b1b2e81721d23acc47","name":"admin","image":{"@type":"ImageObject","inLanguage":"es","@id":"https:\/\/blogscvc.cervantes.es\/martes-neologico\/#\/schema\/person\/image\/","url":"https:\/\/secure.gravatar.com\/avatar\/c4b6a365b64e607f3d2ecd9620a7675a?s=96&d=mm&r=g","contentUrl":"https:\/\/secure.gravatar.com\/avatar\/c4b6a365b64e607f3d2ecd9620a7675a?s=96&d=mm&r=g","caption":"admin"},"url":"https:\/\/blogscvc.cervantes.es\/martes-neologico\/author\/admin\/"}]}},"_links":{"self":[{"href":"https:\/\/blogscvc.cervantes.es\/martes-neologico\/wp-json\/wp\/v2\/posts\/10115"}],"collection":[{"href":"https:\/\/blogscvc.cervantes.es\/martes-neologico\/wp-json\/wp\/v2\/posts"}],"about":[{"href":"https:\/\/blogscvc.cervantes.es\/martes-neologico\/wp-json\/wp\/v2\/types\/post"}],"author":[{"embeddable":true,"href":"https:\/\/blogscvc.cervantes.es\/martes-neologico\/wp-json\/wp\/v2\/users\/1"}],"replies":[{"embeddable":true,"href":"https:\/\/blogscvc.cervantes.es\/martes-neologico\/wp-json\/wp\/v2\/comments?post=10115"}],"version-history":[{"count":2,"href":"https:\/\/blogscvc.cervantes.es\/martes-neologico\/wp-json\/wp\/v2\/posts\/10115\/revisions"}],"predecessor-version":[{"id":13630,"href":"https:\/\/blogscvc.cervantes.es\/martes-neologico\/wp-json\/wp\/v2\/posts\/10115\/revisions\/13630"}],"wp:featuredmedia":[{"embeddable":true,"href":"https:\/\/blogscvc.cervantes.es\/martes-neologico\/wp-json\/wp\/v2\/media\/10118"}],"wp:attachment":[{"href":"https:\/\/blogscvc.cervantes.es\/martes-neologico\/wp-json\/wp\/v2\/media?parent=10115"}],"wp:term":[{"taxonomy":"category","embeddable":true,"href":"https:\/\/blogscvc.cervantes.es\/martes-neologico\/wp-json\/wp\/v2\/categories?post=10115"},{"taxonomy":"post_tag","embeddable":true,"href":"https:\/\/blogscvc.cervantes.es\/martes-neologico\/wp-json\/wp\/v2\/tags?post=10115"}],"curies":[{"name":"wp","href":"https:\/\/api.w.org\/{rel}","templated":true}]}}