{"id":10178,"date":"2022-08-02T07:00:00","date_gmt":"2022-08-02T05:00:00","guid":{"rendered":"https:\/\/blogscvc.cervantes.es\/martes-neologico\/?p=10178"},"modified":"2025-08-01T09:02:42","modified_gmt":"2025-08-01T07:02:42","slug":"revictimizacion","status":"publish","type":"post","link":"https:\/\/blogscvc.cervantes.es\/martes-neologico\/revictimizacion\/","title":{"rendered":"revictimizaci\u00f3n <em>f.<\/em>"},"content":{"rendered":"\n<p>La voz <em>revictimizaci\u00f3n<\/em> se forma a\u00f1adiendo a un sustantivo preexistente, <em>victimizaci\u00f3n<\/em>, el prefijo <em>re-<\/em> en el sentido de repetici\u00f3n. Este prefijo se halla en muchas otras palabras (<em>revivir<\/em>, <em>recoser<\/em>).<\/p>\n\n\n<figure class=\"wp-block-image size-large is-style-default\"><a href=\"http:\/\/blogscvc.cervantes.es\/martes-neologico\/wp-content\/uploads\/sites\/2\/2022\/07\/revictimizacion_500.jpg\"><img decoding=\"async\" class=\"wp-image-7916\" src=\"http:\/\/blogscvc.cervantes.es\/martes-neologico\/wp-content\/uploads\/sites\/2\/2022\/07\/revictimizacion_500.jpg\" alt=\"[dibujo digital] maniqu\u00ed desintegr\u00e1ndose\"><\/a><figcaption>vjgalaxy (Pixabay)<\/figcaption><\/figure>\n\n\n<p>El <em>DLE<\/em> remite <em>victimizaci\u00f3n<\/em> a <em>victimizar<\/em> y define as\u00ed ese verbo: \u00abconvertir en v\u00edctimas a personas o animales\u00bb. Al a\u00f1adirle el prefijo <em>re-<\/em>, toma un nuevo sentido, el de volver a convertir en v\u00edctima. Este neologismo panhisp\u00e1nico (como se ver\u00e1 en los ejemplos) no consta en ninguno de los diccionarios generales o de neologismos consultados para el castellano y tampoco en los diccionarios generales de otras lenguas rom\u00e1nicas como el catal\u00e1n, el franc\u00e9s o el italiano. <em>R<\/em><em>evictimizaci\u00f3n<\/em> puede tener dos significados distintos si bien en alg\u00fan punto relacionados.<\/p>\n\n\n\n<p>En primer lugar, puede referirse al tratamiento que da el entorno o las instituciones a una v\u00edctima en general. Es decir, a las actuaciones posteriores que sufre dicha v\u00edctima:<\/p>\n\n\n\n<ul>\n<li>Dejar a cargo a las Fuerzas de Seguridad la intervenci\u00f3n que implicaba el contacto con las v\u00edctimas arriesgaba su <strong>revictimizaci\u00f3n<\/strong>. [<em>P\u00e1gina\/12<\/em> (Argentina), 4\/3\/2016]<\/li>\n<\/ul>\n\n\n\n<p>De todos modos, la <em>revictimizaci\u00f3n<\/em> se da en mayor medida en todas aquellas agresiones, maltratos, abusos, etc., habitualmente de \u00edndole sexual, que tienen como objeto el cuerpo de una persona, principalmente, ni\u00f1as, ni\u00f1os y mujeres, con el resultado de que la v\u00edctima lo vive con verg\u00fcenza y\/o culpabilidad y adem\u00e1s anula cualquier otro aspecto de su personalidad. Raramente alguien a quien den un pu\u00f1etazo en una pelea, derriben a consecuencia de un tir\u00f3n, o atraquen, por muy v\u00edctima que tambi\u00e9n sea, sentir\u00e1 verg\u00fcenza de su cuerpo o pensar\u00e1 que es culpable de lo que le ha sucedido puesto que se trata de agresiones que no afectan a su intimidad, no ponen en juego su cuerpo y no reducen a quien lo sufre a ser solo una v\u00edctima:<\/p>\n\n\n\n<ul>\n<li>La ONU alerta sobre la <strong>revictimizaci\u00f3n<\/strong> que pueden sufrir las mujeres en estos casos, mediante \u00abla exposici\u00f3n social de la v\u00edctima y de los delitos, incluyendo im\u00e1genes y videos en redes sociales [&#8230;], en acciones que violan el respeto y la dignidad de las v\u00edctimas, como la falta de privacidad, la culpabilizaci\u00f3n y los juicios morales basados en prejuicios y discriminaciones sexistas\u00bb. [<em>El Espectador<\/em>&nbsp;(Colombia), 14\/12\/2016]<\/li>\n<\/ul>\n\n\n\n<p>La <em>revictimizaci\u00f3n<\/em> es una situaci\u00f3n que agrava la agresi\u00f3n previa porque 1) o bien da\u00f1a a la v\u00edctima porque le hace revivir la agresi\u00f3n que recibi\u00f3 y la remite a una situaci\u00f3n dolorosa; 2) o bien la responsabiliza de la agresi\u00f3n; 3) o bien la sit\u00faa en el \u00fanico papel de v\u00edctima. Tambi\u00e9n puede ser una combinaci\u00f3n de algunos o todos esos elementos:<\/p>\n\n\n\n<ul>\n<li>Preguntas como \u00ab\u00bfpor qu\u00e9 ibas sola?, \u00bfde qu\u00e9 manera ibas vestida?, \u00bfpor qu\u00e9 no te acompa\u00f1aba nadie?\u00bb, con un sesgo machista cruel e insensible, son usuales cuando las mujeres denuncian alguna agresi\u00f3n, y evidentemente constituyen una <strong>revictimizaci\u00f3n<\/strong> inaceptable por parte de la autoridad. [<em>El Universal<\/em> (M\u00e9xico), 25\/4\/2018]<\/li>\n<\/ul>\n\n\n\n<p>La existencia de la <em>revictimizaci\u00f3n<\/em> ocasiona que actualmente empiece a ser tenida en cuenta en procedimientos y recursos de atenci\u00f3n a las v\u00edctimas:<\/p>\n\n\n\n<ul>\n<li>El Sistema d\u2019Emerg\u00e8ncies M\u00e8diques de Catalunya (SEM) ha puesto en marcha un nuevo procedimiento de atenci\u00f3n la v\u00edctima de violencia sexual. [&#8230;] Este procedimiento, activo desde el 15 de septiembre, tiene el objetivo de ofrecer un \u00abacompa\u00f1amiento integral\u00bb a la persona durante todo el proceso de asistencia posterior a la agresi\u00f3n procurando que tenga un \u00fanico interlocutor para evitar que se produzca la <strong>revictimizaci\u00f3n<\/strong>, es decir, que la v\u00edctima tenga que relatar los hechos varias veces. [&#8230;] Cuando es preciso atender de forma presencial, se prioriza que la asistencia la lleve a cabo un profesional del mismo g\u00e9nero que la persona afectada. [<em>20Minutos<\/em> (Espa\u00f1a), 15\/11\/2021]<\/li>\n<\/ul>\n\n\n\n<p>La <em>revictimizaci\u00f3n<\/em> se define en ocasiones como una <strong>victimizaci\u00f3n secundaria<\/strong>. Ve\u00e1moslo aplicado a la infancia, aunque ya se ha visto que tambi\u00e9n las personas adultas, especialmente las mujeres, pueden sufrir agresiones que las revictimizan:<\/p>\n\n\n\n<ul>\n<li>Sufrir abuso sexual en la infancia constituye, en muchas ocasiones, una experiencia que marca el desarrollo psicol\u00f3gico de ni\u00f1os y ni\u00f1as. Las debilidades y fallos del sistema jur\u00eddico repercuten en una <strong>revictimizaci\u00f3n<\/strong> del menor que ha sufrido abusos sexuales. La <strong>victimizaci\u00f3n primaria<\/strong> es una consecuencia derivada de un delito. La persona siente que son vulnerados sus derechos como persona y por ello asume el rol de v\u00edctima. La <strong>victimizaci\u00f3n secundaria<\/strong> (o <strong>revictimizaci\u00f3n<\/strong>) es la respuesta que da el sistema a una v\u00edctima. Esta respuesta hace que la persona reviva la situaci\u00f3n traum\u00e1tica y vuelva a asumir su papel de v\u00edctima. Esta vez no es solo v\u00edctima de un delito, sino de la incomprensi\u00f3n del sistema. [Save the Children (Espa\u00f1a), 25\/11\/2020]<\/li>\n<\/ul>\n\n\n\n<p>En segundo y \u00faltimo lugar, el neologismo <em>revictimizaci\u00f3n<\/em> tambi\u00e9n se usa, sobre todo en el \u00e1mbito de la psicolog\u00eda, con el significado de transformar de nuevo en v\u00edctima.<\/p>\n\n\n\n<p>Este sentido de <em>revictimizaci\u00f3n<\/em> incide en la mayor probabilidad de ser v\u00edctimas en la edad adulta (es decir, de volver a serlo) de las ni\u00f1as y ni\u00f1os que han sufrido agresiones, maltratos, abusos, etc., durante la infancia. Esta <em>revictimizaci\u00f3n<\/em> no se refiere, pues, a las consiguientes malas pr\u00e1cticas en el tratamiento de una agresi\u00f3n y a sus secuelas, sino de c\u00f3mo un abuso inicial durante la infancia hace m\u00e1s proclives a las v\u00edctimas a posteriores agresiones. En otras palabras: las personas que alguna vez fueron v\u00edctimas tienden a volver a serlo, tienden a ponerse en este mismo lugar.<\/p>\n\n\n\n<p>Hay puntos en com\u00fan en las dos definiciones de <em>revictimizaci\u00f3n<\/em>. Por un lado, el que una persona sea solo considerada una v\u00edctima, lo que aumenta su dolor emocional, refuerza su malestar psicol\u00f3gico y la fragiliza. Por otro, las une el hilo de los tipos de agresi\u00f3n sufridos, agresiones que, al darse en el escenario del cuerpo, ponen en jaque el mismo ser y sentir de las v\u00edctimas y obvian cualquier otra caracter\u00edstica de su personalidad.<\/p>\n\n\n\n<p>Eul\u00e0lia Lled\u00f3 Cunill<br>Escritora (Espa\u00f1a)<\/p>\n","protected":false},"excerpt":{"rendered":"<p>La voz <em>revictimizaci\u00f3n<\/em> se forma a\u00f1adiendo a un sustantivo preexistente, <em>victimizaci\u00f3n<\/em>, el prefijo <em>re-<\/em> en el sentido de repetici\u00f3n. Este prefijo se halla en muchas otras palabras (<em>revivir<\/em>, <em>recoser<\/em>).<\/p>\n","protected":false},"author":1,"featured_media":10184,"comment_status":"open","ping_status":"open","sticky":false,"template":"","format":"standard","meta":{"_mi_skip_tracking":false,"_s2mail":""},"categories":[250,37],"tags":[],"yoast_head":"<!-- This site is optimized with the Yoast SEO plugin v20.6 - https:\/\/yoast.com\/wordpress\/plugins\/seo\/ -->\n<title>CVC. Revictimizaci\u00f3n | Martes Neol\u00f3gico<\/title>\n<meta name=\"description\" content=\"Art\u00edculo sobre el neologismo \u00abrevictimizaci\u00f3n\u00bb, dentro del blog Martes Neol\u00f3gico del Centro Virtual Cervantes.\" \/>\n<meta name=\"robots\" content=\"index, follow, max-snippet:-1, max-image-preview:large, max-video-preview:-1\" \/>\n<link rel=\"canonical\" href=\"https:\/\/blogscvc.cervantes.es\/martes-neologico\/revictimizacion\/\" \/>\n<meta property=\"og:locale\" content=\"es_ES\" \/>\n<meta property=\"og:type\" content=\"article\" \/>\n<meta property=\"og:title\" content=\"CVC. Revictimizaci\u00f3n | Martes Neol\u00f3gico\" \/>\n<meta property=\"og:description\" content=\"Art\u00edculo sobre el neologismo \u00abrevictimizaci\u00f3n\u00bb, dentro del blog Martes Neol\u00f3gico del Centro Virtual Cervantes.\" \/>\n<meta property=\"og:url\" content=\"https:\/\/blogscvc.cervantes.es\/martes-neologico\/revictimizacion\/\" \/>\n<meta property=\"og:site_name\" content=\"Martes Neol\u00f3gico\" \/>\n<meta property=\"article:published_time\" content=\"2022-08-02T05:00:00+00:00\" \/>\n<meta property=\"article:modified_time\" content=\"2025-08-01T07:02:42+00:00\" \/>\n<meta property=\"og:image\" content=\"http:\/\/blogscvc.cervantes.es\/martes-neologico\/wp-content\/uploads\/sites\/2\/2022\/07\/revictimizacion_350.jpg\" \/>\n\t<meta property=\"og:image:width\" content=\"750\" \/>\n\t<meta property=\"og:image:height\" content=\"350\" \/>\n\t<meta property=\"og:image:type\" content=\"image\/jpeg\" \/>\n<meta name=\"author\" content=\"admin\" \/>\n<meta name=\"twitter:card\" content=\"summary_large_image\" \/>\n<meta name=\"twitter:label1\" content=\"Escrito por\" \/>\n\t<meta name=\"twitter:data1\" content=\"admin\" \/>\n\t<meta name=\"twitter:label2\" content=\"Tiempo de lectura\" \/>\n\t<meta name=\"twitter:data2\" content=\"5 minutos\" \/>\n<script type=\"application\/ld+json\" class=\"yoast-schema-graph\">{\"@context\":\"https:\/\/schema.org\",\"@graph\":[{\"@type\":\"Article\",\"@id\":\"https:\/\/blogscvc.cervantes.es\/martes-neologico\/revictimizacion\/#article\",\"isPartOf\":{\"@id\":\"https:\/\/blogscvc.cervantes.es\/martes-neologico\/revictimizacion\/\"},\"author\":{\"name\":\"admin\",\"@id\":\"https:\/\/blogscvc.cervantes.es\/martes-neologico\/#\/schema\/person\/7e2fd26f886f53b1b2e81721d23acc47\"},\"headline\":\"revictimizaci\u00f3n f.\",\"datePublished\":\"2022-08-02T05:00:00+00:00\",\"dateModified\":\"2025-08-01T07:02:42+00:00\",\"mainEntityOfPage\":{\"@id\":\"https:\/\/blogscvc.cervantes.es\/martes-neologico\/revictimizacion\/\"},\"wordCount\":1067,\"commentCount\":0,\"publisher\":{\"@id\":\"https:\/\/blogscvc.cervantes.es\/martes-neologico\/#organization\"},\"articleSection\":[\"g\u00e9nero\",\"sufijaci\u00f3n\"],\"inLanguage\":\"es\",\"potentialAction\":[{\"@type\":\"CommentAction\",\"name\":\"Comment\",\"target\":[\"https:\/\/blogscvc.cervantes.es\/martes-neologico\/revictimizacion\/#respond\"]}]},{\"@type\":\"WebPage\",\"@id\":\"https:\/\/blogscvc.cervantes.es\/martes-neologico\/revictimizacion\/\",\"url\":\"https:\/\/blogscvc.cervantes.es\/martes-neologico\/revictimizacion\/\",\"name\":\"CVC. Revictimizaci\u00f3n | Martes Neol\u00f3gico\",\"isPartOf\":{\"@id\":\"https:\/\/blogscvc.cervantes.es\/martes-neologico\/#website\"},\"datePublished\":\"2022-08-02T05:00:00+00:00\",\"dateModified\":\"2025-08-01T07:02:42+00:00\",\"description\":\"Art\u00edculo sobre el neologismo \u00abrevictimizaci\u00f3n\u00bb, dentro del blog Martes Neol\u00f3gico del Centro Virtual Cervantes.\",\"breadcrumb\":{\"@id\":\"https:\/\/blogscvc.cervantes.es\/martes-neologico\/revictimizacion\/#breadcrumb\"},\"inLanguage\":\"es\",\"potentialAction\":[{\"@type\":\"ReadAction\",\"target\":[\"https:\/\/blogscvc.cervantes.es\/martes-neologico\/revictimizacion\/\"]}]},{\"@type\":\"BreadcrumbList\",\"@id\":\"https:\/\/blogscvc.cervantes.es\/martes-neologico\/revictimizacion\/#breadcrumb\",\"itemListElement\":[{\"@type\":\"ListItem\",\"position\":1,\"name\":\"Portada\",\"item\":\"https:\/\/blogscvc.cervantes.es\/martes-neologico\/\"},{\"@type\":\"ListItem\",\"position\":2,\"name\":\"revictimizaci\u00f3n f.\"}]},{\"@type\":\"WebSite\",\"@id\":\"https:\/\/blogscvc.cervantes.es\/martes-neologico\/#website\",\"url\":\"https:\/\/blogscvc.cervantes.es\/martes-neologico\/\",\"name\":\"Martes Neol\u00f3gico\",\"description\":\"Cada martes, una palabra nueva que podr\u00eda estar en el diccionario\",\"publisher\":{\"@id\":\"https:\/\/blogscvc.cervantes.es\/martes-neologico\/#organization\"},\"potentialAction\":[{\"@type\":\"SearchAction\",\"target\":{\"@type\":\"EntryPoint\",\"urlTemplate\":\"https:\/\/blogscvc.cervantes.es\/martes-neologico\/?s={search_term_string}\"},\"query-input\":\"required name=search_term_string\"}],\"inLanguage\":\"es\"},{\"@type\":\"Organization\",\"@id\":\"https:\/\/blogscvc.cervantes.es\/martes-neologico\/#organization\",\"name\":\"Martes Neol\u00f3gico\",\"url\":\"https:\/\/blogscvc.cervantes.es\/martes-neologico\/\",\"logo\":{\"@type\":\"ImageObject\",\"inLanguage\":\"es\",\"@id\":\"https:\/\/blogscvc.cervantes.es\/martes-neologico\/#\/schema\/logo\/image\/\",\"url\":\"https:\/\/blogscvc.cervantes.es\/martes-neologico\/wp-content\/uploads\/sites\/2\/2025\/10\/logo-martes-neologico-10-anos.png\",\"contentUrl\":\"https:\/\/blogscvc.cervantes.es\/martes-neologico\/wp-content\/uploads\/sites\/2\/2025\/10\/logo-martes-neologico-10-anos.png\",\"width\":300,\"height\":100,\"caption\":\"Martes Neol\u00f3gico\"},\"image\":{\"@id\":\"https:\/\/blogscvc.cervantes.es\/martes-neologico\/#\/schema\/logo\/image\/\"}},{\"@type\":\"Person\",\"@id\":\"https:\/\/blogscvc.cervantes.es\/martes-neologico\/#\/schema\/person\/7e2fd26f886f53b1b2e81721d23acc47\",\"name\":\"admin\",\"image\":{\"@type\":\"ImageObject\",\"inLanguage\":\"es\",\"@id\":\"https:\/\/blogscvc.cervantes.es\/martes-neologico\/#\/schema\/person\/image\/\",\"url\":\"https:\/\/secure.gravatar.com\/avatar\/c4b6a365b64e607f3d2ecd9620a7675a?s=96&d=mm&r=g\",\"contentUrl\":\"https:\/\/secure.gravatar.com\/avatar\/c4b6a365b64e607f3d2ecd9620a7675a?s=96&d=mm&r=g\",\"caption\":\"admin\"},\"url\":\"https:\/\/blogscvc.cervantes.es\/martes-neologico\/author\/admin\/\"}]}<\/script>\n<!-- \/ Yoast SEO plugin. -->","yoast_head_json":{"title":"CVC. Revictimizaci\u00f3n | Martes Neol\u00f3gico","description":"Art\u00edculo sobre el neologismo \u00abrevictimizaci\u00f3n\u00bb, dentro del blog Martes Neol\u00f3gico del Centro Virtual Cervantes.","robots":{"index":"index","follow":"follow","max-snippet":"max-snippet:-1","max-image-preview":"max-image-preview:large","max-video-preview":"max-video-preview:-1"},"canonical":"https:\/\/blogscvc.cervantes.es\/martes-neologico\/revictimizacion\/","og_locale":"es_ES","og_type":"article","og_title":"CVC. Revictimizaci\u00f3n | Martes Neol\u00f3gico","og_description":"Art\u00edculo sobre el neologismo \u00abrevictimizaci\u00f3n\u00bb, dentro del blog Martes Neol\u00f3gico del Centro Virtual Cervantes.","og_url":"https:\/\/blogscvc.cervantes.es\/martes-neologico\/revictimizacion\/","og_site_name":"Martes Neol\u00f3gico","article_published_time":"2022-08-02T05:00:00+00:00","article_modified_time":"2025-08-01T07:02:42+00:00","og_image":[{"width":750,"height":350,"url":"http:\/\/blogscvc.cervantes.es\/martes-neologico\/wp-content\/uploads\/sites\/2\/2022\/07\/revictimizacion_350.jpg","type":"image\/jpeg"}],"author":"admin","twitter_card":"summary_large_image","twitter_misc":{"Escrito por":"admin","Tiempo de lectura":"5 minutos"},"schema":{"@context":"https:\/\/schema.org","@graph":[{"@type":"Article","@id":"https:\/\/blogscvc.cervantes.es\/martes-neologico\/revictimizacion\/#article","isPartOf":{"@id":"https:\/\/blogscvc.cervantes.es\/martes-neologico\/revictimizacion\/"},"author":{"name":"admin","@id":"https:\/\/blogscvc.cervantes.es\/martes-neologico\/#\/schema\/person\/7e2fd26f886f53b1b2e81721d23acc47"},"headline":"revictimizaci\u00f3n f.","datePublished":"2022-08-02T05:00:00+00:00","dateModified":"2025-08-01T07:02:42+00:00","mainEntityOfPage":{"@id":"https:\/\/blogscvc.cervantes.es\/martes-neologico\/revictimizacion\/"},"wordCount":1067,"commentCount":0,"publisher":{"@id":"https:\/\/blogscvc.cervantes.es\/martes-neologico\/#organization"},"articleSection":["g\u00e9nero","sufijaci\u00f3n"],"inLanguage":"es","potentialAction":[{"@type":"CommentAction","name":"Comment","target":["https:\/\/blogscvc.cervantes.es\/martes-neologico\/revictimizacion\/#respond"]}]},{"@type":"WebPage","@id":"https:\/\/blogscvc.cervantes.es\/martes-neologico\/revictimizacion\/","url":"https:\/\/blogscvc.cervantes.es\/martes-neologico\/revictimizacion\/","name":"CVC. Revictimizaci\u00f3n | Martes Neol\u00f3gico","isPartOf":{"@id":"https:\/\/blogscvc.cervantes.es\/martes-neologico\/#website"},"datePublished":"2022-08-02T05:00:00+00:00","dateModified":"2025-08-01T07:02:42+00:00","description":"Art\u00edculo sobre el neologismo \u00abrevictimizaci\u00f3n\u00bb, dentro del blog Martes Neol\u00f3gico del Centro Virtual Cervantes.","breadcrumb":{"@id":"https:\/\/blogscvc.cervantes.es\/martes-neologico\/revictimizacion\/#breadcrumb"},"inLanguage":"es","potentialAction":[{"@type":"ReadAction","target":["https:\/\/blogscvc.cervantes.es\/martes-neologico\/revictimizacion\/"]}]},{"@type":"BreadcrumbList","@id":"https:\/\/blogscvc.cervantes.es\/martes-neologico\/revictimizacion\/#breadcrumb","itemListElement":[{"@type":"ListItem","position":1,"name":"Portada","item":"https:\/\/blogscvc.cervantes.es\/martes-neologico\/"},{"@type":"ListItem","position":2,"name":"revictimizaci\u00f3n f."}]},{"@type":"WebSite","@id":"https:\/\/blogscvc.cervantes.es\/martes-neologico\/#website","url":"https:\/\/blogscvc.cervantes.es\/martes-neologico\/","name":"Martes Neol\u00f3gico","description":"Cada martes, una palabra nueva que podr\u00eda estar en el diccionario","publisher":{"@id":"https:\/\/blogscvc.cervantes.es\/martes-neologico\/#organization"},"potentialAction":[{"@type":"SearchAction","target":{"@type":"EntryPoint","urlTemplate":"https:\/\/blogscvc.cervantes.es\/martes-neologico\/?s={search_term_string}"},"query-input":"required name=search_term_string"}],"inLanguage":"es"},{"@type":"Organization","@id":"https:\/\/blogscvc.cervantes.es\/martes-neologico\/#organization","name":"Martes Neol\u00f3gico","url":"https:\/\/blogscvc.cervantes.es\/martes-neologico\/","logo":{"@type":"ImageObject","inLanguage":"es","@id":"https:\/\/blogscvc.cervantes.es\/martes-neologico\/#\/schema\/logo\/image\/","url":"https:\/\/blogscvc.cervantes.es\/martes-neologico\/wp-content\/uploads\/sites\/2\/2025\/10\/logo-martes-neologico-10-anos.png","contentUrl":"https:\/\/blogscvc.cervantes.es\/martes-neologico\/wp-content\/uploads\/sites\/2\/2025\/10\/logo-martes-neologico-10-anos.png","width":300,"height":100,"caption":"Martes Neol\u00f3gico"},"image":{"@id":"https:\/\/blogscvc.cervantes.es\/martes-neologico\/#\/schema\/logo\/image\/"}},{"@type":"Person","@id":"https:\/\/blogscvc.cervantes.es\/martes-neologico\/#\/schema\/person\/7e2fd26f886f53b1b2e81721d23acc47","name":"admin","image":{"@type":"ImageObject","inLanguage":"es","@id":"https:\/\/blogscvc.cervantes.es\/martes-neologico\/#\/schema\/person\/image\/","url":"https:\/\/secure.gravatar.com\/avatar\/c4b6a365b64e607f3d2ecd9620a7675a?s=96&d=mm&r=g","contentUrl":"https:\/\/secure.gravatar.com\/avatar\/c4b6a365b64e607f3d2ecd9620a7675a?s=96&d=mm&r=g","caption":"admin"},"url":"https:\/\/blogscvc.cervantes.es\/martes-neologico\/author\/admin\/"}]}},"_links":{"self":[{"href":"https:\/\/blogscvc.cervantes.es\/martes-neologico\/wp-json\/wp\/v2\/posts\/10178"}],"collection":[{"href":"https:\/\/blogscvc.cervantes.es\/martes-neologico\/wp-json\/wp\/v2\/posts"}],"about":[{"href":"https:\/\/blogscvc.cervantes.es\/martes-neologico\/wp-json\/wp\/v2\/types\/post"}],"author":[{"embeddable":true,"href":"https:\/\/blogscvc.cervantes.es\/martes-neologico\/wp-json\/wp\/v2\/users\/1"}],"replies":[{"embeddable":true,"href":"https:\/\/blogscvc.cervantes.es\/martes-neologico\/wp-json\/wp\/v2\/comments?post=10178"}],"version-history":[{"count":5,"href":"https:\/\/blogscvc.cervantes.es\/martes-neologico\/wp-json\/wp\/v2\/posts\/10178\/revisions"}],"predecessor-version":[{"id":13837,"href":"https:\/\/blogscvc.cervantes.es\/martes-neologico\/wp-json\/wp\/v2\/posts\/10178\/revisions\/13837"}],"wp:featuredmedia":[{"embeddable":true,"href":"https:\/\/blogscvc.cervantes.es\/martes-neologico\/wp-json\/wp\/v2\/media\/10184"}],"wp:attachment":[{"href":"https:\/\/blogscvc.cervantes.es\/martes-neologico\/wp-json\/wp\/v2\/media?parent=10178"}],"wp:term":[{"taxonomy":"category","embeddable":true,"href":"https:\/\/blogscvc.cervantes.es\/martes-neologico\/wp-json\/wp\/v2\/categories?post=10178"},{"taxonomy":"post_tag","embeddable":true,"href":"https:\/\/blogscvc.cervantes.es\/martes-neologico\/wp-json\/wp\/v2\/tags?post=10178"}],"curies":[{"name":"wp","href":"https:\/\/api.w.org\/{rel}","templated":true}]}}