{"id":10409,"date":"2022-09-13T07:38:59","date_gmt":"2022-09-13T05:38:59","guid":{"rendered":"https:\/\/blogscvc.cervantes.es\/martes-neologico\/?p=10409"},"modified":"2025-08-01T10:14:06","modified_gmt":"2025-08-01T08:14:06","slug":"vermuteria","status":"publish","type":"post","link":"https:\/\/blogscvc.cervantes.es\/martes-neologico\/vermuteria\/","title":{"rendered":"vermuter\u00eda <em>f.<\/em>"},"content":{"rendered":"\n<p>El neologismo <em>vermuter\u00eda<\/em> est\u00e1 formado a partir de la palabra <em>vermut <\/em>y el sufijo &#8211;<em>er\u00eda<\/em>, con el sentido de \u2018establecimiento especializado\u2019. As\u00ed, pues, una vermuter\u00eda es el local donde se elaboran o se sirven vermuts. De acuerdo con el <em>DLE<\/em>, <em>vermut<\/em> o <em>verm\u00fa<\/em> es un pr\u00e9stamo del alem\u00e1n <em>Wermut<\/em> (en castellano, <em>ajenjo<\/em>), de ah\u00ed su variaci\u00f3n ortogr\u00e1fica, que toma el nombre de la hierba principal que se usa para elaborar este licor que se bebe como aperitivo: el ajenjo, que se mezcla con vino y otras sustancias amargas y t\u00f3nicas.<\/p>\n\n\n<figure class=\"wp-block-image size-large is-style-default\"><a href=\"http:\/\/blogscvc.cervantes.es\/martes-neologico\/wp-content\/uploads\/sites\/2\/2022\/09\/vermuteria_500.jpg\"><img decoding=\"async\" class=\"wp-image-7916\" src=\"http:\/\/blogscvc.cervantes.es\/martes-neologico\/wp-content\/uploads\/sites\/2\/2022\/09\/vermuteria_500.jpg\" alt=\"[fotograf\u00eda] copa de vermut\"><\/a><figcaption>Steve Buissine (Pixabay)<\/figcaption><\/figure>\n\n\n<p>Tomar el vermut, sobre todo como aperitivo antes de la comida de mediod\u00eda y especialmente en d\u00edas festivos, es una tradici\u00f3n espa\u00f1ola y argentina arraigada que se remonta a los a\u00f1os cincuenta y sesenta del siglo <span class=\"versalitas\">xx<\/span>. Si bien es cierto que la tradici\u00f3n nunca se ha perdido, durante la \u00faltima d\u00e9cada est\u00e1 experimentando un nuevo auge: tomar el vermut se ha puesto de moda gracias a la intervenci\u00f3n de grandes chefs, que lo han incorporado en la alta cocina. As\u00ed han vuelto las vermuter\u00edas para convertirse en espacios gastron\u00f3micos sofisticados, aunque, poco a poco, a medida que pasan los a\u00f1os y la novedad se vuelve costumbre, est\u00e1n volviendo a su antigua concepci\u00f3n de local de charla y punto de encuentro, donde pasar un buen rato en buena compa\u00f1\u00eda.<\/p>\n\n\n\n<p>En este contexto, a partir de la segunda d\u00e9cada del siglo <span class=\"versalitas\">xxi<\/span>, fueron apareciendo nuevas vermuter\u00edas y se potenciaron las antiguas, las que nunca abandonaron la tradici\u00f3n de elaborar su propio vermut y servirlo a sus clientes habituales. En los contextos siguientes se puede observar tanto el nuevo auge que han tomado las vermuter\u00edas en los \u00faltimos tiempos como la vieja costumbre de que cada vermuter\u00eda sirva su vermut casero:<\/p>\n\n\n\n<ul>\n<li>En la calle del Consell de Cent, 157, se encuentra una <strong>vermuter\u00eda <\/strong>de tres amigos, punto de reuni\u00f3n de los nuevos dise\u00f1adores en Barcelona. [<em>El Peri\u00f3dico <\/em>(Espa\u00f1a), 3\/11\/2012]<\/li>\n<\/ul>\n\n\n\n<ul>\n<li>Se acaba el verano, pero no la costumbre de buscar los mejores bares y <strong>vermuter\u00edas<\/strong>&nbsp;que sirvan vermut casero. [<em>El Mensual de 20 Minutos<\/em>, 1\/10\/2015]<\/li>\n<\/ul>\n\n\n\n<ul>\n<li>Lo m\u00e1s chic es ir de <strong>vermuter\u00edas<\/strong>. [<em>Diario de Le\u00f3n <\/em>(Espa\u00f1a), 23\/4\/2019]<\/li>\n<\/ul>\n\n\n\n<ul>\n<li>Un spa para recuperarse de las largas noches de la isla con tratamientos inspirados en plantas arom\u00e1ticas aut\u00f3ctonas es una de las bazas del nuevo hotel Bless, igual que su <strong>vermuter\u00eda<\/strong>, el restaurante Etxeco de Mart\u00edn Berasategui, los mordiscos del infinity lounge y la peluquer\u00eda de Rossano Ferretti. [<em>MG Magazine<\/em> (Espa\u00f1a), 18\/8\/2019]<\/li>\n<\/ul>\n\n\n\n<ul>\n<li>Con Eduardo Demaestri y Guillermo Sznajder como las personas detr\u00e1s de esta <strong>vermuter\u00eda<\/strong>, Malasangre es un proyecto que naci\u00f3 en plena pandemia y que se convirti\u00f3 en el lugar ideal para quienes buscan empezar a conocer un poco m\u00e1s de esta bebida. [<em>La Naci\u00f3n<\/em>&nbsp;(Argentina), 28\/1\/2022]<\/li>\n<\/ul>\n\n\n\n<p>Es interesante observar c\u00f3mo la unidad <em>vermuter\u00eda<\/em>, a pesar de que el local que designa existe desde mediados del siglo <span class=\"versalitas\">xxi<\/span>, surge en la prensa a partir de 2012 (que es cuando se registra su primera documentaci\u00f3n en el Observatori de Neologia), coincidiendo con la recuperaci\u00f3n de la tradici\u00f3n de tomar el vermut con un aire de sofisticaci\u00f3n. Adem\u00e1s, tambi\u00e9n cabe destacar la distribuci\u00f3n geogr\u00e1fica del neologismo: b\u00e1sicamente, encontramos ocurrencias de <em>vermuter\u00eda<\/em>&nbsp;en la prensa de Espa\u00f1a y Argentina, que son los pa\u00edses donde el vermut forma parte de la cultura popular. En el Observatori de Neologia no se documenta esta unidad neol\u00f3gica en otros lugares de Sudam\u00e9rica. A pesar de que el vermut es conocido alrededor del mundo, es en los pa\u00edses en los que la tradici\u00f3n est\u00e1 m\u00e1s enraizada donde se utiliza la palabra <em>vermuter\u00eda<\/em>&nbsp;para hacer referencia al establecimiento especializado en su elaboraci\u00f3n o venta.<\/p>\n\n\n\n<p>Si se observa la situaci\u00f3n en otras lenguas, se puede comprobar que el fen\u00f3meno es similar. En lenguas como el catal\u00e1n, el italiano o el franc\u00e9s, se encuentran contextos en que se usa una palabra espec\u00edfica para denominar el establecimiento donde se sirven vermuts, porque en Catalu\u00f1a, Italia y Francia, por ejemplo, la tradici\u00f3n del vermut tambi\u00e9n es vigente. Sin embargo, ninguno de los diccionarios de referencia de estas lenguas (<em>DIEC2<\/em>, <em>Dizionario Hoepli della lingua italiana<\/em>&nbsp;y<em>&nbsp;Le Grand Robert<\/em>, respectivamente) recoge el equivalente de <em>vermuter\u00eda<\/em>, como tampoco la obra lexicogr\u00e1fica de referencia de la lengua espa\u00f1ola (<em>DLE<\/em>). A pesar de ello, creemos que <em>vermuter\u00eda<\/em>, como \u2018establecimiento especializado en la preparaci\u00f3n y en el servicio de vermuts\u2019 merece un lugar en los diccionarios, al lado de sus hom\u00f3logos <em>cocteler\u00eda<\/em>, <em>tequiler\u00eda<\/em> o <em>whisker\u00eda<\/em>.<\/p>\n\n\n\n<p>M. Amor Montan\u00e9 March<br>Profesora lectora Serra H\u00fanter<br>Universitat de Barcelona (Espa\u00f1a)<\/p>\n","protected":false},"excerpt":{"rendered":"<p>El neologismo <em>vermuter\u00eda<\/em> est\u00e1 formado a partir de la palabra <em>vermut <\/em>y el sufijo &#8211;<em>er\u00eda<\/em>, con el sentido de \u2018establecimiento especializado\u2019. As\u00ed, pues, una vermuter\u00eda es el local donde se elaboran o se sirven vermuts. De acuerdo con el <em>DLE<\/em>, <em>vermut<\/em> o <em>verm\u00fa<\/em> es un pr\u00e9stamo del alem\u00e1n <em>Wermut<\/em> (en castellano, <em>ajenjo<\/em>), de ah\u00ed su variaci\u00f3n ortogr\u00e1fica, que toma el nombre de la hierba principal que se usa para elaborar este licor que se bebe como aperitivo: el ajenjo, que se mezcla con vino y otras sustancias amargas y t\u00f3nicas.<\/p>\n","protected":false},"author":1,"featured_media":10418,"comment_status":"open","ping_status":"open","sticky":false,"template":"","format":"standard","meta":{"_mi_skip_tracking":false,"_s2mail":""},"categories":[20,37],"tags":[],"yoast_head":"<!-- This site is optimized with the Yoast SEO plugin v20.6 - https:\/\/yoast.com\/wordpress\/plugins\/seo\/ -->\n<title>CVC. Vermuter\u00eda | Martes Neol\u00f3gico<\/title>\n<meta name=\"description\" content=\"Art\u00edculo sobre el neologismo \u00abvermuter\u00eda\u00bb, dentro del blog Martes Neol\u00f3gico del Centro Virtual Cervantes.\" \/>\n<meta name=\"robots\" content=\"index, follow, max-snippet:-1, max-image-preview:large, max-video-preview:-1\" \/>\n<link rel=\"canonical\" href=\"https:\/\/blogscvc.cervantes.es\/martes-neologico\/vermuteria\/\" \/>\n<meta property=\"og:locale\" content=\"es_ES\" \/>\n<meta property=\"og:type\" content=\"article\" \/>\n<meta property=\"og:title\" content=\"CVC. Vermuter\u00eda | Martes Neol\u00f3gico\" \/>\n<meta property=\"og:description\" content=\"Art\u00edculo sobre el neologismo \u00abvermuter\u00eda\u00bb, dentro del blog Martes Neol\u00f3gico del Centro Virtual Cervantes.\" \/>\n<meta property=\"og:url\" content=\"https:\/\/blogscvc.cervantes.es\/martes-neologico\/vermuteria\/\" \/>\n<meta property=\"og:site_name\" content=\"Martes Neol\u00f3gico\" \/>\n<meta property=\"article:published_time\" content=\"2022-09-13T05:38:59+00:00\" \/>\n<meta property=\"article:modified_time\" content=\"2025-08-01T08:14:06+00:00\" \/>\n<meta property=\"og:image\" content=\"http:\/\/blogscvc.cervantes.es\/martes-neologico\/wp-content\/uploads\/sites\/2\/2022\/09\/vermuteria_350.jpg\" \/>\n\t<meta property=\"og:image:width\" content=\"750\" \/>\n\t<meta property=\"og:image:height\" content=\"350\" \/>\n\t<meta property=\"og:image:type\" content=\"image\/jpeg\" \/>\n<meta name=\"author\" content=\"admin\" \/>\n<meta name=\"twitter:card\" content=\"summary_large_image\" \/>\n<meta name=\"twitter:label1\" content=\"Escrito por\" \/>\n\t<meta name=\"twitter:data1\" content=\"admin\" \/>\n\t<meta name=\"twitter:label2\" content=\"Tiempo de lectura\" \/>\n\t<meta name=\"twitter:data2\" content=\"4 minutos\" \/>\n<script type=\"application\/ld+json\" class=\"yoast-schema-graph\">{\"@context\":\"https:\/\/schema.org\",\"@graph\":[{\"@type\":\"Article\",\"@id\":\"https:\/\/blogscvc.cervantes.es\/martes-neologico\/vermuteria\/#article\",\"isPartOf\":{\"@id\":\"https:\/\/blogscvc.cervantes.es\/martes-neologico\/vermuteria\/\"},\"author\":{\"name\":\"admin\",\"@id\":\"https:\/\/blogscvc.cervantes.es\/martes-neologico\/#\/schema\/person\/7e2fd26f886f53b1b2e81721d23acc47\"},\"headline\":\"vermuter\u00eda f.\",\"datePublished\":\"2022-09-13T05:38:59+00:00\",\"dateModified\":\"2025-08-01T08:14:06+00:00\",\"mainEntityOfPage\":{\"@id\":\"https:\/\/blogscvc.cervantes.es\/martes-neologico\/vermuteria\/\"},\"wordCount\":833,\"commentCount\":0,\"publisher\":{\"@id\":\"https:\/\/blogscvc.cervantes.es\/martes-neologico\/#organization\"},\"articleSection\":[\"gastronom\u00eda\",\"sufijaci\u00f3n\"],\"inLanguage\":\"es\",\"potentialAction\":[{\"@type\":\"CommentAction\",\"name\":\"Comment\",\"target\":[\"https:\/\/blogscvc.cervantes.es\/martes-neologico\/vermuteria\/#respond\"]}]},{\"@type\":\"WebPage\",\"@id\":\"https:\/\/blogscvc.cervantes.es\/martes-neologico\/vermuteria\/\",\"url\":\"https:\/\/blogscvc.cervantes.es\/martes-neologico\/vermuteria\/\",\"name\":\"CVC. Vermuter\u00eda | Martes Neol\u00f3gico\",\"isPartOf\":{\"@id\":\"https:\/\/blogscvc.cervantes.es\/martes-neologico\/#website\"},\"datePublished\":\"2022-09-13T05:38:59+00:00\",\"dateModified\":\"2025-08-01T08:14:06+00:00\",\"description\":\"Art\u00edculo sobre el neologismo \u00abvermuter\u00eda\u00bb, dentro del blog Martes Neol\u00f3gico del Centro Virtual Cervantes.\",\"breadcrumb\":{\"@id\":\"https:\/\/blogscvc.cervantes.es\/martes-neologico\/vermuteria\/#breadcrumb\"},\"inLanguage\":\"es\",\"potentialAction\":[{\"@type\":\"ReadAction\",\"target\":[\"https:\/\/blogscvc.cervantes.es\/martes-neologico\/vermuteria\/\"]}]},{\"@type\":\"BreadcrumbList\",\"@id\":\"https:\/\/blogscvc.cervantes.es\/martes-neologico\/vermuteria\/#breadcrumb\",\"itemListElement\":[{\"@type\":\"ListItem\",\"position\":1,\"name\":\"Portada\",\"item\":\"https:\/\/blogscvc.cervantes.es\/martes-neologico\/\"},{\"@type\":\"ListItem\",\"position\":2,\"name\":\"vermuter\u00eda f.\"}]},{\"@type\":\"WebSite\",\"@id\":\"https:\/\/blogscvc.cervantes.es\/martes-neologico\/#website\",\"url\":\"https:\/\/blogscvc.cervantes.es\/martes-neologico\/\",\"name\":\"Martes Neol\u00f3gico\",\"description\":\"Cada martes, una palabra nueva que podr\u00eda estar en el diccionario\",\"publisher\":{\"@id\":\"https:\/\/blogscvc.cervantes.es\/martes-neologico\/#organization\"},\"potentialAction\":[{\"@type\":\"SearchAction\",\"target\":{\"@type\":\"EntryPoint\",\"urlTemplate\":\"https:\/\/blogscvc.cervantes.es\/martes-neologico\/?s={search_term_string}\"},\"query-input\":\"required name=search_term_string\"}],\"inLanguage\":\"es\"},{\"@type\":\"Organization\",\"@id\":\"https:\/\/blogscvc.cervantes.es\/martes-neologico\/#organization\",\"name\":\"Martes Neol\u00f3gico\",\"url\":\"https:\/\/blogscvc.cervantes.es\/martes-neologico\/\",\"logo\":{\"@type\":\"ImageObject\",\"inLanguage\":\"es\",\"@id\":\"https:\/\/blogscvc.cervantes.es\/martes-neologico\/#\/schema\/logo\/image\/\",\"url\":\"https:\/\/blogscvc.cervantes.es\/martes-neologico\/wp-content\/uploads\/sites\/2\/2025\/10\/logo-martes-neologico-10-anos.png\",\"contentUrl\":\"https:\/\/blogscvc.cervantes.es\/martes-neologico\/wp-content\/uploads\/sites\/2\/2025\/10\/logo-martes-neologico-10-anos.png\",\"width\":300,\"height\":100,\"caption\":\"Martes Neol\u00f3gico\"},\"image\":{\"@id\":\"https:\/\/blogscvc.cervantes.es\/martes-neologico\/#\/schema\/logo\/image\/\"}},{\"@type\":\"Person\",\"@id\":\"https:\/\/blogscvc.cervantes.es\/martes-neologico\/#\/schema\/person\/7e2fd26f886f53b1b2e81721d23acc47\",\"name\":\"admin\",\"image\":{\"@type\":\"ImageObject\",\"inLanguage\":\"es\",\"@id\":\"https:\/\/blogscvc.cervantes.es\/martes-neologico\/#\/schema\/person\/image\/\",\"url\":\"https:\/\/secure.gravatar.com\/avatar\/c4b6a365b64e607f3d2ecd9620a7675a?s=96&d=mm&r=g\",\"contentUrl\":\"https:\/\/secure.gravatar.com\/avatar\/c4b6a365b64e607f3d2ecd9620a7675a?s=96&d=mm&r=g\",\"caption\":\"admin\"},\"url\":\"https:\/\/blogscvc.cervantes.es\/martes-neologico\/author\/admin\/\"}]}<\/script>\n<!-- \/ Yoast SEO plugin. -->","yoast_head_json":{"title":"CVC. Vermuter\u00eda | Martes Neol\u00f3gico","description":"Art\u00edculo sobre el neologismo \u00abvermuter\u00eda\u00bb, dentro del blog Martes Neol\u00f3gico del Centro Virtual Cervantes.","robots":{"index":"index","follow":"follow","max-snippet":"max-snippet:-1","max-image-preview":"max-image-preview:large","max-video-preview":"max-video-preview:-1"},"canonical":"https:\/\/blogscvc.cervantes.es\/martes-neologico\/vermuteria\/","og_locale":"es_ES","og_type":"article","og_title":"CVC. Vermuter\u00eda | Martes Neol\u00f3gico","og_description":"Art\u00edculo sobre el neologismo \u00abvermuter\u00eda\u00bb, dentro del blog Martes Neol\u00f3gico del Centro Virtual Cervantes.","og_url":"https:\/\/blogscvc.cervantes.es\/martes-neologico\/vermuteria\/","og_site_name":"Martes Neol\u00f3gico","article_published_time":"2022-09-13T05:38:59+00:00","article_modified_time":"2025-08-01T08:14:06+00:00","og_image":[{"width":750,"height":350,"url":"http:\/\/blogscvc.cervantes.es\/martes-neologico\/wp-content\/uploads\/sites\/2\/2022\/09\/vermuteria_350.jpg","type":"image\/jpeg"}],"author":"admin","twitter_card":"summary_large_image","twitter_misc":{"Escrito por":"admin","Tiempo de lectura":"4 minutos"},"schema":{"@context":"https:\/\/schema.org","@graph":[{"@type":"Article","@id":"https:\/\/blogscvc.cervantes.es\/martes-neologico\/vermuteria\/#article","isPartOf":{"@id":"https:\/\/blogscvc.cervantes.es\/martes-neologico\/vermuteria\/"},"author":{"name":"admin","@id":"https:\/\/blogscvc.cervantes.es\/martes-neologico\/#\/schema\/person\/7e2fd26f886f53b1b2e81721d23acc47"},"headline":"vermuter\u00eda f.","datePublished":"2022-09-13T05:38:59+00:00","dateModified":"2025-08-01T08:14:06+00:00","mainEntityOfPage":{"@id":"https:\/\/blogscvc.cervantes.es\/martes-neologico\/vermuteria\/"},"wordCount":833,"commentCount":0,"publisher":{"@id":"https:\/\/blogscvc.cervantes.es\/martes-neologico\/#organization"},"articleSection":["gastronom\u00eda","sufijaci\u00f3n"],"inLanguage":"es","potentialAction":[{"@type":"CommentAction","name":"Comment","target":["https:\/\/blogscvc.cervantes.es\/martes-neologico\/vermuteria\/#respond"]}]},{"@type":"WebPage","@id":"https:\/\/blogscvc.cervantes.es\/martes-neologico\/vermuteria\/","url":"https:\/\/blogscvc.cervantes.es\/martes-neologico\/vermuteria\/","name":"CVC. Vermuter\u00eda | Martes Neol\u00f3gico","isPartOf":{"@id":"https:\/\/blogscvc.cervantes.es\/martes-neologico\/#website"},"datePublished":"2022-09-13T05:38:59+00:00","dateModified":"2025-08-01T08:14:06+00:00","description":"Art\u00edculo sobre el neologismo \u00abvermuter\u00eda\u00bb, dentro del blog Martes Neol\u00f3gico del Centro Virtual Cervantes.","breadcrumb":{"@id":"https:\/\/blogscvc.cervantes.es\/martes-neologico\/vermuteria\/#breadcrumb"},"inLanguage":"es","potentialAction":[{"@type":"ReadAction","target":["https:\/\/blogscvc.cervantes.es\/martes-neologico\/vermuteria\/"]}]},{"@type":"BreadcrumbList","@id":"https:\/\/blogscvc.cervantes.es\/martes-neologico\/vermuteria\/#breadcrumb","itemListElement":[{"@type":"ListItem","position":1,"name":"Portada","item":"https:\/\/blogscvc.cervantes.es\/martes-neologico\/"},{"@type":"ListItem","position":2,"name":"vermuter\u00eda f."}]},{"@type":"WebSite","@id":"https:\/\/blogscvc.cervantes.es\/martes-neologico\/#website","url":"https:\/\/blogscvc.cervantes.es\/martes-neologico\/","name":"Martes Neol\u00f3gico","description":"Cada martes, una palabra nueva que podr\u00eda estar en el diccionario","publisher":{"@id":"https:\/\/blogscvc.cervantes.es\/martes-neologico\/#organization"},"potentialAction":[{"@type":"SearchAction","target":{"@type":"EntryPoint","urlTemplate":"https:\/\/blogscvc.cervantes.es\/martes-neologico\/?s={search_term_string}"},"query-input":"required name=search_term_string"}],"inLanguage":"es"},{"@type":"Organization","@id":"https:\/\/blogscvc.cervantes.es\/martes-neologico\/#organization","name":"Martes Neol\u00f3gico","url":"https:\/\/blogscvc.cervantes.es\/martes-neologico\/","logo":{"@type":"ImageObject","inLanguage":"es","@id":"https:\/\/blogscvc.cervantes.es\/martes-neologico\/#\/schema\/logo\/image\/","url":"https:\/\/blogscvc.cervantes.es\/martes-neologico\/wp-content\/uploads\/sites\/2\/2025\/10\/logo-martes-neologico-10-anos.png","contentUrl":"https:\/\/blogscvc.cervantes.es\/martes-neologico\/wp-content\/uploads\/sites\/2\/2025\/10\/logo-martes-neologico-10-anos.png","width":300,"height":100,"caption":"Martes Neol\u00f3gico"},"image":{"@id":"https:\/\/blogscvc.cervantes.es\/martes-neologico\/#\/schema\/logo\/image\/"}},{"@type":"Person","@id":"https:\/\/blogscvc.cervantes.es\/martes-neologico\/#\/schema\/person\/7e2fd26f886f53b1b2e81721d23acc47","name":"admin","image":{"@type":"ImageObject","inLanguage":"es","@id":"https:\/\/blogscvc.cervantes.es\/martes-neologico\/#\/schema\/person\/image\/","url":"https:\/\/secure.gravatar.com\/avatar\/c4b6a365b64e607f3d2ecd9620a7675a?s=96&d=mm&r=g","contentUrl":"https:\/\/secure.gravatar.com\/avatar\/c4b6a365b64e607f3d2ecd9620a7675a?s=96&d=mm&r=g","caption":"admin"},"url":"https:\/\/blogscvc.cervantes.es\/martes-neologico\/author\/admin\/"}]}},"_links":{"self":[{"href":"https:\/\/blogscvc.cervantes.es\/martes-neologico\/wp-json\/wp\/v2\/posts\/10409"}],"collection":[{"href":"https:\/\/blogscvc.cervantes.es\/martes-neologico\/wp-json\/wp\/v2\/posts"}],"about":[{"href":"https:\/\/blogscvc.cervantes.es\/martes-neologico\/wp-json\/wp\/v2\/types\/post"}],"author":[{"embeddable":true,"href":"https:\/\/blogscvc.cervantes.es\/martes-neologico\/wp-json\/wp\/v2\/users\/1"}],"replies":[{"embeddable":true,"href":"https:\/\/blogscvc.cervantes.es\/martes-neologico\/wp-json\/wp\/v2\/comments?post=10409"}],"version-history":[{"count":8,"href":"https:\/\/blogscvc.cervantes.es\/martes-neologico\/wp-json\/wp\/v2\/posts\/10409\/revisions"}],"predecessor-version":[{"id":14005,"href":"https:\/\/blogscvc.cervantes.es\/martes-neologico\/wp-json\/wp\/v2\/posts\/10409\/revisions\/14005"}],"wp:featuredmedia":[{"embeddable":true,"href":"https:\/\/blogscvc.cervantes.es\/martes-neologico\/wp-json\/wp\/v2\/media\/10418"}],"wp:attachment":[{"href":"https:\/\/blogscvc.cervantes.es\/martes-neologico\/wp-json\/wp\/v2\/media?parent=10409"}],"wp:term":[{"taxonomy":"category","embeddable":true,"href":"https:\/\/blogscvc.cervantes.es\/martes-neologico\/wp-json\/wp\/v2\/categories?post=10409"},{"taxonomy":"post_tag","embeddable":true,"href":"https:\/\/blogscvc.cervantes.es\/martes-neologico\/wp-json\/wp\/v2\/tags?post=10409"}],"curies":[{"name":"wp","href":"https:\/\/api.w.org\/{rel}","templated":true}]}}