{"id":10472,"date":"2022-09-20T07:00:00","date_gmt":"2022-09-20T05:00:00","guid":{"rendered":"https:\/\/blogscvc.cervantes.es\/martes-neologico\/?p=10472"},"modified":"2025-07-31T12:30:35","modified_gmt":"2025-07-31T10:30:35","slug":"mansplaining","status":"publish","type":"post","link":"https:\/\/blogscvc.cervantes.es\/martes-neologico\/mansplaining\/","title":{"rendered":"mansplaining <em>m.<\/em>"},"content":{"rendered":"\n<p>Las mujeres seguimos estando en un segundo plano en muchos los \u00e1mbitos de la vida, tanto p\u00fablicos como privados. Afortunadamente, poco a poco se es m\u00e1s consciente de esta situaci\u00f3n, y prueba de ello son los neologismos que denuncian realidades que hasta ahora no ten\u00edan nombre. Es el caso de los t\u00e9rminos <em><a href=\"https:\/\/blogscvc.cervantes.es\/martes-neologico\/machirulo\/\">machirulo<\/a><\/em>, <em><a href=\"https:\/\/blogscvc.cervantes.es\/martes-neologico\/micromachismo\/\">micromachismo<\/a><\/em> o el que hoy nos ocupa: <em>mansplaining<\/em>.<\/p>\n\n\n<figure class=\"wp-block-image size-large is-style-default\"><a href=\"http:\/\/blogscvc.cervantes.es\/martes-neologico\/wp-content\/uploads\/sites\/2\/2022\/09\/mansplaining_500.jpg\"><img decoding=\"async\" class=\"wp-image-7916\" src=\"http:\/\/blogscvc.cervantes.es\/martes-neologico\/wp-content\/uploads\/sites\/2\/2022\/09\/mansplaining_500.jpg\" alt=\"[fotograf\u00eda] un var\u00f3n y una mujer a medio rostro en los extremos del encuadre, con un muro de ladrillo al fondo\"><\/a><figcaption>Rene Asmussen (Pexels)<\/figcaption><\/figure>\n\n\n<p>El t\u00e9rmino <em>mansplaining<\/em> designa la pr\u00e1ctica masculina de explicar a una mujer algo de forma condescendiente, asumiendo que se sabe mucho m\u00e1s sobre el tema (o que ella no sabe nada) y se puede corregirla. De hecho, se trata de un caso de micromachismo, dado que se trata de un comportamiento discriminatorio hacia la mujer que se sustenta en la supuesta superioridad del hombre y que est\u00e1 tan naturalizado en nuestra cotidianeidad que pasa desapercibido.<\/p>\n\n\n\n<p>Es un sustantivo que proviene de la forma de gerundio del verbo ingl\u00e9s <em>mansplain<\/em>. Este ya aparece recogido en obras de referencia como el <em>Oxford English Dictionary<\/em>, el <em>Cambridge Dictionary<\/em> o el <em>Merriam-Webster Dictionary<\/em> y est\u00e1 formado por composici\u00f3n de las palabras <em>man<\/em> \u2018hombre\u2019 y <em>explain <\/em>\u2018explicar\u2019.<\/p>\n\n\n\n<p>Por el contrario, en las obras de referencia en espa\u00f1ol no lo encontramos documentado, aunque s\u00ed que la recoge la Fund\u00e9u. Esta fundaci\u00f3n desaconseja la voz inglesa y propone el neologismo <em>machoexplicaci\u00f3n<\/em> (el cual permite la creaci\u00f3n de otras voces de la misma familia l\u00e9xica, como <em>machoexplicador<\/em> o <em>machoexplicar<\/em>) o, sencillamente, la f\u00f3rmula m\u00e1s formal <em>condescendencia<\/em>, acompa\u00f1ada de los adjetivos <em>machista<\/em> o <em>masculina<\/em> si se quiere hacer hincapi\u00e9 en esos matices. Sin embargo, el uso de las propuestas de esta instituci\u00f3n es pr\u00e1cticamente nulo.<\/p>\n\n\n\n<p>Aunque <em>mansplaining<\/em> no est\u00e9 recogido en las principales obras de referencia, su uso en espa\u00f1ol est\u00e1 bastante extendido a los dos lados del charco (aunque, sobre todo, en Espa\u00f1a):<\/p>\n\n\n\n<ul>\n<li>Soportamos <strong>mansplaining<\/strong>, discriminaci\u00f3n salarial, explotaci\u00f3n sexual [&#8230;]. [<em>El Espa\u00f1ol<\/em> (Espa\u00f1a), 8\/3\/2022]<\/li>\n<\/ul>\n\n\n\n<ul>\n<li>Hay muchos niveles de violencia: en uno leve est\u00e1n el <strong>mansplaining<\/strong> y los mal llamados \u00abpiropos\u00bb [\u2026]. [<em>El Norte<\/em> (M\u00e9xico), 25\/9\/2016]<\/li>\n<\/ul>\n\n\n\n<ul>\n<li>La actriz Francisca Imboden, uno de los rostros m\u00e1s emblem\u00e1ticos de la \u00e9poca dorada de las teleseries chilenas, relat\u00f3 algunos episodios de <strong>mansplaining<\/strong> durante los rodajes de teleseries nocturnas. [<em>The Clinic<\/em> (Chile), 25\/6\/2021]<\/li>\n<\/ul>\n\n\n\n<p>Cabe destacar que en la mayor\u00eda de las recurrencias se menciona expl\u00edcitamente el significado de la palabra:<\/p>\n\n\n\n<ul><li>Con frecuencia se suele hablar del <strong>mansplaining<\/strong a la hora de referirse a las numerosas formas de desprecio hacia la opini\u00f3n de una mujer por parte de un hombre. [<em>El Confidencial<\/em> (Espa\u00f1a), 16\/1\/2016]<\/li><\/ul>\n\n\n\n<ul>\n<li>La violencia organizacional, que se traduce en conductas como el <strong>mansplaining<\/strong> (la explicaci\u00f3n condescendiente, hecha por un var\u00f3n a una mujer, sobre un tema del que ella es la experta) o la invisibilizaci\u00f3n de la mujer [\u2026]. [<em>Mural<\/em> (M\u00e9xico), 22\/4\/2018]<\/li>\n<\/ul>\n\n\n\n<ul>\n<li>[&#8230;] en una cl\u00e1sica y deplorable presentaci\u00f3n de lo que en teor\u00eda del feminismo se llama <strong>\u2018mansplaining\u2019<\/strong>: cuando un hombre le explica algo a una mujer en tono condescendiente y despectivo. [<em>La Rep\u00fablica <\/em>(Per\u00fa), 12\/2\/2020]<\/li>\n<\/ul>\n\n\n\n<p>Curiosamente, el auge de este neologismo en espa\u00f1ol tuvo lugar con la publicaci\u00f3n del libro de Rebecca Solnit <em>Los hombres me explican cosas<\/em> en 2016. Pas\u00f3 lo mismo en ingl\u00e9s con la publicaci\u00f3n del libro, dos a\u00f1os antes. La autora explica que no fue ella quien cre\u00f3 el t\u00e9rmino. Sin embargo, sin duda alguna, fue ella quien lo populariz\u00f3. En su libro lo usa para explicar una an\u00e9cdota propia: en una fiesta, un hombre le pregunt\u00f3 de qu\u00e9 trataban sus libros y, cuando ella empez\u00f3 a explicarle el \u00faltimo, el se\u00f1or la interrumpi\u00f3 para contarle detenidamente lo que pensaba de un libro que se hab\u00eda publicado ese a\u00f1o sobre ese mismo tema y que sin duda era m\u00e1s interesante. Se trataba del libro de Solnit.<\/p>\n\n\n\n<p>De hecho, estas explicaciones masculinas condescendientes est\u00e1n tan integradas en nuestra sociedad que incluso a la escritora le cost\u00f3 darse cuenta de que se trataba de su obra. Cuando le dijo al hombre que ese libro lo hab\u00eda escrito ella, el hombre se march\u00f3.<\/p>\n\n\n\n<p><em>Mansplaining<\/em> es uno de los muchos t\u00e9rminos que han surgido para denunciar realidades injustas a las que las mujeres nos enfrentamos a diario. Esperemos, pues, que dentro de poco solo quede la palabra y no la realidad que designa.<\/p>\n\n\n\n<p>Irene V\u00edlchez S\u00e1nchez<br>Observatori de Neologia<br>Universitat Pompeu Fabra (Espa\u00f1a)<\/p>\n","protected":false},"excerpt":{"rendered":"<p>Las mujeres seguimos estando en un segundo plano en muchos los \u00e1mbitos de la vida, tanto p\u00fablicos como privados. Afortunadamente, poco a poco se es m\u00e1s consciente de esta situaci\u00f3n, y prueba de ello son los neologismos que denuncian realidades que hasta ahora no ten\u00edan nombre. Es el caso de los t\u00e9rminos <em>machirulo<\/em>, <em>micromachismo<\/em> o el que hoy nos ocupa: <em>mansplaining<\/em>.<\/p>\n","protected":false},"author":1,"featured_media":10478,"comment_status":"open","ping_status":"open","sticky":false,"template":"","format":"standard","meta":{"_mi_skip_tracking":false,"_s2mail":""},"categories":[250,256,274],"tags":[],"yoast_head":"<!-- This site is optimized with the Yoast SEO plugin v20.6 - https:\/\/yoast.com\/wordpress\/plugins\/seo\/ -->\n<title>CVC. Mansplaining | Martes Neol\u00f3gico<\/title>\n<meta name=\"description\" content=\"Art\u00edculo sobre el neologismo \u00abmansplaining\u00bb, dentro del blog Martes Neol\u00f3gico del Centro Virtual Cervantes.\" \/>\n<meta name=\"robots\" content=\"index, follow, max-snippet:-1, max-image-preview:large, max-video-preview:-1\" \/>\n<link rel=\"canonical\" href=\"https:\/\/blogscvc.cervantes.es\/martes-neologico\/mansplaining\/\" \/>\n<meta property=\"og:locale\" content=\"es_ES\" \/>\n<meta property=\"og:type\" content=\"article\" \/>\n<meta property=\"og:title\" content=\"CVC. Mansplaining | Martes Neol\u00f3gico\" \/>\n<meta property=\"og:description\" content=\"Art\u00edculo sobre el neologismo \u00abmansplaining\u00bb, dentro del blog Martes Neol\u00f3gico del Centro Virtual Cervantes.\" \/>\n<meta property=\"og:url\" content=\"https:\/\/blogscvc.cervantes.es\/martes-neologico\/mansplaining\/\" \/>\n<meta property=\"og:site_name\" content=\"Martes Neol\u00f3gico\" \/>\n<meta property=\"article:published_time\" content=\"2022-09-20T05:00:00+00:00\" \/>\n<meta property=\"article:modified_time\" content=\"2025-07-31T10:30:35+00:00\" \/>\n<meta property=\"og:image\" content=\"http:\/\/blogscvc.cervantes.es\/martes-neologico\/wp-content\/uploads\/sites\/2\/2022\/09\/mansplaining_350.jpg\" \/>\n\t<meta property=\"og:image:width\" content=\"750\" \/>\n\t<meta property=\"og:image:height\" content=\"350\" \/>\n\t<meta property=\"og:image:type\" content=\"image\/jpeg\" \/>\n<meta name=\"author\" content=\"admin\" \/>\n<meta name=\"twitter:card\" content=\"summary_large_image\" \/>\n<meta name=\"twitter:label1\" content=\"Escrito por\" \/>\n\t<meta name=\"twitter:data1\" content=\"admin\" \/>\n\t<meta name=\"twitter:label2\" content=\"Tiempo de lectura\" \/>\n\t<meta name=\"twitter:data2\" content=\"4 minutos\" \/>\n<script type=\"application\/ld+json\" class=\"yoast-schema-graph\">{\"@context\":\"https:\/\/schema.org\",\"@graph\":[{\"@type\":\"Article\",\"@id\":\"https:\/\/blogscvc.cervantes.es\/martes-neologico\/mansplaining\/#article\",\"isPartOf\":{\"@id\":\"https:\/\/blogscvc.cervantes.es\/martes-neologico\/mansplaining\/\"},\"author\":{\"name\":\"admin\",\"@id\":\"https:\/\/blogscvc.cervantes.es\/martes-neologico\/#\/schema\/person\/7e2fd26f886f53b1b2e81721d23acc47\"},\"headline\":\"mansplaining m.\",\"datePublished\":\"2022-09-20T05:00:00+00:00\",\"dateModified\":\"2025-07-31T10:30:35+00:00\",\"mainEntityOfPage\":{\"@id\":\"https:\/\/blogscvc.cervantes.es\/martes-neologico\/mansplaining\/\"},\"wordCount\":418,\"commentCount\":0,\"publisher\":{\"@id\":\"https:\/\/blogscvc.cervantes.es\/martes-neologico\/#organization\"},\"articleSection\":[\"g\u00e9nero\",\"ingl\u00e9s\",\"pr\u00e9stamo\"],\"inLanguage\":\"es\",\"potentialAction\":[{\"@type\":\"CommentAction\",\"name\":\"Comment\",\"target\":[\"https:\/\/blogscvc.cervantes.es\/martes-neologico\/mansplaining\/#respond\"]}]},{\"@type\":\"WebPage\",\"@id\":\"https:\/\/blogscvc.cervantes.es\/martes-neologico\/mansplaining\/\",\"url\":\"https:\/\/blogscvc.cervantes.es\/martes-neologico\/mansplaining\/\",\"name\":\"CVC. Mansplaining | Martes Neol\u00f3gico\",\"isPartOf\":{\"@id\":\"https:\/\/blogscvc.cervantes.es\/martes-neologico\/#website\"},\"datePublished\":\"2022-09-20T05:00:00+00:00\",\"dateModified\":\"2025-07-31T10:30:35+00:00\",\"description\":\"Art\u00edculo sobre el neologismo \u00abmansplaining\u00bb, dentro del blog Martes Neol\u00f3gico del Centro Virtual Cervantes.\",\"breadcrumb\":{\"@id\":\"https:\/\/blogscvc.cervantes.es\/martes-neologico\/mansplaining\/#breadcrumb\"},\"inLanguage\":\"es\",\"potentialAction\":[{\"@type\":\"ReadAction\",\"target\":[\"https:\/\/blogscvc.cervantes.es\/martes-neologico\/mansplaining\/\"]}]},{\"@type\":\"BreadcrumbList\",\"@id\":\"https:\/\/blogscvc.cervantes.es\/martes-neologico\/mansplaining\/#breadcrumb\",\"itemListElement\":[{\"@type\":\"ListItem\",\"position\":1,\"name\":\"Portada\",\"item\":\"https:\/\/blogscvc.cervantes.es\/martes-neologico\/\"},{\"@type\":\"ListItem\",\"position\":2,\"name\":\"mansplaining m.\"}]},{\"@type\":\"WebSite\",\"@id\":\"https:\/\/blogscvc.cervantes.es\/martes-neologico\/#website\",\"url\":\"https:\/\/blogscvc.cervantes.es\/martes-neologico\/\",\"name\":\"Martes Neol\u00f3gico\",\"description\":\"Cada martes, una palabra nueva que podr\u00eda estar en el diccionario\",\"publisher\":{\"@id\":\"https:\/\/blogscvc.cervantes.es\/martes-neologico\/#organization\"},\"potentialAction\":[{\"@type\":\"SearchAction\",\"target\":{\"@type\":\"EntryPoint\",\"urlTemplate\":\"https:\/\/blogscvc.cervantes.es\/martes-neologico\/?s={search_term_string}\"},\"query-input\":\"required name=search_term_string\"}],\"inLanguage\":\"es\"},{\"@type\":\"Organization\",\"@id\":\"https:\/\/blogscvc.cervantes.es\/martes-neologico\/#organization\",\"name\":\"Martes Neol\u00f3gico\",\"url\":\"https:\/\/blogscvc.cervantes.es\/martes-neologico\/\",\"logo\":{\"@type\":\"ImageObject\",\"inLanguage\":\"es\",\"@id\":\"https:\/\/blogscvc.cervantes.es\/martes-neologico\/#\/schema\/logo\/image\/\",\"url\":\"https:\/\/blogscvc.cervantes.es\/martes-neologico\/wp-content\/uploads\/sites\/2\/2025\/10\/logo-martes-neologico-10-anos.png\",\"contentUrl\":\"https:\/\/blogscvc.cervantes.es\/martes-neologico\/wp-content\/uploads\/sites\/2\/2025\/10\/logo-martes-neologico-10-anos.png\",\"width\":300,\"height\":100,\"caption\":\"Martes Neol\u00f3gico\"},\"image\":{\"@id\":\"https:\/\/blogscvc.cervantes.es\/martes-neologico\/#\/schema\/logo\/image\/\"}},{\"@type\":\"Person\",\"@id\":\"https:\/\/blogscvc.cervantes.es\/martes-neologico\/#\/schema\/person\/7e2fd26f886f53b1b2e81721d23acc47\",\"name\":\"admin\",\"image\":{\"@type\":\"ImageObject\",\"inLanguage\":\"es\",\"@id\":\"https:\/\/blogscvc.cervantes.es\/martes-neologico\/#\/schema\/person\/image\/\",\"url\":\"https:\/\/secure.gravatar.com\/avatar\/c4b6a365b64e607f3d2ecd9620a7675a?s=96&d=mm&r=g\",\"contentUrl\":\"https:\/\/secure.gravatar.com\/avatar\/c4b6a365b64e607f3d2ecd9620a7675a?s=96&d=mm&r=g\",\"caption\":\"admin\"},\"url\":\"https:\/\/blogscvc.cervantes.es\/martes-neologico\/author\/admin\/\"}]}<\/script>\n<!-- \/ Yoast SEO plugin. -->","yoast_head_json":{"title":"CVC. Mansplaining | Martes Neol\u00f3gico","description":"Art\u00edculo sobre el neologismo \u00abmansplaining\u00bb, dentro del blog Martes Neol\u00f3gico del Centro Virtual Cervantes.","robots":{"index":"index","follow":"follow","max-snippet":"max-snippet:-1","max-image-preview":"max-image-preview:large","max-video-preview":"max-video-preview:-1"},"canonical":"https:\/\/blogscvc.cervantes.es\/martes-neologico\/mansplaining\/","og_locale":"es_ES","og_type":"article","og_title":"CVC. Mansplaining | Martes Neol\u00f3gico","og_description":"Art\u00edculo sobre el neologismo \u00abmansplaining\u00bb, dentro del blog Martes Neol\u00f3gico del Centro Virtual Cervantes.","og_url":"https:\/\/blogscvc.cervantes.es\/martes-neologico\/mansplaining\/","og_site_name":"Martes Neol\u00f3gico","article_published_time":"2022-09-20T05:00:00+00:00","article_modified_time":"2025-07-31T10:30:35+00:00","og_image":[{"width":750,"height":350,"url":"http:\/\/blogscvc.cervantes.es\/martes-neologico\/wp-content\/uploads\/sites\/2\/2022\/09\/mansplaining_350.jpg","type":"image\/jpeg"}],"author":"admin","twitter_card":"summary_large_image","twitter_misc":{"Escrito por":"admin","Tiempo de lectura":"4 minutos"},"schema":{"@context":"https:\/\/schema.org","@graph":[{"@type":"Article","@id":"https:\/\/blogscvc.cervantes.es\/martes-neologico\/mansplaining\/#article","isPartOf":{"@id":"https:\/\/blogscvc.cervantes.es\/martes-neologico\/mansplaining\/"},"author":{"name":"admin","@id":"https:\/\/blogscvc.cervantes.es\/martes-neologico\/#\/schema\/person\/7e2fd26f886f53b1b2e81721d23acc47"},"headline":"mansplaining m.","datePublished":"2022-09-20T05:00:00+00:00","dateModified":"2025-07-31T10:30:35+00:00","mainEntityOfPage":{"@id":"https:\/\/blogscvc.cervantes.es\/martes-neologico\/mansplaining\/"},"wordCount":418,"commentCount":0,"publisher":{"@id":"https:\/\/blogscvc.cervantes.es\/martes-neologico\/#organization"},"articleSection":["g\u00e9nero","ingl\u00e9s","pr\u00e9stamo"],"inLanguage":"es","potentialAction":[{"@type":"CommentAction","name":"Comment","target":["https:\/\/blogscvc.cervantes.es\/martes-neologico\/mansplaining\/#respond"]}]},{"@type":"WebPage","@id":"https:\/\/blogscvc.cervantes.es\/martes-neologico\/mansplaining\/","url":"https:\/\/blogscvc.cervantes.es\/martes-neologico\/mansplaining\/","name":"CVC. Mansplaining | Martes Neol\u00f3gico","isPartOf":{"@id":"https:\/\/blogscvc.cervantes.es\/martes-neologico\/#website"},"datePublished":"2022-09-20T05:00:00+00:00","dateModified":"2025-07-31T10:30:35+00:00","description":"Art\u00edculo sobre el neologismo \u00abmansplaining\u00bb, dentro del blog Martes Neol\u00f3gico del Centro Virtual Cervantes.","breadcrumb":{"@id":"https:\/\/blogscvc.cervantes.es\/martes-neologico\/mansplaining\/#breadcrumb"},"inLanguage":"es","potentialAction":[{"@type":"ReadAction","target":["https:\/\/blogscvc.cervantes.es\/martes-neologico\/mansplaining\/"]}]},{"@type":"BreadcrumbList","@id":"https:\/\/blogscvc.cervantes.es\/martes-neologico\/mansplaining\/#breadcrumb","itemListElement":[{"@type":"ListItem","position":1,"name":"Portada","item":"https:\/\/blogscvc.cervantes.es\/martes-neologico\/"},{"@type":"ListItem","position":2,"name":"mansplaining m."}]},{"@type":"WebSite","@id":"https:\/\/blogscvc.cervantes.es\/martes-neologico\/#website","url":"https:\/\/blogscvc.cervantes.es\/martes-neologico\/","name":"Martes Neol\u00f3gico","description":"Cada martes, una palabra nueva que podr\u00eda estar en el diccionario","publisher":{"@id":"https:\/\/blogscvc.cervantes.es\/martes-neologico\/#organization"},"potentialAction":[{"@type":"SearchAction","target":{"@type":"EntryPoint","urlTemplate":"https:\/\/blogscvc.cervantes.es\/martes-neologico\/?s={search_term_string}"},"query-input":"required name=search_term_string"}],"inLanguage":"es"},{"@type":"Organization","@id":"https:\/\/blogscvc.cervantes.es\/martes-neologico\/#organization","name":"Martes Neol\u00f3gico","url":"https:\/\/blogscvc.cervantes.es\/martes-neologico\/","logo":{"@type":"ImageObject","inLanguage":"es","@id":"https:\/\/blogscvc.cervantes.es\/martes-neologico\/#\/schema\/logo\/image\/","url":"https:\/\/blogscvc.cervantes.es\/martes-neologico\/wp-content\/uploads\/sites\/2\/2025\/10\/logo-martes-neologico-10-anos.png","contentUrl":"https:\/\/blogscvc.cervantes.es\/martes-neologico\/wp-content\/uploads\/sites\/2\/2025\/10\/logo-martes-neologico-10-anos.png","width":300,"height":100,"caption":"Martes Neol\u00f3gico"},"image":{"@id":"https:\/\/blogscvc.cervantes.es\/martes-neologico\/#\/schema\/logo\/image\/"}},{"@type":"Person","@id":"https:\/\/blogscvc.cervantes.es\/martes-neologico\/#\/schema\/person\/7e2fd26f886f53b1b2e81721d23acc47","name":"admin","image":{"@type":"ImageObject","inLanguage":"es","@id":"https:\/\/blogscvc.cervantes.es\/martes-neologico\/#\/schema\/person\/image\/","url":"https:\/\/secure.gravatar.com\/avatar\/c4b6a365b64e607f3d2ecd9620a7675a?s=96&d=mm&r=g","contentUrl":"https:\/\/secure.gravatar.com\/avatar\/c4b6a365b64e607f3d2ecd9620a7675a?s=96&d=mm&r=g","caption":"admin"},"url":"https:\/\/blogscvc.cervantes.es\/martes-neologico\/author\/admin\/"}]}},"_links":{"self":[{"href":"https:\/\/blogscvc.cervantes.es\/martes-neologico\/wp-json\/wp\/v2\/posts\/10472"}],"collection":[{"href":"https:\/\/blogscvc.cervantes.es\/martes-neologico\/wp-json\/wp\/v2\/posts"}],"about":[{"href":"https:\/\/blogscvc.cervantes.es\/martes-neologico\/wp-json\/wp\/v2\/types\/post"}],"author":[{"embeddable":true,"href":"https:\/\/blogscvc.cervantes.es\/martes-neologico\/wp-json\/wp\/v2\/users\/1"}],"replies":[{"embeddable":true,"href":"https:\/\/blogscvc.cervantes.es\/martes-neologico\/wp-json\/wp\/v2\/comments?post=10472"}],"version-history":[{"count":2,"href":"https:\/\/blogscvc.cervantes.es\/martes-neologico\/wp-json\/wp\/v2\/posts\/10472\/revisions"}],"predecessor-version":[{"id":11846,"href":"https:\/\/blogscvc.cervantes.es\/martes-neologico\/wp-json\/wp\/v2\/posts\/10472\/revisions\/11846"}],"wp:featuredmedia":[{"embeddable":true,"href":"https:\/\/blogscvc.cervantes.es\/martes-neologico\/wp-json\/wp\/v2\/media\/10478"}],"wp:attachment":[{"href":"https:\/\/blogscvc.cervantes.es\/martes-neologico\/wp-json\/wp\/v2\/media?parent=10472"}],"wp:term":[{"taxonomy":"category","embeddable":true,"href":"https:\/\/blogscvc.cervantes.es\/martes-neologico\/wp-json\/wp\/v2\/categories?post=10472"},{"taxonomy":"post_tag","embeddable":true,"href":"https:\/\/blogscvc.cervantes.es\/martes-neologico\/wp-json\/wp\/v2\/tags?post=10472"}],"curies":[{"name":"wp","href":"https:\/\/api.w.org\/{rel}","templated":true}]}}