{"id":10670,"date":"2022-11-01T07:00:00","date_gmt":"2022-11-01T05:00:00","guid":{"rendered":"https:\/\/blogscvc.cervantes.es\/martes-neologico\/?p=10670"},"modified":"2025-08-01T10:06:20","modified_gmt":"2025-08-01T08:06:20","slug":"tripanofobia","status":"publish","type":"post","link":"https:\/\/blogscvc.cervantes.es\/martes-neologico\/tripanofobia\/","title":{"rendered":"tripanofobia <em>f.<\/em>"},"content":{"rendered":"\n<p>No cabe la menor duda de que la pandemia de COVID ha trastornado nuestra vida durante los \u00faltimos tres a\u00f1os. El mundo ha enfrentado situaciones in\u00e9ditas y muchos de nuestros temores se han vuelto realidad. Afortunadamente, desde el a\u00f1o 2021 la vacuna contra esta enfermedad se ha aplicado masivamente en todos los continentes y la emergencia mundial parece terminar finalmente. Hay que considerar, sin embargo, que el rescoldo que dej\u00f3 este virus a\u00fan se manifiesta de diversas maneras. Si bien la vacunaci\u00f3n lleg\u00f3 como un viento fresco para llenarnos de esperanza en el combate contra la enfermedad, tuvo algunos aspectos negativos. Uno de estos aspectos tiene que ver con el miedo que muchas personas sienten cuando se vacunan, particularmente cuando tienen ante s\u00ed el instrumento de la vacunaci\u00f3n: la afilada aguja. Frente a la jeringuilla llena de la soluci\u00f3n y con su punta larga y amenazante, muchas personas sufren indecibles temores ante la inminente perforaci\u00f3n de su cuerpo. Gritos y llantos acompa\u00f1aron muchas veces las sesiones masivas de vacunaci\u00f3n. La <em>tripanofobia<\/em>, el miedo a las inyecciones, se hizo presente:<\/p>\n\n\n<figure class=\"wp-block-image size-large is-style-default\"><a href=\"http:\/\/blogscvc.cervantes.es\/martes-neologico\/wp-content\/uploads\/sites\/2\/2022\/10\/tripanofobia_500.jpg\"><img decoding=\"async\" class=\"wp-image-7916\" src=\"http:\/\/blogscvc.cervantes.es\/martes-neologico\/wp-content\/uploads\/sites\/2\/2022\/10\/tripanofobia_500.jpg\" alt=\"[fotograf\u00eda] tres jeringuillas\"><\/a><figcaption>Karolina Grabowska (Pexels)<\/figcaption><\/figure>\n\n\n<ul><li>Los proyectos de vacunaci\u00f3n han coincidido con un repentino y sospechoso incremento de los que se declaran afectados de <strong>tripanofobia<\/strong>, el p\u00e1nico irracional a las inyecciones. [<em>El Pa\u00eds<\/em> (Espa\u00f1a), 13\/12\/2020]<\/li><li>Seg\u00fan la psic\u00f3loga cl\u00ednica Sandra Herrera, hablar de este tema es importante en tiempos de vacunas. En concreto, explica que se trata de uno de los miedos m\u00e1s frecuentes y cuando es extremo se conoce como <strong>tripanofobia<\/strong>. [<em>El Comercio<\/em> (Per\u00fa), 27\/2\/2021]<\/li><li>El m\u00e9dico que la trata identifica este rechazo con un nombre cl\u00ednico, <strong>tripanofobia<\/strong>, que \u00e9l mismo describe como un miedo extremo a las agujas y las inyecciones. [<em>La Vanguardia<\/em> (Espa\u00f1a), 9\/12\/2020]<\/li><li>El miedo por contagiarse de Covid-19 super\u00f3 la fobia de algunos j\u00f3venes que recibieron la primera dosis de la vacuna contra el Sars-Cov-2. El miedo excesivo a las agujas e inyecciones es conocido en el \u00e1mbito m\u00e9dico como <strong>tripanofobia<\/strong>, un trastorno de ansiedad muy com\u00fan que ha salido a flote luego de la publicaci\u00f3n de videos que se han viralizado de personas gritando o llorando antes de recibir la vacuna. [<em>El Sol de M\u00e9xico<\/em (M\u00e9xico), 31\/7\/2021]<\/li><\/ul>\n\n\n\n<p>Si bien este padecimiento o fobia no es nuevo, lo cierto es que <em>tripanofobia<\/em>&nbsp;es una palabra neol\u00f3gica que increment\u00f3 su uso a partir del advenimiento de la pandemia. Esta palabra tiene una interesante etimolog\u00eda, formada por dos elementos grecolatinos. El primer elemento, <em>tr\u00e9pano<\/em>, proviene del lat\u00edn <em>trepanum<\/em>, y este, del griego <em>\u03c4\u03c1\u1f7b\u03c0\u03b1\u03bd\u03bf\u03bd tr\u00fdpanon<\/em> \u2018taladro\u2019. El segundo elemento, <em>fobia<\/em>, proviene del lat\u00edn <em>-phobia<\/em>, y del griego <em>-\u03c6\u03bf\u03b2\u1f77\u03b1 -phob\u00eda<\/em>, que es definida por el diccionario de la lengua como \u00abaversi\u00f3n\u00bb o \u00abrechazo\u00bb. Textualmente, este neologismo significa \u2018aversi\u00f3n al taladro\u2019 y puede parafrasearse como \u2018miedo a ser perforado\u2019, acci\u00f3n que efectivamente sucede cuando nos aplican una inyecci\u00f3n. Una palabra relacionada con el primer elemento es <em>trepanar<\/em>, que significa \u00abhoradar el cr\u00e1neo\u00bb. Parece justificarse, en cierta medida, esta fobia a la perforaci\u00f3n del cuerpo:<\/p>\n\n\n\n<ul><li>La <strong>tripanofobia<\/strong>&nbsp;o miedo a las agujas se suma a la incertidumbre provocada por la pandemia, lo que convierte a la vacunaci\u00f3n en un momento muy estresante para algunas personas. [<em>La Raz\u00f3n<\/em (Espa\u00f1a), 10\/6\/2020]<\/li><li>El t\u00e9rmino <strong>tripanofobia<\/strong significa miedo a ser perforado y, de acuerdo con la Universidad de Harvard, puede provocar que las personas que la padecen eviten todo tipo de vacunas. [<em>La Jornada Maya<\/em> (M\u00e9xico), 30\/7\/2021]<\/li><li>La llamada <strong>tripanofobia<\/strong> suele originarse en la ni\u00f1ez e incrementar en la madurez. [<em>El Universal<\/em> (M\u00e9xico), 1\/6\/2009]<\/li><\/ul>\n\n\n\n<p>Ahora bien, en el contexto de la pandemia, existen otros factores que contribuyen a exacerbar esta fobia: El miedo a la propia enfermedad, la incertidumbre sobre la efectividad real de las vacunas disponibles, las reacciones secundarias, la desconfianza en los aparatos gubernamentales, etc. Indudablemente, la expansi\u00f3n de la tripanofobia es una consecuencia de la pandemia y, si bien este temor a las agujas ha existido siempre, la situaci\u00f3n emergente que vivimos ahora la ha colocado en un primer plano dentro de las preocupaciones con respecto a la salud p\u00fablica mundial.<\/p>\n\n\n\n<p>Esta palabra no aparece en el diccionario de la RAE ni en ning\u00fan otro de la lengua espa\u00f1ola. Tampoco lo encontramos en <em>Oxford English Dictionary<\/em> para la lengua inglesa ni en <em>LeRobert<\/em> para el franc\u00e9s. Desde un punto de vista lexicogr\u00e1fico, podr\u00eda considerarse un neologismo, sin embargo, hay que considerar que en realidad es una palabra que se ha deslizado de un registro especializado hacia la lengua general. El hecho de que esta palabra est\u00e9 abandonando su confinamiento en un contexto muy espec\u00edfico nos permite suponer que podr\u00eda incorporarse a la n\u00f3mina de palabras del <em>DLE<\/em>.<\/p>\n\n\n\n<p>Ram\u00f3n F. Zacar\u00edas Ponce de Le\u00f3n<br>Instituto de Investigaciones Filol\u00f3gicas<br>Universidad Nacional Aut\u00f3noma de M\u00e9xico (M\u00e9xico)<\/p>\n","protected":false},"excerpt":{"rendered":"<p>No cabe la menor duda de que la pandemia de COVID ha trastornado nuestra vida durante los \u00faltimos tres a\u00f1os. El mundo ha enfrentado situaciones in\u00e9ditas y muchos de nuestros temores se han vuelto realidad. Afortunadamente, desde el a\u00f1o 2021 la vacuna contra esta enfermedad se ha aplicado masivamente en todos los continentes y la emergencia mundial parece terminar finalmente. Hay que considerar, sin embargo, que el rescoldo que dej\u00f3 este virus a\u00fan se manifiesta de diversas maneras. Si bien la vacunaci\u00f3n lleg\u00f3 como un viento fresco para llenarnos de esperanza en el combate contra la enfermedad, tuvo algunos aspectos negativos. Uno de estos aspectos tiene que ver con el miedo que muchas personas sienten cuando se vacunan, particularmente cuando tienen ante s\u00ed el instrumento de la vacunaci\u00f3n: la afilada aguja. Frente a la jeringuilla llena de la soluci\u00f3n y con su punta larga y amenazante, muchas personas sufren indecibles temores ante la inminente perforaci\u00f3n de su cuerpo. Gritos y llantos acompa\u00f1aron muchas veces las sesiones masivas de vacunaci\u00f3n<\/p>\n","protected":false},"author":1,"featured_media":10676,"comment_status":"open","ping_status":"open","sticky":false,"template":"","format":"standard","meta":{"_mi_skip_tracking":false,"_s2mail":""},"categories":[2,73],"tags":[],"yoast_head":"<!-- This site is optimized with the Yoast SEO plugin v20.6 - https:\/\/yoast.com\/wordpress\/plugins\/seo\/ -->\n<title>CVC. Tripanofobia | Martes Neol\u00f3gico<\/title>\n<meta name=\"description\" content=\"Art\u00edculo sobre el neologismo \u00abtripanofobia\u00bb, dentro del blog Martes Neol\u00f3gico del Centro Virtual Cervantes.\" \/>\n<meta name=\"robots\" content=\"index, follow, max-snippet:-1, max-image-preview:large, max-video-preview:-1\" \/>\n<link rel=\"canonical\" href=\"https:\/\/blogscvc.cervantes.es\/martes-neologico\/tripanofobia\/\" \/>\n<meta property=\"og:locale\" content=\"es_ES\" \/>\n<meta property=\"og:type\" content=\"article\" \/>\n<meta property=\"og:title\" content=\"CVC. Tripanofobia | Martes Neol\u00f3gico\" \/>\n<meta property=\"og:description\" content=\"Art\u00edculo sobre el neologismo \u00abtripanofobia\u00bb, dentro del blog Martes Neol\u00f3gico del Centro Virtual Cervantes.\" \/>\n<meta property=\"og:url\" content=\"https:\/\/blogscvc.cervantes.es\/martes-neologico\/tripanofobia\/\" \/>\n<meta property=\"og:site_name\" content=\"Martes Neol\u00f3gico\" \/>\n<meta property=\"article:published_time\" content=\"2022-11-01T05:00:00+00:00\" \/>\n<meta property=\"article:modified_time\" content=\"2025-08-01T08:06:20+00:00\" \/>\n<meta property=\"og:image\" content=\"http:\/\/blogscvc.cervantes.es\/martes-neologico\/wp-content\/uploads\/sites\/2\/2022\/10\/tripanofobia_350.jpg\" \/>\n\t<meta property=\"og:image:width\" content=\"750\" \/>\n\t<meta property=\"og:image:height\" content=\"350\" \/>\n\t<meta property=\"og:image:type\" content=\"image\/jpeg\" \/>\n<meta name=\"author\" content=\"admin\" \/>\n<meta name=\"twitter:card\" content=\"summary_large_image\" \/>\n<meta name=\"twitter:label1\" content=\"Escrito por\" \/>\n\t<meta name=\"twitter:data1\" content=\"admin\" \/>\n\t<meta name=\"twitter:label2\" content=\"Tiempo de lectura\" \/>\n\t<meta name=\"twitter:data2\" content=\"4 minutos\" \/>\n<script type=\"application\/ld+json\" class=\"yoast-schema-graph\">{\"@context\":\"https:\/\/schema.org\",\"@graph\":[{\"@type\":\"Article\",\"@id\":\"https:\/\/blogscvc.cervantes.es\/martes-neologico\/tripanofobia\/#article\",\"isPartOf\":{\"@id\":\"https:\/\/blogscvc.cervantes.es\/martes-neologico\/tripanofobia\/\"},\"author\":{\"name\":\"admin\",\"@id\":\"https:\/\/blogscvc.cervantes.es\/martes-neologico\/#\/schema\/person\/7e2fd26f886f53b1b2e81721d23acc47\"},\"headline\":\"tripanofobia f.\",\"datePublished\":\"2022-11-01T05:00:00+00:00\",\"dateModified\":\"2025-08-01T08:06:20+00:00\",\"mainEntityOfPage\":{\"@id\":\"https:\/\/blogscvc.cervantes.es\/martes-neologico\/tripanofobia\/\"},\"wordCount\":382,\"commentCount\":0,\"publisher\":{\"@id\":\"https:\/\/blogscvc.cervantes.es\/martes-neologico\/#organization\"},\"articleSection\":[\"composici\u00f3n culta\",\"salud\"],\"inLanguage\":\"es\",\"potentialAction\":[{\"@type\":\"CommentAction\",\"name\":\"Comment\",\"target\":[\"https:\/\/blogscvc.cervantes.es\/martes-neologico\/tripanofobia\/#respond\"]}]},{\"@type\":\"WebPage\",\"@id\":\"https:\/\/blogscvc.cervantes.es\/martes-neologico\/tripanofobia\/\",\"url\":\"https:\/\/blogscvc.cervantes.es\/martes-neologico\/tripanofobia\/\",\"name\":\"CVC. Tripanofobia | Martes Neol\u00f3gico\",\"isPartOf\":{\"@id\":\"https:\/\/blogscvc.cervantes.es\/martes-neologico\/#website\"},\"datePublished\":\"2022-11-01T05:00:00+00:00\",\"dateModified\":\"2025-08-01T08:06:20+00:00\",\"description\":\"Art\u00edculo sobre el neologismo \u00abtripanofobia\u00bb, dentro del blog Martes Neol\u00f3gico del Centro Virtual Cervantes.\",\"breadcrumb\":{\"@id\":\"https:\/\/blogscvc.cervantes.es\/martes-neologico\/tripanofobia\/#breadcrumb\"},\"inLanguage\":\"es\",\"potentialAction\":[{\"@type\":\"ReadAction\",\"target\":[\"https:\/\/blogscvc.cervantes.es\/martes-neologico\/tripanofobia\/\"]}]},{\"@type\":\"BreadcrumbList\",\"@id\":\"https:\/\/blogscvc.cervantes.es\/martes-neologico\/tripanofobia\/#breadcrumb\",\"itemListElement\":[{\"@type\":\"ListItem\",\"position\":1,\"name\":\"Portada\",\"item\":\"https:\/\/blogscvc.cervantes.es\/martes-neologico\/\"},{\"@type\":\"ListItem\",\"position\":2,\"name\":\"tripanofobia f.\"}]},{\"@type\":\"WebSite\",\"@id\":\"https:\/\/blogscvc.cervantes.es\/martes-neologico\/#website\",\"url\":\"https:\/\/blogscvc.cervantes.es\/martes-neologico\/\",\"name\":\"Martes Neol\u00f3gico\",\"description\":\"Cada martes, una palabra nueva que podr\u00eda estar en el diccionario\",\"publisher\":{\"@id\":\"https:\/\/blogscvc.cervantes.es\/martes-neologico\/#organization\"},\"potentialAction\":[{\"@type\":\"SearchAction\",\"target\":{\"@type\":\"EntryPoint\",\"urlTemplate\":\"https:\/\/blogscvc.cervantes.es\/martes-neologico\/?s={search_term_string}\"},\"query-input\":\"required name=search_term_string\"}],\"inLanguage\":\"es\"},{\"@type\":\"Organization\",\"@id\":\"https:\/\/blogscvc.cervantes.es\/martes-neologico\/#organization\",\"name\":\"Martes Neol\u00f3gico\",\"url\":\"https:\/\/blogscvc.cervantes.es\/martes-neologico\/\",\"logo\":{\"@type\":\"ImageObject\",\"inLanguage\":\"es\",\"@id\":\"https:\/\/blogscvc.cervantes.es\/martes-neologico\/#\/schema\/logo\/image\/\",\"url\":\"https:\/\/blogscvc.cervantes.es\/martes-neologico\/wp-content\/uploads\/sites\/2\/2025\/10\/logo-martes-neologico-10-anos.png\",\"contentUrl\":\"https:\/\/blogscvc.cervantes.es\/martes-neologico\/wp-content\/uploads\/sites\/2\/2025\/10\/logo-martes-neologico-10-anos.png\",\"width\":300,\"height\":100,\"caption\":\"Martes Neol\u00f3gico\"},\"image\":{\"@id\":\"https:\/\/blogscvc.cervantes.es\/martes-neologico\/#\/schema\/logo\/image\/\"}},{\"@type\":\"Person\",\"@id\":\"https:\/\/blogscvc.cervantes.es\/martes-neologico\/#\/schema\/person\/7e2fd26f886f53b1b2e81721d23acc47\",\"name\":\"admin\",\"image\":{\"@type\":\"ImageObject\",\"inLanguage\":\"es\",\"@id\":\"https:\/\/blogscvc.cervantes.es\/martes-neologico\/#\/schema\/person\/image\/\",\"url\":\"https:\/\/secure.gravatar.com\/avatar\/c4b6a365b64e607f3d2ecd9620a7675a?s=96&d=mm&r=g\",\"contentUrl\":\"https:\/\/secure.gravatar.com\/avatar\/c4b6a365b64e607f3d2ecd9620a7675a?s=96&d=mm&r=g\",\"caption\":\"admin\"},\"url\":\"https:\/\/blogscvc.cervantes.es\/martes-neologico\/author\/admin\/\"}]}<\/script>\n<!-- \/ Yoast SEO plugin. -->","yoast_head_json":{"title":"CVC. Tripanofobia | Martes Neol\u00f3gico","description":"Art\u00edculo sobre el neologismo \u00abtripanofobia\u00bb, dentro del blog Martes Neol\u00f3gico del Centro Virtual Cervantes.","robots":{"index":"index","follow":"follow","max-snippet":"max-snippet:-1","max-image-preview":"max-image-preview:large","max-video-preview":"max-video-preview:-1"},"canonical":"https:\/\/blogscvc.cervantes.es\/martes-neologico\/tripanofobia\/","og_locale":"es_ES","og_type":"article","og_title":"CVC. Tripanofobia | Martes Neol\u00f3gico","og_description":"Art\u00edculo sobre el neologismo \u00abtripanofobia\u00bb, dentro del blog Martes Neol\u00f3gico del Centro Virtual Cervantes.","og_url":"https:\/\/blogscvc.cervantes.es\/martes-neologico\/tripanofobia\/","og_site_name":"Martes Neol\u00f3gico","article_published_time":"2022-11-01T05:00:00+00:00","article_modified_time":"2025-08-01T08:06:20+00:00","og_image":[{"width":750,"height":350,"url":"http:\/\/blogscvc.cervantes.es\/martes-neologico\/wp-content\/uploads\/sites\/2\/2022\/10\/tripanofobia_350.jpg","type":"image\/jpeg"}],"author":"admin","twitter_card":"summary_large_image","twitter_misc":{"Escrito por":"admin","Tiempo de lectura":"4 minutos"},"schema":{"@context":"https:\/\/schema.org","@graph":[{"@type":"Article","@id":"https:\/\/blogscvc.cervantes.es\/martes-neologico\/tripanofobia\/#article","isPartOf":{"@id":"https:\/\/blogscvc.cervantes.es\/martes-neologico\/tripanofobia\/"},"author":{"name":"admin","@id":"https:\/\/blogscvc.cervantes.es\/martes-neologico\/#\/schema\/person\/7e2fd26f886f53b1b2e81721d23acc47"},"headline":"tripanofobia f.","datePublished":"2022-11-01T05:00:00+00:00","dateModified":"2025-08-01T08:06:20+00:00","mainEntityOfPage":{"@id":"https:\/\/blogscvc.cervantes.es\/martes-neologico\/tripanofobia\/"},"wordCount":382,"commentCount":0,"publisher":{"@id":"https:\/\/blogscvc.cervantes.es\/martes-neologico\/#organization"},"articleSection":["composici\u00f3n culta","salud"],"inLanguage":"es","potentialAction":[{"@type":"CommentAction","name":"Comment","target":["https:\/\/blogscvc.cervantes.es\/martes-neologico\/tripanofobia\/#respond"]}]},{"@type":"WebPage","@id":"https:\/\/blogscvc.cervantes.es\/martes-neologico\/tripanofobia\/","url":"https:\/\/blogscvc.cervantes.es\/martes-neologico\/tripanofobia\/","name":"CVC. Tripanofobia | Martes Neol\u00f3gico","isPartOf":{"@id":"https:\/\/blogscvc.cervantes.es\/martes-neologico\/#website"},"datePublished":"2022-11-01T05:00:00+00:00","dateModified":"2025-08-01T08:06:20+00:00","description":"Art\u00edculo sobre el neologismo \u00abtripanofobia\u00bb, dentro del blog Martes Neol\u00f3gico del Centro Virtual Cervantes.","breadcrumb":{"@id":"https:\/\/blogscvc.cervantes.es\/martes-neologico\/tripanofobia\/#breadcrumb"},"inLanguage":"es","potentialAction":[{"@type":"ReadAction","target":["https:\/\/blogscvc.cervantes.es\/martes-neologico\/tripanofobia\/"]}]},{"@type":"BreadcrumbList","@id":"https:\/\/blogscvc.cervantes.es\/martes-neologico\/tripanofobia\/#breadcrumb","itemListElement":[{"@type":"ListItem","position":1,"name":"Portada","item":"https:\/\/blogscvc.cervantes.es\/martes-neologico\/"},{"@type":"ListItem","position":2,"name":"tripanofobia f."}]},{"@type":"WebSite","@id":"https:\/\/blogscvc.cervantes.es\/martes-neologico\/#website","url":"https:\/\/blogscvc.cervantes.es\/martes-neologico\/","name":"Martes Neol\u00f3gico","description":"Cada martes, una palabra nueva que podr\u00eda estar en el diccionario","publisher":{"@id":"https:\/\/blogscvc.cervantes.es\/martes-neologico\/#organization"},"potentialAction":[{"@type":"SearchAction","target":{"@type":"EntryPoint","urlTemplate":"https:\/\/blogscvc.cervantes.es\/martes-neologico\/?s={search_term_string}"},"query-input":"required name=search_term_string"}],"inLanguage":"es"},{"@type":"Organization","@id":"https:\/\/blogscvc.cervantes.es\/martes-neologico\/#organization","name":"Martes Neol\u00f3gico","url":"https:\/\/blogscvc.cervantes.es\/martes-neologico\/","logo":{"@type":"ImageObject","inLanguage":"es","@id":"https:\/\/blogscvc.cervantes.es\/martes-neologico\/#\/schema\/logo\/image\/","url":"https:\/\/blogscvc.cervantes.es\/martes-neologico\/wp-content\/uploads\/sites\/2\/2025\/10\/logo-martes-neologico-10-anos.png","contentUrl":"https:\/\/blogscvc.cervantes.es\/martes-neologico\/wp-content\/uploads\/sites\/2\/2025\/10\/logo-martes-neologico-10-anos.png","width":300,"height":100,"caption":"Martes Neol\u00f3gico"},"image":{"@id":"https:\/\/blogscvc.cervantes.es\/martes-neologico\/#\/schema\/logo\/image\/"}},{"@type":"Person","@id":"https:\/\/blogscvc.cervantes.es\/martes-neologico\/#\/schema\/person\/7e2fd26f886f53b1b2e81721d23acc47","name":"admin","image":{"@type":"ImageObject","inLanguage":"es","@id":"https:\/\/blogscvc.cervantes.es\/martes-neologico\/#\/schema\/person\/image\/","url":"https:\/\/secure.gravatar.com\/avatar\/c4b6a365b64e607f3d2ecd9620a7675a?s=96&d=mm&r=g","contentUrl":"https:\/\/secure.gravatar.com\/avatar\/c4b6a365b64e607f3d2ecd9620a7675a?s=96&d=mm&r=g","caption":"admin"},"url":"https:\/\/blogscvc.cervantes.es\/martes-neologico\/author\/admin\/"}]}},"_links":{"self":[{"href":"https:\/\/blogscvc.cervantes.es\/martes-neologico\/wp-json\/wp\/v2\/posts\/10670"}],"collection":[{"href":"https:\/\/blogscvc.cervantes.es\/martes-neologico\/wp-json\/wp\/v2\/posts"}],"about":[{"href":"https:\/\/blogscvc.cervantes.es\/martes-neologico\/wp-json\/wp\/v2\/types\/post"}],"author":[{"embeddable":true,"href":"https:\/\/blogscvc.cervantes.es\/martes-neologico\/wp-json\/wp\/v2\/users\/1"}],"replies":[{"embeddable":true,"href":"https:\/\/blogscvc.cervantes.es\/martes-neologico\/wp-json\/wp\/v2\/comments?post=10670"}],"version-history":[{"count":1,"href":"https:\/\/blogscvc.cervantes.es\/martes-neologico\/wp-json\/wp\/v2\/posts\/10670\/revisions"}],"predecessor-version":[{"id":10682,"href":"https:\/\/blogscvc.cervantes.es\/martes-neologico\/wp-json\/wp\/v2\/posts\/10670\/revisions\/10682"}],"wp:featuredmedia":[{"embeddable":true,"href":"https:\/\/blogscvc.cervantes.es\/martes-neologico\/wp-json\/wp\/v2\/media\/10676"}],"wp:attachment":[{"href":"https:\/\/blogscvc.cervantes.es\/martes-neologico\/wp-json\/wp\/v2\/media?parent=10670"}],"wp:term":[{"taxonomy":"category","embeddable":true,"href":"https:\/\/blogscvc.cervantes.es\/martes-neologico\/wp-json\/wp\/v2\/categories?post=10670"},{"taxonomy":"post_tag","embeddable":true,"href":"https:\/\/blogscvc.cervantes.es\/martes-neologico\/wp-json\/wp\/v2\/tags?post=10670"}],"curies":[{"name":"wp","href":"https:\/\/api.w.org\/{rel}","templated":true}]}}