{"id":10697,"date":"2022-11-08T07:00:00","date_gmt":"2022-11-08T05:00:00","guid":{"rendered":"https:\/\/blogscvc.cervantes.es\/martes-neologico\/?p=10697"},"modified":"2025-07-30T15:17:21","modified_gmt":"2025-07-30T13:17:21","slug":"glocal","status":"publish","type":"post","link":"https:\/\/blogscvc.cervantes.es\/martes-neologico\/glocal\/","title":{"rendered":"glocal <em>adj.<\/em>"},"content":{"rendered":"\n<p>El desarrollo de las nuevas tecnolog\u00edas ha llevado a la sociedad a estar en contacto con pr\u00e1cticamente todos los rincones del mundo. Ahora que estamos en el siglo <span class=\"versalitas\">xxi<\/span>, es importante tomar conciencia tanto de la realidad pr\u00f3xima que nos rodea como de lo que sucede en la comunidad global. No vivimos en comunidades aisladas y, a causa de la globalizaci\u00f3n que est\u00e1 en auge, los problemas y las tendencias internacionales tienen repercusi\u00f3n sobre nuestra comunidad local. Este fen\u00f3meno nos ha llevado a prestar especial atenci\u00f3n a las corrientes que se siguen alrededor del mundo y a aplicarlas en el \u00e1mbito nacional, puesto que las fronteras de los productos y servicios son cada vez m\u00e1s difusas. En los \u00faltimos a\u00f1os ha emergido con fuerza la palabra glocal, usada para describir dicho fen\u00f3meno.<\/p>\n\n\n<figure class=\"wp-block-image size-large is-style-default\"><a href=\"http:\/\/blogscvc.cervantes.es\/martes-neologico\/wp-content\/uploads\/sites\/2\/2022\/11\/glocal_500.jpg\"><img decoding=\"async\" class=\"wp-image-7916\" src=\"http:\/\/blogscvc.cervantes.es\/martes-neologico\/wp-content\/uploads\/sites\/2\/2022\/11\/glocal_500.jpg\" alt=\"[fotograf\u00eda] mano se\u00f1alando un punto de una bola del mundo de tama\u00f1o reducido\"><\/a><figcaption>Artem Beliaikin (Pexels)<\/figcaption><\/figure>\n\n\n<p>Seg\u00fan la Fund\u00e9u, el adjetivo <em>glocal<\/em> se usa mayoritariamente en el \u00e1mbito econ\u00f3mico, pero tambi\u00e9n se usa en otros como la cultura, tal y como demuestran los ejemplos siguientes, que permiten comprobar el amplio alcance del adjetivo <em>glocal<\/em>, que se aplica a diversos campos:<\/p>\n\n\n\n<ul>\n<li>Su acogida internacional ha sido ins\u00f3lita. Es muy <strong>glocal<\/strong>; de global y local \u2014dice Herralde\u2014 de Anagrama. [<em>El Mercurio<\/em>&nbsp;(Chile), 16\/7\/2011]<\/li>\n\n\n\n<li>En la nueva econom\u00eda el l\u00edder tiene una funci\u00f3n de dise\u00f1ar experiencias de compra, de consumo y de modelos de negocio, en diferentes culturas. \u00abHay que ser <strong>glocal<\/strong>\u00bb. [<em>La Verdad<\/em> (Espa\u00f1a), 11\/11\/2012]<\/li>\n\n\n\n<li>El NTJ aplic\u00f3 lo que Jean Pierre Filiu, profesor en el instituto Sciences Po de Par\u00eds, califica de t\u00e1ctica <strong>glocal<\/strong>, es decir, acciones locales con objetivos globales. [<em>El Comercio <\/em>(Per\u00fa), 24\/4\/2019]<\/li>\n\n\n\n<li>Tengo el privilegio de trabajar en un Fab Lab, un espacio <strong>glocal<\/strong>, esto es, localmente ubicado, pero globalmente conectado, formando una red. [<em>Diario de Le\u00f3n<\/em>&nbsp;(Espa\u00f1a), 23\/5\/2021]<\/li>\n<\/ul>\n\n\n\n<p>El t\u00e9rmino <em>glocal<\/em> es el resultado de la uni\u00f3n de los adjetivos <em>global<\/em> y <em>local<\/em>. Se trata de un acr\u00f3nimo calcado del ingl\u00e9s en el que se ha conservado el fragmento inicial de la palabra <em>global<\/em> y el fragmento final de la palabra <em>local<\/em>. El <em>DLE<\/em> define el primer adjetivo como \u00abreferente al planeta o globo terr\u00e1queo\u00bb y el segundo como \u00abperteneciente o relativo a un territorio, a una comarca o a un pa\u00eds\u00bb. Por lo tanto, <em>glocal<\/em> hace referencia a lo que se realiza en un \u00e1mbito local pero que tiene implicaciones globales. Aunque es una idea que puede resultar parad\u00f3jica por la ant\u00edtesis de ambos formantes, es una cualidad que est\u00e1 muy presente en nuestro d\u00eda a d\u00eda, como ya hemos argumentado m\u00e1s arriba. Por ejemplo, frente a problemas que afectan a gran parte de la poblaci\u00f3n de la Tierra, como el cambio clim\u00e1tico, debemos empezar por buscar soluciones peque\u00f1as en un \u00e1mbito local para as\u00ed poder responder al problema global al que nos enfrentamos. Podemos cotejar este significado con el ejemplo que se presenta a continuaci\u00f3n:<\/p>\n\n\n\n<ul>\n<li>Cada d\u00eda es m\u00e1s claro que a los problemas globales tenemos que dar tambi\u00e9n soluciones locales. Es lo que se llama un abordaje <strong>glocal<\/strong>. [<em>El Mercurio <\/em>(Chile) 5\/8\/2021]<\/li>\n<\/ul>\n\n\n\n<p>La idea de tener en cuenta todo lo que sucede globalmente a nuestro alrededor para poder tomar decisiones coherentes a una escala mucho m\u00e1s peque\u00f1a es bastante reciente. Aunque no hay unanimidad en cuanto al origen, se atribuye principalmente al soci\u00f3logo escoc\u00e9s Patrick Geddes, quien a principios del siglo <span class=\"versalitas\">xx<\/span> acu\u00f1\u00f3 la expresi\u00f3n \u00abThink global, act local\u00bb (\u00abpiensa globalmente, act\u00faa localmente\u00bb) para describir que los peque\u00f1os actos que realizamos en nuestro d\u00eda a d\u00eda y las decisiones que tomamos pueden acabar teniendo una repercusi\u00f3n global. No obstante, hay quien piensa que esta palabra proviene de <em>glocalizaci\u00f3n<\/em>, sustantivo que se atribuye al soci\u00f3logo ingl\u00e9s Roland Robertson, quien sac\u00f3 a la luz por primera vez este concepto que m\u00e1s tarde difundir\u00eda el soci\u00f3logo alem\u00e1n Ulrich Beck. Adem\u00e1s, la idea de <em>glocalizaci\u00f3n<\/em>&nbsp;se desprende del t\u00e9rmino japon\u00e9s <em>dochakuka<\/em>, que significa \u2018el que vive de su propia tierra\u2019. En el contexto de los negocios, este t\u00e9rmino hace referencia a la adaptaci\u00f3n de los modelos est\u00e1ndares a las particularidades de donde se implementa; es decir, consiste en amoldar un modelo global a las necesidades del \u00e1mbito local.<\/p>\n\n\n\n<p>A pesar de que <em>glocal<\/em>&nbsp;se registra desde el a\u00f1o 2004 y define muy bien el modelo de actuaci\u00f3n que se est\u00e1 siguiendo actualmente en los distintos \u00e1mbitos que ya se han mencionado, solo aparece en <em>Alvar2<\/em>. El resto de los diccionarios del espa\u00f1ol, ya sean generales o de neologismos, no recoge todav\u00eda este t\u00e9rmino, a pesar de que otras lenguas como el ingl\u00e9s o el italiano ya han optado por incluirlo, como en el caso del <em>Oxford English Dictionary <\/em>y del <em>Dizionario Hoepli della lingua italiana<\/em>. Cada vez son m\u00e1s las ocurrencias que tiene este t\u00e9rmino en la prensa, por lo que se le deber\u00e1 seguir la pista desde cerca para poder ver su evoluci\u00f3n y valorar la posibilidad de a\u00f1adirlo a nuestros diccionarios.<\/p>\n\n\n\n<p>Marta Garc\u00eda Casado<br>Universitat Pompeu Fabra (Espa\u00f1a)<\/p>\n","protected":false},"excerpt":{"rendered":"<p>El desarrollo de las nuevas tecnolog\u00edas ha llevado a la sociedad a estar en contacto con pr\u00e1cticamente todos los rincones del mundo. Ahora que estamos en el siglo <span class=\"versalitas\">xxi<\/span>, es importante tomar conciencia tanto de la realidad pr\u00f3xima que nos rodea como de lo que sucede en la comunidad global. No vivimos en comunidades aisladas y, a causa de la globalizaci\u00f3n que est\u00e1 en auge, los problemas y las tendencias internacionales tienen repercusi\u00f3n sobre nuestra comunidad local. Este fen\u00f3meno nos ha llevado a prestar especial atenci\u00f3n a las corrientes que se siguen alrededor del mundo y a aplicarlas en el \u00e1mbito nacional, puesto que las fronteras de los productos y servicios son cada vez m\u00e1s difusas. En los \u00faltimos a\u00f1os ha emergido con fuerza la palabra glocal, usada para describir dicho fen\u00f3meno.<\/p>\n","protected":false},"author":1,"featured_media":10700,"comment_status":"open","ping_status":"open","sticky":false,"template":"","format":"standard","meta":{"_mi_skip_tracking":false,"_s2mail":""},"categories":[226,15],"tags":[],"yoast_head":"<!-- This site is optimized with the Yoast SEO plugin v20.6 - https:\/\/yoast.com\/wordpress\/plugins\/seo\/ -->\n<title>CVC. Glocal | Martes Neol\u00f3gico<\/title>\n<meta name=\"description\" content=\"Art\u00edculo sobre el neologismo \u00abglocal\u00bb, dentro del blog Martes Neol\u00f3gico del Centro Virtual Cervantes.\" \/>\n<meta name=\"robots\" content=\"index, follow, max-snippet:-1, max-image-preview:large, max-video-preview:-1\" \/>\n<link rel=\"canonical\" href=\"https:\/\/blogscvc.cervantes.es\/martes-neologico\/glocal\/\" \/>\n<meta property=\"og:locale\" content=\"es_ES\" \/>\n<meta property=\"og:type\" content=\"article\" \/>\n<meta property=\"og:title\" content=\"CVC. Glocal | Martes Neol\u00f3gico\" \/>\n<meta property=\"og:description\" content=\"Art\u00edculo sobre el neologismo \u00abglocal\u00bb, dentro del blog Martes Neol\u00f3gico del Centro Virtual Cervantes.\" \/>\n<meta property=\"og:url\" content=\"https:\/\/blogscvc.cervantes.es\/martes-neologico\/glocal\/\" \/>\n<meta property=\"og:site_name\" content=\"Martes Neol\u00f3gico\" \/>\n<meta property=\"article:published_time\" content=\"2022-11-08T05:00:00+00:00\" \/>\n<meta property=\"article:modified_time\" content=\"2025-07-30T13:17:21+00:00\" \/>\n<meta property=\"og:image\" content=\"http:\/\/blogscvc.cervantes.es\/martes-neologico\/wp-content\/uploads\/sites\/2\/2022\/11\/glocal_350.jpg\" \/>\n\t<meta property=\"og:image:width\" content=\"750\" \/>\n\t<meta property=\"og:image:height\" content=\"350\" \/>\n\t<meta property=\"og:image:type\" content=\"image\/jpeg\" \/>\n<meta name=\"author\" content=\"admin\" \/>\n<meta name=\"twitter:card\" content=\"summary_large_image\" \/>\n<meta name=\"twitter:label1\" content=\"Escrito por\" \/>\n\t<meta name=\"twitter:data1\" content=\"admin\" \/>\n\t<meta name=\"twitter:label2\" content=\"Tiempo de lectura\" \/>\n\t<meta name=\"twitter:data2\" content=\"4 minutos\" \/>\n<script type=\"application\/ld+json\" class=\"yoast-schema-graph\">{\"@context\":\"https:\/\/schema.org\",\"@graph\":[{\"@type\":\"Article\",\"@id\":\"https:\/\/blogscvc.cervantes.es\/martes-neologico\/glocal\/#article\",\"isPartOf\":{\"@id\":\"https:\/\/blogscvc.cervantes.es\/martes-neologico\/glocal\/\"},\"author\":{\"name\":\"admin\",\"@id\":\"https:\/\/blogscvc.cervantes.es\/martes-neologico\/#\/schema\/person\/7e2fd26f886f53b1b2e81721d23acc47\"},\"headline\":\"glocal adj.\",\"datePublished\":\"2022-11-08T05:00:00+00:00\",\"dateModified\":\"2025-07-30T13:17:21+00:00\",\"mainEntityOfPage\":{\"@id\":\"https:\/\/blogscvc.cervantes.es\/martes-neologico\/glocal\/\"},\"wordCount\":888,\"commentCount\":1,\"publisher\":{\"@id\":\"https:\/\/blogscvc.cervantes.es\/martes-neologico\/#organization\"},\"articleSection\":[\"acronimia\",\"econom\u00eda\"],\"inLanguage\":\"es\",\"potentialAction\":[{\"@type\":\"CommentAction\",\"name\":\"Comment\",\"target\":[\"https:\/\/blogscvc.cervantes.es\/martes-neologico\/glocal\/#respond\"]}]},{\"@type\":\"WebPage\",\"@id\":\"https:\/\/blogscvc.cervantes.es\/martes-neologico\/glocal\/\",\"url\":\"https:\/\/blogscvc.cervantes.es\/martes-neologico\/glocal\/\",\"name\":\"CVC. Glocal | Martes Neol\u00f3gico\",\"isPartOf\":{\"@id\":\"https:\/\/blogscvc.cervantes.es\/martes-neologico\/#website\"},\"datePublished\":\"2022-11-08T05:00:00+00:00\",\"dateModified\":\"2025-07-30T13:17:21+00:00\",\"description\":\"Art\u00edculo sobre el neologismo \u00abglocal\u00bb, dentro del blog Martes Neol\u00f3gico del Centro Virtual Cervantes.\",\"breadcrumb\":{\"@id\":\"https:\/\/blogscvc.cervantes.es\/martes-neologico\/glocal\/#breadcrumb\"},\"inLanguage\":\"es\",\"potentialAction\":[{\"@type\":\"ReadAction\",\"target\":[\"https:\/\/blogscvc.cervantes.es\/martes-neologico\/glocal\/\"]}]},{\"@type\":\"BreadcrumbList\",\"@id\":\"https:\/\/blogscvc.cervantes.es\/martes-neologico\/glocal\/#breadcrumb\",\"itemListElement\":[{\"@type\":\"ListItem\",\"position\":1,\"name\":\"Portada\",\"item\":\"https:\/\/blogscvc.cervantes.es\/martes-neologico\/\"},{\"@type\":\"ListItem\",\"position\":2,\"name\":\"glocal adj.\"}]},{\"@type\":\"WebSite\",\"@id\":\"https:\/\/blogscvc.cervantes.es\/martes-neologico\/#website\",\"url\":\"https:\/\/blogscvc.cervantes.es\/martes-neologico\/\",\"name\":\"Martes Neol\u00f3gico\",\"description\":\"Cada martes, una palabra nueva que podr\u00eda estar en el diccionario\",\"publisher\":{\"@id\":\"https:\/\/blogscvc.cervantes.es\/martes-neologico\/#organization\"},\"potentialAction\":[{\"@type\":\"SearchAction\",\"target\":{\"@type\":\"EntryPoint\",\"urlTemplate\":\"https:\/\/blogscvc.cervantes.es\/martes-neologico\/?s={search_term_string}\"},\"query-input\":\"required name=search_term_string\"}],\"inLanguage\":\"es\"},{\"@type\":\"Organization\",\"@id\":\"https:\/\/blogscvc.cervantes.es\/martes-neologico\/#organization\",\"name\":\"Martes Neol\u00f3gico\",\"url\":\"https:\/\/blogscvc.cervantes.es\/martes-neologico\/\",\"logo\":{\"@type\":\"ImageObject\",\"inLanguage\":\"es\",\"@id\":\"https:\/\/blogscvc.cervantes.es\/martes-neologico\/#\/schema\/logo\/image\/\",\"url\":\"https:\/\/blogscvc.cervantes.es\/martes-neologico\/wp-content\/uploads\/sites\/2\/2025\/10\/logo-martes-neologico-10-anos.png\",\"contentUrl\":\"https:\/\/blogscvc.cervantes.es\/martes-neologico\/wp-content\/uploads\/sites\/2\/2025\/10\/logo-martes-neologico-10-anos.png\",\"width\":300,\"height\":100,\"caption\":\"Martes Neol\u00f3gico\"},\"image\":{\"@id\":\"https:\/\/blogscvc.cervantes.es\/martes-neologico\/#\/schema\/logo\/image\/\"}},{\"@type\":\"Person\",\"@id\":\"https:\/\/blogscvc.cervantes.es\/martes-neologico\/#\/schema\/person\/7e2fd26f886f53b1b2e81721d23acc47\",\"name\":\"admin\",\"image\":{\"@type\":\"ImageObject\",\"inLanguage\":\"es\",\"@id\":\"https:\/\/blogscvc.cervantes.es\/martes-neologico\/#\/schema\/person\/image\/\",\"url\":\"https:\/\/secure.gravatar.com\/avatar\/c4b6a365b64e607f3d2ecd9620a7675a?s=96&d=mm&r=g\",\"contentUrl\":\"https:\/\/secure.gravatar.com\/avatar\/c4b6a365b64e607f3d2ecd9620a7675a?s=96&d=mm&r=g\",\"caption\":\"admin\"},\"url\":\"https:\/\/blogscvc.cervantes.es\/martes-neologico\/author\/admin\/\"}]}<\/script>\n<!-- \/ Yoast SEO plugin. -->","yoast_head_json":{"title":"CVC. Glocal | Martes Neol\u00f3gico","description":"Art\u00edculo sobre el neologismo \u00abglocal\u00bb, dentro del blog Martes Neol\u00f3gico del Centro Virtual Cervantes.","robots":{"index":"index","follow":"follow","max-snippet":"max-snippet:-1","max-image-preview":"max-image-preview:large","max-video-preview":"max-video-preview:-1"},"canonical":"https:\/\/blogscvc.cervantes.es\/martes-neologico\/glocal\/","og_locale":"es_ES","og_type":"article","og_title":"CVC. Glocal | Martes Neol\u00f3gico","og_description":"Art\u00edculo sobre el neologismo \u00abglocal\u00bb, dentro del blog Martes Neol\u00f3gico del Centro Virtual Cervantes.","og_url":"https:\/\/blogscvc.cervantes.es\/martes-neologico\/glocal\/","og_site_name":"Martes Neol\u00f3gico","article_published_time":"2022-11-08T05:00:00+00:00","article_modified_time":"2025-07-30T13:17:21+00:00","og_image":[{"width":750,"height":350,"url":"http:\/\/blogscvc.cervantes.es\/martes-neologico\/wp-content\/uploads\/sites\/2\/2022\/11\/glocal_350.jpg","type":"image\/jpeg"}],"author":"admin","twitter_card":"summary_large_image","twitter_misc":{"Escrito por":"admin","Tiempo de lectura":"4 minutos"},"schema":{"@context":"https:\/\/schema.org","@graph":[{"@type":"Article","@id":"https:\/\/blogscvc.cervantes.es\/martes-neologico\/glocal\/#article","isPartOf":{"@id":"https:\/\/blogscvc.cervantes.es\/martes-neologico\/glocal\/"},"author":{"name":"admin","@id":"https:\/\/blogscvc.cervantes.es\/martes-neologico\/#\/schema\/person\/7e2fd26f886f53b1b2e81721d23acc47"},"headline":"glocal adj.","datePublished":"2022-11-08T05:00:00+00:00","dateModified":"2025-07-30T13:17:21+00:00","mainEntityOfPage":{"@id":"https:\/\/blogscvc.cervantes.es\/martes-neologico\/glocal\/"},"wordCount":888,"commentCount":1,"publisher":{"@id":"https:\/\/blogscvc.cervantes.es\/martes-neologico\/#organization"},"articleSection":["acronimia","econom\u00eda"],"inLanguage":"es","potentialAction":[{"@type":"CommentAction","name":"Comment","target":["https:\/\/blogscvc.cervantes.es\/martes-neologico\/glocal\/#respond"]}]},{"@type":"WebPage","@id":"https:\/\/blogscvc.cervantes.es\/martes-neologico\/glocal\/","url":"https:\/\/blogscvc.cervantes.es\/martes-neologico\/glocal\/","name":"CVC. Glocal | Martes Neol\u00f3gico","isPartOf":{"@id":"https:\/\/blogscvc.cervantes.es\/martes-neologico\/#website"},"datePublished":"2022-11-08T05:00:00+00:00","dateModified":"2025-07-30T13:17:21+00:00","description":"Art\u00edculo sobre el neologismo \u00abglocal\u00bb, dentro del blog Martes Neol\u00f3gico del Centro Virtual Cervantes.","breadcrumb":{"@id":"https:\/\/blogscvc.cervantes.es\/martes-neologico\/glocal\/#breadcrumb"},"inLanguage":"es","potentialAction":[{"@type":"ReadAction","target":["https:\/\/blogscvc.cervantes.es\/martes-neologico\/glocal\/"]}]},{"@type":"BreadcrumbList","@id":"https:\/\/blogscvc.cervantes.es\/martes-neologico\/glocal\/#breadcrumb","itemListElement":[{"@type":"ListItem","position":1,"name":"Portada","item":"https:\/\/blogscvc.cervantes.es\/martes-neologico\/"},{"@type":"ListItem","position":2,"name":"glocal adj."}]},{"@type":"WebSite","@id":"https:\/\/blogscvc.cervantes.es\/martes-neologico\/#website","url":"https:\/\/blogscvc.cervantes.es\/martes-neologico\/","name":"Martes Neol\u00f3gico","description":"Cada martes, una palabra nueva que podr\u00eda estar en el diccionario","publisher":{"@id":"https:\/\/blogscvc.cervantes.es\/martes-neologico\/#organization"},"potentialAction":[{"@type":"SearchAction","target":{"@type":"EntryPoint","urlTemplate":"https:\/\/blogscvc.cervantes.es\/martes-neologico\/?s={search_term_string}"},"query-input":"required name=search_term_string"}],"inLanguage":"es"},{"@type":"Organization","@id":"https:\/\/blogscvc.cervantes.es\/martes-neologico\/#organization","name":"Martes Neol\u00f3gico","url":"https:\/\/blogscvc.cervantes.es\/martes-neologico\/","logo":{"@type":"ImageObject","inLanguage":"es","@id":"https:\/\/blogscvc.cervantes.es\/martes-neologico\/#\/schema\/logo\/image\/","url":"https:\/\/blogscvc.cervantes.es\/martes-neologico\/wp-content\/uploads\/sites\/2\/2025\/10\/logo-martes-neologico-10-anos.png","contentUrl":"https:\/\/blogscvc.cervantes.es\/martes-neologico\/wp-content\/uploads\/sites\/2\/2025\/10\/logo-martes-neologico-10-anos.png","width":300,"height":100,"caption":"Martes Neol\u00f3gico"},"image":{"@id":"https:\/\/blogscvc.cervantes.es\/martes-neologico\/#\/schema\/logo\/image\/"}},{"@type":"Person","@id":"https:\/\/blogscvc.cervantes.es\/martes-neologico\/#\/schema\/person\/7e2fd26f886f53b1b2e81721d23acc47","name":"admin","image":{"@type":"ImageObject","inLanguage":"es","@id":"https:\/\/blogscvc.cervantes.es\/martes-neologico\/#\/schema\/person\/image\/","url":"https:\/\/secure.gravatar.com\/avatar\/c4b6a365b64e607f3d2ecd9620a7675a?s=96&d=mm&r=g","contentUrl":"https:\/\/secure.gravatar.com\/avatar\/c4b6a365b64e607f3d2ecd9620a7675a?s=96&d=mm&r=g","caption":"admin"},"url":"https:\/\/blogscvc.cervantes.es\/martes-neologico\/author\/admin\/"}]}},"_links":{"self":[{"href":"https:\/\/blogscvc.cervantes.es\/martes-neologico\/wp-json\/wp\/v2\/posts\/10697"}],"collection":[{"href":"https:\/\/blogscvc.cervantes.es\/martes-neologico\/wp-json\/wp\/v2\/posts"}],"about":[{"href":"https:\/\/blogscvc.cervantes.es\/martes-neologico\/wp-json\/wp\/v2\/types\/post"}],"author":[{"embeddable":true,"href":"https:\/\/blogscvc.cervantes.es\/martes-neologico\/wp-json\/wp\/v2\/users\/1"}],"replies":[{"embeddable":true,"href":"https:\/\/blogscvc.cervantes.es\/martes-neologico\/wp-json\/wp\/v2\/comments?post=10697"}],"version-history":[{"count":3,"href":"https:\/\/blogscvc.cervantes.es\/martes-neologico\/wp-json\/wp\/v2\/posts\/10697\/revisions"}],"predecessor-version":[{"id":13477,"href":"https:\/\/blogscvc.cervantes.es\/martes-neologico\/wp-json\/wp\/v2\/posts\/10697\/revisions\/13477"}],"wp:featuredmedia":[{"embeddable":true,"href":"https:\/\/blogscvc.cervantes.es\/martes-neologico\/wp-json\/wp\/v2\/media\/10700"}],"wp:attachment":[{"href":"https:\/\/blogscvc.cervantes.es\/martes-neologico\/wp-json\/wp\/v2\/media?parent=10697"}],"wp:term":[{"taxonomy":"category","embeddable":true,"href":"https:\/\/blogscvc.cervantes.es\/martes-neologico\/wp-json\/wp\/v2\/categories?post=10697"},{"taxonomy":"post_tag","embeddable":true,"href":"https:\/\/blogscvc.cervantes.es\/martes-neologico\/wp-json\/wp\/v2\/tags?post=10697"}],"curies":[{"name":"wp","href":"https:\/\/api.w.org\/{rel}","templated":true}]}}