{"id":10823,"date":"2022-11-29T07:00:00","date_gmt":"2022-11-29T05:00:00","guid":{"rendered":"https:\/\/blogscvc.cervantes.es\/martes-neologico\/?p=10823"},"modified":"2025-07-31T13:07:20","modified_gmt":"2025-07-31T11:07:20","slug":"nanoparticula","status":"publish","type":"post","link":"https:\/\/blogscvc.cervantes.es\/martes-neologico\/nanoparticula\/","title":{"rendered":"nanopart\u00edcula <em>f.<\/em>"},"content":{"rendered":"<p><em>Nanopart\u00edcula<\/em> es una palabra que designa una part\u00edcula microsc\u00f3pica, que tiene una dimensi\u00f3n menor a los cien nan\u00f3metros. Se trata de una composici\u00f3n h\u00edbrida del prefijo <em>nano-<\/em>, que proviene del lat\u00edn <em>nanus<\/em> (enano) y la palabra <em>part\u00edcula<\/em>, que significa \u00abparte peque\u00f1a de materia\u00bb. Se utiliza como sustantivo femenino y no posee variantes gr\u00e1ficas.<\/p>\n<figure class=\"wp-block-image size-large is-style-default\"><a href=\"http:\/\/blogscvc.cervantes.es\/martes-neologico\/wp-content\/uploads\/sites\/2\/2022\/11\/nanoparticula_500.jpg\"><img decoding=\"async\" class=\"wp-image-7916\" src=\"http:\/\/blogscvc.cervantes.es\/martes-neologico\/wp-content\/uploads\/sites\/2\/2022\/11\/nanoparticula_500.jpg\" alt=\"[fotograf\u00eda] detalle de part\u00edculas org\u00e1nicas con fondo tintado en azul\"><\/a><figcaption>Google Images<\/figcaption><\/figure>\n<p>A pesar de que las nanopart\u00edculas se consideran un hallazgo de la ciencia moderna, seg\u00fan la Wikipedia su descubrimiento se remonta al siglo <span class=\"versalitas\">ix<\/span> en Mesopotamia, en donde los artesanos utilizaban <em>nanopart\u00edculas<\/em> de plata y cobre con la finalidad de generar un efecto resplandeciente en sus creaciones de cer\u00e1mica. De igual modo, en siglos posteriores se utilizaban estos elementos con el fin de pulir objetos preciosos, como joyas o armaduras. Para ello, los artesanos mezclaban sales de cobre y plata con \u00f3xidos y vinagres, lo aplicaban en las \u00e1reas que deseaban pulir y luego el objeto era puesto en un horno, que con la temperatura entregaba el efecto est\u00e9tico deseado.<\/p>\n<p>En nuestros d\u00edas, debido a los avances de la ciencia moderna, espec\u00edficamente en el campo de la medicina, las <em>nanopart\u00edculas<\/em> se utilizan como medio de transporte en diversos f\u00e1rmacos. Las aplicaciones m\u00e9dicas de las <em>nanopart\u00edculas<\/em> se han concentrado en los tratamientos cancer\u00edgenos, ya que estas alcanzar\u00edan a las c\u00e9lulas malignas al transportar el medicamento, lo que aumentar\u00eda su eficacia y reducir\u00eda los efectos adversos.<\/p>\n<p>Si analizamos su representaci\u00f3n lexicogr\u00e1fica en la lengua espa\u00f1ola, esta palabra no est\u00e1 registrada en el <em>DLE<\/em>, pero s\u00ed en otros diccionarios de uso. <em>Antenario<\/em> la define como \u00abpart\u00edcula microsc\u00f3pica, con una dimensi\u00f3n menor a 100 nan\u00f3metros\u00bb, que es igual a la entregada por el <em>DUEAE<\/em>. Asimismo, el <em>Diccionario ejemplificado de chilenismos<\/em> la define como una \u00abpart\u00edcula peque\u00f1\u00edsima, que se mide en milmillon\u00e9simas partes de metro\u00bb. En algunos diccionarios de lengua inglesa podemos encontrar una definici\u00f3n similar: tanto el <em>Oxford English Dictionary<\/em> como el <em>Collins English Dictionary<\/em> la definen, en funci\u00f3n de su medida, como una part\u00edcula o pieza de materia que mide menos de cien nan\u00f3metros.<\/p>\n<p>En los contextos de aparici\u00f3n de <em>nanopart\u00edcula<\/em> registrados en BOBNEO, esta unidad l\u00e9xica concurre con unidades como <em>aplicaci\u00f3n<\/em>, <em>c\u00e1ncer<\/em>, <em>salud<\/em> y <em>medicina<\/em>. Su primer registro en esta fuente data del a\u00f1o 2005 y su uso se documenta en distintos pa\u00edses de habla hispana. A continuaci\u00f3n, se presentan algunos ejemplos de extra\u00eddos de BOBNEO:<\/p>\n<ul>\n<li>Un grupo de investigadores de Estados Unidos ha creado unas <strong>nanopart\u00edculas<\/strong> que, una vez inyectadas en un tumor maligno, pueden matar las c\u00e9lulas cancer\u00edgenas y dejar intactas las sanas. [<em>El Pa\u00eds<\/em> (Espa\u00f1a), 25\/5\/2006]<\/li>\n<li>Crean <strong>nanopart\u00edcula<\/strong> que perfora el tumor cerebral m\u00e1s mortal para eliminarlo desde adentro. [<em>El Comerio<\/em> (Per\u00fa), 17\/1\/2019]<\/li>\n<li>Estamos desarrollando unas <strong>nanopart\u00edculas<\/strong> (que tienen una dimensi\u00f3n de menos de 100 nan\u00f3metros o mil millon\u00e9simas partes de metro) que llevan tamoxifeno. [<em>La Naci\u00f3n<\/em> (Argentina), 17\/5\/2019]<\/li>\n<\/ul>\n<p>A pesar del consenso en la definici\u00f3n de <em>nanopart\u00edcula<\/em> en ocasiones se solapa con otra palabra neol\u00f3gica, que es <em>nanomaterial<\/em>. Se observan dos definiciones de <em>nanomaterial<\/em>: por un lado, la International Standardization Organization la define como todo material que se encuentra en una escala nano. La segunda definici\u00f3n, dada por el <em>Collins English Dictionary<\/em>, describe <em>nanomaterial<\/em> como todo aquel elemento que, como promedio de las distintas partes que lo componen, mide entre 1 y 100 nan\u00f3metros. En esta segunda definici\u00f3n se entiende que un <em>nanomaterial<\/em> est\u00e1 compuesto de <em>nanopart\u00edculas<\/em>, dado que algunas de sus partes se encuentran en el rango de medici\u00f3n para ser consideradas como <em>nanopart\u00edculas<\/em>. Asimismo, otra diferencia se encuentra en los contextos de uso, ya que <em>nanopart\u00edcula<\/em> se relaciona, generalmente, con el \u00e1rea de la salud y la medicina. En cambio, <em>nanomaterial<\/em> se vincula con \u00e1mbitos como la qu\u00edmica o la geolog\u00eda, seg\u00fan se observa en los siguientes ejemplos:<\/p>\n<ul>\n<li>Agreg\u00f3 que el campo de aplicaci\u00f3n de estos productos es diverso, abarcando desde control de olores y potabilizaci\u00f3n avanzada de agua, hasta el uso de grafito sint\u00e9tico para fabricar electrodos, \u00e1nodos de bater\u00edas de ion litio y <strong>nanomateriales<\/strong> de grafeno. [<em>El Sur<\/em> (Chile), 17\/4\/2019]<\/li>\n<li>En 20 m\u00f3dulos interactivos, en la exposici\u00f3n los ni\u00f1os pueden ver, mediante microscop\u00edas, los <strong>nanomateriales<\/strong>, revisar c\u00f3mo los semiconductores convierten la energ\u00eda lum\u00ednica en el\u00e9ctrica. [<em>El Mercurio<\/em> (Chile), 12\/5\/2007]<\/li>\n<\/ul>\n<p><em>Nanopart\u00edcula<\/em> es una de las m\u00faltiples unidades que se han popularizado en nuestra lengua gracias a la divulgaci\u00f3n cient\u00edfica de los avances de la ciencia y la tecnolog\u00eda, en este caso en relaci\u00f3n con el nivel molecular o at\u00f3mico. Una muestra de ello es la incorporaci\u00f3n en el <em>DLE<\/em> de palabras como <em>nanotubo<\/em>,<em> nanotecnolog\u00eda y nan\u00f3metro<\/em>, que representan otras realidades de esta escala tan diminuta. Una <em>nanopart\u00edcula<\/em> es m\u00e1s peque\u00f1a que una bacteria, que la punta de un alfiler y que un grano de az\u00facar y, a pesar de ello, tiene un impacto enorme en las ciencias de la salud. En la actualidad se aplica en m\u00faltiples tratamientos, ya sea en tratamientos oncol\u00f3gicos, del alzh\u00e9imer o de distintas enfermedades neurol\u00f3gicas. Debido a ello, consideramos que posee la suficiente relevancia y autonom\u00eda para tener su propio espacio en los diccionarios de habla hispana.<\/p>\n<p>Maximiliano Ram\u00edrez Henr\u00edquez<br \/>\nAntena Neol\u00f3gica de Valpara\u00edso-NEOVALPO<br \/>\nPontificia Universidad Cat\u00f3lica de Valpara\u00edso (Chile)<\/p>\n","protected":false},"excerpt":{"rendered":"<p><em>Nanopart\u00edcula<\/em> es una palabra que designa una part\u00edcula microsc\u00f3pica, que tiene una dimensi\u00f3n menor a los cien nan\u00f3metros. Se trata de una composici\u00f3n h\u00edbrida del prefijo <em>nano-<\/em>, que proviene del lat\u00edn <em>nanus<\/em> (enano) y la palabra <em>part\u00edcula<\/em>, que significa \u00abparte peque\u00f1a de materia\u00bb. Se utiliza como sustantivo femenino y no posee variantes gr\u00e1ficas.<\/p>\n","protected":false},"author":1,"featured_media":10826,"comment_status":"open","ping_status":"open","sticky":false,"template":"","format":"standard","meta":{"_mi_skip_tracking":false,"_s2mail":""},"categories":[197,209],"tags":[],"yoast_head":"<!-- This site is optimized with the Yoast SEO plugin v20.6 - https:\/\/yoast.com\/wordpress\/plugins\/seo\/ -->\n<title>CVC. Nanopart\u00edcula | Martes Neol\u00f3gico<\/title>\n<meta name=\"description\" content=\"Art\u00edculo sobre el neologismo \u00abnanopart\u00edcula\u00bb, dentro del blog Martes Neol\u00f3gico del Centro Virtual Cervantes.\" \/>\n<meta name=\"robots\" content=\"index, follow, max-snippet:-1, max-image-preview:large, max-video-preview:-1\" \/>\n<link rel=\"canonical\" href=\"https:\/\/blogscvc.cervantes.es\/martes-neologico\/nanoparticula\/\" \/>\n<meta property=\"og:locale\" content=\"es_ES\" \/>\n<meta property=\"og:type\" content=\"article\" \/>\n<meta property=\"og:title\" content=\"CVC. Nanopart\u00edcula | Martes Neol\u00f3gico\" \/>\n<meta property=\"og:description\" content=\"Art\u00edculo sobre el neologismo \u00abnanopart\u00edcula\u00bb, dentro del blog Martes Neol\u00f3gico del Centro Virtual Cervantes.\" \/>\n<meta property=\"og:url\" content=\"https:\/\/blogscvc.cervantes.es\/martes-neologico\/nanoparticula\/\" \/>\n<meta property=\"og:site_name\" content=\"Martes Neol\u00f3gico\" \/>\n<meta property=\"article:published_time\" content=\"2022-11-29T05:00:00+00:00\" \/>\n<meta property=\"article:modified_time\" content=\"2025-07-31T11:07:20+00:00\" \/>\n<meta property=\"og:image\" content=\"http:\/\/blogscvc.cervantes.es\/martes-neologico\/wp-content\/uploads\/sites\/2\/2022\/11\/nanoparticula_350.jpg\" \/>\n\t<meta property=\"og:image:width\" content=\"750\" \/>\n\t<meta property=\"og:image:height\" content=\"350\" \/>\n\t<meta property=\"og:image:type\" content=\"image\/jpeg\" \/>\n<meta name=\"author\" content=\"admin\" \/>\n<meta name=\"twitter:card\" content=\"summary_large_image\" \/>\n<meta name=\"twitter:label1\" content=\"Escrito por\" \/>\n\t<meta name=\"twitter:data1\" content=\"admin\" \/>\n\t<meta name=\"twitter:label2\" content=\"Tiempo de lectura\" \/>\n\t<meta name=\"twitter:data2\" content=\"5 minutos\" \/>\n<script type=\"application\/ld+json\" class=\"yoast-schema-graph\">{\"@context\":\"https:\/\/schema.org\",\"@graph\":[{\"@type\":\"Article\",\"@id\":\"https:\/\/blogscvc.cervantes.es\/martes-neologico\/nanoparticula\/#article\",\"isPartOf\":{\"@id\":\"https:\/\/blogscvc.cervantes.es\/martes-neologico\/nanoparticula\/\"},\"author\":{\"name\":\"admin\",\"@id\":\"https:\/\/blogscvc.cervantes.es\/martes-neologico\/#\/schema\/person\/7e2fd26f886f53b1b2e81721d23acc47\"},\"headline\":\"nanopart\u00edcula f.\",\"datePublished\":\"2022-11-29T05:00:00+00:00\",\"dateModified\":\"2025-07-31T11:07:20+00:00\",\"mainEntityOfPage\":{\"@id\":\"https:\/\/blogscvc.cervantes.es\/martes-neologico\/nanoparticula\/\"},\"wordCount\":949,\"commentCount\":0,\"publisher\":{\"@id\":\"https:\/\/blogscvc.cervantes.es\/martes-neologico\/#organization\"},\"articleSection\":[\"composici\u00f3n h\u00edbrida\",\"f\u00edsica\"],\"inLanguage\":\"es\",\"potentialAction\":[{\"@type\":\"CommentAction\",\"name\":\"Comment\",\"target\":[\"https:\/\/blogscvc.cervantes.es\/martes-neologico\/nanoparticula\/#respond\"]}]},{\"@type\":\"WebPage\",\"@id\":\"https:\/\/blogscvc.cervantes.es\/martes-neologico\/nanoparticula\/\",\"url\":\"https:\/\/blogscvc.cervantes.es\/martes-neologico\/nanoparticula\/\",\"name\":\"CVC. Nanopart\u00edcula | Martes Neol\u00f3gico\",\"isPartOf\":{\"@id\":\"https:\/\/blogscvc.cervantes.es\/martes-neologico\/#website\"},\"datePublished\":\"2022-11-29T05:00:00+00:00\",\"dateModified\":\"2025-07-31T11:07:20+00:00\",\"description\":\"Art\u00edculo sobre el neologismo \u00abnanopart\u00edcula\u00bb, dentro del blog Martes Neol\u00f3gico del Centro Virtual Cervantes.\",\"breadcrumb\":{\"@id\":\"https:\/\/blogscvc.cervantes.es\/martes-neologico\/nanoparticula\/#breadcrumb\"},\"inLanguage\":\"es\",\"potentialAction\":[{\"@type\":\"ReadAction\",\"target\":[\"https:\/\/blogscvc.cervantes.es\/martes-neologico\/nanoparticula\/\"]}]},{\"@type\":\"BreadcrumbList\",\"@id\":\"https:\/\/blogscvc.cervantes.es\/martes-neologico\/nanoparticula\/#breadcrumb\",\"itemListElement\":[{\"@type\":\"ListItem\",\"position\":1,\"name\":\"Portada\",\"item\":\"https:\/\/blogscvc.cervantes.es\/martes-neologico\/\"},{\"@type\":\"ListItem\",\"position\":2,\"name\":\"nanopart\u00edcula f.\"}]},{\"@type\":\"WebSite\",\"@id\":\"https:\/\/blogscvc.cervantes.es\/martes-neologico\/#website\",\"url\":\"https:\/\/blogscvc.cervantes.es\/martes-neologico\/\",\"name\":\"Martes Neol\u00f3gico\",\"description\":\"Cada martes, una palabra nueva que podr\u00eda estar en el diccionario\",\"publisher\":{\"@id\":\"https:\/\/blogscvc.cervantes.es\/martes-neologico\/#organization\"},\"potentialAction\":[{\"@type\":\"SearchAction\",\"target\":{\"@type\":\"EntryPoint\",\"urlTemplate\":\"https:\/\/blogscvc.cervantes.es\/martes-neologico\/?s={search_term_string}\"},\"query-input\":\"required name=search_term_string\"}],\"inLanguage\":\"es\"},{\"@type\":\"Organization\",\"@id\":\"https:\/\/blogscvc.cervantes.es\/martes-neologico\/#organization\",\"name\":\"Martes Neol\u00f3gico\",\"url\":\"https:\/\/blogscvc.cervantes.es\/martes-neologico\/\",\"logo\":{\"@type\":\"ImageObject\",\"inLanguage\":\"es\",\"@id\":\"https:\/\/blogscvc.cervantes.es\/martes-neologico\/#\/schema\/logo\/image\/\",\"url\":\"https:\/\/blogscvc.cervantes.es\/martes-neologico\/wp-content\/uploads\/sites\/2\/2025\/10\/logo-martes-neologico-10-anos.png\",\"contentUrl\":\"https:\/\/blogscvc.cervantes.es\/martes-neologico\/wp-content\/uploads\/sites\/2\/2025\/10\/logo-martes-neologico-10-anos.png\",\"width\":300,\"height\":100,\"caption\":\"Martes Neol\u00f3gico\"},\"image\":{\"@id\":\"https:\/\/blogscvc.cervantes.es\/martes-neologico\/#\/schema\/logo\/image\/\"}},{\"@type\":\"Person\",\"@id\":\"https:\/\/blogscvc.cervantes.es\/martes-neologico\/#\/schema\/person\/7e2fd26f886f53b1b2e81721d23acc47\",\"name\":\"admin\",\"image\":{\"@type\":\"ImageObject\",\"inLanguage\":\"es\",\"@id\":\"https:\/\/blogscvc.cervantes.es\/martes-neologico\/#\/schema\/person\/image\/\",\"url\":\"https:\/\/secure.gravatar.com\/avatar\/c4b6a365b64e607f3d2ecd9620a7675a?s=96&d=mm&r=g\",\"contentUrl\":\"https:\/\/secure.gravatar.com\/avatar\/c4b6a365b64e607f3d2ecd9620a7675a?s=96&d=mm&r=g\",\"caption\":\"admin\"},\"url\":\"https:\/\/blogscvc.cervantes.es\/martes-neologico\/author\/admin\/\"}]}<\/script>\n<!-- \/ Yoast SEO plugin. -->","yoast_head_json":{"title":"CVC. Nanopart\u00edcula | Martes Neol\u00f3gico","description":"Art\u00edculo sobre el neologismo \u00abnanopart\u00edcula\u00bb, dentro del blog Martes Neol\u00f3gico del Centro Virtual Cervantes.","robots":{"index":"index","follow":"follow","max-snippet":"max-snippet:-1","max-image-preview":"max-image-preview:large","max-video-preview":"max-video-preview:-1"},"canonical":"https:\/\/blogscvc.cervantes.es\/martes-neologico\/nanoparticula\/","og_locale":"es_ES","og_type":"article","og_title":"CVC. Nanopart\u00edcula | Martes Neol\u00f3gico","og_description":"Art\u00edculo sobre el neologismo \u00abnanopart\u00edcula\u00bb, dentro del blog Martes Neol\u00f3gico del Centro Virtual Cervantes.","og_url":"https:\/\/blogscvc.cervantes.es\/martes-neologico\/nanoparticula\/","og_site_name":"Martes Neol\u00f3gico","article_published_time":"2022-11-29T05:00:00+00:00","article_modified_time":"2025-07-31T11:07:20+00:00","og_image":[{"width":750,"height":350,"url":"http:\/\/blogscvc.cervantes.es\/martes-neologico\/wp-content\/uploads\/sites\/2\/2022\/11\/nanoparticula_350.jpg","type":"image\/jpeg"}],"author":"admin","twitter_card":"summary_large_image","twitter_misc":{"Escrito por":"admin","Tiempo de lectura":"5 minutos"},"schema":{"@context":"https:\/\/schema.org","@graph":[{"@type":"Article","@id":"https:\/\/blogscvc.cervantes.es\/martes-neologico\/nanoparticula\/#article","isPartOf":{"@id":"https:\/\/blogscvc.cervantes.es\/martes-neologico\/nanoparticula\/"},"author":{"name":"admin","@id":"https:\/\/blogscvc.cervantes.es\/martes-neologico\/#\/schema\/person\/7e2fd26f886f53b1b2e81721d23acc47"},"headline":"nanopart\u00edcula f.","datePublished":"2022-11-29T05:00:00+00:00","dateModified":"2025-07-31T11:07:20+00:00","mainEntityOfPage":{"@id":"https:\/\/blogscvc.cervantes.es\/martes-neologico\/nanoparticula\/"},"wordCount":949,"commentCount":0,"publisher":{"@id":"https:\/\/blogscvc.cervantes.es\/martes-neologico\/#organization"},"articleSection":["composici\u00f3n h\u00edbrida","f\u00edsica"],"inLanguage":"es","potentialAction":[{"@type":"CommentAction","name":"Comment","target":["https:\/\/blogscvc.cervantes.es\/martes-neologico\/nanoparticula\/#respond"]}]},{"@type":"WebPage","@id":"https:\/\/blogscvc.cervantes.es\/martes-neologico\/nanoparticula\/","url":"https:\/\/blogscvc.cervantes.es\/martes-neologico\/nanoparticula\/","name":"CVC. Nanopart\u00edcula | Martes Neol\u00f3gico","isPartOf":{"@id":"https:\/\/blogscvc.cervantes.es\/martes-neologico\/#website"},"datePublished":"2022-11-29T05:00:00+00:00","dateModified":"2025-07-31T11:07:20+00:00","description":"Art\u00edculo sobre el neologismo \u00abnanopart\u00edcula\u00bb, dentro del blog Martes Neol\u00f3gico del Centro Virtual Cervantes.","breadcrumb":{"@id":"https:\/\/blogscvc.cervantes.es\/martes-neologico\/nanoparticula\/#breadcrumb"},"inLanguage":"es","potentialAction":[{"@type":"ReadAction","target":["https:\/\/blogscvc.cervantes.es\/martes-neologico\/nanoparticula\/"]}]},{"@type":"BreadcrumbList","@id":"https:\/\/blogscvc.cervantes.es\/martes-neologico\/nanoparticula\/#breadcrumb","itemListElement":[{"@type":"ListItem","position":1,"name":"Portada","item":"https:\/\/blogscvc.cervantes.es\/martes-neologico\/"},{"@type":"ListItem","position":2,"name":"nanopart\u00edcula f."}]},{"@type":"WebSite","@id":"https:\/\/blogscvc.cervantes.es\/martes-neologico\/#website","url":"https:\/\/blogscvc.cervantes.es\/martes-neologico\/","name":"Martes Neol\u00f3gico","description":"Cada martes, una palabra nueva que podr\u00eda estar en el diccionario","publisher":{"@id":"https:\/\/blogscvc.cervantes.es\/martes-neologico\/#organization"},"potentialAction":[{"@type":"SearchAction","target":{"@type":"EntryPoint","urlTemplate":"https:\/\/blogscvc.cervantes.es\/martes-neologico\/?s={search_term_string}"},"query-input":"required name=search_term_string"}],"inLanguage":"es"},{"@type":"Organization","@id":"https:\/\/blogscvc.cervantes.es\/martes-neologico\/#organization","name":"Martes Neol\u00f3gico","url":"https:\/\/blogscvc.cervantes.es\/martes-neologico\/","logo":{"@type":"ImageObject","inLanguage":"es","@id":"https:\/\/blogscvc.cervantes.es\/martes-neologico\/#\/schema\/logo\/image\/","url":"https:\/\/blogscvc.cervantes.es\/martes-neologico\/wp-content\/uploads\/sites\/2\/2025\/10\/logo-martes-neologico-10-anos.png","contentUrl":"https:\/\/blogscvc.cervantes.es\/martes-neologico\/wp-content\/uploads\/sites\/2\/2025\/10\/logo-martes-neologico-10-anos.png","width":300,"height":100,"caption":"Martes Neol\u00f3gico"},"image":{"@id":"https:\/\/blogscvc.cervantes.es\/martes-neologico\/#\/schema\/logo\/image\/"}},{"@type":"Person","@id":"https:\/\/blogscvc.cervantes.es\/martes-neologico\/#\/schema\/person\/7e2fd26f886f53b1b2e81721d23acc47","name":"admin","image":{"@type":"ImageObject","inLanguage":"es","@id":"https:\/\/blogscvc.cervantes.es\/martes-neologico\/#\/schema\/person\/image\/","url":"https:\/\/secure.gravatar.com\/avatar\/c4b6a365b64e607f3d2ecd9620a7675a?s=96&d=mm&r=g","contentUrl":"https:\/\/secure.gravatar.com\/avatar\/c4b6a365b64e607f3d2ecd9620a7675a?s=96&d=mm&r=g","caption":"admin"},"url":"https:\/\/blogscvc.cervantes.es\/martes-neologico\/author\/admin\/"}]}},"_links":{"self":[{"href":"https:\/\/blogscvc.cervantes.es\/martes-neologico\/wp-json\/wp\/v2\/posts\/10823"}],"collection":[{"href":"https:\/\/blogscvc.cervantes.es\/martes-neologico\/wp-json\/wp\/v2\/posts"}],"about":[{"href":"https:\/\/blogscvc.cervantes.es\/martes-neologico\/wp-json\/wp\/v2\/types\/post"}],"author":[{"embeddable":true,"href":"https:\/\/blogscvc.cervantes.es\/martes-neologico\/wp-json\/wp\/v2\/users\/1"}],"replies":[{"embeddable":true,"href":"https:\/\/blogscvc.cervantes.es\/martes-neologico\/wp-json\/wp\/v2\/comments?post=10823"}],"version-history":[{"count":1,"href":"https:\/\/blogscvc.cervantes.es\/martes-neologico\/wp-json\/wp\/v2\/posts\/10823\/revisions"}],"predecessor-version":[{"id":10832,"href":"https:\/\/blogscvc.cervantes.es\/martes-neologico\/wp-json\/wp\/v2\/posts\/10823\/revisions\/10832"}],"wp:featuredmedia":[{"embeddable":true,"href":"https:\/\/blogscvc.cervantes.es\/martes-neologico\/wp-json\/wp\/v2\/media\/10826"}],"wp:attachment":[{"href":"https:\/\/blogscvc.cervantes.es\/martes-neologico\/wp-json\/wp\/v2\/media?parent=10823"}],"wp:term":[{"taxonomy":"category","embeddable":true,"href":"https:\/\/blogscvc.cervantes.es\/martes-neologico\/wp-json\/wp\/v2\/categories?post=10823"},{"taxonomy":"post_tag","embeddable":true,"href":"https:\/\/blogscvc.cervantes.es\/martes-neologico\/wp-json\/wp\/v2\/tags?post=10823"}],"curies":[{"name":"wp","href":"https:\/\/api.w.org\/{rel}","templated":true}]}}