{"id":11042,"date":"2023-01-31T07:00:00","date_gmt":"2023-01-31T05:00:00","guid":{"rendered":"https:\/\/blogscvc.cervantes.es\/martes-neologico\/?p=11042"},"modified":"2025-08-01T08:56:40","modified_gmt":"2025-08-01T06:56:40","slug":"ramen","status":"publish","type":"post","link":"https:\/\/blogscvc.cervantes.es\/martes-neologico\/ramen\/","title":{"rendered":"ramen <em>m.<\/em>"},"content":{"rendered":"\n<p>En el mundo globalizado en el que vivimos, cada vez es m\u00e1s habitual que elementos pertenecientes a diversas culturas en contacto continuo se incorporen, adapten, difuminen y fundan entre s\u00ed. La gastronom\u00eda no es una excepci\u00f3n a este fen\u00f3meno y ahora tenemos la oportunidad de saborear a diario alimentos de diferentes culturas que antes nos resultaban inaccesibles, como es el caso de la cocina nipona. Y aunque el <em>sushi<\/em> siga siendo el m\u00e1ximo exponente de esta gastronom\u00eda a nivel mundial, el <em>ramen<\/em>,estilo de sopa japonesa con fideos largos y caldo de carne y verduras, es el plato japon\u00e9s que m\u00e1s r\u00e1pidamente se est\u00e1 popularizando en los \u00faltimos a\u00f1os, considerado como un s\u00edmbolo nacional tanto dentro como fuera del pa\u00eds.<\/p>\n\n\n<figure class=\"wp-block-image size-large is-style-default\"><a href=\"\"><\/a><\/figure>\n<figure class=\"wp-block-image size-large is-style-default\"><a href=\"https:\/\/blogscvc.cervantes.es\/martes-neologico\/wp-content\/uploads\/sites\/2\/2023\/01\/ramen_500.jpg\"><img decoding=\"async\" class=\"wp-image-7916\" src=\"https:\/\/blogscvc.cervantes.es\/martes-neologico\/wp-content\/uploads\/sites\/2\/2023\/01\/ramen_500.jpg\" alt=\"[fotograf\u00eda] bol con sopa japonesa tipo ramen\"><\/a><figcaption>RODNAE Productions (Pexels)<\/figcaption><\/figure>\n\n\n<p><\/p>\n\n\n\n<p>A pesar de ser un plato originariamente chino, el <em>ramen <\/em>se populariz\u00f3 en Jap\u00f3n durante su industrializaci\u00f3n hacia finales del siglo <span class=\"versalitas\">xix<\/span>, momento en el que empezaron a incorporarse ingredientes t\u00edpicamente japoneses en el caldo. En los a\u00f1os noventa del siglo <span class=\"versalitas\">xx<\/span> adquiri\u00f3 la denominaci\u00f3n de \u00abcomida nacional\u00bb y comenz\u00f3 a exportarse a otros pa\u00edses como comida t\u00edpica japonesa, populariz\u00e1ndose r\u00e1pidamente en el resto del mundo. Saborear este plato no es una actividad que solo ofrezcan los restaurantes japoneses, sino que cada vez es m\u00e1s habitual encontrar peque\u00f1os locales, <em>food trucks<\/em>, cadenas de comida r\u00e1pida dedicadas exclusivamente a la elaboraci\u00f3n de este c\u00e9lebre plato nip\u00f3n y supermercados que venden su versi\u00f3n instant\u00e1nea, lista para tomar en apenas dos minutos. Y es que, como cabe esperar, la palabra <em>ramen<\/em> se expande a la misma velocidad que el plato al que denomina, ya que son precisamente las palabras los puentes que facilitan el intercambio cultural y una muestra clara de cuando una cultura ha impregnado a otra.<\/p>\n\n\n\n<p>Para comprender la etimolog\u00eda de <em>ramen<\/em> (cuya graf\u00eda japonesa ser\u00eda \u30e9\u30fc\u30e1\u30f3), hemos de remontarnos a sus or\u00edgenes chinos, ya que esta palabra vendr\u00eda a ser la uni\u00f3n de los caracteres \u62c9 (\u2018estirar\u2019) y \u9eb5 (\u2018fideos\u2019). No obstante, <em>ramen<\/em> se incorpora a la lengua espa\u00f1ola como un pr\u00e9stamo procedente de la pronunciaci\u00f3n japonesa de estos caracteres, adaptada al alfabeto latino. Esta voz se usa mayormente para hacer alusi\u00f3n al plato en cuesti\u00f3n en contextos gastron\u00f3micos. En los ejemplos de uso m\u00e1s tempranos, se suele encontrar acompa\u00f1ada de una peque\u00f1a glosa intertextual que la describe, para facilitar la comprensi\u00f3n de este vocablo for\u00e1neo:<\/p>\n\n\n\n<ul>\n<li>Siempre que puedo voy a comer un exquisito y tradicional bowl de <strong>ramen<\/strong> \u2014sopa t\u00edpica japonesa de fideos y cerdo\u2014 y un postre de tapioca o de chocolate con t\u00e9 verde. [<em>El Mercurio <\/em>(Chile), 4\/5\/2014]<\/li>\n<\/ul>\n\n\n\n<ul>\n<li>\u00c9l y sus socios detectaron que el <strong>ramen<\/strong> (nutrida sopa japonesa) era un nicho a\u00fan por atacar en Madrid. [<em>El Pa\u00eds<\/em> (Espa\u00f1a), 3\/6\/2016]<\/li>\n<\/ul>\n\n\n\n<ul>\n<li>[&#8230;] la arquitectura, los deportes (kendo, judo, kiudo), la comida (sushi, <strong>ramen<\/strong>, nigiri), la perfecci\u00f3n y la tranquilidad de este pa\u00eds, empieza a volverse realidad. [<em>El Tiempo<\/em> (Colombia), 17\/11\/2007]<\/li>\n<\/ul>\n\n\n\n<p>En cambio, a medida que este plato se vuelve progresivamente m\u00e1s popular en los pa\u00edses de habla hispana, estas glosas desaparecen, ya que el hablante puede estar lo suficientemente familiarizado con el <em>ramen<\/em> como para prescindir de ellas, y hasta comienza a usarse como hiper\u00f3nimo para describir variedades m\u00e1s espec\u00edficas de esta sopa. Por otro lado, tambi\u00e9n encontramos esta palabra integrada en otros contextos m\u00e1s alejados de los fogones, lo que podr\u00eda ser un indicio de la mayor integraci\u00f3n de este plato en nuestra cultura:<\/p>\n\n\n\n<ul>\n<li>Por caso, en estos d\u00edas de fr\u00edo cotizan alto sus <strong>ramen<\/strong>, especialmente el torikotsu, sopa de fideos en caldo de pollo y salsa de soja con huevo, espinaca, l\u00e1mina de pollo, cebolla de verdeo, semillas de s\u00e9samo, alga nori y wakame. [<em>La Naci\u00f3n<\/em> (Argentina), 1\/8\/2022]<\/li>\n<\/ul>\n\n\n\n<ul>\n<li>Seungri ha estado involucrado en una diversidad de negocios que incluyen una franquicia de fideos <strong>ramen<\/strong> y una academia de baile, y le gustaba mostrar su estilo de vida de lujo. [<em>Diario de M\u00e9xico<\/em> (M\u00e9xico), 13\/3\/2019]<\/li>\n<\/ul>\n\n\n\n<p>Otras muestras de la integraci\u00f3n de este vocablo en nuestro idioma ser\u00edan la frecuencia de aparici\u00f3n de <em>ramen<\/em> en CORPES, con dieciocho apariciones acompa\u00f1adas de la marca de \u00abextranjerismo\u00bb, y el hecho de que Fund\u00e9u ya haya tenido que dar cuenta de las normas de escritura de esta palabra con respecto a la formaci\u00f3n de su plural, lo que demuestra que ya forma parte de procesos de adaptaci\u00f3n y derivaci\u00f3n caracter\u00edsticos del espa\u00f1ol.<\/p>\n\n\n\n<p>No obstante, a pesar de su presencia cada vez mayor en la dieta occidental y, por ende, en el lenguaje cotidiano, el diccionario es el \u00fanico lugar en el que este plato japon\u00e9s no ha conseguido abrirse paso. <em>Ramen<\/em> no cuenta con entrada en ninguno de los diccionarios de referencia del espa\u00f1ol actual impresos, ni tampoco queda recogido en la versi\u00f3n en l\u00ednea del diccionario acad\u00e9mico. La tendencia en otras lenguas occidentales parece diferir ligeramente, ya que aunque <em>ramen <\/em>no se encuentre en diccionarios de referencia como el <em>Dizionario Hoepli della lingua italiana <\/em>o el <em>Dictionnaire de l\u2019Acad\u00e9mie fran\u00e7aise<\/em>, s\u00ed figura en las versiones en l\u00ednea de los siguientes diccionarios: <em>Le Robert dico en ligne<\/em> y <em>Larousse<\/em> en lengua francesa; el <em>Dizionario nell\u2019Enciclopedia Treccani<\/em> en italiano, donde aparece marcado como neologismo; <em>Duden<\/em> en el caso del alem\u00e1n; y, por \u00faltimo, en el <em>Oxford English Dictionary<\/em> y el <em>Cambridge Dictionary<\/em> en contexto anglosaj\u00f3n.<\/p>\n\n\n\n<p>El n\u00famero de adeptos al <em>ramen<\/em> crece tan r\u00e1pidamente como se prepara este plato, por lo que ser\u00eda conveniente que las obras lexicogr\u00e1ficas de nuestra lengua, al igual que en lenguas vecinas, rindieran cuenta de esta voz cada vez m\u00e1s arraigada en nuestra gastronom\u00eda, lengua y cultura.<\/p>\n\n\n\n<p>Beatriz Guerrero Garc\u00eda<br>Universidad de Salamanca (Espa\u00f1a)<\/p>\n","protected":false},"excerpt":{"rendered":"<p>En el mundo globalizado en el que vivimos, cada vez es m\u00e1s habitual que elementos pertenecientes a diversas culturas en contacto continuo se incorporen, adapten, difuminen y fundan entre s\u00ed. La gastronom\u00eda no es una excepci\u00f3n a este fen\u00f3meno y ahora tenemos la oportunidad de saborear a diario alimentos de diferentes culturas que antes nos resultaban inaccesibles, como es el caso de la cocina nipona. Y aunque el <em>sushi<\/em> siga siendo el m\u00e1ximo exponente de esta gastronom\u00eda a nivel mundial, el <em>ramen<\/em>,estilo de sopa japonesa con fideos largos y caldo de carne y verduras, es el plato japon\u00e9s que m\u00e1s r\u00e1pidamente se est\u00e1 popularizando en los \u00faltimos a\u00f1os, considerado como un s\u00edmbolo nacional tanto dentro como fuera del pa\u00eds.<\/p>\n","protected":false},"author":1,"featured_media":11051,"comment_status":"open","ping_status":"open","sticky":false,"template":"","format":"standard","meta":{"_mi_skip_tracking":false,"_s2mail":""},"categories":[20,262,274],"tags":[],"yoast_head":"<!-- This site is optimized with the Yoast SEO plugin v20.6 - https:\/\/yoast.com\/wordpress\/plugins\/seo\/ -->\n<title>CVC. Ramen | Martes Neol\u00f3gico<\/title>\n<meta name=\"description\" content=\"Art\u00edculo sobre el neologismo \u00abramen\u00bb, dentro del blog Martes Neol\u00f3gico del Centro Virtual Cervantes.\" \/>\n<meta name=\"robots\" content=\"index, follow, max-snippet:-1, max-image-preview:large, max-video-preview:-1\" \/>\n<link rel=\"canonical\" href=\"https:\/\/blogscvc.cervantes.es\/martes-neologico\/ramen\/\" \/>\n<meta property=\"og:locale\" content=\"es_ES\" \/>\n<meta property=\"og:type\" content=\"article\" \/>\n<meta property=\"og:title\" content=\"CVC. Ramen | Martes Neol\u00f3gico\" \/>\n<meta property=\"og:description\" content=\"Art\u00edculo sobre el neologismo \u00abramen\u00bb, dentro del blog Martes Neol\u00f3gico del Centro Virtual Cervantes.\" \/>\n<meta property=\"og:url\" content=\"https:\/\/blogscvc.cervantes.es\/martes-neologico\/ramen\/\" \/>\n<meta property=\"og:site_name\" content=\"Martes Neol\u00f3gico\" \/>\n<meta property=\"article:published_time\" content=\"2023-01-31T05:00:00+00:00\" \/>\n<meta property=\"article:modified_time\" content=\"2025-08-01T06:56:40+00:00\" \/>\n<meta property=\"og:image\" content=\"http:\/\/blogscvc.cervantes.es\/martes-neologico\/wp-content\/uploads\/sites\/2\/2023\/01\/ramen_350.jpg\" \/>\n\t<meta property=\"og:image:width\" content=\"750\" \/>\n\t<meta property=\"og:image:height\" content=\"350\" \/>\n\t<meta property=\"og:image:type\" content=\"image\/jpeg\" \/>\n<meta name=\"author\" content=\"admin\" \/>\n<meta name=\"twitter:card\" content=\"summary_large_image\" \/>\n<meta name=\"twitter:label1\" content=\"Escrito por\" \/>\n\t<meta name=\"twitter:data1\" content=\"admin\" \/>\n\t<meta name=\"twitter:label2\" content=\"Tiempo de lectura\" \/>\n\t<meta name=\"twitter:data2\" content=\"5 minutos\" \/>\n<script type=\"application\/ld+json\" class=\"yoast-schema-graph\">{\"@context\":\"https:\/\/schema.org\",\"@graph\":[{\"@type\":\"Article\",\"@id\":\"https:\/\/blogscvc.cervantes.es\/martes-neologico\/ramen\/#article\",\"isPartOf\":{\"@id\":\"https:\/\/blogscvc.cervantes.es\/martes-neologico\/ramen\/\"},\"author\":{\"name\":\"admin\",\"@id\":\"https:\/\/blogscvc.cervantes.es\/martes-neologico\/#\/schema\/person\/7e2fd26f886f53b1b2e81721d23acc47\"},\"headline\":\"ramen m.\",\"datePublished\":\"2023-01-31T05:00:00+00:00\",\"dateModified\":\"2025-08-01T06:56:40+00:00\",\"mainEntityOfPage\":{\"@id\":\"https:\/\/blogscvc.cervantes.es\/martes-neologico\/ramen\/\"},\"wordCount\":1011,\"commentCount\":1,\"publisher\":{\"@id\":\"https:\/\/blogscvc.cervantes.es\/martes-neologico\/#organization\"},\"articleSection\":[\"gastronom\u00eda\",\"japon\u00e9s\",\"pr\u00e9stamo\"],\"inLanguage\":\"es\",\"potentialAction\":[{\"@type\":\"CommentAction\",\"name\":\"Comment\",\"target\":[\"https:\/\/blogscvc.cervantes.es\/martes-neologico\/ramen\/#respond\"]}]},{\"@type\":\"WebPage\",\"@id\":\"https:\/\/blogscvc.cervantes.es\/martes-neologico\/ramen\/\",\"url\":\"https:\/\/blogscvc.cervantes.es\/martes-neologico\/ramen\/\",\"name\":\"CVC. Ramen | Martes Neol\u00f3gico\",\"isPartOf\":{\"@id\":\"https:\/\/blogscvc.cervantes.es\/martes-neologico\/#website\"},\"datePublished\":\"2023-01-31T05:00:00+00:00\",\"dateModified\":\"2025-08-01T06:56:40+00:00\",\"description\":\"Art\u00edculo sobre el neologismo \u00abramen\u00bb, dentro del blog Martes Neol\u00f3gico del Centro Virtual Cervantes.\",\"breadcrumb\":{\"@id\":\"https:\/\/blogscvc.cervantes.es\/martes-neologico\/ramen\/#breadcrumb\"},\"inLanguage\":\"es\",\"potentialAction\":[{\"@type\":\"ReadAction\",\"target\":[\"https:\/\/blogscvc.cervantes.es\/martes-neologico\/ramen\/\"]}]},{\"@type\":\"BreadcrumbList\",\"@id\":\"https:\/\/blogscvc.cervantes.es\/martes-neologico\/ramen\/#breadcrumb\",\"itemListElement\":[{\"@type\":\"ListItem\",\"position\":1,\"name\":\"Portada\",\"item\":\"https:\/\/blogscvc.cervantes.es\/martes-neologico\/\"},{\"@type\":\"ListItem\",\"position\":2,\"name\":\"ramen m.\"}]},{\"@type\":\"WebSite\",\"@id\":\"https:\/\/blogscvc.cervantes.es\/martes-neologico\/#website\",\"url\":\"https:\/\/blogscvc.cervantes.es\/martes-neologico\/\",\"name\":\"Martes Neol\u00f3gico\",\"description\":\"Cada martes, una palabra nueva que podr\u00eda estar en el diccionario\",\"publisher\":{\"@id\":\"https:\/\/blogscvc.cervantes.es\/martes-neologico\/#organization\"},\"potentialAction\":[{\"@type\":\"SearchAction\",\"target\":{\"@type\":\"EntryPoint\",\"urlTemplate\":\"https:\/\/blogscvc.cervantes.es\/martes-neologico\/?s={search_term_string}\"},\"query-input\":\"required name=search_term_string\"}],\"inLanguage\":\"es\"},{\"@type\":\"Organization\",\"@id\":\"https:\/\/blogscvc.cervantes.es\/martes-neologico\/#organization\",\"name\":\"Martes Neol\u00f3gico\",\"url\":\"https:\/\/blogscvc.cervantes.es\/martes-neologico\/\",\"logo\":{\"@type\":\"ImageObject\",\"inLanguage\":\"es\",\"@id\":\"https:\/\/blogscvc.cervantes.es\/martes-neologico\/#\/schema\/logo\/image\/\",\"url\":\"https:\/\/blogscvc.cervantes.es\/martes-neologico\/wp-content\/uploads\/sites\/2\/2025\/10\/logo-martes-neologico-10-anos.png\",\"contentUrl\":\"https:\/\/blogscvc.cervantes.es\/martes-neologico\/wp-content\/uploads\/sites\/2\/2025\/10\/logo-martes-neologico-10-anos.png\",\"width\":300,\"height\":100,\"caption\":\"Martes Neol\u00f3gico\"},\"image\":{\"@id\":\"https:\/\/blogscvc.cervantes.es\/martes-neologico\/#\/schema\/logo\/image\/\"}},{\"@type\":\"Person\",\"@id\":\"https:\/\/blogscvc.cervantes.es\/martes-neologico\/#\/schema\/person\/7e2fd26f886f53b1b2e81721d23acc47\",\"name\":\"admin\",\"image\":{\"@type\":\"ImageObject\",\"inLanguage\":\"es\",\"@id\":\"https:\/\/blogscvc.cervantes.es\/martes-neologico\/#\/schema\/person\/image\/\",\"url\":\"https:\/\/secure.gravatar.com\/avatar\/c4b6a365b64e607f3d2ecd9620a7675a?s=96&d=mm&r=g\",\"contentUrl\":\"https:\/\/secure.gravatar.com\/avatar\/c4b6a365b64e607f3d2ecd9620a7675a?s=96&d=mm&r=g\",\"caption\":\"admin\"},\"url\":\"https:\/\/blogscvc.cervantes.es\/martes-neologico\/author\/admin\/\"}]}<\/script>\n<!-- \/ Yoast SEO plugin. -->","yoast_head_json":{"title":"CVC. Ramen | Martes Neol\u00f3gico","description":"Art\u00edculo sobre el neologismo \u00abramen\u00bb, dentro del blog Martes Neol\u00f3gico del Centro Virtual Cervantes.","robots":{"index":"index","follow":"follow","max-snippet":"max-snippet:-1","max-image-preview":"max-image-preview:large","max-video-preview":"max-video-preview:-1"},"canonical":"https:\/\/blogscvc.cervantes.es\/martes-neologico\/ramen\/","og_locale":"es_ES","og_type":"article","og_title":"CVC. Ramen | Martes Neol\u00f3gico","og_description":"Art\u00edculo sobre el neologismo \u00abramen\u00bb, dentro del blog Martes Neol\u00f3gico del Centro Virtual Cervantes.","og_url":"https:\/\/blogscvc.cervantes.es\/martes-neologico\/ramen\/","og_site_name":"Martes Neol\u00f3gico","article_published_time":"2023-01-31T05:00:00+00:00","article_modified_time":"2025-08-01T06:56:40+00:00","og_image":[{"width":750,"height":350,"url":"http:\/\/blogscvc.cervantes.es\/martes-neologico\/wp-content\/uploads\/sites\/2\/2023\/01\/ramen_350.jpg","type":"image\/jpeg"}],"author":"admin","twitter_card":"summary_large_image","twitter_misc":{"Escrito por":"admin","Tiempo de lectura":"5 minutos"},"schema":{"@context":"https:\/\/schema.org","@graph":[{"@type":"Article","@id":"https:\/\/blogscvc.cervantes.es\/martes-neologico\/ramen\/#article","isPartOf":{"@id":"https:\/\/blogscvc.cervantes.es\/martes-neologico\/ramen\/"},"author":{"name":"admin","@id":"https:\/\/blogscvc.cervantes.es\/martes-neologico\/#\/schema\/person\/7e2fd26f886f53b1b2e81721d23acc47"},"headline":"ramen m.","datePublished":"2023-01-31T05:00:00+00:00","dateModified":"2025-08-01T06:56:40+00:00","mainEntityOfPage":{"@id":"https:\/\/blogscvc.cervantes.es\/martes-neologico\/ramen\/"},"wordCount":1011,"commentCount":1,"publisher":{"@id":"https:\/\/blogscvc.cervantes.es\/martes-neologico\/#organization"},"articleSection":["gastronom\u00eda","japon\u00e9s","pr\u00e9stamo"],"inLanguage":"es","potentialAction":[{"@type":"CommentAction","name":"Comment","target":["https:\/\/blogscvc.cervantes.es\/martes-neologico\/ramen\/#respond"]}]},{"@type":"WebPage","@id":"https:\/\/blogscvc.cervantes.es\/martes-neologico\/ramen\/","url":"https:\/\/blogscvc.cervantes.es\/martes-neologico\/ramen\/","name":"CVC. Ramen | Martes Neol\u00f3gico","isPartOf":{"@id":"https:\/\/blogscvc.cervantes.es\/martes-neologico\/#website"},"datePublished":"2023-01-31T05:00:00+00:00","dateModified":"2025-08-01T06:56:40+00:00","description":"Art\u00edculo sobre el neologismo \u00abramen\u00bb, dentro del blog Martes Neol\u00f3gico del Centro Virtual Cervantes.","breadcrumb":{"@id":"https:\/\/blogscvc.cervantes.es\/martes-neologico\/ramen\/#breadcrumb"},"inLanguage":"es","potentialAction":[{"@type":"ReadAction","target":["https:\/\/blogscvc.cervantes.es\/martes-neologico\/ramen\/"]}]},{"@type":"BreadcrumbList","@id":"https:\/\/blogscvc.cervantes.es\/martes-neologico\/ramen\/#breadcrumb","itemListElement":[{"@type":"ListItem","position":1,"name":"Portada","item":"https:\/\/blogscvc.cervantes.es\/martes-neologico\/"},{"@type":"ListItem","position":2,"name":"ramen m."}]},{"@type":"WebSite","@id":"https:\/\/blogscvc.cervantes.es\/martes-neologico\/#website","url":"https:\/\/blogscvc.cervantes.es\/martes-neologico\/","name":"Martes Neol\u00f3gico","description":"Cada martes, una palabra nueva que podr\u00eda estar en el diccionario","publisher":{"@id":"https:\/\/blogscvc.cervantes.es\/martes-neologico\/#organization"},"potentialAction":[{"@type":"SearchAction","target":{"@type":"EntryPoint","urlTemplate":"https:\/\/blogscvc.cervantes.es\/martes-neologico\/?s={search_term_string}"},"query-input":"required name=search_term_string"}],"inLanguage":"es"},{"@type":"Organization","@id":"https:\/\/blogscvc.cervantes.es\/martes-neologico\/#organization","name":"Martes Neol\u00f3gico","url":"https:\/\/blogscvc.cervantes.es\/martes-neologico\/","logo":{"@type":"ImageObject","inLanguage":"es","@id":"https:\/\/blogscvc.cervantes.es\/martes-neologico\/#\/schema\/logo\/image\/","url":"https:\/\/blogscvc.cervantes.es\/martes-neologico\/wp-content\/uploads\/sites\/2\/2025\/10\/logo-martes-neologico-10-anos.png","contentUrl":"https:\/\/blogscvc.cervantes.es\/martes-neologico\/wp-content\/uploads\/sites\/2\/2025\/10\/logo-martes-neologico-10-anos.png","width":300,"height":100,"caption":"Martes Neol\u00f3gico"},"image":{"@id":"https:\/\/blogscvc.cervantes.es\/martes-neologico\/#\/schema\/logo\/image\/"}},{"@type":"Person","@id":"https:\/\/blogscvc.cervantes.es\/martes-neologico\/#\/schema\/person\/7e2fd26f886f53b1b2e81721d23acc47","name":"admin","image":{"@type":"ImageObject","inLanguage":"es","@id":"https:\/\/blogscvc.cervantes.es\/martes-neologico\/#\/schema\/person\/image\/","url":"https:\/\/secure.gravatar.com\/avatar\/c4b6a365b64e607f3d2ecd9620a7675a?s=96&d=mm&r=g","contentUrl":"https:\/\/secure.gravatar.com\/avatar\/c4b6a365b64e607f3d2ecd9620a7675a?s=96&d=mm&r=g","caption":"admin"},"url":"https:\/\/blogscvc.cervantes.es\/martes-neologico\/author\/admin\/"}]}},"_links":{"self":[{"href":"https:\/\/blogscvc.cervantes.es\/martes-neologico\/wp-json\/wp\/v2\/posts\/11042"}],"collection":[{"href":"https:\/\/blogscvc.cervantes.es\/martes-neologico\/wp-json\/wp\/v2\/posts"}],"about":[{"href":"https:\/\/blogscvc.cervantes.es\/martes-neologico\/wp-json\/wp\/v2\/types\/post"}],"author":[{"embeddable":true,"href":"https:\/\/blogscvc.cervantes.es\/martes-neologico\/wp-json\/wp\/v2\/users\/1"}],"replies":[{"embeddable":true,"href":"https:\/\/blogscvc.cervantes.es\/martes-neologico\/wp-json\/wp\/v2\/comments?post=11042"}],"version-history":[{"count":3,"href":"https:\/\/blogscvc.cervantes.es\/martes-neologico\/wp-json\/wp\/v2\/posts\/11042\/revisions"}],"predecessor-version":[{"id":13813,"href":"https:\/\/blogscvc.cervantes.es\/martes-neologico\/wp-json\/wp\/v2\/posts\/11042\/revisions\/13813"}],"wp:featuredmedia":[{"embeddable":true,"href":"https:\/\/blogscvc.cervantes.es\/martes-neologico\/wp-json\/wp\/v2\/media\/11051"}],"wp:attachment":[{"href":"https:\/\/blogscvc.cervantes.es\/martes-neologico\/wp-json\/wp\/v2\/media?parent=11042"}],"wp:term":[{"taxonomy":"category","embeddable":true,"href":"https:\/\/blogscvc.cervantes.es\/martes-neologico\/wp-json\/wp\/v2\/categories?post=11042"},{"taxonomy":"post_tag","embeddable":true,"href":"https:\/\/blogscvc.cervantes.es\/martes-neologico\/wp-json\/wp\/v2\/tags?post=11042"}],"curies":[{"name":"wp","href":"https:\/\/api.w.org\/{rel}","templated":true}]}}