{"id":11120,"date":"2023-02-28T07:00:00","date_gmt":"2023-02-28T05:00:00","guid":{"rendered":"https:\/\/blogscvc.cervantes.es\/martes-neologico\/?p=11120"},"modified":"2025-08-01T09:12:40","modified_gmt":"2025-08-01T07:12:40","slug":"semilibertad","status":"publish","type":"post","link":"https:\/\/blogscvc.cervantes.es\/martes-neologico\/semilibertad\/","title":{"rendered":"semilibertad <em>f.<\/em>"},"content":{"rendered":"\n<p>La libertad es un derecho humano b\u00e1sico que se define como la facultad y el derecho de las personas para tomar sus propias decisiones de manera responsable, pero tambi\u00e9n como el estado de quien es libre, que no est\u00e1 encarcelado ni sometido a otro, ni constre\u00f1ido por obligaciones que no haya establecido por s\u00ed mismo.<\/p>\n\n\n<figure class=\"wp-block-image size-large is-style-default\"><a href=\"\"><\/a><\/figure>\n<figure class=\"wp-block-image size-large is-style-default\"><a href=\"http:\/\/blogscvc.cervantes.es\/martes-neologico\/wp-content\/uploads\/sites\/2\/2023\/02\/semilibertad_500.jpg\"><img decoding=\"async\" class=\"wp-image-7916\" src=\"http:\/\/blogscvc.cervantes.es\/martes-neologico\/wp-content\/uploads\/sites\/2\/2023\/02\/semilibertad_500.jpg\" alt=\"[fotograf\u00eda] ventana enrejada\"><\/a><figcaption>Jan van der Wolf (Pexels)<\/figcaption><\/figure>\n\n\n<p>Es a partir de esta segunda definici\u00f3n que nace el neologismo <em>semilibertad<\/em>, adjuntando a <em>libertad<\/em> el prefijo <em>semi<\/em>-, que significa \u2018no completamente\u2019, ya sea m\u00e1s cercano a \u2018medio\u2019 o a \u2018casi\u2019. Este elemento se adjunta normalmente a bases l\u00e9xicas nominales (<em>semicircunferencia<\/em>) o adjetivas (<em>semiculto<\/em>), pero tambi\u00e9n se puede adjuntar a bases adverbiales en &#8211;<em>mente<\/em> (<em>semicladestinamente<\/em>) y a locuciones (<em>semi a oscuras<\/em>). En cambio, no se puede considerar que se adjunte a verbos, ya que cuando lo hace (<em>semiabandonar<\/em>, <em>semiesconder<\/em>, <em>semihundir<\/em>, <em>semiparalizar<\/em>, <em>semidestruir<\/em>) es solamente con la forma de participio pasado, ya sea en la per\u00edfrasis <em>estar<\/em> + participio, ya sea funcionando como adjetivo que acompa\u00f1a a un nombre, o tambi\u00e9n para formar ocasionalismos, como <em>semidevolver<\/em> que podemos ver en el primer ejemplo, m\u00e1s abajo. As\u00ed pues, el significado de <em>semilibertad<\/em> es que la libertad no es completa: quien est\u00e1 en semilibertad est\u00e1 tambi\u00e9n en semicautividad y, como veremos en los ejemplos, el estado de semilibertad se asocia tanto a personas como animales.<\/p>\n\n\n\n<p>En el primer caso, se refiere a un r\u00e9gimen penitenciario en el que el interno disfruta de ciertas condiciones que pueden cambiar de un ordenamiento jur\u00eddico a otro pero que, por lo general, permiten a los condenados pasar una parte del d\u00eda fuera del recinto carcelario. En Espa\u00f1a, por ejemplo, la <em>semilibertad<\/em> se conoce tambi\u00e9n como <em>r\u00e9gimen abierto<\/em> y como <em>tercer grado<\/em>, y tiene como principal objetivo la preparaci\u00f3n del sujeto para la libertad y potenciar su capacidad de inserci\u00f3n positiva en la sociedad. Dentro de este r\u00e9gimen hay distintas modalidades seg\u00fan si es m\u00e1s o menos restringido y seg\u00fan si es o no con dispositivos de control telem\u00e1tico.<\/p>\n\n\n\n<ul>\n<li>El r\u00e9gimen abierto de Rold\u00e1n, una <strong>semilibertad<\/strong>, ser\u00eda bueno si fuera semidevolviendo lo robado. [<em>Levante<\/em> (Espa\u00f1a), 27\/10\/2004]<\/li>\n<\/ul>\n\n\n\n<ul>\n<li>Asimismo, precisa que tampoco le corresponde el beneficio de <strong>semilibertad<\/strong> ni el de liberaci\u00f3n condicional, pues no aplican para los condenados por secuestro y rebeli\u00f3n. [<em>El Comercio<\/em> (Per\u00fa), 17\/9\/2019]<\/li>\n<\/ul>\n\n\n\n<ul>\n<li>I\u00f1aki Urdangar\u00edn completar\u00e1 en r\u00e9gimen de <strong>semilibertad<\/strong> lo que le queda de condena. [<em>La Vanguardia<\/em> (Espa\u00f1a), 5\/3\/2021]<\/li>\n<\/ul>\n\n\n\n<p>Aunque la voz <em>semilibertad<\/em> se documenta principalmente en fuentes de prensa espa\u00f1olas (probablemente por el hecho de que personajes medi\u00e1ticos han disfrutado de ella), est\u00e1 prevista en los ordenamientos de muchos pa\u00edses latinoamericanos, pero no se cumple de igual manera en todos ellos por la ausencia de c\u00e1rceles apropiadas para su cumplimiento y de la vigilancia efectiva necesaria.<\/p>\n\n\n\n<p>Por otro lado, <em>semilibertad<\/em> es tambi\u00e9n un neologismo utilizado para hacer referencia a una situaci\u00f3n distinta donde los sujetos son los animales. Los parques donde los animales viven en semilibertad existen como alternativa a los parques zool\u00f3gicos, donde los animales viven en cautividad. El debate sobre si los zoos deben existir o no est\u00e1 todav\u00eda abierto: los defensores argumentan que los parques zool\u00f3gicos son centros de estudio y educaci\u00f3n que adem\u00e1s sirven para salvaguardar especies en extinci\u00f3n, y los detractores argumentan que estos parques son c\u00e1rceles donde los animales est\u00e1n fuera de su h\u00e1bitat, tratados sin respeto, amaestrados y sujetos continuamente al espect\u00e1culo. Arguyen, adem\u00e1s, que, bajo la idea del estudio, lo que realmente se busca es el lucro. Sea como sea, ante este debate algunos gobiernos han ido regulando los parques zool\u00f3gicos para mejorar la calidad de vida de los animales y, por otro lado, distintas organizaciones han impulsado otro tipo de parques, donde los animales viven en la naturaleza, con menor contacto con humanos (aunque con cuidados de personal especializado), en terrenos de grandes dimensiones donde encuentran su h\u00e1bitat natural y donde los visitantes puedan avistarlos sin perjudicar su libertad.<\/p>\n\n\n\n<ul>\n<li>La visita virtual al Parque de la Naturaleza de Cab\u00e1rceno, donde cohabitan en <strong>semilibertad<\/strong> casi 120 especies, comienza en el recinto de las jirafas y permite explorar las zonas de los lobos, elefantes, b\u00fafalos de agua o watusis. [<em>El Pa\u00eds<\/em> (Espa\u00f1a), 20\/4\/2005]<\/li>\n<\/ul>\n\n\n\n<ul>\n<li>El Ayuntamiento est\u00e1 buscando, asimismo, terrenos en los alrededores de Barcelona para ubicar un centro donde los animales vivir\u00edan en r\u00e9gimen de <strong>semilibertad<\/strong> para llevar a cabo programas de reproducci\u00f3n. [<em>El Pa\u00eds<\/em> (Espa\u00f1a), 6\/6\/1997]<\/li>\n<\/ul>\n\n\n\n<p>Desde el punto de vista documental, es destacable el hecho de que la palabra <em>semilibertad<\/em> aparezca solamente en uno de los diccionarios consultados (diccionarios generales de referencia y diccionarios de neologismos): <em>Alvar2<\/em> recoge el neologismo con diversidad de ejemplos y con definici\u00f3n para los dos escenarios de semilibertad que acabamos de ver (penitenciaria y animal). En cambio, los diccionarios generales de otras lenguas rom\u00e1nicas (franc\u00e9s, italiano y portugu\u00e9s) recogen ya <em>semilibertad<\/em> en su sentido penitenciario. Ante esta constataci\u00f3n, y teniendo en cuenta que este vocablo ha de permanecer en la lengua, ser\u00eda l\u00f3gico que el diccionario acad\u00e9mico del espa\u00f1ol enmendara este vac\u00edo lexicogr\u00e1fico y diera cabida a <em>semilibertad<\/em> en sus distintas acepciones.<\/p>\n\n\n\n<p>Judit Freixa Aymerich<br>Observatori de Neologia <br>Universitat Pompeu Fabra (Espa\u00f1a)<\/p>\n","protected":false},"excerpt":{"rendered":"<p>La libertad es un derecho humano b\u00e1sico que se define como la facultad y el derecho de las personas para tomar sus propias decisiones de manera responsable, pero tambi\u00e9n como el estado de quien es libre, que no est\u00e1 encarcelado ni sometido a otro, ni constre\u00f1ido por obligaciones que no haya establecido por s\u00ed mismo.<\/p>\n","protected":false},"author":1,"featured_media":11126,"comment_status":"open","ping_status":"open","sticky":false,"template":"","format":"standard","meta":{"_mi_skip_tracking":false,"_s2mail":""},"categories":[53,52],"tags":[],"yoast_head":"<!-- This site is optimized with the Yoast SEO plugin v20.6 - https:\/\/yoast.com\/wordpress\/plugins\/seo\/ -->\n<title>CVC. Semilibertad | Martes Neol\u00f3gico<\/title>\n<meta name=\"description\" content=\"Art\u00edculo sobre el neologismo \u00absemilibertad\u00bb, dentro del blog Martes Neol\u00f3gico del Centro Virtual Cervantes.\" \/>\n<meta name=\"robots\" content=\"index, follow, max-snippet:-1, max-image-preview:large, max-video-preview:-1\" \/>\n<link rel=\"canonical\" href=\"https:\/\/blogscvc.cervantes.es\/martes-neologico\/semilibertad\/\" \/>\n<meta property=\"og:locale\" content=\"es_ES\" \/>\n<meta property=\"og:type\" content=\"article\" \/>\n<meta property=\"og:title\" content=\"CVC. Semilibertad | Martes Neol\u00f3gico\" \/>\n<meta property=\"og:description\" content=\"Art\u00edculo sobre el neologismo \u00absemilibertad\u00bb, dentro del blog Martes Neol\u00f3gico del Centro Virtual Cervantes.\" \/>\n<meta property=\"og:url\" content=\"https:\/\/blogscvc.cervantes.es\/martes-neologico\/semilibertad\/\" \/>\n<meta property=\"og:site_name\" content=\"Martes Neol\u00f3gico\" \/>\n<meta property=\"article:published_time\" content=\"2023-02-28T05:00:00+00:00\" \/>\n<meta property=\"article:modified_time\" content=\"2025-08-01T07:12:40+00:00\" \/>\n<meta property=\"og:image\" content=\"http:\/\/blogscvc.cervantes.es\/martes-neologico\/wp-content\/uploads\/sites\/2\/2023\/02\/semilibertad_350.jpg\" \/>\n\t<meta property=\"og:image:width\" content=\"750\" \/>\n\t<meta property=\"og:image:height\" content=\"350\" \/>\n\t<meta property=\"og:image:type\" content=\"image\/jpeg\" \/>\n<meta name=\"author\" content=\"admin\" \/>\n<meta name=\"twitter:card\" content=\"summary_large_image\" \/>\n<meta name=\"twitter:label1\" content=\"Escrito por\" \/>\n\t<meta name=\"twitter:data1\" content=\"admin\" \/>\n\t<meta name=\"twitter:label2\" content=\"Tiempo de lectura\" \/>\n\t<meta name=\"twitter:data2\" content=\"5 minutos\" \/>\n<script type=\"application\/ld+json\" class=\"yoast-schema-graph\">{\"@context\":\"https:\/\/schema.org\",\"@graph\":[{\"@type\":\"Article\",\"@id\":\"https:\/\/blogscvc.cervantes.es\/martes-neologico\/semilibertad\/#article\",\"isPartOf\":{\"@id\":\"https:\/\/blogscvc.cervantes.es\/martes-neologico\/semilibertad\/\"},\"author\":{\"name\":\"admin\",\"@id\":\"https:\/\/blogscvc.cervantes.es\/martes-neologico\/#\/schema\/person\/7e2fd26f886f53b1b2e81721d23acc47\"},\"headline\":\"semilibertad f.\",\"datePublished\":\"2023-02-28T05:00:00+00:00\",\"dateModified\":\"2025-08-01T07:12:40+00:00\",\"mainEntityOfPage\":{\"@id\":\"https:\/\/blogscvc.cervantes.es\/martes-neologico\/semilibertad\/\"},\"wordCount\":911,\"commentCount\":0,\"publisher\":{\"@id\":\"https:\/\/blogscvc.cervantes.es\/martes-neologico\/#organization\"},\"articleSection\":[\"derecho\",\"prefijaci\u00f3n\"],\"inLanguage\":\"es\",\"potentialAction\":[{\"@type\":\"CommentAction\",\"name\":\"Comment\",\"target\":[\"https:\/\/blogscvc.cervantes.es\/martes-neologico\/semilibertad\/#respond\"]}]},{\"@type\":\"WebPage\",\"@id\":\"https:\/\/blogscvc.cervantes.es\/martes-neologico\/semilibertad\/\",\"url\":\"https:\/\/blogscvc.cervantes.es\/martes-neologico\/semilibertad\/\",\"name\":\"CVC. Semilibertad | Martes Neol\u00f3gico\",\"isPartOf\":{\"@id\":\"https:\/\/blogscvc.cervantes.es\/martes-neologico\/#website\"},\"datePublished\":\"2023-02-28T05:00:00+00:00\",\"dateModified\":\"2025-08-01T07:12:40+00:00\",\"description\":\"Art\u00edculo sobre el neologismo \u00absemilibertad\u00bb, dentro del blog Martes Neol\u00f3gico del Centro Virtual Cervantes.\",\"breadcrumb\":{\"@id\":\"https:\/\/blogscvc.cervantes.es\/martes-neologico\/semilibertad\/#breadcrumb\"},\"inLanguage\":\"es\",\"potentialAction\":[{\"@type\":\"ReadAction\",\"target\":[\"https:\/\/blogscvc.cervantes.es\/martes-neologico\/semilibertad\/\"]}]},{\"@type\":\"BreadcrumbList\",\"@id\":\"https:\/\/blogscvc.cervantes.es\/martes-neologico\/semilibertad\/#breadcrumb\",\"itemListElement\":[{\"@type\":\"ListItem\",\"position\":1,\"name\":\"Portada\",\"item\":\"https:\/\/blogscvc.cervantes.es\/martes-neologico\/\"},{\"@type\":\"ListItem\",\"position\":2,\"name\":\"semilibertad f.\"}]},{\"@type\":\"WebSite\",\"@id\":\"https:\/\/blogscvc.cervantes.es\/martes-neologico\/#website\",\"url\":\"https:\/\/blogscvc.cervantes.es\/martes-neologico\/\",\"name\":\"Martes Neol\u00f3gico\",\"description\":\"Cada martes, una palabra nueva que podr\u00eda estar en el diccionario\",\"publisher\":{\"@id\":\"https:\/\/blogscvc.cervantes.es\/martes-neologico\/#organization\"},\"potentialAction\":[{\"@type\":\"SearchAction\",\"target\":{\"@type\":\"EntryPoint\",\"urlTemplate\":\"https:\/\/blogscvc.cervantes.es\/martes-neologico\/?s={search_term_string}\"},\"query-input\":\"required name=search_term_string\"}],\"inLanguage\":\"es\"},{\"@type\":\"Organization\",\"@id\":\"https:\/\/blogscvc.cervantes.es\/martes-neologico\/#organization\",\"name\":\"Martes Neol\u00f3gico\",\"url\":\"https:\/\/blogscvc.cervantes.es\/martes-neologico\/\",\"logo\":{\"@type\":\"ImageObject\",\"inLanguage\":\"es\",\"@id\":\"https:\/\/blogscvc.cervantes.es\/martes-neologico\/#\/schema\/logo\/image\/\",\"url\":\"https:\/\/blogscvc.cervantes.es\/martes-neologico\/wp-content\/uploads\/sites\/2\/2025\/10\/logo-martes-neologico-10-anos.png\",\"contentUrl\":\"https:\/\/blogscvc.cervantes.es\/martes-neologico\/wp-content\/uploads\/sites\/2\/2025\/10\/logo-martes-neologico-10-anos.png\",\"width\":300,\"height\":100,\"caption\":\"Martes Neol\u00f3gico\"},\"image\":{\"@id\":\"https:\/\/blogscvc.cervantes.es\/martes-neologico\/#\/schema\/logo\/image\/\"}},{\"@type\":\"Person\",\"@id\":\"https:\/\/blogscvc.cervantes.es\/martes-neologico\/#\/schema\/person\/7e2fd26f886f53b1b2e81721d23acc47\",\"name\":\"admin\",\"image\":{\"@type\":\"ImageObject\",\"inLanguage\":\"es\",\"@id\":\"https:\/\/blogscvc.cervantes.es\/martes-neologico\/#\/schema\/person\/image\/\",\"url\":\"https:\/\/secure.gravatar.com\/avatar\/c4b6a365b64e607f3d2ecd9620a7675a?s=96&d=mm&r=g\",\"contentUrl\":\"https:\/\/secure.gravatar.com\/avatar\/c4b6a365b64e607f3d2ecd9620a7675a?s=96&d=mm&r=g\",\"caption\":\"admin\"},\"url\":\"https:\/\/blogscvc.cervantes.es\/martes-neologico\/author\/admin\/\"}]}<\/script>\n<!-- \/ Yoast SEO plugin. -->","yoast_head_json":{"title":"CVC. Semilibertad | Martes Neol\u00f3gico","description":"Art\u00edculo sobre el neologismo \u00absemilibertad\u00bb, dentro del blog Martes Neol\u00f3gico del Centro Virtual Cervantes.","robots":{"index":"index","follow":"follow","max-snippet":"max-snippet:-1","max-image-preview":"max-image-preview:large","max-video-preview":"max-video-preview:-1"},"canonical":"https:\/\/blogscvc.cervantes.es\/martes-neologico\/semilibertad\/","og_locale":"es_ES","og_type":"article","og_title":"CVC. Semilibertad | Martes Neol\u00f3gico","og_description":"Art\u00edculo sobre el neologismo \u00absemilibertad\u00bb, dentro del blog Martes Neol\u00f3gico del Centro Virtual Cervantes.","og_url":"https:\/\/blogscvc.cervantes.es\/martes-neologico\/semilibertad\/","og_site_name":"Martes Neol\u00f3gico","article_published_time":"2023-02-28T05:00:00+00:00","article_modified_time":"2025-08-01T07:12:40+00:00","og_image":[{"width":750,"height":350,"url":"http:\/\/blogscvc.cervantes.es\/martes-neologico\/wp-content\/uploads\/sites\/2\/2023\/02\/semilibertad_350.jpg","type":"image\/jpeg"}],"author":"admin","twitter_card":"summary_large_image","twitter_misc":{"Escrito por":"admin","Tiempo de lectura":"5 minutos"},"schema":{"@context":"https:\/\/schema.org","@graph":[{"@type":"Article","@id":"https:\/\/blogscvc.cervantes.es\/martes-neologico\/semilibertad\/#article","isPartOf":{"@id":"https:\/\/blogscvc.cervantes.es\/martes-neologico\/semilibertad\/"},"author":{"name":"admin","@id":"https:\/\/blogscvc.cervantes.es\/martes-neologico\/#\/schema\/person\/7e2fd26f886f53b1b2e81721d23acc47"},"headline":"semilibertad f.","datePublished":"2023-02-28T05:00:00+00:00","dateModified":"2025-08-01T07:12:40+00:00","mainEntityOfPage":{"@id":"https:\/\/blogscvc.cervantes.es\/martes-neologico\/semilibertad\/"},"wordCount":911,"commentCount":0,"publisher":{"@id":"https:\/\/blogscvc.cervantes.es\/martes-neologico\/#organization"},"articleSection":["derecho","prefijaci\u00f3n"],"inLanguage":"es","potentialAction":[{"@type":"CommentAction","name":"Comment","target":["https:\/\/blogscvc.cervantes.es\/martes-neologico\/semilibertad\/#respond"]}]},{"@type":"WebPage","@id":"https:\/\/blogscvc.cervantes.es\/martes-neologico\/semilibertad\/","url":"https:\/\/blogscvc.cervantes.es\/martes-neologico\/semilibertad\/","name":"CVC. Semilibertad | Martes Neol\u00f3gico","isPartOf":{"@id":"https:\/\/blogscvc.cervantes.es\/martes-neologico\/#website"},"datePublished":"2023-02-28T05:00:00+00:00","dateModified":"2025-08-01T07:12:40+00:00","description":"Art\u00edculo sobre el neologismo \u00absemilibertad\u00bb, dentro del blog Martes Neol\u00f3gico del Centro Virtual Cervantes.","breadcrumb":{"@id":"https:\/\/blogscvc.cervantes.es\/martes-neologico\/semilibertad\/#breadcrumb"},"inLanguage":"es","potentialAction":[{"@type":"ReadAction","target":["https:\/\/blogscvc.cervantes.es\/martes-neologico\/semilibertad\/"]}]},{"@type":"BreadcrumbList","@id":"https:\/\/blogscvc.cervantes.es\/martes-neologico\/semilibertad\/#breadcrumb","itemListElement":[{"@type":"ListItem","position":1,"name":"Portada","item":"https:\/\/blogscvc.cervantes.es\/martes-neologico\/"},{"@type":"ListItem","position":2,"name":"semilibertad f."}]},{"@type":"WebSite","@id":"https:\/\/blogscvc.cervantes.es\/martes-neologico\/#website","url":"https:\/\/blogscvc.cervantes.es\/martes-neologico\/","name":"Martes Neol\u00f3gico","description":"Cada martes, una palabra nueva que podr\u00eda estar en el diccionario","publisher":{"@id":"https:\/\/blogscvc.cervantes.es\/martes-neologico\/#organization"},"potentialAction":[{"@type":"SearchAction","target":{"@type":"EntryPoint","urlTemplate":"https:\/\/blogscvc.cervantes.es\/martes-neologico\/?s={search_term_string}"},"query-input":"required name=search_term_string"}],"inLanguage":"es"},{"@type":"Organization","@id":"https:\/\/blogscvc.cervantes.es\/martes-neologico\/#organization","name":"Martes Neol\u00f3gico","url":"https:\/\/blogscvc.cervantes.es\/martes-neologico\/","logo":{"@type":"ImageObject","inLanguage":"es","@id":"https:\/\/blogscvc.cervantes.es\/martes-neologico\/#\/schema\/logo\/image\/","url":"https:\/\/blogscvc.cervantes.es\/martes-neologico\/wp-content\/uploads\/sites\/2\/2025\/10\/logo-martes-neologico-10-anos.png","contentUrl":"https:\/\/blogscvc.cervantes.es\/martes-neologico\/wp-content\/uploads\/sites\/2\/2025\/10\/logo-martes-neologico-10-anos.png","width":300,"height":100,"caption":"Martes Neol\u00f3gico"},"image":{"@id":"https:\/\/blogscvc.cervantes.es\/martes-neologico\/#\/schema\/logo\/image\/"}},{"@type":"Person","@id":"https:\/\/blogscvc.cervantes.es\/martes-neologico\/#\/schema\/person\/7e2fd26f886f53b1b2e81721d23acc47","name":"admin","image":{"@type":"ImageObject","inLanguage":"es","@id":"https:\/\/blogscvc.cervantes.es\/martes-neologico\/#\/schema\/person\/image\/","url":"https:\/\/secure.gravatar.com\/avatar\/c4b6a365b64e607f3d2ecd9620a7675a?s=96&d=mm&r=g","contentUrl":"https:\/\/secure.gravatar.com\/avatar\/c4b6a365b64e607f3d2ecd9620a7675a?s=96&d=mm&r=g","caption":"admin"},"url":"https:\/\/blogscvc.cervantes.es\/martes-neologico\/author\/admin\/"}]}},"_links":{"self":[{"href":"https:\/\/blogscvc.cervantes.es\/martes-neologico\/wp-json\/wp\/v2\/posts\/11120"}],"collection":[{"href":"https:\/\/blogscvc.cervantes.es\/martes-neologico\/wp-json\/wp\/v2\/posts"}],"about":[{"href":"https:\/\/blogscvc.cervantes.es\/martes-neologico\/wp-json\/wp\/v2\/types\/post"}],"author":[{"embeddable":true,"href":"https:\/\/blogscvc.cervantes.es\/martes-neologico\/wp-json\/wp\/v2\/users\/1"}],"replies":[{"embeddable":true,"href":"https:\/\/blogscvc.cervantes.es\/martes-neologico\/wp-json\/wp\/v2\/comments?post=11120"}],"version-history":[{"count":2,"href":"https:\/\/blogscvc.cervantes.es\/martes-neologico\/wp-json\/wp\/v2\/posts\/11120\/revisions"}],"predecessor-version":[{"id":13861,"href":"https:\/\/blogscvc.cervantes.es\/martes-neologico\/wp-json\/wp\/v2\/posts\/11120\/revisions\/13861"}],"wp:featuredmedia":[{"embeddable":true,"href":"https:\/\/blogscvc.cervantes.es\/martes-neologico\/wp-json\/wp\/v2\/media\/11126"}],"wp:attachment":[{"href":"https:\/\/blogscvc.cervantes.es\/martes-neologico\/wp-json\/wp\/v2\/media?parent=11120"}],"wp:term":[{"taxonomy":"category","embeddable":true,"href":"https:\/\/blogscvc.cervantes.es\/martes-neologico\/wp-json\/wp\/v2\/categories?post=11120"},{"taxonomy":"post_tag","embeddable":true,"href":"https:\/\/blogscvc.cervantes.es\/martes-neologico\/wp-json\/wp\/v2\/tags?post=11120"}],"curies":[{"name":"wp","href":"https:\/\/api.w.org\/{rel}","templated":true}]}}