{"id":11258,"date":"2023-04-25T07:08:22","date_gmt":"2023-04-25T05:08:22","guid":{"rendered":"https:\/\/blogscvc.cervantes.es\/martes-neologico\/?p=11258"},"modified":"2025-08-01T09:23:14","modified_gmt":"2025-08-01T07:23:14","slug":"sexilio","status":"publish","type":"post","link":"https:\/\/blogscvc.cervantes.es\/martes-neologico\/sexilio\/","title":{"rendered":"sexilio <em>m.<\/em>"},"content":{"rendered":"\n<p>El acr\u00f3nimo <em>sexilio<\/em> est\u00e1 compuesto por dos nombres, <em>sexo<\/em> y <em>exilio<\/em>. Por una parte, hay que entender <em>sexo<\/em> con el significado de pr\u00e1cticas sexuales no heterosexuales; por otra, el <em>DLE<\/em> define la primera y segunda acepci\u00f3n de <em>exilio<\/em> como: \u00ab1. Separaci\u00f3n de una persona de la tierra en que vive. 2. Expatriaci\u00f3n, generalmente por motivos pol\u00edticos\u00bb. Ambos elementos comparten la secuencia <em>ex<\/em> sin repetirla, una part\u00edcula que engarza las dos palabras; este fen\u00f3meno puede hallarse en otros t\u00e9rminos como, por ejemplo, la palabra <em>inform\u00e1tica<\/em>, creada a partir de <em>informaci\u00f3n<\/em> y <em>autom\u00e1tica<\/em>, que comparten la s\u00edlaba <em>ma<\/em>.<\/p>\n\n\n<figure class=\"wp-block-image size-large is-style-default\"><\/figure>\n<figure class=\"wp-block-image size-large is-style-default\"><a href=\"http:\/\/blogscvc.cervantes.es\/martes-neologico\/wp-content\/uploads\/sites\/2\/2023\/04\/sexilio_500.jpg\"><img decoding=\"async\" class=\"wp-image-7916\" src=\"http:\/\/blogscvc.cervantes.es\/martes-neologico\/wp-content\/uploads\/sites\/2\/2023\/04\/sexilio_500.jpg\" alt=\"[fotograf\u00eda] imagen desenfocada de una mano sosteniendo un pasaporte en primer plano, en picado sobre el suelo, donde se ve un zapato y una bolsa de viaje\"><\/a><figcaption>nappy (Pexels)<\/figcaption><\/figure>\n\n\n<p>Como se ver\u00e1 en los ejemplos, se trata de un neologismo panhisp\u00e1nico. <em>Sexilio<\/em> no consta en ninguno de los diccionarios generales o de neologismos consultados para el castellano y tampoco en los diccionarios generales de otras lenguas rom\u00e1nicas como el catal\u00e1n, el franc\u00e9s o el italiano.<\/p>\n\n\n\n<p><em>Sexilio<\/em> puede tener dos significados distintos remotamente relacionados: la idea de abandonar un lugar. La primera y principal acepci\u00f3n de <em>sexilio<\/em> se relaciona con expulsi\u00f3n, ruptura o exclusi\u00f3n. Tambi\u00e9n se ver\u00e1 un uso ocasional <strong>\u2014<\/strong>m\u00e1s que una segunda acepci\u00f3n<strong>\u2014<\/strong> que tiene que ver con negociaci\u00f3n de espacios.<\/p>\n\n\n\n<p>En su primera acepci\u00f3n <em>sexilio<\/em> habla de quienes han tenido que irse de donde resid\u00edan porque la homosexualidad est\u00e1 considerada un delito o un crimen, castigado incluso con pena de muerte, o por culpa de las reacciones adversas o de odio hacia su orientaci\u00f3n sexual o su identidad. Alej\u00e1ndose de su tierra, o de la familia y de la comunidad emigran hacia lugares donde no tienen historia y huyen de la represi\u00f3n y los prejuicios en busca de espacios seguros o al menos m\u00e1s tolerantes donde haya comunidades establecidas, protecci\u00f3n legal, medicinas para el sida, etc., que les permitan ser quienes quieren ser en libertad y sin que nadie les juzgue:<\/p>\n\n\n\n<ul>\n<li>Asociaciones y entidades LGTBI de Castilla-La Mancha han elegido Ciudad Real para celebrar los d\u00edas 15 y 16 de junio el Orgullo 2018, que este a\u00f1o quiere resaltar el concepto de \u00ab<strong>sexilio<\/strong>\u00bb, en referencia al \u00abexilio\u00bb que algunas personas del colectivo tienen que realizar hacia otras zonas geogr\u00e1ficas de su entorno \u00abque son mucho m\u00e1s abiertas\u00bb a la hora de la libertad sexual, por \u00abmiedo\u00bb a visibilizarse dentro del n\u00facleo poblacional en el que viven. [<em>20minutos <\/em>(Espa\u00f1a), 9\/6\/2018]<\/li>\n<\/ul>\n\n\n\n<p>El t\u00e9rmino se usa desde hace tiempo para dar nombre a creaciones art\u00edsticas. Una de las primeras apariciones data de 1994:<\/p>\n\n\n\n<ul>\n<li>Este lunes falleci\u00f3 la reconocida poeta y actriz valdiviana Maha Vial (1955). Junto a su primer libro, <em>La cuerda floja<\/em> (1985), destacan los poemarios <strong><em>Sexilio<\/em><\/strong> (1994), <em>Jony Joi<\/em> (2001) y <em>Fuerza Bruta<\/em> (2019). [<em>El Mercurio <\/em>(Chile), 28\/10\/2020]<\/li>\n<\/ul>\n\n\n\n<p>Posteriormente muchos otros libros y filmes tambi\u00e9n lo han usado:<\/p>\n\n\n\n<ul>\n<li><strong><em>Sexilio<\/em><\/strong><em> voluntario<\/em> [de la escritora melillense Elena Fern\u00e1ndez] combina la filosof\u00eda y el feminismo para romper con la endogamia sociocultural y sexual. [<em>El Faro de Melilla <\/em>(Espa\u00f1a), 29\/1\/2018]<\/li>\n\n\n\n<li>El viernes d\u00eda 21, en el mismo escenario, se presentar\u00e1n los documentales <em>El <strong>sexilio<\/strong><\/em>, dirigido por Eduardo Casanova, y <em>Volver<\/em>, con Borja Larrondo y Diego S\u00e1nchez al frente. [<em>El Correo Gallego <\/em>(Espa\u00f1a), 15\/10\/2022]<\/li>\n\n\n\n<li>El colectivo Cala de Alburquerque estrena este viernes el cortometraje <strong>\u2018<em>Sexilio<\/em><\/strong>\u2019, fruto del proyecto \u2018Iguales y Diversas\u2019 llevado a cabo junto a un grupo de j\u00f3venes de este municipio pacense para abordar el fen\u00f3meno de migraci\u00f3n de los pueblos a ciudades por motivo de la identidad u orientaci\u00f3n sexual. [<em>elDiario.es<\/em><em> <\/em>(Espa\u00f1a), 21\/4\/2022]<\/li>\n<\/ul>\n\n\n\n<p>El <em>sexilio<\/em> puede realizarse desde el campo a la ciudad, de una zona geogr\u00e1fica a otra o de un pa\u00eds a otro:<\/p>\n\n\n\n<ul>\n<li>As\u00ed, pretenden \u00abdetener el novedoso proceso de \u2018<strong>sexilio<\/strong>\u2019, el exilio de las mujeres, realizado por lesbianas que emigran de las peque\u00f1as ciudades y zonas rurales a los grandes n\u00facleos poblacionales, a fin de vivir libremente su sexualidad sin la presi\u00f3n y los prejuicios de la familia y del entorno de amistades y vecinos\u00bb. [<em>Europa Press <\/em>(Espa\u00f1a), 15\/10\/2010]<\/li>\n\n\n\n<li>Este a\u00f1o se tratar\u00e1 el tema del \u00ab<strong>sexilio<\/strong><em>\u00bb<\/em> como uno de los problemas a los que tiene que enfrentarse el colectivo LGTBI, que emigra a otras comunidades aut\u00f3nomas al considerar que puede tener una mejor vida y no ser se\u00f1alados. [<em>Agencia EFE &#8211; Castilla La Mancha <\/em>(Espa\u00f1a), 14\/6\/2018]<\/li>\n\n\n\n<li>Negr\u00f3n Muntaner <strong>\u2014<\/strong>quien protagoniza y dirige la pel\u00edcula<strong>\u2014<\/strong>, sostiene que en la pel\u00edcula Claudia Mar\u00edn reflexiona sobre lo que describe como el \u00ab<strong>sexilio<\/strong><em>\u00bb<\/em>, una realidad para emigrantes puertorrique\u00f1os que se fueron a EE. UU. en busca de libertad individual. [<em>El Nuevo D\u00eda <\/em>(Puerto Rico), 15\/4\/2017]<\/li>\n<\/ul>\n\n\n\n<p>En escasas ocasiones, la voz <em>sexilio<\/em> se usa para referirse a alguien a quien se ha expulsado amigablemente y de forma pactada de una habitaci\u00f3n compartida (habitualmente de residencias universitarias) con el objetivo de permitir que su compa\u00f1era o compa\u00f1ero de cuarto pueda tener relaciones sexuales en dicho espacio:<\/p>\n\n\n\n<ul>\n<li>Una noche la protagonista tiene que abandonar la habitaci\u00f3n para que Beverly pueda acostarse con el ligue de turno. Termina pasando la noche en la biblioteca, donde descubre que esa circunstancia es tan com\u00fan que incluso tiene nombre: <strong>sexilio<\/strong>. [<em>El Peri\u00f3dico de Catalunya <\/em>(Espa\u00f1a), 24\/3\/2005]<\/li>\n<\/ul>\n\n\n\n<p>No es casualidad que mientras este \u00faltimo ejemplo describe un detalle de la trama de una novela, o que ese significado de <em>sexilio<\/em> sea pasto de escenas de comedias, es decir, puro enredo y entretenimiento, la primera acepci\u00f3nse halle, como se ha visto, en obras de an\u00e1lisis, de creaci\u00f3n y de reivindicaci\u00f3n tales como ensayos, poemarios, documentales, filmes, etc.<\/p>\n\n\n\n<p>Plenamente documentada, la primera acepci\u00f3n de <em>sexilio<\/em> categoriza <strong>\u2014<\/strong>acerc\u00e1ndonos a ella y, por tanto, haci\u00e9ndola m\u00e1s tangible<strong>\u2014<\/strong> una realidad que por amarga, dolorosa e incluso dram\u00e1tica que sea debe ser nombrada para poder tenerla en cuenta y combatirla. Solamente por esta \u00faltima raz\u00f3n ya quedar\u00eda justificada su inclusi\u00f3n en el diccionario.<\/p>\n\n\n\n<p>Eul\u00e0lia Lled\u00f3 Cunill<br>Escritora (Espa\u00f1a)<\/p>\n","protected":false},"excerpt":{"rendered":"<p>El acr\u00f3nimo <em>sexilio<\/em> est\u00e1 compuesto por dos nombres, <em>sexo<\/em> y <em>exilio<\/em>. Por una parte, hay que entender <em>sexo<\/em> con el significado de pr\u00e1cticas sexuales no heterosexuales; por otra, el <em>DLE<\/em> define la primera y segunda acepci\u00f3n de <em>exilio<\/em> como: \u00ab1. Separaci\u00f3n de una persona de la tierra en que vive. 2. Expatriaci\u00f3n, generalmente por motivos pol\u00edticos\u00bb. Ambos elementos comparten la secuencia <em>ex<\/em> sin repetirla, una part\u00edcula que engarza las dos palabras; este fen\u00f3meno puede hallarse en otros t\u00e9rminos como, por ejemplo, la palabra <em>inform\u00e1tica<\/em>, creada a partir de <em>informaci\u00f3n<\/em> y <em>autom\u00e1tica<\/em>, que comparten la s\u00edlaba <em>ma<\/em>.<\/p>\n","protected":false},"author":1,"featured_media":11261,"comment_status":"open","ping_status":"open","sticky":false,"template":"","format":"standard","meta":{"_mi_skip_tracking":false,"_s2mail":""},"categories":[226,280],"tags":[],"yoast_head":"<!-- This site is optimized with the Yoast SEO plugin v20.6 - https:\/\/yoast.com\/wordpress\/plugins\/seo\/ -->\n<title>CVC. Sexilio | Martes Neol\u00f3gico<\/title>\n<meta name=\"description\" content=\"Art\u00edculo sobre el neologismo \u00absexilio\u00bb, dentro del blog Martes Neol\u00f3gico del Centro Virtual Cervantes.\" \/>\n<meta name=\"robots\" content=\"index, follow, max-snippet:-1, max-image-preview:large, max-video-preview:-1\" \/>\n<link rel=\"canonical\" href=\"https:\/\/blogscvc.cervantes.es\/martes-neologico\/sexilio\/\" \/>\n<meta property=\"og:locale\" content=\"es_ES\" \/>\n<meta property=\"og:type\" content=\"article\" \/>\n<meta property=\"og:title\" content=\"CVC. Sexilio | Martes Neol\u00f3gico\" \/>\n<meta property=\"og:description\" content=\"Art\u00edculo sobre el neologismo \u00absexilio\u00bb, dentro del blog Martes Neol\u00f3gico del Centro Virtual Cervantes.\" \/>\n<meta property=\"og:url\" content=\"https:\/\/blogscvc.cervantes.es\/martes-neologico\/sexilio\/\" \/>\n<meta property=\"og:site_name\" content=\"Martes Neol\u00f3gico\" \/>\n<meta property=\"article:published_time\" content=\"2023-04-25T05:08:22+00:00\" \/>\n<meta property=\"article:modified_time\" content=\"2025-08-01T07:23:14+00:00\" \/>\n<meta property=\"og:image\" content=\"http:\/\/blogscvc.cervantes.es\/martes-neologico\/wp-content\/uploads\/sites\/2\/2023\/04\/sexilio_350.jpg\" \/>\n\t<meta property=\"og:image:width\" content=\"750\" \/>\n\t<meta property=\"og:image:height\" content=\"350\" \/>\n\t<meta property=\"og:image:type\" content=\"image\/jpeg\" \/>\n<meta name=\"author\" content=\"admin\" \/>\n<meta name=\"twitter:card\" content=\"summary_large_image\" \/>\n<meta name=\"twitter:label1\" content=\"Escrito por\" \/>\n\t<meta name=\"twitter:data1\" content=\"admin\" \/>\n\t<meta name=\"twitter:label2\" content=\"Tiempo de lectura\" \/>\n\t<meta name=\"twitter:data2\" content=\"5 minutos\" \/>\n<script type=\"application\/ld+json\" class=\"yoast-schema-graph\">{\"@context\":\"https:\/\/schema.org\",\"@graph\":[{\"@type\":\"Article\",\"@id\":\"https:\/\/blogscvc.cervantes.es\/martes-neologico\/sexilio\/#article\",\"isPartOf\":{\"@id\":\"https:\/\/blogscvc.cervantes.es\/martes-neologico\/sexilio\/\"},\"author\":{\"name\":\"admin\",\"@id\":\"https:\/\/blogscvc.cervantes.es\/martes-neologico\/#\/schema\/person\/7e2fd26f886f53b1b2e81721d23acc47\"},\"headline\":\"sexilio m.\",\"datePublished\":\"2023-04-25T05:08:22+00:00\",\"dateModified\":\"2025-08-01T07:23:14+00:00\",\"mainEntityOfPage\":{\"@id\":\"https:\/\/blogscvc.cervantes.es\/martes-neologico\/sexilio\/\"},\"wordCount\":1012,\"commentCount\":0,\"publisher\":{\"@id\":\"https:\/\/blogscvc.cervantes.es\/martes-neologico\/#organization\"},\"articleSection\":[\"acronimia\",\"sexualidad\"],\"inLanguage\":\"es\",\"potentialAction\":[{\"@type\":\"CommentAction\",\"name\":\"Comment\",\"target\":[\"https:\/\/blogscvc.cervantes.es\/martes-neologico\/sexilio\/#respond\"]}]},{\"@type\":\"WebPage\",\"@id\":\"https:\/\/blogscvc.cervantes.es\/martes-neologico\/sexilio\/\",\"url\":\"https:\/\/blogscvc.cervantes.es\/martes-neologico\/sexilio\/\",\"name\":\"CVC. Sexilio | Martes Neol\u00f3gico\",\"isPartOf\":{\"@id\":\"https:\/\/blogscvc.cervantes.es\/martes-neologico\/#website\"},\"datePublished\":\"2023-04-25T05:08:22+00:00\",\"dateModified\":\"2025-08-01T07:23:14+00:00\",\"description\":\"Art\u00edculo sobre el neologismo \u00absexilio\u00bb, dentro del blog Martes Neol\u00f3gico del Centro Virtual Cervantes.\",\"breadcrumb\":{\"@id\":\"https:\/\/blogscvc.cervantes.es\/martes-neologico\/sexilio\/#breadcrumb\"},\"inLanguage\":\"es\",\"potentialAction\":[{\"@type\":\"ReadAction\",\"target\":[\"https:\/\/blogscvc.cervantes.es\/martes-neologico\/sexilio\/\"]}]},{\"@type\":\"BreadcrumbList\",\"@id\":\"https:\/\/blogscvc.cervantes.es\/martes-neologico\/sexilio\/#breadcrumb\",\"itemListElement\":[{\"@type\":\"ListItem\",\"position\":1,\"name\":\"Portada\",\"item\":\"https:\/\/blogscvc.cervantes.es\/martes-neologico\/\"},{\"@type\":\"ListItem\",\"position\":2,\"name\":\"sexilio m.\"}]},{\"@type\":\"WebSite\",\"@id\":\"https:\/\/blogscvc.cervantes.es\/martes-neologico\/#website\",\"url\":\"https:\/\/blogscvc.cervantes.es\/martes-neologico\/\",\"name\":\"Martes Neol\u00f3gico\",\"description\":\"Cada martes, una palabra nueva que podr\u00eda estar en el diccionario\",\"publisher\":{\"@id\":\"https:\/\/blogscvc.cervantes.es\/martes-neologico\/#organization\"},\"potentialAction\":[{\"@type\":\"SearchAction\",\"target\":{\"@type\":\"EntryPoint\",\"urlTemplate\":\"https:\/\/blogscvc.cervantes.es\/martes-neologico\/?s={search_term_string}\"},\"query-input\":\"required name=search_term_string\"}],\"inLanguage\":\"es\"},{\"@type\":\"Organization\",\"@id\":\"https:\/\/blogscvc.cervantes.es\/martes-neologico\/#organization\",\"name\":\"Martes Neol\u00f3gico\",\"url\":\"https:\/\/blogscvc.cervantes.es\/martes-neologico\/\",\"logo\":{\"@type\":\"ImageObject\",\"inLanguage\":\"es\",\"@id\":\"https:\/\/blogscvc.cervantes.es\/martes-neologico\/#\/schema\/logo\/image\/\",\"url\":\"https:\/\/blogscvc.cervantes.es\/martes-neologico\/wp-content\/uploads\/sites\/2\/2025\/10\/logo-martes-neologico-10-anos.png\",\"contentUrl\":\"https:\/\/blogscvc.cervantes.es\/martes-neologico\/wp-content\/uploads\/sites\/2\/2025\/10\/logo-martes-neologico-10-anos.png\",\"width\":300,\"height\":100,\"caption\":\"Martes Neol\u00f3gico\"},\"image\":{\"@id\":\"https:\/\/blogscvc.cervantes.es\/martes-neologico\/#\/schema\/logo\/image\/\"}},{\"@type\":\"Person\",\"@id\":\"https:\/\/blogscvc.cervantes.es\/martes-neologico\/#\/schema\/person\/7e2fd26f886f53b1b2e81721d23acc47\",\"name\":\"admin\",\"image\":{\"@type\":\"ImageObject\",\"inLanguage\":\"es\",\"@id\":\"https:\/\/blogscvc.cervantes.es\/martes-neologico\/#\/schema\/person\/image\/\",\"url\":\"https:\/\/secure.gravatar.com\/avatar\/c4b6a365b64e607f3d2ecd9620a7675a?s=96&d=mm&r=g\",\"contentUrl\":\"https:\/\/secure.gravatar.com\/avatar\/c4b6a365b64e607f3d2ecd9620a7675a?s=96&d=mm&r=g\",\"caption\":\"admin\"},\"url\":\"https:\/\/blogscvc.cervantes.es\/martes-neologico\/author\/admin\/\"}]}<\/script>\n<!-- \/ Yoast SEO plugin. -->","yoast_head_json":{"title":"CVC. Sexilio | Martes Neol\u00f3gico","description":"Art\u00edculo sobre el neologismo \u00absexilio\u00bb, dentro del blog Martes Neol\u00f3gico del Centro Virtual Cervantes.","robots":{"index":"index","follow":"follow","max-snippet":"max-snippet:-1","max-image-preview":"max-image-preview:large","max-video-preview":"max-video-preview:-1"},"canonical":"https:\/\/blogscvc.cervantes.es\/martes-neologico\/sexilio\/","og_locale":"es_ES","og_type":"article","og_title":"CVC. Sexilio | Martes Neol\u00f3gico","og_description":"Art\u00edculo sobre el neologismo \u00absexilio\u00bb, dentro del blog Martes Neol\u00f3gico del Centro Virtual Cervantes.","og_url":"https:\/\/blogscvc.cervantes.es\/martes-neologico\/sexilio\/","og_site_name":"Martes Neol\u00f3gico","article_published_time":"2023-04-25T05:08:22+00:00","article_modified_time":"2025-08-01T07:23:14+00:00","og_image":[{"width":750,"height":350,"url":"http:\/\/blogscvc.cervantes.es\/martes-neologico\/wp-content\/uploads\/sites\/2\/2023\/04\/sexilio_350.jpg","type":"image\/jpeg"}],"author":"admin","twitter_card":"summary_large_image","twitter_misc":{"Escrito por":"admin","Tiempo de lectura":"5 minutos"},"schema":{"@context":"https:\/\/schema.org","@graph":[{"@type":"Article","@id":"https:\/\/blogscvc.cervantes.es\/martes-neologico\/sexilio\/#article","isPartOf":{"@id":"https:\/\/blogscvc.cervantes.es\/martes-neologico\/sexilio\/"},"author":{"name":"admin","@id":"https:\/\/blogscvc.cervantes.es\/martes-neologico\/#\/schema\/person\/7e2fd26f886f53b1b2e81721d23acc47"},"headline":"sexilio m.","datePublished":"2023-04-25T05:08:22+00:00","dateModified":"2025-08-01T07:23:14+00:00","mainEntityOfPage":{"@id":"https:\/\/blogscvc.cervantes.es\/martes-neologico\/sexilio\/"},"wordCount":1012,"commentCount":0,"publisher":{"@id":"https:\/\/blogscvc.cervantes.es\/martes-neologico\/#organization"},"articleSection":["acronimia","sexualidad"],"inLanguage":"es","potentialAction":[{"@type":"CommentAction","name":"Comment","target":["https:\/\/blogscvc.cervantes.es\/martes-neologico\/sexilio\/#respond"]}]},{"@type":"WebPage","@id":"https:\/\/blogscvc.cervantes.es\/martes-neologico\/sexilio\/","url":"https:\/\/blogscvc.cervantes.es\/martes-neologico\/sexilio\/","name":"CVC. Sexilio | Martes Neol\u00f3gico","isPartOf":{"@id":"https:\/\/blogscvc.cervantes.es\/martes-neologico\/#website"},"datePublished":"2023-04-25T05:08:22+00:00","dateModified":"2025-08-01T07:23:14+00:00","description":"Art\u00edculo sobre el neologismo \u00absexilio\u00bb, dentro del blog Martes Neol\u00f3gico del Centro Virtual Cervantes.","breadcrumb":{"@id":"https:\/\/blogscvc.cervantes.es\/martes-neologico\/sexilio\/#breadcrumb"},"inLanguage":"es","potentialAction":[{"@type":"ReadAction","target":["https:\/\/blogscvc.cervantes.es\/martes-neologico\/sexilio\/"]}]},{"@type":"BreadcrumbList","@id":"https:\/\/blogscvc.cervantes.es\/martes-neologico\/sexilio\/#breadcrumb","itemListElement":[{"@type":"ListItem","position":1,"name":"Portada","item":"https:\/\/blogscvc.cervantes.es\/martes-neologico\/"},{"@type":"ListItem","position":2,"name":"sexilio m."}]},{"@type":"WebSite","@id":"https:\/\/blogscvc.cervantes.es\/martes-neologico\/#website","url":"https:\/\/blogscvc.cervantes.es\/martes-neologico\/","name":"Martes Neol\u00f3gico","description":"Cada martes, una palabra nueva que podr\u00eda estar en el diccionario","publisher":{"@id":"https:\/\/blogscvc.cervantes.es\/martes-neologico\/#organization"},"potentialAction":[{"@type":"SearchAction","target":{"@type":"EntryPoint","urlTemplate":"https:\/\/blogscvc.cervantes.es\/martes-neologico\/?s={search_term_string}"},"query-input":"required name=search_term_string"}],"inLanguage":"es"},{"@type":"Organization","@id":"https:\/\/blogscvc.cervantes.es\/martes-neologico\/#organization","name":"Martes Neol\u00f3gico","url":"https:\/\/blogscvc.cervantes.es\/martes-neologico\/","logo":{"@type":"ImageObject","inLanguage":"es","@id":"https:\/\/blogscvc.cervantes.es\/martes-neologico\/#\/schema\/logo\/image\/","url":"https:\/\/blogscvc.cervantes.es\/martes-neologico\/wp-content\/uploads\/sites\/2\/2025\/10\/logo-martes-neologico-10-anos.png","contentUrl":"https:\/\/blogscvc.cervantes.es\/martes-neologico\/wp-content\/uploads\/sites\/2\/2025\/10\/logo-martes-neologico-10-anos.png","width":300,"height":100,"caption":"Martes Neol\u00f3gico"},"image":{"@id":"https:\/\/blogscvc.cervantes.es\/martes-neologico\/#\/schema\/logo\/image\/"}},{"@type":"Person","@id":"https:\/\/blogscvc.cervantes.es\/martes-neologico\/#\/schema\/person\/7e2fd26f886f53b1b2e81721d23acc47","name":"admin","image":{"@type":"ImageObject","inLanguage":"es","@id":"https:\/\/blogscvc.cervantes.es\/martes-neologico\/#\/schema\/person\/image\/","url":"https:\/\/secure.gravatar.com\/avatar\/c4b6a365b64e607f3d2ecd9620a7675a?s=96&d=mm&r=g","contentUrl":"https:\/\/secure.gravatar.com\/avatar\/c4b6a365b64e607f3d2ecd9620a7675a?s=96&d=mm&r=g","caption":"admin"},"url":"https:\/\/blogscvc.cervantes.es\/martes-neologico\/author\/admin\/"}]}},"_links":{"self":[{"href":"https:\/\/blogscvc.cervantes.es\/martes-neologico\/wp-json\/wp\/v2\/posts\/11258"}],"collection":[{"href":"https:\/\/blogscvc.cervantes.es\/martes-neologico\/wp-json\/wp\/v2\/posts"}],"about":[{"href":"https:\/\/blogscvc.cervantes.es\/martes-neologico\/wp-json\/wp\/v2\/types\/post"}],"author":[{"embeddable":true,"href":"https:\/\/blogscvc.cervantes.es\/martes-neologico\/wp-json\/wp\/v2\/users\/1"}],"replies":[{"embeddable":true,"href":"https:\/\/blogscvc.cervantes.es\/martes-neologico\/wp-json\/wp\/v2\/comments?post=11258"}],"version-history":[{"count":4,"href":"https:\/\/blogscvc.cervantes.es\/martes-neologico\/wp-json\/wp\/v2\/posts\/11258\/revisions"}],"predecessor-version":[{"id":11288,"href":"https:\/\/blogscvc.cervantes.es\/martes-neologico\/wp-json\/wp\/v2\/posts\/11258\/revisions\/11288"}],"wp:featuredmedia":[{"embeddable":true,"href":"https:\/\/blogscvc.cervantes.es\/martes-neologico\/wp-json\/wp\/v2\/media\/11261"}],"wp:attachment":[{"href":"https:\/\/blogscvc.cervantes.es\/martes-neologico\/wp-json\/wp\/v2\/media?parent=11258"}],"wp:term":[{"taxonomy":"category","embeddable":true,"href":"https:\/\/blogscvc.cervantes.es\/martes-neologico\/wp-json\/wp\/v2\/categories?post=11258"},{"taxonomy":"post_tag","embeddable":true,"href":"https:\/\/blogscvc.cervantes.es\/martes-neologico\/wp-json\/wp\/v2\/tags?post=11258"}],"curies":[{"name":"wp","href":"https:\/\/api.w.org\/{rel}","templated":true}]}}