{"id":11456,"date":"2023-07-18T07:00:00","date_gmt":"2023-07-18T05:00:00","guid":{"rendered":"https:\/\/blogscvc.cervantes.es\/martes-neologico\/?p=11456"},"modified":"2023-07-24T13:52:50","modified_gmt":"2023-07-24T11:52:50","slug":"no-lugar","status":"publish","type":"post","link":"https:\/\/blogscvc.cervantes.es\/martes-neologico\/no-lugar\/","title":{"rendered":"no lugar <em>m.<\/em>"},"content":{"rendered":"\n<p>\u00abPor la manchega llanura \/ se vuelve a ver la figura \/ de Don Quijote pasar, \/ va cargado de amargura, \/ va, vencido, el caballero de retorno a su lugar\u00bb. Un lugar denota un sitio, una porci\u00f3n de espacio, seg\u00fan se\u00f1ala el <em>DLE<\/em>, pero, adem\u00e1s, en las alforjas de su significado, este nombre acarrea la connotaci\u00f3n de la espacialidad vivida. Como ilustran los versos de Le\u00f3n Felipe, a los lugares se vuelve y se pertenece. De ah\u00ed el posesivo, \u00absu lugar\u00bb; de ah\u00ed el regreso del hidalgo y el de todos los Ulises.<\/p>\n\n\n<figure class=\"wp-block-image size-large is-style-default\"><\/figure>\n<figure class=\"wp-block-image size-large is-style-default\"><a href=\"http:\/\/blogscvc.cervantes.es\/martes-neologico\/wp-content\/uploads\/sites\/2\/2023\/07\/no_lugar_500.jpg\"><img decoding=\"async\" class=\"wp-image-7916\" src=\"http:\/\/blogscvc.cervantes.es\/martes-neologico\/wp-content\/uploads\/sites\/2\/2023\/07\/no_lugar_500.jpg\" alt=\"[fotograf\u00eda] silueta de un pasajero arrastrando su equipaje por la zona de tr\u00e1nsito de un aeropuerto\"><\/a><figcaption>Skitterphoto (Pexels)<\/figcaption><\/figure>\n\n\n<p>Los lugares, pues, son aquellos espacios que conforman nuestra identidad, donde nos relacionamos y que se inscriben en el devenir hist\u00f3rico. \u00bfY qu\u00e9 es un <em>no lugar<\/em>? Exactamente lo contrario. Este concepto, formulado a principios de la d\u00e9cada de 1990 por el etn\u00f3logo y antrop\u00f3logo franc\u00e9s Marc Aug\u00e9, acota un producto de la posmodernidad cuya omnipresencia, parad\u00f3jicamente, a menudo nos impide reparar en \u00e9l.<\/p>\n\n\n\n<p>Los <em>no lugares<\/em> son puntos de tr\u00e1nsito, como las terminales de transporte; espacios de ocupaci\u00f3n provisional, por ejemplo, las habitaciones de hotel impersonales, o zonas liminales, pensemos en esas islas sobrantes entre v\u00edas de comunicaci\u00f3n, dif\u00edcilmente practicables para los peatones. A ese tipo de espacios venimos aplicando los hablantes del espa\u00f1ol el nombre <em>no lugar<\/em> en los \u00faltimos tres decenios, desde que Aug\u00e9 acu\u00f1ara el t\u00e9rmino correspondiente en franc\u00e9s, <em>non-lieu<\/em>, difundido sobre todo a trav\u00e9s de su libro <em>Non-lieux. Introduction \u00e0 une anthropologie de la surmodernit\u00e9<\/em>, publicado en 1992 por la editorial parisina Le Seuil y traducido al espa\u00f1ol el a\u00f1o siguiente:<\/p>\n\n\n\n<ul>\n<li>Por una parte, est\u00e1 fragmentado por las salidas de los aparcamientos. Ello crea un espacio urbano ambiguo donde los haya, un <strong>no lugar<\/strong> que pretenden el peat\u00f3n y el automovilista. [<em>El Pa\u00eds<\/em> (Espa\u00f1a), 14\/11\/1995]<\/li>\n\n\n\n<li>Y el viejo africano, desde ese \u00ab<strong>no lugar<\/strong>\u00bb aeroportuario, nos ubica y prepara para el repaso de su historia en \u00abs\u00ed lugares\u00bb, en \u00e1mbitos y entre habitantes de un mundo previo delicioso, tan remoto como irrecuperable. [<em>Clar\u00edn<\/em> (Argentina), 14\/4\/2022]<\/li>\n<\/ul>\n\n\n\n<p>Si bien la modernidad decimon\u00f3nica, con sus grandes transformaciones urbanas, ya trajo cambios sustanciales en los modos de relacionarnos con el espacio y percibirlo, en lo esencial, la noci\u00f3n de <em>no lugar<\/em> se refiere al modelo econ\u00f3mico y urban\u00edstico prevalente a partir de la Segunda Guerra Mundial. Aquel Par\u00eds haussmanniano cantado por Baudelaire, que cambiaba m\u00e1s r\u00e1pido que la vida de un mortal, era, en todo caso, una urbe para deambular y establecer v\u00ednculos, duraderos o fugaces como una mirada al paso. En cambio, ciertos modelos urban\u00edsticos de la posmodernidad (esas extensas urbanizaciones de viviendas unifamiliares) nos dificultan trabar lazos con los lugares y quienes los habitan. En la ciudad tradicional y moderna o en los pueblos, la suma de identidades individuales genera lo colectivo; por tanto, crea identidad. Los lugares son resultado de relaciones; los <em>no lugares<\/em> y la posmodernidad, instrumentos anonimizadores, pues dictan una identidad general:<\/p>\n\n\n\n<ul>\n<li>[\u2026] un <strong>no-lugar<\/strong> corresponde a un espacio f\u00edsico en el que ni la identidad, ni la relaci\u00f3n, ni la historia est\u00e1n simbolizadas, son espacios en los que la gente coexiste o cohabita sin vivir junta. [<em>El Pa\u00eds<\/em> (Espa\u00f1a), 24\/5\/2005]<\/li>\n<\/ul>\n\n\n\n<p>Morfol\u00f3gicamente, el t\u00e9rmino est\u00e1 formado por prefijaci\u00f3n, si bien el estatus del prefijo <em>no-<\/em> es controvertido (cons\u00faltese la entrada <em><a style=\"color: #2d9659;\" href=\"https:\/\/blogscvc.cervantes.es\/martes-neologico\/no-ficcion\/\">no ficci\u00f3n<\/a><\/em> de este blog para profundizar al respecto). Es asimismo un calco, como dec\u00edamos, del franc\u00e9s. Y no es de extra\u00f1ar que el t\u00e9rmino proceda de dicho idioma, considerando la particular atenci\u00f3n que en Francia se ha prestado al espacio; pensemos en las contribuciones de los acad\u00e9micos galos al giro espacial y en la productividad que en esta lengua presentan algunos nombres del mismo campo para formar t\u00e9rminos por sintagmaci\u00f3n, con <em>lieu<\/em>, sin ir m\u00e1s lejos, el <em>lieu de m\u00e9moire<\/em> (\u2018lugar de memoria\u2019) del historiador Pierre Nora.<\/p>\n\n\n\n<p>Con los a\u00f1os, el t\u00e9rmino, en principio reservado a los especialistas, ha ido poblando las p\u00e1ginas de la prensa diaria. Que el hablante medio comienza a comprender \u2014o al menos, intuir\u2014 su significado lo prueba la tendencia reciente a ser empleado sin necesidad de a\u00f1adir una glosa:<\/p>\n\n\n\n<ul>\n<li>Ese territorio que no era de nadie, un <strong>no lugar<\/strong>, fue convertido en un espacio p\u00fablico cargado de contenidos, con una calidad notable que produce sentimientos de pertenencia. [<em>El Tiempo<\/em> (Colombia), 15\/7\/2015]<\/li>\n\n\n\n<li>Las residencias de ancianos se han convertido en <strong>no-lugares<\/strong>, mal atendidas, sometidas a la mercantilizaci\u00f3n. [<em>La Vanguardia<\/em> (Espa\u00f1a), 22\/6\/2020]<\/li>\n<\/ul>\n\n\n\n<p>Ninguno de los principales diccionarios generalistas del espa\u00f1ol recoge esta voz; de entre los de las lenguas vecinas, la incluyen el <em>Vocabolario Treccani<\/em> y el <em>Oxford English Dictionary<\/em>, este \u00faltimo solo como subentrada del prefijo <em>non-<\/em>, con varios ejemplos y sin definici\u00f3n. Ojal\u00e1 sigamos hablando, y cada vez m\u00e1s, de estos lugares que no son tales y que as\u00ed el uso los lleve a m\u00e1s diccionarios, pues ello ser\u00e1 indicio de una sociedad consciente de ciertos valores en peligro. Hablemos de los <em>no lugares<\/em>, reclamemos un urbanismo m\u00e1s humano y esforc\u00e9monos en vivir los lugares: \u00bfpuede compararse una larga escala en un aeropuerto con dejar pasar las horas charlando al fresco, sentados en un poyete, una noche estival al olor de la mies?<\/p>\n\n\n\n<p>Juan Carrillo del Saz<br>Universitat Aut\u00f2noma de Barcelona (Espa\u00f1a)<\/p>\n","protected":false},"excerpt":{"rendered":"<p>\u00abPor la manchega llanura \/ se vuelve a ver la figura \/ de Don Quijote pasar, \/ va cargado de amargura, \/ va, vencido, el caballero de retorno a su lugar\u00bb. Un lugar denota un sitio, una porci\u00f3n de espacio, seg\u00fan se\u00f1ala el <em>DLE<\/em>, pero, adem\u00e1s, en las alforjas de su significado, este nombre acarrea la connotaci\u00f3n de la espacialidad vivida. Como ilustran los versos de Le\u00f3n Felipe, a los lugares se vuelve y se pertenece. De ah\u00ed el posesivo, \u00absu lugar\u00bb; de ah\u00ed el regreso del hidalgo y el de todos los Ulises.<\/p>\n","protected":false},"author":1,"featured_media":11459,"comment_status":"open","ping_status":"open","sticky":false,"template":"","format":"standard","meta":{"_mi_skip_tracking":false,"_s2mail":""},"categories":[52,26,96],"tags":[],"yoast_head":"<!-- This site is optimized with the Yoast SEO plugin v20.6 - https:\/\/yoast.com\/wordpress\/plugins\/seo\/ -->\n<title>CVC. No lugar | Martes Neol\u00f3gico<\/title>\n<meta name=\"description\" content=\"Art\u00edculo sobre el neologismo \u00abno lugar\u00bb, dentro del blog Martes Neol\u00f3gico del Centro Virtual Cervantes.\" \/>\n<meta name=\"robots\" content=\"index, follow, max-snippet:-1, max-image-preview:large, max-video-preview:-1\" \/>\n<link rel=\"canonical\" href=\"https:\/\/blogscvc.cervantes.es\/martes-neologico\/no-lugar\/\" \/>\n<meta property=\"og:locale\" content=\"es_ES\" \/>\n<meta property=\"og:type\" content=\"article\" \/>\n<meta property=\"og:title\" content=\"CVC. No lugar | Martes Neol\u00f3gico\" \/>\n<meta property=\"og:description\" content=\"Art\u00edculo sobre el neologismo \u00abno lugar\u00bb, dentro del blog Martes Neol\u00f3gico del Centro Virtual Cervantes.\" \/>\n<meta property=\"og:url\" content=\"https:\/\/blogscvc.cervantes.es\/martes-neologico\/no-lugar\/\" \/>\n<meta property=\"og:site_name\" content=\"Martes Neol\u00f3gico\" \/>\n<meta property=\"article:published_time\" content=\"2023-07-18T05:00:00+00:00\" \/>\n<meta property=\"article:modified_time\" content=\"2023-07-24T11:52:50+00:00\" \/>\n<meta property=\"og:image\" content=\"http:\/\/blogscvc.cervantes.es\/martes-neologico\/wp-content\/uploads\/sites\/2\/2023\/07\/no_lugar_350.jpg\" \/>\n\t<meta property=\"og:image:width\" content=\"750\" \/>\n\t<meta property=\"og:image:height\" content=\"350\" \/>\n\t<meta property=\"og:image:type\" content=\"image\/jpeg\" \/>\n<meta name=\"author\" content=\"admin\" \/>\n<meta name=\"twitter:card\" content=\"summary_large_image\" \/>\n<meta name=\"twitter:label1\" content=\"Escrito por\" \/>\n\t<meta name=\"twitter:data1\" content=\"admin\" \/>\n\t<meta name=\"twitter:label2\" content=\"Tiempo de lectura\" \/>\n\t<meta name=\"twitter:data2\" content=\"5 minutos\" \/>\n<script type=\"application\/ld+json\" class=\"yoast-schema-graph\">{\"@context\":\"https:\/\/schema.org\",\"@graph\":[{\"@type\":\"Article\",\"@id\":\"https:\/\/blogscvc.cervantes.es\/martes-neologico\/no-lugar\/#article\",\"isPartOf\":{\"@id\":\"https:\/\/blogscvc.cervantes.es\/martes-neologico\/no-lugar\/\"},\"author\":{\"name\":\"admin\",\"@id\":\"https:\/\/blogscvc.cervantes.es\/martes-neologico\/#\/schema\/person\/7e2fd26f886f53b1b2e81721d23acc47\"},\"headline\":\"no lugar m.\",\"datePublished\":\"2023-07-18T05:00:00+00:00\",\"dateModified\":\"2023-07-24T11:52:50+00:00\",\"mainEntityOfPage\":{\"@id\":\"https:\/\/blogscvc.cervantes.es\/martes-neologico\/no-lugar\/\"},\"wordCount\":920,\"commentCount\":0,\"publisher\":{\"@id\":\"https:\/\/blogscvc.cervantes.es\/martes-neologico\/#organization\"},\"articleSection\":[\"prefijaci\u00f3n\",\"sociedad\",\"urbanismo\"],\"inLanguage\":\"es\",\"potentialAction\":[{\"@type\":\"CommentAction\",\"name\":\"Comment\",\"target\":[\"https:\/\/blogscvc.cervantes.es\/martes-neologico\/no-lugar\/#respond\"]}]},{\"@type\":\"WebPage\",\"@id\":\"https:\/\/blogscvc.cervantes.es\/martes-neologico\/no-lugar\/\",\"url\":\"https:\/\/blogscvc.cervantes.es\/martes-neologico\/no-lugar\/\",\"name\":\"CVC. No lugar | Martes Neol\u00f3gico\",\"isPartOf\":{\"@id\":\"https:\/\/blogscvc.cervantes.es\/martes-neologico\/#website\"},\"datePublished\":\"2023-07-18T05:00:00+00:00\",\"dateModified\":\"2023-07-24T11:52:50+00:00\",\"description\":\"Art\u00edculo sobre el neologismo \u00abno lugar\u00bb, dentro del blog Martes Neol\u00f3gico del Centro Virtual Cervantes.\",\"breadcrumb\":{\"@id\":\"https:\/\/blogscvc.cervantes.es\/martes-neologico\/no-lugar\/#breadcrumb\"},\"inLanguage\":\"es\",\"potentialAction\":[{\"@type\":\"ReadAction\",\"target\":[\"https:\/\/blogscvc.cervantes.es\/martes-neologico\/no-lugar\/\"]}]},{\"@type\":\"BreadcrumbList\",\"@id\":\"https:\/\/blogscvc.cervantes.es\/martes-neologico\/no-lugar\/#breadcrumb\",\"itemListElement\":[{\"@type\":\"ListItem\",\"position\":1,\"name\":\"Portada\",\"item\":\"https:\/\/blogscvc.cervantes.es\/martes-neologico\/\"},{\"@type\":\"ListItem\",\"position\":2,\"name\":\"no lugar m.\"}]},{\"@type\":\"WebSite\",\"@id\":\"https:\/\/blogscvc.cervantes.es\/martes-neologico\/#website\",\"url\":\"https:\/\/blogscvc.cervantes.es\/martes-neologico\/\",\"name\":\"Martes Neol\u00f3gico\",\"description\":\"Cada martes, una palabra nueva que podr\u00eda estar en el diccionario\",\"publisher\":{\"@id\":\"https:\/\/blogscvc.cervantes.es\/martes-neologico\/#organization\"},\"potentialAction\":[{\"@type\":\"SearchAction\",\"target\":{\"@type\":\"EntryPoint\",\"urlTemplate\":\"https:\/\/blogscvc.cervantes.es\/martes-neologico\/?s={search_term_string}\"},\"query-input\":\"required name=search_term_string\"}],\"inLanguage\":\"es\"},{\"@type\":\"Organization\",\"@id\":\"https:\/\/blogscvc.cervantes.es\/martes-neologico\/#organization\",\"name\":\"Martes Neol\u00f3gico\",\"url\":\"https:\/\/blogscvc.cervantes.es\/martes-neologico\/\",\"logo\":{\"@type\":\"ImageObject\",\"inLanguage\":\"es\",\"@id\":\"https:\/\/blogscvc.cervantes.es\/martes-neologico\/#\/schema\/logo\/image\/\",\"url\":\"https:\/\/blogscvc.cervantes.es\/martes-neologico\/wp-content\/uploads\/sites\/2\/2025\/10\/logo-martes-neologico-10-anos.png\",\"contentUrl\":\"https:\/\/blogscvc.cervantes.es\/martes-neologico\/wp-content\/uploads\/sites\/2\/2025\/10\/logo-martes-neologico-10-anos.png\",\"width\":300,\"height\":100,\"caption\":\"Martes Neol\u00f3gico\"},\"image\":{\"@id\":\"https:\/\/blogscvc.cervantes.es\/martes-neologico\/#\/schema\/logo\/image\/\"}},{\"@type\":\"Person\",\"@id\":\"https:\/\/blogscvc.cervantes.es\/martes-neologico\/#\/schema\/person\/7e2fd26f886f53b1b2e81721d23acc47\",\"name\":\"admin\",\"image\":{\"@type\":\"ImageObject\",\"inLanguage\":\"es\",\"@id\":\"https:\/\/blogscvc.cervantes.es\/martes-neologico\/#\/schema\/person\/image\/\",\"url\":\"https:\/\/secure.gravatar.com\/avatar\/c4b6a365b64e607f3d2ecd9620a7675a?s=96&d=mm&r=g\",\"contentUrl\":\"https:\/\/secure.gravatar.com\/avatar\/c4b6a365b64e607f3d2ecd9620a7675a?s=96&d=mm&r=g\",\"caption\":\"admin\"},\"url\":\"https:\/\/blogscvc.cervantes.es\/martes-neologico\/author\/admin\/\"}]}<\/script>\n<!-- \/ Yoast SEO plugin. -->","yoast_head_json":{"title":"CVC. No lugar | Martes Neol\u00f3gico","description":"Art\u00edculo sobre el neologismo \u00abno lugar\u00bb, dentro del blog Martes Neol\u00f3gico del Centro Virtual Cervantes.","robots":{"index":"index","follow":"follow","max-snippet":"max-snippet:-1","max-image-preview":"max-image-preview:large","max-video-preview":"max-video-preview:-1"},"canonical":"https:\/\/blogscvc.cervantes.es\/martes-neologico\/no-lugar\/","og_locale":"es_ES","og_type":"article","og_title":"CVC. No lugar | Martes Neol\u00f3gico","og_description":"Art\u00edculo sobre el neologismo \u00abno lugar\u00bb, dentro del blog Martes Neol\u00f3gico del Centro Virtual Cervantes.","og_url":"https:\/\/blogscvc.cervantes.es\/martes-neologico\/no-lugar\/","og_site_name":"Martes Neol\u00f3gico","article_published_time":"2023-07-18T05:00:00+00:00","article_modified_time":"2023-07-24T11:52:50+00:00","og_image":[{"width":750,"height":350,"url":"http:\/\/blogscvc.cervantes.es\/martes-neologico\/wp-content\/uploads\/sites\/2\/2023\/07\/no_lugar_350.jpg","type":"image\/jpeg"}],"author":"admin","twitter_card":"summary_large_image","twitter_misc":{"Escrito por":"admin","Tiempo de lectura":"5 minutos"},"schema":{"@context":"https:\/\/schema.org","@graph":[{"@type":"Article","@id":"https:\/\/blogscvc.cervantes.es\/martes-neologico\/no-lugar\/#article","isPartOf":{"@id":"https:\/\/blogscvc.cervantes.es\/martes-neologico\/no-lugar\/"},"author":{"name":"admin","@id":"https:\/\/blogscvc.cervantes.es\/martes-neologico\/#\/schema\/person\/7e2fd26f886f53b1b2e81721d23acc47"},"headline":"no lugar m.","datePublished":"2023-07-18T05:00:00+00:00","dateModified":"2023-07-24T11:52:50+00:00","mainEntityOfPage":{"@id":"https:\/\/blogscvc.cervantes.es\/martes-neologico\/no-lugar\/"},"wordCount":920,"commentCount":0,"publisher":{"@id":"https:\/\/blogscvc.cervantes.es\/martes-neologico\/#organization"},"articleSection":["prefijaci\u00f3n","sociedad","urbanismo"],"inLanguage":"es","potentialAction":[{"@type":"CommentAction","name":"Comment","target":["https:\/\/blogscvc.cervantes.es\/martes-neologico\/no-lugar\/#respond"]}]},{"@type":"WebPage","@id":"https:\/\/blogscvc.cervantes.es\/martes-neologico\/no-lugar\/","url":"https:\/\/blogscvc.cervantes.es\/martes-neologico\/no-lugar\/","name":"CVC. No lugar | Martes Neol\u00f3gico","isPartOf":{"@id":"https:\/\/blogscvc.cervantes.es\/martes-neologico\/#website"},"datePublished":"2023-07-18T05:00:00+00:00","dateModified":"2023-07-24T11:52:50+00:00","description":"Art\u00edculo sobre el neologismo \u00abno lugar\u00bb, dentro del blog Martes Neol\u00f3gico del Centro Virtual Cervantes.","breadcrumb":{"@id":"https:\/\/blogscvc.cervantes.es\/martes-neologico\/no-lugar\/#breadcrumb"},"inLanguage":"es","potentialAction":[{"@type":"ReadAction","target":["https:\/\/blogscvc.cervantes.es\/martes-neologico\/no-lugar\/"]}]},{"@type":"BreadcrumbList","@id":"https:\/\/blogscvc.cervantes.es\/martes-neologico\/no-lugar\/#breadcrumb","itemListElement":[{"@type":"ListItem","position":1,"name":"Portada","item":"https:\/\/blogscvc.cervantes.es\/martes-neologico\/"},{"@type":"ListItem","position":2,"name":"no lugar m."}]},{"@type":"WebSite","@id":"https:\/\/blogscvc.cervantes.es\/martes-neologico\/#website","url":"https:\/\/blogscvc.cervantes.es\/martes-neologico\/","name":"Martes Neol\u00f3gico","description":"Cada martes, una palabra nueva que podr\u00eda estar en el diccionario","publisher":{"@id":"https:\/\/blogscvc.cervantes.es\/martes-neologico\/#organization"},"potentialAction":[{"@type":"SearchAction","target":{"@type":"EntryPoint","urlTemplate":"https:\/\/blogscvc.cervantes.es\/martes-neologico\/?s={search_term_string}"},"query-input":"required name=search_term_string"}],"inLanguage":"es"},{"@type":"Organization","@id":"https:\/\/blogscvc.cervantes.es\/martes-neologico\/#organization","name":"Martes Neol\u00f3gico","url":"https:\/\/blogscvc.cervantes.es\/martes-neologico\/","logo":{"@type":"ImageObject","inLanguage":"es","@id":"https:\/\/blogscvc.cervantes.es\/martes-neologico\/#\/schema\/logo\/image\/","url":"https:\/\/blogscvc.cervantes.es\/martes-neologico\/wp-content\/uploads\/sites\/2\/2025\/10\/logo-martes-neologico-10-anos.png","contentUrl":"https:\/\/blogscvc.cervantes.es\/martes-neologico\/wp-content\/uploads\/sites\/2\/2025\/10\/logo-martes-neologico-10-anos.png","width":300,"height":100,"caption":"Martes Neol\u00f3gico"},"image":{"@id":"https:\/\/blogscvc.cervantes.es\/martes-neologico\/#\/schema\/logo\/image\/"}},{"@type":"Person","@id":"https:\/\/blogscvc.cervantes.es\/martes-neologico\/#\/schema\/person\/7e2fd26f886f53b1b2e81721d23acc47","name":"admin","image":{"@type":"ImageObject","inLanguage":"es","@id":"https:\/\/blogscvc.cervantes.es\/martes-neologico\/#\/schema\/person\/image\/","url":"https:\/\/secure.gravatar.com\/avatar\/c4b6a365b64e607f3d2ecd9620a7675a?s=96&d=mm&r=g","contentUrl":"https:\/\/secure.gravatar.com\/avatar\/c4b6a365b64e607f3d2ecd9620a7675a?s=96&d=mm&r=g","caption":"admin"},"url":"https:\/\/blogscvc.cervantes.es\/martes-neologico\/author\/admin\/"}]}},"_links":{"self":[{"href":"https:\/\/blogscvc.cervantes.es\/martes-neologico\/wp-json\/wp\/v2\/posts\/11456"}],"collection":[{"href":"https:\/\/blogscvc.cervantes.es\/martes-neologico\/wp-json\/wp\/v2\/posts"}],"about":[{"href":"https:\/\/blogscvc.cervantes.es\/martes-neologico\/wp-json\/wp\/v2\/types\/post"}],"author":[{"embeddable":true,"href":"https:\/\/blogscvc.cervantes.es\/martes-neologico\/wp-json\/wp\/v2\/users\/1"}],"replies":[{"embeddable":true,"href":"https:\/\/blogscvc.cervantes.es\/martes-neologico\/wp-json\/wp\/v2\/comments?post=11456"}],"version-history":[{"count":2,"href":"https:\/\/blogscvc.cervantes.es\/martes-neologico\/wp-json\/wp\/v2\/posts\/11456\/revisions"}],"predecessor-version":[{"id":11468,"href":"https:\/\/blogscvc.cervantes.es\/martes-neologico\/wp-json\/wp\/v2\/posts\/11456\/revisions\/11468"}],"wp:featuredmedia":[{"embeddable":true,"href":"https:\/\/blogscvc.cervantes.es\/martes-neologico\/wp-json\/wp\/v2\/media\/11459"}],"wp:attachment":[{"href":"https:\/\/blogscvc.cervantes.es\/martes-neologico\/wp-json\/wp\/v2\/media?parent=11456"}],"wp:term":[{"taxonomy":"category","embeddable":true,"href":"https:\/\/blogscvc.cervantes.es\/martes-neologico\/wp-json\/wp\/v2\/categories?post=11456"},{"taxonomy":"post_tag","embeddable":true,"href":"https:\/\/blogscvc.cervantes.es\/martes-neologico\/wp-json\/wp\/v2\/tags?post=11456"}],"curies":[{"name":"wp","href":"https:\/\/api.w.org\/{rel}","templated":true}]}}