{"id":11816,"date":"2023-09-26T07:00:00","date_gmt":"2023-09-26T05:00:00","guid":{"rendered":"https:\/\/blogscvc.cervantes.es\/martes-neologico\/?p=11816"},"modified":"2023-10-06T22:30:54","modified_gmt":"2023-10-06T20:30:54","slug":"explorador","status":"publish","type":"post","link":"https:\/\/blogscvc.cervantes.es\/martes-neologico\/explorador\/","title":{"rendered":"explorador <em>m.<\/em>"},"content":{"rendered":"\n<p>En 1995, Microsoft lanz\u00f3 su navegador web Internet Explorer (el cual, antes de popularizarse con este nombre, fue presentado como Microsoft Internet Explorer y Windows Internet Explorer). Fue el navegador m\u00e1s usado a principios de los 2000 y perdi\u00f3 usuarios a partir del 2004, con la aparici\u00f3n de navegadores alternativos, como Mozilla Firefox o Google Chrome. Aunque se trata de una aplicaci\u00f3n ya obsoleta, en este art\u00edculo veremos que ha dejado huella en el repertorio l\u00e9xico de la lengua espa\u00f1ola.<\/p>\n\n\n<figure class=\"wp-block-image size-large is-style-default\"><a href=\"http:\/\/blogscvc.cervantes.es\/martes-neologico\/wp-content\/uploads\/sites\/2\/2023\/09\/explorador_500.jpg\"><img decoding=\"async\" class=\"wp-image-7916\" src=\"http:\/\/blogscvc.cervantes.es\/martes-neologico\/wp-content\/uploads\/sites\/2\/2023\/09\/explorador_500.jpg\" alt=\"[fotograf\u00eda] mano sujetando una br\u00fajula\"><\/a><figcaption>Valentin Antonucci (Pexels)<\/figcaption><\/figure>\n\n\n<p>En el mismo a\u00f1o 1995 Windows incluy\u00f3 tambi\u00e9n, por primera vez, el llamado Explorador de archivos en el sistema operativo Windows 95. En este caso, consiste en un componente del ordenador que permite gestionar nuestros archivos y carpetas. Todas las versiones de Windows comercializadas desde 1995 han incorporado el Explorador de archivos.<\/p>\n\n\n\n<p>En el <em>DLE<\/em>, la palabra <em>explorador, -ra <\/em>se recoge como adjetivo usado tambi\u00e9n como sustantivo, definido brevemente como \u00abque explora\u00bb, y como sustantivo, con una remisi\u00f3n a la voz <em>escultista<\/em>. Sin embargo, los corpus de referencia del espa\u00f1ol demuestran que las citadas propuestas de Windows han desencadenado, en el uso, dos significados para esta palabra, vinculados a la inform\u00e1tica. Esto es patente en el hecho de que el CREA, que recoge documentos publicados hasta el a\u00f1o 2004, vierte sesenta y nueve casos de uso de <em>explorador<\/em> en documentos del \u00e1mbito inform\u00e1tico, todos ellos publicados a partir del a\u00f1o 1997, cuando ya hac\u00eda dos a\u00f1os que las aplicaciones descritas se hab\u00edan lanzado al mercado. Por un lado, hoy usamos <em>explorador<\/em> como sin\u00f3nimo de <em>navegador<\/em>, voz que el <em>DLE<\/em> define en su segunda acepci\u00f3n como \u00abaplicaci\u00f3n que, mediante enlaces de hipertexto, permite navegar por una red inform\u00e1tica\u00bb. En el CORPES XXI, la voz <em>explorador<\/em> como sustantivo com\u00fan aparece desde los primeros registros de documentos escritos en distintos pa\u00edses, no siempre en relaci\u00f3n con la aplicaci\u00f3n desarrollada por Windows:<\/p>\n\n\n\n<ul>\n<li>A todos los usuarios de Internet la empresa recomienda que para una revisi\u00f3n r\u00e1pida de su PC, utilice HouseCall, el <strong>explorador<\/strong> en l\u00ednea gratuito de Trend Micro. Este revisar\u00e1 si hay virus en su PC y los eliminar\u00e1. [<em>Exc\u00e9lsior <\/em>(M\u00e9xico), 14\/9\/2001]<\/li>\n\n\n\n<li>\u00daltimamente mi navegador Internet Explorer me ha estado fallando. Cada vez que hago clic sobre un v\u00ednculo comienza a hacer un ruido incesante (el ruido es como si abriera varias ventanas al mismo tiempo), hasta que cierro el <strong>explorador<\/strong>. [<em>La Prensa <\/em>(Nicaragua), 2\/1\/2001]<\/li>\n<\/ul>\n\n\n\n<p>Este uso est\u00e1 consolidado en la lengua espa\u00f1ola y se recoge ya en algunos diccionarios, como <em>Clave<\/em> y <em>DEA<\/em>. En la base de datos <em>BOBNEO<\/em> desarrollada por el Observatori de Neologia (UPF), aparecen igualmente registros en los que se emplea la palabra como sustantivo com\u00fan, en ocasiones con la aposici\u00f3n de la voz <em>web<\/em> (<em>explorador web<\/em>) y sin referirse al sistema operativo de Windows:<\/p>\n\n\n\n<ul>\n<li>Este <strong>explorador<\/strong> web se integra de forma perfecta con los sistemas operativos OS X (para computadores de escritorio) e iOS (para m\u00f3viles). [<em>El Tiempo<\/em> (Colombia), 7\/3\/2015]<\/li>\n\n\n\n<li>Cualquier lector podr\u00e1 ingresar al Portal a trav\u00e9s del uso de un <strong>explorador<\/strong> o a trav\u00e9s de las aplicaciones de <em>El Tiempo<\/em> disponibles. Para poder revisar el contenido del Portal de manera ilimitada el usuario deber\u00e1 registrarse en el Portal, autorizando previamente el tratamiento de sus datos personales. [<em>El Tiempo<\/em> (Colombia), 17\/5\/2015]<\/li>\n<\/ul>\n\n\n\n<p>Por otro lado, desde principios de los 2000 usamos <em>explorador<\/em> como sustantivo com\u00fan para referirnos al componente que nos permite gestionar archivos en el ordenador, tal como muestran estos ejemplos extra\u00eddos del CREA:<\/p>\n\n\n\n<ul>\n<li>Otra forma sencilla es dentro del <strong>explorador<\/strong> de Windows, seleccione la carpeta de Windows, y seguidamente entre a la carpeta de \u00abCookies\u00bb, dentro de la carpeta aparecen los cookies, elim\u00ednelos excepto el archivo denominado index.dat, posteriormente elim\u00ednelos de la papelera de reciclaje. [<em>La Prensa<\/em> (Nicaragua), 30\/4\/2002]<\/li>\n\n\n\n<li>Al abrir algunos de los archivos de Office con un doble clic desde el <strong>explorador<\/strong>, con mucha frecuencia el ordenador se reinicia solo. Cuando inicio primero Word o Excel, entonces no pasa nada y todo funciona [<em>El Pa\u00eds <\/em>(Espa\u00f1a), 10\/4\/2003]<\/li>\n<\/ul>\n\n\n\n<p>Este neologismo sem\u00e1ntico funciona del mismo modo en lengua catalana (<em>explorador<\/em>), si bien tampoco se recoge con los sentidos descritos en el diccionario normativo del Institut d\u2019Estudis Catalans. En cambio, no es frecuente en el uso de otras lenguas rom\u00e1nicas, como el franc\u00e9s o el italiano.<\/p>\n\n\n\n<p>Explorar p\u00e1ginas web y archivos no resulta tan emocionante como embarcarse en las aventuras de los grandes exploradores, como Jeanne Baret, la francesa experta en bot\u00e1nica que zarp\u00f3 en la expedici\u00f3n de Bougainville disfrazada de hombre y particip\u00f3 en el descubrimiento de la planta buganvilla. La mayor\u00eda de los exploradores actuales nos limitamos a navegar entre clics y, por lo general, dedicamos tan poco tiempo a consultar cada p\u00e1gina que apenas se puede decir de nosotros que \u00abreconozcamos, registremos, inquiramos o averig\u00fcemos con diligencia una cosa o un lugar\u00bb, la primera definici\u00f3n que el <em>DLE<\/em> ofrece para el verbo <em>explorar<\/em>. Los datos de corpus nos dicen, sin embargo, que no cabe duda de que llamamos <em>explorador<\/em> a la herramienta que usamos para hacerlo.<\/p>\n\n\n\n<p>Blanca Arias-Badia<br>Grupo InfoLex<br>Universitat Pompeu Fabra (Espa\u00f1a)<\/p>\n","protected":false},"excerpt":{"rendered":"<p>En 1995, Microsoft lanz\u00f3 su navegador web Internet Explorer (el cual, antes de popularizarse con este nombre, fue presentado como Microsoft Internet Explorer y Windows Internet Explorer). Fue el navegador m\u00e1s usado a principios de los 2000 y perdi\u00f3 usuarios a partir del 2004, con la aparici\u00f3n de navegadores alternativos, como Mozilla Firefox o Google Chrome. Aunque se trata de una aplicaci\u00f3n ya obsoleta, en este art\u00edculo veremos que ha dejado huella en el repertorio l\u00e9xico de la lengua espa\u00f1ola.<\/p>\n","protected":false},"author":1,"featured_media":11819,"comment_status":"open","ping_status":"open","sticky":false,"template":"","format":"standard","meta":{"_mi_skip_tracking":false,"_s2mail":""},"categories":[58,146],"tags":[],"yoast_head":"<!-- This site is optimized with the Yoast SEO plugin v20.6 - https:\/\/yoast.com\/wordpress\/plugins\/seo\/ -->\n<title>CVC. Explorador | Martes Neol\u00f3gico<\/title>\n<meta name=\"description\" content=\"Art\u00edculo sobre el neologismo \u00abexplorador\u00bb, dentro del blog Martes Neol\u00f3gico del Centro Virtual Cervantes.\" \/>\n<meta name=\"robots\" content=\"index, follow, max-snippet:-1, max-image-preview:large, max-video-preview:-1\" \/>\n<link rel=\"canonical\" href=\"https:\/\/blogscvc.cervantes.es\/martes-neologico\/explorador\/\" \/>\n<meta property=\"og:locale\" content=\"es_ES\" \/>\n<meta property=\"og:type\" content=\"article\" \/>\n<meta property=\"og:title\" content=\"CVC. Explorador | Martes Neol\u00f3gico\" \/>\n<meta property=\"og:description\" content=\"Art\u00edculo sobre el neologismo \u00abexplorador\u00bb, dentro del blog Martes Neol\u00f3gico del Centro Virtual Cervantes.\" \/>\n<meta property=\"og:url\" content=\"https:\/\/blogscvc.cervantes.es\/martes-neologico\/explorador\/\" \/>\n<meta property=\"og:site_name\" content=\"Martes Neol\u00f3gico\" \/>\n<meta property=\"article:published_time\" content=\"2023-09-26T05:00:00+00:00\" \/>\n<meta property=\"article:modified_time\" content=\"2023-10-06T20:30:54+00:00\" \/>\n<meta property=\"og:image\" content=\"http:\/\/blogscvc.cervantes.es\/martes-neologico\/wp-content\/uploads\/sites\/2\/2023\/09\/explorador_350.jpg\" \/>\n\t<meta property=\"og:image:width\" content=\"750\" \/>\n\t<meta property=\"og:image:height\" content=\"350\" \/>\n\t<meta property=\"og:image:type\" content=\"image\/jpeg\" \/>\n<meta name=\"author\" content=\"admin\" \/>\n<meta name=\"twitter:card\" content=\"summary_large_image\" \/>\n<meta name=\"twitter:label1\" content=\"Escrito por\" \/>\n\t<meta name=\"twitter:data1\" content=\"admin\" \/>\n\t<meta name=\"twitter:label2\" content=\"Tiempo de lectura\" \/>\n\t<meta name=\"twitter:data2\" content=\"5 minutos\" \/>\n<script type=\"application\/ld+json\" class=\"yoast-schema-graph\">{\"@context\":\"https:\/\/schema.org\",\"@graph\":[{\"@type\":\"Article\",\"@id\":\"https:\/\/blogscvc.cervantes.es\/martes-neologico\/explorador\/#article\",\"isPartOf\":{\"@id\":\"https:\/\/blogscvc.cervantes.es\/martes-neologico\/explorador\/\"},\"author\":{\"name\":\"admin\",\"@id\":\"https:\/\/blogscvc.cervantes.es\/martes-neologico\/#\/schema\/person\/7e2fd26f886f53b1b2e81721d23acc47\"},\"headline\":\"explorador m.\",\"datePublished\":\"2023-09-26T05:00:00+00:00\",\"dateModified\":\"2023-10-06T20:30:54+00:00\",\"mainEntityOfPage\":{\"@id\":\"https:\/\/blogscvc.cervantes.es\/martes-neologico\/explorador\/\"},\"wordCount\":875,\"commentCount\":0,\"publisher\":{\"@id\":\"https:\/\/blogscvc.cervantes.es\/martes-neologico\/#organization\"},\"articleSection\":[\"inform\u00e1tica\",\"neologismo sem\u00e1ntico\"],\"inLanguage\":\"es\",\"potentialAction\":[{\"@type\":\"CommentAction\",\"name\":\"Comment\",\"target\":[\"https:\/\/blogscvc.cervantes.es\/martes-neologico\/explorador\/#respond\"]}]},{\"@type\":\"WebPage\",\"@id\":\"https:\/\/blogscvc.cervantes.es\/martes-neologico\/explorador\/\",\"url\":\"https:\/\/blogscvc.cervantes.es\/martes-neologico\/explorador\/\",\"name\":\"CVC. Explorador | Martes Neol\u00f3gico\",\"isPartOf\":{\"@id\":\"https:\/\/blogscvc.cervantes.es\/martes-neologico\/#website\"},\"datePublished\":\"2023-09-26T05:00:00+00:00\",\"dateModified\":\"2023-10-06T20:30:54+00:00\",\"description\":\"Art\u00edculo sobre el neologismo \u00abexplorador\u00bb, dentro del blog Martes Neol\u00f3gico del Centro Virtual Cervantes.\",\"breadcrumb\":{\"@id\":\"https:\/\/blogscvc.cervantes.es\/martes-neologico\/explorador\/#breadcrumb\"},\"inLanguage\":\"es\",\"potentialAction\":[{\"@type\":\"ReadAction\",\"target\":[\"https:\/\/blogscvc.cervantes.es\/martes-neologico\/explorador\/\"]}]},{\"@type\":\"BreadcrumbList\",\"@id\":\"https:\/\/blogscvc.cervantes.es\/martes-neologico\/explorador\/#breadcrumb\",\"itemListElement\":[{\"@type\":\"ListItem\",\"position\":1,\"name\":\"Portada\",\"item\":\"https:\/\/blogscvc.cervantes.es\/martes-neologico\/\"},{\"@type\":\"ListItem\",\"position\":2,\"name\":\"explorador m.\"}]},{\"@type\":\"WebSite\",\"@id\":\"https:\/\/blogscvc.cervantes.es\/martes-neologico\/#website\",\"url\":\"https:\/\/blogscvc.cervantes.es\/martes-neologico\/\",\"name\":\"Martes Neol\u00f3gico\",\"description\":\"Cada martes, una palabra nueva que podr\u00eda estar en el diccionario\",\"publisher\":{\"@id\":\"https:\/\/blogscvc.cervantes.es\/martes-neologico\/#organization\"},\"potentialAction\":[{\"@type\":\"SearchAction\",\"target\":{\"@type\":\"EntryPoint\",\"urlTemplate\":\"https:\/\/blogscvc.cervantes.es\/martes-neologico\/?s={search_term_string}\"},\"query-input\":\"required name=search_term_string\"}],\"inLanguage\":\"es\"},{\"@type\":\"Organization\",\"@id\":\"https:\/\/blogscvc.cervantes.es\/martes-neologico\/#organization\",\"name\":\"Martes Neol\u00f3gico\",\"url\":\"https:\/\/blogscvc.cervantes.es\/martes-neologico\/\",\"logo\":{\"@type\":\"ImageObject\",\"inLanguage\":\"es\",\"@id\":\"https:\/\/blogscvc.cervantes.es\/martes-neologico\/#\/schema\/logo\/image\/\",\"url\":\"https:\/\/blogscvc.cervantes.es\/martes-neologico\/wp-content\/uploads\/sites\/2\/2025\/10\/logo-martes-neologico-10-anos.png\",\"contentUrl\":\"https:\/\/blogscvc.cervantes.es\/martes-neologico\/wp-content\/uploads\/sites\/2\/2025\/10\/logo-martes-neologico-10-anos.png\",\"width\":300,\"height\":100,\"caption\":\"Martes Neol\u00f3gico\"},\"image\":{\"@id\":\"https:\/\/blogscvc.cervantes.es\/martes-neologico\/#\/schema\/logo\/image\/\"}},{\"@type\":\"Person\",\"@id\":\"https:\/\/blogscvc.cervantes.es\/martes-neologico\/#\/schema\/person\/7e2fd26f886f53b1b2e81721d23acc47\",\"name\":\"admin\",\"image\":{\"@type\":\"ImageObject\",\"inLanguage\":\"es\",\"@id\":\"https:\/\/blogscvc.cervantes.es\/martes-neologico\/#\/schema\/person\/image\/\",\"url\":\"https:\/\/secure.gravatar.com\/avatar\/c4b6a365b64e607f3d2ecd9620a7675a?s=96&d=mm&r=g\",\"contentUrl\":\"https:\/\/secure.gravatar.com\/avatar\/c4b6a365b64e607f3d2ecd9620a7675a?s=96&d=mm&r=g\",\"caption\":\"admin\"},\"url\":\"https:\/\/blogscvc.cervantes.es\/martes-neologico\/author\/admin\/\"}]}<\/script>\n<!-- \/ Yoast SEO plugin. -->","yoast_head_json":{"title":"CVC. Explorador | Martes Neol\u00f3gico","description":"Art\u00edculo sobre el neologismo \u00abexplorador\u00bb, dentro del blog Martes Neol\u00f3gico del Centro Virtual Cervantes.","robots":{"index":"index","follow":"follow","max-snippet":"max-snippet:-1","max-image-preview":"max-image-preview:large","max-video-preview":"max-video-preview:-1"},"canonical":"https:\/\/blogscvc.cervantes.es\/martes-neologico\/explorador\/","og_locale":"es_ES","og_type":"article","og_title":"CVC. Explorador | Martes Neol\u00f3gico","og_description":"Art\u00edculo sobre el neologismo \u00abexplorador\u00bb, dentro del blog Martes Neol\u00f3gico del Centro Virtual Cervantes.","og_url":"https:\/\/blogscvc.cervantes.es\/martes-neologico\/explorador\/","og_site_name":"Martes Neol\u00f3gico","article_published_time":"2023-09-26T05:00:00+00:00","article_modified_time":"2023-10-06T20:30:54+00:00","og_image":[{"width":750,"height":350,"url":"http:\/\/blogscvc.cervantes.es\/martes-neologico\/wp-content\/uploads\/sites\/2\/2023\/09\/explorador_350.jpg","type":"image\/jpeg"}],"author":"admin","twitter_card":"summary_large_image","twitter_misc":{"Escrito por":"admin","Tiempo de lectura":"5 minutos"},"schema":{"@context":"https:\/\/schema.org","@graph":[{"@type":"Article","@id":"https:\/\/blogscvc.cervantes.es\/martes-neologico\/explorador\/#article","isPartOf":{"@id":"https:\/\/blogscvc.cervantes.es\/martes-neologico\/explorador\/"},"author":{"name":"admin","@id":"https:\/\/blogscvc.cervantes.es\/martes-neologico\/#\/schema\/person\/7e2fd26f886f53b1b2e81721d23acc47"},"headline":"explorador m.","datePublished":"2023-09-26T05:00:00+00:00","dateModified":"2023-10-06T20:30:54+00:00","mainEntityOfPage":{"@id":"https:\/\/blogscvc.cervantes.es\/martes-neologico\/explorador\/"},"wordCount":875,"commentCount":0,"publisher":{"@id":"https:\/\/blogscvc.cervantes.es\/martes-neologico\/#organization"},"articleSection":["inform\u00e1tica","neologismo sem\u00e1ntico"],"inLanguage":"es","potentialAction":[{"@type":"CommentAction","name":"Comment","target":["https:\/\/blogscvc.cervantes.es\/martes-neologico\/explorador\/#respond"]}]},{"@type":"WebPage","@id":"https:\/\/blogscvc.cervantes.es\/martes-neologico\/explorador\/","url":"https:\/\/blogscvc.cervantes.es\/martes-neologico\/explorador\/","name":"CVC. Explorador | Martes Neol\u00f3gico","isPartOf":{"@id":"https:\/\/blogscvc.cervantes.es\/martes-neologico\/#website"},"datePublished":"2023-09-26T05:00:00+00:00","dateModified":"2023-10-06T20:30:54+00:00","description":"Art\u00edculo sobre el neologismo \u00abexplorador\u00bb, dentro del blog Martes Neol\u00f3gico del Centro Virtual Cervantes.","breadcrumb":{"@id":"https:\/\/blogscvc.cervantes.es\/martes-neologico\/explorador\/#breadcrumb"},"inLanguage":"es","potentialAction":[{"@type":"ReadAction","target":["https:\/\/blogscvc.cervantes.es\/martes-neologico\/explorador\/"]}]},{"@type":"BreadcrumbList","@id":"https:\/\/blogscvc.cervantes.es\/martes-neologico\/explorador\/#breadcrumb","itemListElement":[{"@type":"ListItem","position":1,"name":"Portada","item":"https:\/\/blogscvc.cervantes.es\/martes-neologico\/"},{"@type":"ListItem","position":2,"name":"explorador m."}]},{"@type":"WebSite","@id":"https:\/\/blogscvc.cervantes.es\/martes-neologico\/#website","url":"https:\/\/blogscvc.cervantes.es\/martes-neologico\/","name":"Martes Neol\u00f3gico","description":"Cada martes, una palabra nueva que podr\u00eda estar en el diccionario","publisher":{"@id":"https:\/\/blogscvc.cervantes.es\/martes-neologico\/#organization"},"potentialAction":[{"@type":"SearchAction","target":{"@type":"EntryPoint","urlTemplate":"https:\/\/blogscvc.cervantes.es\/martes-neologico\/?s={search_term_string}"},"query-input":"required name=search_term_string"}],"inLanguage":"es"},{"@type":"Organization","@id":"https:\/\/blogscvc.cervantes.es\/martes-neologico\/#organization","name":"Martes Neol\u00f3gico","url":"https:\/\/blogscvc.cervantes.es\/martes-neologico\/","logo":{"@type":"ImageObject","inLanguage":"es","@id":"https:\/\/blogscvc.cervantes.es\/martes-neologico\/#\/schema\/logo\/image\/","url":"https:\/\/blogscvc.cervantes.es\/martes-neologico\/wp-content\/uploads\/sites\/2\/2025\/10\/logo-martes-neologico-10-anos.png","contentUrl":"https:\/\/blogscvc.cervantes.es\/martes-neologico\/wp-content\/uploads\/sites\/2\/2025\/10\/logo-martes-neologico-10-anos.png","width":300,"height":100,"caption":"Martes Neol\u00f3gico"},"image":{"@id":"https:\/\/blogscvc.cervantes.es\/martes-neologico\/#\/schema\/logo\/image\/"}},{"@type":"Person","@id":"https:\/\/blogscvc.cervantes.es\/martes-neologico\/#\/schema\/person\/7e2fd26f886f53b1b2e81721d23acc47","name":"admin","image":{"@type":"ImageObject","inLanguage":"es","@id":"https:\/\/blogscvc.cervantes.es\/martes-neologico\/#\/schema\/person\/image\/","url":"https:\/\/secure.gravatar.com\/avatar\/c4b6a365b64e607f3d2ecd9620a7675a?s=96&d=mm&r=g","contentUrl":"https:\/\/secure.gravatar.com\/avatar\/c4b6a365b64e607f3d2ecd9620a7675a?s=96&d=mm&r=g","caption":"admin"},"url":"https:\/\/blogscvc.cervantes.es\/martes-neologico\/author\/admin\/"}]}},"_links":{"self":[{"href":"https:\/\/blogscvc.cervantes.es\/martes-neologico\/wp-json\/wp\/v2\/posts\/11816"}],"collection":[{"href":"https:\/\/blogscvc.cervantes.es\/martes-neologico\/wp-json\/wp\/v2\/posts"}],"about":[{"href":"https:\/\/blogscvc.cervantes.es\/martes-neologico\/wp-json\/wp\/v2\/types\/post"}],"author":[{"embeddable":true,"href":"https:\/\/blogscvc.cervantes.es\/martes-neologico\/wp-json\/wp\/v2\/users\/1"}],"replies":[{"embeddable":true,"href":"https:\/\/blogscvc.cervantes.es\/martes-neologico\/wp-json\/wp\/v2\/comments?post=11816"}],"version-history":[{"count":1,"href":"https:\/\/blogscvc.cervantes.es\/martes-neologico\/wp-json\/wp\/v2\/posts\/11816\/revisions"}],"predecessor-version":[{"id":11825,"href":"https:\/\/blogscvc.cervantes.es\/martes-neologico\/wp-json\/wp\/v2\/posts\/11816\/revisions\/11825"}],"wp:featuredmedia":[{"embeddable":true,"href":"https:\/\/blogscvc.cervantes.es\/martes-neologico\/wp-json\/wp\/v2\/media\/11819"}],"wp:attachment":[{"href":"https:\/\/blogscvc.cervantes.es\/martes-neologico\/wp-json\/wp\/v2\/media?parent=11816"}],"wp:term":[{"taxonomy":"category","embeddable":true,"href":"https:\/\/blogscvc.cervantes.es\/martes-neologico\/wp-json\/wp\/v2\/categories?post=11816"},{"taxonomy":"post_tag","embeddable":true,"href":"https:\/\/blogscvc.cervantes.es\/martes-neologico\/wp-json\/wp\/v2\/tags?post=11816"}],"curies":[{"name":"wp","href":"https:\/\/api.w.org\/{rel}","templated":true}]}}