{"id":12155,"date":"2024-04-23T07:00:00","date_gmt":"2024-04-23T05:00:00","guid":{"rendered":"https:\/\/blogscvc.cervantes.es\/martes-neologico\/?p=12155"},"modified":"2025-07-31T11:29:27","modified_gmt":"2025-07-31T09:29:27","slug":"interseccionalidad","status":"publish","type":"post","link":"https:\/\/blogscvc.cervantes.es\/martes-neologico\/interseccionalidad\/","title":{"rendered":"interseccionalidad <em>f.<\/em>"},"content":{"rendered":"\n<p>El discurso feminista cuenta ya con m\u00e1s de cien a\u00f1os de antig\u00fcedad, si nos remitimos a la primera ola de la teor\u00eda feminista, y a lo largo de los a\u00f1os se han ido sucediendo distintas olas que han incidido en distintos aspectos de la desigualdad entre hombres y mujeres, desde distintas escuelas de pensamiento. En su evoluci\u00f3n, el discurso feminista ha ido definiendo conceptos y creando un vocabulario propio que no siempre ha tenido la misma repercusi\u00f3n social. A veces, las voces del discurso feminista han conseguido implantarse totalmente en el uso y han sido repertoriadas en los diccionarios generales m\u00e1s representativos del espa\u00f1ol (como <em>cosificaci\u00f3n<\/em>, <em>patriarcado<\/em>, <em>sororidad<\/em> o <em>androcentrismo<\/em>), pero otras veces no cuentan con tal reconocimiento, como hemos visto en este blog en distintas ocasiones (<em><a style=\"color: #2d9659;\" href=\"https:\/\/blogscvc.cervantes.es\/martes-neologico\/micromachismo\/\">micromachismo<\/a><\/em>, <em><a style=\"color: #2d9659;\" href=\"https:\/\/blogscvc.cervantes.es\/martes-neologico\/revictimizacion\/\">revictimizaci\u00f3n<\/a><\/em>, <em><a style=\"color: #2d9659;\" href=\"https:\/\/blogscvc.cervantes.es\/martes-neologico\/hipersexualizacion\/\">hipersexualizaci\u00f3n<\/a><\/em>,  <em><a style=\"color: #2d9659;\" href=\"https:\/\/blogscvc.cervantes.es\/martes-neologico\/machirulo\/\">machirulo<\/a><\/em>, <em><a style=\"color: #2d9659;\" href=\"https:\/\/blogscvc.cervantes.es\/martes-neologico\/lenguaje-inclusivo\/\">lenguaje inclusivo<\/a><\/em>, <em><a style=\"color: #2d9659;\" href=\"https:\/\/blogscvc.cervantes.es\/martes-neologico\/mansplaining\/\">mansplaining<\/a><\/em> y muchas otras).<\/p>\n\n\n<figure class=\"wp-block-image size-large is-style-default\"><a href=\"http:\/\/blogscvc.cervantes.es\/martes-neologico\/wp-content\/uploads\/sites\/2\/2024\/04\/interseccionalidad_500.jpg\"><img decoding=\"async\" class=\"wp-image-7916\" src=\"http:\/\/blogscvc.cervantes.es\/martes-neologico\/wp-content\/uploads\/sites\/2\/2024\/04\/interseccionalidad_500.jpg\" alt=\"[dibujo] mujeres de diferentes razas y culturas alineadas de perfil\"><\/a><figcaption>Google Images<\/figcaption><\/figure>\n\n\n<p>En esta ocasi\u00f3n vamos a referirnos a la <em>interseccionalidad<\/em>, un concepto surgido del feminismo negro de los Estados Unidos en los a\u00f1os ochenta del siglo <span class=\"versalitas\">xx<\/span> para poner de manifiesto la realidad de las mujeres negras y los efectos que tienen sobre ellas el sexismo y el racismo. Fue Kimberl\u00e9 Williams Crenshaw, abogada y acad\u00e9mica norteamericana experta en derechos humanos, quien acu\u00f1\u00f3 este t\u00e9rmino con el que se defiende que la experiencia de la desigualdad y la discriminaci\u00f3n se configura a partir de la interrelaci\u00f3n entre distintas categor\u00edas sociales, como el g\u00e9nero, la etnia, la clase social, la orientaci\u00f3n sexual o la edad. As\u00ed, el racismo, el sexismo, la homofobia y otras formas de discriminaci\u00f3n tienen puntos de conexi\u00f3n en sus causas y deben estudiarse de manera interrelacionada para poderlas combatir.<\/p>\n\n\n\n<p><em>Interseccionalidad<\/em> es una palabra derivada que a\u00f1ade el sufijo <em>-idad<\/em> a la base adjetiva <em>interseccional<\/em> para indicar \u2018cualidad de\u2019. Dicho adjetivo es tambi\u00e9n neol\u00f3gico y ha aparecido en el discurso feminista del espa\u00f1ol siguiendo el patr\u00f3n del ingl\u00e9s, lengua de creaci\u00f3n de una parte muy importante de este discurso.<\/p>\n\n\n\n<p>Como podemos ver en los ejemplos siguientes, <em>interseccional<\/em> aparece en la prensa de las distintas variedades del espa\u00f1ol desde hace algo m\u00e1s de diez a\u00f1os, y casi siempre acompa\u00f1a al nombre <em>feminismo<\/em>, aunque tambi\u00e9n se combina con otras palabras del mismo \u00e1mbito: <em>activismo<\/em>, <em>pol\u00edtica<\/em>, <em>discriminaci\u00f3n<\/em> o <em>perspectiva<\/em>:<\/p>\n\n\n\n<ul>\n<li>El \u00faltimo proyecto en el que he participado ha sido \u00abCiclobollos\u00bb, un grupo en el que pretend\u00edamos aunar la cuesti\u00f3n feminista maribollotrans con el ecologismo, hacer ese ejercicio de activismo <strong>interseccional<\/strong>, de combinar todos esos frentes en los que estamos, que son nuestras vidas. [<em>P\u00e1gina12<\/em> (Argentina), 6\/5\/2011]<\/li>\n\n\n\n<li>Hoy, despu\u00e9s de un largo trasegar y una b\u00fasqueda intelectual diaria, con toda confianza puedo decirles sin duda alguna: Feminismo Artesanal, visto desde la academia, ser\u00eda la pr\u00e1ctica del feminismo <strong>interseccional<\/strong>. [<em>El Espectador<\/em> (Colombia), 30\/5\/2017]<\/li>\n\n\n\n<li>El documento de 11 p\u00e1ginas incluye demandas, entre las que se cuenta \u00abla transformaci\u00f3n de la educaci\u00f3n hacia un nuevo enfoque inclusivo en g\u00e9nero, feminista <strong>interseccional<\/strong> y disidente\u00bb. [<em>El Mercurio<\/em> (Chile), 27\/5\/2018]<\/li>\n\n\n\n<li>Y si algo ha puesto de manifiesto el pasado 2020 es que las pol\u00edticas de inclusi\u00f3n e <strong>interseccionales<\/strong> son cruciales para superar las situaciones m\u00e1s dif\u00edciles. [<em>La Raz\u00f3n<\/em> (Espa\u00f1a), 24\/3\/2021]<\/li>\n<\/ul>\n\n\n\n<p>El neologismo <em>interseccionalidad<\/em> aparece en el uso de prensa pocos a\u00f1os despu\u00e9s, para expresar la cualidad de <em>interseccional<\/em>, siempre en el sentido que acabamos de ver para el adjetivo:<\/p>\n\n\n\n<ul>\n<li>\u00bfC\u00f3mo reivindicar la categor\u00eda de mujer de color con esta preocupaci\u00f3n en atender la singularidad de las diferencias que se plantean en la construcci\u00f3n de lo femenino y lo masculino, en tanto <strong>interseccionalidades<\/strong>? [<em>P\u00e1gina12<\/em> (Argentina), 27\/5\/2016]<\/li>\n\n\n\n<li>Hay que tener en cuenta la <strong>interseccionalidad<\/strong>, desde el g\u00e9nero, la nacionalidad, los tramos de edad, la formaci\u00f3n, el lugar de residencia. [<em>El Peri\u00f3dico<\/em> (Espa\u00f1a), 20\/3\/2021]<\/li>\n\n\n\n<li>La inclusi\u00f3n debe ser vista desde la <strong>interseccionalidad<\/strong> y la transversalidad. [<em>Exc\u00e9lsior<\/em> (M\u00e9xico), 27\/4\/2021]<\/li>\n\n\n\n<li>A pedido de <em>les<\/em> <em>colleureuses<\/em>, habr\u00e1 en sus p\u00e1ginas un glosario donde se expliquen vocablos que refieren a su lucha expansiva; entre ellos, <strong>interseccionalidad<\/strong>, <em>gordofobia<\/em>, <em>adelphit\u00e9<\/em>. [<em>P\u00e1gina12<\/em> (Argentina), 11\/6\/2021]<\/li>\n<\/ul>\n\n\n\n<p>La <em>interseccionalidad<\/em> nos afecta, a unas m\u00e1s que a otros, y es algo sobre lo que la sociedad debe reflexionar, pero el concepto no est\u00e1 recogido en ning\u00fan diccionario del espa\u00f1ol (ni generales ni de neologismos), ni tampoco en los diccionarios generales de las lenguas rom\u00e1nicas m\u00e1s cercanas al espa\u00f1ol. Tal vez sea una buena ocasi\u00f3n para que el diccionario marque el paso y d\u00e9 cabida a este neologismo reciente.<\/p>\n\n\n\n<p>Judit Freixa Aymerich<br>Observatori de Neologia<br>Universitat Pompeu Fabra (Espa\u00f1a)<\/p>\n","protected":false},"excerpt":{"rendered":"<p>El discurso feminista cuenta ya con m\u00e1s de cien a\u00f1os de antig\u00fcedad, si nos remitimos a la primera ola de la teor\u00eda feminista, y a lo largo de los a\u00f1os se han ido sucediendo distintas olas que han incidido en distintos aspectos de la desigualdad entre hombres y mujeres, desde distintas escuelas de pensamiento. En su evoluci\u00f3n, el discurso feminista ha ido definiendo conceptos y creando un vocabulario propio que no siempre ha tenido la misma repercusi\u00f3n social. A veces, las voces del discurso feminista han conseguido implantarse totalmente en el uso y han sido repertoriadas en los diccionarios generales m\u00e1s representativos del espa\u00f1ol (como cosificaci\u00f3n, patriarcado, sororidad o androcentrismo), pero otras veces no cuentan con tal reconocimiento, como hemos visto en este blog en distintas ocasiones (micromachismo, revictimizaci\u00f3n, hipersexualizaci\u00f3n, machirulo, lenguaje inclusivo, mansplaining y muchas otras).<\/p>\n","protected":false},"author":1,"featured_media":12161,"comment_status":"open","ping_status":"open","sticky":false,"template":"","format":"standard","meta":{"_mi_skip_tracking":false,"_s2mail":""},"categories":[250,37],"tags":[],"yoast_head":"<!-- This site is optimized with the Yoast SEO plugin v20.6 - https:\/\/yoast.com\/wordpress\/plugins\/seo\/ -->\n<title>CVC. Interseccionalidad | Martes Neol\u00f3gico<\/title>\n<meta name=\"description\" content=\"Art\u00edculo sobre el neologismo \u00abinterseccionalidad\u00bb, dentro del blog Martes Neol\u00f3gico del Centro Virtual Cervantes.\" \/>\n<meta name=\"robots\" content=\"index, follow, max-snippet:-1, max-image-preview:large, max-video-preview:-1\" \/>\n<link rel=\"canonical\" href=\"https:\/\/blogscvc.cervantes.es\/martes-neologico\/interseccionalidad\/\" \/>\n<meta property=\"og:locale\" content=\"es_ES\" \/>\n<meta property=\"og:type\" content=\"article\" \/>\n<meta property=\"og:title\" content=\"CVC. Interseccionalidad | Martes Neol\u00f3gico\" \/>\n<meta property=\"og:description\" content=\"Art\u00edculo sobre el neologismo \u00abinterseccionalidad\u00bb, dentro del blog Martes Neol\u00f3gico del Centro Virtual Cervantes.\" \/>\n<meta property=\"og:url\" content=\"https:\/\/blogscvc.cervantes.es\/martes-neologico\/interseccionalidad\/\" \/>\n<meta property=\"og:site_name\" content=\"Martes Neol\u00f3gico\" \/>\n<meta property=\"article:published_time\" content=\"2024-04-23T05:00:00+00:00\" \/>\n<meta property=\"article:modified_time\" content=\"2025-07-31T09:29:27+00:00\" \/>\n<meta property=\"og:image\" content=\"http:\/\/blogscvc.cervantes.es\/martes-neologico\/wp-content\/uploads\/sites\/2\/2024\/04\/interseccionalidad_350.jpg\" \/>\n\t<meta property=\"og:image:width\" content=\"750\" \/>\n\t<meta property=\"og:image:height\" content=\"350\" \/>\n\t<meta property=\"og:image:type\" content=\"image\/jpeg\" \/>\n<meta name=\"author\" content=\"admin\" \/>\n<meta name=\"twitter:card\" content=\"summary_large_image\" \/>\n<meta name=\"twitter:label1\" content=\"Escrito por\" \/>\n\t<meta name=\"twitter:data1\" content=\"admin\" \/>\n\t<meta name=\"twitter:label2\" content=\"Tiempo de lectura\" \/>\n\t<meta name=\"twitter:data2\" content=\"4 minutos\" \/>\n<script type=\"application\/ld+json\" class=\"yoast-schema-graph\">{\"@context\":\"https:\/\/schema.org\",\"@graph\":[{\"@type\":\"Article\",\"@id\":\"https:\/\/blogscvc.cervantes.es\/martes-neologico\/interseccionalidad\/#article\",\"isPartOf\":{\"@id\":\"https:\/\/blogscvc.cervantes.es\/martes-neologico\/interseccionalidad\/\"},\"author\":{\"name\":\"admin\",\"@id\":\"https:\/\/blogscvc.cervantes.es\/martes-neologico\/#\/schema\/person\/7e2fd26f886f53b1b2e81721d23acc47\"},\"headline\":\"interseccionalidad f.\",\"datePublished\":\"2024-04-23T05:00:00+00:00\",\"dateModified\":\"2025-07-31T09:29:27+00:00\",\"mainEntityOfPage\":{\"@id\":\"https:\/\/blogscvc.cervantes.es\/martes-neologico\/interseccionalidad\/\"},\"wordCount\":792,\"commentCount\":0,\"publisher\":{\"@id\":\"https:\/\/blogscvc.cervantes.es\/martes-neologico\/#organization\"},\"articleSection\":[\"g\u00e9nero\",\"sufijaci\u00f3n\"],\"inLanguage\":\"es\",\"potentialAction\":[{\"@type\":\"CommentAction\",\"name\":\"Comment\",\"target\":[\"https:\/\/blogscvc.cervantes.es\/martes-neologico\/interseccionalidad\/#respond\"]}]},{\"@type\":\"WebPage\",\"@id\":\"https:\/\/blogscvc.cervantes.es\/martes-neologico\/interseccionalidad\/\",\"url\":\"https:\/\/blogscvc.cervantes.es\/martes-neologico\/interseccionalidad\/\",\"name\":\"CVC. Interseccionalidad | Martes Neol\u00f3gico\",\"isPartOf\":{\"@id\":\"https:\/\/blogscvc.cervantes.es\/martes-neologico\/#website\"},\"datePublished\":\"2024-04-23T05:00:00+00:00\",\"dateModified\":\"2025-07-31T09:29:27+00:00\",\"description\":\"Art\u00edculo sobre el neologismo \u00abinterseccionalidad\u00bb, dentro del blog Martes Neol\u00f3gico del Centro Virtual Cervantes.\",\"breadcrumb\":{\"@id\":\"https:\/\/blogscvc.cervantes.es\/martes-neologico\/interseccionalidad\/#breadcrumb\"},\"inLanguage\":\"es\",\"potentialAction\":[{\"@type\":\"ReadAction\",\"target\":[\"https:\/\/blogscvc.cervantes.es\/martes-neologico\/interseccionalidad\/\"]}]},{\"@type\":\"BreadcrumbList\",\"@id\":\"https:\/\/blogscvc.cervantes.es\/martes-neologico\/interseccionalidad\/#breadcrumb\",\"itemListElement\":[{\"@type\":\"ListItem\",\"position\":1,\"name\":\"Portada\",\"item\":\"https:\/\/blogscvc.cervantes.es\/martes-neologico\/\"},{\"@type\":\"ListItem\",\"position\":2,\"name\":\"interseccionalidad f.\"}]},{\"@type\":\"WebSite\",\"@id\":\"https:\/\/blogscvc.cervantes.es\/martes-neologico\/#website\",\"url\":\"https:\/\/blogscvc.cervantes.es\/martes-neologico\/\",\"name\":\"Martes Neol\u00f3gico\",\"description\":\"Cada martes, una palabra nueva que podr\u00eda estar en el diccionario\",\"publisher\":{\"@id\":\"https:\/\/blogscvc.cervantes.es\/martes-neologico\/#organization\"},\"potentialAction\":[{\"@type\":\"SearchAction\",\"target\":{\"@type\":\"EntryPoint\",\"urlTemplate\":\"https:\/\/blogscvc.cervantes.es\/martes-neologico\/?s={search_term_string}\"},\"query-input\":\"required name=search_term_string\"}],\"inLanguage\":\"es\"},{\"@type\":\"Organization\",\"@id\":\"https:\/\/blogscvc.cervantes.es\/martes-neologico\/#organization\",\"name\":\"Martes Neol\u00f3gico\",\"url\":\"https:\/\/blogscvc.cervantes.es\/martes-neologico\/\",\"logo\":{\"@type\":\"ImageObject\",\"inLanguage\":\"es\",\"@id\":\"https:\/\/blogscvc.cervantes.es\/martes-neologico\/#\/schema\/logo\/image\/\",\"url\":\"https:\/\/blogscvc.cervantes.es\/martes-neologico\/wp-content\/uploads\/sites\/2\/2025\/10\/logo-martes-neologico-10-anos.png\",\"contentUrl\":\"https:\/\/blogscvc.cervantes.es\/martes-neologico\/wp-content\/uploads\/sites\/2\/2025\/10\/logo-martes-neologico-10-anos.png\",\"width\":300,\"height\":100,\"caption\":\"Martes Neol\u00f3gico\"},\"image\":{\"@id\":\"https:\/\/blogscvc.cervantes.es\/martes-neologico\/#\/schema\/logo\/image\/\"}},{\"@type\":\"Person\",\"@id\":\"https:\/\/blogscvc.cervantes.es\/martes-neologico\/#\/schema\/person\/7e2fd26f886f53b1b2e81721d23acc47\",\"name\":\"admin\",\"image\":{\"@type\":\"ImageObject\",\"inLanguage\":\"es\",\"@id\":\"https:\/\/blogscvc.cervantes.es\/martes-neologico\/#\/schema\/person\/image\/\",\"url\":\"https:\/\/secure.gravatar.com\/avatar\/c4b6a365b64e607f3d2ecd9620a7675a?s=96&d=mm&r=g\",\"contentUrl\":\"https:\/\/secure.gravatar.com\/avatar\/c4b6a365b64e607f3d2ecd9620a7675a?s=96&d=mm&r=g\",\"caption\":\"admin\"},\"url\":\"https:\/\/blogscvc.cervantes.es\/martes-neologico\/author\/admin\/\"}]}<\/script>\n<!-- \/ Yoast SEO plugin. -->","yoast_head_json":{"title":"CVC. Interseccionalidad | Martes Neol\u00f3gico","description":"Art\u00edculo sobre el neologismo \u00abinterseccionalidad\u00bb, dentro del blog Martes Neol\u00f3gico del Centro Virtual Cervantes.","robots":{"index":"index","follow":"follow","max-snippet":"max-snippet:-1","max-image-preview":"max-image-preview:large","max-video-preview":"max-video-preview:-1"},"canonical":"https:\/\/blogscvc.cervantes.es\/martes-neologico\/interseccionalidad\/","og_locale":"es_ES","og_type":"article","og_title":"CVC. Interseccionalidad | Martes Neol\u00f3gico","og_description":"Art\u00edculo sobre el neologismo \u00abinterseccionalidad\u00bb, dentro del blog Martes Neol\u00f3gico del Centro Virtual Cervantes.","og_url":"https:\/\/blogscvc.cervantes.es\/martes-neologico\/interseccionalidad\/","og_site_name":"Martes Neol\u00f3gico","article_published_time":"2024-04-23T05:00:00+00:00","article_modified_time":"2025-07-31T09:29:27+00:00","og_image":[{"width":750,"height":350,"url":"http:\/\/blogscvc.cervantes.es\/martes-neologico\/wp-content\/uploads\/sites\/2\/2024\/04\/interseccionalidad_350.jpg","type":"image\/jpeg"}],"author":"admin","twitter_card":"summary_large_image","twitter_misc":{"Escrito por":"admin","Tiempo de lectura":"4 minutos"},"schema":{"@context":"https:\/\/schema.org","@graph":[{"@type":"Article","@id":"https:\/\/blogscvc.cervantes.es\/martes-neologico\/interseccionalidad\/#article","isPartOf":{"@id":"https:\/\/blogscvc.cervantes.es\/martes-neologico\/interseccionalidad\/"},"author":{"name":"admin","@id":"https:\/\/blogscvc.cervantes.es\/martes-neologico\/#\/schema\/person\/7e2fd26f886f53b1b2e81721d23acc47"},"headline":"interseccionalidad f.","datePublished":"2024-04-23T05:00:00+00:00","dateModified":"2025-07-31T09:29:27+00:00","mainEntityOfPage":{"@id":"https:\/\/blogscvc.cervantes.es\/martes-neologico\/interseccionalidad\/"},"wordCount":792,"commentCount":0,"publisher":{"@id":"https:\/\/blogscvc.cervantes.es\/martes-neologico\/#organization"},"articleSection":["g\u00e9nero","sufijaci\u00f3n"],"inLanguage":"es","potentialAction":[{"@type":"CommentAction","name":"Comment","target":["https:\/\/blogscvc.cervantes.es\/martes-neologico\/interseccionalidad\/#respond"]}]},{"@type":"WebPage","@id":"https:\/\/blogscvc.cervantes.es\/martes-neologico\/interseccionalidad\/","url":"https:\/\/blogscvc.cervantes.es\/martes-neologico\/interseccionalidad\/","name":"CVC. Interseccionalidad | Martes Neol\u00f3gico","isPartOf":{"@id":"https:\/\/blogscvc.cervantes.es\/martes-neologico\/#website"},"datePublished":"2024-04-23T05:00:00+00:00","dateModified":"2025-07-31T09:29:27+00:00","description":"Art\u00edculo sobre el neologismo \u00abinterseccionalidad\u00bb, dentro del blog Martes Neol\u00f3gico del Centro Virtual Cervantes.","breadcrumb":{"@id":"https:\/\/blogscvc.cervantes.es\/martes-neologico\/interseccionalidad\/#breadcrumb"},"inLanguage":"es","potentialAction":[{"@type":"ReadAction","target":["https:\/\/blogscvc.cervantes.es\/martes-neologico\/interseccionalidad\/"]}]},{"@type":"BreadcrumbList","@id":"https:\/\/blogscvc.cervantes.es\/martes-neologico\/interseccionalidad\/#breadcrumb","itemListElement":[{"@type":"ListItem","position":1,"name":"Portada","item":"https:\/\/blogscvc.cervantes.es\/martes-neologico\/"},{"@type":"ListItem","position":2,"name":"interseccionalidad f."}]},{"@type":"WebSite","@id":"https:\/\/blogscvc.cervantes.es\/martes-neologico\/#website","url":"https:\/\/blogscvc.cervantes.es\/martes-neologico\/","name":"Martes Neol\u00f3gico","description":"Cada martes, una palabra nueva que podr\u00eda estar en el diccionario","publisher":{"@id":"https:\/\/blogscvc.cervantes.es\/martes-neologico\/#organization"},"potentialAction":[{"@type":"SearchAction","target":{"@type":"EntryPoint","urlTemplate":"https:\/\/blogscvc.cervantes.es\/martes-neologico\/?s={search_term_string}"},"query-input":"required name=search_term_string"}],"inLanguage":"es"},{"@type":"Organization","@id":"https:\/\/blogscvc.cervantes.es\/martes-neologico\/#organization","name":"Martes Neol\u00f3gico","url":"https:\/\/blogscvc.cervantes.es\/martes-neologico\/","logo":{"@type":"ImageObject","inLanguage":"es","@id":"https:\/\/blogscvc.cervantes.es\/martes-neologico\/#\/schema\/logo\/image\/","url":"https:\/\/blogscvc.cervantes.es\/martes-neologico\/wp-content\/uploads\/sites\/2\/2025\/10\/logo-martes-neologico-10-anos.png","contentUrl":"https:\/\/blogscvc.cervantes.es\/martes-neologico\/wp-content\/uploads\/sites\/2\/2025\/10\/logo-martes-neologico-10-anos.png","width":300,"height":100,"caption":"Martes Neol\u00f3gico"},"image":{"@id":"https:\/\/blogscvc.cervantes.es\/martes-neologico\/#\/schema\/logo\/image\/"}},{"@type":"Person","@id":"https:\/\/blogscvc.cervantes.es\/martes-neologico\/#\/schema\/person\/7e2fd26f886f53b1b2e81721d23acc47","name":"admin","image":{"@type":"ImageObject","inLanguage":"es","@id":"https:\/\/blogscvc.cervantes.es\/martes-neologico\/#\/schema\/person\/image\/","url":"https:\/\/secure.gravatar.com\/avatar\/c4b6a365b64e607f3d2ecd9620a7675a?s=96&d=mm&r=g","contentUrl":"https:\/\/secure.gravatar.com\/avatar\/c4b6a365b64e607f3d2ecd9620a7675a?s=96&d=mm&r=g","caption":"admin"},"url":"https:\/\/blogscvc.cervantes.es\/martes-neologico\/author\/admin\/"}]}},"_links":{"self":[{"href":"https:\/\/blogscvc.cervantes.es\/martes-neologico\/wp-json\/wp\/v2\/posts\/12155"}],"collection":[{"href":"https:\/\/blogscvc.cervantes.es\/martes-neologico\/wp-json\/wp\/v2\/posts"}],"about":[{"href":"https:\/\/blogscvc.cervantes.es\/martes-neologico\/wp-json\/wp\/v2\/types\/post"}],"author":[{"embeddable":true,"href":"https:\/\/blogscvc.cervantes.es\/martes-neologico\/wp-json\/wp\/v2\/users\/1"}],"replies":[{"embeddable":true,"href":"https:\/\/blogscvc.cervantes.es\/martes-neologico\/wp-json\/wp\/v2\/comments?post=12155"}],"version-history":[{"count":2,"href":"https:\/\/blogscvc.cervantes.es\/martes-neologico\/wp-json\/wp\/v2\/posts\/12155\/revisions"}],"predecessor-version":[{"id":12191,"href":"https:\/\/blogscvc.cervantes.es\/martes-neologico\/wp-json\/wp\/v2\/posts\/12155\/revisions\/12191"}],"wp:featuredmedia":[{"embeddable":true,"href":"https:\/\/blogscvc.cervantes.es\/martes-neologico\/wp-json\/wp\/v2\/media\/12161"}],"wp:attachment":[{"href":"https:\/\/blogscvc.cervantes.es\/martes-neologico\/wp-json\/wp\/v2\/media?parent=12155"}],"wp:term":[{"taxonomy":"category","embeddable":true,"href":"https:\/\/blogscvc.cervantes.es\/martes-neologico\/wp-json\/wp\/v2\/categories?post=12155"},{"taxonomy":"post_tag","embeddable":true,"href":"https:\/\/blogscvc.cervantes.es\/martes-neologico\/wp-json\/wp\/v2\/tags?post=12155"}],"curies":[{"name":"wp","href":"https:\/\/api.w.org\/{rel}","templated":true}]}}