{"id":12239,"date":"2024-06-04T07:00:00","date_gmt":"2024-06-04T05:00:00","guid":{"rendered":"https:\/\/blogscvc.cervantes.es\/martes-neologico\/?p=12239"},"modified":"2025-07-29T11:40:20","modified_gmt":"2025-07-29T09:40:20","slug":"bed-and-breakfast","status":"publish","type":"post","link":"https:\/\/blogscvc.cervantes.es\/martes-neologico\/bed-and-breakfast\/","title":{"rendered":"bed and breakfast <em>m.<\/em>"},"content":{"rendered":"\n<p>La expresi\u00f3n inglesa <em>bed and breakfast<\/em>, o sus formas abreviadas <em>B&amp;B<\/em> o <em>BnB<\/em>, se refiere a un establecimiento hotelero que ofrece \u00abcama y desayuno\u00bb a un precio econ\u00f3mico. Se trata de un alojamiento sencillo en una casa con menos de diez habitaciones, restaurada o acondicionada para permanecer en ella durante pocos d\u00edas. Este concepto naci\u00f3 en Reino Unido y en los a\u00f1os sesenta se extendi\u00f3 a Estados Unidos. Surge en los a\u00f1os de escasez econ\u00f3mica, cuando hab\u00eda pocos establecimientos hoteleros asequibles, pero exist\u00eda la necesidad de pernoctar, lo que propici\u00f3 la costumbre de dar alojamiento en casas particulares. Las familias que ten\u00edan grandes casas y no pod\u00edan mantenerlas, comenzaron a sacar provecho econ\u00f3mico de las habitaciones que no usaban. A d\u00eda de hoy, este sistema se ha ido extendido notablemente y podemos encontrar el servicio en gran parte del mundo.<\/p>\n\n\n<figure class=\"wp-block-image size-large is-style-default\"><a href=\"http:\/\/blogscvc.cervantes.es\/martes-neologico\/wp-content\/uploads\/sites\/2\/2024\/05\/bed_and_breakfast_500.jpg\"><img decoding=\"async\" class=\"wp-image-7916\" src=\"http:\/\/blogscvc.cervantes.es\/martes-neologico\/wp-content\/uploads\/sites\/2\/2024\/05\/bed_and_breakfast_500.jpg\" alt=\"[fotograf\u00eda] platos con desayuno: caf\u00e9, boller\u00eda, embutidos y frutas\"><\/a><figcaption>Jiri (Pixabay)<\/figcaption><\/figure>\n\n\n<p>Se trata de una locuci\u00f3n nominal de origen ingl\u00e9s que seg\u00fan el diccionario <em>Collins English Dictionary<\/em> apareci\u00f3 entre el 1905 y el 1910 y seg\u00fan el <em>Oxford English Dictionary<\/em> en l\u00ednea se documenta por primera vez en 1910. Se registran ejemplos en los que aparece en su forma plena, pero cabe mencionar que este anglicismo tambi\u00e9n se encuentra de forma habitual en sus formas abreviadas y es por eso que los diccionarios en l\u00ednea nos remiten a otras formas de escritura de esta locuci\u00f3n, por lo que podr\u00edamos decir que no ha prevalecido una forma sobre otra.<\/p>\n\n\n\n<p>A diferencia del ingl\u00e9s, con su primera aparici\u00f3n documentada a principios del siglo XX, en la lengua espa\u00f1ola este pr\u00e9stamo aparece por primera vez en BOBNEO en 1993, m\u00e1s de ochenta a\u00f1os despu\u00e9s. Cabe se\u00f1alar que su uso no se extiende solamente en la prensa espa\u00f1ola, sino que tambi\u00e9n hay registros en la prensa de otros pa\u00edses de habla hispana como son Argentina y Chile:<\/p>\n\n\n\n<ul>\n<li>Por ejemplo, \u00bfqu\u00e9 tal unos d\u00edas en el exclusivo <strong>bed and breakfast<\/strong> Bellevue? [<em>La Naci\u00f3n<\/em> (Argentina), 17\/7\/2021]<\/li>\n\n\n\n<li>Casa Cool Beans: un peque\u00f1o <strong>bed and breakfast<\/strong> de s\u00f3lo diez habitaciones, con jardines, piscina y terraza para tomar el sol. [<em>El Mercurio<\/em> (Chile), 23\/6\/2013]<\/li>\n\n\n\n<li>Crece un 40 % la demanda mundial de estancias en los <strong>bed&amp;breakfast<\/strong> [<em>Diario de Jerez <\/em>(Espa\u00f1a), 11\/8\/2015]<\/li>\n<\/ul>\n\n\n\n<p>Como se aprecia en los ejemplos expuestos, la expresi\u00f3n muestra variaci\u00f3n en su forma de escritura. A pesar de que esta voz inglesa se recoge en BOBNEO, no hay ocurrencias de ninguna de sus alternativas en castellano, \u00abcama y desayuno\u00bb o \u00abalojamiento y desayuno\u00bb.<\/p>\n\n\n\n<p>Esta locuci\u00f3n se halla tambi\u00e9n en los corpus del espa\u00f1ol CREA y CORPES XXI, donde se observa tanto el uso de la conjunci\u00f3n copulativa <em>and<\/em> como de su forma gr\u00e1fica <em>&amp;<\/em>:<\/p>\n\n\n\n<ul>\n<li>La Casa del Mar. ($$) <strong>Bed &amp; breakfast<\/strong> tranquilo y con amplias comodidades, donde s\u00f3lo aceptan mayores de 13 a\u00f1os. [CREA, Argentina<em>, <\/em>1999]<\/li>\n\n\n\n<li>[\u2026] receta perfecta antes de dormir en un antiguo convento carmelita cuyas monjas emigraron a Sud\u00e1frica y ahora es un elegante <strong>bed and breakfast<\/strong>. [CORPES XXI, Espa\u00f1a, 2001]<\/li>\n<\/ul>\n\n\n\n<p>Finalmente, en otras lenguas romances como son el italiano y el franc\u00e9s podemos observar que s\u00ed ha sido aceptada e incluida en sus diccionarios. En <em>Le Grand Robert de la langue fran\u00e7aise<\/em> la definen como \u00abestancia en familia en los pa\u00edses anglosajones, con alojamiento y desayuno\u00bb. En cuanto a la lengua italiana, la expresi\u00f3n aparece en el <em>Grande dizionario della lingua italiana <\/em>y ofrece una definici\u00f3n similar a la del franc\u00e9s, pero m\u00e1s precisa: \u00abf\u00f3rmula hotelera, a menudo ofrecida por particulares, que proporciona alojamiento y desayuno, tradicional en los pa\u00edses anglosajones, especialmente en Europa\u00bb.<\/p>\n\n\n\n<p>Por un lado, la creaci\u00f3n constante de este tipo de alojamientos ha repercutido en su creciente frecuencia de uso en la lengua espa\u00f1ola, aunque no hay ning\u00fan t\u00e9rmino en espa\u00f1ol que lo haya sustituido con \u00e9xito. Por otro lado, resulta dif\u00edcil documentar un pr\u00e9stamo sin adaptaci\u00f3n que tiene una forma gr\u00e1fica lejana al espa\u00f1ol ya que, si bien s\u00ed lo encontramos en <em>Clave,<\/em> no aparece en el <em>DEA<\/em>, <em>DRAE23<\/em>, <em>NEOMM<\/em>, <em>VOXUSO<\/em>, <em>Alvar1<\/em>, ni <em>Alvar2<\/em>. Si cogemos de referencia el did\u00e1ctico <em>Clave<\/em>, la forma m\u00e1s adecuada para hallar este anglicismo en un diccionario ser\u00eda buscando <em>bed and breakfast<\/em>,puesto que es la forma plena, la que surgi\u00f3 en primer lugar y de la primera que se tiene registro seg\u00fan las fuentes consultadas.<\/p>\n\n\n\n<p>Debido a su expansi\u00f3n por territorio hispanohablante, quiz\u00e1 ser\u00eda hora de incluir esta expresi\u00f3n y su definici\u00f3n en el diccionario acad\u00e9mico.<\/p>\n\n\n\n<p>Ana Reyes Herrero<br>Instituto Interuniversitario de Lenguas Modernas Aplicadas (IULMA)<br>Universidad de Alicante (Espa\u00f1a)<\/p>\n","protected":false},"excerpt":{"rendered":"<p>La expresi\u00f3n inglesa <em>bed and breakfast<\/em>, o sus formas abreviadas <em>B&amp;B<\/em> o <em>BnB<\/em>, se refiere a un establecimiento hotelero que ofrece \u00abcama y desayuno\u00bb a un precio econ\u00f3mico. Se trata de un alojamiento sencillo en una casa con menos de diez habitaciones, restaurada o acondicionada para permanecer en ella durante pocos d\u00edas. Este concepto naci\u00f3 en Reino Unido y en los a\u00f1os sesenta se extendi\u00f3 a Estados Unidos. Surge en los a\u00f1os de escasez econ\u00f3mica, cuando hab\u00eda pocos establecimientos hoteleros asequibles, pero exist\u00eda la necesidad de pernoctar, lo que propici\u00f3 la costumbre de dar alojamiento en casas particulares. Las familias que ten\u00edan grandes casas y no pod\u00edan mantenerlas, comenzaron a sacar provecho econ\u00f3mico de las habitaciones que no usaban. A d\u00eda de hoy, este sistema se ha ido extendido notablemente y podemos encontrar el servicio en gran parte del mundo.<\/p>\n","protected":false},"author":1,"featured_media":12242,"comment_status":"open","ping_status":"open","sticky":false,"template":"","format":"standard","meta":{"_mi_skip_tracking":false,"_s2mail":""},"categories":[256,94,274],"tags":[],"yoast_head":"<!-- This site is optimized with the Yoast SEO plugin v20.6 - https:\/\/yoast.com\/wordpress\/plugins\/seo\/ -->\n<title>CVC. Bed and breakfast | Martes Neol\u00f3gico<\/title>\n<meta name=\"description\" content=\"Art\u00edculo sobre el neologismo \u00abbed and breakfast\u00bb, dentro del blog Martes Neol\u00f3gico del Centro Virtual Cervantes.\" \/>\n<meta name=\"robots\" content=\"index, follow, max-snippet:-1, max-image-preview:large, max-video-preview:-1\" \/>\n<link rel=\"canonical\" href=\"https:\/\/blogscvc.cervantes.es\/martes-neologico\/bed-and-breakfast\/\" \/>\n<meta property=\"og:locale\" content=\"es_ES\" \/>\n<meta property=\"og:type\" content=\"article\" \/>\n<meta property=\"og:title\" content=\"CVC. Bed and breakfast | Martes Neol\u00f3gico\" \/>\n<meta property=\"og:description\" content=\"Art\u00edculo sobre el neologismo \u00abbed and breakfast\u00bb, dentro del blog Martes Neol\u00f3gico del Centro Virtual Cervantes.\" \/>\n<meta property=\"og:url\" content=\"https:\/\/blogscvc.cervantes.es\/martes-neologico\/bed-and-breakfast\/\" \/>\n<meta property=\"og:site_name\" content=\"Martes Neol\u00f3gico\" \/>\n<meta property=\"article:published_time\" content=\"2024-06-04T05:00:00+00:00\" \/>\n<meta property=\"article:modified_time\" content=\"2025-07-29T09:40:20+00:00\" \/>\n<meta property=\"og:image\" content=\"http:\/\/blogscvc.cervantes.es\/martes-neologico\/wp-content\/uploads\/sites\/2\/2024\/05\/bed_and_breakfast_350.jpg\" \/>\n\t<meta property=\"og:image:width\" content=\"750\" \/>\n\t<meta property=\"og:image:height\" content=\"350\" \/>\n\t<meta property=\"og:image:type\" content=\"image\/jpeg\" \/>\n<meta name=\"author\" content=\"admin\" \/>\n<meta name=\"twitter:card\" content=\"summary_large_image\" \/>\n<meta name=\"twitter:label1\" content=\"Escrito por\" \/>\n\t<meta name=\"twitter:data1\" content=\"admin\" \/>\n\t<meta name=\"twitter:label2\" content=\"Tiempo de lectura\" \/>\n\t<meta name=\"twitter:data2\" content=\"4 minutos\" \/>\n<script type=\"application\/ld+json\" class=\"yoast-schema-graph\">{\"@context\":\"https:\/\/schema.org\",\"@graph\":[{\"@type\":\"Article\",\"@id\":\"https:\/\/blogscvc.cervantes.es\/martes-neologico\/bed-and-breakfast\/#article\",\"isPartOf\":{\"@id\":\"https:\/\/blogscvc.cervantes.es\/martes-neologico\/bed-and-breakfast\/\"},\"author\":{\"name\":\"admin\",\"@id\":\"https:\/\/blogscvc.cervantes.es\/martes-neologico\/#\/schema\/person\/7e2fd26f886f53b1b2e81721d23acc47\"},\"headline\":\"bed and breakfast m.\",\"datePublished\":\"2024-06-04T05:00:00+00:00\",\"dateModified\":\"2025-07-29T09:40:20+00:00\",\"mainEntityOfPage\":{\"@id\":\"https:\/\/blogscvc.cervantes.es\/martes-neologico\/bed-and-breakfast\/\"},\"wordCount\":809,\"commentCount\":0,\"publisher\":{\"@id\":\"https:\/\/blogscvc.cervantes.es\/martes-neologico\/#organization\"},\"articleSection\":[\"ingl\u00e9s\",\"ocio\",\"pr\u00e9stamo\"],\"inLanguage\":\"es\",\"potentialAction\":[{\"@type\":\"CommentAction\",\"name\":\"Comment\",\"target\":[\"https:\/\/blogscvc.cervantes.es\/martes-neologico\/bed-and-breakfast\/#respond\"]}]},{\"@type\":\"WebPage\",\"@id\":\"https:\/\/blogscvc.cervantes.es\/martes-neologico\/bed-and-breakfast\/\",\"url\":\"https:\/\/blogscvc.cervantes.es\/martes-neologico\/bed-and-breakfast\/\",\"name\":\"CVC. Bed and breakfast | Martes Neol\u00f3gico\",\"isPartOf\":{\"@id\":\"https:\/\/blogscvc.cervantes.es\/martes-neologico\/#website\"},\"datePublished\":\"2024-06-04T05:00:00+00:00\",\"dateModified\":\"2025-07-29T09:40:20+00:00\",\"description\":\"Art\u00edculo sobre el neologismo \u00abbed and breakfast\u00bb, dentro del blog Martes Neol\u00f3gico del Centro Virtual Cervantes.\",\"breadcrumb\":{\"@id\":\"https:\/\/blogscvc.cervantes.es\/martes-neologico\/bed-and-breakfast\/#breadcrumb\"},\"inLanguage\":\"es\",\"potentialAction\":[{\"@type\":\"ReadAction\",\"target\":[\"https:\/\/blogscvc.cervantes.es\/martes-neologico\/bed-and-breakfast\/\"]}]},{\"@type\":\"BreadcrumbList\",\"@id\":\"https:\/\/blogscvc.cervantes.es\/martes-neologico\/bed-and-breakfast\/#breadcrumb\",\"itemListElement\":[{\"@type\":\"ListItem\",\"position\":1,\"name\":\"Portada\",\"item\":\"https:\/\/blogscvc.cervantes.es\/martes-neologico\/\"},{\"@type\":\"ListItem\",\"position\":2,\"name\":\"bed and breakfast m.\"}]},{\"@type\":\"WebSite\",\"@id\":\"https:\/\/blogscvc.cervantes.es\/martes-neologico\/#website\",\"url\":\"https:\/\/blogscvc.cervantes.es\/martes-neologico\/\",\"name\":\"Martes Neol\u00f3gico\",\"description\":\"Cada martes, una palabra nueva que podr\u00eda estar en el diccionario\",\"publisher\":{\"@id\":\"https:\/\/blogscvc.cervantes.es\/martes-neologico\/#organization\"},\"potentialAction\":[{\"@type\":\"SearchAction\",\"target\":{\"@type\":\"EntryPoint\",\"urlTemplate\":\"https:\/\/blogscvc.cervantes.es\/martes-neologico\/?s={search_term_string}\"},\"query-input\":\"required name=search_term_string\"}],\"inLanguage\":\"es\"},{\"@type\":\"Organization\",\"@id\":\"https:\/\/blogscvc.cervantes.es\/martes-neologico\/#organization\",\"name\":\"Martes Neol\u00f3gico\",\"url\":\"https:\/\/blogscvc.cervantes.es\/martes-neologico\/\",\"logo\":{\"@type\":\"ImageObject\",\"inLanguage\":\"es\",\"@id\":\"https:\/\/blogscvc.cervantes.es\/martes-neologico\/#\/schema\/logo\/image\/\",\"url\":\"https:\/\/blogscvc.cervantes.es\/martes-neologico\/wp-content\/uploads\/sites\/2\/2025\/10\/logo-martes-neologico-10-anos.png\",\"contentUrl\":\"https:\/\/blogscvc.cervantes.es\/martes-neologico\/wp-content\/uploads\/sites\/2\/2025\/10\/logo-martes-neologico-10-anos.png\",\"width\":300,\"height\":100,\"caption\":\"Martes Neol\u00f3gico\"},\"image\":{\"@id\":\"https:\/\/blogscvc.cervantes.es\/martes-neologico\/#\/schema\/logo\/image\/\"}},{\"@type\":\"Person\",\"@id\":\"https:\/\/blogscvc.cervantes.es\/martes-neologico\/#\/schema\/person\/7e2fd26f886f53b1b2e81721d23acc47\",\"name\":\"admin\",\"image\":{\"@type\":\"ImageObject\",\"inLanguage\":\"es\",\"@id\":\"https:\/\/blogscvc.cervantes.es\/martes-neologico\/#\/schema\/person\/image\/\",\"url\":\"https:\/\/secure.gravatar.com\/avatar\/c4b6a365b64e607f3d2ecd9620a7675a?s=96&d=mm&r=g\",\"contentUrl\":\"https:\/\/secure.gravatar.com\/avatar\/c4b6a365b64e607f3d2ecd9620a7675a?s=96&d=mm&r=g\",\"caption\":\"admin\"},\"url\":\"https:\/\/blogscvc.cervantes.es\/martes-neologico\/author\/admin\/\"}]}<\/script>\n<!-- \/ Yoast SEO plugin. -->","yoast_head_json":{"title":"CVC. Bed and breakfast | Martes Neol\u00f3gico","description":"Art\u00edculo sobre el neologismo \u00abbed and breakfast\u00bb, dentro del blog Martes Neol\u00f3gico del Centro Virtual Cervantes.","robots":{"index":"index","follow":"follow","max-snippet":"max-snippet:-1","max-image-preview":"max-image-preview:large","max-video-preview":"max-video-preview:-1"},"canonical":"https:\/\/blogscvc.cervantes.es\/martes-neologico\/bed-and-breakfast\/","og_locale":"es_ES","og_type":"article","og_title":"CVC. Bed and breakfast | Martes Neol\u00f3gico","og_description":"Art\u00edculo sobre el neologismo \u00abbed and breakfast\u00bb, dentro del blog Martes Neol\u00f3gico del Centro Virtual Cervantes.","og_url":"https:\/\/blogscvc.cervantes.es\/martes-neologico\/bed-and-breakfast\/","og_site_name":"Martes Neol\u00f3gico","article_published_time":"2024-06-04T05:00:00+00:00","article_modified_time":"2025-07-29T09:40:20+00:00","og_image":[{"width":750,"height":350,"url":"http:\/\/blogscvc.cervantes.es\/martes-neologico\/wp-content\/uploads\/sites\/2\/2024\/05\/bed_and_breakfast_350.jpg","type":"image\/jpeg"}],"author":"admin","twitter_card":"summary_large_image","twitter_misc":{"Escrito por":"admin","Tiempo de lectura":"4 minutos"},"schema":{"@context":"https:\/\/schema.org","@graph":[{"@type":"Article","@id":"https:\/\/blogscvc.cervantes.es\/martes-neologico\/bed-and-breakfast\/#article","isPartOf":{"@id":"https:\/\/blogscvc.cervantes.es\/martes-neologico\/bed-and-breakfast\/"},"author":{"name":"admin","@id":"https:\/\/blogscvc.cervantes.es\/martes-neologico\/#\/schema\/person\/7e2fd26f886f53b1b2e81721d23acc47"},"headline":"bed and breakfast m.","datePublished":"2024-06-04T05:00:00+00:00","dateModified":"2025-07-29T09:40:20+00:00","mainEntityOfPage":{"@id":"https:\/\/blogscvc.cervantes.es\/martes-neologico\/bed-and-breakfast\/"},"wordCount":809,"commentCount":0,"publisher":{"@id":"https:\/\/blogscvc.cervantes.es\/martes-neologico\/#organization"},"articleSection":["ingl\u00e9s","ocio","pr\u00e9stamo"],"inLanguage":"es","potentialAction":[{"@type":"CommentAction","name":"Comment","target":["https:\/\/blogscvc.cervantes.es\/martes-neologico\/bed-and-breakfast\/#respond"]}]},{"@type":"WebPage","@id":"https:\/\/blogscvc.cervantes.es\/martes-neologico\/bed-and-breakfast\/","url":"https:\/\/blogscvc.cervantes.es\/martes-neologico\/bed-and-breakfast\/","name":"CVC. Bed and breakfast | Martes Neol\u00f3gico","isPartOf":{"@id":"https:\/\/blogscvc.cervantes.es\/martes-neologico\/#website"},"datePublished":"2024-06-04T05:00:00+00:00","dateModified":"2025-07-29T09:40:20+00:00","description":"Art\u00edculo sobre el neologismo \u00abbed and breakfast\u00bb, dentro del blog Martes Neol\u00f3gico del Centro Virtual Cervantes.","breadcrumb":{"@id":"https:\/\/blogscvc.cervantes.es\/martes-neologico\/bed-and-breakfast\/#breadcrumb"},"inLanguage":"es","potentialAction":[{"@type":"ReadAction","target":["https:\/\/blogscvc.cervantes.es\/martes-neologico\/bed-and-breakfast\/"]}]},{"@type":"BreadcrumbList","@id":"https:\/\/blogscvc.cervantes.es\/martes-neologico\/bed-and-breakfast\/#breadcrumb","itemListElement":[{"@type":"ListItem","position":1,"name":"Portada","item":"https:\/\/blogscvc.cervantes.es\/martes-neologico\/"},{"@type":"ListItem","position":2,"name":"bed and breakfast m."}]},{"@type":"WebSite","@id":"https:\/\/blogscvc.cervantes.es\/martes-neologico\/#website","url":"https:\/\/blogscvc.cervantes.es\/martes-neologico\/","name":"Martes Neol\u00f3gico","description":"Cada martes, una palabra nueva que podr\u00eda estar en el diccionario","publisher":{"@id":"https:\/\/blogscvc.cervantes.es\/martes-neologico\/#organization"},"potentialAction":[{"@type":"SearchAction","target":{"@type":"EntryPoint","urlTemplate":"https:\/\/blogscvc.cervantes.es\/martes-neologico\/?s={search_term_string}"},"query-input":"required name=search_term_string"}],"inLanguage":"es"},{"@type":"Organization","@id":"https:\/\/blogscvc.cervantes.es\/martes-neologico\/#organization","name":"Martes Neol\u00f3gico","url":"https:\/\/blogscvc.cervantes.es\/martes-neologico\/","logo":{"@type":"ImageObject","inLanguage":"es","@id":"https:\/\/blogscvc.cervantes.es\/martes-neologico\/#\/schema\/logo\/image\/","url":"https:\/\/blogscvc.cervantes.es\/martes-neologico\/wp-content\/uploads\/sites\/2\/2025\/10\/logo-martes-neologico-10-anos.png","contentUrl":"https:\/\/blogscvc.cervantes.es\/martes-neologico\/wp-content\/uploads\/sites\/2\/2025\/10\/logo-martes-neologico-10-anos.png","width":300,"height":100,"caption":"Martes Neol\u00f3gico"},"image":{"@id":"https:\/\/blogscvc.cervantes.es\/martes-neologico\/#\/schema\/logo\/image\/"}},{"@type":"Person","@id":"https:\/\/blogscvc.cervantes.es\/martes-neologico\/#\/schema\/person\/7e2fd26f886f53b1b2e81721d23acc47","name":"admin","image":{"@type":"ImageObject","inLanguage":"es","@id":"https:\/\/blogscvc.cervantes.es\/martes-neologico\/#\/schema\/person\/image\/","url":"https:\/\/secure.gravatar.com\/avatar\/c4b6a365b64e607f3d2ecd9620a7675a?s=96&d=mm&r=g","contentUrl":"https:\/\/secure.gravatar.com\/avatar\/c4b6a365b64e607f3d2ecd9620a7675a?s=96&d=mm&r=g","caption":"admin"},"url":"https:\/\/blogscvc.cervantes.es\/martes-neologico\/author\/admin\/"}]}},"_links":{"self":[{"href":"https:\/\/blogscvc.cervantes.es\/martes-neologico\/wp-json\/wp\/v2\/posts\/12239"}],"collection":[{"href":"https:\/\/blogscvc.cervantes.es\/martes-neologico\/wp-json\/wp\/v2\/posts"}],"about":[{"href":"https:\/\/blogscvc.cervantes.es\/martes-neologico\/wp-json\/wp\/v2\/types\/post"}],"author":[{"embeddable":true,"href":"https:\/\/blogscvc.cervantes.es\/martes-neologico\/wp-json\/wp\/v2\/users\/1"}],"replies":[{"embeddable":true,"href":"https:\/\/blogscvc.cervantes.es\/martes-neologico\/wp-json\/wp\/v2\/comments?post=12239"}],"version-history":[{"count":1,"href":"https:\/\/blogscvc.cervantes.es\/martes-neologico\/wp-json\/wp\/v2\/posts\/12239\/revisions"}],"predecessor-version":[{"id":12248,"href":"https:\/\/blogscvc.cervantes.es\/martes-neologico\/wp-json\/wp\/v2\/posts\/12239\/revisions\/12248"}],"wp:featuredmedia":[{"embeddable":true,"href":"https:\/\/blogscvc.cervantes.es\/martes-neologico\/wp-json\/wp\/v2\/media\/12242"}],"wp:attachment":[{"href":"https:\/\/blogscvc.cervantes.es\/martes-neologico\/wp-json\/wp\/v2\/media?parent=12239"}],"wp:term":[{"taxonomy":"category","embeddable":true,"href":"https:\/\/blogscvc.cervantes.es\/martes-neologico\/wp-json\/wp\/v2\/categories?post=12239"},{"taxonomy":"post_tag","embeddable":true,"href":"https:\/\/blogscvc.cervantes.es\/martes-neologico\/wp-json\/wp\/v2\/tags?post=12239"}],"curies":[{"name":"wp","href":"https:\/\/api.w.org\/{rel}","templated":true}]}}