{"id":1226,"date":"2016-10-11T07:15:03","date_gmt":"2016-10-11T05:15:03","guid":{"rendered":"http:\/\/blogscvc.cervantes.es\/martes-neologico\/?p=1226"},"modified":"2025-07-29T11:58:11","modified_gmt":"2025-07-29T09:58:11","slug":"brownie","status":"publish","type":"post","link":"https:\/\/blogscvc.cervantes.es\/martes-neologico\/brownie\/","title":{"rendered":"brownie <em>m.<\/em>"},"content":{"rendered":"<p>La globalizaci\u00f3n que caracteriza los tiempos actuales llega a todos los \u00e1mbitos: ya no hace falta viajar a ning\u00fan lugar especial para poder adquirir un producto que antes era casi exclusivo o para degustar un plato t\u00edpico. Este es el caso del <em>brownie<\/em>, un postre estadounidense que ha visto en los \u00faltimos a\u00f1os c\u00f3mo se ha extendido y ha ocupado un lugar habitual tanto en las cartas de los restaurantes como en los men\u00fas caseros, tal y como se aprecia en los ejemplos siguientes:<\/p>\n<figure id=\"attachment_118\" aria-describedby=\"caption-attachment-118\" style=\"width: 750px\" class=\"wp-caption aligncenter\"><a href=\"http:\/\/blogscvc.cervantes.es\/martes-neologico\/wp-content\/uploads\/sites\/2\/2016\/07\/brownie_500.jpg\"><img decoding=\"async\" loading=\"lazy\" class=\"alignnone size-full wp-image-1218\" src=\"http:\/\/blogscvc.cervantes.es\/martes-neologico\/wp-content\/uploads\/sites\/2\/2016\/07\/brownie_500.jpg\" alt=\"brownie_500\" width=\"750\" height=\"500\" srcset=\"https:\/\/blogscvc.cervantes.es\/martes-neologico\/wp-content\/uploads\/sites\/2\/2016\/07\/brownie_500.jpg 750w, https:\/\/blogscvc.cervantes.es\/martes-neologico\/wp-content\/uploads\/sites\/2\/2016\/07\/brownie_500-300x200.jpg 300w\" sizes=\"(max-width: 750px) 100vw, 750px\" \/><\/a><figcaption id=\"caption-attachment-118\" class=\"wp-caption-text\">Flickr (Anna Gordon)<\/figcaption><\/figure>\n<ul>\n<li>Estos <strong>brownies<\/strong> salen muy bien con el preparado especial para <strong>brownies<\/strong> de venta en tiendas especializadas. [<em>El Pa\u00eds <\/em>(Espa\u00f1a), 23\/11\/1997]<\/li>\n<\/ul>\n<ul>\n<li>Est\u00e1n los cl\u00e1sicos de chocolate o fresa, pero tambi\u00e9n los hay algo m\u00e1s sofisticados, como los de tarta de queso, de <strong>brownie<\/strong> o de yogur griego. [<em>El Sur<\/em> (Espa\u00f1a), 1\/07\/2009]<\/li>\n<\/ul>\n<ul>\n<li>En las bibliotecas m\u00e1s avanzadas, los distantes anaqueles de libros han dado paso a estructuras coloridas y flexibles, ofertas de capuccinos y <strong>brownies<\/strong>, talleres de macram\u00e9 y pr\u00e9stamos de audiolibros, pel\u00edculas y hasta reproducciones de cuadros famosos. [<em>El Mercurio <\/em>(Chile), 22\/04\/2012]<\/li>\n<\/ul>\n<ul>\n<li>No s\u00f3lo estuve en clases de solfeo y de piano, sino que en el colegio vend\u00ed s\u00e1ndwiches, <strong>brownies<\/strong> y minisigui. [<em>El Tiempo<\/em> (Colombia), 17\/06\/2013]<\/li>\n<\/ul>\n<p>El origen de los <em>brownies<\/em> se remonta a finales del siglo <span class=\"versalitas\">xix<\/span>, cuando se celebr\u00f3 en Chicago la Exposici\u00f3n Universal de 1893 y la esposa del propietario del Palmer House Hotel, Bertha Palmer, pidi\u00f3 al chef pastelero un postre adecuado y espec\u00edfico para las damas que asistieran a la exposici\u00f3n: que fuera m\u00e1s peque\u00f1o que una porci\u00f3n de pastel, pero que conservara sus caracter\u00edsticas. El chef ide\u00f3 los <em>brownies<\/em> con glaseado de albaricoque y nueces, receta que todav\u00eda se mantiene en el hotel que los vio nacer. Probablemente, tuvo una gran y r\u00e1pida aceptaci\u00f3n y difusi\u00f3n y en 1904 apareci\u00f3 la primera receta por partida doble, en los recetarios <em>Home Cookery<\/em> y <em>Service Club Cook Book<\/em>, con las que se obtiene un <em>brownie<\/em> suave y parecido a un pastel. En 1907 apareci\u00f3 una adaptaci\u00f3n de la receta de la escuela de hosteler\u00eda de Boston en el <em>Lowney Cook Book<\/em>, que a\u00f1ad\u00eda un huevo y una tableta m\u00e1s de chocolate, con lo que se consegu\u00eda que el <em>brownie<\/em> fuera m\u00e1s rico y dulce.<\/p>\n<p>En ingl\u00e9s, <em>brownie<\/em> es la lexicalizaci\u00f3n del sustantivo que se ha formado a\u00f1adiendo el sufijo diminutivo afectivo <em>-ie<\/em> a <em>brown<\/em> \u2018marr\u00f3n\u2019, nombre que alude claramente al color que otorga el chocolate a la masa. En espa\u00f1ol, su equivalente ser\u00eda, pues, <em>marroncito<\/em>, pero esta forma no parece haber tenido \u00e9xito y se mantiene el pr\u00e9stamo, con el que mantiene un cierto toque ex\u00f3tico e incluso distinguido.<\/p>\n<p>La presencia continuada en los medios y la abundancia de recetas que se pueden hallar en la red parecen indicar que este pastel de chocolate y frutos secos (normalmente, nueces) con textura de bizcocho, que se suele servir en porciones cuadradas o rectangulares, y se acompa\u00f1a frecuentemente con helado o nata, ha llegado al espa\u00f1ol para quedarse. Su presencia en los diccionarios todav\u00eda es, sin embargo, anecd\u00f3tica y, en cierta medida, imprecisa: solo aparece en la segunda edici\u00f3n del <acronym title=\"Diccionario del espa\u00f1ol actual\"><em>DEA<\/em><\/acronym> con la definici\u00f3n \u2018bizcocho peque\u00f1o de chocolate de forma cuadrada\u2019 y en el <acronym title=\"Neologismos del espa\u00f1ol actual, de Mar\u00eda Moliner \"><em> NEOMM <\/em><\/acronym> como \u2018pastel de origen americano que consiste generalmente en un bizcocho de chocolate sin levadura, relleno con trozos de nueces\u2019. Quiz\u00e1s ha llegado la oportunidad de enmendar este vac\u00edo en el diccionario acad\u00e9mico y ofrecer una definici\u00f3n completa, suficiente y adecuada de este dulce placer.<\/p>\n<p>Elisenda Bernal<br \/>\nObservatori de Neologia<br \/>\nUniversitat Pompeu Fabra<\/p>\n","protected":false},"excerpt":{"rendered":"<p>La globalizaci&oacute;n que  caracteriza los tiempos actuales llega a todos los &aacute;mbitos: ya no hace falta  viajar a ning&uacute;n lugar especial para poder adquirir un producto que antes era  casi exclusivo o para degustar un plato t&iacute;pico. Este es el caso del <em>brownie<\/em>, un postre estadounidense que ha  visto en los &uacute;ltimos a&ntilde;os c&oacute;mo se ha extendido y ha ocupado un lugar habitual  tanto en las cartas de los restaurantes como en los men&uacute;s caseros, tal y como  se aprecia en los ejemplos siguientes:<\/p>\n","protected":false},"author":1,"featured_media":1217,"comment_status":"open","ping_status":"open","sticky":false,"template":"","format":"standard","meta":{"_mi_skip_tracking":false,"_s2mail":"yes"},"categories":[20,256,274],"tags":[],"yoast_head":"<!-- This site is optimized with the Yoast SEO plugin v20.6 - https:\/\/yoast.com\/wordpress\/plugins\/seo\/ -->\n<title>CVC. Brownie | Martes Neol\u00f3gico<\/title>\n<meta name=\"description\" content=\"Art\u00edculo sobre el neologismo \u00abbrownie\u00bb, dentro del blog Martes Neol\u00f3gico del Centro Virtual Cervantes.\" \/>\n<meta name=\"robots\" content=\"index, follow, max-snippet:-1, max-image-preview:large, max-video-preview:-1\" \/>\n<link rel=\"canonical\" href=\"https:\/\/blogscvc.cervantes.es\/martes-neologico\/brownie\/\" \/>\n<meta property=\"og:locale\" content=\"es_ES\" \/>\n<meta property=\"og:type\" content=\"article\" \/>\n<meta property=\"og:title\" content=\"CVC. Brownie | Martes Neol\u00f3gico\" \/>\n<meta property=\"og:description\" content=\"Art\u00edculo sobre el neologismo \u00abbrownie\u00bb, dentro del blog Martes Neol\u00f3gico del Centro Virtual Cervantes.\" \/>\n<meta property=\"og:url\" content=\"https:\/\/blogscvc.cervantes.es\/martes-neologico\/brownie\/\" \/>\n<meta property=\"og:site_name\" content=\"Martes Neol\u00f3gico\" \/>\n<meta property=\"article:published_time\" content=\"2016-10-11T05:15:03+00:00\" \/>\n<meta property=\"article:modified_time\" content=\"2025-07-29T09:58:11+00:00\" \/>\n<meta property=\"og:image\" content=\"http:\/\/blogscvc.cervantes.es\/martes-neologico\/wp-content\/uploads\/sites\/2\/2016\/07\/brownie_350.jpg\" \/>\n\t<meta property=\"og:image:width\" content=\"750\" \/>\n\t<meta property=\"og:image:height\" content=\"350\" \/>\n\t<meta property=\"og:image:type\" content=\"image\/jpeg\" \/>\n<meta name=\"author\" content=\"admin\" \/>\n<meta name=\"twitter:card\" content=\"summary_large_image\" \/>\n<meta name=\"twitter:label1\" content=\"Escrito por\" \/>\n\t<meta name=\"twitter:data1\" content=\"admin\" \/>\n\t<meta name=\"twitter:label2\" content=\"Tiempo de lectura\" \/>\n\t<meta name=\"twitter:data2\" content=\"3 minutos\" \/>\n<script type=\"application\/ld+json\" class=\"yoast-schema-graph\">{\"@context\":\"https:\/\/schema.org\",\"@graph\":[{\"@type\":\"Article\",\"@id\":\"https:\/\/blogscvc.cervantes.es\/martes-neologico\/brownie\/#article\",\"isPartOf\":{\"@id\":\"https:\/\/blogscvc.cervantes.es\/martes-neologico\/brownie\/\"},\"author\":{\"name\":\"admin\",\"@id\":\"https:\/\/blogscvc.cervantes.es\/martes-neologico\/#\/schema\/person\/7e2fd26f886f53b1b2e81721d23acc47\"},\"headline\":\"brownie m.\",\"datePublished\":\"2016-10-11T05:15:03+00:00\",\"dateModified\":\"2025-07-29T09:58:11+00:00\",\"mainEntityOfPage\":{\"@id\":\"https:\/\/blogscvc.cervantes.es\/martes-neologico\/brownie\/\"},\"wordCount\":643,\"commentCount\":0,\"publisher\":{\"@id\":\"https:\/\/blogscvc.cervantes.es\/martes-neologico\/#organization\"},\"articleSection\":[\"gastronom\u00eda\",\"ingl\u00e9s\",\"pr\u00e9stamo\"],\"inLanguage\":\"es\",\"potentialAction\":[{\"@type\":\"CommentAction\",\"name\":\"Comment\",\"target\":[\"https:\/\/blogscvc.cervantes.es\/martes-neologico\/brownie\/#respond\"]}]},{\"@type\":\"WebPage\",\"@id\":\"https:\/\/blogscvc.cervantes.es\/martes-neologico\/brownie\/\",\"url\":\"https:\/\/blogscvc.cervantes.es\/martes-neologico\/brownie\/\",\"name\":\"CVC. Brownie | Martes Neol\u00f3gico\",\"isPartOf\":{\"@id\":\"https:\/\/blogscvc.cervantes.es\/martes-neologico\/#website\"},\"datePublished\":\"2016-10-11T05:15:03+00:00\",\"dateModified\":\"2025-07-29T09:58:11+00:00\",\"description\":\"Art\u00edculo sobre el neologismo \u00abbrownie\u00bb, dentro del blog Martes Neol\u00f3gico del Centro Virtual Cervantes.\",\"breadcrumb\":{\"@id\":\"https:\/\/blogscvc.cervantes.es\/martes-neologico\/brownie\/#breadcrumb\"},\"inLanguage\":\"es\",\"potentialAction\":[{\"@type\":\"ReadAction\",\"target\":[\"https:\/\/blogscvc.cervantes.es\/martes-neologico\/brownie\/\"]}]},{\"@type\":\"BreadcrumbList\",\"@id\":\"https:\/\/blogscvc.cervantes.es\/martes-neologico\/brownie\/#breadcrumb\",\"itemListElement\":[{\"@type\":\"ListItem\",\"position\":1,\"name\":\"Portada\",\"item\":\"https:\/\/blogscvc.cervantes.es\/martes-neologico\/\"},{\"@type\":\"ListItem\",\"position\":2,\"name\":\"brownie m.\"}]},{\"@type\":\"WebSite\",\"@id\":\"https:\/\/blogscvc.cervantes.es\/martes-neologico\/#website\",\"url\":\"https:\/\/blogscvc.cervantes.es\/martes-neologico\/\",\"name\":\"Martes Neol\u00f3gico\",\"description\":\"Cada martes, una palabra nueva que podr\u00eda estar en el diccionario\",\"publisher\":{\"@id\":\"https:\/\/blogscvc.cervantes.es\/martes-neologico\/#organization\"},\"potentialAction\":[{\"@type\":\"SearchAction\",\"target\":{\"@type\":\"EntryPoint\",\"urlTemplate\":\"https:\/\/blogscvc.cervantes.es\/martes-neologico\/?s={search_term_string}\"},\"query-input\":\"required name=search_term_string\"}],\"inLanguage\":\"es\"},{\"@type\":\"Organization\",\"@id\":\"https:\/\/blogscvc.cervantes.es\/martes-neologico\/#organization\",\"name\":\"Martes Neol\u00f3gico\",\"url\":\"https:\/\/blogscvc.cervantes.es\/martes-neologico\/\",\"logo\":{\"@type\":\"ImageObject\",\"inLanguage\":\"es\",\"@id\":\"https:\/\/blogscvc.cervantes.es\/martes-neologico\/#\/schema\/logo\/image\/\",\"url\":\"https:\/\/blogscvc.cervantes.es\/martes-neologico\/wp-content\/uploads\/sites\/2\/2025\/10\/logo-martes-neologico-10-anos.png\",\"contentUrl\":\"https:\/\/blogscvc.cervantes.es\/martes-neologico\/wp-content\/uploads\/sites\/2\/2025\/10\/logo-martes-neologico-10-anos.png\",\"width\":300,\"height\":100,\"caption\":\"Martes Neol\u00f3gico\"},\"image\":{\"@id\":\"https:\/\/blogscvc.cervantes.es\/martes-neologico\/#\/schema\/logo\/image\/\"}},{\"@type\":\"Person\",\"@id\":\"https:\/\/blogscvc.cervantes.es\/martes-neologico\/#\/schema\/person\/7e2fd26f886f53b1b2e81721d23acc47\",\"name\":\"admin\",\"image\":{\"@type\":\"ImageObject\",\"inLanguage\":\"es\",\"@id\":\"https:\/\/blogscvc.cervantes.es\/martes-neologico\/#\/schema\/person\/image\/\",\"url\":\"https:\/\/secure.gravatar.com\/avatar\/c4b6a365b64e607f3d2ecd9620a7675a?s=96&d=mm&r=g\",\"contentUrl\":\"https:\/\/secure.gravatar.com\/avatar\/c4b6a365b64e607f3d2ecd9620a7675a?s=96&d=mm&r=g\",\"caption\":\"admin\"},\"url\":\"https:\/\/blogscvc.cervantes.es\/martes-neologico\/author\/admin\/\"}]}<\/script>\n<!-- \/ Yoast SEO plugin. -->","yoast_head_json":{"title":"CVC. Brownie | Martes Neol\u00f3gico","description":"Art\u00edculo sobre el neologismo \u00abbrownie\u00bb, dentro del blog Martes Neol\u00f3gico del Centro Virtual Cervantes.","robots":{"index":"index","follow":"follow","max-snippet":"max-snippet:-1","max-image-preview":"max-image-preview:large","max-video-preview":"max-video-preview:-1"},"canonical":"https:\/\/blogscvc.cervantes.es\/martes-neologico\/brownie\/","og_locale":"es_ES","og_type":"article","og_title":"CVC. Brownie | Martes Neol\u00f3gico","og_description":"Art\u00edculo sobre el neologismo \u00abbrownie\u00bb, dentro del blog Martes Neol\u00f3gico del Centro Virtual Cervantes.","og_url":"https:\/\/blogscvc.cervantes.es\/martes-neologico\/brownie\/","og_site_name":"Martes Neol\u00f3gico","article_published_time":"2016-10-11T05:15:03+00:00","article_modified_time":"2025-07-29T09:58:11+00:00","og_image":[{"width":750,"height":350,"url":"http:\/\/blogscvc.cervantes.es\/martes-neologico\/wp-content\/uploads\/sites\/2\/2016\/07\/brownie_350.jpg","type":"image\/jpeg"}],"author":"admin","twitter_card":"summary_large_image","twitter_misc":{"Escrito por":"admin","Tiempo de lectura":"3 minutos"},"schema":{"@context":"https:\/\/schema.org","@graph":[{"@type":"Article","@id":"https:\/\/blogscvc.cervantes.es\/martes-neologico\/brownie\/#article","isPartOf":{"@id":"https:\/\/blogscvc.cervantes.es\/martes-neologico\/brownie\/"},"author":{"name":"admin","@id":"https:\/\/blogscvc.cervantes.es\/martes-neologico\/#\/schema\/person\/7e2fd26f886f53b1b2e81721d23acc47"},"headline":"brownie m.","datePublished":"2016-10-11T05:15:03+00:00","dateModified":"2025-07-29T09:58:11+00:00","mainEntityOfPage":{"@id":"https:\/\/blogscvc.cervantes.es\/martes-neologico\/brownie\/"},"wordCount":643,"commentCount":0,"publisher":{"@id":"https:\/\/blogscvc.cervantes.es\/martes-neologico\/#organization"},"articleSection":["gastronom\u00eda","ingl\u00e9s","pr\u00e9stamo"],"inLanguage":"es","potentialAction":[{"@type":"CommentAction","name":"Comment","target":["https:\/\/blogscvc.cervantes.es\/martes-neologico\/brownie\/#respond"]}]},{"@type":"WebPage","@id":"https:\/\/blogscvc.cervantes.es\/martes-neologico\/brownie\/","url":"https:\/\/blogscvc.cervantes.es\/martes-neologico\/brownie\/","name":"CVC. Brownie | Martes Neol\u00f3gico","isPartOf":{"@id":"https:\/\/blogscvc.cervantes.es\/martes-neologico\/#website"},"datePublished":"2016-10-11T05:15:03+00:00","dateModified":"2025-07-29T09:58:11+00:00","description":"Art\u00edculo sobre el neologismo \u00abbrownie\u00bb, dentro del blog Martes Neol\u00f3gico del Centro Virtual Cervantes.","breadcrumb":{"@id":"https:\/\/blogscvc.cervantes.es\/martes-neologico\/brownie\/#breadcrumb"},"inLanguage":"es","potentialAction":[{"@type":"ReadAction","target":["https:\/\/blogscvc.cervantes.es\/martes-neologico\/brownie\/"]}]},{"@type":"BreadcrumbList","@id":"https:\/\/blogscvc.cervantes.es\/martes-neologico\/brownie\/#breadcrumb","itemListElement":[{"@type":"ListItem","position":1,"name":"Portada","item":"https:\/\/blogscvc.cervantes.es\/martes-neologico\/"},{"@type":"ListItem","position":2,"name":"brownie m."}]},{"@type":"WebSite","@id":"https:\/\/blogscvc.cervantes.es\/martes-neologico\/#website","url":"https:\/\/blogscvc.cervantes.es\/martes-neologico\/","name":"Martes Neol\u00f3gico","description":"Cada martes, una palabra nueva que podr\u00eda estar en el diccionario","publisher":{"@id":"https:\/\/blogscvc.cervantes.es\/martes-neologico\/#organization"},"potentialAction":[{"@type":"SearchAction","target":{"@type":"EntryPoint","urlTemplate":"https:\/\/blogscvc.cervantes.es\/martes-neologico\/?s={search_term_string}"},"query-input":"required name=search_term_string"}],"inLanguage":"es"},{"@type":"Organization","@id":"https:\/\/blogscvc.cervantes.es\/martes-neologico\/#organization","name":"Martes Neol\u00f3gico","url":"https:\/\/blogscvc.cervantes.es\/martes-neologico\/","logo":{"@type":"ImageObject","inLanguage":"es","@id":"https:\/\/blogscvc.cervantes.es\/martes-neologico\/#\/schema\/logo\/image\/","url":"https:\/\/blogscvc.cervantes.es\/martes-neologico\/wp-content\/uploads\/sites\/2\/2025\/10\/logo-martes-neologico-10-anos.png","contentUrl":"https:\/\/blogscvc.cervantes.es\/martes-neologico\/wp-content\/uploads\/sites\/2\/2025\/10\/logo-martes-neologico-10-anos.png","width":300,"height":100,"caption":"Martes Neol\u00f3gico"},"image":{"@id":"https:\/\/blogscvc.cervantes.es\/martes-neologico\/#\/schema\/logo\/image\/"}},{"@type":"Person","@id":"https:\/\/blogscvc.cervantes.es\/martes-neologico\/#\/schema\/person\/7e2fd26f886f53b1b2e81721d23acc47","name":"admin","image":{"@type":"ImageObject","inLanguage":"es","@id":"https:\/\/blogscvc.cervantes.es\/martes-neologico\/#\/schema\/person\/image\/","url":"https:\/\/secure.gravatar.com\/avatar\/c4b6a365b64e607f3d2ecd9620a7675a?s=96&d=mm&r=g","contentUrl":"https:\/\/secure.gravatar.com\/avatar\/c4b6a365b64e607f3d2ecd9620a7675a?s=96&d=mm&r=g","caption":"admin"},"url":"https:\/\/blogscvc.cervantes.es\/martes-neologico\/author\/admin\/"}]}},"_links":{"self":[{"href":"https:\/\/blogscvc.cervantes.es\/martes-neologico\/wp-json\/wp\/v2\/posts\/1226"}],"collection":[{"href":"https:\/\/blogscvc.cervantes.es\/martes-neologico\/wp-json\/wp\/v2\/posts"}],"about":[{"href":"https:\/\/blogscvc.cervantes.es\/martes-neologico\/wp-json\/wp\/v2\/types\/post"}],"author":[{"embeddable":true,"href":"https:\/\/blogscvc.cervantes.es\/martes-neologico\/wp-json\/wp\/v2\/users\/1"}],"replies":[{"embeddable":true,"href":"https:\/\/blogscvc.cervantes.es\/martes-neologico\/wp-json\/wp\/v2\/comments?post=1226"}],"version-history":[{"count":6,"href":"https:\/\/blogscvc.cervantes.es\/martes-neologico\/wp-json\/wp\/v2\/posts\/1226\/revisions"}],"predecessor-version":[{"id":13300,"href":"https:\/\/blogscvc.cervantes.es\/martes-neologico\/wp-json\/wp\/v2\/posts\/1226\/revisions\/13300"}],"wp:featuredmedia":[{"embeddable":true,"href":"https:\/\/blogscvc.cervantes.es\/martes-neologico\/wp-json\/wp\/v2\/media\/1217"}],"wp:attachment":[{"href":"https:\/\/blogscvc.cervantes.es\/martes-neologico\/wp-json\/wp\/v2\/media?parent=1226"}],"wp:term":[{"taxonomy":"category","embeddable":true,"href":"https:\/\/blogscvc.cervantes.es\/martes-neologico\/wp-json\/wp\/v2\/categories?post=1226"},{"taxonomy":"post_tag","embeddable":true,"href":"https:\/\/blogscvc.cervantes.es\/martes-neologico\/wp-json\/wp\/v2\/tags?post=1226"}],"curies":[{"name":"wp","href":"https:\/\/api.w.org\/{rel}","templated":true}]}}