{"id":12329,"date":"2024-07-16T07:00:00","date_gmt":"2024-07-16T05:00:00","guid":{"rendered":"https:\/\/blogscvc.cervantes.es\/martes-neologico\/?p=12329"},"modified":"2025-08-01T09:23:46","modified_gmt":"2025-08-01T07:23:46","slug":"sexoafectivo-sexoafectiva","status":"publish","type":"post","link":"https:\/\/blogscvc.cervantes.es\/martes-neologico\/sexoafectivo-sexoafectiva\/","title":{"rendered":"sexoafectivo, sexoafectiva <em>adj.<\/em>"},"content":{"rendered":"\n<p>En un mundo en el que las relaciones entre las personas son cada vez m\u00e1s complejas y dif\u00edciles de mantener, muy centradas en el yo, en el individualismo, en relaciones sin compromiso, ha aparecido el adjetivo <em>sexoafectivo, sexoafectiva<\/em> para referirse a las relaciones que se basan en un v\u00ednculo emocional y sexual; esto es: afecto, empat\u00eda y respeto con relaciones sexuales. La frase \u00absolo es sexo\u00bb parece no ser suficiente en estos tiempos. El t\u00e9rmino se origina dentro del pensamiento feminista, donde se busca una relaci\u00f3n que no sea solo sexo casual, un v\u00ednculo entre las parejas que implica mayor comunicaci\u00f3n y un inter\u00e9s emocional que va m\u00e1s all\u00e1 de lo f\u00edsico hacia la otra persona.<\/p>\n\n\n<figure class=\"wp-block-image size-large is-style-default\"><a href=\"http:\/\/blogscvc.cervantes.es\/martes-neologico\/wp-content\/uploads\/sites\/2\/2024\/07\/sexoafectivo_500.jpg\"><img decoding=\"async\" class=\"wp-image-7916\" src=\"http:\/\/blogscvc.cervantes.es\/martes-neologico\/wp-content\/uploads\/sites\/2\/2024\/07\/sexoafectivo_500.jpg\" alt=\"[fotograf\u00eda] dos manos con pulseras, entrelazadas por los dedos me\u00f1iques\"><\/a><figcaption>Pixabay<\/figcaption><\/figure>\n\n\n<p>Desde el punto de vista ling\u00fc\u00edstico, estamos ante un adjetivo compuesto, formado por el sustantivo <em>sexo <\/em>y el adjetivo <em>afectivo, afectiva<\/em>. Como se puede observar en los distintos ejemplos extra\u00eddos de peri\u00f3dicos de actualidad, el t\u00e9rmino <em>sexoafectivo, <\/em><em>sexoafectiva<\/em> se utiliza especialmente en el \u00e1mbito psicol\u00f3gico junto a otros t\u00e9rminos con los que frecuentemente concurre como <em>educaci\u00f3n sexoafectiva<\/em>, <em>responsabilidad sexoafectiva<\/em>, <em>v\u00ednculo sexoafectivo<\/em> o <em>relaci\u00f3n sexoafectiva<\/em>, entre muchos otros. Existen otras formas alternativas, como <em>afectivosexual<\/em> (o <em>afectivo-sexual<\/em>); <em>sexual-afectivo, sexual-afectiva<\/em>, que tienen muy poca presencia.<\/p>\n\n\n\n<ul>\n<li><em>Talar\u00e9&#8230;<\/em>, de hecho, no es una obra sobre la prostituci\u00f3n, sino m\u00e1s bien sobre la <strong>educaci\u00f3n sexoafectiva<\/strong>. Los modelos que operan en familia, pareja, escuela y mercado. [<em>El Espa\u00f1ol<\/em> (Espa\u00f1a), 6\/9\/2022]<\/li>\n<\/ul>\n\n\n\n<p>Como se ha comentado, sexoafectivo,<em>sexoafectiva<\/em> suele ir acompa\u00f1ado de otros sustantivos, por ejemplo, la <em>responsabilidad<\/em> <em>sexoafectiva.<\/em> Se trata de un t\u00e9rmino que, a pesar de no ser nuevo, ha empezado a utilizarse m\u00e1s ampliamente, tanto social como profesionalmente para referirnos al hecho de reflexionar, as\u00ed como de tener conciencia de nuestros sentimientos y actos, con otras personas (relaciones de pareja, amistades, familiares o laborales) y su posible impacto en ellas. Tambi\u00e9n encontramos la <em>educaci\u00f3n<\/em> <em>sexoafectiva<\/em>, que hace hincapi\u00e9 en el desarrollo sexoafectivo que se realiza proporcionando un espacio seguro en el que los j\u00f3venes puedan hablar libremente con el fin de que planteen dudas o inquietudes sobre la sexualidad, las orientaciones sexuales y las relaciones, entre muchas otras cuestiones. Del mismo modo, en las escuelas se utiliza para que los m\u00e1s peque\u00f1os conozcan los l\u00edmites, la intimidad, el reconocimiento y la comunicaci\u00f3n de sus necesidades, emociones y sentimientos y las diferentes maneras en las que nos podemos relacionar con el resto de las personas.<\/p>\n\n\n\n<p>Respeto a su ortograf\u00eda, la RAE informa a trav\u00e9s de su cuenta de X (antes Twitter) que la graf\u00eda correcta es sin guion, pues <em>s<\/em><em>exo<\/em>&#8211; (\u2018sexual\u2019) funciona como elemento compositivo y se escribe unido y sin guion al adjetivo al que se suma y as\u00ed aparece en la mayor\u00eda de los ejemplos registrados en OBNEO procedentes de diversos pa\u00edses hispanohablantes, aunque tambi\u00e9n hallamos alg\u00fan caso con guion:<\/p>\n\n\n\n<ul>\n<li>\u00bfC\u00f3mo est\u00e1n los v\u00ednculos <strong>sexoafectivos<\/strong> pospandemia? [<em>El Comercio<\/em> (Per\u00fa), 5\/4\/2023]<\/li>\n\n\n\n<li>Sobre la identidad, se propone \u00abel derecho al pleno reconocimiento, incluyendo las caracter\u00edsticas sexuales, identidades y expresiones de g\u00e9nero, nombre y orientaciones <strong>sexoafectivas\u00bb<\/strong>. [<em>Publimetro<\/em> (Chile), 31\/3\/2022]<\/li>\n\n\n\n<li>Es importante poder dar cuenta de las experiencias <strong>sexoafectivas<\/strong>. [<em>P\u00e1gina12<\/em> (Argentina), 12\/7\/2021]<\/li>\n\n\n\n<li>Educaci\u00f3n <strong>sexoafectiva<\/strong>, materia obligatoria. [<em>El Pa\u00eds <\/em>(Espa\u00f1a), 2\/3\/2021]<\/li>\n\n\n\n<li>Ahora es a Claver-Carone a quien el propio Banco Interamericano de Desarrollo (BID) le estar\u00eda mostrando el pulgar abajo y el dedo medio elevado por haber quebrantado una norma interna, tener una relaci\u00f3n <strong>sexo-afectiva<\/strong> con una integrante del organismo. [<em>Diario Perfil<\/em> (Argentina), 25\/9\/2022]<\/li>\n<\/ul>\n\n\n\n<p>Si hacemos la b\u00fasqueda en los corpus del espa\u00f1ol, en el CORPES XXI, se han encontrado escasos ejemplos, posiblemente por su uso reciente:<\/p>\n\n\n\n<ul>\n<li>No obstante, asegura que la mayor parte de las mujeres v\u00edctimas de violencia en Internet encuestadas sospechan qui\u00e9n es su agresor virtual y se tratar\u00eda de ex parejas o personas con quienes mantuvieron un v\u00ednculo <strong>sexoafectivo<\/strong>, ya que aunque agredan desde perfiles falsos, se identifica por la informaci\u00f3n que manejan. [<em>Diario Concepci\u00f3n<\/em>, (Chile), 29\/11\/2020].<\/li>\n\n\n\n<li>El problema de la Ley 1\/2004 es que se circunscribe exclusivamente al \u00e1mbito <strong>sexoafectivo <\/strong>(pareja o expareja), por lo que no se atienden como casos de violencia de g\u00e9nero la que puede sufrirse en otros contextos: en el trabajo, en los estudios, en el entorno sanitario, etc. [<em>Partos arrebatados. La violencia obst\u00e9trica y el mercado de la sumisi\u00f3n femenina<\/em>, (Espa\u00f1a), 2021]<\/li>\n<\/ul>\n\n\n\n<p>Encontramos tambi\u00e9n el sustantivo derivado <em>sexoafectividad<\/em> y, al igual que en espa\u00f1ol, en la lengua catalana podemos encontrar los t\u00e9rminos <em>sexeafectiu, sexeafectiva<\/em>. En ingl\u00e9s no hayamos ning\u00fan t\u00e9rmino semejante a <em>sexoafectivo<\/em>, sin embargo, existe la palabra <em>Sex Ed<\/em> o <em>Sex education<\/em>, definida en el <em>Cambridge Dictionary <\/em>como \u00ablessons at <a href=\"https:\/\/dictionary.cambridge.org\/dictionary\/english\/school\" target=\"_blank\" rel=\"noopener\">school<\/a> about <a href=\"https:\/\/dictionary.cambridge.org\/dictionary\/english\/sexual\" target=\"_blank\" rel=\"noopener\">sexual<\/a> <a href=\"https:\/\/dictionary.cambridge.org\/dictionary\/english\/reproduction\" target=\"_blank\" rel=\"noopener\">reproduction<\/a> and sexual <a href=\"https:\/\/dictionary.cambridge.org\/dictionary\/english\/feeling\" target=\"_blank\" rel=\"noopener\">feelings<\/a>\u00bb, y que equivale a <em>educaci\u00f3n<\/em> <em>sexoafectiva<\/em>. Por otro lado, en el idioma franc\u00e9s, existe el t\u00e9rmino <em>affective-sexuelle<\/em> o <em>affectivesexuelle<\/em>, pero tampoco lo hallamos en diccionarios como <em>Dictionnaire de l\u2019Acad\u00e9mie fran\u00e7aise<\/em> o <em>Le Dictionnaire<\/em>.<\/p>\n\n\n\n<p>Estamos ante un adjetivo de uso frecuente en los \u00faltimos a\u00f1os, con un significado transparente que se aplica a sustantivos para marcar relaciones basadas en la empat\u00eda, el respeto hacia la otra persona m\u00e1s all\u00e1 del sexo, pero que no figura en los diccionarios generales del espa\u00f1ol, ni en el <em>Diccionario de la lengua espa\u00f1ola<\/em> (<em>DLE<\/em>) ni en el <em>Diccionario del espa\u00f1ol actual<\/em> (<em>DEA<\/em>) ni tampoco en el <em>Diccionario de neologismos del espa\u00f1ol actual<\/em> (<em>NEOMA<\/em>).<\/p>\n\n\n\n<p>En una sociedad contempor\u00e1nea m\u00e1s igualitaria e inclusiva, donde el individualismo se ha convertido en una <strong>caracter\u00edstica predominante<\/strong>, que fomenta la autonom\u00eda y la independencia personal, es posible desarrollar relaciones afectivas basadas en el compromiso y la libertad de las personas. Por eso, es necesario que adjetivos como <em>sexoafectivo, sexoafectiva<\/em>, que sirven para describir nuevas formas de relaci\u00f3n entre personas, se incluyan en los repertorios l\u00e9xicos del espa\u00f1ol.<\/p>\n\n\n\n<p>Mariana \u00c1ngela Linares La Barba<br>Universidad de Alicante (Espa\u00f1a)<\/p>\n","protected":false},"excerpt":{"rendered":"<p>En un mundo en el que las relaciones entre las personas son cada vez m\u00e1s complejas y dif\u00edciles de mantener, muy centradas en el yo, en el individualismo, en relaciones sin compromiso, ha aparecido el adjetivo <em>sexoafectivo, sexoafectiva<\/em> para referirse a las relaciones que se basan en un v\u00ednculo emocional y sexual; esto es: afecto, empat\u00eda y respeto con relaciones sexuales. La frase \u00absolo es sexo\u00bb parece no ser suficiente en estos tiempos. El t\u00e9rmino se origina dentro del pensamiento feminista, donde se busca una relaci\u00f3n que no sea solo sexo casual, un v\u00ednculo entre las parejas que implica mayor comunicaci\u00f3n y un inter\u00e9s emocional que va m\u00e1s all\u00e1 de lo f\u00edsico hacia la otra persona.<\/p>\n","protected":false},"author":1,"featured_media":12335,"comment_status":"open","ping_status":"open","sticky":false,"template":"","format":"standard","meta":{"_mi_skip_tracking":false,"_s2mail":""},"categories":[55,280],"tags":[],"yoast_head":"<!-- This site is optimized with the Yoast SEO plugin v20.6 - https:\/\/yoast.com\/wordpress\/plugins\/seo\/ -->\n<title>CVC. Sexoafectivo, sexoafectiva | Martes Neol\u00f3gico<\/title>\n<meta name=\"description\" content=\"Art\u00edculo sobre el neologismo \u00absexoafectivo, sexoafectiva\u00bb, dentro del blog Martes Neol\u00f3gico del Centro Virtual Cervantes.\" \/>\n<meta name=\"robots\" content=\"index, follow, max-snippet:-1, max-image-preview:large, max-video-preview:-1\" \/>\n<link rel=\"canonical\" href=\"https:\/\/blogscvc.cervantes.es\/martes-neologico\/sexoafectivo-sexoafectiva\/\" \/>\n<meta property=\"og:locale\" content=\"es_ES\" \/>\n<meta property=\"og:type\" content=\"article\" \/>\n<meta property=\"og:title\" content=\"CVC. Sexoafectivo, sexoafectiva | Martes Neol\u00f3gico\" \/>\n<meta property=\"og:description\" content=\"Art\u00edculo sobre el neologismo \u00absexoafectivo, sexoafectiva\u00bb, dentro del blog Martes Neol\u00f3gico del Centro Virtual Cervantes.\" \/>\n<meta property=\"og:url\" content=\"https:\/\/blogscvc.cervantes.es\/martes-neologico\/sexoafectivo-sexoafectiva\/\" \/>\n<meta property=\"og:site_name\" content=\"Martes Neol\u00f3gico\" \/>\n<meta property=\"article:published_time\" content=\"2024-07-16T05:00:00+00:00\" \/>\n<meta property=\"article:modified_time\" content=\"2025-08-01T07:23:46+00:00\" \/>\n<meta property=\"og:image\" content=\"http:\/\/blogscvc.cervantes.es\/martes-neologico\/wp-content\/uploads\/sites\/2\/2024\/07\/sexoafectivo_350.jpg\" \/>\n\t<meta property=\"og:image:width\" content=\"750\" \/>\n\t<meta property=\"og:image:height\" content=\"350\" \/>\n\t<meta property=\"og:image:type\" content=\"image\/jpeg\" \/>\n<meta name=\"author\" content=\"admin\" \/>\n<meta name=\"twitter:card\" content=\"summary_large_image\" \/>\n<meta name=\"twitter:label1\" content=\"Escrito por\" \/>\n\t<meta name=\"twitter:data1\" content=\"admin\" \/>\n\t<meta name=\"twitter:label2\" content=\"Tiempo de lectura\" \/>\n\t<meta name=\"twitter:data2\" content=\"5 minutos\" \/>\n<script type=\"application\/ld+json\" class=\"yoast-schema-graph\">{\"@context\":\"https:\/\/schema.org\",\"@graph\":[{\"@type\":\"Article\",\"@id\":\"https:\/\/blogscvc.cervantes.es\/martes-neologico\/sexoafectivo-sexoafectiva\/#article\",\"isPartOf\":{\"@id\":\"https:\/\/blogscvc.cervantes.es\/martes-neologico\/sexoafectivo-sexoafectiva\/\"},\"author\":{\"name\":\"admin\",\"@id\":\"https:\/\/blogscvc.cervantes.es\/martes-neologico\/#\/schema\/person\/7e2fd26f886f53b1b2e81721d23acc47\"},\"headline\":\"sexoafectivo, sexoafectiva adj.\",\"datePublished\":\"2024-07-16T05:00:00+00:00\",\"dateModified\":\"2025-08-01T07:23:46+00:00\",\"mainEntityOfPage\":{\"@id\":\"https:\/\/blogscvc.cervantes.es\/martes-neologico\/sexoafectivo-sexoafectiva\/\"},\"wordCount\":1026,\"commentCount\":1,\"publisher\":{\"@id\":\"https:\/\/blogscvc.cervantes.es\/martes-neologico\/#organization\"},\"articleSection\":[\"composici\u00f3n\",\"sexualidad\"],\"inLanguage\":\"es\",\"potentialAction\":[{\"@type\":\"CommentAction\",\"name\":\"Comment\",\"target\":[\"https:\/\/blogscvc.cervantes.es\/martes-neologico\/sexoafectivo-sexoafectiva\/#respond\"]}]},{\"@type\":\"WebPage\",\"@id\":\"https:\/\/blogscvc.cervantes.es\/martes-neologico\/sexoafectivo-sexoafectiva\/\",\"url\":\"https:\/\/blogscvc.cervantes.es\/martes-neologico\/sexoafectivo-sexoafectiva\/\",\"name\":\"CVC. Sexoafectivo, sexoafectiva | Martes Neol\u00f3gico\",\"isPartOf\":{\"@id\":\"https:\/\/blogscvc.cervantes.es\/martes-neologico\/#website\"},\"datePublished\":\"2024-07-16T05:00:00+00:00\",\"dateModified\":\"2025-08-01T07:23:46+00:00\",\"description\":\"Art\u00edculo sobre el neologismo \u00absexoafectivo, sexoafectiva\u00bb, dentro del blog Martes Neol\u00f3gico del Centro Virtual Cervantes.\",\"breadcrumb\":{\"@id\":\"https:\/\/blogscvc.cervantes.es\/martes-neologico\/sexoafectivo-sexoafectiva\/#breadcrumb\"},\"inLanguage\":\"es\",\"potentialAction\":[{\"@type\":\"ReadAction\",\"target\":[\"https:\/\/blogscvc.cervantes.es\/martes-neologico\/sexoafectivo-sexoafectiva\/\"]}]},{\"@type\":\"BreadcrumbList\",\"@id\":\"https:\/\/blogscvc.cervantes.es\/martes-neologico\/sexoafectivo-sexoafectiva\/#breadcrumb\",\"itemListElement\":[{\"@type\":\"ListItem\",\"position\":1,\"name\":\"Portada\",\"item\":\"https:\/\/blogscvc.cervantes.es\/martes-neologico\/\"},{\"@type\":\"ListItem\",\"position\":2,\"name\":\"sexoafectivo, sexoafectiva adj.\"}]},{\"@type\":\"WebSite\",\"@id\":\"https:\/\/blogscvc.cervantes.es\/martes-neologico\/#website\",\"url\":\"https:\/\/blogscvc.cervantes.es\/martes-neologico\/\",\"name\":\"Martes Neol\u00f3gico\",\"description\":\"Cada martes, una palabra nueva que podr\u00eda estar en el diccionario\",\"publisher\":{\"@id\":\"https:\/\/blogscvc.cervantes.es\/martes-neologico\/#organization\"},\"potentialAction\":[{\"@type\":\"SearchAction\",\"target\":{\"@type\":\"EntryPoint\",\"urlTemplate\":\"https:\/\/blogscvc.cervantes.es\/martes-neologico\/?s={search_term_string}\"},\"query-input\":\"required name=search_term_string\"}],\"inLanguage\":\"es\"},{\"@type\":\"Organization\",\"@id\":\"https:\/\/blogscvc.cervantes.es\/martes-neologico\/#organization\",\"name\":\"Martes Neol\u00f3gico\",\"url\":\"https:\/\/blogscvc.cervantes.es\/martes-neologico\/\",\"logo\":{\"@type\":\"ImageObject\",\"inLanguage\":\"es\",\"@id\":\"https:\/\/blogscvc.cervantes.es\/martes-neologico\/#\/schema\/logo\/image\/\",\"url\":\"https:\/\/blogscvc.cervantes.es\/martes-neologico\/wp-content\/uploads\/sites\/2\/2025\/10\/logo-martes-neologico-10-anos.png\",\"contentUrl\":\"https:\/\/blogscvc.cervantes.es\/martes-neologico\/wp-content\/uploads\/sites\/2\/2025\/10\/logo-martes-neologico-10-anos.png\",\"width\":300,\"height\":100,\"caption\":\"Martes Neol\u00f3gico\"},\"image\":{\"@id\":\"https:\/\/blogscvc.cervantes.es\/martes-neologico\/#\/schema\/logo\/image\/\"}},{\"@type\":\"Person\",\"@id\":\"https:\/\/blogscvc.cervantes.es\/martes-neologico\/#\/schema\/person\/7e2fd26f886f53b1b2e81721d23acc47\",\"name\":\"admin\",\"image\":{\"@type\":\"ImageObject\",\"inLanguage\":\"es\",\"@id\":\"https:\/\/blogscvc.cervantes.es\/martes-neologico\/#\/schema\/person\/image\/\",\"url\":\"https:\/\/secure.gravatar.com\/avatar\/c4b6a365b64e607f3d2ecd9620a7675a?s=96&d=mm&r=g\",\"contentUrl\":\"https:\/\/secure.gravatar.com\/avatar\/c4b6a365b64e607f3d2ecd9620a7675a?s=96&d=mm&r=g\",\"caption\":\"admin\"},\"url\":\"https:\/\/blogscvc.cervantes.es\/martes-neologico\/author\/admin\/\"}]}<\/script>\n<!-- \/ Yoast SEO plugin. -->","yoast_head_json":{"title":"CVC. Sexoafectivo, sexoafectiva | Martes Neol\u00f3gico","description":"Art\u00edculo sobre el neologismo \u00absexoafectivo, sexoafectiva\u00bb, dentro del blog Martes Neol\u00f3gico del Centro Virtual Cervantes.","robots":{"index":"index","follow":"follow","max-snippet":"max-snippet:-1","max-image-preview":"max-image-preview:large","max-video-preview":"max-video-preview:-1"},"canonical":"https:\/\/blogscvc.cervantes.es\/martes-neologico\/sexoafectivo-sexoafectiva\/","og_locale":"es_ES","og_type":"article","og_title":"CVC. Sexoafectivo, sexoafectiva | Martes Neol\u00f3gico","og_description":"Art\u00edculo sobre el neologismo \u00absexoafectivo, sexoafectiva\u00bb, dentro del blog Martes Neol\u00f3gico del Centro Virtual Cervantes.","og_url":"https:\/\/blogscvc.cervantes.es\/martes-neologico\/sexoafectivo-sexoafectiva\/","og_site_name":"Martes Neol\u00f3gico","article_published_time":"2024-07-16T05:00:00+00:00","article_modified_time":"2025-08-01T07:23:46+00:00","og_image":[{"width":750,"height":350,"url":"http:\/\/blogscvc.cervantes.es\/martes-neologico\/wp-content\/uploads\/sites\/2\/2024\/07\/sexoafectivo_350.jpg","type":"image\/jpeg"}],"author":"admin","twitter_card":"summary_large_image","twitter_misc":{"Escrito por":"admin","Tiempo de lectura":"5 minutos"},"schema":{"@context":"https:\/\/schema.org","@graph":[{"@type":"Article","@id":"https:\/\/blogscvc.cervantes.es\/martes-neologico\/sexoafectivo-sexoafectiva\/#article","isPartOf":{"@id":"https:\/\/blogscvc.cervantes.es\/martes-neologico\/sexoafectivo-sexoafectiva\/"},"author":{"name":"admin","@id":"https:\/\/blogscvc.cervantes.es\/martes-neologico\/#\/schema\/person\/7e2fd26f886f53b1b2e81721d23acc47"},"headline":"sexoafectivo, sexoafectiva adj.","datePublished":"2024-07-16T05:00:00+00:00","dateModified":"2025-08-01T07:23:46+00:00","mainEntityOfPage":{"@id":"https:\/\/blogscvc.cervantes.es\/martes-neologico\/sexoafectivo-sexoafectiva\/"},"wordCount":1026,"commentCount":1,"publisher":{"@id":"https:\/\/blogscvc.cervantes.es\/martes-neologico\/#organization"},"articleSection":["composici\u00f3n","sexualidad"],"inLanguage":"es","potentialAction":[{"@type":"CommentAction","name":"Comment","target":["https:\/\/blogscvc.cervantes.es\/martes-neologico\/sexoafectivo-sexoafectiva\/#respond"]}]},{"@type":"WebPage","@id":"https:\/\/blogscvc.cervantes.es\/martes-neologico\/sexoafectivo-sexoafectiva\/","url":"https:\/\/blogscvc.cervantes.es\/martes-neologico\/sexoafectivo-sexoafectiva\/","name":"CVC. Sexoafectivo, sexoafectiva | Martes Neol\u00f3gico","isPartOf":{"@id":"https:\/\/blogscvc.cervantes.es\/martes-neologico\/#website"},"datePublished":"2024-07-16T05:00:00+00:00","dateModified":"2025-08-01T07:23:46+00:00","description":"Art\u00edculo sobre el neologismo \u00absexoafectivo, sexoafectiva\u00bb, dentro del blog Martes Neol\u00f3gico del Centro Virtual Cervantes.","breadcrumb":{"@id":"https:\/\/blogscvc.cervantes.es\/martes-neologico\/sexoafectivo-sexoafectiva\/#breadcrumb"},"inLanguage":"es","potentialAction":[{"@type":"ReadAction","target":["https:\/\/blogscvc.cervantes.es\/martes-neologico\/sexoafectivo-sexoafectiva\/"]}]},{"@type":"BreadcrumbList","@id":"https:\/\/blogscvc.cervantes.es\/martes-neologico\/sexoafectivo-sexoafectiva\/#breadcrumb","itemListElement":[{"@type":"ListItem","position":1,"name":"Portada","item":"https:\/\/blogscvc.cervantes.es\/martes-neologico\/"},{"@type":"ListItem","position":2,"name":"sexoafectivo, sexoafectiva adj."}]},{"@type":"WebSite","@id":"https:\/\/blogscvc.cervantes.es\/martes-neologico\/#website","url":"https:\/\/blogscvc.cervantes.es\/martes-neologico\/","name":"Martes Neol\u00f3gico","description":"Cada martes, una palabra nueva que podr\u00eda estar en el diccionario","publisher":{"@id":"https:\/\/blogscvc.cervantes.es\/martes-neologico\/#organization"},"potentialAction":[{"@type":"SearchAction","target":{"@type":"EntryPoint","urlTemplate":"https:\/\/blogscvc.cervantes.es\/martes-neologico\/?s={search_term_string}"},"query-input":"required name=search_term_string"}],"inLanguage":"es"},{"@type":"Organization","@id":"https:\/\/blogscvc.cervantes.es\/martes-neologico\/#organization","name":"Martes Neol\u00f3gico","url":"https:\/\/blogscvc.cervantes.es\/martes-neologico\/","logo":{"@type":"ImageObject","inLanguage":"es","@id":"https:\/\/blogscvc.cervantes.es\/martes-neologico\/#\/schema\/logo\/image\/","url":"https:\/\/blogscvc.cervantes.es\/martes-neologico\/wp-content\/uploads\/sites\/2\/2025\/10\/logo-martes-neologico-10-anos.png","contentUrl":"https:\/\/blogscvc.cervantes.es\/martes-neologico\/wp-content\/uploads\/sites\/2\/2025\/10\/logo-martes-neologico-10-anos.png","width":300,"height":100,"caption":"Martes Neol\u00f3gico"},"image":{"@id":"https:\/\/blogscvc.cervantes.es\/martes-neologico\/#\/schema\/logo\/image\/"}},{"@type":"Person","@id":"https:\/\/blogscvc.cervantes.es\/martes-neologico\/#\/schema\/person\/7e2fd26f886f53b1b2e81721d23acc47","name":"admin","image":{"@type":"ImageObject","inLanguage":"es","@id":"https:\/\/blogscvc.cervantes.es\/martes-neologico\/#\/schema\/person\/image\/","url":"https:\/\/secure.gravatar.com\/avatar\/c4b6a365b64e607f3d2ecd9620a7675a?s=96&d=mm&r=g","contentUrl":"https:\/\/secure.gravatar.com\/avatar\/c4b6a365b64e607f3d2ecd9620a7675a?s=96&d=mm&r=g","caption":"admin"},"url":"https:\/\/blogscvc.cervantes.es\/martes-neologico\/author\/admin\/"}]}},"_links":{"self":[{"href":"https:\/\/blogscvc.cervantes.es\/martes-neologico\/wp-json\/wp\/v2\/posts\/12329"}],"collection":[{"href":"https:\/\/blogscvc.cervantes.es\/martes-neologico\/wp-json\/wp\/v2\/posts"}],"about":[{"href":"https:\/\/blogscvc.cervantes.es\/martes-neologico\/wp-json\/wp\/v2\/types\/post"}],"author":[{"embeddable":true,"href":"https:\/\/blogscvc.cervantes.es\/martes-neologico\/wp-json\/wp\/v2\/users\/1"}],"replies":[{"embeddable":true,"href":"https:\/\/blogscvc.cervantes.es\/martes-neologico\/wp-json\/wp\/v2\/comments?post=12329"}],"version-history":[{"count":2,"href":"https:\/\/blogscvc.cervantes.es\/martes-neologico\/wp-json\/wp\/v2\/posts\/12329\/revisions"}],"predecessor-version":[{"id":12341,"href":"https:\/\/blogscvc.cervantes.es\/martes-neologico\/wp-json\/wp\/v2\/posts\/12329\/revisions\/12341"}],"wp:featuredmedia":[{"embeddable":true,"href":"https:\/\/blogscvc.cervantes.es\/martes-neologico\/wp-json\/wp\/v2\/media\/12335"}],"wp:attachment":[{"href":"https:\/\/blogscvc.cervantes.es\/martes-neologico\/wp-json\/wp\/v2\/media?parent=12329"}],"wp:term":[{"taxonomy":"category","embeddable":true,"href":"https:\/\/blogscvc.cervantes.es\/martes-neologico\/wp-json\/wp\/v2\/categories?post=12329"},{"taxonomy":"post_tag","embeddable":true,"href":"https:\/\/blogscvc.cervantes.es\/martes-neologico\/wp-json\/wp\/v2\/tags?post=12329"}],"curies":[{"name":"wp","href":"https:\/\/api.w.org\/{rel}","templated":true}]}}