{"id":12602,"date":"2024-12-03T07:00:00","date_gmt":"2024-12-03T05:00:00","guid":{"rendered":"https:\/\/blogscvc.cervantes.es\/martes-neologico\/?p=12602"},"modified":"2025-08-01T10:13:34","modified_gmt":"2025-08-01T08:13:34","slug":"uramaki","status":"publish","type":"post","link":"https:\/\/blogscvc.cervantes.es\/martes-neologico\/uramaki\/","title":{"rendered":"uramaki <em>m.<\/em>"},"content":{"rendered":"\n<p>En los \u00faltimos tiempos, la comida asi\u00e1tica se ha extendido por el mundo y lo ha hecho para quedarse, y no es extra\u00f1o pasear por las calles de la mayor\u00eda de ciudades y ver alg\u00fan que otro restaurante japon\u00e9s o chino. Es por eso por lo que el uso de t\u00e9rminos que se refieren a platos de este tipo de cocina se est\u00e1 haciendo m\u00e1s usual en los hablares de todo el mundo, tal y como ya se ha podido ver con el uso en aumento de los t\u00e9rminos <em><a style=\"color: #2d9659;\" href=\"https:\/\/blogscvc.cervantes.es\/martes-neologico\/nigiri\/\">nigiri<\/a><\/em>, <em><a style=\"color: #2d9659;\" href=\"https:\/\/blogscvc.cervantes.es\/martes-neologico\/tataki\/\">tataki<\/a><\/em>, <em><a style=\"color: #2d9659;\" href=\"https:\/\/blogscvc.cervantes.es\/martes-neologico\/ramen\/\">ramen<\/a><\/em> o <em><a style=\"color: #2d9659;\" href=\"https:\/\/blogscvc.cervantes.es\/martes-neologico\/umami\/\">umami<\/a><\/em>. Por tanto, no es de extra\u00f1ar que el t\u00e9rmino <em>uramaki<\/em> sea tambi\u00e9n conocido ya en todos los continentes.<\/p>\n\n\n<figure class=\"wp-block-image size-large is-style-default\"><a href=\"http:\/\/blogscvc.cervantes.es\/martes-neologico\/wp-content\/uploads\/sites\/2\/2024\/12\/uramaki_500.jpg\"><img decoding=\"async\" class=\"wp-image-7916\" src=\"http:\/\/blogscvc.cervantes.es\/martes-neologico\/wp-content\/uploads\/sites\/2\/2024\/12\/uramaki_500.jpg\" alt=\"[fotograf\u00eda] cuatro piezas de comida japonesa con forma cil\u00edndrica recubiertas de arroz.\"><\/a><figcaption>Yang Hao (Pexels)<\/figcaption><\/figure>\n\n\n<p>Esta voz es un pr\u00e9stamo del japon\u00e9s que proviene del t\u00e9rmino \u88cf\u5dfb\u304d. Est\u00e1 construido por <em>ura<\/em> que significa \u2018al rev\u00e9s, cara opuesta\u2019, y <em>maki<\/em>, que significa \u2018rollo\u2019. Como se puede deducir, pues, un <em>uramaki<\/em> es una variaci\u00f3n del cl\u00e1sico <em>maki<\/em>, en el que el arroz, en vez de encontrarse en un rollo dentro del alga nori, se encuentra por fuera. En otras palabras, el arroz envuelve el alga nori, que en su interior puede contener alg\u00fan tipo de pescado, carne o verdura.<\/p>\n\n\n\n<p>El origen de esta comida japonesa es interesante, ya que no se cre\u00f3 en Jap\u00f3n, sino en Estados Unidos, concretamente en Los \u00c1ngeles, California: en los a\u00f1os sesenta, Hidekazu Tojo e Ichiro Mashita, dos japoneses que ten\u00edan un restaurante de fusi\u00f3n llamado Little Tokyo, decidieron crear esta pieza para complacer a sus comensales estadounidenses, a los que no les gustaba el <em>sushi<\/em> tradicional con marisco crudo. Por tanto, sustituyeron ciertos alimentos crudos por otros m\u00e1s apetecibles para el paladar de los norteamericanos y pusieron el arroz por fuera del alga nori para esconderla, ya que a muchos no les gustaba la idea de tener que comerse algas marinas. El t\u00e9rmino <em>uramaki<\/em> tambi\u00e9n se conoce como C<em>alifornia roll<\/em>, por su lugar de origen. Sin embargo, este nombre no naci\u00f3 hasta dos d\u00e9cadas despu\u00e9s de su creaci\u00f3n, cuando esta nueva fusi\u00f3n pas\u00f3 a instalarse en restaurantes japoneses de todo el mundo.<\/p>\n\n\n\n<p>En referencia a su uso en los peri\u00f3dicos y otros medios, la aparici\u00f3n de esta voz ha ido acompa\u00f1ada de una peque\u00f1a explicaci\u00f3n o aclaraci\u00f3n de lo que es, sobre todo en las primeras noticias que se pueden encontrar. A medida que pasa el tiempo, las explicaciones desaparecen e incluso empiezan a aparecer recetas de c\u00f3mo hacerlo:<\/p>\n\n\n\n<ul>\n<li>El de m\u00e1s \u00e9xito es el <strong>uramaki<\/strong> (roll con arroz por fuera) de langostino crujiente y aguacate: \u00abCon este roll la gente se suele enganchar al sushi, al estar el langostino tempurizado resulta m\u00e1s f\u00e1cil de comer, pero es de lo menos purista que tenemos\u00bb, explica Javier Pereira. [<em>La Voz de Galicia<\/em> (Espa\u00f1a), 29\/7\/2017]<\/li>\n\n\n\n<li>Lo mejor: no te pierdas los <strong>uramaki<\/strong> Champi ($430 \u00d7 10 piezas) o los niguiri de g\u00edrolas ($500 \u00d7 5 piezas); y si te cuesta elegir, opt\u00e1 por un Omakase (en criollo: mezcla de todo un poco). [<em>La Naci\u00f3n<\/em> (Argentina), 8\/9\/2021]<\/li>\n\n\n\n<li>El <strong>uramaki<\/strong> con kimchi, aguacate y at\u00fan soasado es fantas\u00eda oriental en un solo bocado. [<em>El Peri\u00f3dico<\/em>(Espa\u00f1a), 5\/4\/2023]<\/li>\n<\/ul>\n\n\n\n<p>Adem\u00e1s, tambi\u00e9n se puede observar que incluso restaurantes que no son japoneses est\u00e1n incluyendo este plato en sus men\u00fas y lo est\u00e1n mezclando con platos t\u00edpicos del lugar, lo que indica que es un plato que ha llegado para quedarse:<\/p>\n\n\n\n<ul>\n<li>En la que no falta el <strong>uramaki<\/strong> de at\u00fan picante o la lubina marinada con vinagreta de arce ahumado y un apartado de cl\u00e1sicos, que anuncia un risotto de semolina con trufa. [<em>La Raz\u00f3n<\/em> (Espa\u00f1a), 4\/6\/2020]<\/li>\n<\/ul>\n\n\n\n<p>Aunque sea un t\u00e9rmino que se haya ido haciendo conocido a lo largo de los a\u00f1os gracias a la creaci\u00f3n de muchos restaurantes japoneses y de fusi\u00f3n por el mundo, como ya se ha podido ver en los ejemplos, hay pocas apariciones en corpus y diccionarios: por un lado, en el CORPES XXI solo encontramos tres entradas donde aparezca <em>uramaki<\/em> y la primera de ellas data del 2020; en CREA no aparece ning\u00fan contexto y en la Fund\u00e9utampoco se ha comentado nada (todav\u00eda) en relaci\u00f3n con esta voz. En cambio, en la base de datos BOBNEO, aparecen algunos registros del t\u00e9rmino, con su primera aparici\u00f3n en 2013. Por otro lado, no aparece en <em>Alvar1<\/em>, <em>Clave<\/em>, <em>DEA<\/em>, <em>DLE23<\/em> ni <em>NEOMM<\/em>, ni tampoco aparece la voz <em>maki<\/em>, que se podr\u00eda considerar que est\u00e1 m\u00e1s extendida y, por ello, podr\u00eda ser interesante que estuviera en un diccionario, ya que a partir del <em>maki<\/em> se forman muchos otros tipos de <em>sushi<\/em>. En los diccionarios de lenguas cercanas, no aparece <em>uramaki<\/em> en el <em>Cambridge Dictionary<\/em>, el <em>Merriam Webster<\/em> o el <em>Oxford English Dictionary<\/em>, aunque en este \u00faltimo s\u00ed que aparece recogida la entrada <em>maki<\/em>. Por lo que respecta al franc\u00e9s, no se encuentra en el <em>Dictionnaire de l\u2019Acad\u00e9mie fran\u00e7aise<\/em>, <em>Le Robert Dico<\/em>, <em>Larousse<\/em> o <em>Le Dictionnaire<\/em>, aunque en estos tres \u00faltimos vuelve a aparecer recogida <em>maki<\/em>. En italiano, alem\u00e1n y catal\u00e1n, en el <em>Vocabolario Treccani<\/em>, el <em>Dizionario Hoepli della lingua italiana<\/em>, el <em>Duden<\/em> o el <em>Gran diccionari de la llengua catalana<\/em> tampoco aparece repertoriada.<\/p>\n\n\n\n<p>En definitiva, se puede ver que <em>uramaki<\/em> es una voz que se utiliza de manera creciente en nuestra sociedad debido al arraigo de los restaurantes japoneses en otras ciudades del mundo y de la expansi\u00f3n que ha tenido este plato. Por eso, pese a su reciente aparici\u00f3n en nuestra lengua, es una palabra de uso en aumento, por lo que deber\u00eda estar recogida en los diccionarios.<\/p>\n\n\n\n<p>S\u00edlvia Bravo Vidal<br>Universitat Pompeu Fabra (Espa\u00f1a)<\/p>\n","protected":false},"excerpt":{"rendered":"<p>En los \u00faltimos tiempos, la comida asi\u00e1tica se ha extendido por el mundo y lo ha hecho para quedarse, y no es extra\u00f1o pasear por las calles de la mayor\u00eda de ciudades y ver alg\u00fan que otro restaurante japon\u00e9s o chino. Es por eso por lo que el uso de t\u00e9rminos que se refieren a platos de este tipo de cocina se est\u00e1 haciendo m\u00e1s usual en los hablares de todo el mundo, tal y como ya se ha podido ver con el uso en aumento de los t\u00e9rminos <em>nigiri<\/em>, <em>tataki<\/em>, <em>ramen<\/em> o <em>umami<\/em>. Por tanto, no es de extra\u00f1ar que el t\u00e9rmino <em>uramaki<\/em> sea tambi\u00e9n conocido ya en todos los continentes.<\/p>\n","protected":false},"author":1,"featured_media":12611,"comment_status":"open","ping_status":"open","sticky":false,"template":"","format":"standard","meta":{"_mi_skip_tracking":false,"_s2mail":""},"categories":[20,262,274],"tags":[],"yoast_head":"<!-- This site is optimized with the Yoast SEO plugin v20.6 - https:\/\/yoast.com\/wordpress\/plugins\/seo\/ -->\n<title>CVC. Uramaki | Martes Neol\u00f3gico<\/title>\n<meta name=\"description\" content=\"Art\u00edculo sobre el neologismo \u00aburamaki\u00bb, dentro del blog Martes Neol\u00f3gico del Centro Virtual Cervantes.\" \/>\n<meta name=\"robots\" content=\"index, follow, max-snippet:-1, max-image-preview:large, max-video-preview:-1\" \/>\n<link rel=\"canonical\" href=\"https:\/\/blogscvc.cervantes.es\/martes-neologico\/uramaki\/\" \/>\n<meta property=\"og:locale\" content=\"es_ES\" \/>\n<meta property=\"og:type\" content=\"article\" \/>\n<meta property=\"og:title\" content=\"CVC. Uramaki | Martes Neol\u00f3gico\" \/>\n<meta property=\"og:description\" content=\"Art\u00edculo sobre el neologismo \u00aburamaki\u00bb, dentro del blog Martes Neol\u00f3gico del Centro Virtual Cervantes.\" \/>\n<meta property=\"og:url\" content=\"https:\/\/blogscvc.cervantes.es\/martes-neologico\/uramaki\/\" \/>\n<meta property=\"og:site_name\" content=\"Martes Neol\u00f3gico\" \/>\n<meta property=\"article:published_time\" content=\"2024-12-03T05:00:00+00:00\" \/>\n<meta property=\"article:modified_time\" content=\"2025-08-01T08:13:34+00:00\" \/>\n<meta property=\"og:image\" content=\"http:\/\/blogscvc.cervantes.es\/martes-neologico\/wp-content\/uploads\/sites\/2\/2024\/12\/uramaki_350.jpg\" \/>\n\t<meta property=\"og:image:width\" content=\"750\" \/>\n\t<meta property=\"og:image:height\" content=\"350\" \/>\n\t<meta property=\"og:image:type\" content=\"image\/jpeg\" \/>\n<meta name=\"author\" content=\"admin\" \/>\n<meta name=\"twitter:card\" content=\"summary_large_image\" \/>\n<meta name=\"twitter:label1\" content=\"Escrito por\" \/>\n\t<meta name=\"twitter:data1\" content=\"admin\" \/>\n\t<meta name=\"twitter:label2\" content=\"Tiempo de lectura\" \/>\n\t<meta name=\"twitter:data2\" content=\"5 minutos\" \/>\n<script type=\"application\/ld+json\" class=\"yoast-schema-graph\">{\"@context\":\"https:\/\/schema.org\",\"@graph\":[{\"@type\":\"Article\",\"@id\":\"https:\/\/blogscvc.cervantes.es\/martes-neologico\/uramaki\/#article\",\"isPartOf\":{\"@id\":\"https:\/\/blogscvc.cervantes.es\/martes-neologico\/uramaki\/\"},\"author\":{\"name\":\"admin\",\"@id\":\"https:\/\/blogscvc.cervantes.es\/martes-neologico\/#\/schema\/person\/7e2fd26f886f53b1b2e81721d23acc47\"},\"headline\":\"uramaki m.\",\"datePublished\":\"2024-12-03T05:00:00+00:00\",\"dateModified\":\"2025-08-01T08:13:34+00:00\",\"mainEntityOfPage\":{\"@id\":\"https:\/\/blogscvc.cervantes.es\/martes-neologico\/uramaki\/\"},\"wordCount\":983,\"commentCount\":0,\"publisher\":{\"@id\":\"https:\/\/blogscvc.cervantes.es\/martes-neologico\/#organization\"},\"articleSection\":[\"gastronom\u00eda\",\"japon\u00e9s\",\"pr\u00e9stamo\"],\"inLanguage\":\"es\",\"potentialAction\":[{\"@type\":\"CommentAction\",\"name\":\"Comment\",\"target\":[\"https:\/\/blogscvc.cervantes.es\/martes-neologico\/uramaki\/#respond\"]}]},{\"@type\":\"WebPage\",\"@id\":\"https:\/\/blogscvc.cervantes.es\/martes-neologico\/uramaki\/\",\"url\":\"https:\/\/blogscvc.cervantes.es\/martes-neologico\/uramaki\/\",\"name\":\"CVC. Uramaki | Martes Neol\u00f3gico\",\"isPartOf\":{\"@id\":\"https:\/\/blogscvc.cervantes.es\/martes-neologico\/#website\"},\"datePublished\":\"2024-12-03T05:00:00+00:00\",\"dateModified\":\"2025-08-01T08:13:34+00:00\",\"description\":\"Art\u00edculo sobre el neologismo \u00aburamaki\u00bb, dentro del blog Martes Neol\u00f3gico del Centro Virtual Cervantes.\",\"breadcrumb\":{\"@id\":\"https:\/\/blogscvc.cervantes.es\/martes-neologico\/uramaki\/#breadcrumb\"},\"inLanguage\":\"es\",\"potentialAction\":[{\"@type\":\"ReadAction\",\"target\":[\"https:\/\/blogscvc.cervantes.es\/martes-neologico\/uramaki\/\"]}]},{\"@type\":\"BreadcrumbList\",\"@id\":\"https:\/\/blogscvc.cervantes.es\/martes-neologico\/uramaki\/#breadcrumb\",\"itemListElement\":[{\"@type\":\"ListItem\",\"position\":1,\"name\":\"Portada\",\"item\":\"https:\/\/blogscvc.cervantes.es\/martes-neologico\/\"},{\"@type\":\"ListItem\",\"position\":2,\"name\":\"uramaki m.\"}]},{\"@type\":\"WebSite\",\"@id\":\"https:\/\/blogscvc.cervantes.es\/martes-neologico\/#website\",\"url\":\"https:\/\/blogscvc.cervantes.es\/martes-neologico\/\",\"name\":\"Martes Neol\u00f3gico\",\"description\":\"Cada martes, una palabra nueva que podr\u00eda estar en el diccionario\",\"publisher\":{\"@id\":\"https:\/\/blogscvc.cervantes.es\/martes-neologico\/#organization\"},\"potentialAction\":[{\"@type\":\"SearchAction\",\"target\":{\"@type\":\"EntryPoint\",\"urlTemplate\":\"https:\/\/blogscvc.cervantes.es\/martes-neologico\/?s={search_term_string}\"},\"query-input\":\"required name=search_term_string\"}],\"inLanguage\":\"es\"},{\"@type\":\"Organization\",\"@id\":\"https:\/\/blogscvc.cervantes.es\/martes-neologico\/#organization\",\"name\":\"Martes Neol\u00f3gico\",\"url\":\"https:\/\/blogscvc.cervantes.es\/martes-neologico\/\",\"logo\":{\"@type\":\"ImageObject\",\"inLanguage\":\"es\",\"@id\":\"https:\/\/blogscvc.cervantes.es\/martes-neologico\/#\/schema\/logo\/image\/\",\"url\":\"https:\/\/blogscvc.cervantes.es\/martes-neologico\/wp-content\/uploads\/sites\/2\/2025\/10\/logo-martes-neologico-10-anos.png\",\"contentUrl\":\"https:\/\/blogscvc.cervantes.es\/martes-neologico\/wp-content\/uploads\/sites\/2\/2025\/10\/logo-martes-neologico-10-anos.png\",\"width\":300,\"height\":100,\"caption\":\"Martes Neol\u00f3gico\"},\"image\":{\"@id\":\"https:\/\/blogscvc.cervantes.es\/martes-neologico\/#\/schema\/logo\/image\/\"}},{\"@type\":\"Person\",\"@id\":\"https:\/\/blogscvc.cervantes.es\/martes-neologico\/#\/schema\/person\/7e2fd26f886f53b1b2e81721d23acc47\",\"name\":\"admin\",\"image\":{\"@type\":\"ImageObject\",\"inLanguage\":\"es\",\"@id\":\"https:\/\/blogscvc.cervantes.es\/martes-neologico\/#\/schema\/person\/image\/\",\"url\":\"https:\/\/secure.gravatar.com\/avatar\/c4b6a365b64e607f3d2ecd9620a7675a?s=96&d=mm&r=g\",\"contentUrl\":\"https:\/\/secure.gravatar.com\/avatar\/c4b6a365b64e607f3d2ecd9620a7675a?s=96&d=mm&r=g\",\"caption\":\"admin\"},\"url\":\"https:\/\/blogscvc.cervantes.es\/martes-neologico\/author\/admin\/\"}]}<\/script>\n<!-- \/ Yoast SEO plugin. -->","yoast_head_json":{"title":"CVC. Uramaki | Martes Neol\u00f3gico","description":"Art\u00edculo sobre el neologismo \u00aburamaki\u00bb, dentro del blog Martes Neol\u00f3gico del Centro Virtual Cervantes.","robots":{"index":"index","follow":"follow","max-snippet":"max-snippet:-1","max-image-preview":"max-image-preview:large","max-video-preview":"max-video-preview:-1"},"canonical":"https:\/\/blogscvc.cervantes.es\/martes-neologico\/uramaki\/","og_locale":"es_ES","og_type":"article","og_title":"CVC. Uramaki | Martes Neol\u00f3gico","og_description":"Art\u00edculo sobre el neologismo \u00aburamaki\u00bb, dentro del blog Martes Neol\u00f3gico del Centro Virtual Cervantes.","og_url":"https:\/\/blogscvc.cervantes.es\/martes-neologico\/uramaki\/","og_site_name":"Martes Neol\u00f3gico","article_published_time":"2024-12-03T05:00:00+00:00","article_modified_time":"2025-08-01T08:13:34+00:00","og_image":[{"width":750,"height":350,"url":"http:\/\/blogscvc.cervantes.es\/martes-neologico\/wp-content\/uploads\/sites\/2\/2024\/12\/uramaki_350.jpg","type":"image\/jpeg"}],"author":"admin","twitter_card":"summary_large_image","twitter_misc":{"Escrito por":"admin","Tiempo de lectura":"5 minutos"},"schema":{"@context":"https:\/\/schema.org","@graph":[{"@type":"Article","@id":"https:\/\/blogscvc.cervantes.es\/martes-neologico\/uramaki\/#article","isPartOf":{"@id":"https:\/\/blogscvc.cervantes.es\/martes-neologico\/uramaki\/"},"author":{"name":"admin","@id":"https:\/\/blogscvc.cervantes.es\/martes-neologico\/#\/schema\/person\/7e2fd26f886f53b1b2e81721d23acc47"},"headline":"uramaki m.","datePublished":"2024-12-03T05:00:00+00:00","dateModified":"2025-08-01T08:13:34+00:00","mainEntityOfPage":{"@id":"https:\/\/blogscvc.cervantes.es\/martes-neologico\/uramaki\/"},"wordCount":983,"commentCount":0,"publisher":{"@id":"https:\/\/blogscvc.cervantes.es\/martes-neologico\/#organization"},"articleSection":["gastronom\u00eda","japon\u00e9s","pr\u00e9stamo"],"inLanguage":"es","potentialAction":[{"@type":"CommentAction","name":"Comment","target":["https:\/\/blogscvc.cervantes.es\/martes-neologico\/uramaki\/#respond"]}]},{"@type":"WebPage","@id":"https:\/\/blogscvc.cervantes.es\/martes-neologico\/uramaki\/","url":"https:\/\/blogscvc.cervantes.es\/martes-neologico\/uramaki\/","name":"CVC. Uramaki | Martes Neol\u00f3gico","isPartOf":{"@id":"https:\/\/blogscvc.cervantes.es\/martes-neologico\/#website"},"datePublished":"2024-12-03T05:00:00+00:00","dateModified":"2025-08-01T08:13:34+00:00","description":"Art\u00edculo sobre el neologismo \u00aburamaki\u00bb, dentro del blog Martes Neol\u00f3gico del Centro Virtual Cervantes.","breadcrumb":{"@id":"https:\/\/blogscvc.cervantes.es\/martes-neologico\/uramaki\/#breadcrumb"},"inLanguage":"es","potentialAction":[{"@type":"ReadAction","target":["https:\/\/blogscvc.cervantes.es\/martes-neologico\/uramaki\/"]}]},{"@type":"BreadcrumbList","@id":"https:\/\/blogscvc.cervantes.es\/martes-neologico\/uramaki\/#breadcrumb","itemListElement":[{"@type":"ListItem","position":1,"name":"Portada","item":"https:\/\/blogscvc.cervantes.es\/martes-neologico\/"},{"@type":"ListItem","position":2,"name":"uramaki m."}]},{"@type":"WebSite","@id":"https:\/\/blogscvc.cervantes.es\/martes-neologico\/#website","url":"https:\/\/blogscvc.cervantes.es\/martes-neologico\/","name":"Martes Neol\u00f3gico","description":"Cada martes, una palabra nueva que podr\u00eda estar en el diccionario","publisher":{"@id":"https:\/\/blogscvc.cervantes.es\/martes-neologico\/#organization"},"potentialAction":[{"@type":"SearchAction","target":{"@type":"EntryPoint","urlTemplate":"https:\/\/blogscvc.cervantes.es\/martes-neologico\/?s={search_term_string}"},"query-input":"required name=search_term_string"}],"inLanguage":"es"},{"@type":"Organization","@id":"https:\/\/blogscvc.cervantes.es\/martes-neologico\/#organization","name":"Martes Neol\u00f3gico","url":"https:\/\/blogscvc.cervantes.es\/martes-neologico\/","logo":{"@type":"ImageObject","inLanguage":"es","@id":"https:\/\/blogscvc.cervantes.es\/martes-neologico\/#\/schema\/logo\/image\/","url":"https:\/\/blogscvc.cervantes.es\/martes-neologico\/wp-content\/uploads\/sites\/2\/2025\/10\/logo-martes-neologico-10-anos.png","contentUrl":"https:\/\/blogscvc.cervantes.es\/martes-neologico\/wp-content\/uploads\/sites\/2\/2025\/10\/logo-martes-neologico-10-anos.png","width":300,"height":100,"caption":"Martes Neol\u00f3gico"},"image":{"@id":"https:\/\/blogscvc.cervantes.es\/martes-neologico\/#\/schema\/logo\/image\/"}},{"@type":"Person","@id":"https:\/\/blogscvc.cervantes.es\/martes-neologico\/#\/schema\/person\/7e2fd26f886f53b1b2e81721d23acc47","name":"admin","image":{"@type":"ImageObject","inLanguage":"es","@id":"https:\/\/blogscvc.cervantes.es\/martes-neologico\/#\/schema\/person\/image\/","url":"https:\/\/secure.gravatar.com\/avatar\/c4b6a365b64e607f3d2ecd9620a7675a?s=96&d=mm&r=g","contentUrl":"https:\/\/secure.gravatar.com\/avatar\/c4b6a365b64e607f3d2ecd9620a7675a?s=96&d=mm&r=g","caption":"admin"},"url":"https:\/\/blogscvc.cervantes.es\/martes-neologico\/author\/admin\/"}]}},"_links":{"self":[{"href":"https:\/\/blogscvc.cervantes.es\/martes-neologico\/wp-json\/wp\/v2\/posts\/12602"}],"collection":[{"href":"https:\/\/blogscvc.cervantes.es\/martes-neologico\/wp-json\/wp\/v2\/posts"}],"about":[{"href":"https:\/\/blogscvc.cervantes.es\/martes-neologico\/wp-json\/wp\/v2\/types\/post"}],"author":[{"embeddable":true,"href":"https:\/\/blogscvc.cervantes.es\/martes-neologico\/wp-json\/wp\/v2\/users\/1"}],"replies":[{"embeddable":true,"href":"https:\/\/blogscvc.cervantes.es\/martes-neologico\/wp-json\/wp\/v2\/comments?post=12602"}],"version-history":[{"count":4,"href":"https:\/\/blogscvc.cervantes.es\/martes-neologico\/wp-json\/wp\/v2\/posts\/12602\/revisions"}],"predecessor-version":[{"id":12626,"href":"https:\/\/blogscvc.cervantes.es\/martes-neologico\/wp-json\/wp\/v2\/posts\/12602\/revisions\/12626"}],"wp:featuredmedia":[{"embeddable":true,"href":"https:\/\/blogscvc.cervantes.es\/martes-neologico\/wp-json\/wp\/v2\/media\/12611"}],"wp:attachment":[{"href":"https:\/\/blogscvc.cervantes.es\/martes-neologico\/wp-json\/wp\/v2\/media?parent=12602"}],"wp:term":[{"taxonomy":"category","embeddable":true,"href":"https:\/\/blogscvc.cervantes.es\/martes-neologico\/wp-json\/wp\/v2\/categories?post=12602"},{"taxonomy":"post_tag","embeddable":true,"href":"https:\/\/blogscvc.cervantes.es\/martes-neologico\/wp-json\/wp\/v2\/tags?post=12602"}],"curies":[{"name":"wp","href":"https:\/\/api.w.org\/{rel}","templated":true}]}}