{"id":12959,"date":"2025-05-20T07:00:00","date_gmt":"2025-05-20T05:00:00","guid":{"rendered":"https:\/\/blogscvc.cervantes.es\/martes-neologico\/?p=12959"},"modified":"2025-05-23T08:46:44","modified_gmt":"2025-05-23T06:46:44","slug":"ovodonacion","status":"publish","type":"post","link":"https:\/\/blogscvc.cervantes.es\/martes-neologico\/ovodonacion\/","title":{"rendered":"ovodonaci\u00f3n <em>f.<\/em>"},"content":{"rendered":"\n<p>Las t\u00e9cnicas de reproducci\u00f3n asistida se llevan usando desde los a\u00f1os setenta del siglo <span class=\"versalitas\">xx<\/span>. Desde entonces, se han desarrollado los diferentes m\u00e9todos existentes para llevar a cabo procedimientos como la fecundaci\u00f3n <em>in vitro<\/em> o la inseminaci\u00f3n artificial. La mayor\u00eda de las personas que recurren a estos tratamientos lo hacen porque, por varios motivos, no pueden quedarse embarazadas de forma natural; lo cual significa que en su mayor\u00eda son parejas inf\u00e9rtiles o que padecen alguna condici\u00f3n que les imposibilita el embarazo. Otro tipo de usuarios son las personas con problemas gen\u00e9ticos o las parejas de personas no gestantes. La soluci\u00f3n para las personas inf\u00e9rtiles y las no gestantes es la <em>ovodonaci\u00f3n<\/em>:<\/p>\n\n\n<figure class=\"wp-block-image size-large is-style-default\"><a href=\"http:\/\/blogscvc.cervantes.es\/martes-neologico\/wp-content\/uploads\/sites\/2\/2025\/05\/ovodonacion_500.jpg\"><img decoding=\"async\" class=\"wp-image-7916\" src=\"http:\/\/blogscvc.cervantes.es\/martes-neologico\/wp-content\/uploads\/sites\/2\/2025\/05\/ovodonacion_500.jpg\" alt=\"[ilustraci\u00f3n] espermatozoides desliz\u00e1ndose hacia un \u00f3vulo\"><\/a><figcaption>Steffen Erbe (Pixabay)<\/figcaption><\/figure>\n\n\n<ul>\n<li>De hecho, en estos nuevos t\u00e9rminos en los que empieza a discurrir la conversaci\u00f3n sobre la infertilidad y sobre la <strong>ovodonaci\u00f3n<\/strong>, incluso muchas gestantes receptoras son conscientes de esta situaci\u00f3n. [<em>La Vanguardia <\/em>(Espa\u00f1a), 16\/9\/2023]<\/li>\n\n\n\n<li>El director del Departamento de Medicina Reproductiva y del Programa de Donaci\u00f3n de Gametas de CEGyR a\u00f1adi\u00f3 que la <strong>ovodonaci\u00f3n<\/strong> tambi\u00e9n se utiliza en mujeres con problemas gen\u00e9ticos, hombres que buscan formar una familia monoparental y parejas de hombres. [<em>Clar\u00edn <\/em>(Argentina), 9\/6\/2023]<\/li>\n<\/ul>\n\n\n\n<p>Este procedimiento consiste en la donaci\u00f3n voluntaria de \u00f3vulos por parte de mujeres sanas. Podemos encontrar definiciones de esta palabra en obras generales o especializadas en el \u00e1mbito m\u00e9dico. Por ejemplo, el <em>Diccionario de neologismos del espa\u00f1ol actual<\/em> de la Universidad de Murcia, que define el t\u00e9rmino como \u00abdonaci\u00f3n de \u00f3vulos de una mujer a otra para que esta \u00faltima pueda gestar un embri\u00f3n mediante una t\u00e9cnica de reproducci\u00f3n asistida\u00bb, o el <em>Diccionario de t\u00e9rminos m\u00e9dicos<\/em> de la Real Academia Nacional de Medicina de Espa\u00f1a, que lo define como \u00abdonaci\u00f3n de ovocitos para usarlos en t\u00e9cnicas de reproducci\u00f3n asistida\u00bb. Adem\u00e1s, existen algunos sin\u00f3nimos para denominar este concepto como <em>donaci\u00f3n de ovocitos<\/em> o <em>donaci\u00f3n de \u00f3vulos<\/em>, construcciones sintagm\u00e1ticas que constituyen la definici\u00f3n misma del t\u00e9rmino.<\/p>\n\n\n\n<p>Esta palabra se ha formado por composici\u00f3n h\u00edbrida a partir de un formante culto inicial a\u00f1adido a una base patrimonial, que en este caso es un sustantivo deverbal. El formante en cuesti\u00f3n es <em>ovo-<\/em>, del lat\u00edn ovum, que significa \u2018huevo\u2019, y en este caso se refiere concretamente a los \u00f3vulos o gametos femeninos. Este prefijo se une al sustantivo <em>donaci\u00f3n<\/em>, que, seg\u00fan el <em>DLE23<\/em>, significa \u00abacci\u00f3n y efecto de donar\u00bb o \u00abliberalidad de alguien que transmite gratuitamente algo que le pertenece a favor de otra persona que lo acepta\u00bb. Por lo tanto, el significado del t\u00e9rmino <em>ovodonaci\u00f3n<\/em> se adquiere directamente de los significados de las partes que lo conforman.<\/p>\n\n\n\n<p>Respecto al uso de esta palabra entre los hablantes del espa\u00f1ol, el Corpus del Espa\u00f1ol del Siglo XXI (CORPES XXI) ofrece estad\u00edsticas que nos permiten estudiar tanto la frecuencia de uso como su distribuci\u00f3n geogr\u00e1fica. El t\u00e9rmino se empieza a extender en el siglo <span class=\"versalitas\">xxi<\/span>, especialmente a partir de 2010, con la popularizaci\u00f3n del proceso en s\u00ed. No obstante, la <em>ovodonaci\u00f3n<\/em> se practica desde los a\u00f1os ochenta, cuando se dio el primer caso exitoso de embarazo con <em>ovodonaci\u00f3n<\/em> y, en la reproducci\u00f3n de animales, incluso antes: la primera transferencia exitosa de \u00f3vulos fertilizados se llev\u00f3 a cabo en conejos en el a\u00f1o 1890, a partir de un experimento dirigido por el embri\u00f3logo brit\u00e1nico Walter Heape.<\/p>\n\n\n\n<p>En cuanto a la distribuci\u00f3n geogr\u00e1fica de la palabra <em>ovodonaci\u00f3n<\/em>, los datos del CORPES indican que el uso se reparte de forma bastante homog\u00e9nea a lo largo del territorio de habla hispana, as\u00ed que la encontramos en medios de comunicaci\u00f3n tanto espa\u00f1oles como latinoamericanos:<\/p>\n\n\n\n<ul>\n<li>La inmensa mayor\u00eda de los casos de mujeres populares o conocidas de los que tenemos noticias que han sido madres en torno a los 45 a\u00f1os lo han sido gracias a la reproducci\u00f3n asistida y, normalmente, por medio de la <strong>ovodonaci\u00f3n<\/strong>. [<em>La Opini\u00f3n de Zamora <\/em>(Espa\u00f1a), 21\/6\/2015]<\/li>\n\n\n\n<li>La <strong>ovodonaci\u00f3n<\/strong> implica una confrontaci\u00f3n con la falta, la falla, el no poder, como as\u00ed tambi\u00e9n con las diferencias, ya que hay genes que no son propios y probablemente no habr\u00e1 parecido f\u00edsico con los hijos. [<em>P\u00e1gina12 <\/em>(Argentina), 17\/6\/2016]<\/li>\n\n\n\n<li>En el \u00e1mbito nacional existe una prohibici\u00f3n a la fecundaci\u00f3n extracorp\u00f3rea con \u00f3vulo de cedente <strong>ovodonaci\u00f3n<\/strong>, a la transferencia de embri\u00f3n ajeno (embriodonaci\u00f3n) y a los servicios de gestaci\u00f3n subrogada (maternidad portadora). [<em>El Comercio <\/em>(Per\u00fa), 22\/12\/2006]<\/li>\n<\/ul>\n\n\n\n<p>Teniendo en cuenta que el diccionario no contempla ninguna de las expresiones sin\u00f3nimas de <em>ovodonaci\u00f3n<\/em>, su importancia en el \u00e1mbito de la reproducci\u00f3n asistida y que se trata de un t\u00e9rmino de uso extendido, ser\u00eda oportuna la consideraci\u00f3n de incluir esta palabra en el diccionario.<\/p>\n\n\n\n<p>Laura Rodr\u00edguez Condeminas<br>Observatori de Neologia<br>Universitat Pompeu Fabra (Espa\u00f1a)<\/p>\n","protected":false},"excerpt":{"rendered":"<p>Las t\u00e9cnicas de reproducci\u00f3n asistida se llevan usando desde los a\u00f1os setenta del siglo <span class=\"versalitas\">xx<\/span>. Desde entonces, se han desarrollado los diferentes m\u00e9todos existentes para llevar a cabo procedimientos como la fecundaci\u00f3n <em>in vitro<\/em> o la inseminaci\u00f3n artificial. La mayor\u00eda de las personas que recurren a estos tratamientos lo hacen porque, por varios motivos, no pueden quedarse embarazadas de forma natural; lo cual significa que en su mayor\u00eda son parejas inf\u00e9rtiles o que padecen alguna condici\u00f3n que les imposibilita el embarazo. Otro tipo de usuarios son las personas con problemas gen\u00e9ticos o las parejas de personas no gestantes. La soluci\u00f3n para las personas inf\u00e9rtiles y las no gestantes es la <em>ovodonaci\u00f3n<\/em>.<\/p>\n","protected":false},"author":1,"featured_media":12962,"comment_status":"open","ping_status":"open","sticky":false,"template":"","format":"standard","meta":{"_mi_skip_tracking":false,"_s2mail":""},"categories":[197,161],"tags":[],"yoast_head":"<!-- This site is optimized with the Yoast SEO plugin v20.6 - https:\/\/yoast.com\/wordpress\/plugins\/seo\/ -->\n<title>CVC. Ovodonaci\u00f3n | Martes Neol\u00f3gico<\/title>\n<meta name=\"description\" content=\"Art\u00edculo sobre el neologismo \u00abovodonaci\u00f3n\u00bb, dentro del blog Martes Neol\u00f3gico del Centro Virtual Cervantes.\" \/>\n<meta name=\"robots\" content=\"index, follow, max-snippet:-1, max-image-preview:large, max-video-preview:-1\" \/>\n<link rel=\"canonical\" href=\"https:\/\/blogscvc.cervantes.es\/martes-neologico\/ovodonacion\/\" \/>\n<meta property=\"og:locale\" content=\"es_ES\" \/>\n<meta property=\"og:type\" content=\"article\" \/>\n<meta property=\"og:title\" content=\"CVC. Ovodonaci\u00f3n | Martes Neol\u00f3gico\" \/>\n<meta property=\"og:description\" content=\"Art\u00edculo sobre el neologismo \u00abovodonaci\u00f3n\u00bb, dentro del blog Martes Neol\u00f3gico del Centro Virtual Cervantes.\" \/>\n<meta property=\"og:url\" content=\"https:\/\/blogscvc.cervantes.es\/martes-neologico\/ovodonacion\/\" \/>\n<meta property=\"og:site_name\" content=\"Martes Neol\u00f3gico\" \/>\n<meta property=\"article:published_time\" content=\"2025-05-20T05:00:00+00:00\" \/>\n<meta property=\"article:modified_time\" content=\"2025-05-23T06:46:44+00:00\" \/>\n<meta property=\"og:image\" content=\"http:\/\/blogscvc.cervantes.es\/martes-neologico\/wp-content\/uploads\/sites\/2\/2025\/05\/ovodonacion_350.jpg\" \/>\n\t<meta property=\"og:image:width\" content=\"750\" \/>\n\t<meta property=\"og:image:height\" content=\"350\" \/>\n\t<meta property=\"og:image:type\" content=\"image\/jpeg\" \/>\n<meta name=\"author\" content=\"admin\" \/>\n<meta name=\"twitter:card\" content=\"summary_large_image\" \/>\n<meta name=\"twitter:label1\" content=\"Escrito por\" \/>\n\t<meta name=\"twitter:data1\" content=\"admin\" \/>\n\t<meta name=\"twitter:label2\" content=\"Tiempo de lectura\" \/>\n\t<meta name=\"twitter:data2\" content=\"4 minutos\" \/>\n<script type=\"application\/ld+json\" class=\"yoast-schema-graph\">{\"@context\":\"https:\/\/schema.org\",\"@graph\":[{\"@type\":\"Article\",\"@id\":\"https:\/\/blogscvc.cervantes.es\/martes-neologico\/ovodonacion\/#article\",\"isPartOf\":{\"@id\":\"https:\/\/blogscvc.cervantes.es\/martes-neologico\/ovodonacion\/\"},\"author\":{\"name\":\"admin\",\"@id\":\"https:\/\/blogscvc.cervantes.es\/martes-neologico\/#\/schema\/person\/7e2fd26f886f53b1b2e81721d23acc47\"},\"headline\":\"ovodonaci\u00f3n f.\",\"datePublished\":\"2025-05-20T05:00:00+00:00\",\"dateModified\":\"2025-05-23T06:46:44+00:00\",\"mainEntityOfPage\":{\"@id\":\"https:\/\/blogscvc.cervantes.es\/martes-neologico\/ovodonacion\/\"},\"wordCount\":854,\"commentCount\":0,\"publisher\":{\"@id\":\"https:\/\/blogscvc.cervantes.es\/martes-neologico\/#organization\"},\"articleSection\":[\"composici\u00f3n h\u00edbrida\",\"medicina\"],\"inLanguage\":\"es\",\"potentialAction\":[{\"@type\":\"CommentAction\",\"name\":\"Comment\",\"target\":[\"https:\/\/blogscvc.cervantes.es\/martes-neologico\/ovodonacion\/#respond\"]}]},{\"@type\":\"WebPage\",\"@id\":\"https:\/\/blogscvc.cervantes.es\/martes-neologico\/ovodonacion\/\",\"url\":\"https:\/\/blogscvc.cervantes.es\/martes-neologico\/ovodonacion\/\",\"name\":\"CVC. Ovodonaci\u00f3n | Martes Neol\u00f3gico\",\"isPartOf\":{\"@id\":\"https:\/\/blogscvc.cervantes.es\/martes-neologico\/#website\"},\"datePublished\":\"2025-05-20T05:00:00+00:00\",\"dateModified\":\"2025-05-23T06:46:44+00:00\",\"description\":\"Art\u00edculo sobre el neologismo \u00abovodonaci\u00f3n\u00bb, dentro del blog Martes Neol\u00f3gico del Centro Virtual Cervantes.\",\"breadcrumb\":{\"@id\":\"https:\/\/blogscvc.cervantes.es\/martes-neologico\/ovodonacion\/#breadcrumb\"},\"inLanguage\":\"es\",\"potentialAction\":[{\"@type\":\"ReadAction\",\"target\":[\"https:\/\/blogscvc.cervantes.es\/martes-neologico\/ovodonacion\/\"]}]},{\"@type\":\"BreadcrumbList\",\"@id\":\"https:\/\/blogscvc.cervantes.es\/martes-neologico\/ovodonacion\/#breadcrumb\",\"itemListElement\":[{\"@type\":\"ListItem\",\"position\":1,\"name\":\"Portada\",\"item\":\"https:\/\/blogscvc.cervantes.es\/martes-neologico\/\"},{\"@type\":\"ListItem\",\"position\":2,\"name\":\"ovodonaci\u00f3n f.\"}]},{\"@type\":\"WebSite\",\"@id\":\"https:\/\/blogscvc.cervantes.es\/martes-neologico\/#website\",\"url\":\"https:\/\/blogscvc.cervantes.es\/martes-neologico\/\",\"name\":\"Martes Neol\u00f3gico\",\"description\":\"Cada martes, una palabra nueva que podr\u00eda estar en el diccionario\",\"publisher\":{\"@id\":\"https:\/\/blogscvc.cervantes.es\/martes-neologico\/#organization\"},\"potentialAction\":[{\"@type\":\"SearchAction\",\"target\":{\"@type\":\"EntryPoint\",\"urlTemplate\":\"https:\/\/blogscvc.cervantes.es\/martes-neologico\/?s={search_term_string}\"},\"query-input\":\"required name=search_term_string\"}],\"inLanguage\":\"es\"},{\"@type\":\"Organization\",\"@id\":\"https:\/\/blogscvc.cervantes.es\/martes-neologico\/#organization\",\"name\":\"Martes Neol\u00f3gico\",\"url\":\"https:\/\/blogscvc.cervantes.es\/martes-neologico\/\",\"logo\":{\"@type\":\"ImageObject\",\"inLanguage\":\"es\",\"@id\":\"https:\/\/blogscvc.cervantes.es\/martes-neologico\/#\/schema\/logo\/image\/\",\"url\":\"https:\/\/blogscvc.cervantes.es\/martes-neologico\/wp-content\/uploads\/sites\/2\/2025\/10\/logo-martes-neologico-10-anos.png\",\"contentUrl\":\"https:\/\/blogscvc.cervantes.es\/martes-neologico\/wp-content\/uploads\/sites\/2\/2025\/10\/logo-martes-neologico-10-anos.png\",\"width\":300,\"height\":100,\"caption\":\"Martes Neol\u00f3gico\"},\"image\":{\"@id\":\"https:\/\/blogscvc.cervantes.es\/martes-neologico\/#\/schema\/logo\/image\/\"}},{\"@type\":\"Person\",\"@id\":\"https:\/\/blogscvc.cervantes.es\/martes-neologico\/#\/schema\/person\/7e2fd26f886f53b1b2e81721d23acc47\",\"name\":\"admin\",\"image\":{\"@type\":\"ImageObject\",\"inLanguage\":\"es\",\"@id\":\"https:\/\/blogscvc.cervantes.es\/martes-neologico\/#\/schema\/person\/image\/\",\"url\":\"https:\/\/secure.gravatar.com\/avatar\/c4b6a365b64e607f3d2ecd9620a7675a?s=96&d=mm&r=g\",\"contentUrl\":\"https:\/\/secure.gravatar.com\/avatar\/c4b6a365b64e607f3d2ecd9620a7675a?s=96&d=mm&r=g\",\"caption\":\"admin\"},\"url\":\"https:\/\/blogscvc.cervantes.es\/martes-neologico\/author\/admin\/\"}]}<\/script>\n<!-- \/ Yoast SEO plugin. -->","yoast_head_json":{"title":"CVC. Ovodonaci\u00f3n | Martes Neol\u00f3gico","description":"Art\u00edculo sobre el neologismo \u00abovodonaci\u00f3n\u00bb, dentro del blog Martes Neol\u00f3gico del Centro Virtual Cervantes.","robots":{"index":"index","follow":"follow","max-snippet":"max-snippet:-1","max-image-preview":"max-image-preview:large","max-video-preview":"max-video-preview:-1"},"canonical":"https:\/\/blogscvc.cervantes.es\/martes-neologico\/ovodonacion\/","og_locale":"es_ES","og_type":"article","og_title":"CVC. Ovodonaci\u00f3n | Martes Neol\u00f3gico","og_description":"Art\u00edculo sobre el neologismo \u00abovodonaci\u00f3n\u00bb, dentro del blog Martes Neol\u00f3gico del Centro Virtual Cervantes.","og_url":"https:\/\/blogscvc.cervantes.es\/martes-neologico\/ovodonacion\/","og_site_name":"Martes Neol\u00f3gico","article_published_time":"2025-05-20T05:00:00+00:00","article_modified_time":"2025-05-23T06:46:44+00:00","og_image":[{"width":750,"height":350,"url":"http:\/\/blogscvc.cervantes.es\/martes-neologico\/wp-content\/uploads\/sites\/2\/2025\/05\/ovodonacion_350.jpg","type":"image\/jpeg"}],"author":"admin","twitter_card":"summary_large_image","twitter_misc":{"Escrito por":"admin","Tiempo de lectura":"4 minutos"},"schema":{"@context":"https:\/\/schema.org","@graph":[{"@type":"Article","@id":"https:\/\/blogscvc.cervantes.es\/martes-neologico\/ovodonacion\/#article","isPartOf":{"@id":"https:\/\/blogscvc.cervantes.es\/martes-neologico\/ovodonacion\/"},"author":{"name":"admin","@id":"https:\/\/blogscvc.cervantes.es\/martes-neologico\/#\/schema\/person\/7e2fd26f886f53b1b2e81721d23acc47"},"headline":"ovodonaci\u00f3n f.","datePublished":"2025-05-20T05:00:00+00:00","dateModified":"2025-05-23T06:46:44+00:00","mainEntityOfPage":{"@id":"https:\/\/blogscvc.cervantes.es\/martes-neologico\/ovodonacion\/"},"wordCount":854,"commentCount":0,"publisher":{"@id":"https:\/\/blogscvc.cervantes.es\/martes-neologico\/#organization"},"articleSection":["composici\u00f3n h\u00edbrida","medicina"],"inLanguage":"es","potentialAction":[{"@type":"CommentAction","name":"Comment","target":["https:\/\/blogscvc.cervantes.es\/martes-neologico\/ovodonacion\/#respond"]}]},{"@type":"WebPage","@id":"https:\/\/blogscvc.cervantes.es\/martes-neologico\/ovodonacion\/","url":"https:\/\/blogscvc.cervantes.es\/martes-neologico\/ovodonacion\/","name":"CVC. Ovodonaci\u00f3n | Martes Neol\u00f3gico","isPartOf":{"@id":"https:\/\/blogscvc.cervantes.es\/martes-neologico\/#website"},"datePublished":"2025-05-20T05:00:00+00:00","dateModified":"2025-05-23T06:46:44+00:00","description":"Art\u00edculo sobre el neologismo \u00abovodonaci\u00f3n\u00bb, dentro del blog Martes Neol\u00f3gico del Centro Virtual Cervantes.","breadcrumb":{"@id":"https:\/\/blogscvc.cervantes.es\/martes-neologico\/ovodonacion\/#breadcrumb"},"inLanguage":"es","potentialAction":[{"@type":"ReadAction","target":["https:\/\/blogscvc.cervantes.es\/martes-neologico\/ovodonacion\/"]}]},{"@type":"BreadcrumbList","@id":"https:\/\/blogscvc.cervantes.es\/martes-neologico\/ovodonacion\/#breadcrumb","itemListElement":[{"@type":"ListItem","position":1,"name":"Portada","item":"https:\/\/blogscvc.cervantes.es\/martes-neologico\/"},{"@type":"ListItem","position":2,"name":"ovodonaci\u00f3n f."}]},{"@type":"WebSite","@id":"https:\/\/blogscvc.cervantes.es\/martes-neologico\/#website","url":"https:\/\/blogscvc.cervantes.es\/martes-neologico\/","name":"Martes Neol\u00f3gico","description":"Cada martes, una palabra nueva que podr\u00eda estar en el diccionario","publisher":{"@id":"https:\/\/blogscvc.cervantes.es\/martes-neologico\/#organization"},"potentialAction":[{"@type":"SearchAction","target":{"@type":"EntryPoint","urlTemplate":"https:\/\/blogscvc.cervantes.es\/martes-neologico\/?s={search_term_string}"},"query-input":"required name=search_term_string"}],"inLanguage":"es"},{"@type":"Organization","@id":"https:\/\/blogscvc.cervantes.es\/martes-neologico\/#organization","name":"Martes Neol\u00f3gico","url":"https:\/\/blogscvc.cervantes.es\/martes-neologico\/","logo":{"@type":"ImageObject","inLanguage":"es","@id":"https:\/\/blogscvc.cervantes.es\/martes-neologico\/#\/schema\/logo\/image\/","url":"https:\/\/blogscvc.cervantes.es\/martes-neologico\/wp-content\/uploads\/sites\/2\/2025\/10\/logo-martes-neologico-10-anos.png","contentUrl":"https:\/\/blogscvc.cervantes.es\/martes-neologico\/wp-content\/uploads\/sites\/2\/2025\/10\/logo-martes-neologico-10-anos.png","width":300,"height":100,"caption":"Martes Neol\u00f3gico"},"image":{"@id":"https:\/\/blogscvc.cervantes.es\/martes-neologico\/#\/schema\/logo\/image\/"}},{"@type":"Person","@id":"https:\/\/blogscvc.cervantes.es\/martes-neologico\/#\/schema\/person\/7e2fd26f886f53b1b2e81721d23acc47","name":"admin","image":{"@type":"ImageObject","inLanguage":"es","@id":"https:\/\/blogscvc.cervantes.es\/martes-neologico\/#\/schema\/person\/image\/","url":"https:\/\/secure.gravatar.com\/avatar\/c4b6a365b64e607f3d2ecd9620a7675a?s=96&d=mm&r=g","contentUrl":"https:\/\/secure.gravatar.com\/avatar\/c4b6a365b64e607f3d2ecd9620a7675a?s=96&d=mm&r=g","caption":"admin"},"url":"https:\/\/blogscvc.cervantes.es\/martes-neologico\/author\/admin\/"}]}},"_links":{"self":[{"href":"https:\/\/blogscvc.cervantes.es\/martes-neologico\/wp-json\/wp\/v2\/posts\/12959"}],"collection":[{"href":"https:\/\/blogscvc.cervantes.es\/martes-neologico\/wp-json\/wp\/v2\/posts"}],"about":[{"href":"https:\/\/blogscvc.cervantes.es\/martes-neologico\/wp-json\/wp\/v2\/types\/post"}],"author":[{"embeddable":true,"href":"https:\/\/blogscvc.cervantes.es\/martes-neologico\/wp-json\/wp\/v2\/users\/1"}],"replies":[{"embeddable":true,"href":"https:\/\/blogscvc.cervantes.es\/martes-neologico\/wp-json\/wp\/v2\/comments?post=12959"}],"version-history":[{"count":4,"href":"https:\/\/blogscvc.cervantes.es\/martes-neologico\/wp-json\/wp\/v2\/posts\/12959\/revisions"}],"predecessor-version":[{"id":13031,"href":"https:\/\/blogscvc.cervantes.es\/martes-neologico\/wp-json\/wp\/v2\/posts\/12959\/revisions\/13031"}],"wp:featuredmedia":[{"embeddable":true,"href":"https:\/\/blogscvc.cervantes.es\/martes-neologico\/wp-json\/wp\/v2\/media\/12962"}],"wp:attachment":[{"href":"https:\/\/blogscvc.cervantes.es\/martes-neologico\/wp-json\/wp\/v2\/media?parent=12959"}],"wp:term":[{"taxonomy":"category","embeddable":true,"href":"https:\/\/blogscvc.cervantes.es\/martes-neologico\/wp-json\/wp\/v2\/categories?post=12959"},{"taxonomy":"post_tag","embeddable":true,"href":"https:\/\/blogscvc.cervantes.es\/martes-neologico\/wp-json\/wp\/v2\/tags?post=12959"}],"curies":[{"name":"wp","href":"https:\/\/api.w.org\/{rel}","templated":true}]}}