{"id":13040,"date":"2025-06-03T07:00:00","date_gmt":"2025-06-03T05:00:00","guid":{"rendered":"https:\/\/blogscvc.cervantes.es\/martes-neologico\/?p=13040"},"modified":"2025-07-30T14:26:08","modified_gmt":"2025-07-30T12:26:08","slug":"focaccia","status":"publish","type":"post","link":"https:\/\/blogscvc.cervantes.es\/martes-neologico\/focaccia\/","title":{"rendered":"focaccia <em>f.<\/em>"},"content":{"rendered":"\n<p>Si algo une a las diferentes culturas que se extienden a lo largo y ancho del mar Mediterr\u00e1neo es la pasi\u00f3n por el pan. Ingrediente que no puede faltar en la mesa, el pan es un s\u00edmbolo arraigado de identidad y tradici\u00f3n y en ocasiones de religi\u00f3n, que ha tejido historias a lo largo de las generaciones. La <em>focaccia<\/em>,en esencia, es un pan plano, elaborado con harina de trigo, aceite de oliva y sal, aunque en ocasiones tambi\u00e9n se le a\u00f1aden hierbas arom\u00e1ticas, aceitunas o tomates. Su textura es \u00fanica, una mezcla de esponjosidad y firmeza que se derrite en la boca con cada bocado y ha conquistado paladares en todo el mundo. Esta voz proviene, seg\u00fan el <em>Grande dizionario italiano dell\u2019uso <\/em>de De Mauro,<em> <\/em>del lat\u00edn focacius que significa \u2018cocido bajo las cenizas\u2019 y se define como \u00abespecie de pan de forma delgada y plana condimentado con aceite u otros ingredientes y cocido al horno\u00bb.<\/p>\n\n\n<figure class=\"wp-block-image size-large is-style-default\"><a href=\"http:\/\/blogscvc.cervantes.es\/martes-neologico\/wp-content\/uploads\/sites\/2\/2025\/05\/focaccia_500.jpg\"><img decoding=\"async\" class=\"wp-image-7916\" src=\"http:\/\/blogscvc.cervantes.es\/martes-neologico\/wp-content\/uploads\/sites\/2\/2025\/05\/focaccia_500.jpg\" alt=\"[fotograf\u00eda] primer plano de una focaccia cortada en cuadritos, junto a queso, prosciutto y verduras para bruscettas\"><\/a><figcaption>Jonathan Borba (Pexels)<\/figcaption><\/figure>\n\n\n<p>La <em>focaccia <\/em>tiene sus ra\u00edces en las soleadas tierras italianas, donde la tradici\u00f3n culinaria es tan rica como la historia que la envuelve. Se cree que este pan se origin\u00f3 en la regi\u00f3n de Liguria, en la costa noroeste de Italia, donde el aceite de oliva fluye como oro l\u00edquido y las hierbas perfuman el aire. La magia de la <em>focaccia <\/em>reside en su versatilidad y simplicidad y, gracias a estas dos caracter\u00edsticas, se ha convertido en el lienzo perfecto para la creatividad culinaria y es base y acompa\u00f1ante de muchos platos. Este hecho la ha convertido en un elemento indispensable en los men\u00fas de infinidad de restaurantes de todo el mundo. Por este motivo puede sorprender la ausencia casi total del t\u00e9rmino <em>focaccia<\/em> en diccionarios tanto de uso como de neologismos, incluyendo tambi\u00e9n diccionarios especializados en las variedades del espa\u00f1ol.<\/p>\n\n\n\n<p>Parece ser que son los lexic\u00f3grafos de la lengua espa\u00f1ola los que se est\u00e1n quedando atr\u00e1s en la inclusi\u00f3n de la voz <em>focaccia <\/em>en sus ejemplares, puesto que s\u00ed se encuentra en diccionarios de lenguas afines, como en el <em>Oxford Dictionary, Cambridge Dictionary<\/em> o en el <em>Dictionnaire de fran\u00e7ais Larousse<\/em><em> <\/em>que define la focaccia<em> como <\/em>\u2018pan plano de corteza fina, aromatizado con aceite de oliva y hierbas arom\u00e1ticas (salvia, romero), a veces con jam\u00f3n, tomates, etc. (especialidad italiana)\u2019.<\/p>\n\n\n\n<p>Pese al letargo de los lexic\u00f3grafos espa\u00f1oles, la palabra <em>focaccia<\/em> lleva presente en nuestro vocabulario casi un cuarto de siglo, desde que en 1999 apareci\u00f3 por primera vez en escritos gastron\u00f3micos en Argentina. Este neologismo se ha incorporado a la lengua espa\u00f1ola sin sufrir ning\u00fan tipo de estandarizaci\u00f3n, por lo tanto, como indica la Fundaci\u00f3n del Espa\u00f1ol Urgente, debe mantenerse <em>focaccia <\/em>en cursiva, ya que el neologismo adaptado <em>focacha<\/em> carece de uso. La adaptaci\u00f3n o estandarizaci\u00f3n de los pr\u00e9stamos ling\u00fc\u00edsticos a la ortograf\u00eda de la lengua receptora, en este caso el espa\u00f1ol, depende de muchos factores relacionados con las circunstancias bajo las que se incorpora el t\u00e9rmino, pero dos factores fundamentales son el tiempo y el uso. Podemos pensar que veinticinco a\u00f1os, en t\u00e9rminos de lengua, es un periodo muy corto de tiempo, y que este es el motivo por el cual la palabra <em>focaccia<\/em> a\u00fan no se ha estandarizado a la ortograf\u00eda espa\u00f1ola, a diferencia de palabras como <em>capuchino<\/em>, cuya primera aparici\u00f3n es datada por el corpus CREA en 1976. Pero la necesidad de tiempo va ligada a la frecuencia de uso de una determinada palabra. Se podr\u00eda considerar que a m\u00e1s uso menos necesidad de tiempo requiere la adaptaci\u00f3n ortogr\u00e1fica de un neologismo y en el caso de <em>focaccia<\/em> parece ser que a\u00fan es necesario m\u00e1s tiempo.<\/p>\n\n\n\n<p>Conociendo los lazos hist\u00f3ricos entre Italia y Argentina, no resulta sorprendente que la primera muestra del uso de <em>focaccia<\/em> se d\u00e9 en Argentina a finales del siglo XX, seg\u00fan el corpus CREA escrito de la Real Academia Espa\u00f1ola:<\/p>\n\n\n\n<ul>\n<li>[&#8230;] 24 rebanadas delgadas de <strong>focaccia <\/strong>Queso Philadelphia para untar 2 quesos camembert no muy maduros 12 lonjas de jam\u00f3n crudo de buen\u00edsima calidad, sin grasa [&#8230;]. [Botana, Maru (1999). <em>Las recetas de Maru<\/em> (Argentina)]<\/li>\n<\/ul>\n\n\n\n<p>El BOBNEO, la base de datos de los observatorios de neolog\u00eda, tambi\u00e9n recoge el t\u00e9rmino <em>focaccia<\/em> donde se constata que su uso ha ido incrementando hasta la actualidad:<\/p>\n\n\n\n<ul>\n<li>Una baguette o una <strong>focaccia<\/strong> cuesta $ 65. [<em>El Observador <\/em>(Uruguay), 31\/1\/2004]<\/li>\n\n\n\n<li>Los pasajeros del primer vuelo entre las dos ciudades europeas podr\u00e1n disfrutar de las tradicionales<strong> focaccias<\/strong> o bocadillos rellenos. [<em>La Vanguardia <\/em>(Espa\u00f1a), 9\/4\/2007]<\/li>\n\n\n\n<li>La <strong>focaccia <\/strong>de pollo al pesto, sus pastas y s\u00e1ndwiches est\u00e1n entre los m\u00e1s populares. [<em>El Mercurio<\/em> (Chile), 10\/8\/2008]<\/li>\n\n\n\n<li>Cada d\u00eda sirve un men\u00fa diferente de una regi\u00f3n italiana: por ejemplo, una <strong>focaccia<\/strong> \u2014pan plano cubierto con hierbas\u2014 con anchoas blancas, tomates amarillos y alioli de aceite de olivas y hierbas (12 d\u00f3lares), y de plato fuerte, gnocchi con funghi, una pasta de papa con champi\u00f1ones, ajo, tomates y parmesano (19 d\u00f3lares). [<em>El Tiempo<\/em> (Colombia), 21\/6\/2015]<\/li>\n\n\n\n<li>Su variada carta arranca con un amplio cap\u00edtulo de entrantes, desde la mortadella di Bologna tartufata hasta las flores de calabac\u00edn fritas, rellenas con asiago, queso t\u00edpico del norte de Italia, pasando por el vitello tonnato y el culatello, un singular embutido de cerdo, que acompa\u00f1an con <strong>focaccia<\/strong> reci\u00e9n horneada. [<em>El Mundo<\/em> (Espa\u00f1a), 2\/6\/2022]<\/li>\n<\/ul>\n\n\n\n<p>La <em>focaccia<\/em>, en su simplicidad exquisita, ha traspasado fronteras y barreras idiom\u00e1ticas y se ha ganado un lugar en la mesa global. Ha llegado el momento de que los diccionarios de la lengua espa\u00f1ola reconozcan su papel protagonista en la narrativa culinaria contempor\u00e1nea, concedi\u00e9ndole un espacio m\u00e1s que merecido en el repertorio l\u00e9xico de la lengua espa\u00f1ola. En la evoluci\u00f3n de la lengua, <em>focaccia<\/em> no deber\u00eda ser una excepci\u00f3n, m\u00e1s bien, una adici\u00f3n sabrosa y enriquecedora al vocabulario de todos los amantes de la buena mesa.<\/p>\n\n\n\n<p>Bel\u00e9n Cansino<br>M\u00e1ster de Ling\u00fc\u00edstica T\u00e9orica y Aplicada<br>Universitat Pompeu Fabra (Espa\u00f1a)<\/p>\n","protected":false},"excerpt":{"rendered":"<p>Si algo une a las diferentes culturas que se extienden a lo largo y ancho del mar Mediterr\u00e1neo es la pasi\u00f3n por el pan. Ingrediente que no puede faltar en la mesa, el pan es un s\u00edmbolo arraigado de identidad y tradici\u00f3n y en ocasiones de religi\u00f3n, que ha tejido historias a lo largo de las generaciones. La <em>focaccia<\/em>,en esencia, es un pan plano, elaborado con harina de trigo, aceite de oliva y sal, aunque en ocasiones tambi\u00e9n se le a\u00f1aden hierbas arom\u00e1ticas, aceitunas o tomates. Su textura es \u00fanica, una mezcla de esponjosidad y firmeza que se derrite en la boca con cada bocado y ha conquistado paladares en todo el mundo. Esta voz proviene, seg\u00fan el <em>Grande dizionario italiano dell\u2019uso <\/em>de De Mauro,<em> <\/em>del lat\u00edn focacius que significa \u2018cocido bajo las cenizas\u2019 y se define como \u00abespecie de pan de forma delgada y plana condimentado con aceite u otros ingredientes y cocido al horno\u00bb.<\/p>\n","protected":false},"author":1,"featured_media":13043,"comment_status":"open","ping_status":"open","sticky":false,"template":"","format":"standard","meta":{"_mi_skip_tracking":false,"_s2mail":""},"categories":[20,259,274],"tags":[],"yoast_head":"<!-- This site is optimized with the Yoast SEO plugin v20.6 - https:\/\/yoast.com\/wordpress\/plugins\/seo\/ -->\n<title>CVC. Focaccia | Martes Neol\u00f3gico<\/title>\n<meta name=\"description\" content=\"Art\u00edculo sobre el neologismo \u00abfocaccia\u00bb, dentro del blog Martes Neol\u00f3gico del Centro Virtual Cervantes.\" \/>\n<meta name=\"robots\" content=\"index, follow, max-snippet:-1, max-image-preview:large, max-video-preview:-1\" \/>\n<link rel=\"canonical\" href=\"https:\/\/blogscvc.cervantes.es\/martes-neologico\/focaccia\/\" \/>\n<meta property=\"og:locale\" content=\"es_ES\" \/>\n<meta property=\"og:type\" content=\"article\" \/>\n<meta property=\"og:title\" content=\"CVC. Focaccia | Martes Neol\u00f3gico\" \/>\n<meta property=\"og:description\" content=\"Art\u00edculo sobre el neologismo \u00abfocaccia\u00bb, dentro del blog Martes Neol\u00f3gico del Centro Virtual Cervantes.\" \/>\n<meta property=\"og:url\" content=\"https:\/\/blogscvc.cervantes.es\/martes-neologico\/focaccia\/\" \/>\n<meta property=\"og:site_name\" content=\"Martes Neol\u00f3gico\" \/>\n<meta property=\"article:published_time\" content=\"2025-06-03T05:00:00+00:00\" \/>\n<meta property=\"article:modified_time\" content=\"2025-07-30T12:26:08+00:00\" \/>\n<meta property=\"og:image\" content=\"http:\/\/blogscvc.cervantes.es\/martes-neologico\/wp-content\/uploads\/sites\/2\/2025\/05\/focaccia_350.jpg\" \/>\n\t<meta property=\"og:image:width\" content=\"750\" \/>\n\t<meta property=\"og:image:height\" content=\"350\" \/>\n\t<meta property=\"og:image:type\" content=\"image\/jpeg\" \/>\n<meta name=\"author\" content=\"admin\" \/>\n<meta name=\"twitter:card\" content=\"summary_large_image\" \/>\n<meta name=\"twitter:label1\" content=\"Escrito por\" \/>\n\t<meta name=\"twitter:data1\" content=\"admin\" \/>\n\t<meta name=\"twitter:label2\" content=\"Tiempo de lectura\" \/>\n\t<meta name=\"twitter:data2\" content=\"5 minutos\" \/>\n<script type=\"application\/ld+json\" class=\"yoast-schema-graph\">{\"@context\":\"https:\/\/schema.org\",\"@graph\":[{\"@type\":\"Article\",\"@id\":\"https:\/\/blogscvc.cervantes.es\/martes-neologico\/focaccia\/#article\",\"isPartOf\":{\"@id\":\"https:\/\/blogscvc.cervantes.es\/martes-neologico\/focaccia\/\"},\"author\":{\"name\":\"admin\",\"@id\":\"https:\/\/blogscvc.cervantes.es\/martes-neologico\/#\/schema\/person\/7e2fd26f886f53b1b2e81721d23acc47\"},\"headline\":\"focaccia f.\",\"datePublished\":\"2025-06-03T05:00:00+00:00\",\"dateModified\":\"2025-07-30T12:26:08+00:00\",\"mainEntityOfPage\":{\"@id\":\"https:\/\/blogscvc.cervantes.es\/martes-neologico\/focaccia\/\"},\"wordCount\":1042,\"commentCount\":0,\"publisher\":{\"@id\":\"https:\/\/blogscvc.cervantes.es\/martes-neologico\/#organization\"},\"articleSection\":[\"gastronom\u00eda\",\"italiano\",\"pr\u00e9stamo\"],\"inLanguage\":\"es\",\"potentialAction\":[{\"@type\":\"CommentAction\",\"name\":\"Comment\",\"target\":[\"https:\/\/blogscvc.cervantes.es\/martes-neologico\/focaccia\/#respond\"]}]},{\"@type\":\"WebPage\",\"@id\":\"https:\/\/blogscvc.cervantes.es\/martes-neologico\/focaccia\/\",\"url\":\"https:\/\/blogscvc.cervantes.es\/martes-neologico\/focaccia\/\",\"name\":\"CVC. Focaccia | Martes Neol\u00f3gico\",\"isPartOf\":{\"@id\":\"https:\/\/blogscvc.cervantes.es\/martes-neologico\/#website\"},\"datePublished\":\"2025-06-03T05:00:00+00:00\",\"dateModified\":\"2025-07-30T12:26:08+00:00\",\"description\":\"Art\u00edculo sobre el neologismo \u00abfocaccia\u00bb, dentro del blog Martes Neol\u00f3gico del Centro Virtual Cervantes.\",\"breadcrumb\":{\"@id\":\"https:\/\/blogscvc.cervantes.es\/martes-neologico\/focaccia\/#breadcrumb\"},\"inLanguage\":\"es\",\"potentialAction\":[{\"@type\":\"ReadAction\",\"target\":[\"https:\/\/blogscvc.cervantes.es\/martes-neologico\/focaccia\/\"]}]},{\"@type\":\"BreadcrumbList\",\"@id\":\"https:\/\/blogscvc.cervantes.es\/martes-neologico\/focaccia\/#breadcrumb\",\"itemListElement\":[{\"@type\":\"ListItem\",\"position\":1,\"name\":\"Portada\",\"item\":\"https:\/\/blogscvc.cervantes.es\/martes-neologico\/\"},{\"@type\":\"ListItem\",\"position\":2,\"name\":\"focaccia f.\"}]},{\"@type\":\"WebSite\",\"@id\":\"https:\/\/blogscvc.cervantes.es\/martes-neologico\/#website\",\"url\":\"https:\/\/blogscvc.cervantes.es\/martes-neologico\/\",\"name\":\"Martes Neol\u00f3gico\",\"description\":\"Cada martes, una palabra nueva que podr\u00eda estar en el diccionario\",\"publisher\":{\"@id\":\"https:\/\/blogscvc.cervantes.es\/martes-neologico\/#organization\"},\"potentialAction\":[{\"@type\":\"SearchAction\",\"target\":{\"@type\":\"EntryPoint\",\"urlTemplate\":\"https:\/\/blogscvc.cervantes.es\/martes-neologico\/?s={search_term_string}\"},\"query-input\":\"required name=search_term_string\"}],\"inLanguage\":\"es\"},{\"@type\":\"Organization\",\"@id\":\"https:\/\/blogscvc.cervantes.es\/martes-neologico\/#organization\",\"name\":\"Martes Neol\u00f3gico\",\"url\":\"https:\/\/blogscvc.cervantes.es\/martes-neologico\/\",\"logo\":{\"@type\":\"ImageObject\",\"inLanguage\":\"es\",\"@id\":\"https:\/\/blogscvc.cervantes.es\/martes-neologico\/#\/schema\/logo\/image\/\",\"url\":\"https:\/\/blogscvc.cervantes.es\/martes-neologico\/wp-content\/uploads\/sites\/2\/2025\/10\/logo-martes-neologico-10-anos.png\",\"contentUrl\":\"https:\/\/blogscvc.cervantes.es\/martes-neologico\/wp-content\/uploads\/sites\/2\/2025\/10\/logo-martes-neologico-10-anos.png\",\"width\":300,\"height\":100,\"caption\":\"Martes Neol\u00f3gico\"},\"image\":{\"@id\":\"https:\/\/blogscvc.cervantes.es\/martes-neologico\/#\/schema\/logo\/image\/\"}},{\"@type\":\"Person\",\"@id\":\"https:\/\/blogscvc.cervantes.es\/martes-neologico\/#\/schema\/person\/7e2fd26f886f53b1b2e81721d23acc47\",\"name\":\"admin\",\"image\":{\"@type\":\"ImageObject\",\"inLanguage\":\"es\",\"@id\":\"https:\/\/blogscvc.cervantes.es\/martes-neologico\/#\/schema\/person\/image\/\",\"url\":\"https:\/\/secure.gravatar.com\/avatar\/c4b6a365b64e607f3d2ecd9620a7675a?s=96&d=mm&r=g\",\"contentUrl\":\"https:\/\/secure.gravatar.com\/avatar\/c4b6a365b64e607f3d2ecd9620a7675a?s=96&d=mm&r=g\",\"caption\":\"admin\"},\"url\":\"https:\/\/blogscvc.cervantes.es\/martes-neologico\/author\/admin\/\"}]}<\/script>\n<!-- \/ Yoast SEO plugin. -->","yoast_head_json":{"title":"CVC. Focaccia | Martes Neol\u00f3gico","description":"Art\u00edculo sobre el neologismo \u00abfocaccia\u00bb, dentro del blog Martes Neol\u00f3gico del Centro Virtual Cervantes.","robots":{"index":"index","follow":"follow","max-snippet":"max-snippet:-1","max-image-preview":"max-image-preview:large","max-video-preview":"max-video-preview:-1"},"canonical":"https:\/\/blogscvc.cervantes.es\/martes-neologico\/focaccia\/","og_locale":"es_ES","og_type":"article","og_title":"CVC. Focaccia | Martes Neol\u00f3gico","og_description":"Art\u00edculo sobre el neologismo \u00abfocaccia\u00bb, dentro del blog Martes Neol\u00f3gico del Centro Virtual Cervantes.","og_url":"https:\/\/blogscvc.cervantes.es\/martes-neologico\/focaccia\/","og_site_name":"Martes Neol\u00f3gico","article_published_time":"2025-06-03T05:00:00+00:00","article_modified_time":"2025-07-30T12:26:08+00:00","og_image":[{"width":750,"height":350,"url":"http:\/\/blogscvc.cervantes.es\/martes-neologico\/wp-content\/uploads\/sites\/2\/2025\/05\/focaccia_350.jpg","type":"image\/jpeg"}],"author":"admin","twitter_card":"summary_large_image","twitter_misc":{"Escrito por":"admin","Tiempo de lectura":"5 minutos"},"schema":{"@context":"https:\/\/schema.org","@graph":[{"@type":"Article","@id":"https:\/\/blogscvc.cervantes.es\/martes-neologico\/focaccia\/#article","isPartOf":{"@id":"https:\/\/blogscvc.cervantes.es\/martes-neologico\/focaccia\/"},"author":{"name":"admin","@id":"https:\/\/blogscvc.cervantes.es\/martes-neologico\/#\/schema\/person\/7e2fd26f886f53b1b2e81721d23acc47"},"headline":"focaccia f.","datePublished":"2025-06-03T05:00:00+00:00","dateModified":"2025-07-30T12:26:08+00:00","mainEntityOfPage":{"@id":"https:\/\/blogscvc.cervantes.es\/martes-neologico\/focaccia\/"},"wordCount":1042,"commentCount":0,"publisher":{"@id":"https:\/\/blogscvc.cervantes.es\/martes-neologico\/#organization"},"articleSection":["gastronom\u00eda","italiano","pr\u00e9stamo"],"inLanguage":"es","potentialAction":[{"@type":"CommentAction","name":"Comment","target":["https:\/\/blogscvc.cervantes.es\/martes-neologico\/focaccia\/#respond"]}]},{"@type":"WebPage","@id":"https:\/\/blogscvc.cervantes.es\/martes-neologico\/focaccia\/","url":"https:\/\/blogscvc.cervantes.es\/martes-neologico\/focaccia\/","name":"CVC. Focaccia | Martes Neol\u00f3gico","isPartOf":{"@id":"https:\/\/blogscvc.cervantes.es\/martes-neologico\/#website"},"datePublished":"2025-06-03T05:00:00+00:00","dateModified":"2025-07-30T12:26:08+00:00","description":"Art\u00edculo sobre el neologismo \u00abfocaccia\u00bb, dentro del blog Martes Neol\u00f3gico del Centro Virtual Cervantes.","breadcrumb":{"@id":"https:\/\/blogscvc.cervantes.es\/martes-neologico\/focaccia\/#breadcrumb"},"inLanguage":"es","potentialAction":[{"@type":"ReadAction","target":["https:\/\/blogscvc.cervantes.es\/martes-neologico\/focaccia\/"]}]},{"@type":"BreadcrumbList","@id":"https:\/\/blogscvc.cervantes.es\/martes-neologico\/focaccia\/#breadcrumb","itemListElement":[{"@type":"ListItem","position":1,"name":"Portada","item":"https:\/\/blogscvc.cervantes.es\/martes-neologico\/"},{"@type":"ListItem","position":2,"name":"focaccia f."}]},{"@type":"WebSite","@id":"https:\/\/blogscvc.cervantes.es\/martes-neologico\/#website","url":"https:\/\/blogscvc.cervantes.es\/martes-neologico\/","name":"Martes Neol\u00f3gico","description":"Cada martes, una palabra nueva que podr\u00eda estar en el diccionario","publisher":{"@id":"https:\/\/blogscvc.cervantes.es\/martes-neologico\/#organization"},"potentialAction":[{"@type":"SearchAction","target":{"@type":"EntryPoint","urlTemplate":"https:\/\/blogscvc.cervantes.es\/martes-neologico\/?s={search_term_string}"},"query-input":"required name=search_term_string"}],"inLanguage":"es"},{"@type":"Organization","@id":"https:\/\/blogscvc.cervantes.es\/martes-neologico\/#organization","name":"Martes Neol\u00f3gico","url":"https:\/\/blogscvc.cervantes.es\/martes-neologico\/","logo":{"@type":"ImageObject","inLanguage":"es","@id":"https:\/\/blogscvc.cervantes.es\/martes-neologico\/#\/schema\/logo\/image\/","url":"https:\/\/blogscvc.cervantes.es\/martes-neologico\/wp-content\/uploads\/sites\/2\/2025\/10\/logo-martes-neologico-10-anos.png","contentUrl":"https:\/\/blogscvc.cervantes.es\/martes-neologico\/wp-content\/uploads\/sites\/2\/2025\/10\/logo-martes-neologico-10-anos.png","width":300,"height":100,"caption":"Martes Neol\u00f3gico"},"image":{"@id":"https:\/\/blogscvc.cervantes.es\/martes-neologico\/#\/schema\/logo\/image\/"}},{"@type":"Person","@id":"https:\/\/blogscvc.cervantes.es\/martes-neologico\/#\/schema\/person\/7e2fd26f886f53b1b2e81721d23acc47","name":"admin","image":{"@type":"ImageObject","inLanguage":"es","@id":"https:\/\/blogscvc.cervantes.es\/martes-neologico\/#\/schema\/person\/image\/","url":"https:\/\/secure.gravatar.com\/avatar\/c4b6a365b64e607f3d2ecd9620a7675a?s=96&d=mm&r=g","contentUrl":"https:\/\/secure.gravatar.com\/avatar\/c4b6a365b64e607f3d2ecd9620a7675a?s=96&d=mm&r=g","caption":"admin"},"url":"https:\/\/blogscvc.cervantes.es\/martes-neologico\/author\/admin\/"}]}},"_links":{"self":[{"href":"https:\/\/blogscvc.cervantes.es\/martes-neologico\/wp-json\/wp\/v2\/posts\/13040"}],"collection":[{"href":"https:\/\/blogscvc.cervantes.es\/martes-neologico\/wp-json\/wp\/v2\/posts"}],"about":[{"href":"https:\/\/blogscvc.cervantes.es\/martes-neologico\/wp-json\/wp\/v2\/types\/post"}],"author":[{"embeddable":true,"href":"https:\/\/blogscvc.cervantes.es\/martes-neologico\/wp-json\/wp\/v2\/users\/1"}],"replies":[{"embeddable":true,"href":"https:\/\/blogscvc.cervantes.es\/martes-neologico\/wp-json\/wp\/v2\/comments?post=13040"}],"version-history":[{"count":2,"href":"https:\/\/blogscvc.cervantes.es\/martes-neologico\/wp-json\/wp\/v2\/posts\/13040\/revisions"}],"predecessor-version":[{"id":13052,"href":"https:\/\/blogscvc.cervantes.es\/martes-neologico\/wp-json\/wp\/v2\/posts\/13040\/revisions\/13052"}],"wp:featuredmedia":[{"embeddable":true,"href":"https:\/\/blogscvc.cervantes.es\/martes-neologico\/wp-json\/wp\/v2\/media\/13043"}],"wp:attachment":[{"href":"https:\/\/blogscvc.cervantes.es\/martes-neologico\/wp-json\/wp\/v2\/media?parent=13040"}],"wp:term":[{"taxonomy":"category","embeddable":true,"href":"https:\/\/blogscvc.cervantes.es\/martes-neologico\/wp-json\/wp\/v2\/categories?post=13040"},{"taxonomy":"post_tag","embeddable":true,"href":"https:\/\/blogscvc.cervantes.es\/martes-neologico\/wp-json\/wp\/v2\/tags?post=13040"}],"curies":[{"name":"wp","href":"https:\/\/api.w.org\/{rel}","templated":true}]}}