{"id":13138,"date":"2025-07-15T07:00:00","date_gmt":"2025-07-15T05:00:00","guid":{"rendered":"https:\/\/blogscvc.cervantes.es\/martes-neologico\/?p=13138"},"modified":"2025-08-01T12:50:41","modified_gmt":"2025-08-01T10:50:41","slug":"abrir-el-melon","status":"publish","type":"post","link":"https:\/\/blogscvc.cervantes.es\/martes-neologico\/abrir-el-melon\/","title":{"rendered":"abrir el mel\u00f3n <em>loc. v.<\/em>"},"content":{"rendered":"\n<p>Por azares de la norma hay combinaciones l\u00e9xicas habitualizadas, sintagmas menos libres que otros, en la medida en que los vocablos coaparecen con frecuencia. Son las llamadas \u00abcolocaciones\u00bb. Una unidad (la \u00abbase\u00bb) selecciona a la otra (el \u00abcolocativo\u00bb), que, normalmente, adquiere un sentido espec\u00edfico o esencialmente ponderativo, seg\u00fan los casos (ruido infernal, acariciar una idea, conciliar el sue\u00f1o, pegar un grito, etc.), por m\u00e1s que, en algunas ocasiones, su descodificaci\u00f3n sea a\u00fan m\u00e1s transparente, cuando hablamos de relaciones de tipicidad, como ocurre con abrir (o cerrar) una ventana, tocar el piano o abrir el mel\u00f3n. Todas estas combinaciones semiestables se encuadran en la llamada \u00abprimera esfera fraseol\u00f3gica\u00bb, frente a la segunda, las locuciones, caracterizadas por su idiomaticidad, es decir, el significado de la unidad lexicalizada no puede deducirse sumando el de sus componentes. Esto ocurre porque adquieren un sentido metaf\u00f3rico. En efecto, es relativamente habitual que, sobre todo cuando el colocativo es un verbo de movimiento, las colocaciones con tipicidad relacional lleguen a tener un uso figurado y devengan en locuciones verbales. Este es el caso de <em>abrir el mel\u00f3n<\/em>.<\/p>\n\n\n<figure class=\"wp-block-image size-large is-style-default\"><a href=\"http:\/\/blogscvc.cervantes.es\/martes-neologico\/wp-content\/uploads\/sites\/2\/2025\/07\/abrir_el_melon_500.jpg\"><img decoding=\"async\" class=\"wp-image-7916\" src=\"http:\/\/blogscvc.cervantes.es\/martes-neologico\/wp-content\/uploads\/sites\/2\/2025\/07\/abrir_el_melon_500.jpg\" alt=\"[Fotograf\u00eda] gajos cortados de mel\u00f3n sobre una fuente\"><\/a><figcaption>Kaboompics (Pexels)<\/figcaption><\/figure>\n\n\n<p>Sabemos, como indicaban los cognitivistas, que nuestra experiencia del mundo, el conocimiento de todo lo que nos rodea, lo tangible, nos sirve para expresar ideas m\u00e1s abstractas. Resulta com\u00fan, en ese sentido, recurrir a acciones asiduas en nuestra vida dom\u00e9stica, entre las que ocupan un lugar importante los h\u00e1bitos alimenticios. Salvo que conozcamos trucos para saber si un mel\u00f3n est\u00e1 suficientemente maduro y dulce, tocando la textura de la corteza o d\u00e1ndole peque\u00f1os golpes, lo normal es que lo descubramos cuando lo abrimos. De ah\u00ed que, de forma traslaticia, se use la expresi\u00f3n para aludir al abordaje de un determinado asunto, generalmente complejo, que, precisamente por su dificultad, se suele posponer (matiz que habitualmente olvidan los escasos repertorios que la catalogan). Esto no significa que el resultado no pueda ser satisfactorio, frente a lo que ocurre con <em>abrir la caja de Pandora<\/em>, locuci\u00f3n verbal que se ha propuesto, en m\u00e1s de una ocasi\u00f3n, como sustituta, al considerarse m\u00e1s \u00abformal\u00bb. Incluso se ha recurrido a ella al estar formalizada tambi\u00e9n en otros idiomas, como el franc\u00e9s, en el proceso de traducci\u00f3n. La mitolog\u00eda griega nos cuenta que cuando la considerada primera mujer, como la Eva b\u00edblica, levant\u00f3 la tapa que conten\u00eda el recipiente salieron todos los males de la humanidad. Sin embargo, abordar un tema espinoso no tiene por qu\u00e9 dar lugar a consecuencias infaustas. Del mismo modo, la expresi\u00f3n inglesa <em>open a can of worms<\/em> (\u2018abrir una lata de gusanos), tambi\u00e9n utilizada como equivalente, abunda en el indicado final aciago que no tiene que estar presente en la locuci\u00f3n espa\u00f1ola.<\/p>\n\n\n\n<p>Los repertorios biling\u00fces consultados no incluyen <em>abrir el mel\u00f3n<\/em>. Tampoco figura en el <em>DLE<\/em>, ni en la mayor\u00eda de los inventarios espa\u00f1oles no acad\u00e9micos, salvo en<em> Alvar<\/em> (\u00abTocar o sondear a una persona o a un conjunto de ellas\u00bb), con dos citas period\u00edsticas, la m\u00e1s antigua correspondiente al a\u00f1o 1994, y en el <em>DEA<\/em> (\u00abEmpezar el asunto de que se trata\u00bb), donde no aparece el matiz antes indicado, aunque est\u00e1 presente en las contextualizaciones. Curiosamente, en este \u00faltimo repertorio se recurre al mismo texto recogido en el CREA, extra\u00eddo de las memorias del desparecido periodista Emilio Romero, publicadas en 1985. BOBNEO solo recoge dos ejemplos, uno correspondiente a 1991 y otro a 2020, ambos pertenecientes al espa\u00f1ol europeo. Por su parte, de los cincuenta y tres casos localizados en CORPES con esta locuci\u00f3n uno se registra en Argentina y el resto, en Espa\u00f1a.<\/p>\n\n\n\n<p>Podr\u00edamos poner en entredicho que se etiquete esta expresi\u00f3n como coloquial, pues aparece en textos muy diversos, no solo period\u00edsticos, sino en ensayos de diferente \u00edndole, muchos de ellos de car\u00e1cter cient\u00edfico, as\u00ed como en el discurso pol\u00edtico. Seg\u00fan nuestros datos, se constata su empleo generalizado, desde hace tiempo, tanto en Espa\u00f1a como en distintos pa\u00edses hispanoamericanos, no solamente Argentina:<\/p>\n\n\n\n<ul>\n<li>Pedro Cruz Villal\u00f3n (Sevilla, 1946) forma con Miguel Rodr\u00edguez-Pi\u00f1ero Bravo-Ferrer y Manuel Jim\u00e9nez de Parga Cabrera el tr\u00edo de andaluces que ha tenido el honor de presidir el Tribunal Constitucional (\u00e9l lo hizo entre 1998 y 2001). Catedr\u00e1tico de Derecho Constitucional de la Universidad Aut\u00f3noma de Madrid y consejero de Estado, mantiene que la sentencia de 1997 sobre la Ley del Suelo \u00abno <strong>abri\u00f3 el mel\u00f3n<\/strong> confederal\u00bb. [<em>Diario de Sevilla <\/em>(Espa\u00f1a), 7\/12\/2008]<\/li>\n\n\n\n<li>El cansancio de los \u00faltimos minutos <strong>abri\u00f3 el mel\u00f3n<\/strong> defensivo luxemburgu\u00e9s y Francia lleg\u00f3 m\u00e1s pero con poco peligro. Otra jugada aislada, una internada por la izquierda de Rib\u00e9ry permiti\u00f3 a Gourcuff lograr el segundo tanto desde el borde del \u00e1rea. [<em>El Informador<\/em> (M\u00e9xico), 25\/3\/2011]<\/li>\n\n\n\n<li>Es tradici\u00f3n demencial que conviene recordar en descargo de los que hoy se muestran refractarios a <strong>abrir el mel\u00f3n<\/strong> del T\u00edtulo VIII, ese \u00abdesastre sin paliativos\u00bb en palabras del mismo Mu\u00f1oz Machado. No obstante, la obstinada reticencia a tocar el n\u00facleo duro de la Carta Magna pudiera llegar a ser algo tan fr\u00edvolo e irresponsable como el cerril h\u00e1bito iconoclasta que pretende exorcizar. [<em>ABC<\/em> (Espa\u00f1a), 6\/1\/2013]<\/li>\n\n\n\n<li>A\u00f1os m\u00e1s tarde, hace aproximadamente una d\u00e9cada, BlackBerry se <strong>abri\u00f3 el mel\u00f3n<\/strong> de la gesti\u00f3n corporativa de la movilidad y se hizo l\u00edder en un \u00e1mbito, en donde \u00aba\u00fan quedan muchas cuestiones que resolver\u00bb y en donde esta empresa \u00abpuede dar mucho que hablar todav\u00eda\u00bb. [<em>Am\u00e9rica Econom\u00eda<\/em> (Chile), 30\/5\/2014]<\/li>\n\n\n\n<li>Desde el punto de vista material, la prostituci\u00f3n est\u00e1 tan imbricada en las desigualdades sociales que cuando se <strong>abre<\/strong> este <em><strong>mel\u00f3n<\/strong><\/em> hay que dar cuenta de que la mayor\u00eda de las personas en prostituci\u00f3n son mujeres (incluidas trans) migradas, muchas de ellas en situaci\u00f3n administrativa irregular. [<em>elDiario.es<\/em> (Espa\u00f1a), 8\/6\/2022]<\/li>\n\n\n\n<li>Una de las personas que <strong>abri\u00f3 el mel\u00f3n<\/strong> de la necesidad e idoneidad del lenguaje inclusivo fue la ling\u00fcista recientemente fallecida Carme Junyent. [<em>Clar\u00edn<\/em> (Argentina), 25\/10\/2023]<\/li>\n\n\n\n<li>La ministra niega un acuerdo para compensar a autonom\u00edas infrafinanciadas y dice que los territorios del PP rechazaron una propuesta similar en el CPFF. S\u00ed <strong>abrir\u00e1 el mel\u00f3n<\/strong> de la deuda pactado con ERC. [<em>El Confidencial<\/em> (Espa\u00f1a), 25\/1\/2024]<\/li>\n<\/ul>\n\n\n\n<p>Desde hace m\u00e1s de tres d\u00e9cadas se documenta, por lo tanto, esta unidad fraseol\u00f3gica, no necesariamente circunscrita a registros de distensi\u00f3n comunicativa, con suficiente frecuencia y dispersi\u00f3n, por lo que ser\u00eda conveniente que los diccionarios, tambi\u00e9n el acad\u00e9mico, se plantearan su sanci\u00f3n lexicogr\u00e1fica.<\/p>\n\n\n\n<p>Juan Manuel Garc\u00eda Platero<br>Universidad de Sevilla (Espa\u00f1a)<\/p>\n","protected":false},"excerpt":{"rendered":"<p>Por azares de la norma hay combinaciones l\u00e9xicas habitualizadas, sintagmas menos libres que otros, en la medida en que los vocablos coaparecen con frecuencia. Son las llamadas \u00abcolocaciones\u00bb. Una unidad (la \u00abbase\u00bb) selecciona a la otra (el \u00abcolocativo\u00bb), que, normalmente, adquiere un sentido espec\u00edfico o esencialmente ponderativo, seg\u00fan los casos (ruido infernal, acariciar una idea, conciliar el sue\u00f1o, pegar un grito, etc.), por m\u00e1s que, en algunas ocasiones, su descodificaci\u00f3n sea a\u00fan m\u00e1s transparente, cuando hablamos de relaciones de tipicidad, como ocurre con abrir (o cerrar) una ventana, tocar el piano o abrir el mel\u00f3n. Todas estas combinaciones semiestables se encuadran en la llamada \u00abprimera esfera fraseol\u00f3gica\u00bb, frente a la segunda, las locuciones, caracterizadas por su idiomaticidad, es decir, el significado de la unidad lexicalizada no puede deducirse sumando el de sus componentes. Esto ocurre porque adquieren un sentido metaf\u00f3rico. En efecto, es relativamente habitual que, sobre todo cuando el colocativo es un verbo de movimiento, las colocaciones con tipicidad relacional lleguen a tener un uso figurado y devengan en locuciones verbales. Este es el caso de <em>abrir el mel\u00f3n<\/em>.<\/p>\n","protected":false},"author":1,"featured_media":13144,"comment_status":"open","ping_status":"open","sticky":false,"template":"","format":"standard","meta":{"_mi_skip_tracking":false,"_s2mail":""},"categories":[44,5],"tags":[],"yoast_head":"<!-- This site is optimized with the Yoast SEO plugin v20.6 - https:\/\/yoast.com\/wordpress\/plugins\/seo\/ -->\n<title>CVC. Abrir el mel\u00f3n | Martes Neol\u00f3gico<\/title>\n<meta name=\"description\" content=\"Art\u00edculo sobre la expresi\u00f3n neol\u00f3gica \u00ababrir el mel\u00f3n\u00bb, dentro del blog Martes Neol\u00f3gico del Centro Virtual Cervantes.\" \/>\n<meta name=\"robots\" content=\"index, follow, max-snippet:-1, max-image-preview:large, max-video-preview:-1\" \/>\n<link rel=\"canonical\" href=\"https:\/\/blogscvc.cervantes.es\/martes-neologico\/abrir-el-melon\/\" \/>\n<meta property=\"og:locale\" content=\"es_ES\" \/>\n<meta property=\"og:type\" content=\"article\" \/>\n<meta property=\"og:title\" content=\"CVC. Abrir el mel\u00f3n | Martes Neol\u00f3gico\" \/>\n<meta property=\"og:description\" content=\"Art\u00edculo sobre la expresi\u00f3n neol\u00f3gica \u00ababrir el mel\u00f3n\u00bb, dentro del blog Martes Neol\u00f3gico del Centro Virtual Cervantes.\" \/>\n<meta property=\"og:url\" content=\"https:\/\/blogscvc.cervantes.es\/martes-neologico\/abrir-el-melon\/\" \/>\n<meta property=\"og:site_name\" content=\"Martes Neol\u00f3gico\" \/>\n<meta property=\"article:published_time\" content=\"2025-07-15T05:00:00+00:00\" \/>\n<meta property=\"article:modified_time\" content=\"2025-08-01T10:50:41+00:00\" \/>\n<meta property=\"og:image\" content=\"http:\/\/blogscvc.cervantes.es\/martes-neologico\/wp-content\/uploads\/sites\/2\/2025\/07\/abrir_el_melon_350.jpg\" \/>\n\t<meta property=\"og:image:width\" content=\"750\" \/>\n\t<meta property=\"og:image:height\" content=\"350\" \/>\n\t<meta property=\"og:image:type\" content=\"image\/jpeg\" \/>\n<meta name=\"author\" content=\"admin\" \/>\n<meta name=\"twitter:card\" content=\"summary_large_image\" \/>\n<meta name=\"twitter:label1\" content=\"Escrito por\" \/>\n\t<meta name=\"twitter:data1\" content=\"admin\" \/>\n\t<meta name=\"twitter:label2\" content=\"Tiempo de lectura\" \/>\n\t<meta name=\"twitter:data2\" content=\"5 minutos\" \/>\n<script type=\"application\/ld+json\" class=\"yoast-schema-graph\">{\"@context\":\"https:\/\/schema.org\",\"@graph\":[{\"@type\":\"Article\",\"@id\":\"https:\/\/blogscvc.cervantes.es\/martes-neologico\/abrir-el-melon\/#article\",\"isPartOf\":{\"@id\":\"https:\/\/blogscvc.cervantes.es\/martes-neologico\/abrir-el-melon\/\"},\"author\":{\"name\":\"admin\",\"@id\":\"https:\/\/blogscvc.cervantes.es\/martes-neologico\/#\/schema\/person\/7e2fd26f886f53b1b2e81721d23acc47\"},\"headline\":\"abrir el mel\u00f3n loc. v.\",\"datePublished\":\"2025-07-15T05:00:00+00:00\",\"dateModified\":\"2025-08-01T10:50:41+00:00\",\"mainEntityOfPage\":{\"@id\":\"https:\/\/blogscvc.cervantes.es\/martes-neologico\/abrir-el-melon\/\"},\"wordCount\":1143,\"commentCount\":0,\"publisher\":{\"@id\":\"https:\/\/blogscvc.cervantes.es\/martes-neologico\/#organization\"},\"articleSection\":[\"general\",\"sintagmaci\u00f3n\"],\"inLanguage\":\"es\",\"potentialAction\":[{\"@type\":\"CommentAction\",\"name\":\"Comment\",\"target\":[\"https:\/\/blogscvc.cervantes.es\/martes-neologico\/abrir-el-melon\/#respond\"]}]},{\"@type\":\"WebPage\",\"@id\":\"https:\/\/blogscvc.cervantes.es\/martes-neologico\/abrir-el-melon\/\",\"url\":\"https:\/\/blogscvc.cervantes.es\/martes-neologico\/abrir-el-melon\/\",\"name\":\"CVC. Abrir el mel\u00f3n | Martes Neol\u00f3gico\",\"isPartOf\":{\"@id\":\"https:\/\/blogscvc.cervantes.es\/martes-neologico\/#website\"},\"datePublished\":\"2025-07-15T05:00:00+00:00\",\"dateModified\":\"2025-08-01T10:50:41+00:00\",\"description\":\"Art\u00edculo sobre la expresi\u00f3n neol\u00f3gica \u00ababrir el mel\u00f3n\u00bb, dentro del blog Martes Neol\u00f3gico del Centro Virtual Cervantes.\",\"breadcrumb\":{\"@id\":\"https:\/\/blogscvc.cervantes.es\/martes-neologico\/abrir-el-melon\/#breadcrumb\"},\"inLanguage\":\"es\",\"potentialAction\":[{\"@type\":\"ReadAction\",\"target\":[\"https:\/\/blogscvc.cervantes.es\/martes-neologico\/abrir-el-melon\/\"]}]},{\"@type\":\"BreadcrumbList\",\"@id\":\"https:\/\/blogscvc.cervantes.es\/martes-neologico\/abrir-el-melon\/#breadcrumb\",\"itemListElement\":[{\"@type\":\"ListItem\",\"position\":1,\"name\":\"Portada\",\"item\":\"https:\/\/blogscvc.cervantes.es\/martes-neologico\/\"},{\"@type\":\"ListItem\",\"position\":2,\"name\":\"abrir el mel\u00f3n loc. v.\"}]},{\"@type\":\"WebSite\",\"@id\":\"https:\/\/blogscvc.cervantes.es\/martes-neologico\/#website\",\"url\":\"https:\/\/blogscvc.cervantes.es\/martes-neologico\/\",\"name\":\"Martes Neol\u00f3gico\",\"description\":\"Cada martes, una palabra nueva que podr\u00eda estar en el diccionario\",\"publisher\":{\"@id\":\"https:\/\/blogscvc.cervantes.es\/martes-neologico\/#organization\"},\"potentialAction\":[{\"@type\":\"SearchAction\",\"target\":{\"@type\":\"EntryPoint\",\"urlTemplate\":\"https:\/\/blogscvc.cervantes.es\/martes-neologico\/?s={search_term_string}\"},\"query-input\":\"required name=search_term_string\"}],\"inLanguage\":\"es\"},{\"@type\":\"Organization\",\"@id\":\"https:\/\/blogscvc.cervantes.es\/martes-neologico\/#organization\",\"name\":\"Martes Neol\u00f3gico\",\"url\":\"https:\/\/blogscvc.cervantes.es\/martes-neologico\/\",\"logo\":{\"@type\":\"ImageObject\",\"inLanguage\":\"es\",\"@id\":\"https:\/\/blogscvc.cervantes.es\/martes-neologico\/#\/schema\/logo\/image\/\",\"url\":\"https:\/\/blogscvc.cervantes.es\/martes-neologico\/wp-content\/uploads\/sites\/2\/2025\/10\/logo-martes-neologico-10-anos.png\",\"contentUrl\":\"https:\/\/blogscvc.cervantes.es\/martes-neologico\/wp-content\/uploads\/sites\/2\/2025\/10\/logo-martes-neologico-10-anos.png\",\"width\":300,\"height\":100,\"caption\":\"Martes Neol\u00f3gico\"},\"image\":{\"@id\":\"https:\/\/blogscvc.cervantes.es\/martes-neologico\/#\/schema\/logo\/image\/\"}},{\"@type\":\"Person\",\"@id\":\"https:\/\/blogscvc.cervantes.es\/martes-neologico\/#\/schema\/person\/7e2fd26f886f53b1b2e81721d23acc47\",\"name\":\"admin\",\"image\":{\"@type\":\"ImageObject\",\"inLanguage\":\"es\",\"@id\":\"https:\/\/blogscvc.cervantes.es\/martes-neologico\/#\/schema\/person\/image\/\",\"url\":\"https:\/\/secure.gravatar.com\/avatar\/c4b6a365b64e607f3d2ecd9620a7675a?s=96&d=mm&r=g\",\"contentUrl\":\"https:\/\/secure.gravatar.com\/avatar\/c4b6a365b64e607f3d2ecd9620a7675a?s=96&d=mm&r=g\",\"caption\":\"admin\"},\"url\":\"https:\/\/blogscvc.cervantes.es\/martes-neologico\/author\/admin\/\"}]}<\/script>\n<!-- \/ Yoast SEO plugin. -->","yoast_head_json":{"title":"CVC. Abrir el mel\u00f3n | Martes Neol\u00f3gico","description":"Art\u00edculo sobre la expresi\u00f3n neol\u00f3gica \u00ababrir el mel\u00f3n\u00bb, dentro del blog Martes Neol\u00f3gico del Centro Virtual Cervantes.","robots":{"index":"index","follow":"follow","max-snippet":"max-snippet:-1","max-image-preview":"max-image-preview:large","max-video-preview":"max-video-preview:-1"},"canonical":"https:\/\/blogscvc.cervantes.es\/martes-neologico\/abrir-el-melon\/","og_locale":"es_ES","og_type":"article","og_title":"CVC. Abrir el mel\u00f3n | Martes Neol\u00f3gico","og_description":"Art\u00edculo sobre la expresi\u00f3n neol\u00f3gica \u00ababrir el mel\u00f3n\u00bb, dentro del blog Martes Neol\u00f3gico del Centro Virtual Cervantes.","og_url":"https:\/\/blogscvc.cervantes.es\/martes-neologico\/abrir-el-melon\/","og_site_name":"Martes Neol\u00f3gico","article_published_time":"2025-07-15T05:00:00+00:00","article_modified_time":"2025-08-01T10:50:41+00:00","og_image":[{"width":750,"height":350,"url":"http:\/\/blogscvc.cervantes.es\/martes-neologico\/wp-content\/uploads\/sites\/2\/2025\/07\/abrir_el_melon_350.jpg","type":"image\/jpeg"}],"author":"admin","twitter_card":"summary_large_image","twitter_misc":{"Escrito por":"admin","Tiempo de lectura":"5 minutos"},"schema":{"@context":"https:\/\/schema.org","@graph":[{"@type":"Article","@id":"https:\/\/blogscvc.cervantes.es\/martes-neologico\/abrir-el-melon\/#article","isPartOf":{"@id":"https:\/\/blogscvc.cervantes.es\/martes-neologico\/abrir-el-melon\/"},"author":{"name":"admin","@id":"https:\/\/blogscvc.cervantes.es\/martes-neologico\/#\/schema\/person\/7e2fd26f886f53b1b2e81721d23acc47"},"headline":"abrir el mel\u00f3n loc. v.","datePublished":"2025-07-15T05:00:00+00:00","dateModified":"2025-08-01T10:50:41+00:00","mainEntityOfPage":{"@id":"https:\/\/blogscvc.cervantes.es\/martes-neologico\/abrir-el-melon\/"},"wordCount":1143,"commentCount":0,"publisher":{"@id":"https:\/\/blogscvc.cervantes.es\/martes-neologico\/#organization"},"articleSection":["general","sintagmaci\u00f3n"],"inLanguage":"es","potentialAction":[{"@type":"CommentAction","name":"Comment","target":["https:\/\/blogscvc.cervantes.es\/martes-neologico\/abrir-el-melon\/#respond"]}]},{"@type":"WebPage","@id":"https:\/\/blogscvc.cervantes.es\/martes-neologico\/abrir-el-melon\/","url":"https:\/\/blogscvc.cervantes.es\/martes-neologico\/abrir-el-melon\/","name":"CVC. Abrir el mel\u00f3n | Martes Neol\u00f3gico","isPartOf":{"@id":"https:\/\/blogscvc.cervantes.es\/martes-neologico\/#website"},"datePublished":"2025-07-15T05:00:00+00:00","dateModified":"2025-08-01T10:50:41+00:00","description":"Art\u00edculo sobre la expresi\u00f3n neol\u00f3gica \u00ababrir el mel\u00f3n\u00bb, dentro del blog Martes Neol\u00f3gico del Centro Virtual Cervantes.","breadcrumb":{"@id":"https:\/\/blogscvc.cervantes.es\/martes-neologico\/abrir-el-melon\/#breadcrumb"},"inLanguage":"es","potentialAction":[{"@type":"ReadAction","target":["https:\/\/blogscvc.cervantes.es\/martes-neologico\/abrir-el-melon\/"]}]},{"@type":"BreadcrumbList","@id":"https:\/\/blogscvc.cervantes.es\/martes-neologico\/abrir-el-melon\/#breadcrumb","itemListElement":[{"@type":"ListItem","position":1,"name":"Portada","item":"https:\/\/blogscvc.cervantes.es\/martes-neologico\/"},{"@type":"ListItem","position":2,"name":"abrir el mel\u00f3n loc. v."}]},{"@type":"WebSite","@id":"https:\/\/blogscvc.cervantes.es\/martes-neologico\/#website","url":"https:\/\/blogscvc.cervantes.es\/martes-neologico\/","name":"Martes Neol\u00f3gico","description":"Cada martes, una palabra nueva que podr\u00eda estar en el diccionario","publisher":{"@id":"https:\/\/blogscvc.cervantes.es\/martes-neologico\/#organization"},"potentialAction":[{"@type":"SearchAction","target":{"@type":"EntryPoint","urlTemplate":"https:\/\/blogscvc.cervantes.es\/martes-neologico\/?s={search_term_string}"},"query-input":"required name=search_term_string"}],"inLanguage":"es"},{"@type":"Organization","@id":"https:\/\/blogscvc.cervantes.es\/martes-neologico\/#organization","name":"Martes Neol\u00f3gico","url":"https:\/\/blogscvc.cervantes.es\/martes-neologico\/","logo":{"@type":"ImageObject","inLanguage":"es","@id":"https:\/\/blogscvc.cervantes.es\/martes-neologico\/#\/schema\/logo\/image\/","url":"https:\/\/blogscvc.cervantes.es\/martes-neologico\/wp-content\/uploads\/sites\/2\/2025\/10\/logo-martes-neologico-10-anos.png","contentUrl":"https:\/\/blogscvc.cervantes.es\/martes-neologico\/wp-content\/uploads\/sites\/2\/2025\/10\/logo-martes-neologico-10-anos.png","width":300,"height":100,"caption":"Martes Neol\u00f3gico"},"image":{"@id":"https:\/\/blogscvc.cervantes.es\/martes-neologico\/#\/schema\/logo\/image\/"}},{"@type":"Person","@id":"https:\/\/blogscvc.cervantes.es\/martes-neologico\/#\/schema\/person\/7e2fd26f886f53b1b2e81721d23acc47","name":"admin","image":{"@type":"ImageObject","inLanguage":"es","@id":"https:\/\/blogscvc.cervantes.es\/martes-neologico\/#\/schema\/person\/image\/","url":"https:\/\/secure.gravatar.com\/avatar\/c4b6a365b64e607f3d2ecd9620a7675a?s=96&d=mm&r=g","contentUrl":"https:\/\/secure.gravatar.com\/avatar\/c4b6a365b64e607f3d2ecd9620a7675a?s=96&d=mm&r=g","caption":"admin"},"url":"https:\/\/blogscvc.cervantes.es\/martes-neologico\/author\/admin\/"}]}},"_links":{"self":[{"href":"https:\/\/blogscvc.cervantes.es\/martes-neologico\/wp-json\/wp\/v2\/posts\/13138"}],"collection":[{"href":"https:\/\/blogscvc.cervantes.es\/martes-neologico\/wp-json\/wp\/v2\/posts"}],"about":[{"href":"https:\/\/blogscvc.cervantes.es\/martes-neologico\/wp-json\/wp\/v2\/types\/post"}],"author":[{"embeddable":true,"href":"https:\/\/blogscvc.cervantes.es\/martes-neologico\/wp-json\/wp\/v2\/users\/1"}],"replies":[{"embeddable":true,"href":"https:\/\/blogscvc.cervantes.es\/martes-neologico\/wp-json\/wp\/v2\/comments?post=13138"}],"version-history":[{"count":2,"href":"https:\/\/blogscvc.cervantes.es\/martes-neologico\/wp-json\/wp\/v2\/posts\/13138\/revisions"}],"predecessor-version":[{"id":13150,"href":"https:\/\/blogscvc.cervantes.es\/martes-neologico\/wp-json\/wp\/v2\/posts\/13138\/revisions\/13150"}],"wp:featuredmedia":[{"embeddable":true,"href":"https:\/\/blogscvc.cervantes.es\/martes-neologico\/wp-json\/wp\/v2\/media\/13144"}],"wp:attachment":[{"href":"https:\/\/blogscvc.cervantes.es\/martes-neologico\/wp-json\/wp\/v2\/media?parent=13138"}],"wp:term":[{"taxonomy":"category","embeddable":true,"href":"https:\/\/blogscvc.cervantes.es\/martes-neologico\/wp-json\/wp\/v2\/categories?post=13138"},{"taxonomy":"post_tag","embeddable":true,"href":"https:\/\/blogscvc.cervantes.es\/martes-neologico\/wp-json\/wp\/v2\/tags?post=13138"}],"curies":[{"name":"wp","href":"https:\/\/api.w.org\/{rel}","templated":true}]}}