{"id":1324,"date":"2016-11-15T07:15:18","date_gmt":"2016-11-15T05:15:18","guid":{"rendered":"http:\/\/blogscvc.cervantes.es\/martes-neologico\/?p=1324"},"modified":"2025-08-01T10:17:20","modified_gmt":"2025-08-01T08:17:20","slug":"vintage","status":"publish","type":"post","link":"https:\/\/blogscvc.cervantes.es\/martes-neologico\/vintage\/","title":{"rendered":"vintage <em>adj.<\/em> y <em>m.<\/em>"},"content":{"rendered":"<p>La palabra <em>vintage<\/em> es un pr\u00e9stamo procedente del ingl\u00e9s cuyo uso ha venido experimentando un progresivo crecimiento en el espa\u00f1ol de ambos lados del Atl\u00e1ntico como efecto del impacto social que la moda y las nuevas corrientes est\u00e9ticas ejercen sobre la lengua. As\u00ed lo demuestran los datos que proporcionan tanto el <acronym title=\"Corpus del Espa\u00f1ol del Siglo XXI\">CORPES<\/acronym> XXI y la base de datos del Observatori de Neologia de la Universitat Pompeu Fabra (<acronym title=\"Observatorio de Neolog\u00eda\">OBNEO<\/acronym>), que recogen numerosas muestras de este vocablo.<\/p>\n<figure id=\"attachment_118\" aria-describedby=\"caption-attachment-118\" style=\"width: 750px\" class=\"wp-caption aligncenter\"><a href=\"http:\/\/blogscvc.cervantes.es\/martes-neologico\/wp-content\/uploads\/sites\/2\/2016\/11\/vintage_500.jpg\"><img decoding=\"async\" loading=\"lazy\" class=\"alignnone size-full wp-image-1347\" src=\"http:\/\/blogscvc.cervantes.es\/martes-neologico\/wp-content\/uploads\/sites\/2\/2016\/11\/vintage_500.jpg\" alt=\"mujer sentada en unas maletas\" width=\"750\" height=\"500\" srcset=\"https:\/\/blogscvc.cervantes.es\/martes-neologico\/wp-content\/uploads\/sites\/2\/2016\/11\/vintage_500.jpg 750w, https:\/\/blogscvc.cervantes.es\/martes-neologico\/wp-content\/uploads\/sites\/2\/2016\/11\/vintage_500-300x200.jpg 300w\" sizes=\"(max-width: 750px) 100vw, 750px\" \/><\/a><figcaption id=\"caption-attachment-118\" class=\"wp-caption-text\">Flickr (thethreesisters)<\/figcaption><\/figure>\n<p>Con su significado primigenio, el adjetivo <em>vintage <\/em>\u2014del franc\u00e9s antiguo <em>vendage <\/em>y \u00e9ste del lat\u00edn <em>vindemia<\/em>, \u2018vendimia\u2019\u2014 se aplica a un vino de excepcional calidad en relaci\u00f3n a la a\u00f1ada o a la zona vitivin\u00edcola de procedencia que, posteriormente, es objeto de un cuidadoso y largo proceso de envejecimiento. Seg\u00fan el <em>English Collins Cobuild<\/em> (1993), <em>vintage,<\/em> como sustantivo, se emplea para designar tanto la cosecha o a\u00f1ada \u2014<em>1978 vintage<\/em>\u2014 como al vino \u2014\u00abThe last botle of a rare vintage\u00bb. &nbsp;Con este significado, ligado al \u00e1mbito de la enolog\u00eda o como t\u00e9rmino de esta especialidad, son escasas las muestras halladas de esta voz en las fuentes primarias que manejamos. As\u00ed, en el banco de datos <acronym>OBNEO<\/acronym> tan solo aparecen tres ejemplos:<\/p>\n<ul>\n<li>Pocos vinos hay tan adecuados para la mayor\u00eda de quesos, y en particular los azules, como el oporto, que cuando la cosecha es excepcional ser\u00e1 <strong>vintage<\/strong>, la perfecci\u00f3n de un vino plet\u00f3rico, delicadamente afrutado con notas a violeta, casis y moras. [<em>El Pa\u00eds <\/em>(Espa\u00f1a), 23\/02\/2003]<\/li>\n<\/ul>\n<ul>\n<li>S\u00f3lo lo hace cuando \u00e9l en persona determina que una cosecha en particular encierra sabores \u00fanicos, producto de factores clim\u00e1ticos especiales. As\u00ed fue el caso de 2003 (el <strong>vintage<\/strong> que hoy est\u00e1 disponible en Buenos Aires a unos 1200 pesos la botella) y as\u00ed lo fue en 2004. [<em>La Naci\u00f3n<\/em> (Argentina), 30\/06\/2013]<\/li>\n<\/ul>\n<p>En los corpus sincr\u00f3nicos de la <acronym title=\"Real Academia Espa\u00f1ola\"> RAE<\/acronym> (<acronym title=\"Corpus de Referencia del Espa\u00f1ol Actual\">CREA<\/acronym> y <acronym>CORPES<\/acronym> XXI) se localizan algunos ejemplos m\u00e1s entre 1994 y 2012. En total son 26 las ocurrencias del t\u00e9rmino <em>vintage<\/em> en esta concreta acepci\u00f3n, cifra relativamente escasa si se compara con el total de las localizaciones (227) que de este vocablo proporciona el <acronym>CORPES<\/acronym>. Con este significado, la voz <em>vintage<\/em> est\u00e1 ausente de los grandes diccionarios generales del espa\u00f1ol usados como referencia (<acronym title=\"Diccionario de la Real Academia Espa\u00f1ola\"><em>DRAE<\/em><\/acronym>, <acronym title=\"Diccionario de uso del espa\u00f1ol de Am\u00e9rica y Espa\u00f1a\"><em>VOXUSO<\/em><\/acronym> y <acronym title=\"Diccionario del espa\u00f1ol actual\"><em>DEA<\/em><\/acronym>), as\u00ed como de los diccionarios de neologismos (Alvar1, Alvar2, <acronym title=\"Neologismos del espa\u00f1ol actual, de Mar\u00eda Moliner \"><em> NEOMM<\/em><\/acronym> y <acronym title=\"Diccionario de neologismos del espa\u00f1ol actual. Prensa de Murcia y Alicante\"><em>NEOMA<\/em><\/acronym>); aunque s\u00ed aparece en el <em>Diccionario de neologismos on line<\/em> del <acronym>OBNEO<\/acronym>, descrito como: \u2018[vino] Que es de una a\u00f1ada de especial calidad\u2019.<\/p>\n<p>Sobre la base del significado anterior, a trav\u00e9s de un proceso de resemantizaci\u00f3n, el adjetivo <em>vintage <\/em>ha ido adquiriendo un nuevo sentido donde los rasgos \u2018de excepcional calidad\u2019 y \u2018perteneciente a un tiempo pasado\u2019 (en referencia a la a\u00f1ada y al tiempo de crianza) ya no se aplican al vino, sino a una gran variedad de objetos y nociones que no tienen relaci\u00f3n alguna con el \u00e1mbito de la enolog\u00eda. As\u00ed, seg\u00fan el <em>English Collins Cobuilt<\/em> (1993), el adjetivo <em>vintage<\/em>, en su segunda acepci\u00f3n: \u00abdescribes something which is the best or most typical of its kind, especially because it was produced in a time when the thing was at its best\u00bb. La expresi\u00f3n lexicalizada <em>vintage car<\/em> (<em>coche de \u00e9poca<\/em>) tambi\u00e9n recogida en el <em>English Collins<\/em>, ser\u00eda un buen ejemplo del cambio de sentido del adjetivo <em>vintage<\/em>, puesto que solo se aplica a los coches fabricados entre 1919 y 1930.<\/p>\n<p>En el espa\u00f1ol actual, <em>vintage<\/em> se usa mayoritariamente en este \u00faltimo sentido. Como adjetivo se combina de manera preferente con sustantivos relativos al \u00e1mbito de la moda, el dise\u00f1o, as\u00ed como al de las tendencias est\u00e9ticas de referencia que circulan a trav\u00e9s de los medios. La muestra m\u00e1s temprana de esta acepci\u00f3n se documenta en el <acronym>CREA<\/acronym>, en 1999, en un texto procedente de Argentina:<\/p>\n<ul>\n<li>Miami Twice. Entre los locales <strong>vintage<\/strong> de mercader\u00eda variada (zapatos, camisas, camperas, pantalones y vestidos, hasta l\u00e1mparas, manteles, muebles y adornos) \u00e9ste es uno de los que m\u00e1s se destaca por su amplia oferta de ropa. [<acronym>CREA<\/acronym>. Horacio de Dios:&nbsp;<em>Miami. <\/em>Buenos Aires (Argentina), 1999]<\/li>\n<\/ul>\n<p>La mayor\u00eda de los contextos en que aparece la voz <em>vintage<\/em>, tanto como adjetivo o como sustantivo, est\u00e1n relacionados con el \u00e1mbito de la moda, especialmente la moda en el vestir, donde el t\u00e9rmino hace referencia a ejemplares de especial calidad que, como las obras de arte, se han revalorizado con el transcurso del tiempo al convertirse en exponentes de la \u00e9poca en que fueron confeccionados:<\/p>\n<ul>\n<li>Reese Witherspoon, por ejemplo, no se cambi\u00f3, pero cubri\u00f3 su <strong>vintage<\/strong> de Christian Dior de 1955, comprado en Par\u00eds, con un elegante abrigo negro. [<acronym>CORPES<\/acronym>. <a href=\"http:\/\/www.trendencias.com\/\">http:\/\/www.trendencias.com\/<\/a>(Espa\u00f1a), 2006-03-08]<\/li>\n<\/ul>\n<ul>\n<li>No te r\u00edas porque a nivel mundial el <strong>vintage<\/strong> se ha transformado lentamente en una tendencia clave para comprender la moda contempor\u00e1nea y, adem\u00e1s, en un negocio muy rentable. [<acronym>CORPES<\/acronym>. Pablo Illanes: <em>Fragilidad<\/em>&nbsp;(Chile), 2005]<\/li>\n<\/ul>\n<p>Del mismo modo, <em>vintage<\/em> puede decirse de cualquier objeto original de d\u00e9cadas pasadas que, sin ser una antig\u00fcedad, se considera representativo del arte, la tecnolog\u00eda o la cultura de su tiempo. En <acronym>CORPES<\/acronym> y <acronym>OBNEO<\/acronym> se encuentran muchos ejemplos de esta acepci\u00f3n:<\/p>\n<ul>\n<li>Una rockola es <strong>vintage<\/strong>, un ventilador Marelli tambi\u00e9n. Una mu\u00f1eca fofolet es <strong>vintage<\/strong>, un florero kitsch tambi\u00e9n. [<em>El Observador<\/em> (Uruguay), 17\/01\/2004]<\/li>\n<\/ul>\n<ul>\n<li>Los coches m\u00e1s antiguos, llamados <strong>vintages<\/strong> y pr\u00f3ximos a cumplir tres cuartos de siglo, son piezas excepcionales. [<em>El Pa\u00eds<\/em> (Espa\u00f1a), 11\/12\/2006]<\/li>\n<\/ul>\n<p>El abuso de <em>vintage<\/em> en las p\u00e1ginas de moda y sociedad de los medios de comunicaci\u00f3n ha dado lugar a un nuevo uso que se aparta del significado que exhibe el t\u00e9rmino en los ejemplos anteriores.&nbsp;En <acronym>CORPES<acronym> y <acronym>OBNEO<acronym> se detectan muchos casos de su empleo en un sentido que se podr\u00eda parafrasear como: \u2018que se inspira, recrea o imita el estilo de otra \u00e9poca\u2019. En este caso, quiz\u00e1s el t\u00e9rmino m\u00e1s preciso ser\u00eda <em>retro<\/em>:<\/acronym><\/acronym><\/acronym><\/acronym><\/p>\n<ul>\n<li>De la gama de cascos X-Jet de ACERBIS, el SAN FRANCISCO es un casco de estilo <strong>vintage<\/strong>, que cuenta con la mejor tecnolog\u00eda para ofrecer la mayor protecci\u00f3n, con un toque de elegancia [<em>La Opini\u00f3n de Murcia<\/em> (Espa\u00f1a), 21\/02\/2014]<\/li>\n<\/ul>\n<p>En el <em>Glosario de la moda<\/em>, recientemente publicado en la p\u00e1gina web de la <acronym title=\"Fundaci\u00f3n del Espa\u00f1ol Urgente\">Fund\u00e9u<\/acronym>, se advierte de la diferencia entre <em>vintage<\/em> y <em>retro<\/em>:<\/p>\n<ul>\n<li><strong>Vintage<\/strong>: Tendencia est\u00e9tica que consiste en rescatar prendas u objetos dise\u00f1ados o fabricados en las \u00e9pocas en las que estaban de moda. Suele aplicarse tambi\u00e9n a las propias prendas y objetos de grandes dise\u00f1adores que se conservan en buen estado, por lo que siguen teniendo un alto valor econ\u00f3mico. No es lo mismo que el retro.<\/li>\n<\/ul>\n<ul>\n<li><strong>Retro<\/strong>: Que imita o evoca un tiempo pasado. En el mundo de la moda, suele referirse a un estilo que se encuadra entre los a\u00f1os 60 y 70. No es lo mismo que vintage.<\/li>\n<\/ul>\n<p>La extensa documentaci\u00f3n disponible acerca de la voz <em>vintage <\/em>es prueba de su implantaci\u00f3n en el espa\u00f1ol actual como neologismo panhisp\u00e1nico. A pesar de su recurrencia, especialmente en su acepci\u00f3n como tendencia est\u00e9tica, no se encuentra recogida en los diccionarios generales del espa\u00f1ol. Su calidad de pr\u00e9stamo del ingl\u00e9s, as\u00ed como su reciente implantaci\u00f3n en el idioma pueden explicar su ausencia de los grandes repertorios lexicogr\u00e1ficos del espa\u00f1ol, as\u00ed como tambi\u00e9n el hecho de que sus dos acepciones&nbsp;proceden de sendos \u00e1mbitos de especialidad: la enolog\u00eda y la moda.<\/p>\n<p>Dolores Azor\u00edn Fern\u00e1ndez<br \/>\nGrupo NEOAL<br \/>\nUniversidad de Alicante (Espa\u00f1a)<\/p>\n","protected":false},"excerpt":{"rendered":"<p>La  palabra <em>vintage<\/em> es un pr&eacute;stamo  procedente del ingl&eacute;s cuyo uso ha venido experimentando un progresivo  crecimiento en el espa&ntilde;ol de ambos lados del Atl&aacute;ntico como efecto del impacto  social que la moda y las nuevas corrientes est&eacute;ticas ejercen sobre la lengua. As&iacute;  lo demuestran los datos que proporcionan tanto el <acronym title=\"Corpus del Espa\u00f1ol del Siglo XXI\">CORPES<\/acronym> XXI y la base de datos  del Observatori de Neologia de la Universitat Pompeu Fabra (<acronym title=\"Observatorio de Neolog\u00eda\">OBNEO<\/acronym>), que recogen  numerosas muestras de este vocablo. <\/p>\n","protected":false},"author":1,"featured_media":1346,"comment_status":"open","ping_status":"open","sticky":false,"template":"","format":"standard","meta":{"_mi_skip_tracking":false,"_s2mail":"yes"},"categories":[256,12,274],"tags":[],"yoast_head":"<!-- This site is optimized with the Yoast SEO plugin v20.6 - https:\/\/yoast.com\/wordpress\/plugins\/seo\/ -->\n<title>CVC. Vintage | Martes Neol\u00f3gico<\/title>\n<meta name=\"description\" content=\"Art\u00edculo sobre el neologismo \u00abvintage\u00bb, dentro del blog Martes Neol\u00f3gico del Centro Virtual Cervantes.\" \/>\n<meta name=\"robots\" content=\"index, follow, max-snippet:-1, max-image-preview:large, max-video-preview:-1\" \/>\n<link rel=\"canonical\" href=\"https:\/\/blogscvc.cervantes.es\/martes-neologico\/vintage\/\" \/>\n<meta property=\"og:locale\" content=\"es_ES\" \/>\n<meta property=\"og:type\" content=\"article\" \/>\n<meta property=\"og:title\" content=\"CVC. Vintage | Martes Neol\u00f3gico\" \/>\n<meta property=\"og:description\" content=\"Art\u00edculo sobre el neologismo \u00abvintage\u00bb, dentro del blog Martes Neol\u00f3gico del Centro Virtual Cervantes.\" \/>\n<meta property=\"og:url\" content=\"https:\/\/blogscvc.cervantes.es\/martes-neologico\/vintage\/\" \/>\n<meta property=\"og:site_name\" content=\"Martes Neol\u00f3gico\" \/>\n<meta property=\"article:published_time\" content=\"2016-11-15T05:15:18+00:00\" \/>\n<meta property=\"article:modified_time\" content=\"2025-08-01T08:17:20+00:00\" \/>\n<meta property=\"og:image\" content=\"http:\/\/blogscvc.cervantes.es\/martes-neologico\/wp-content\/uploads\/sites\/2\/2016\/11\/vintage_350.jpg\" \/>\n\t<meta property=\"og:image:width\" content=\"750\" \/>\n\t<meta property=\"og:image:height\" content=\"350\" \/>\n\t<meta property=\"og:image:type\" content=\"image\/jpeg\" \/>\n<meta name=\"author\" content=\"admin\" \/>\n<meta name=\"twitter:card\" content=\"summary_large_image\" \/>\n<meta name=\"twitter:label1\" content=\"Escrito por\" \/>\n\t<meta name=\"twitter:data1\" content=\"admin\" \/>\n\t<meta name=\"twitter:label2\" content=\"Tiempo de lectura\" \/>\n\t<meta name=\"twitter:data2\" content=\"6 minutos\" \/>\n<script type=\"application\/ld+json\" class=\"yoast-schema-graph\">{\"@context\":\"https:\/\/schema.org\",\"@graph\":[{\"@type\":\"Article\",\"@id\":\"https:\/\/blogscvc.cervantes.es\/martes-neologico\/vintage\/#article\",\"isPartOf\":{\"@id\":\"https:\/\/blogscvc.cervantes.es\/martes-neologico\/vintage\/\"},\"author\":{\"name\":\"admin\",\"@id\":\"https:\/\/blogscvc.cervantes.es\/martes-neologico\/#\/schema\/person\/7e2fd26f886f53b1b2e81721d23acc47\"},\"headline\":\"vintage adj. y m.\",\"datePublished\":\"2016-11-15T05:15:18+00:00\",\"dateModified\":\"2025-08-01T08:17:20+00:00\",\"mainEntityOfPage\":{\"@id\":\"https:\/\/blogscvc.cervantes.es\/martes-neologico\/vintage\/\"},\"wordCount\":1303,\"commentCount\":0,\"publisher\":{\"@id\":\"https:\/\/blogscvc.cervantes.es\/martes-neologico\/#organization\"},\"articleSection\":[\"ingl\u00e9s\",\"moda\",\"pr\u00e9stamo\"],\"inLanguage\":\"es\",\"potentialAction\":[{\"@type\":\"CommentAction\",\"name\":\"Comment\",\"target\":[\"https:\/\/blogscvc.cervantes.es\/martes-neologico\/vintage\/#respond\"]}]},{\"@type\":\"WebPage\",\"@id\":\"https:\/\/blogscvc.cervantes.es\/martes-neologico\/vintage\/\",\"url\":\"https:\/\/blogscvc.cervantes.es\/martes-neologico\/vintage\/\",\"name\":\"CVC. Vintage | Martes Neol\u00f3gico\",\"isPartOf\":{\"@id\":\"https:\/\/blogscvc.cervantes.es\/martes-neologico\/#website\"},\"datePublished\":\"2016-11-15T05:15:18+00:00\",\"dateModified\":\"2025-08-01T08:17:20+00:00\",\"description\":\"Art\u00edculo sobre el neologismo \u00abvintage\u00bb, dentro del blog Martes Neol\u00f3gico del Centro Virtual Cervantes.\",\"breadcrumb\":{\"@id\":\"https:\/\/blogscvc.cervantes.es\/martes-neologico\/vintage\/#breadcrumb\"},\"inLanguage\":\"es\",\"potentialAction\":[{\"@type\":\"ReadAction\",\"target\":[\"https:\/\/blogscvc.cervantes.es\/martes-neologico\/vintage\/\"]}]},{\"@type\":\"BreadcrumbList\",\"@id\":\"https:\/\/blogscvc.cervantes.es\/martes-neologico\/vintage\/#breadcrumb\",\"itemListElement\":[{\"@type\":\"ListItem\",\"position\":1,\"name\":\"Portada\",\"item\":\"https:\/\/blogscvc.cervantes.es\/martes-neologico\/\"},{\"@type\":\"ListItem\",\"position\":2,\"name\":\"vintage adj. y m.\"}]},{\"@type\":\"WebSite\",\"@id\":\"https:\/\/blogscvc.cervantes.es\/martes-neologico\/#website\",\"url\":\"https:\/\/blogscvc.cervantes.es\/martes-neologico\/\",\"name\":\"Martes Neol\u00f3gico\",\"description\":\"Cada martes, una palabra nueva que podr\u00eda estar en el diccionario\",\"publisher\":{\"@id\":\"https:\/\/blogscvc.cervantes.es\/martes-neologico\/#organization\"},\"potentialAction\":[{\"@type\":\"SearchAction\",\"target\":{\"@type\":\"EntryPoint\",\"urlTemplate\":\"https:\/\/blogscvc.cervantes.es\/martes-neologico\/?s={search_term_string}\"},\"query-input\":\"required name=search_term_string\"}],\"inLanguage\":\"es\"},{\"@type\":\"Organization\",\"@id\":\"https:\/\/blogscvc.cervantes.es\/martes-neologico\/#organization\",\"name\":\"Martes Neol\u00f3gico\",\"url\":\"https:\/\/blogscvc.cervantes.es\/martes-neologico\/\",\"logo\":{\"@type\":\"ImageObject\",\"inLanguage\":\"es\",\"@id\":\"https:\/\/blogscvc.cervantes.es\/martes-neologico\/#\/schema\/logo\/image\/\",\"url\":\"https:\/\/blogscvc.cervantes.es\/martes-neologico\/wp-content\/uploads\/sites\/2\/2025\/10\/logo-martes-neologico-10-anos.png\",\"contentUrl\":\"https:\/\/blogscvc.cervantes.es\/martes-neologico\/wp-content\/uploads\/sites\/2\/2025\/10\/logo-martes-neologico-10-anos.png\",\"width\":300,\"height\":100,\"caption\":\"Martes Neol\u00f3gico\"},\"image\":{\"@id\":\"https:\/\/blogscvc.cervantes.es\/martes-neologico\/#\/schema\/logo\/image\/\"}},{\"@type\":\"Person\",\"@id\":\"https:\/\/blogscvc.cervantes.es\/martes-neologico\/#\/schema\/person\/7e2fd26f886f53b1b2e81721d23acc47\",\"name\":\"admin\",\"image\":{\"@type\":\"ImageObject\",\"inLanguage\":\"es\",\"@id\":\"https:\/\/blogscvc.cervantes.es\/martes-neologico\/#\/schema\/person\/image\/\",\"url\":\"https:\/\/secure.gravatar.com\/avatar\/c4b6a365b64e607f3d2ecd9620a7675a?s=96&d=mm&r=g\",\"contentUrl\":\"https:\/\/secure.gravatar.com\/avatar\/c4b6a365b64e607f3d2ecd9620a7675a?s=96&d=mm&r=g\",\"caption\":\"admin\"},\"url\":\"https:\/\/blogscvc.cervantes.es\/martes-neologico\/author\/admin\/\"}]}<\/script>\n<!-- \/ Yoast SEO plugin. -->","yoast_head_json":{"title":"CVC. Vintage | Martes Neol\u00f3gico","description":"Art\u00edculo sobre el neologismo \u00abvintage\u00bb, dentro del blog Martes Neol\u00f3gico del Centro Virtual Cervantes.","robots":{"index":"index","follow":"follow","max-snippet":"max-snippet:-1","max-image-preview":"max-image-preview:large","max-video-preview":"max-video-preview:-1"},"canonical":"https:\/\/blogscvc.cervantes.es\/martes-neologico\/vintage\/","og_locale":"es_ES","og_type":"article","og_title":"CVC. Vintage | Martes Neol\u00f3gico","og_description":"Art\u00edculo sobre el neologismo \u00abvintage\u00bb, dentro del blog Martes Neol\u00f3gico del Centro Virtual Cervantes.","og_url":"https:\/\/blogscvc.cervantes.es\/martes-neologico\/vintage\/","og_site_name":"Martes Neol\u00f3gico","article_published_time":"2016-11-15T05:15:18+00:00","article_modified_time":"2025-08-01T08:17:20+00:00","og_image":[{"width":750,"height":350,"url":"http:\/\/blogscvc.cervantes.es\/martes-neologico\/wp-content\/uploads\/sites\/2\/2016\/11\/vintage_350.jpg","type":"image\/jpeg"}],"author":"admin","twitter_card":"summary_large_image","twitter_misc":{"Escrito por":"admin","Tiempo de lectura":"6 minutos"},"schema":{"@context":"https:\/\/schema.org","@graph":[{"@type":"Article","@id":"https:\/\/blogscvc.cervantes.es\/martes-neologico\/vintage\/#article","isPartOf":{"@id":"https:\/\/blogscvc.cervantes.es\/martes-neologico\/vintage\/"},"author":{"name":"admin","@id":"https:\/\/blogscvc.cervantes.es\/martes-neologico\/#\/schema\/person\/7e2fd26f886f53b1b2e81721d23acc47"},"headline":"vintage adj. y m.","datePublished":"2016-11-15T05:15:18+00:00","dateModified":"2025-08-01T08:17:20+00:00","mainEntityOfPage":{"@id":"https:\/\/blogscvc.cervantes.es\/martes-neologico\/vintage\/"},"wordCount":1303,"commentCount":0,"publisher":{"@id":"https:\/\/blogscvc.cervantes.es\/martes-neologico\/#organization"},"articleSection":["ingl\u00e9s","moda","pr\u00e9stamo"],"inLanguage":"es","potentialAction":[{"@type":"CommentAction","name":"Comment","target":["https:\/\/blogscvc.cervantes.es\/martes-neologico\/vintage\/#respond"]}]},{"@type":"WebPage","@id":"https:\/\/blogscvc.cervantes.es\/martes-neologico\/vintage\/","url":"https:\/\/blogscvc.cervantes.es\/martes-neologico\/vintage\/","name":"CVC. Vintage | Martes Neol\u00f3gico","isPartOf":{"@id":"https:\/\/blogscvc.cervantes.es\/martes-neologico\/#website"},"datePublished":"2016-11-15T05:15:18+00:00","dateModified":"2025-08-01T08:17:20+00:00","description":"Art\u00edculo sobre el neologismo \u00abvintage\u00bb, dentro del blog Martes Neol\u00f3gico del Centro Virtual Cervantes.","breadcrumb":{"@id":"https:\/\/blogscvc.cervantes.es\/martes-neologico\/vintage\/#breadcrumb"},"inLanguage":"es","potentialAction":[{"@type":"ReadAction","target":["https:\/\/blogscvc.cervantes.es\/martes-neologico\/vintage\/"]}]},{"@type":"BreadcrumbList","@id":"https:\/\/blogscvc.cervantes.es\/martes-neologico\/vintage\/#breadcrumb","itemListElement":[{"@type":"ListItem","position":1,"name":"Portada","item":"https:\/\/blogscvc.cervantes.es\/martes-neologico\/"},{"@type":"ListItem","position":2,"name":"vintage adj. y m."}]},{"@type":"WebSite","@id":"https:\/\/blogscvc.cervantes.es\/martes-neologico\/#website","url":"https:\/\/blogscvc.cervantes.es\/martes-neologico\/","name":"Martes Neol\u00f3gico","description":"Cada martes, una palabra nueva que podr\u00eda estar en el diccionario","publisher":{"@id":"https:\/\/blogscvc.cervantes.es\/martes-neologico\/#organization"},"potentialAction":[{"@type":"SearchAction","target":{"@type":"EntryPoint","urlTemplate":"https:\/\/blogscvc.cervantes.es\/martes-neologico\/?s={search_term_string}"},"query-input":"required name=search_term_string"}],"inLanguage":"es"},{"@type":"Organization","@id":"https:\/\/blogscvc.cervantes.es\/martes-neologico\/#organization","name":"Martes Neol\u00f3gico","url":"https:\/\/blogscvc.cervantes.es\/martes-neologico\/","logo":{"@type":"ImageObject","inLanguage":"es","@id":"https:\/\/blogscvc.cervantes.es\/martes-neologico\/#\/schema\/logo\/image\/","url":"https:\/\/blogscvc.cervantes.es\/martes-neologico\/wp-content\/uploads\/sites\/2\/2025\/10\/logo-martes-neologico-10-anos.png","contentUrl":"https:\/\/blogscvc.cervantes.es\/martes-neologico\/wp-content\/uploads\/sites\/2\/2025\/10\/logo-martes-neologico-10-anos.png","width":300,"height":100,"caption":"Martes Neol\u00f3gico"},"image":{"@id":"https:\/\/blogscvc.cervantes.es\/martes-neologico\/#\/schema\/logo\/image\/"}},{"@type":"Person","@id":"https:\/\/blogscvc.cervantes.es\/martes-neologico\/#\/schema\/person\/7e2fd26f886f53b1b2e81721d23acc47","name":"admin","image":{"@type":"ImageObject","inLanguage":"es","@id":"https:\/\/blogscvc.cervantes.es\/martes-neologico\/#\/schema\/person\/image\/","url":"https:\/\/secure.gravatar.com\/avatar\/c4b6a365b64e607f3d2ecd9620a7675a?s=96&d=mm&r=g","contentUrl":"https:\/\/secure.gravatar.com\/avatar\/c4b6a365b64e607f3d2ecd9620a7675a?s=96&d=mm&r=g","caption":"admin"},"url":"https:\/\/blogscvc.cervantes.es\/martes-neologico\/author\/admin\/"}]}},"_links":{"self":[{"href":"https:\/\/blogscvc.cervantes.es\/martes-neologico\/wp-json\/wp\/v2\/posts\/1324"}],"collection":[{"href":"https:\/\/blogscvc.cervantes.es\/martes-neologico\/wp-json\/wp\/v2\/posts"}],"about":[{"href":"https:\/\/blogscvc.cervantes.es\/martes-neologico\/wp-json\/wp\/v2\/types\/post"}],"author":[{"embeddable":true,"href":"https:\/\/blogscvc.cervantes.es\/martes-neologico\/wp-json\/wp\/v2\/users\/1"}],"replies":[{"embeddable":true,"href":"https:\/\/blogscvc.cervantes.es\/martes-neologico\/wp-json\/wp\/v2\/comments?post=1324"}],"version-history":[{"count":7,"href":"https:\/\/blogscvc.cervantes.es\/martes-neologico\/wp-json\/wp\/v2\/posts\/1324\/revisions"}],"predecessor-version":[{"id":14011,"href":"https:\/\/blogscvc.cervantes.es\/martes-neologico\/wp-json\/wp\/v2\/posts\/1324\/revisions\/14011"}],"wp:featuredmedia":[{"embeddable":true,"href":"https:\/\/blogscvc.cervantes.es\/martes-neologico\/wp-json\/wp\/v2\/media\/1346"}],"wp:attachment":[{"href":"https:\/\/blogscvc.cervantes.es\/martes-neologico\/wp-json\/wp\/v2\/media?parent=1324"}],"wp:term":[{"taxonomy":"category","embeddable":true,"href":"https:\/\/blogscvc.cervantes.es\/martes-neologico\/wp-json\/wp\/v2\/categories?post=1324"},{"taxonomy":"post_tag","embeddable":true,"href":"https:\/\/blogscvc.cervantes.es\/martes-neologico\/wp-json\/wp\/v2\/tags?post=1324"}],"curies":[{"name":"wp","href":"https:\/\/api.w.org\/{rel}","templated":true}]}}