{"id":1332,"date":"2016-11-29T07:15:13","date_gmt":"2016-11-29T05:15:13","guid":{"rendered":"http:\/\/blogscvc.cervantes.es\/martes-neologico\/?p=1332"},"modified":"2025-07-30T14:14:37","modified_gmt":"2025-07-30T12:14:37","slug":"exoplaneta","status":"publish","type":"post","link":"https:\/\/blogscvc.cervantes.es\/martes-neologico\/exoplaneta\/","title":{"rendered":"exoplaneta <em>m.<\/em>"},"content":{"rendered":"<p>La voz <em>exoplaneta<\/em> es un neologismo creado para definir el planeta situado fuera del sistema solar, tal como figura en el <acronym title=\"Diccionario del espa\u00f1ol actual\"><em>DEA<\/em><\/acronym>: \u2018planeta que se encuentra fuera del sistema solar\u2019. Se le denomina tambi\u00e9n <em>planeta extrasolar<\/em>. Aunque su significado es preciso y un\u00edvoco, lo cierto es que de sus formantes no se infiere que sea externo al Sol: podr\u00eda aplicarse a cualquier otro planeta situado fuera de otro sistema distinto del solar. Este significado es el que puede deducirse del siguiente comunicado cient\u00edfico (eso1629es), de 24 de agosto de 2016, en relaci\u00f3n con uno de los \u00faltimos descubrimientos (el Pr\u00f3xima B):<\/p>\n<figure id=\"attachment_118\" aria-describedby=\"caption-attachment-118\" style=\"width: 750px\" class=\"wp-caption aligncenter\"><a href=\"http:\/\/blogscvc.cervantes.es\/martes-neologico\/wp-content\/uploads\/sites\/2\/2016\/11\/exoplaneta_500.jpg\"><img decoding=\"async\" loading=\"lazy\" class=\"alignnone size-full wp-image-1339\" src=\"http:\/\/blogscvc.cervantes.es\/martes-neologico\/wp-content\/uploads\/sites\/2\/2016\/11\/exoplaneta_500.jpg\" alt=\"fotograf\u00eda de un planeta\" width=\"750\" height=\"500\" srcset=\"https:\/\/blogscvc.cervantes.es\/martes-neologico\/wp-content\/uploads\/sites\/2\/2016\/11\/exoplaneta_500.jpg 750w, https:\/\/blogscvc.cervantes.es\/martes-neologico\/wp-content\/uploads\/sites\/2\/2016\/11\/exoplaneta_500-300x200.jpg 300w\" sizes=\"(max-width: 750px) 100vw, 750px\" \/><\/a><figcaption id=\"caption-attachment-118\" class=\"wp-caption-text\">Flickr (NASA Goddard Space Flicht Center)<\/figcaption><\/figure>\n<ul>\n<li>Utilizando telescopios de <acronym title=\"European Southern Observatory\" xml:lang=\"en\" lang=\"en\">ESO<\/acronym> y otras instalaciones, un equipo de astr\u00f3nomos ha encontrado claras evidencias de la presencia de un planeta orbitando la estrella m\u00e1s cercana a la Tierra, Pr\u00f3xima Centauri. Este mundo, tan intensamente buscado y bautizado como Pr\u00f3xima b, orbita a su fr\u00eda y roja estrella anfitriona cada 11 d\u00edas y tiene una temperatura que permitir\u00eda la existencia de agua l\u00edquida en su superficie. Este mundo rocoso es un poco m\u00e1s masivo que la Tierra y es el <strong>exoplaneta<\/strong> m\u00e1s cercano a nosotros \u2014y tambi\u00e9n puede ser el planeta m\u00e1s cercano que pueda albergar vida fuera del Sistema Solar. Un art\u00edculo que describe el hallazgo de este hito se publicar\u00e1 en la revista <em>Nature<\/em>, el 25 de agosto de 2016.<\/li>\n<\/ul>\n<p>Es tambi\u00e9n el mismo significado que el de los siguientes extractos recogidos por los grupos de las Antenas Neol\u00f3gicas:<\/p>\n<ul>\n<li>Esta es la primera vez que el p\u00fablico ha utilizado los datos de una misi\u00f3n espacial de la <acronym title=\"National Aeronautics and Space Administration\" xml:lang=\"en\" lang=\"en\">NASA<\/acronym> para detectar posibles planetas que orbitan otras estrellas, explic\u00f3 Debra Fischer, experta en <strong>exoplanetas<\/strong> y astr\u00f3noma de la Universidad de Yale. [<em>El Comercio<\/em> (Per\u00fa), 7\/09\/2011]<\/li>\n<\/ul>\n<ul>\n<li>La ca\u00edda asociada a la gruesa atm\u00f3sfera de Venus, incluso antes de que Venus hab\u00eda entrado de lleno el disco solar, ayudar\u00e1 a los cient\u00edficos a estudiar las atm\u00f3sferas de <strong>exoplanetas<\/strong> rocosos de planetas fuera de nuestro Sistema Solar. [<em>Clar\u00edn<\/em> (Argentina), 7\/06\/2012]<\/li>\n<\/ul>\n<ul>\n<li>Se trata adem\u00e1s del <strong>exoplaneta<\/strong> m\u00e1s ligero descubierto hasta el momento alrededor de una estrella similar al Sol \u2014a la que orbita a unos seis millones de kil\u00f3metros de distancia\u2014 y fue detectado por el instrumento <acronym title=\"(High Accuracy Radial Velocity Planet Searcher\" xml:lang=\"en\" lang=\"en\">HARPS<\/acronym>, instalado en el telescopio de 3,6 metros ubicado en el Observatorio la Silla, en el norte de Chile. [<em>Clar\u00edn<\/em> (Argentina), 17\/10\/2012]<\/li>\n<\/ul>\n<ul>\n<li>El mismo programa \u00abha sido usado previamente para validar algunos de los hallazgos m\u00e1s ic\u00f3nicos de Kepler, entre ellos los primeros dos planetas con el mismo tama\u00f1o de la Tierra que orbitaban en torno a una estrella similar al Sol, y el primer <strong>exoplaneta<\/strong> menor que Mercurio\u00bb, explic\u00f3. [<em>El Tiempo<\/em> (Colombia), 7\/01\/2015]<\/li>\n<\/ul>\n<p>La voz <em>exoplaneta<\/em> es una acu\u00f1aci\u00f3n tard\u00eda; el t\u00e9rmino se divulga entre los distintos medios de comunicaci\u00f3n especialmente a partir de 2010, a ra\u00edz de los continuos y numerosos descubrimientos de estos cuerpos celestes (uno de los \u00faltimos, el Pr\u00f3xima B, en 2016), aunque ya unas d\u00e9cadas antes, a finales del siglo <span class=\"versalitas\">xx<\/span>, era de uso com\u00fan en \u00e1mbitos cient\u00edficos de astronom\u00eda y astrof\u00edsica. Esta circunstancia explica el hecho de que \u00fanicamente lo registren dos obras lexicogr\u00e1ficas del espa\u00f1ol de publicaci\u00f3n reciente: el citado <acronym><em>DEA<\/em><\/acronym>, solo en su segunda edici\u00f3n (2011), y el <acronym title=\"Neologismos del espa\u00f1ol actual, de Mar\u00eda Moliner \"><em> NEOMM<\/em><\/acronym>, de 2013. No figura en otras obras contempor\u00e1neas como el <em>Clave<\/em> (2012) o la \u00faltima edici\u00f3n del <acronym title=\"Diccionario de la Real Academia Espa\u00f1ola\"><em>DRAE<\/em><\/acronym>, si bien s\u00ed aparece en diccionarios de otras lenguas, como el <em>Cambridge Dictionary<\/em> para el ingl\u00e9s, <em>Le Grand Robert<\/em> para el franc\u00e9s, el <em>Dicion\u00e1rio Priberam da l\u00edngua portuguesa<\/em> para el portugu\u00e9s o el <em>Duden<\/em> para el alem\u00e1n. Como es previsible, no consta ni en el <em>Diccionario de voces del espa\u00f1ol actual <\/em>(M. Alvar Ezquerra, 1994), ni en el <em>Diccionario de uso del espa\u00f1ol de Am\u00e9rica y Espa\u00f1a <\/em>(P. Battaner, <abbr title=\"directora\">dir.<\/abbr>, 2002), ni en el <em>Nuevo diccionario de voces del espa\u00f1ol actual <\/em>(M. Alvar Ezquerra, 2004), entre otros.<\/p>\n<p>La voz <em>exoplaneta<\/em> forma parte del vocabulario cient\u00edfico, concretamente de la astronom\u00eda (lenguaje especializado); es inusual su empleo fuera de ese \u00e1mbito, salvo en noticias de divulgaci\u00f3n cient\u00edfica en los medios de comunicaci\u00f3n de inter\u00e9s general.<\/p>\n<p>Desde el punto de vista morfol\u00f3gico, es un sustantivo formado por composici\u00f3n culta, con el formante inicial <em>exo<\/em>&#8211; \u2018fuera\u2019, \u2018en el exterior\u2019, de origen griego, en combinaci\u00f3n con el sustantivo <em>planeta<\/em> (<abbr title=\"lat\u00edn\">lat.<\/abbr> plan\u0113ta). De <em>exoplaneta<\/em> se ha creado, por sufijaci\u00f3n (<em>-ario<\/em>), el adjetivo <em>exoplanetario -ria<\/em>, por analog\u00eda con&nbsp;<em>planetario<\/em>, que a\u00fan no est\u00e1 recogido en ninguna de las obras lexicogr\u00e1ficas citadas.<\/p>\n<p>A tenor de los registros del <em>Diccionario de la lengua espa\u00f1ola<\/em>, el formante<em> exo<\/em>&#8211; solo aparece en una veintena de t\u00e9rminos del \u00e1mbito cient\u00edfico (biolog\u00eda, medicina, f\u00edsica, astronom\u00eda, antropolog\u00eda\u2026). El car\u00e1cter poco productivo de este formante acaso explique el que no se incluya en la lista de prefijos, ni de temas cultos o prefijoides, de algunos manuales de formaci\u00f3n de palabras del espa\u00f1ol. Algunos de estos t\u00e9rminos est\u00e1n importados directamente del lat\u00edn o del griego, con el reajuste fon\u00e9tico oportuno: <em>ex\u00f3tico<\/em>, <em>exot\u00e9rico<\/em>, <em>exoesqueleto<\/em>, <abbr title=\"etc\u00e9tera\">etc.<\/abbr>; es decir, se importa la palabra ya con el formante. Varios de ellos est\u00e1n constituidos de dos o tres temas cultos: <em>exogamia<\/em>, <em>exocrino<\/em>, <em>exocitosis<\/em>, <em>exobiolog\u00eda<\/em>. Seg\u00fan esos registros y nuestra pesquisa, las bases de formaci\u00f3n a que se adjunta el formante son nombres y adjetivos: <em>exoesqueleto<\/em>,<em> ex\u00f3smosis<\/em>, <em>exot\u00e9rmico<\/em>, <em>ex\u00f3gamo<\/em>. No hemos localizado ning\u00fan caso de base verbal, aunque alg\u00fan autor la haya propuesto, sin aportar ejemplos. Algunos adjetivos son formas derivadas patrimoniales de nombres importados: <em>exog\u00e1mico<\/em> (&lt; <em>exogamia<\/em>), <em>exoft\u00e1lmico<\/em> (&lt; <em>exoftalmia<\/em>), <abbr>etc.<\/abbr> En algunas formaciones, el prefijo sufre una contracci\u00f3n con los sonidos iniciales de la base (haplolog\u00eda): <em>ex\u00f3smosis<\/em>,<em> exosfera<\/em>, <em>exoftalmia<\/em>.<\/p>\n<p>Mario Garc\u00eda-Page<br \/>\nUniversidad Nacional de Educaci\u00f3n a Distancia (Espa\u00f1a)<\/p>\n","protected":false},"excerpt":{"rendered":"<p>La voz <em>exoplaneta<\/em> es un neologismo creado para definir el planeta situado  fuera del sistema solar, tal como figura en el <acronym title=\"Diccionario del espa\u00f1ol actual\"><em>DEA<\/em><\/acronym>: &lsquo;planeta que se encuentra fuera del sistema solar&rsquo;. Se le dice  tambi&eacute;n <em>planeta extrasolar<\/em>. Aunque su  significado es preciso y un&iacute;voco, lo cierto es que de sus formantes no se  infiere que sea externo al Sol: podr&iacute;a aplicarse a cualquier otro planeta  situado fuera de otro sistema distinto del solar. Este significado es el que  puede deducirse del siguiente comunicado cient&iacute;fico (eso1629es), de 24 de  agosto de 2016, en relaci&oacute;n con uno de los &uacute;ltimos descubrimientos<\/p>\n","protected":false},"author":1,"featured_media":1338,"comment_status":"open","ping_status":"open","sticky":false,"template":"","format":"standard","meta":{"_mi_skip_tracking":false,"_s2mail":"yes"},"categories":[83,197,206],"tags":[],"yoast_head":"<!-- This site is optimized with the Yoast SEO plugin v20.6 - https:\/\/yoast.com\/wordpress\/plugins\/seo\/ -->\n<title>CVC. Exoplaneta | Martes Neol\u00f3gico<\/title>\n<meta name=\"description\" content=\"Art\u00edculo sobre el neologismo \u00abexoplaneta\u00bb, dentro del blog Martes Neol\u00f3gico del Centro Virtual Cervantes.\" \/>\n<meta name=\"robots\" content=\"index, follow, max-snippet:-1, max-image-preview:large, max-video-preview:-1\" \/>\n<link rel=\"canonical\" href=\"https:\/\/blogscvc.cervantes.es\/martes-neologico\/exoplaneta\/\" \/>\n<meta property=\"og:locale\" content=\"es_ES\" \/>\n<meta property=\"og:type\" content=\"article\" \/>\n<meta property=\"og:title\" content=\"CVC. Exoplaneta | Martes Neol\u00f3gico\" \/>\n<meta property=\"og:description\" content=\"Art\u00edculo sobre el neologismo \u00abexoplaneta\u00bb, dentro del blog Martes Neol\u00f3gico del Centro Virtual Cervantes.\" \/>\n<meta property=\"og:url\" content=\"https:\/\/blogscvc.cervantes.es\/martes-neologico\/exoplaneta\/\" \/>\n<meta property=\"og:site_name\" content=\"Martes Neol\u00f3gico\" \/>\n<meta property=\"article:published_time\" content=\"2016-11-29T05:15:13+00:00\" \/>\n<meta property=\"article:modified_time\" content=\"2025-07-30T12:14:37+00:00\" \/>\n<meta property=\"og:image\" content=\"http:\/\/blogscvc.cervantes.es\/martes-neologico\/wp-content\/uploads\/sites\/2\/2016\/11\/exoplaneta_350.jpg\" \/>\n\t<meta property=\"og:image:width\" content=\"750\" \/>\n\t<meta property=\"og:image:height\" content=\"350\" \/>\n\t<meta property=\"og:image:type\" content=\"image\/jpeg\" \/>\n<meta name=\"author\" content=\"admin\" \/>\n<meta name=\"twitter:card\" content=\"summary_large_image\" \/>\n<meta name=\"twitter:label1\" content=\"Escrito por\" \/>\n\t<meta name=\"twitter:data1\" content=\"admin\" \/>\n\t<meta name=\"twitter:label2\" content=\"Tiempo de lectura\" \/>\n\t<meta name=\"twitter:data2\" content=\"5 minutos\" \/>\n<script type=\"application\/ld+json\" class=\"yoast-schema-graph\">{\"@context\":\"https:\/\/schema.org\",\"@graph\":[{\"@type\":\"Article\",\"@id\":\"https:\/\/blogscvc.cervantes.es\/martes-neologico\/exoplaneta\/#article\",\"isPartOf\":{\"@id\":\"https:\/\/blogscvc.cervantes.es\/martes-neologico\/exoplaneta\/\"},\"author\":{\"name\":\"admin\",\"@id\":\"https:\/\/blogscvc.cervantes.es\/martes-neologico\/#\/schema\/person\/7e2fd26f886f53b1b2e81721d23acc47\"},\"headline\":\"exoplaneta m.\",\"datePublished\":\"2016-11-29T05:15:13+00:00\",\"dateModified\":\"2025-07-30T12:14:37+00:00\",\"mainEntityOfPage\":{\"@id\":\"https:\/\/blogscvc.cervantes.es\/martes-neologico\/exoplaneta\/\"},\"wordCount\":1040,\"commentCount\":1,\"publisher\":{\"@id\":\"https:\/\/blogscvc.cervantes.es\/martes-neologico\/#organization\"},\"articleSection\":[\"astronom\u00eda\",\"composici\u00f3n h\u00edbrida\",\"diccionarizado\"],\"inLanguage\":\"es\",\"potentialAction\":[{\"@type\":\"CommentAction\",\"name\":\"Comment\",\"target\":[\"https:\/\/blogscvc.cervantes.es\/martes-neologico\/exoplaneta\/#respond\"]}]},{\"@type\":\"WebPage\",\"@id\":\"https:\/\/blogscvc.cervantes.es\/martes-neologico\/exoplaneta\/\",\"url\":\"https:\/\/blogscvc.cervantes.es\/martes-neologico\/exoplaneta\/\",\"name\":\"CVC. Exoplaneta | Martes Neol\u00f3gico\",\"isPartOf\":{\"@id\":\"https:\/\/blogscvc.cervantes.es\/martes-neologico\/#website\"},\"datePublished\":\"2016-11-29T05:15:13+00:00\",\"dateModified\":\"2025-07-30T12:14:37+00:00\",\"description\":\"Art\u00edculo sobre el neologismo \u00abexoplaneta\u00bb, dentro del blog Martes Neol\u00f3gico del Centro Virtual Cervantes.\",\"breadcrumb\":{\"@id\":\"https:\/\/blogscvc.cervantes.es\/martes-neologico\/exoplaneta\/#breadcrumb\"},\"inLanguage\":\"es\",\"potentialAction\":[{\"@type\":\"ReadAction\",\"target\":[\"https:\/\/blogscvc.cervantes.es\/martes-neologico\/exoplaneta\/\"]}]},{\"@type\":\"BreadcrumbList\",\"@id\":\"https:\/\/blogscvc.cervantes.es\/martes-neologico\/exoplaneta\/#breadcrumb\",\"itemListElement\":[{\"@type\":\"ListItem\",\"position\":1,\"name\":\"Portada\",\"item\":\"https:\/\/blogscvc.cervantes.es\/martes-neologico\/\"},{\"@type\":\"ListItem\",\"position\":2,\"name\":\"exoplaneta m.\"}]},{\"@type\":\"WebSite\",\"@id\":\"https:\/\/blogscvc.cervantes.es\/martes-neologico\/#website\",\"url\":\"https:\/\/blogscvc.cervantes.es\/martes-neologico\/\",\"name\":\"Martes Neol\u00f3gico\",\"description\":\"Cada martes, una palabra nueva que podr\u00eda estar en el diccionario\",\"publisher\":{\"@id\":\"https:\/\/blogscvc.cervantes.es\/martes-neologico\/#organization\"},\"potentialAction\":[{\"@type\":\"SearchAction\",\"target\":{\"@type\":\"EntryPoint\",\"urlTemplate\":\"https:\/\/blogscvc.cervantes.es\/martes-neologico\/?s={search_term_string}\"},\"query-input\":\"required name=search_term_string\"}],\"inLanguage\":\"es\"},{\"@type\":\"Organization\",\"@id\":\"https:\/\/blogscvc.cervantes.es\/martes-neologico\/#organization\",\"name\":\"Martes Neol\u00f3gico\",\"url\":\"https:\/\/blogscvc.cervantes.es\/martes-neologico\/\",\"logo\":{\"@type\":\"ImageObject\",\"inLanguage\":\"es\",\"@id\":\"https:\/\/blogscvc.cervantes.es\/martes-neologico\/#\/schema\/logo\/image\/\",\"url\":\"https:\/\/blogscvc.cervantes.es\/martes-neologico\/wp-content\/uploads\/sites\/2\/2025\/10\/logo-martes-neologico-10-anos.png\",\"contentUrl\":\"https:\/\/blogscvc.cervantes.es\/martes-neologico\/wp-content\/uploads\/sites\/2\/2025\/10\/logo-martes-neologico-10-anos.png\",\"width\":300,\"height\":100,\"caption\":\"Martes Neol\u00f3gico\"},\"image\":{\"@id\":\"https:\/\/blogscvc.cervantes.es\/martes-neologico\/#\/schema\/logo\/image\/\"}},{\"@type\":\"Person\",\"@id\":\"https:\/\/blogscvc.cervantes.es\/martes-neologico\/#\/schema\/person\/7e2fd26f886f53b1b2e81721d23acc47\",\"name\":\"admin\",\"image\":{\"@type\":\"ImageObject\",\"inLanguage\":\"es\",\"@id\":\"https:\/\/blogscvc.cervantes.es\/martes-neologico\/#\/schema\/person\/image\/\",\"url\":\"https:\/\/secure.gravatar.com\/avatar\/c4b6a365b64e607f3d2ecd9620a7675a?s=96&d=mm&r=g\",\"contentUrl\":\"https:\/\/secure.gravatar.com\/avatar\/c4b6a365b64e607f3d2ecd9620a7675a?s=96&d=mm&r=g\",\"caption\":\"admin\"},\"url\":\"https:\/\/blogscvc.cervantes.es\/martes-neologico\/author\/admin\/\"}]}<\/script>\n<!-- \/ Yoast SEO plugin. -->","yoast_head_json":{"title":"CVC. Exoplaneta | Martes Neol\u00f3gico","description":"Art\u00edculo sobre el neologismo \u00abexoplaneta\u00bb, dentro del blog Martes Neol\u00f3gico del Centro Virtual Cervantes.","robots":{"index":"index","follow":"follow","max-snippet":"max-snippet:-1","max-image-preview":"max-image-preview:large","max-video-preview":"max-video-preview:-1"},"canonical":"https:\/\/blogscvc.cervantes.es\/martes-neologico\/exoplaneta\/","og_locale":"es_ES","og_type":"article","og_title":"CVC. Exoplaneta | Martes Neol\u00f3gico","og_description":"Art\u00edculo sobre el neologismo \u00abexoplaneta\u00bb, dentro del blog Martes Neol\u00f3gico del Centro Virtual Cervantes.","og_url":"https:\/\/blogscvc.cervantes.es\/martes-neologico\/exoplaneta\/","og_site_name":"Martes Neol\u00f3gico","article_published_time":"2016-11-29T05:15:13+00:00","article_modified_time":"2025-07-30T12:14:37+00:00","og_image":[{"width":750,"height":350,"url":"http:\/\/blogscvc.cervantes.es\/martes-neologico\/wp-content\/uploads\/sites\/2\/2016\/11\/exoplaneta_350.jpg","type":"image\/jpeg"}],"author":"admin","twitter_card":"summary_large_image","twitter_misc":{"Escrito por":"admin","Tiempo de lectura":"5 minutos"},"schema":{"@context":"https:\/\/schema.org","@graph":[{"@type":"Article","@id":"https:\/\/blogscvc.cervantes.es\/martes-neologico\/exoplaneta\/#article","isPartOf":{"@id":"https:\/\/blogscvc.cervantes.es\/martes-neologico\/exoplaneta\/"},"author":{"name":"admin","@id":"https:\/\/blogscvc.cervantes.es\/martes-neologico\/#\/schema\/person\/7e2fd26f886f53b1b2e81721d23acc47"},"headline":"exoplaneta m.","datePublished":"2016-11-29T05:15:13+00:00","dateModified":"2025-07-30T12:14:37+00:00","mainEntityOfPage":{"@id":"https:\/\/blogscvc.cervantes.es\/martes-neologico\/exoplaneta\/"},"wordCount":1040,"commentCount":1,"publisher":{"@id":"https:\/\/blogscvc.cervantes.es\/martes-neologico\/#organization"},"articleSection":["astronom\u00eda","composici\u00f3n h\u00edbrida","diccionarizado"],"inLanguage":"es","potentialAction":[{"@type":"CommentAction","name":"Comment","target":["https:\/\/blogscvc.cervantes.es\/martes-neologico\/exoplaneta\/#respond"]}]},{"@type":"WebPage","@id":"https:\/\/blogscvc.cervantes.es\/martes-neologico\/exoplaneta\/","url":"https:\/\/blogscvc.cervantes.es\/martes-neologico\/exoplaneta\/","name":"CVC. Exoplaneta | Martes Neol\u00f3gico","isPartOf":{"@id":"https:\/\/blogscvc.cervantes.es\/martes-neologico\/#website"},"datePublished":"2016-11-29T05:15:13+00:00","dateModified":"2025-07-30T12:14:37+00:00","description":"Art\u00edculo sobre el neologismo \u00abexoplaneta\u00bb, dentro del blog Martes Neol\u00f3gico del Centro Virtual Cervantes.","breadcrumb":{"@id":"https:\/\/blogscvc.cervantes.es\/martes-neologico\/exoplaneta\/#breadcrumb"},"inLanguage":"es","potentialAction":[{"@type":"ReadAction","target":["https:\/\/blogscvc.cervantes.es\/martes-neologico\/exoplaneta\/"]}]},{"@type":"BreadcrumbList","@id":"https:\/\/blogscvc.cervantes.es\/martes-neologico\/exoplaneta\/#breadcrumb","itemListElement":[{"@type":"ListItem","position":1,"name":"Portada","item":"https:\/\/blogscvc.cervantes.es\/martes-neologico\/"},{"@type":"ListItem","position":2,"name":"exoplaneta m."}]},{"@type":"WebSite","@id":"https:\/\/blogscvc.cervantes.es\/martes-neologico\/#website","url":"https:\/\/blogscvc.cervantes.es\/martes-neologico\/","name":"Martes Neol\u00f3gico","description":"Cada martes, una palabra nueva que podr\u00eda estar en el diccionario","publisher":{"@id":"https:\/\/blogscvc.cervantes.es\/martes-neologico\/#organization"},"potentialAction":[{"@type":"SearchAction","target":{"@type":"EntryPoint","urlTemplate":"https:\/\/blogscvc.cervantes.es\/martes-neologico\/?s={search_term_string}"},"query-input":"required name=search_term_string"}],"inLanguage":"es"},{"@type":"Organization","@id":"https:\/\/blogscvc.cervantes.es\/martes-neologico\/#organization","name":"Martes Neol\u00f3gico","url":"https:\/\/blogscvc.cervantes.es\/martes-neologico\/","logo":{"@type":"ImageObject","inLanguage":"es","@id":"https:\/\/blogscvc.cervantes.es\/martes-neologico\/#\/schema\/logo\/image\/","url":"https:\/\/blogscvc.cervantes.es\/martes-neologico\/wp-content\/uploads\/sites\/2\/2025\/10\/logo-martes-neologico-10-anos.png","contentUrl":"https:\/\/blogscvc.cervantes.es\/martes-neologico\/wp-content\/uploads\/sites\/2\/2025\/10\/logo-martes-neologico-10-anos.png","width":300,"height":100,"caption":"Martes Neol\u00f3gico"},"image":{"@id":"https:\/\/blogscvc.cervantes.es\/martes-neologico\/#\/schema\/logo\/image\/"}},{"@type":"Person","@id":"https:\/\/blogscvc.cervantes.es\/martes-neologico\/#\/schema\/person\/7e2fd26f886f53b1b2e81721d23acc47","name":"admin","image":{"@type":"ImageObject","inLanguage":"es","@id":"https:\/\/blogscvc.cervantes.es\/martes-neologico\/#\/schema\/person\/image\/","url":"https:\/\/secure.gravatar.com\/avatar\/c4b6a365b64e607f3d2ecd9620a7675a?s=96&d=mm&r=g","contentUrl":"https:\/\/secure.gravatar.com\/avatar\/c4b6a365b64e607f3d2ecd9620a7675a?s=96&d=mm&r=g","caption":"admin"},"url":"https:\/\/blogscvc.cervantes.es\/martes-neologico\/author\/admin\/"}]}},"_links":{"self":[{"href":"https:\/\/blogscvc.cervantes.es\/martes-neologico\/wp-json\/wp\/v2\/posts\/1332"}],"collection":[{"href":"https:\/\/blogscvc.cervantes.es\/martes-neologico\/wp-json\/wp\/v2\/posts"}],"about":[{"href":"https:\/\/blogscvc.cervantes.es\/martes-neologico\/wp-json\/wp\/v2\/types\/post"}],"author":[{"embeddable":true,"href":"https:\/\/blogscvc.cervantes.es\/martes-neologico\/wp-json\/wp\/v2\/users\/1"}],"replies":[{"embeddable":true,"href":"https:\/\/blogscvc.cervantes.es\/martes-neologico\/wp-json\/wp\/v2\/comments?post=1332"}],"version-history":[{"count":8,"href":"https:\/\/blogscvc.cervantes.es\/martes-neologico\/wp-json\/wp\/v2\/posts\/1332\/revisions"}],"predecessor-version":[{"id":11594,"href":"https:\/\/blogscvc.cervantes.es\/martes-neologico\/wp-json\/wp\/v2\/posts\/1332\/revisions\/11594"}],"wp:featuredmedia":[{"embeddable":true,"href":"https:\/\/blogscvc.cervantes.es\/martes-neologico\/wp-json\/wp\/v2\/media\/1338"}],"wp:attachment":[{"href":"https:\/\/blogscvc.cervantes.es\/martes-neologico\/wp-json\/wp\/v2\/media?parent=1332"}],"wp:term":[{"taxonomy":"category","embeddable":true,"href":"https:\/\/blogscvc.cervantes.es\/martes-neologico\/wp-json\/wp\/v2\/categories?post=1332"},{"taxonomy":"post_tag","embeddable":true,"href":"https:\/\/blogscvc.cervantes.es\/martes-neologico\/wp-json\/wp\/v2\/tags?post=1332"}],"curies":[{"name":"wp","href":"https:\/\/api.w.org\/{rel}","templated":true}]}}