{"id":14107,"date":"2025-09-09T07:00:00","date_gmt":"2025-09-09T05:00:00","guid":{"rendered":"https:\/\/blogscvc.cervantes.es\/martes-neologico\/?p=14107"},"modified":"2025-09-01T09:40:04","modified_gmt":"2025-09-01T07:40:04","slug":"binarismo","status":"publish","type":"post","link":"https:\/\/blogscvc.cervantes.es\/martes-neologico\/binarismo\/","title":{"rendered":"binarismo <em>m.<\/em>"},"content":{"rendered":"\n<p>El sustantivo <em>binarismo<\/em> surge de la sufijaci\u00f3n de la base l\u00e9xica <em>binario<\/em>, <em>binaria<\/em>, adjetivo que refiere, seg\u00fan el <em>DLE<\/em>, a dos acepciones: \u00abcompuesto de dos elementos, unidades o guarismos\u00bb y \u00abdicho de un sistema de numeraci\u00f3n: de base dos\u00bb. El sufijo &#8211;<em>ismo<\/em> contribuye con el sentido de \u00abcualidad de algo\u00bb, de modo que, en principio, <em>binarismo<\/em> designa la cualidad de cualquier cosa de estar conformada por dos instancias:<\/p>\n\n\n\n<ul>\n<li>La extremadamente compleja situaci\u00f3n de Venezuela no se analiza con un <strong>binarismo<\/strong> de buenos y malos, ni de chavistas o antichavistas. [<em>El Tel\u00e9grafo<\/em> (Ecuador), 1\/2\/2019]<\/li>\n<\/ul>\n\n\n<figure class=\"wp-block-image size-large is-style-default\"><a href=\"http:\/\/blogscvc.cervantes.es\/martes-neologico\/wp-content\/uploads\/sites\/2\/2025\/09\/binarismo_500.jpg\"><img decoding=\"async\" class=\"wp-image-7916\" src=\"http:\/\/blogscvc.cervantes.es\/martes-neologico\/wp-content\/uploads\/sites\/2\/2025\/09\/binarismo_500.jpg\" alt=\"[Fotograf\u00eda] se\u00f1alizaci\u00f3n de los aseos, con sendos monigotes de var\u00f3n y mujer en dos mitades de un c\u00edrculo\"><\/a><figcaption>Tim Mossholder (Pexels)<\/figcaption><\/figure>\n\n\n<p>El significado de <em>binarismo<\/em> m\u00e1s extendido en la actualidad, sin embargo, es el que se asocia con los estudios de g\u00e9nero. A fines del siglo <span class=\"versalitas\">xx<\/span>, Judith Butler en <em>El g\u00e9nero en disputa<\/em> plantea que la idea del \u00absexo\u00bb como algo natural se configura dentro de la l\u00f3gica del <em>binarismo de g\u00e9nero<\/em> ya instalada en nuestra cultura occidental y resulta indisociable de la misma. De esta manera, el \u00absexo\u00bb entendido como la base material o natural que determina el g\u00e9nero es el efecto de una concepci\u00f3n que tiene lugar dentro del sistema social mismo y es marcado desde el origen por la matriz social <a style=\"color: #2d9659;\" href=\"https:\/\/blogscvc.cervantes.es\/martes-neologico\/heteronormativo-heteronormativa\/\">heteronormativa<\/a>. As\u00ed, <em>binarismo<\/em> es un tecnicismo acu\u00f1ado dentro de la filosof\u00eda y luego su uso se extiende a la lengua general gracias a la expansi\u00f3n de los debates sobre temas de g\u00e9nero en las sociedades occidentales. De este modo, el origen del t\u00e9rmino se da, en realidad, en la lengua inglesa, pero luego se extiende a otras lenguas, como el espa\u00f1ol. Butler propone tomar la base <em>binary<\/em> que refiere a t\u00e9rminos matem\u00e1ticos y usarlo metaf\u00f3ricamente para crear un neologismo, <em>binarism<\/em>, que le sirva de categor\u00eda de an\u00e1lisis para plantear su hip\u00f3tesis: cuestionar una posici\u00f3n ideol\u00f3gica que entiende que las personas se pueden clasificar en dos, mujer o var\u00f3n, e impide o cercena otras identidades posibles.<\/p>\n\n\n\n<ul>\n<li>Indirectamente el Estado me pon\u00eda otra vez en el <strong>binarismo<\/strong>, invisibilizando mi identidad travesti. [<em>P\u00e1gina12<\/em> (Argentina), 2\/3\/2021]<\/li>\n<\/ul>\n\n\n\n<p>Encontramos que del total de ocurrencias de <em>binarismo<\/em> en los corpus una tercera parte registra la colocaci\u00f3n de <em>binarismo<\/em> con <em>de g\u00e9nero<\/em>. Esta alta frecuencia hace que nos preguntemos si en espa\u00f1ol se da primero el uso del sintagma <em>binarismo de g\u00e9nero<\/em> y luego se produce el acortamiento a <em>binarismo<\/em> o si, directamente, se trata de un calco del ingl\u00e9s.<\/p>\n\n\n\n<ul>\n<li>El t\u00e9rmino \u2018genderqueer\u2019, com\u00fanmente abreviado como \u2018queer\u2019, engloba a todo aquel que se considere a s\u00ed mismo por fuera del <strong>binarismo de g\u00e9nero<\/strong>, \u2018hombre\/mujer\u2019, es decir, que no se siente ni hombre ni mujer, al menos no completamente. [<em>El Pa\u00eds<\/em> (Colombia), 16\/7\/2017]<\/li>\n<\/ul>\n\n\n\n<p>En cualquier caso, la forma compleja <em>binarismo<\/em> con el sentido de \u00abconstrucci\u00f3n social que implica la divisi\u00f3n sexogen\u00e9rica en dos elementos separados\u00bb, el sufijo <em>-ismo<\/em> contribuye con el sentido de \u2018doctrina\u2019, \u2018sistema\u2019 o \u2018movimiento\u2019, adem\u00e1s de con el mencionado m\u00e1s arriba de \u00abcualidad de algo\u00bb.<\/p>\n\n\n\n<p>En cuanto al registro lexicogr\u00e1fico, no todos los diccionarios del espa\u00f1ol incluyen <em>binarismo<\/em> en su nomenclatura. En todo caso, incluyen el t\u00e9rmino con el primer sentido. Por ejemplo, el <em>DEA<\/em> define la palabra como: \u00abTeor\u00eda o doctrina basada en oposiciones binarias\u00bb. Sin embargo, el cambio o especializaci\u00f3n sem\u00e1ntica relativa al g\u00e9nero comienza a ser documentado por organismos que se ocupan del espa\u00f1ol. As\u00ed, la Fund\u00e9u recoge el siguiente significado para <em>binarismo<\/em>: \u00abEl t\u00e9rmino <em>binarismo<\/em>, en el sentido con el que se est\u00e1 aplicando m\u00e1s a menudo, alude a la creencia de que las personas solo pueden tener dos g\u00e9neros, el masculino y el femenino, lo que se entiende como una forma de discriminaci\u00f3n hacia quienes no se identifican con esta dualidad\u00bb (7\/11\/2020). Algo similar ocurre en otras lenguas occidentales, que suelen incluir la voz equivalente a <em>binarismo<\/em> con su primer sentido. Por ejemplo, Merriam Webster define <em>binarism<\/em> de un modo general, que podr\u00eda abarcar el sentido de g\u00e9nero: \u00abun modo de pensamiento que predica una aparente oposici\u00f3n estable (como bueno y malo u masculino y femenino) que en el an\u00e1lisis post-estructuralista parece insuficiente para la aproximaci\u00f3n a las \u00e1reas de diferencias\u00bb.<\/p>\n\n\n\n<p>Ahora bien, frente al <em>binarismo<\/em> como concepci\u00f3n que, al restringir el reconocimiento de identidades disidentes que se autoperciben como no binarias, provoca discriminaci\u00f3n comienza a usarse la negaci\u00f3n antepuesta para designar la respuesta a esta doctrina:<\/p>\n\n\n\n<ul>\n<li>Cuando se ha hablado del <strong>no binarismo<\/strong> en el debate p\u00fablico ha sido a ra\u00edz de pol\u00e9micas, sin entrar en un debate de fondo. [<em>La Vanguardia<\/em> (Espa\u00f1a), 15\/4\/2023]<\/li>\n<\/ul>\n\n\n\n<p>El sintagma con el <em>no<\/em> antepuesto a <em>binarismo<\/em>, \u00bfes una lexicalizaci\u00f3n estable para designar la posici\u00f3n de las personas que se reconocen en disidencia con el sistema sexogen\u00e9rico preestablecido o se trata de un sintagma libre? Por la baja frecuencia que registra <em>no binarismo<\/em>, podemos considerarlo un fen\u00f3meno en proceso, sin embargo, la tendencia que se observa en los contextos registrados es que la negaci\u00f3n ocurre solamente con el sentido de \u00abbinarismo de g\u00e9nero\u00bb. El interrogante que surge es, entonces, si <em>no binarismo<\/em> corresponde a una sufijaci\u00f3n de <em>no binario<\/em> o a la anteposici\u00f3n de <em>no<\/em> a <em>binarismo.<\/em><\/p>\n\n\n\n<p>Otra prueba del peso l\u00e9xico que ha ganado el t\u00e9rmino <em>binarismo<\/em> en su sentido relativo al g\u00e9nero es su posibilidad de combinarse con el prefijo negativo <em>anti<\/em>&#8211; como vemos en el siguiente ejemplo:<\/p>\n\n\n\n<ul>\n<li>No obstante, el <strong>antibinarismo<\/strong> gana espacios. [<em>Exc\u00e9lsior <\/em>(M\u00e9xico), 7\/6\/2016]<\/li>\n<\/ul>\n\n\n\n<p>A partir de los contextos documentados, podr\u00edamos inferir que el t\u00e9rmino <em>binarismo<\/em> no necesariamente est\u00e1 en directa relaci\u00f3n con temas de g\u00e9nero, aunque resulte su uso m\u00e1s extendido en la actualidad. En cambio, <em>no binarismo<\/em> parece estrechamente vinculado a cuestiones de g\u00e9nero, por lo que podr\u00eda plantearse que sea un derivado de <a style=\"color: #2d9659;\" href=\"https:\/\/blogscvc.cervantes.es\/martes-neologico\/no-binario-no-binaria\/\"><em>no binario<\/em>, <em>no binaria<\/em><\/a>.<\/p>\n\n\n\n<p>Bas\u00e1ndonos en lo expuesto nos parece necesaria la documentaci\u00f3n del t\u00e9rmino en los diccionarios dada su extensi\u00f3n generalizada en las variedades del espa\u00f1ol, as\u00ed como en otras lenguas. Tal extensi\u00f3n de uso constituye un fen\u00f3meno interesante que evidencia c\u00f3mo en la lengua se reflejan los cambios en proceso en nuestras sociedades, entre ellos, la diversidad de actores sociales, sus luchas y el reconocimiento de sus voces.<\/p>\n\n\n\n<p>Mait\u00e9 Mancini<br>Universidad Nacional de General Sarmiento (Argentina)<\/p>\n","protected":false},"excerpt":{"rendered":"<p>El sustantivo <em>binarismo<\/em> surge de la sufijaci\u00f3n de la base l\u00e9xica <em>binario<\/em>, <em>binaria<\/em>, adjetivo que refiere, seg\u00fan el <em>DLE<\/em>, a dos acepciones: \u00abcompuesto de dos elementos, unidades o guarismos\u00bb y \u00abdicho de un sistema de numeraci\u00f3n: de base dos\u00bb. El sufijo &#8211;<em>ismo<\/em> contribuye con el sentido de \u00abcualidad de algo\u00bb, de modo que, en principio, <em>binarismo<\/em> designa la cualidad de cualquier cosa de estar conformada por dos instancias<\/p>\n","protected":false},"author":1,"featured_media":14113,"comment_status":"open","ping_status":"open","sticky":false,"template":"","format":"standard","meta":{"_mi_skip_tracking":false,"_s2mail":""},"categories":[26,37],"tags":[],"yoast_head":"<!-- This site is optimized with the Yoast SEO plugin v20.6 - https:\/\/yoast.com\/wordpress\/plugins\/seo\/ -->\n<title>CVC. Binarismo | Martes Neol\u00f3gico<\/title>\n<meta name=\"description\" content=\"Art\u00edculo sobre la el neologismo \u00abbinarismo\u00bb, dentro del blog Martes Neol\u00f3gico del Centro Virtual Cervantes.\" \/>\n<meta name=\"robots\" content=\"index, follow, max-snippet:-1, max-image-preview:large, max-video-preview:-1\" \/>\n<link rel=\"canonical\" href=\"http:\/\/blogscvc.cervantes.es\/martes-neologico\/binarismo\/\" \/>\n<meta property=\"og:locale\" content=\"es_ES\" \/>\n<meta property=\"og:type\" content=\"article\" \/>\n<meta property=\"og:title\" content=\"CVC. Binarismo | Martes Neol\u00f3gico\" \/>\n<meta property=\"og:description\" content=\"Art\u00edculo sobre la el neologismo \u00abbinarismo\u00bb, dentro del blog Martes Neol\u00f3gico del Centro Virtual Cervantes.\" \/>\n<meta property=\"og:url\" content=\"http:\/\/blogscvc.cervantes.es\/martes-neologico\/binarismo\/\" \/>\n<meta property=\"og:site_name\" content=\"Martes Neol\u00f3gico\" \/>\n<meta property=\"article:published_time\" content=\"2025-09-09T05:00:00+00:00\" \/>\n<meta property=\"article:modified_time\" content=\"2025-09-01T07:40:04+00:00\" \/>\n<meta property=\"og:image\" content=\"http:\/\/blogscvc.cervantes.es\/martes-neologico\/wp-content\/uploads\/sites\/2\/2025\/09\/binarismo_350.jpg\" \/>\n\t<meta property=\"og:image:width\" content=\"750\" \/>\n\t<meta property=\"og:image:height\" content=\"350\" \/>\n\t<meta property=\"og:image:type\" content=\"image\/jpeg\" \/>\n<meta name=\"author\" content=\"admin\" \/>\n<meta name=\"twitter:card\" content=\"summary_large_image\" \/>\n<meta name=\"twitter:label1\" content=\"Escrito por\" \/>\n\t<meta name=\"twitter:data1\" content=\"admin\" \/>\n\t<meta name=\"twitter:label2\" content=\"Tiempo de lectura\" \/>\n\t<meta name=\"twitter:data2\" content=\"5 minutos\" \/>\n<script type=\"application\/ld+json\" class=\"yoast-schema-graph\">{\"@context\":\"https:\/\/schema.org\",\"@graph\":[{\"@type\":\"Article\",\"@id\":\"http:\/\/blogscvc.cervantes.es\/martes-neologico\/binarismo\/#article\",\"isPartOf\":{\"@id\":\"http:\/\/blogscvc.cervantes.es\/martes-neologico\/binarismo\/\"},\"author\":{\"name\":\"admin\",\"@id\":\"https:\/\/blogscvc.cervantes.es\/martes-neologico\/#\/schema\/person\/7e2fd26f886f53b1b2e81721d23acc47\"},\"headline\":\"binarismo m.\",\"datePublished\":\"2025-09-09T05:00:00+00:00\",\"dateModified\":\"2025-09-01T07:40:04+00:00\",\"mainEntityOfPage\":{\"@id\":\"http:\/\/blogscvc.cervantes.es\/martes-neologico\/binarismo\/\"},\"wordCount\":1097,\"commentCount\":0,\"publisher\":{\"@id\":\"https:\/\/blogscvc.cervantes.es\/martes-neologico\/#organization\"},\"articleSection\":[\"sociedad\",\"sufijaci\u00f3n\"],\"inLanguage\":\"es\",\"potentialAction\":[{\"@type\":\"CommentAction\",\"name\":\"Comment\",\"target\":[\"http:\/\/blogscvc.cervantes.es\/martes-neologico\/binarismo\/#respond\"]}]},{\"@type\":\"WebPage\",\"@id\":\"http:\/\/blogscvc.cervantes.es\/martes-neologico\/binarismo\/\",\"url\":\"http:\/\/blogscvc.cervantes.es\/martes-neologico\/binarismo\/\",\"name\":\"CVC. Binarismo | Martes Neol\u00f3gico\",\"isPartOf\":{\"@id\":\"https:\/\/blogscvc.cervantes.es\/martes-neologico\/#website\"},\"datePublished\":\"2025-09-09T05:00:00+00:00\",\"dateModified\":\"2025-09-01T07:40:04+00:00\",\"description\":\"Art\u00edculo sobre la el neologismo \u00abbinarismo\u00bb, dentro del blog Martes Neol\u00f3gico del Centro Virtual Cervantes.\",\"breadcrumb\":{\"@id\":\"http:\/\/blogscvc.cervantes.es\/martes-neologico\/binarismo\/#breadcrumb\"},\"inLanguage\":\"es\",\"potentialAction\":[{\"@type\":\"ReadAction\",\"target\":[\"http:\/\/blogscvc.cervantes.es\/martes-neologico\/binarismo\/\"]}]},{\"@type\":\"BreadcrumbList\",\"@id\":\"http:\/\/blogscvc.cervantes.es\/martes-neologico\/binarismo\/#breadcrumb\",\"itemListElement\":[{\"@type\":\"ListItem\",\"position\":1,\"name\":\"Portada\",\"item\":\"https:\/\/blogscvc.cervantes.es\/martes-neologico\/\"},{\"@type\":\"ListItem\",\"position\":2,\"name\":\"binarismo m.\"}]},{\"@type\":\"WebSite\",\"@id\":\"https:\/\/blogscvc.cervantes.es\/martes-neologico\/#website\",\"url\":\"https:\/\/blogscvc.cervantes.es\/martes-neologico\/\",\"name\":\"Martes Neol\u00f3gico\",\"description\":\"Cada martes, una palabra nueva que podr\u00eda estar en el diccionario\",\"publisher\":{\"@id\":\"https:\/\/blogscvc.cervantes.es\/martes-neologico\/#organization\"},\"potentialAction\":[{\"@type\":\"SearchAction\",\"target\":{\"@type\":\"EntryPoint\",\"urlTemplate\":\"https:\/\/blogscvc.cervantes.es\/martes-neologico\/?s={search_term_string}\"},\"query-input\":\"required name=search_term_string\"}],\"inLanguage\":\"es\"},{\"@type\":\"Organization\",\"@id\":\"https:\/\/blogscvc.cervantes.es\/martes-neologico\/#organization\",\"name\":\"Martes Neol\u00f3gico\",\"url\":\"https:\/\/blogscvc.cervantes.es\/martes-neologico\/\",\"logo\":{\"@type\":\"ImageObject\",\"inLanguage\":\"es\",\"@id\":\"https:\/\/blogscvc.cervantes.es\/martes-neologico\/#\/schema\/logo\/image\/\",\"url\":\"https:\/\/blogscvc.cervantes.es\/martes-neologico\/wp-content\/uploads\/sites\/2\/2025\/10\/logo-martes-neologico-10-anos.png\",\"contentUrl\":\"https:\/\/blogscvc.cervantes.es\/martes-neologico\/wp-content\/uploads\/sites\/2\/2025\/10\/logo-martes-neologico-10-anos.png\",\"width\":300,\"height\":100,\"caption\":\"Martes Neol\u00f3gico\"},\"image\":{\"@id\":\"https:\/\/blogscvc.cervantes.es\/martes-neologico\/#\/schema\/logo\/image\/\"}},{\"@type\":\"Person\",\"@id\":\"https:\/\/blogscvc.cervantes.es\/martes-neologico\/#\/schema\/person\/7e2fd26f886f53b1b2e81721d23acc47\",\"name\":\"admin\",\"image\":{\"@type\":\"ImageObject\",\"inLanguage\":\"es\",\"@id\":\"https:\/\/blogscvc.cervantes.es\/martes-neologico\/#\/schema\/person\/image\/\",\"url\":\"https:\/\/secure.gravatar.com\/avatar\/c4b6a365b64e607f3d2ecd9620a7675a?s=96&d=mm&r=g\",\"contentUrl\":\"https:\/\/secure.gravatar.com\/avatar\/c4b6a365b64e607f3d2ecd9620a7675a?s=96&d=mm&r=g\",\"caption\":\"admin\"},\"url\":\"https:\/\/blogscvc.cervantes.es\/martes-neologico\/author\/admin\/\"}]}<\/script>\n<!-- \/ Yoast SEO plugin. -->","yoast_head_json":{"title":"CVC. Binarismo | Martes Neol\u00f3gico","description":"Art\u00edculo sobre la el neologismo \u00abbinarismo\u00bb, dentro del blog Martes Neol\u00f3gico del Centro Virtual Cervantes.","robots":{"index":"index","follow":"follow","max-snippet":"max-snippet:-1","max-image-preview":"max-image-preview:large","max-video-preview":"max-video-preview:-1"},"canonical":"http:\/\/blogscvc.cervantes.es\/martes-neologico\/binarismo\/","og_locale":"es_ES","og_type":"article","og_title":"CVC. Binarismo | Martes Neol\u00f3gico","og_description":"Art\u00edculo sobre la el neologismo \u00abbinarismo\u00bb, dentro del blog Martes Neol\u00f3gico del Centro Virtual Cervantes.","og_url":"http:\/\/blogscvc.cervantes.es\/martes-neologico\/binarismo\/","og_site_name":"Martes Neol\u00f3gico","article_published_time":"2025-09-09T05:00:00+00:00","article_modified_time":"2025-09-01T07:40:04+00:00","og_image":[{"width":750,"height":350,"url":"http:\/\/blogscvc.cervantes.es\/martes-neologico\/wp-content\/uploads\/sites\/2\/2025\/09\/binarismo_350.jpg","type":"image\/jpeg"}],"author":"admin","twitter_card":"summary_large_image","twitter_misc":{"Escrito por":"admin","Tiempo de lectura":"5 minutos"},"schema":{"@context":"https:\/\/schema.org","@graph":[{"@type":"Article","@id":"http:\/\/blogscvc.cervantes.es\/martes-neologico\/binarismo\/#article","isPartOf":{"@id":"http:\/\/blogscvc.cervantes.es\/martes-neologico\/binarismo\/"},"author":{"name":"admin","@id":"https:\/\/blogscvc.cervantes.es\/martes-neologico\/#\/schema\/person\/7e2fd26f886f53b1b2e81721d23acc47"},"headline":"binarismo m.","datePublished":"2025-09-09T05:00:00+00:00","dateModified":"2025-09-01T07:40:04+00:00","mainEntityOfPage":{"@id":"http:\/\/blogscvc.cervantes.es\/martes-neologico\/binarismo\/"},"wordCount":1097,"commentCount":0,"publisher":{"@id":"https:\/\/blogscvc.cervantes.es\/martes-neologico\/#organization"},"articleSection":["sociedad","sufijaci\u00f3n"],"inLanguage":"es","potentialAction":[{"@type":"CommentAction","name":"Comment","target":["http:\/\/blogscvc.cervantes.es\/martes-neologico\/binarismo\/#respond"]}]},{"@type":"WebPage","@id":"http:\/\/blogscvc.cervantes.es\/martes-neologico\/binarismo\/","url":"http:\/\/blogscvc.cervantes.es\/martes-neologico\/binarismo\/","name":"CVC. Binarismo | Martes Neol\u00f3gico","isPartOf":{"@id":"https:\/\/blogscvc.cervantes.es\/martes-neologico\/#website"},"datePublished":"2025-09-09T05:00:00+00:00","dateModified":"2025-09-01T07:40:04+00:00","description":"Art\u00edculo sobre la el neologismo \u00abbinarismo\u00bb, dentro del blog Martes Neol\u00f3gico del Centro Virtual Cervantes.","breadcrumb":{"@id":"http:\/\/blogscvc.cervantes.es\/martes-neologico\/binarismo\/#breadcrumb"},"inLanguage":"es","potentialAction":[{"@type":"ReadAction","target":["http:\/\/blogscvc.cervantes.es\/martes-neologico\/binarismo\/"]}]},{"@type":"BreadcrumbList","@id":"http:\/\/blogscvc.cervantes.es\/martes-neologico\/binarismo\/#breadcrumb","itemListElement":[{"@type":"ListItem","position":1,"name":"Portada","item":"https:\/\/blogscvc.cervantes.es\/martes-neologico\/"},{"@type":"ListItem","position":2,"name":"binarismo m."}]},{"@type":"WebSite","@id":"https:\/\/blogscvc.cervantes.es\/martes-neologico\/#website","url":"https:\/\/blogscvc.cervantes.es\/martes-neologico\/","name":"Martes Neol\u00f3gico","description":"Cada martes, una palabra nueva que podr\u00eda estar en el diccionario","publisher":{"@id":"https:\/\/blogscvc.cervantes.es\/martes-neologico\/#organization"},"potentialAction":[{"@type":"SearchAction","target":{"@type":"EntryPoint","urlTemplate":"https:\/\/blogscvc.cervantes.es\/martes-neologico\/?s={search_term_string}"},"query-input":"required name=search_term_string"}],"inLanguage":"es"},{"@type":"Organization","@id":"https:\/\/blogscvc.cervantes.es\/martes-neologico\/#organization","name":"Martes Neol\u00f3gico","url":"https:\/\/blogscvc.cervantes.es\/martes-neologico\/","logo":{"@type":"ImageObject","inLanguage":"es","@id":"https:\/\/blogscvc.cervantes.es\/martes-neologico\/#\/schema\/logo\/image\/","url":"https:\/\/blogscvc.cervantes.es\/martes-neologico\/wp-content\/uploads\/sites\/2\/2025\/10\/logo-martes-neologico-10-anos.png","contentUrl":"https:\/\/blogscvc.cervantes.es\/martes-neologico\/wp-content\/uploads\/sites\/2\/2025\/10\/logo-martes-neologico-10-anos.png","width":300,"height":100,"caption":"Martes Neol\u00f3gico"},"image":{"@id":"https:\/\/blogscvc.cervantes.es\/martes-neologico\/#\/schema\/logo\/image\/"}},{"@type":"Person","@id":"https:\/\/blogscvc.cervantes.es\/martes-neologico\/#\/schema\/person\/7e2fd26f886f53b1b2e81721d23acc47","name":"admin","image":{"@type":"ImageObject","inLanguage":"es","@id":"https:\/\/blogscvc.cervantes.es\/martes-neologico\/#\/schema\/person\/image\/","url":"https:\/\/secure.gravatar.com\/avatar\/c4b6a365b64e607f3d2ecd9620a7675a?s=96&d=mm&r=g","contentUrl":"https:\/\/secure.gravatar.com\/avatar\/c4b6a365b64e607f3d2ecd9620a7675a?s=96&d=mm&r=g","caption":"admin"},"url":"https:\/\/blogscvc.cervantes.es\/martes-neologico\/author\/admin\/"}]}},"_links":{"self":[{"href":"https:\/\/blogscvc.cervantes.es\/martes-neologico\/wp-json\/wp\/v2\/posts\/14107"}],"collection":[{"href":"https:\/\/blogscvc.cervantes.es\/martes-neologico\/wp-json\/wp\/v2\/posts"}],"about":[{"href":"https:\/\/blogscvc.cervantes.es\/martes-neologico\/wp-json\/wp\/v2\/types\/post"}],"author":[{"embeddable":true,"href":"https:\/\/blogscvc.cervantes.es\/martes-neologico\/wp-json\/wp\/v2\/users\/1"}],"replies":[{"embeddable":true,"href":"https:\/\/blogscvc.cervantes.es\/martes-neologico\/wp-json\/wp\/v2\/comments?post=14107"}],"version-history":[{"count":2,"href":"https:\/\/blogscvc.cervantes.es\/martes-neologico\/wp-json\/wp\/v2\/posts\/14107\/revisions"}],"predecessor-version":[{"id":14119,"href":"https:\/\/blogscvc.cervantes.es\/martes-neologico\/wp-json\/wp\/v2\/posts\/14107\/revisions\/14119"}],"wp:featuredmedia":[{"embeddable":true,"href":"https:\/\/blogscvc.cervantes.es\/martes-neologico\/wp-json\/wp\/v2\/media\/14113"}],"wp:attachment":[{"href":"https:\/\/blogscvc.cervantes.es\/martes-neologico\/wp-json\/wp\/v2\/media?parent=14107"}],"wp:term":[{"taxonomy":"category","embeddable":true,"href":"https:\/\/blogscvc.cervantes.es\/martes-neologico\/wp-json\/wp\/v2\/categories?post=14107"},{"taxonomy":"post_tag","embeddable":true,"href":"https:\/\/blogscvc.cervantes.es\/martes-neologico\/wp-json\/wp\/v2\/tags?post=14107"}],"curies":[{"name":"wp","href":"https:\/\/api.w.org\/{rel}","templated":true}]}}