{"id":14461,"date":"2026-01-20T07:00:00","date_gmt":"2026-01-20T05:00:00","guid":{"rendered":"https:\/\/blogscvc.cervantes.es\/martes-neologico\/?p=14461"},"modified":"2026-01-20T08:26:49","modified_gmt":"2026-01-20T06:26:49","slug":"autocuidado","status":"publish","type":"post","link":"https:\/\/blogscvc.cervantes.es\/martes-neologico\/autocuidado\/","title":{"rendered":"autocuidado <em>m.<\/em>"},"content":{"rendered":"\n<p>La palabra de la que hablaremos, <em>autocuidado<\/em>, ha ganado popularidad en los \u00faltimos a\u00f1os, sobre todo en contextos relacionados con el bienestar personal, la belleza y la salud mental. Este neologismo lexicogr\u00e1fico designa las pr\u00e1cticas que permiten cuidarse a uno mismo, tanto f\u00edsica como mentalmente. Su uso ha ido creciendo en los medios de comunicaci\u00f3n, entornos profesionales y redes sociales debido al aumento del inter\u00e9s por las rutinas, los h\u00e1bitos saludables y la gesti\u00f3n de la salud mental.<\/p>\n\n\n<figure class=\"wp-block-image size-large is-style-default\"><a href=\"http:\/\/blogscvc.cervantes.es\/martes-neologico\/wp-content\/uploads\/sites\/2\/2026\/01\/autocuidado_500.jpg\"><img decoding=\"async\" class=\"wp-image-7916\" src=\"http:\/\/blogscvc.cervantes.es\/martes-neologico\/wp-content\/uploads\/sites\/2\/2026\/01\/autocuidado_500.jpg\" alt=\"[fotograf\u00eda] pies en una ba\u00f1era con elementos de relax.\"><\/a><figcaption>Taryn Elliott (Pexels)<\/figcaption><\/figure>\n\n\n<p>La voz masculina <em>autocuidado<\/em> es una palabra formada con el prefijo <em>auto-<\/em>, del griego <em>\u03b1\u1f50\u03c4\u03bf<\/em>, que significa \u2018propio\u2019 o \u2018por uno mismo\u2019 y el sustantivo <em>cuidado<\/em>. As\u00ed, tenemos el cuidado por uno mismo, el cuidado propio. Esta idea surgi\u00f3 en 1959 en el \u00e1mbito de la salud y fue propuesta por Dorothea Orem, una enfermera te\u00f3rica. Orem defin\u00eda <em>autocuidado<\/em> como las actividades que realizan los individuos, familias o comunidades para promover la salud, prevenir enfermedades o limitarlas cuando existen y as\u00ed tener una mejor calidad de vida. Por lo tanto, en el \u00e1mbito sanitario, este t\u00e9rmino hace referencia a las pr\u00e1cticas que las personas llevan a cabo para mantener su bienestar y salud, como hacer ejercicio, tener una alimentaci\u00f3n equilibrada e incluso la higiene personal, aunque esta voz no solo se encuentra en textos que hablan sobre la salud en general, sino tambi\u00e9n sobre los tratamientos de una enfermedad o su prevenci\u00f3n. Este \u00faltimo uso de <em>autocuidado<\/em> creci\u00f3 durante la pandemia para hablar de las medidas de prevenci\u00f3n para evitar contagios por COVID-19:<\/p>\n\n\n\n<ul>\n<li>El Comit\u00e9 reitera su llamado a todos los sectores de la sociedad a mantener las medidas de <strong>autocuidado<\/strong> y de cuidado por el otro para enfrentar la pandemia, reconociendo la responsabilidad compartida entre individuos, colectivos sociales e instituciones de gobierno, especialmente ahora cuando enfrentamos una tercera ola de mayor transmisibilidad, con un gran impacto en el sistema de salud. [<em>El Espectador<\/em> (Colombia), 27\/4\/2021)]<\/li>\n\n\n\n<li>\u00bfC\u00f3mo convencer del peligro si el propio Presidente anda de gira y c\u00f3mo promover los <strong>autocuidados<\/strong> si el Presidente nunca usa cubrebocas ni gel antibacterial?, pregunt\u00f3 la diputada Martha Estela Romo (PAN). [<em>La Jornada<\/em> (M\u00e9xico), 28\/5\/2020]<\/li>\n<\/ul>\n\n\n\n<p>Es en este siglo <span class=\"versalitas\">xxi<\/span>, en el que la salud mental ha empezado a aumentar su visibilidad en la sociedad, cuando <em>autocuidado<\/em> se ha convertido en una palabra de uso cotidiano asociada con esta preocupaci\u00f3n por el bienestar mental y emocional:<\/p>\n\n\n\n<ul>\n<li>Los j\u00f3venes de entre 18 y 39 a\u00f1os reflejan un menor <strong>autocuidado<\/strong> emocional y presentan m\u00e1s ansiedad, depresi\u00f3n y sentimientos de soledad ante el coronavirus que las personas mayores de 60 a\u00f1os. [<em>La Opini\u00f3n de M\u00e1laga<\/em> (Espa\u00f1a), 21\/4\/2020]<\/li>\n<\/ul>\n\n\n\n<p>Asimismo, en la sociedad actual, el cuidado personal se relaciona tambi\u00e9n con la belleza: las redes sociales muestran este uso del t\u00e9rmino asociado al cuidado del aspecto con el uso de cosm\u00e9ticos. As\u00ed pues, el <em>autocuidado<\/em> no solo nos ayuda a estar m\u00e1s sanos, sino tambi\u00e9n a gustarnos m\u00e1s:<\/p>\n\n\n\n<ul>\n<li>3 claves para el <strong>autocuidado<\/strong> de la piel que debes tener siempre muy presentes. [<em>El Mundo<\/em> (Espa\u00f1a), 2\/5\/2021]<\/li>\n<\/ul>\n\n\n\n<p>En algunas ocasiones encontramos el uso de la voz <em>autocuidado<\/em> con significados que no se relacionan con la salud o con el cuidado f\u00edsico o mental, sino con la precauci\u00f3n (con el sentido de \u2018tener cuidado\u2019) y la responsabilidad sexual. Estos usos se localizan solo en Hispanoam\u00e9rica:<\/p>\n\n\n\n<ul>\n<li>Ante lo sucedido, la autoridad reiter\u00f3 el <strong>autocuidado<\/strong> a las personas y veraneantes, pues es la \u00fanica forma eficaz de evitar los fallecimientos por inmersi\u00f3n en el mar. [<em>El Sur<\/em> (Chile), 28\/1\/2007]<\/li>\n\n\n\n<li>El VIH destap\u00f3 temas tab\u00fa. Nos ense\u00f1\u00f3 a hablar de sexo, del preservativo, del <strong>autocuidado<\/strong>. [<em>El Tiempo<\/em> (Colombia), 17\/2\/2019]<\/li>\n<\/ul>\n\n\n\n<p>En cuanto a su uso, seg\u00fan los datos de la base de datos Factiva, el neologismo <em>autocuidado<\/em> se introdujo en el vocabulario espa\u00f1ol en el a\u00f1o 1995, concretamente en Espa\u00f1a, en el diario <em>El Mundo<\/em>. Dos a\u00f1os m\u00e1s tarde, en 1997, se empez\u00f3 a usar tambi\u00e9n en Hispanoam\u00e9rica, en M\u00e9xico. Y ya a partir del a\u00f1o 2000 el t\u00e9rmino comenz\u00f3 a registrarse en otros pa\u00edses de Hispanoam\u00e9rica, como Argentina, Colombia y Chile. Su uso se restring\u00eda al \u00e1mbito de la salud f\u00edsica y las enfermedades.<\/p>\n\n\n\n<p>A pesar de ser un neologismo que lleva a\u00f1os en uso, no se encuentra recogido en obras lexicogr\u00e1ficas del espa\u00f1ol, como <em>Alvar1<\/em>, <em>Alvar2<\/em>, <em>Clave<\/em> o <em>DEA<\/em>, si bien est\u00e1 documentado en el <em>NEOMM<\/em>, con la definici\u00f3n \u00abcuidado de uno mismo mediante actividades o pr\u00e1cticas que contribuyen a mantener la salud y el bienestar\u00bb. En catal\u00e1n <em>autocura<\/em> tampoco aparece en el <em>Gran diccionari de la llengua catalana<\/em>, aunque s\u00ed que est\u00e1 recogido en el Termcat como el conjunto de acciones que lleva a cabo una persona para su bienestar y salud. En ingl\u00e9s <em>self-care<\/em> se encuentra en diccionarios como el <em>Oxford English Dictionary<\/em>, donde tambi\u00e9n se menciona el cuidado del aspecto f\u00edsico,y el <em>Cambridge Dictionary<\/em>. Asimismo, se recoge el italiano <em>autocura<\/em> en el <em>Dizionario Hoepli della lingua italiana<\/em>, definido como un tratamiento curativo que realiza un paciente a s\u00ed mismo.<\/p>\n\n\n\n<p>En definitiva, el t\u00e9rmino <em>autocuidado<\/em> ha evolucionado desde su origen, cuando solo se usaba en el \u00e1mbito sanitario, hasta llegar a otras \u00e1reas como la de la cosm\u00e9tica y la belleza. Es interesante observar c\u00f3mo este t\u00e9rmino ha ido convirti\u00e9ndose en una palabra de uso com\u00fan en la actualidad y en diferentes \u00e1mbitos, destacando as\u00ed la importancia de cuidar la propia salud y el bienestar, tanto f\u00edsico como mental y emocional, y los valores positivos que conlleva. Teniendo en cuenta su importancia y que el uso del concepto en la vida cotidiana ha ido en aumento, ser\u00eda recomendable que el diccionario acad\u00e9mico tambi\u00e9n lo incorporara.<\/p>\n\n\n\n<p>Mireia Mart\u00ednez Reyes<br>Universitat Pompeu Fabra (Espa\u00f1a)<\/p>\n","protected":false},"excerpt":{"rendered":"<p>La palabra de la que hablaremos, <em>autocuidado<\/em>, ha ganado popularidad en los \u00faltimos a\u00f1os, sobre todo en contextos relacionados con el bienestar personal, la belleza y la salud mental. Este neologismo lexicogr\u00e1fico designa las pr\u00e1cticas que permiten cuidarse a uno mismo, tanto f\u00edsica como mentalmente. Su uso ha ido creciendo en los medios de comunicaci\u00f3n, entornos profesionales y redes sociales debido al aumento del inter\u00e9s por las rutinas, los h\u00e1bitos saludables y la gesti\u00f3n de la salud mental.<\/p>\n","protected":false},"author":1,"featured_media":14467,"comment_status":"open","ping_status":"open","sticky":false,"template":"","format":"standard","meta":{"_mi_skip_tracking":false,"_s2mail":""},"categories":[52,73],"tags":[],"yoast_head":"<!-- This site is optimized with the Yoast SEO plugin v20.6 - https:\/\/yoast.com\/wordpress\/plugins\/seo\/ -->\n<title>CVC. Autocuidado | Martes Neol\u00f3gico<\/title>\n<meta name=\"description\" content=\"Art\u00edculo sobre el neologismo \u00abautocuidado\u00bb, dentro del blog Martes Neol\u00f3gico del Centro Virtual Cervantes.\" \/>\n<meta name=\"robots\" content=\"index, follow, max-snippet:-1, max-image-preview:large, max-video-preview:-1\" \/>\n<link rel=\"canonical\" href=\"https:\/\/blogscvc.cervantes.es\/martes-neologico\/autocuidado\/\" \/>\n<meta property=\"og:locale\" content=\"es_ES\" \/>\n<meta property=\"og:type\" content=\"article\" \/>\n<meta property=\"og:title\" content=\"CVC. Autocuidado | Martes Neol\u00f3gico\" \/>\n<meta property=\"og:description\" content=\"Art\u00edculo sobre el neologismo \u00abautocuidado\u00bb, dentro del blog Martes Neol\u00f3gico del Centro Virtual Cervantes.\" \/>\n<meta property=\"og:url\" content=\"https:\/\/blogscvc.cervantes.es\/martes-neologico\/autocuidado\/\" \/>\n<meta property=\"og:site_name\" content=\"Martes Neol\u00f3gico\" \/>\n<meta property=\"article:published_time\" content=\"2026-01-20T05:00:00+00:00\" \/>\n<meta property=\"article:modified_time\" content=\"2026-01-20T06:26:49+00:00\" \/>\n<meta property=\"og:image\" content=\"http:\/\/blogscvc.cervantes.es\/martes-neologico\/wp-content\/uploads\/sites\/2\/2026\/01\/autocuidado_350.jpg\" \/>\n\t<meta property=\"og:image:width\" content=\"750\" \/>\n\t<meta property=\"og:image:height\" content=\"350\" \/>\n\t<meta property=\"og:image:type\" content=\"image\/jpeg\" \/>\n<meta name=\"author\" content=\"admin\" \/>\n<meta name=\"twitter:card\" content=\"summary_large_image\" \/>\n<meta name=\"twitter:label1\" content=\"Escrito por\" \/>\n\t<meta name=\"twitter:data1\" content=\"admin\" \/>\n\t<meta name=\"twitter:label2\" content=\"Tiempo de lectura\" \/>\n\t<meta name=\"twitter:data2\" content=\"5 minutos\" \/>\n<script type=\"application\/ld+json\" class=\"yoast-schema-graph\">{\"@context\":\"https:\/\/schema.org\",\"@graph\":[{\"@type\":\"Article\",\"@id\":\"https:\/\/blogscvc.cervantes.es\/martes-neologico\/autocuidado\/#article\",\"isPartOf\":{\"@id\":\"https:\/\/blogscvc.cervantes.es\/martes-neologico\/autocuidado\/\"},\"author\":{\"name\":\"admin\",\"@id\":\"https:\/\/blogscvc.cervantes.es\/martes-neologico\/#\/schema\/person\/7e2fd26f886f53b1b2e81721d23acc47\"},\"headline\":\"autocuidado m.\",\"datePublished\":\"2026-01-20T05:00:00+00:00\",\"dateModified\":\"2026-01-20T06:26:49+00:00\",\"mainEntityOfPage\":{\"@id\":\"https:\/\/blogscvc.cervantes.es\/martes-neologico\/autocuidado\/\"},\"wordCount\":995,\"commentCount\":0,\"publisher\":{\"@id\":\"https:\/\/blogscvc.cervantes.es\/martes-neologico\/#organization\"},\"articleSection\":[\"prefijaci\u00f3n\",\"salud\"],\"inLanguage\":\"es\",\"potentialAction\":[{\"@type\":\"CommentAction\",\"name\":\"Comment\",\"target\":[\"https:\/\/blogscvc.cervantes.es\/martes-neologico\/autocuidado\/#respond\"]}]},{\"@type\":\"WebPage\",\"@id\":\"https:\/\/blogscvc.cervantes.es\/martes-neologico\/autocuidado\/\",\"url\":\"https:\/\/blogscvc.cervantes.es\/martes-neologico\/autocuidado\/\",\"name\":\"CVC. Autocuidado | Martes Neol\u00f3gico\",\"isPartOf\":{\"@id\":\"https:\/\/blogscvc.cervantes.es\/martes-neologico\/#website\"},\"datePublished\":\"2026-01-20T05:00:00+00:00\",\"dateModified\":\"2026-01-20T06:26:49+00:00\",\"description\":\"Art\u00edculo sobre el neologismo \u00abautocuidado\u00bb, dentro del blog Martes Neol\u00f3gico del Centro Virtual Cervantes.\",\"breadcrumb\":{\"@id\":\"https:\/\/blogscvc.cervantes.es\/martes-neologico\/autocuidado\/#breadcrumb\"},\"inLanguage\":\"es\",\"potentialAction\":[{\"@type\":\"ReadAction\",\"target\":[\"https:\/\/blogscvc.cervantes.es\/martes-neologico\/autocuidado\/\"]}]},{\"@type\":\"BreadcrumbList\",\"@id\":\"https:\/\/blogscvc.cervantes.es\/martes-neologico\/autocuidado\/#breadcrumb\",\"itemListElement\":[{\"@type\":\"ListItem\",\"position\":1,\"name\":\"Portada\",\"item\":\"https:\/\/blogscvc.cervantes.es\/martes-neologico\/\"},{\"@type\":\"ListItem\",\"position\":2,\"name\":\"autocuidado m.\"}]},{\"@type\":\"WebSite\",\"@id\":\"https:\/\/blogscvc.cervantes.es\/martes-neologico\/#website\",\"url\":\"https:\/\/blogscvc.cervantes.es\/martes-neologico\/\",\"name\":\"Martes Neol\u00f3gico\",\"description\":\"Cada martes, una palabra nueva que podr\u00eda estar en el diccionario\",\"publisher\":{\"@id\":\"https:\/\/blogscvc.cervantes.es\/martes-neologico\/#organization\"},\"potentialAction\":[{\"@type\":\"SearchAction\",\"target\":{\"@type\":\"EntryPoint\",\"urlTemplate\":\"https:\/\/blogscvc.cervantes.es\/martes-neologico\/?s={search_term_string}\"},\"query-input\":\"required name=search_term_string\"}],\"inLanguage\":\"es\"},{\"@type\":\"Organization\",\"@id\":\"https:\/\/blogscvc.cervantes.es\/martes-neologico\/#organization\",\"name\":\"Martes Neol\u00f3gico\",\"url\":\"https:\/\/blogscvc.cervantes.es\/martes-neologico\/\",\"logo\":{\"@type\":\"ImageObject\",\"inLanguage\":\"es\",\"@id\":\"https:\/\/blogscvc.cervantes.es\/martes-neologico\/#\/schema\/logo\/image\/\",\"url\":\"https:\/\/blogscvc.cervantes.es\/martes-neologico\/wp-content\/uploads\/sites\/2\/2025\/10\/logo-martes-neologico-10-anos.png\",\"contentUrl\":\"https:\/\/blogscvc.cervantes.es\/martes-neologico\/wp-content\/uploads\/sites\/2\/2025\/10\/logo-martes-neologico-10-anos.png\",\"width\":300,\"height\":100,\"caption\":\"Martes Neol\u00f3gico\"},\"image\":{\"@id\":\"https:\/\/blogscvc.cervantes.es\/martes-neologico\/#\/schema\/logo\/image\/\"}},{\"@type\":\"Person\",\"@id\":\"https:\/\/blogscvc.cervantes.es\/martes-neologico\/#\/schema\/person\/7e2fd26f886f53b1b2e81721d23acc47\",\"name\":\"admin\",\"image\":{\"@type\":\"ImageObject\",\"inLanguage\":\"es\",\"@id\":\"https:\/\/blogscvc.cervantes.es\/martes-neologico\/#\/schema\/person\/image\/\",\"url\":\"https:\/\/secure.gravatar.com\/avatar\/c4b6a365b64e607f3d2ecd9620a7675a?s=96&d=mm&r=g\",\"contentUrl\":\"https:\/\/secure.gravatar.com\/avatar\/c4b6a365b64e607f3d2ecd9620a7675a?s=96&d=mm&r=g\",\"caption\":\"admin\"},\"url\":\"https:\/\/blogscvc.cervantes.es\/martes-neologico\/author\/admin\/\"}]}<\/script>\n<!-- \/ Yoast SEO plugin. -->","yoast_head_json":{"title":"CVC. Autocuidado | Martes Neol\u00f3gico","description":"Art\u00edculo sobre el neologismo \u00abautocuidado\u00bb, dentro del blog Martes Neol\u00f3gico del Centro Virtual Cervantes.","robots":{"index":"index","follow":"follow","max-snippet":"max-snippet:-1","max-image-preview":"max-image-preview:large","max-video-preview":"max-video-preview:-1"},"canonical":"https:\/\/blogscvc.cervantes.es\/martes-neologico\/autocuidado\/","og_locale":"es_ES","og_type":"article","og_title":"CVC. Autocuidado | Martes Neol\u00f3gico","og_description":"Art\u00edculo sobre el neologismo \u00abautocuidado\u00bb, dentro del blog Martes Neol\u00f3gico del Centro Virtual Cervantes.","og_url":"https:\/\/blogscvc.cervantes.es\/martes-neologico\/autocuidado\/","og_site_name":"Martes Neol\u00f3gico","article_published_time":"2026-01-20T05:00:00+00:00","article_modified_time":"2026-01-20T06:26:49+00:00","og_image":[{"width":750,"height":350,"url":"http:\/\/blogscvc.cervantes.es\/martes-neologico\/wp-content\/uploads\/sites\/2\/2026\/01\/autocuidado_350.jpg","type":"image\/jpeg"}],"author":"admin","twitter_card":"summary_large_image","twitter_misc":{"Escrito por":"admin","Tiempo de lectura":"5 minutos"},"schema":{"@context":"https:\/\/schema.org","@graph":[{"@type":"Article","@id":"https:\/\/blogscvc.cervantes.es\/martes-neologico\/autocuidado\/#article","isPartOf":{"@id":"https:\/\/blogscvc.cervantes.es\/martes-neologico\/autocuidado\/"},"author":{"name":"admin","@id":"https:\/\/blogscvc.cervantes.es\/martes-neologico\/#\/schema\/person\/7e2fd26f886f53b1b2e81721d23acc47"},"headline":"autocuidado m.","datePublished":"2026-01-20T05:00:00+00:00","dateModified":"2026-01-20T06:26:49+00:00","mainEntityOfPage":{"@id":"https:\/\/blogscvc.cervantes.es\/martes-neologico\/autocuidado\/"},"wordCount":995,"commentCount":0,"publisher":{"@id":"https:\/\/blogscvc.cervantes.es\/martes-neologico\/#organization"},"articleSection":["prefijaci\u00f3n","salud"],"inLanguage":"es","potentialAction":[{"@type":"CommentAction","name":"Comment","target":["https:\/\/blogscvc.cervantes.es\/martes-neologico\/autocuidado\/#respond"]}]},{"@type":"WebPage","@id":"https:\/\/blogscvc.cervantes.es\/martes-neologico\/autocuidado\/","url":"https:\/\/blogscvc.cervantes.es\/martes-neologico\/autocuidado\/","name":"CVC. Autocuidado | Martes Neol\u00f3gico","isPartOf":{"@id":"https:\/\/blogscvc.cervantes.es\/martes-neologico\/#website"},"datePublished":"2026-01-20T05:00:00+00:00","dateModified":"2026-01-20T06:26:49+00:00","description":"Art\u00edculo sobre el neologismo \u00abautocuidado\u00bb, dentro del blog Martes Neol\u00f3gico del Centro Virtual Cervantes.","breadcrumb":{"@id":"https:\/\/blogscvc.cervantes.es\/martes-neologico\/autocuidado\/#breadcrumb"},"inLanguage":"es","potentialAction":[{"@type":"ReadAction","target":["https:\/\/blogscvc.cervantes.es\/martes-neologico\/autocuidado\/"]}]},{"@type":"BreadcrumbList","@id":"https:\/\/blogscvc.cervantes.es\/martes-neologico\/autocuidado\/#breadcrumb","itemListElement":[{"@type":"ListItem","position":1,"name":"Portada","item":"https:\/\/blogscvc.cervantes.es\/martes-neologico\/"},{"@type":"ListItem","position":2,"name":"autocuidado m."}]},{"@type":"WebSite","@id":"https:\/\/blogscvc.cervantes.es\/martes-neologico\/#website","url":"https:\/\/blogscvc.cervantes.es\/martes-neologico\/","name":"Martes Neol\u00f3gico","description":"Cada martes, una palabra nueva que podr\u00eda estar en el diccionario","publisher":{"@id":"https:\/\/blogscvc.cervantes.es\/martes-neologico\/#organization"},"potentialAction":[{"@type":"SearchAction","target":{"@type":"EntryPoint","urlTemplate":"https:\/\/blogscvc.cervantes.es\/martes-neologico\/?s={search_term_string}"},"query-input":"required name=search_term_string"}],"inLanguage":"es"},{"@type":"Organization","@id":"https:\/\/blogscvc.cervantes.es\/martes-neologico\/#organization","name":"Martes Neol\u00f3gico","url":"https:\/\/blogscvc.cervantes.es\/martes-neologico\/","logo":{"@type":"ImageObject","inLanguage":"es","@id":"https:\/\/blogscvc.cervantes.es\/martes-neologico\/#\/schema\/logo\/image\/","url":"https:\/\/blogscvc.cervantes.es\/martes-neologico\/wp-content\/uploads\/sites\/2\/2025\/10\/logo-martes-neologico-10-anos.png","contentUrl":"https:\/\/blogscvc.cervantes.es\/martes-neologico\/wp-content\/uploads\/sites\/2\/2025\/10\/logo-martes-neologico-10-anos.png","width":300,"height":100,"caption":"Martes Neol\u00f3gico"},"image":{"@id":"https:\/\/blogscvc.cervantes.es\/martes-neologico\/#\/schema\/logo\/image\/"}},{"@type":"Person","@id":"https:\/\/blogscvc.cervantes.es\/martes-neologico\/#\/schema\/person\/7e2fd26f886f53b1b2e81721d23acc47","name":"admin","image":{"@type":"ImageObject","inLanguage":"es","@id":"https:\/\/blogscvc.cervantes.es\/martes-neologico\/#\/schema\/person\/image\/","url":"https:\/\/secure.gravatar.com\/avatar\/c4b6a365b64e607f3d2ecd9620a7675a?s=96&d=mm&r=g","contentUrl":"https:\/\/secure.gravatar.com\/avatar\/c4b6a365b64e607f3d2ecd9620a7675a?s=96&d=mm&r=g","caption":"admin"},"url":"https:\/\/blogscvc.cervantes.es\/martes-neologico\/author\/admin\/"}]}},"_links":{"self":[{"href":"https:\/\/blogscvc.cervantes.es\/martes-neologico\/wp-json\/wp\/v2\/posts\/14461"}],"collection":[{"href":"https:\/\/blogscvc.cervantes.es\/martes-neologico\/wp-json\/wp\/v2\/posts"}],"about":[{"href":"https:\/\/blogscvc.cervantes.es\/martes-neologico\/wp-json\/wp\/v2\/types\/post"}],"author":[{"embeddable":true,"href":"https:\/\/blogscvc.cervantes.es\/martes-neologico\/wp-json\/wp\/v2\/users\/1"}],"replies":[{"embeddable":true,"href":"https:\/\/blogscvc.cervantes.es\/martes-neologico\/wp-json\/wp\/v2\/comments?post=14461"}],"version-history":[{"count":3,"href":"https:\/\/blogscvc.cervantes.es\/martes-neologico\/wp-json\/wp\/v2\/posts\/14461\/revisions"}],"predecessor-version":[{"id":14476,"href":"https:\/\/blogscvc.cervantes.es\/martes-neologico\/wp-json\/wp\/v2\/posts\/14461\/revisions\/14476"}],"wp:featuredmedia":[{"embeddable":true,"href":"https:\/\/blogscvc.cervantes.es\/martes-neologico\/wp-json\/wp\/v2\/media\/14467"}],"wp:attachment":[{"href":"https:\/\/blogscvc.cervantes.es\/martes-neologico\/wp-json\/wp\/v2\/media?parent=14461"}],"wp:term":[{"taxonomy":"category","embeddable":true,"href":"https:\/\/blogscvc.cervantes.es\/martes-neologico\/wp-json\/wp\/v2\/categories?post=14461"},{"taxonomy":"post_tag","embeddable":true,"href":"https:\/\/blogscvc.cervantes.es\/martes-neologico\/wp-json\/wp\/v2\/tags?post=14461"}],"curies":[{"name":"wp","href":"https:\/\/api.w.org\/{rel}","templated":true}]}}