{"id":14500,"date":"2026-01-27T07:00:00","date_gmt":"2026-01-27T05:00:00","guid":{"rendered":"https:\/\/blogscvc.cervantes.es\/martes-neologico\/?p=14500"},"modified":"2026-01-27T08:06:49","modified_gmt":"2026-01-27T06:06:49","slug":"ecoactivista","status":"publish","type":"post","link":"https:\/\/blogscvc.cervantes.es\/martes-neologico\/ecoactivista\/","title":{"rendered":"ecoactivista <em>adj<\/em>. y <em>m.<\/em> y <em>f.<\/em>"},"content":{"rendered":"\n<p>La intensificaci\u00f3n de la actividad industrial y de todos los procesos necesarios para su avance, as\u00ed como los que de ella se derivan, han tenido un fuerte impacto en el medio ambiente que se ha manifestado de muy diferentes maneras, unas positivas y otras negativas. Por una parte, las condiciones de vida de un porcentaje importante de la poblaci\u00f3n mundial han mejorado, pero, por otra, las condiciones ambientales que rodean a los seres vivos y que influyen en su desarrollo y en sus actividades se han alterado y causado da\u00f1os, algunos de ellos irreversibles. Las consecuencias negativas de la actividad industrial intensa incluyen, entre otras, la emisi\u00f3n de gases de efecto invernadero, el cambio clim\u00e1tico, m\u00e1s tormentas y huracanes devastadores, la desertificaci\u00f3n de ciertas zonas, la contaminaci\u00f3n ambiental y el incremento de los riesgos para la salud de la poblaci\u00f3n.<\/p>\n\n\n<figure class=\"wp-block-image size-large is-style-default\"><a href=\"http:\/\/blogscvc.cervantes.es\/martes-neologico\/wp-content\/uploads\/sites\/2\/2026\/01\/ecoactivista_500-1.jpg\"><img decoding=\"async\" class=\"wp-image-7916\" src=\"http:\/\/blogscvc.cervantes.es\/martes-neologico\/wp-content\/uploads\/sites\/2\/2026\/01\/ecoactivista_500-1.jpg\" alt=\"[fotograf\u00eda] una conocida activista ambiental protestando en medio de una plaza sentada en una silla en medio del tr\u00e1fico rodado, con un var\u00f3n a su lado, de pie, ataviado con un chaleco reflectante.\"><\/a><figcaption>A1Cafel (Flickr)<\/figcaption><\/figure>\n\n\n<p>Las propuestas de acciones de los gobiernos, los organismos internacionales, las grandes empresas multinacionales y la poblaci\u00f3n en general para proteger al ambiente y promover la sustentabilidad han sido muchas y variadas, tales como las planteadas en el Protocolo de Kioto (1997) y el Acuerdo de Par\u00eds (2015), pero lamentablemente no han sido suficientes ni se han alcanzado las metas establecidas. Es muy claro que el problema no es de f\u00e1cil soluci\u00f3n, ya que intervienen demasiadas variables y que al mismo tiempo hay una gran cantidad de intereses creados de tipo econ\u00f3mico, pol\u00edtico, social, etc.<\/p>\n\n\n\n<p>La respuesta de un n\u00famero de individuos y grupos organizados que, conscientes del impacto que las acciones humanas tienen sobre el planeta y preocupados por el continuo deterioro del medio ambiente, han decidido actuar para protegerlo. Se les conoce como <em>ecoactivistas<\/em>.<\/p>\n\n\n\n<p>Un <em>ecoactivista<\/em> tiene distintas formas de actuar, que van desde quien hace algo positivo para proteger \u2014o al menos no deteriorar m\u00e1s\u2014 el ambiente, como el caso de David Attenborough, conservacionista brit\u00e1nico que ha dedicado su muy larga vida a abogar por la restauraci\u00f3n de la biodiversidad, el uso de energ\u00edas renovables, la mitigaci\u00f3n del cambio clim\u00e1tico, la conservaci\u00f3n de \u00e1reas naturales, etc., hasta quien exige a los pol\u00edticos y a las grandes empresas mediate protestas, manifestaciones, amenazas, actos de vandalismo, etc., implementar pol\u00edticas con el fin de no seguir da\u00f1ando al medio ambiente, como Greta Thunberg, quien, desde que ten\u00eda once a\u00f1os, logr\u00f3 gran notoriedad a ra\u00edz de sus protestas, huelgas y, posteriormente, sus discursos ante la ONU y foros internacionales, donde varios jefes de Estado estaban presentes, en los que demanda la adopci\u00f3n de medidas efectivas de protecci\u00f3n ambiental.<\/p>\n\n\n\n<p><em>Ecoactivista<\/em> se forma mediante un proceso de composici\u00f3n de los elementos <em>eco-<\/em> (acortamiento de <em>ecol\u00f3gico<\/em>, \u00abque es favorable para el medio ambiente\u00bb) y <em>activista<\/em> (\u00abmilitante de un movimiento que se dedica activamente a defender o impulsar alguna causa\u00bb). En este caso particular, el significado de <em>ecoactivista<\/em> corresponde <em>grosso modo<\/em> a la suma de los significados de los elementos que lo componen, es decir, \u2018aboga por la implementaci\u00f3n de m\u00e9todos sustentables y respetuosos del entorno, y no considera a la naturaleza como un objeto para explotar<\/a>\u2019.<\/p>\n\n\n\n<p>El hecho de que <em>ecoactivista<\/em> sea un neologismo transparente en cuanto a su significado quiz\u00e1 es la raz\u00f3n por la no est\u00e1 recogido en ninguno de los diccionarios de exclusi\u00f3n (<em>Alvar1<\/em>, <em>Alvar2<\/em>, <em>Clave<\/em>, <em>DEA<\/em>, <em>DEM<\/em>, <em>DLE23<\/em> y <em>NEOMM<\/em>), a pesar de su presencia en corpus, a veces tambi\u00e9n bajo la variante ortogr\u00e1fica <em>eco-activista<\/em>:<\/p>\n\n\n\n<ul>\n<li>Pero la veremos tambi\u00e9n asistir a su exprofesora Sylvia en sus <em>tours<\/em> de conferencias ambientalistas, responder los emails de los oyentes del podcast <strong>ecoactivista<\/strong> de Sylvia, coleccionar indicios de p\u00e9rdidas futuras\u2026 [Graciela Speranza, <em>Lo que no vemos, lo que el arte ve<\/em> (Argentina), 2022]<\/li>\n\n\n\n<li>Lo siento, soy una <strong>eco-activista<\/strong> imperfecta, pero al menos no soy una c\u00ednica perfecta. [<em>El Asombrario &amp; Co. P\u00fablico<\/em> (Espa\u00f1a), 5\/9\/2023]<\/li>\n<\/ul>\n\n\n\n<p>A partir de la informaci\u00f3n proporcionada por el CORPES XXI, se observa que <em>ecoactivista<\/em> presenta variaci\u00f3n denominativa, que incluye <em>activista ecol\u00f3gico, -ca<\/em> (Chile, Espa\u00f1a, M\u00e9xico, Uruguay y Venezuela), <em>activista ecologista<\/em> (Espa\u00f1a y M\u00e9xico) y <em>activista ambiental<\/em> (Bolivia, Chile, Colombia, Guatemala, M\u00e9xico, Paraguay, Rep\u00fablica Dominicana y Venezuela):<\/p>\n\n\n\n<ul>\n<li>Hasta hoy, el cuadro tambi\u00e9n conocido como <em>La Gioconda<\/em> se ha mantenido en las portadas de los matutinos del mundo. En mayo del 2022, un <strong>activista ecol\u00f3gico<\/strong> \u2014haci\u00e9ndose pasar por minusv\u00e1lido\u2014 le arroj\u00f3 un trozo de torta, pero no sufri\u00f3 mayores da\u00f1os, ya que posee un cristal protector. [<em>La Tercera<\/em> (Chile), 4\/5\/2023]<\/li>\n\n\n\n<li>Precis\u00f3 que entre las 26 peticiones estaban el caso de la <strong>activista ecologista<\/strong> Juventina Villa, se dispusieron medidas cautelares a petici\u00f3n de la Coddehum y contaba con protecci\u00f3n de agentes de Seguridad [<em>La Jornada<\/em> (M\u00e9xico), 17\/11\/2013]<\/li>\n\n\n\n<li>La violencia ha continuado este a\u00f1o. En marzo, un <strong>activista ambiental<\/strong> ind\u00edgena, Jos\u00e9 Trinidad Baldenegro, fue asesinado en el estado de Chihuahua, al norte del pa\u00eds. Su hermano, Isidro Baldenegro, un ambientalista conocido,<a href=\"https:\/\/www.newsweek.com\/2017\/03\/24\/why-mexico-environmentalists-fear-murder-isidro-baldenegro-lopez-567814.html\" target=\"_blank\" rel=\"noreferrer noopener\"> fue asesinado en 2017.<\/a> [<em>The New York Times en Espa\u00f1ol<\/em> (M\u00e9xico), 29\/9\/2022]<\/li>\n<\/ul>\n\n\n\n<p>En ingl\u00e9s, la situaci\u00f3n es algo diferente, ya que el <em>Oxford English Dictionary<\/em> registra <em>environmental activist<\/em> y <em>eco-activist<\/em> a partir de una publicaci\u00f3n en la revista <em>Science<\/em>, de 1969, con el significado \u00abpersona dedicada al activismo ambiental\u00bb. El significado de <em>environmental activism<\/em> (<em>activismo ambiental<\/em>) es \u00abactivismo cuyo objetivo es la protecci\u00f3n del ambiente natural, especialmente de los efectos nocivos de la actividad humana\u00bb.<\/p>\n\n\n\n<p>En sentido estricto, <em>ecoactivista<\/em> no es una palabra nueva y su uso est\u00e1 relativamente extendido. Sin embargo, no es evidente la raz\u00f3n por la que no est\u00e1 recogida en los diccionarios, pero bien podr\u00eda deberse a la transparencia de cada uno de los elementos constitutivos que sirvieron de base para la formaci\u00f3n del compuesto. De cualquier manera, debido a la importancia y al n\u00famero de personas dedicadas a esta actividad, <em>ecoactivista<\/em> es un candidato ideal para agregarse como entrada a los diccionarios del espa\u00f1ol.<\/p>\n\n\n\n<p>Mar\u00eda Pozzi<br>El Colegio de M\u00e9xico (M\u00e9xico)<\/p>\n","protected":false},"excerpt":{"rendered":"<p>La intensificaci\u00f3n de la actividad industrial y de todos los procesos necesarios para su avance, as\u00ed como los que de ella se derivan, han tenido un fuerte impacto en el medio ambiente que se ha manifestado de muy diferentes maneras, unas positivas y otras negativas. Por una parte, las condiciones de vida de un porcentaje importante de la poblaci\u00f3n mundial han mejorado, pero, por otra, las condiciones ambientales que rodean a los seres vivos y que influyen en su desarrollo y en sus actividades se han alterado y causado da\u00f1os, algunos de ellos irreversibles. Las consecuencias negativas de la actividad industrial intensa incluyen, entre otras, la emisi\u00f3n de gases de efecto invernadero, el cambio clim\u00e1tico, m\u00e1s tormentas y huracanes devastadores, la desertificaci\u00f3n de ciertas zonas, la contaminaci\u00f3n ambiental y el incremento de los riesgos para la salud de la poblaci\u00f3n.<\/p>\n","protected":false},"author":1,"featured_media":14503,"comment_status":"open","ping_status":"open","sticky":false,"template":"","format":"standard","meta":{"_mi_skip_tracking":false,"_s2mail":""},"categories":[55,76,38,26],"tags":[],"yoast_head":"<!-- This site is optimized with the Yoast SEO plugin v20.6 - https:\/\/yoast.com\/wordpress\/plugins\/seo\/ -->\n<title>CVC. Ecoactivista | Martes Neol\u00f3gico<\/title>\n<meta name=\"description\" content=\"Art\u00edculo sobre el neologismo \u00abecoactivista\u00bb, dentro del blog Martes Neol\u00f3gico del Centro Virtual Cervantes.\" \/>\n<meta name=\"robots\" content=\"index, follow, max-snippet:-1, max-image-preview:large, max-video-preview:-1\" \/>\n<link rel=\"canonical\" href=\"https:\/\/blogscvc.cervantes.es\/martes-neologico\/ecoactivista\/\" \/>\n<meta property=\"og:locale\" content=\"es_ES\" \/>\n<meta property=\"og:type\" content=\"article\" \/>\n<meta property=\"og:title\" content=\"CVC. Ecoactivista | Martes Neol\u00f3gico\" \/>\n<meta property=\"og:description\" content=\"Art\u00edculo sobre el neologismo \u00abecoactivista\u00bb, dentro del blog Martes Neol\u00f3gico del Centro Virtual Cervantes.\" \/>\n<meta property=\"og:url\" content=\"https:\/\/blogscvc.cervantes.es\/martes-neologico\/ecoactivista\/\" \/>\n<meta property=\"og:site_name\" content=\"Martes Neol\u00f3gico\" \/>\n<meta property=\"article:published_time\" content=\"2026-01-27T05:00:00+00:00\" \/>\n<meta property=\"article:modified_time\" content=\"2026-01-27T06:06:49+00:00\" \/>\n<meta property=\"og:image\" content=\"http:\/\/blogscvc.cervantes.es\/martes-neologico\/wp-content\/uploads\/sites\/2\/2026\/01\/ecoactivista_350.jpg\" \/>\n\t<meta property=\"og:image:width\" content=\"750\" \/>\n\t<meta property=\"og:image:height\" content=\"350\" \/>\n\t<meta property=\"og:image:type\" content=\"image\/jpeg\" \/>\n<meta name=\"author\" content=\"admin\" \/>\n<meta name=\"twitter:card\" content=\"summary_large_image\" \/>\n<meta name=\"twitter:label1\" content=\"Escrito por\" \/>\n\t<meta name=\"twitter:data1\" content=\"admin\" \/>\n\t<meta name=\"twitter:label2\" content=\"Tiempo de lectura\" \/>\n\t<meta name=\"twitter:data2\" content=\"5 minutos\" \/>\n<script type=\"application\/ld+json\" class=\"yoast-schema-graph\">{\"@context\":\"https:\/\/schema.org\",\"@graph\":[{\"@type\":\"Article\",\"@id\":\"https:\/\/blogscvc.cervantes.es\/martes-neologico\/ecoactivista\/#article\",\"isPartOf\":{\"@id\":\"https:\/\/blogscvc.cervantes.es\/martes-neologico\/ecoactivista\/\"},\"author\":{\"name\":\"admin\",\"@id\":\"https:\/\/blogscvc.cervantes.es\/martes-neologico\/#\/schema\/person\/7e2fd26f886f53b1b2e81721d23acc47\"},\"headline\":\"ecoactivista adj. y m. y f.\",\"datePublished\":\"2026-01-27T05:00:00+00:00\",\"dateModified\":\"2026-01-27T06:06:49+00:00\",\"mainEntityOfPage\":{\"@id\":\"https:\/\/blogscvc.cervantes.es\/martes-neologico\/ecoactivista\/\"},\"wordCount\":1028,\"commentCount\":0,\"publisher\":{\"@id\":\"https:\/\/blogscvc.cervantes.es\/martes-neologico\/#organization\"},\"articleSection\":[\"composici\u00f3n\",\"medio ambiente\",\"pol\u00edtica\",\"sociedad\"],\"inLanguage\":\"es\",\"potentialAction\":[{\"@type\":\"CommentAction\",\"name\":\"Comment\",\"target\":[\"https:\/\/blogscvc.cervantes.es\/martes-neologico\/ecoactivista\/#respond\"]}]},{\"@type\":\"WebPage\",\"@id\":\"https:\/\/blogscvc.cervantes.es\/martes-neologico\/ecoactivista\/\",\"url\":\"https:\/\/blogscvc.cervantes.es\/martes-neologico\/ecoactivista\/\",\"name\":\"CVC. Ecoactivista | Martes Neol\u00f3gico\",\"isPartOf\":{\"@id\":\"https:\/\/blogscvc.cervantes.es\/martes-neologico\/#website\"},\"datePublished\":\"2026-01-27T05:00:00+00:00\",\"dateModified\":\"2026-01-27T06:06:49+00:00\",\"description\":\"Art\u00edculo sobre el neologismo \u00abecoactivista\u00bb, dentro del blog Martes Neol\u00f3gico del Centro Virtual Cervantes.\",\"breadcrumb\":{\"@id\":\"https:\/\/blogscvc.cervantes.es\/martes-neologico\/ecoactivista\/#breadcrumb\"},\"inLanguage\":\"es\",\"potentialAction\":[{\"@type\":\"ReadAction\",\"target\":[\"https:\/\/blogscvc.cervantes.es\/martes-neologico\/ecoactivista\/\"]}]},{\"@type\":\"BreadcrumbList\",\"@id\":\"https:\/\/blogscvc.cervantes.es\/martes-neologico\/ecoactivista\/#breadcrumb\",\"itemListElement\":[{\"@type\":\"ListItem\",\"position\":1,\"name\":\"Portada\",\"item\":\"https:\/\/blogscvc.cervantes.es\/martes-neologico\/\"},{\"@type\":\"ListItem\",\"position\":2,\"name\":\"ecoactivista adj. y m. y f.\"}]},{\"@type\":\"WebSite\",\"@id\":\"https:\/\/blogscvc.cervantes.es\/martes-neologico\/#website\",\"url\":\"https:\/\/blogscvc.cervantes.es\/martes-neologico\/\",\"name\":\"Martes Neol\u00f3gico\",\"description\":\"Cada martes, una palabra nueva que podr\u00eda estar en el diccionario\",\"publisher\":{\"@id\":\"https:\/\/blogscvc.cervantes.es\/martes-neologico\/#organization\"},\"potentialAction\":[{\"@type\":\"SearchAction\",\"target\":{\"@type\":\"EntryPoint\",\"urlTemplate\":\"https:\/\/blogscvc.cervantes.es\/martes-neologico\/?s={search_term_string}\"},\"query-input\":\"required name=search_term_string\"}],\"inLanguage\":\"es\"},{\"@type\":\"Organization\",\"@id\":\"https:\/\/blogscvc.cervantes.es\/martes-neologico\/#organization\",\"name\":\"Martes Neol\u00f3gico\",\"url\":\"https:\/\/blogscvc.cervantes.es\/martes-neologico\/\",\"logo\":{\"@type\":\"ImageObject\",\"inLanguage\":\"es\",\"@id\":\"https:\/\/blogscvc.cervantes.es\/martes-neologico\/#\/schema\/logo\/image\/\",\"url\":\"https:\/\/blogscvc.cervantes.es\/martes-neologico\/wp-content\/uploads\/sites\/2\/2025\/10\/logo-martes-neologico-10-anos.png\",\"contentUrl\":\"https:\/\/blogscvc.cervantes.es\/martes-neologico\/wp-content\/uploads\/sites\/2\/2025\/10\/logo-martes-neologico-10-anos.png\",\"width\":300,\"height\":100,\"caption\":\"Martes Neol\u00f3gico\"},\"image\":{\"@id\":\"https:\/\/blogscvc.cervantes.es\/martes-neologico\/#\/schema\/logo\/image\/\"}},{\"@type\":\"Person\",\"@id\":\"https:\/\/blogscvc.cervantes.es\/martes-neologico\/#\/schema\/person\/7e2fd26f886f53b1b2e81721d23acc47\",\"name\":\"admin\",\"image\":{\"@type\":\"ImageObject\",\"inLanguage\":\"es\",\"@id\":\"https:\/\/blogscvc.cervantes.es\/martes-neologico\/#\/schema\/person\/image\/\",\"url\":\"https:\/\/secure.gravatar.com\/avatar\/c4b6a365b64e607f3d2ecd9620a7675a?s=96&d=mm&r=g\",\"contentUrl\":\"https:\/\/secure.gravatar.com\/avatar\/c4b6a365b64e607f3d2ecd9620a7675a?s=96&d=mm&r=g\",\"caption\":\"admin\"},\"url\":\"https:\/\/blogscvc.cervantes.es\/martes-neologico\/author\/admin\/\"}]}<\/script>\n<!-- \/ Yoast SEO plugin. -->","yoast_head_json":{"title":"CVC. Ecoactivista | Martes Neol\u00f3gico","description":"Art\u00edculo sobre el neologismo \u00abecoactivista\u00bb, dentro del blog Martes Neol\u00f3gico del Centro Virtual Cervantes.","robots":{"index":"index","follow":"follow","max-snippet":"max-snippet:-1","max-image-preview":"max-image-preview:large","max-video-preview":"max-video-preview:-1"},"canonical":"https:\/\/blogscvc.cervantes.es\/martes-neologico\/ecoactivista\/","og_locale":"es_ES","og_type":"article","og_title":"CVC. Ecoactivista | Martes Neol\u00f3gico","og_description":"Art\u00edculo sobre el neologismo \u00abecoactivista\u00bb, dentro del blog Martes Neol\u00f3gico del Centro Virtual Cervantes.","og_url":"https:\/\/blogscvc.cervantes.es\/martes-neologico\/ecoactivista\/","og_site_name":"Martes Neol\u00f3gico","article_published_time":"2026-01-27T05:00:00+00:00","article_modified_time":"2026-01-27T06:06:49+00:00","og_image":[{"width":750,"height":350,"url":"http:\/\/blogscvc.cervantes.es\/martes-neologico\/wp-content\/uploads\/sites\/2\/2026\/01\/ecoactivista_350.jpg","type":"image\/jpeg"}],"author":"admin","twitter_card":"summary_large_image","twitter_misc":{"Escrito por":"admin","Tiempo de lectura":"5 minutos"},"schema":{"@context":"https:\/\/schema.org","@graph":[{"@type":"Article","@id":"https:\/\/blogscvc.cervantes.es\/martes-neologico\/ecoactivista\/#article","isPartOf":{"@id":"https:\/\/blogscvc.cervantes.es\/martes-neologico\/ecoactivista\/"},"author":{"name":"admin","@id":"https:\/\/blogscvc.cervantes.es\/martes-neologico\/#\/schema\/person\/7e2fd26f886f53b1b2e81721d23acc47"},"headline":"ecoactivista adj. y m. y f.","datePublished":"2026-01-27T05:00:00+00:00","dateModified":"2026-01-27T06:06:49+00:00","mainEntityOfPage":{"@id":"https:\/\/blogscvc.cervantes.es\/martes-neologico\/ecoactivista\/"},"wordCount":1028,"commentCount":0,"publisher":{"@id":"https:\/\/blogscvc.cervantes.es\/martes-neologico\/#organization"},"articleSection":["composici\u00f3n","medio ambiente","pol\u00edtica","sociedad"],"inLanguage":"es","potentialAction":[{"@type":"CommentAction","name":"Comment","target":["https:\/\/blogscvc.cervantes.es\/martes-neologico\/ecoactivista\/#respond"]}]},{"@type":"WebPage","@id":"https:\/\/blogscvc.cervantes.es\/martes-neologico\/ecoactivista\/","url":"https:\/\/blogscvc.cervantes.es\/martes-neologico\/ecoactivista\/","name":"CVC. Ecoactivista | Martes Neol\u00f3gico","isPartOf":{"@id":"https:\/\/blogscvc.cervantes.es\/martes-neologico\/#website"},"datePublished":"2026-01-27T05:00:00+00:00","dateModified":"2026-01-27T06:06:49+00:00","description":"Art\u00edculo sobre el neologismo \u00abecoactivista\u00bb, dentro del blog Martes Neol\u00f3gico del Centro Virtual Cervantes.","breadcrumb":{"@id":"https:\/\/blogscvc.cervantes.es\/martes-neologico\/ecoactivista\/#breadcrumb"},"inLanguage":"es","potentialAction":[{"@type":"ReadAction","target":["https:\/\/blogscvc.cervantes.es\/martes-neologico\/ecoactivista\/"]}]},{"@type":"BreadcrumbList","@id":"https:\/\/blogscvc.cervantes.es\/martes-neologico\/ecoactivista\/#breadcrumb","itemListElement":[{"@type":"ListItem","position":1,"name":"Portada","item":"https:\/\/blogscvc.cervantes.es\/martes-neologico\/"},{"@type":"ListItem","position":2,"name":"ecoactivista adj. y m. y f."}]},{"@type":"WebSite","@id":"https:\/\/blogscvc.cervantes.es\/martes-neologico\/#website","url":"https:\/\/blogscvc.cervantes.es\/martes-neologico\/","name":"Martes Neol\u00f3gico","description":"Cada martes, una palabra nueva que podr\u00eda estar en el diccionario","publisher":{"@id":"https:\/\/blogscvc.cervantes.es\/martes-neologico\/#organization"},"potentialAction":[{"@type":"SearchAction","target":{"@type":"EntryPoint","urlTemplate":"https:\/\/blogscvc.cervantes.es\/martes-neologico\/?s={search_term_string}"},"query-input":"required name=search_term_string"}],"inLanguage":"es"},{"@type":"Organization","@id":"https:\/\/blogscvc.cervantes.es\/martes-neologico\/#organization","name":"Martes Neol\u00f3gico","url":"https:\/\/blogscvc.cervantes.es\/martes-neologico\/","logo":{"@type":"ImageObject","inLanguage":"es","@id":"https:\/\/blogscvc.cervantes.es\/martes-neologico\/#\/schema\/logo\/image\/","url":"https:\/\/blogscvc.cervantes.es\/martes-neologico\/wp-content\/uploads\/sites\/2\/2025\/10\/logo-martes-neologico-10-anos.png","contentUrl":"https:\/\/blogscvc.cervantes.es\/martes-neologico\/wp-content\/uploads\/sites\/2\/2025\/10\/logo-martes-neologico-10-anos.png","width":300,"height":100,"caption":"Martes Neol\u00f3gico"},"image":{"@id":"https:\/\/blogscvc.cervantes.es\/martes-neologico\/#\/schema\/logo\/image\/"}},{"@type":"Person","@id":"https:\/\/blogscvc.cervantes.es\/martes-neologico\/#\/schema\/person\/7e2fd26f886f53b1b2e81721d23acc47","name":"admin","image":{"@type":"ImageObject","inLanguage":"es","@id":"https:\/\/blogscvc.cervantes.es\/martes-neologico\/#\/schema\/person\/image\/","url":"https:\/\/secure.gravatar.com\/avatar\/c4b6a365b64e607f3d2ecd9620a7675a?s=96&d=mm&r=g","contentUrl":"https:\/\/secure.gravatar.com\/avatar\/c4b6a365b64e607f3d2ecd9620a7675a?s=96&d=mm&r=g","caption":"admin"},"url":"https:\/\/blogscvc.cervantes.es\/martes-neologico\/author\/admin\/"}]}},"_links":{"self":[{"href":"https:\/\/blogscvc.cervantes.es\/martes-neologico\/wp-json\/wp\/v2\/posts\/14500"}],"collection":[{"href":"https:\/\/blogscvc.cervantes.es\/martes-neologico\/wp-json\/wp\/v2\/posts"}],"about":[{"href":"https:\/\/blogscvc.cervantes.es\/martes-neologico\/wp-json\/wp\/v2\/types\/post"}],"author":[{"embeddable":true,"href":"https:\/\/blogscvc.cervantes.es\/martes-neologico\/wp-json\/wp\/v2\/users\/1"}],"replies":[{"embeddable":true,"href":"https:\/\/blogscvc.cervantes.es\/martes-neologico\/wp-json\/wp\/v2\/comments?post=14500"}],"version-history":[{"count":4,"href":"https:\/\/blogscvc.cervantes.es\/martes-neologico\/wp-json\/wp\/v2\/posts\/14500\/revisions"}],"predecessor-version":[{"id":14530,"href":"https:\/\/blogscvc.cervantes.es\/martes-neologico\/wp-json\/wp\/v2\/posts\/14500\/revisions\/14530"}],"wp:featuredmedia":[{"embeddable":true,"href":"https:\/\/blogscvc.cervantes.es\/martes-neologico\/wp-json\/wp\/v2\/media\/14503"}],"wp:attachment":[{"href":"https:\/\/blogscvc.cervantes.es\/martes-neologico\/wp-json\/wp\/v2\/media?parent=14500"}],"wp:term":[{"taxonomy":"category","embeddable":true,"href":"https:\/\/blogscvc.cervantes.es\/martes-neologico\/wp-json\/wp\/v2\/categories?post=14500"},{"taxonomy":"post_tag","embeddable":true,"href":"https:\/\/blogscvc.cervantes.es\/martes-neologico\/wp-json\/wp\/v2\/tags?post=14500"}],"curies":[{"name":"wp","href":"https:\/\/api.w.org\/{rel}","templated":true}]}}