{"id":14860,"date":"2026-04-28T07:00:00","date_gmt":"2026-04-28T05:00:00","guid":{"rendered":"https:\/\/blogscvc.cervantes.es\/martes-neologico\/?p=14860"},"modified":"2026-04-28T08:21:21","modified_gmt":"2026-04-28T06:21:21","slug":"sindrome-del-impostor-sindrome-de-la-impostora","status":"publish","type":"post","link":"https:\/\/blogscvc.cervantes.es\/martes-neologico\/sindrome-del-impostor-sindrome-de-la-impostora\/","title":{"rendered":"s\u00edndrome del impostor,<br> s\u00edndrome de la impostora m."},"content":{"rendered":"\n<p>En la sociedad actual, la salud mental cada vez se valora m\u00e1s y, gracias a ello, se visibilizan realidades antes ocultas. Es el caso del <em>s\u00edndrome del impostor<\/em> o <em>de la impostora<\/em> que, seg\u00fan varios estudios, tres de cada cuatro mujeres experimentan durante su carrera profesional.<\/p>\n\n\n<figure class=\"wp-block-image size-large is-style-default\"><a href=\"http:\/\/blogscvc.cervantes.es\/martes-neologico\/wp-content\/uploads\/sites\/2\/2026\/04\/sindrome_del_impostor_500.jpg\"><img decoding=\"async\" class=\"wp-image-7916\" src=\"http:\/\/blogscvc.cervantes.es\/martes-neologico\/wp-content\/uploads\/sites\/2\/2026\/04\/sindrome_del_impostor_500.jpg\" alt=\"[composici\u00f3n fotogr\u00e1sfica] en blanco y negro, una mujer tap\u00e1ndose los ojos y al fondo una composici\u00f3n gr\u00e1fica de dibujada digitalmente de una carretera en el desierto, con una c\u00e1mara anal\u00f3gica al fondo, todo bajo un cielo estrellada con la luna llena y otro astro en tama\u00f1os desproporcionadamente grandes.\"><\/a><figcaption>Freepik<\/figcaption><\/figure>\n<p><\/p>\n\n\n<p>El concepto se us\u00f3 por primera vez en 1978, cuando las psic\u00f3logas Pauline Rose Clance y Suzanne Imes usaron el t\u00e9rmino <em>imposter phenomenon<\/em> en el art\u00edculo \u00abThe imposter phenomenon in high achieving woman: Dynamics and therapeutic intervention\u00bb [\u00abEl fen\u00f3meno del impostor en mujeres de alto rendimiento: din\u00e1micas e intervenci\u00f3n terap\u00e9utica\u00bb]. Lo describieron como la sensaci\u00f3n, experimentada mayoritariamente por mujeres, de no merecer los logros y m\u00e9ritos propios y sentir que se est\u00e1 enga\u00f1ando a los dem\u00e1s, adem\u00e1s de provocar miedo, ansiedad e inseguridad. Hoy en d\u00eda se usa m\u00e1s ampliamente el compuesto <em>impostor syndrome<\/em>, acu\u00f1ado por primera vez en 1982, seg\u00fan el <em>Oxford English Dictionary<\/em>, o <em>s\u00edndrome del impostor<\/em>, <em>s\u00edndrome de la impostora<\/em>, en su equivalente en espa\u00f1ol.<\/p>\n\n\n\n<p>El t\u00e9rmino es un sintagma nominal complejo, con base nominal y sintagma preposicional. El sustantivo <em>s\u00edndrome<\/em> es una base productiva para crear otros sintagmas, como <em>s\u00edndrome de Down<\/em> o <em>s\u00edndrome de abstinencia<\/em>, cuyo uso es generalizado y ya aparecen en el diccionario de la Real Academia Espa\u00f1ola (<em>DLE<\/em>). Sin embargo, el <em>s\u00edndrome del impostor<\/em> o <em>de la impostora<\/em> no tiene ninguna entrada en este diccionario ni en otros diccionarios de referencia de la lengua espa\u00f1ola, ya sean generales (<em>Clave<\/em>, <em>DEA<\/em>) o de neologismos (<em>Alvar1<\/em>, <em>Alvar2<\/em> y <em>NEOMM<\/em>). Aparte de las obras en espa\u00f1ol, tampoco otras lenguas tienen este s\u00edndrome recogido, como el <em>Diccionari de la llengua catalana<\/em> (catal\u00e1n), <em>Duden<\/em> (alem\u00e1n) o <em>Le Robert<\/em> (franc\u00e9s). No obstante, en ingl\u00e9s, tanto el <em>Oxford English Dictionary<\/em> como el <em>Merriam-Webster Dictionary<\/em> documentan <em>impostor syndrome<\/em>.<\/p>\n\n\n\n<p>En cuanto a su frecuencia de uso en espa\u00f1ol, en el CORPES XXI se observa que aparecen los primeros casos en 2011 aunque no se populariz\u00f3 su uso hasta 2021, momento desde el que ha seguido creciendo y estabilizando en la lengua. Seg\u00fan los datos de BOBNEO, su primera aparici\u00f3n fue en el a\u00f1o 1998, en el peri\u00f3dico <em>La Vanguardia<\/em>, en un art\u00edculo en el que se hace alusi\u00f3n al primer estudio mencionado.<\/p>\n\n\n\n<ul>\n<li>El 70% de las personas que tienen \u00e9xito sienten no merec\u00e9rselo, aunque hayan trabajado duro para obtenerlo. Padecen lo que se conoce como el <strong>s\u00edndrome del impostor<\/strong>, un problema descrito por primera vez en 1978 [&#8230;]. [<em>La Vanguardia<\/em> (Espa\u00f1a), 22\/2\/1998]<\/li>\n<\/ul>\n\n\n\n<p>Respecto a su distribuci\u00f3n geogr\u00e1fica, su uso est\u00e1 mucho m\u00e1s extendido en Espa\u00f1a, aunque tambi\u00e9n aparece en zonas de Latinoam\u00e9rica. Lo usan tanto hombres como mujeres para hablar de los sentimientos de incredulidad y miedo a ser desacreditados respecto a su propio \u00e9xito. Se puede usar en contextos (semi)especializados, en un sentido cient\u00edfico, como un trastorno psicol\u00f3gico y ligado a la baja autoestima de quien lo sufre:<\/p>\n\n\n\n<ul>\n<li>Muchas personas piensan que este s\u00edndrome tiene que ver con una mala persona, falsa, alguien impostado. Todo lo contrario: el <strong>s\u00edndrome del impostor<\/strong> se asocia en su mayor\u00eda con personas normales, pero que sufren de una autoestima baja. Se calcula que alrededor del 60 % de la poblaci\u00f3n experimenta, consciente o inconscientemente, este s\u00edndrome en alguna etapa de su vida. Y el porcentaje que lo padece de manera permanente es alto tambi\u00e9n. [<em>Trome<\/em> (Per\u00fa), 1\/3\/2021]<\/li>\n<\/ul>\n\n\n\n<p>Sin embargo, en un espacio corto de tiempo, su uso ha crecido significativamente y lo utiliza un p\u00fablico mucho m\u00e1s amplio. Actualmente aparece en contextos m\u00e1s informales, en boca de personas exitosas. Esto ha supuesto una normalizaci\u00f3n y generalizaci\u00f3n del t\u00e9rmino, que ha pasado de aparecer como concepto del \u00e1rea de psicolog\u00eda a ser usado en contextos no especializados, como experiencia que puede vivir pr\u00e1cticamente cualquier persona en alg\u00fan momento de su vida.<\/p>\n\n\n\n<ul>\n<li>\u00abMi <strong>s\u00edndrome del impostor<\/strong> est\u00e1 a tope\u00bb, brome\u00f3 Kwan cuando trataba de buscar palabras tras recibir su primer premio de la noche. [<em>El Pa\u00eds<\/em> (Espa\u00f1a), 14\/3\/2023]<\/li>\n<\/ul>\n\n\n\n<ul>\n<li>Yo, en lo espec\u00edfico, sufro mucho del <strong>s\u00edndrome del impostor<\/strong> y siento que no me est\u00e1 yendo tan bien como quisiera y no he trabajado en meses, ni he tenido un proyecto, en momentos de mi vida y veo a la gente, a mis amigas, y me dicen: \u00ab\u00a1te est\u00e1 yendo ca\u00f1\u00f3n, \u00bfno?!\u00bb. [<em>Exc\u00e9lsior<\/em> (M\u00e9xico), 20\/10\/2023]<\/li>\n<\/ul>\n\n\n\n<p>Como \u00faltimo apunte, hay que remarcar una falta de coherencia en su uso en cuanto al g\u00e9nero. Cuando la persona a quien se est\u00e1 refiriendo es mujer, no hay uniformidad y en algunos casos se usa el g\u00e9nero correspondiente, pero en otros se toma la forma masculina:<\/p>\n\n\n\n<ul>\n<li>La joven asegur\u00f3 adem\u00e1s que padece del <strong>s\u00edndrome del impostor<\/strong> (trastorno psicol\u00f3gico en el cual las personas exitosas son incapaces de asimilar sus logros) y aprovech\u00f3 para enviarle un mensaje de apoyo y solidaridad a aquellos que, al igual que ella, padecen de lo mismo. [<em>El Tiempo<\/em> (Colombia), 17\/8\/2022]<\/li>\n<\/ul>\n\n\n\n<ul>\n<li>Yo llegu\u00e9 a Cannes diciendo: Dios m\u00edo, \u00bfqu\u00e9 hago aqu\u00ed?, y cargando con el <strong>s\u00edndrome de la impostora<\/strong>, pero me fui con la sensaci\u00f3n de que la gente hab\u00eda entendido nuestro trabajo y sinti\u00e9ndome muy respetada. [<em>Fotogramas<\/em> (Espa\u00f1a), 1\/9\/2023]<\/li>\n<\/ul>\n\n\n\n<p>Teniendo en cuenta que la preocupaci\u00f3n por la salud mental, afortunadamente, ha ganado relevancia en la actualidad, parece necesario valorar la inclusi\u00f3n de este sintagma en las obras lexicogr\u00e1ficas del espa\u00f1ol. Esto ayudar\u00eda a resolver la aparente invariabilidad de g\u00e9nero, que no deja de invisibilizar a las mujeres, a pesar de ser un trastorno que las afecta en mayor proporci\u00f3n. Su inclusi\u00f3n en el diccionario no solo tendr\u00eda sentido debido a su creciente uso, sino que tambi\u00e9n dar\u00eda cuenta de una realidad vivida y sufrida por muchas personas.<\/p>\n\n\n\n<p>Laia Armadans i Donadeu<br>Universitat Pompeu Fabra (Espa\u00f1a)<\/p>\n","protected":false},"excerpt":{"rendered":"<p>En la sociedad actual, la salud mental cada vez se valora m\u00e1s y, gracias a ello, se visibilizan realidades antes ocultas. Es el caso del <em>s\u00edndrome del impostor<\/em> o <em>de la impostora<\/em> que, seg\u00fan varios estudios, tres de cada cuatro mujeres experimentan durante su carrera profesional.<\/p>\n","protected":false},"author":1,"featured_media":14866,"comment_status":"open","ping_status":"open","sticky":false,"template":"","format":"standard","meta":{"_mi_skip_tracking":false,"_s2mail":""},"categories":[5,26],"tags":[],"yoast_head":"<!-- This site is optimized with the Yoast SEO plugin v20.6 - https:\/\/yoast.com\/wordpress\/plugins\/seo\/ -->\n<title>CVC. S\u00edndrome del impostor, s\u00edndrome de la impostora | Martes Neol\u00f3gico<\/title>\n<meta name=\"description\" content=\"Art\u00edculo sobre el neologismo \u00abs\u00edndrome del impostor, s\u00edndrome de la impostora\u00bb, dentro del blog Martes Neol\u00f3gico del Centro Virtual Cervantes.\" \/>\n<meta name=\"robots\" content=\"index, follow, max-snippet:-1, max-image-preview:large, max-video-preview:-1\" \/>\n<link rel=\"canonical\" href=\"https:\/\/blogscvc.cervantes.es\/martes-neologico\/sindrome-del-impostor-sindrome-de-la-impostora\/\" \/>\n<meta property=\"og:locale\" content=\"es_ES\" \/>\n<meta property=\"og:type\" content=\"article\" \/>\n<meta property=\"og:title\" content=\"CVC. S\u00edndrome del impostor, s\u00edndrome de la impostora | Martes Neol\u00f3gico\" \/>\n<meta property=\"og:description\" content=\"Art\u00edculo sobre el neologismo \u00abs\u00edndrome del impostor, s\u00edndrome de la impostora\u00bb, dentro del blog Martes Neol\u00f3gico del Centro Virtual Cervantes.\" \/>\n<meta property=\"og:url\" content=\"https:\/\/blogscvc.cervantes.es\/martes-neologico\/sindrome-del-impostor-sindrome-de-la-impostora\/\" \/>\n<meta property=\"og:site_name\" content=\"Martes Neol\u00f3gico\" \/>\n<meta property=\"article:published_time\" content=\"2026-04-28T05:00:00+00:00\" \/>\n<meta property=\"article:modified_time\" content=\"2026-04-28T06:21:21+00:00\" \/>\n<meta property=\"og:image\" content=\"http:\/\/blogscvc.cervantes.es\/martes-neologico\/wp-content\/uploads\/sites\/2\/2026\/04\/sindrome_del_impostor_350.jpg\" \/>\n\t<meta property=\"og:image:width\" content=\"750\" \/>\n\t<meta property=\"og:image:height\" content=\"350\" \/>\n\t<meta property=\"og:image:type\" content=\"image\/jpeg\" \/>\n<meta name=\"author\" content=\"admin\" \/>\n<meta name=\"twitter:card\" content=\"summary_large_image\" \/>\n<meta name=\"twitter:label1\" content=\"Escrito por\" \/>\n\t<meta name=\"twitter:data1\" content=\"admin\" \/>\n\t<meta name=\"twitter:label2\" content=\"Tiempo de lectura\" \/>\n\t<meta name=\"twitter:data2\" content=\"5 minutos\" \/>\n<script type=\"application\/ld+json\" class=\"yoast-schema-graph\">{\"@context\":\"https:\/\/schema.org\",\"@graph\":[{\"@type\":\"Article\",\"@id\":\"https:\/\/blogscvc.cervantes.es\/martes-neologico\/sindrome-del-impostor-sindrome-de-la-impostora\/#article\",\"isPartOf\":{\"@id\":\"https:\/\/blogscvc.cervantes.es\/martes-neologico\/sindrome-del-impostor-sindrome-de-la-impostora\/\"},\"author\":{\"name\":\"admin\",\"@id\":\"https:\/\/blogscvc.cervantes.es\/martes-neologico\/#\/schema\/person\/7e2fd26f886f53b1b2e81721d23acc47\"},\"headline\":\"s\u00edndrome del impostor, s\u00edndrome de la impostora m.\",\"datePublished\":\"2026-04-28T05:00:00+00:00\",\"dateModified\":\"2026-04-28T06:21:21+00:00\",\"mainEntityOfPage\":{\"@id\":\"https:\/\/blogscvc.cervantes.es\/martes-neologico\/sindrome-del-impostor-sindrome-de-la-impostora\/\"},\"wordCount\":1029,\"commentCount\":0,\"publisher\":{\"@id\":\"https:\/\/blogscvc.cervantes.es\/martes-neologico\/#organization\"},\"articleSection\":[\"sintagmaci\u00f3n\",\"sociedad\"],\"inLanguage\":\"es\",\"potentialAction\":[{\"@type\":\"CommentAction\",\"name\":\"Comment\",\"target\":[\"https:\/\/blogscvc.cervantes.es\/martes-neologico\/sindrome-del-impostor-sindrome-de-la-impostora\/#respond\"]}]},{\"@type\":\"WebPage\",\"@id\":\"https:\/\/blogscvc.cervantes.es\/martes-neologico\/sindrome-del-impostor-sindrome-de-la-impostora\/\",\"url\":\"https:\/\/blogscvc.cervantes.es\/martes-neologico\/sindrome-del-impostor-sindrome-de-la-impostora\/\",\"name\":\"CVC. S\u00edndrome del impostor, s\u00edndrome de la impostora | Martes Neol\u00f3gico\",\"isPartOf\":{\"@id\":\"https:\/\/blogscvc.cervantes.es\/martes-neologico\/#website\"},\"datePublished\":\"2026-04-28T05:00:00+00:00\",\"dateModified\":\"2026-04-28T06:21:21+00:00\",\"description\":\"Art\u00edculo sobre el neologismo \u00abs\u00edndrome del impostor, s\u00edndrome de la impostora\u00bb, dentro del blog Martes Neol\u00f3gico del Centro Virtual Cervantes.\",\"breadcrumb\":{\"@id\":\"https:\/\/blogscvc.cervantes.es\/martes-neologico\/sindrome-del-impostor-sindrome-de-la-impostora\/#breadcrumb\"},\"inLanguage\":\"es\",\"potentialAction\":[{\"@type\":\"ReadAction\",\"target\":[\"https:\/\/blogscvc.cervantes.es\/martes-neologico\/sindrome-del-impostor-sindrome-de-la-impostora\/\"]}]},{\"@type\":\"BreadcrumbList\",\"@id\":\"https:\/\/blogscvc.cervantes.es\/martes-neologico\/sindrome-del-impostor-sindrome-de-la-impostora\/#breadcrumb\",\"itemListElement\":[{\"@type\":\"ListItem\",\"position\":1,\"name\":\"Portada\",\"item\":\"https:\/\/blogscvc.cervantes.es\/martes-neologico\/\"},{\"@type\":\"ListItem\",\"position\":2,\"name\":\"s\u00edndrome del impostor, s\u00edndrome de la impostora m.\"}]},{\"@type\":\"WebSite\",\"@id\":\"https:\/\/blogscvc.cervantes.es\/martes-neologico\/#website\",\"url\":\"https:\/\/blogscvc.cervantes.es\/martes-neologico\/\",\"name\":\"Martes Neol\u00f3gico\",\"description\":\"Cada martes, una palabra nueva que podr\u00eda estar en el diccionario\",\"publisher\":{\"@id\":\"https:\/\/blogscvc.cervantes.es\/martes-neologico\/#organization\"},\"potentialAction\":[{\"@type\":\"SearchAction\",\"target\":{\"@type\":\"EntryPoint\",\"urlTemplate\":\"https:\/\/blogscvc.cervantes.es\/martes-neologico\/?s={search_term_string}\"},\"query-input\":\"required name=search_term_string\"}],\"inLanguage\":\"es\"},{\"@type\":\"Organization\",\"@id\":\"https:\/\/blogscvc.cervantes.es\/martes-neologico\/#organization\",\"name\":\"Martes Neol\u00f3gico\",\"url\":\"https:\/\/blogscvc.cervantes.es\/martes-neologico\/\",\"logo\":{\"@type\":\"ImageObject\",\"inLanguage\":\"es\",\"@id\":\"https:\/\/blogscvc.cervantes.es\/martes-neologico\/#\/schema\/logo\/image\/\",\"url\":\"https:\/\/blogscvc.cervantes.es\/martes-neologico\/wp-content\/uploads\/sites\/2\/2025\/10\/logo-martes-neologico-10-anos.png\",\"contentUrl\":\"https:\/\/blogscvc.cervantes.es\/martes-neologico\/wp-content\/uploads\/sites\/2\/2025\/10\/logo-martes-neologico-10-anos.png\",\"width\":300,\"height\":100,\"caption\":\"Martes Neol\u00f3gico\"},\"image\":{\"@id\":\"https:\/\/blogscvc.cervantes.es\/martes-neologico\/#\/schema\/logo\/image\/\"}},{\"@type\":\"Person\",\"@id\":\"https:\/\/blogscvc.cervantes.es\/martes-neologico\/#\/schema\/person\/7e2fd26f886f53b1b2e81721d23acc47\",\"name\":\"admin\",\"image\":{\"@type\":\"ImageObject\",\"inLanguage\":\"es\",\"@id\":\"https:\/\/blogscvc.cervantes.es\/martes-neologico\/#\/schema\/person\/image\/\",\"url\":\"https:\/\/secure.gravatar.com\/avatar\/c4b6a365b64e607f3d2ecd9620a7675a?s=96&d=mm&r=g\",\"contentUrl\":\"https:\/\/secure.gravatar.com\/avatar\/c4b6a365b64e607f3d2ecd9620a7675a?s=96&d=mm&r=g\",\"caption\":\"admin\"},\"url\":\"https:\/\/blogscvc.cervantes.es\/martes-neologico\/author\/admin\/\"}]}<\/script>\n<!-- \/ Yoast SEO plugin. -->","yoast_head_json":{"title":"CVC. S\u00edndrome del impostor, s\u00edndrome de la impostora | Martes Neol\u00f3gico","description":"Art\u00edculo sobre el neologismo \u00abs\u00edndrome del impostor, s\u00edndrome de la impostora\u00bb, dentro del blog Martes Neol\u00f3gico del Centro Virtual Cervantes.","robots":{"index":"index","follow":"follow","max-snippet":"max-snippet:-1","max-image-preview":"max-image-preview:large","max-video-preview":"max-video-preview:-1"},"canonical":"https:\/\/blogscvc.cervantes.es\/martes-neologico\/sindrome-del-impostor-sindrome-de-la-impostora\/","og_locale":"es_ES","og_type":"article","og_title":"CVC. S\u00edndrome del impostor, s\u00edndrome de la impostora | Martes Neol\u00f3gico","og_description":"Art\u00edculo sobre el neologismo \u00abs\u00edndrome del impostor, s\u00edndrome de la impostora\u00bb, dentro del blog Martes Neol\u00f3gico del Centro Virtual Cervantes.","og_url":"https:\/\/blogscvc.cervantes.es\/martes-neologico\/sindrome-del-impostor-sindrome-de-la-impostora\/","og_site_name":"Martes Neol\u00f3gico","article_published_time":"2026-04-28T05:00:00+00:00","article_modified_time":"2026-04-28T06:21:21+00:00","og_image":[{"width":750,"height":350,"url":"http:\/\/blogscvc.cervantes.es\/martes-neologico\/wp-content\/uploads\/sites\/2\/2026\/04\/sindrome_del_impostor_350.jpg","type":"image\/jpeg"}],"author":"admin","twitter_card":"summary_large_image","twitter_misc":{"Escrito por":"admin","Tiempo de lectura":"5 minutos"},"schema":{"@context":"https:\/\/schema.org","@graph":[{"@type":"Article","@id":"https:\/\/blogscvc.cervantes.es\/martes-neologico\/sindrome-del-impostor-sindrome-de-la-impostora\/#article","isPartOf":{"@id":"https:\/\/blogscvc.cervantes.es\/martes-neologico\/sindrome-del-impostor-sindrome-de-la-impostora\/"},"author":{"name":"admin","@id":"https:\/\/blogscvc.cervantes.es\/martes-neologico\/#\/schema\/person\/7e2fd26f886f53b1b2e81721d23acc47"},"headline":"s\u00edndrome del impostor, s\u00edndrome de la impostora m.","datePublished":"2026-04-28T05:00:00+00:00","dateModified":"2026-04-28T06:21:21+00:00","mainEntityOfPage":{"@id":"https:\/\/blogscvc.cervantes.es\/martes-neologico\/sindrome-del-impostor-sindrome-de-la-impostora\/"},"wordCount":1029,"commentCount":0,"publisher":{"@id":"https:\/\/blogscvc.cervantes.es\/martes-neologico\/#organization"},"articleSection":["sintagmaci\u00f3n","sociedad"],"inLanguage":"es","potentialAction":[{"@type":"CommentAction","name":"Comment","target":["https:\/\/blogscvc.cervantes.es\/martes-neologico\/sindrome-del-impostor-sindrome-de-la-impostora\/#respond"]}]},{"@type":"WebPage","@id":"https:\/\/blogscvc.cervantes.es\/martes-neologico\/sindrome-del-impostor-sindrome-de-la-impostora\/","url":"https:\/\/blogscvc.cervantes.es\/martes-neologico\/sindrome-del-impostor-sindrome-de-la-impostora\/","name":"CVC. S\u00edndrome del impostor, s\u00edndrome de la impostora | Martes Neol\u00f3gico","isPartOf":{"@id":"https:\/\/blogscvc.cervantes.es\/martes-neologico\/#website"},"datePublished":"2026-04-28T05:00:00+00:00","dateModified":"2026-04-28T06:21:21+00:00","description":"Art\u00edculo sobre el neologismo \u00abs\u00edndrome del impostor, s\u00edndrome de la impostora\u00bb, dentro del blog Martes Neol\u00f3gico del Centro Virtual Cervantes.","breadcrumb":{"@id":"https:\/\/blogscvc.cervantes.es\/martes-neologico\/sindrome-del-impostor-sindrome-de-la-impostora\/#breadcrumb"},"inLanguage":"es","potentialAction":[{"@type":"ReadAction","target":["https:\/\/blogscvc.cervantes.es\/martes-neologico\/sindrome-del-impostor-sindrome-de-la-impostora\/"]}]},{"@type":"BreadcrumbList","@id":"https:\/\/blogscvc.cervantes.es\/martes-neologico\/sindrome-del-impostor-sindrome-de-la-impostora\/#breadcrumb","itemListElement":[{"@type":"ListItem","position":1,"name":"Portada","item":"https:\/\/blogscvc.cervantes.es\/martes-neologico\/"},{"@type":"ListItem","position":2,"name":"s\u00edndrome del impostor, s\u00edndrome de la impostora m."}]},{"@type":"WebSite","@id":"https:\/\/blogscvc.cervantes.es\/martes-neologico\/#website","url":"https:\/\/blogscvc.cervantes.es\/martes-neologico\/","name":"Martes Neol\u00f3gico","description":"Cada martes, una palabra nueva que podr\u00eda estar en el diccionario","publisher":{"@id":"https:\/\/blogscvc.cervantes.es\/martes-neologico\/#organization"},"potentialAction":[{"@type":"SearchAction","target":{"@type":"EntryPoint","urlTemplate":"https:\/\/blogscvc.cervantes.es\/martes-neologico\/?s={search_term_string}"},"query-input":"required name=search_term_string"}],"inLanguage":"es"},{"@type":"Organization","@id":"https:\/\/blogscvc.cervantes.es\/martes-neologico\/#organization","name":"Martes Neol\u00f3gico","url":"https:\/\/blogscvc.cervantes.es\/martes-neologico\/","logo":{"@type":"ImageObject","inLanguage":"es","@id":"https:\/\/blogscvc.cervantes.es\/martes-neologico\/#\/schema\/logo\/image\/","url":"https:\/\/blogscvc.cervantes.es\/martes-neologico\/wp-content\/uploads\/sites\/2\/2025\/10\/logo-martes-neologico-10-anos.png","contentUrl":"https:\/\/blogscvc.cervantes.es\/martes-neologico\/wp-content\/uploads\/sites\/2\/2025\/10\/logo-martes-neologico-10-anos.png","width":300,"height":100,"caption":"Martes Neol\u00f3gico"},"image":{"@id":"https:\/\/blogscvc.cervantes.es\/martes-neologico\/#\/schema\/logo\/image\/"}},{"@type":"Person","@id":"https:\/\/blogscvc.cervantes.es\/martes-neologico\/#\/schema\/person\/7e2fd26f886f53b1b2e81721d23acc47","name":"admin","image":{"@type":"ImageObject","inLanguage":"es","@id":"https:\/\/blogscvc.cervantes.es\/martes-neologico\/#\/schema\/person\/image\/","url":"https:\/\/secure.gravatar.com\/avatar\/c4b6a365b64e607f3d2ecd9620a7675a?s=96&d=mm&r=g","contentUrl":"https:\/\/secure.gravatar.com\/avatar\/c4b6a365b64e607f3d2ecd9620a7675a?s=96&d=mm&r=g","caption":"admin"},"url":"https:\/\/blogscvc.cervantes.es\/martes-neologico\/author\/admin\/"}]}},"_links":{"self":[{"href":"https:\/\/blogscvc.cervantes.es\/martes-neologico\/wp-json\/wp\/v2\/posts\/14860"}],"collection":[{"href":"https:\/\/blogscvc.cervantes.es\/martes-neologico\/wp-json\/wp\/v2\/posts"}],"about":[{"href":"https:\/\/blogscvc.cervantes.es\/martes-neologico\/wp-json\/wp\/v2\/types\/post"}],"author":[{"embeddable":true,"href":"https:\/\/blogscvc.cervantes.es\/martes-neologico\/wp-json\/wp\/v2\/users\/1"}],"replies":[{"embeddable":true,"href":"https:\/\/blogscvc.cervantes.es\/martes-neologico\/wp-json\/wp\/v2\/comments?post=14860"}],"version-history":[{"count":2,"href":"https:\/\/blogscvc.cervantes.es\/martes-neologico\/wp-json\/wp\/v2\/posts\/14860\/revisions"}],"predecessor-version":[{"id":14872,"href":"https:\/\/blogscvc.cervantes.es\/martes-neologico\/wp-json\/wp\/v2\/posts\/14860\/revisions\/14872"}],"wp:featuredmedia":[{"embeddable":true,"href":"https:\/\/blogscvc.cervantes.es\/martes-neologico\/wp-json\/wp\/v2\/media\/14866"}],"wp:attachment":[{"href":"https:\/\/blogscvc.cervantes.es\/martes-neologico\/wp-json\/wp\/v2\/media?parent=14860"}],"wp:term":[{"taxonomy":"category","embeddable":true,"href":"https:\/\/blogscvc.cervantes.es\/martes-neologico\/wp-json\/wp\/v2\/categories?post=14860"},{"taxonomy":"post_tag","embeddable":true,"href":"https:\/\/blogscvc.cervantes.es\/martes-neologico\/wp-json\/wp\/v2\/tags?post=14860"}],"curies":[{"name":"wp","href":"https:\/\/api.w.org\/{rel}","templated":true}]}}