{"id":1514,"date":"2017-01-24T07:15:14","date_gmt":"2017-01-24T05:15:14","guid":{"rendered":"http:\/\/blogscvc.cervantes.es\/martes-neologico\/?p=1514"},"modified":"2025-07-31T14:58:29","modified_gmt":"2025-07-31T12:58:29","slug":"precariado","status":"publish","type":"post","link":"https:\/\/blogscvc.cervantes.es\/martes-neologico\/precariado\/","title":{"rendered":"precariado <em>m.<\/em>"},"content":{"rendered":"<p>El t\u00e9rmino <em>precariado<\/em> se refiere a un creciente n\u00famero de personas asalariadas de manera inestable, con un bajo nivel de ingresos y con incertidumbre sobre su futuro laboral. Se incluye en este grupo de trabajadores con contratos precarios al de los desempleados que subsisten gracias al subsidio de desempleo y al trabajo en negro. Cuando aparece reforzado por el adjetivo especificativo <em>laboral<\/em> se refiere a trabajadores que no reciben el sueldo que merecen y adem\u00e1s no est\u00e1n asegurados (a menudo inmigrantes), ven peligrar la salubridad de su vida en aspectos como la cultura o los afectos, o en su preocupaci\u00f3n por la supervivencia biol\u00f3gica (alimentos, vivienda, <abbr title=\"\">etc.<\/abbr>).<\/p>\n<figure id=\"attachment_118\" aria-describedby=\"caption-attachment-118\" style=\"width: 750px\" class=\"wp-caption aligncenter\"><a href=\"http:\/\/blogscvc.cervantes.es\/martes-neologico\/wp-content\/uploads\/sites\/2\/2017\/01\/precariado_500.jpg\"><img decoding=\"async\" loading=\"lazy\" class=\"alignnone size-full wp-image-1571\" src=\"http:\/\/blogscvc.cervantes.es\/martes-neologico\/wp-content\/uploads\/sites\/2\/2017\/01\/precariado_500.jpg\" alt=\"grupo de asi\u00e1ticos trabajando en un taller de costura\" width=\"750\" height=\"500\" srcset=\"https:\/\/blogscvc.cervantes.es\/martes-neologico\/wp-content\/uploads\/sites\/2\/2017\/01\/precariado_500.jpg 750w, https:\/\/blogscvc.cervantes.es\/martes-neologico\/wp-content\/uploads\/sites\/2\/2017\/01\/precariado_500-300x200.jpg 300w\" sizes=\"(max-width: 750px) 100vw, 750px\" \/><\/a><figcaption id=\"caption-attachment-118\" class=\"wp-caption-text\">Flickr (Matt)<\/figcaption><\/figure>\n<p>Por sus caracter\u00edsticas referenciales, este neologismo no se puede calificar como neologismo estil\u00edstico (una alternativa l\u00fadica) sino que aporta nuevas caracter\u00edsticas a un grupo social. La extensi\u00f3n sem\u00e1ntica del t\u00e9rmino <em>proletariado<\/em> no es suficiente, y el motivo m\u00e1s visible es el hecho de subsumir una caracter\u00edstica socialmente relevante: en la nueva clase o grupo social se incluyen numerosos j\u00f3venes titulados universitarios que, o bien est\u00e1n desempleados, o bien realizan empleos por debajo de su cualificaci\u00f3n, sum\u00e1ndose a los inmigrantes y los trabajadores sin formaci\u00f3n espec\u00edfica.<\/p>\n<p>As\u00ed es como se percibe su uso en la prensa europea desde hace m\u00e1s o menos una d\u00e9cada y va asociado al concepto de <em>generaci\u00f3n pr\u00e1cticum<\/em>:<\/p>\n<ul>\n<li>En los \u00faltimos meses han hecho fortuna en Alemania conceptos como generaci\u00f3n pr\u00e1cticum (los j\u00f3venes que se pasan a\u00f1os haciendo pr\u00e1cticas), <strong>precariado<\/strong> (el proletariado precario del siglo <span class=\"versalitas\">xxi<\/span>) o nueva clase baja (trabajadores con salarios bajos e inestables, o dependientes de la ayuda estatal). [<em>La Vanguardia<\/em> (Espa\u00f1a), 21\/04\/2007]<\/li>\n<\/ul>\n<p>Morfol\u00f3gicamente el t\u00e9rmino se forma por la simbiosis de <em>precario<\/em> y de <em>proletariado<\/em> (el sufijo &#8211;<em>ado<\/em> en el participio nominalizado significa \u2018conjunto o colectividad\u2019. Se atribuye al genio de Robert Castel (1933-2013), soci\u00f3logo franc\u00e9s dedicado al estudio de las transformaciones del trabajo, la intervenci\u00f3n social y las pol\u00edticas sociales. En su libro <em>Las metamorfosis de la cuesti\u00f3n social<\/em> (1995) analiza las consecuencias de la disgregaci\u00f3n y la \u00abdesafiliaci\u00f3n\u00bb para los individuos: los sentimientos de vulnerabilidad y fragilidad crecientes.<\/p>\n<p>Se trata de un concepto connotado ideol\u00f3gicamente que recoge la intenci\u00f3n reivindicativa de la sociedad preindustrial y la traslada a la postindustrial, tal y como se observa a partir de sus coocurrencias y colocaciones atributivas en los siguientes contextos:<\/p>\n<ul>\n<li>Sonidos del <strong>precariado<\/strong> rebelde. [<em>El Pa\u00eds <\/em>(Espa\u00f1a), 28\/04\/2006]<\/li>\n<\/ul>\n<ul>\n<li>Es lo que el soci\u00f3logo Rafael D\u00edaz-Salazar llama \u00abla insurrecci\u00f3n del <strong>precariado<\/strong>\u00bb, usando el t\u00e9rmino como un identificador com\u00fan de las nuevas legiones sin acceso a la vivienda, jubilados con p\u00e9simos ingresos, inmigrantes convertidos en esclavos o universitarios desempleados. [<em>Clar\u00edn<\/em> (Argentina), 28\/05\/2011]<\/li>\n<\/ul>\n<p>El t\u00e9rmino <em>proletariado<\/em>, formado en la pasada Europa preindustrial para referirse a los trabajadores de las f\u00e1bricas que en su mayor\u00eda acud\u00edan desde las zonas rurales y configuraron una nueva clase social en las ciudades, tiene su origen en el lat\u00edn <em>prole<\/em>, \u2018hijos\u2019, y denominaba, en la antigua Roma, a las personas que no ten\u00edan propiedades pero que eran \u00fatiles para procrear y engrosar las filas del ej\u00e9rcito (el cual defender\u00eda, claro est\u00e1, a los amos y sus propiedades). El cambio de la ra\u00edz <em>prole<\/em> por <em>precari<\/em> del lat\u00edn <em>prex<\/em>, \u2018ruego\u2019, refuerza, en el caso que nos ocupa, una actitud reivindicativa que solicita la intervenci\u00f3n del Estado en la pol\u00edtica econ\u00f3mica para la rectificaci\u00f3n del desequilibrio social. En un contexto supuestamente democr\u00e1tico y dialogante parecer\u00eda posible equilibrar las tensiones sociales generadas por un sistema capitalista en el cual los trabajadores son valorados primordialmente como consumidores que devuelven al sistema el contenido \u00edntegro de su salario, viendo as\u00ed mermada la posibilidad de mejorar su condici\u00f3n, con el consiguiente aumento de la desesperanza y el malestar social:<\/p>\n<ul>\n<li>El candidato de la federaci\u00f3n, que ha denunciado la \u00abreceta\u00bb del \u00abmiedo y la exclusi\u00f3n\u00bb de la derecha ante la situaci\u00f3n del <strong>precariado<\/strong> y la pol\u00edtica \u00abantihumanista\u00bb de los populares. [<em>El Mundo<\/em> (Espa\u00f1a), 1\/03\/2008]<\/li>\n<\/ul>\n<ul>\n<li>Gane quien gane las elecciones, le pondremos una vela a San Precario. Los partidos no s\u00f3lo no han sabido escuchar las voces del <strong>precariado<\/strong>, sino que a trav\u00e9s de sus recortes sociales, sus pol\u00edticas de privatizaci\u00f3n y su apuesta por la flexibilidad, le han dado motivos para echarse a las plazas. [<em>El Pa\u00eds<\/em> (Espa\u00f1a), 26\/05\/2011]<\/li>\n<\/ul>\n<p>Desgraciadamente no parece que las pol\u00edticas del mundo actual tomen demasiado en cuenta la posibilidad de intervenir en este tema, sino que, por el contrario, se fomenta o permite la rivalidad y competitividad entre los conciudadanos aspirantes a una plaza como \u00fanica soluci\u00f3n a un problema que afecta a la subsistencia y a la tragedia de verla en peligro. Otras actitudes gubernamentales ser\u00edan o podr\u00edan ser calificadas como \u00abpopulistas\u00bb:<\/p>\n<ul>\n<li>Eso si tienes la suerte de firmar un contrato por horas, pronto por minutos. Aqu\u00ed valen los codazos. Tonto el \u00faltimo. La nueva clase social se llama <strong>precariado<\/strong>. [<em>La<\/em> <em>Vanguardia<\/em> (Espa\u00f1a), 17\/09\/2016]<\/li>\n<\/ul>\n<ul>\n<li>Del mismo modo que la revoluci\u00f3n industrial engendr\u00f3 el proletariado, cuya expresi\u00f3n pol\u00edtica fue el socialismo, la revoluci\u00f3n digital ha engendrado el <strong>precariado<\/strong>, cuya expresi\u00f3n pol\u00edtica es el populismo. [<em>El Mundo<\/em> (Espa\u00f1a), 16\/10\/2016]<\/li>\n<\/ul>\n<p>El t\u00e9rmino aparece tambi\u00e9n en fuentes de Am\u00e9rica Latina:<\/p>\n<ul>\n<li>En Polonia la destrucci\u00f3n del sindicato del mismo nombre, del movimiento social alrededor suyo y del propio valor humano (y sustituci\u00f3n por <strong>precariado<\/strong>, atomizaci\u00f3n y ego\u00edsmo) fueron condiciones indispensables para la restauraci\u00f3n capitalista en 1989. [<em>La Jornada<\/em> (M\u00e9xico), 11\/09\/2015]<\/li>\n<\/ul>\n<ul>\n<li>Como cabeza letrada del proletariado son los que mejor representan su muerte: fueron su piedra de toque y aunque hoy en d\u00eda se intentan inventar palabras nuevas para redefinirlos \u2014<strong>precariado<\/strong>, voluntariado\u2014 como clase social, perteneciente al universo filos\u00f3fico del marxismo, desaparecieron: ahora son tan s\u00f3lo trabajadores. [<em>Clar\u00edn <\/em>(Argentina), 27\/03\/2010]<\/li>\n<\/ul>\n<p>El t\u00e9rmino existe con una formaci\u00f3n gen\u00e9rica similar en otras lenguas rom\u00e1nicas como el franc\u00e9s (<em>pr\u00e9cariat<\/em>) y el portugu\u00e9s (<em>precariado<\/em>) y se ha trasladado al ingl\u00e9s con la forma <em>precariat,<\/em> aunque en la familia anglogerm\u00e1nica se usa m\u00e1s frecuentemente sintagmas como <em>precarious work<\/em> \u2018trabajo precario\u2019 o <em>precarious workers<\/em> \u2018trabajadores precarios\u2019.<\/p>\n<p>A pesar de la importancia social del t\u00e9rmino solo nos consta como recogido en el <acronym title=\"Neologismos del espa\u00f1ol actual, de Mar\u00eda Moliner \"><em> NEOMM<\/em><\/acronym>, el <em>Dizionario Garzanti<\/em> del italiano y el <em>Dicion\u00e1rio Priberam da Lingua Portuguesa<\/em>, y est\u00e1 ausente de grandes obras como el <em>Diccionario de la Real Academia Espa\u00f1ola<\/em>. Ser\u00eda de desear que se lo tuviera en cuenta.<\/p>\n<p>Anna Aguilar-Amat<br \/>\nUniversitat Aut\u00f2noma de Barcelona (Espa\u00f1a)<\/p>\n","protected":false},"excerpt":{"rendered":"<p>El t&eacute;rmino <em>precariado<\/em> se refiere a un creciente n&uacute;mero de personas asalariadas  de manera inestable, con un bajo nivel de ingresos y con incertidumbre sobre su  futuro laboral. Se incluye en este grupo de trabajadores con contratos  precarios al de los desempleados que subsisten gracias al subsidio de desempleo  y al trabajo &laquo;en negro&raquo;. Cuando aparece reforzado por el adjetivo  especificativo <em>laboral<\/em> se refiere a trabajadores  que no reciben el sueldo que merecen y adem&aacute;s no est&aacute;n asegurados (a menudo  inmigrantes), ven peligrar la salubridad de su vida en aspectos como la cultura  o los afectos en su preocupaci&oacute;n por la supervivencia biol&oacute;gica (alimentos,  vivienda, <abbr title\"etc\u00e9tera\">etc.<\/abbr>).<\/p>\n","protected":false},"author":1,"featured_media":1570,"comment_status":"open","ping_status":"open","sticky":false,"template":"","format":"standard","meta":{"_mi_skip_tracking":false,"_s2mail":"yes"},"categories":[15,37],"tags":[],"yoast_head":"<!-- This site is optimized with the Yoast SEO plugin v20.6 - https:\/\/yoast.com\/wordpress\/plugins\/seo\/ -->\n<title>CVC. Precariado | Martes Neol\u00f3gico<\/title>\n<meta name=\"description\" content=\"Art\u00edculo sobre el neologismo \u00abprecariado\u00bb, dentro del blog Martes Neol\u00f3gico del Centro Virtual Cervantes.\" \/>\n<meta name=\"robots\" content=\"index, follow, max-snippet:-1, max-image-preview:large, max-video-preview:-1\" \/>\n<link rel=\"canonical\" href=\"https:\/\/blogscvc.cervantes.es\/martes-neologico\/precariado\/\" \/>\n<meta property=\"og:locale\" content=\"es_ES\" \/>\n<meta property=\"og:type\" content=\"article\" \/>\n<meta property=\"og:title\" content=\"CVC. Precariado | Martes Neol\u00f3gico\" \/>\n<meta property=\"og:description\" content=\"Art\u00edculo sobre el neologismo \u00abprecariado\u00bb, dentro del blog Martes Neol\u00f3gico del Centro Virtual Cervantes.\" \/>\n<meta property=\"og:url\" content=\"https:\/\/blogscvc.cervantes.es\/martes-neologico\/precariado\/\" \/>\n<meta property=\"og:site_name\" content=\"Martes Neol\u00f3gico\" \/>\n<meta property=\"article:published_time\" content=\"2017-01-24T05:15:14+00:00\" \/>\n<meta property=\"article:modified_time\" content=\"2025-07-31T12:58:29+00:00\" \/>\n<meta property=\"og:image\" content=\"http:\/\/blogscvc.cervantes.es\/martes-neologico\/wp-content\/uploads\/sites\/2\/2017\/01\/precariado_350.jpg\" \/>\n\t<meta property=\"og:image:width\" content=\"750\" \/>\n\t<meta property=\"og:image:height\" content=\"350\" \/>\n\t<meta property=\"og:image:type\" content=\"image\/jpeg\" \/>\n<meta name=\"author\" content=\"admin\" \/>\n<meta name=\"twitter:card\" content=\"summary_large_image\" \/>\n<meta name=\"twitter:label1\" content=\"Escrito por\" \/>\n\t<meta name=\"twitter:data1\" content=\"admin\" \/>\n\t<meta name=\"twitter:label2\" content=\"Tiempo de lectura\" \/>\n\t<meta name=\"twitter:data2\" content=\"5 minutos\" \/>\n<script type=\"application\/ld+json\" class=\"yoast-schema-graph\">{\"@context\":\"https:\/\/schema.org\",\"@graph\":[{\"@type\":\"Article\",\"@id\":\"https:\/\/blogscvc.cervantes.es\/martes-neologico\/precariado\/#article\",\"isPartOf\":{\"@id\":\"https:\/\/blogscvc.cervantes.es\/martes-neologico\/precariado\/\"},\"author\":{\"name\":\"admin\",\"@id\":\"https:\/\/blogscvc.cervantes.es\/martes-neologico\/#\/schema\/person\/7e2fd26f886f53b1b2e81721d23acc47\"},\"headline\":\"precariado m.\",\"datePublished\":\"2017-01-24T05:15:14+00:00\",\"dateModified\":\"2025-07-31T12:58:29+00:00\",\"mainEntityOfPage\":{\"@id\":\"https:\/\/blogscvc.cervantes.es\/martes-neologico\/precariado\/\"},\"wordCount\":1156,\"commentCount\":0,\"publisher\":{\"@id\":\"https:\/\/blogscvc.cervantes.es\/martes-neologico\/#organization\"},\"articleSection\":[\"econom\u00eda\",\"sufijaci\u00f3n\"],\"inLanguage\":\"es\",\"potentialAction\":[{\"@type\":\"CommentAction\",\"name\":\"Comment\",\"target\":[\"https:\/\/blogscvc.cervantes.es\/martes-neologico\/precariado\/#respond\"]}]},{\"@type\":\"WebPage\",\"@id\":\"https:\/\/blogscvc.cervantes.es\/martes-neologico\/precariado\/\",\"url\":\"https:\/\/blogscvc.cervantes.es\/martes-neologico\/precariado\/\",\"name\":\"CVC. Precariado | Martes Neol\u00f3gico\",\"isPartOf\":{\"@id\":\"https:\/\/blogscvc.cervantes.es\/martes-neologico\/#website\"},\"datePublished\":\"2017-01-24T05:15:14+00:00\",\"dateModified\":\"2025-07-31T12:58:29+00:00\",\"description\":\"Art\u00edculo sobre el neologismo \u00abprecariado\u00bb, dentro del blog Martes Neol\u00f3gico del Centro Virtual Cervantes.\",\"breadcrumb\":{\"@id\":\"https:\/\/blogscvc.cervantes.es\/martes-neologico\/precariado\/#breadcrumb\"},\"inLanguage\":\"es\",\"potentialAction\":[{\"@type\":\"ReadAction\",\"target\":[\"https:\/\/blogscvc.cervantes.es\/martes-neologico\/precariado\/\"]}]},{\"@type\":\"BreadcrumbList\",\"@id\":\"https:\/\/blogscvc.cervantes.es\/martes-neologico\/precariado\/#breadcrumb\",\"itemListElement\":[{\"@type\":\"ListItem\",\"position\":1,\"name\":\"Portada\",\"item\":\"https:\/\/blogscvc.cervantes.es\/martes-neologico\/\"},{\"@type\":\"ListItem\",\"position\":2,\"name\":\"precariado m.\"}]},{\"@type\":\"WebSite\",\"@id\":\"https:\/\/blogscvc.cervantes.es\/martes-neologico\/#website\",\"url\":\"https:\/\/blogscvc.cervantes.es\/martes-neologico\/\",\"name\":\"Martes Neol\u00f3gico\",\"description\":\"Cada martes, una palabra nueva que podr\u00eda estar en el diccionario\",\"publisher\":{\"@id\":\"https:\/\/blogscvc.cervantes.es\/martes-neologico\/#organization\"},\"potentialAction\":[{\"@type\":\"SearchAction\",\"target\":{\"@type\":\"EntryPoint\",\"urlTemplate\":\"https:\/\/blogscvc.cervantes.es\/martes-neologico\/?s={search_term_string}\"},\"query-input\":\"required name=search_term_string\"}],\"inLanguage\":\"es\"},{\"@type\":\"Organization\",\"@id\":\"https:\/\/blogscvc.cervantes.es\/martes-neologico\/#organization\",\"name\":\"Martes Neol\u00f3gico\",\"url\":\"https:\/\/blogscvc.cervantes.es\/martes-neologico\/\",\"logo\":{\"@type\":\"ImageObject\",\"inLanguage\":\"es\",\"@id\":\"https:\/\/blogscvc.cervantes.es\/martes-neologico\/#\/schema\/logo\/image\/\",\"url\":\"https:\/\/blogscvc.cervantes.es\/martes-neologico\/wp-content\/uploads\/sites\/2\/2025\/10\/logo-martes-neologico-10-anos.png\",\"contentUrl\":\"https:\/\/blogscvc.cervantes.es\/martes-neologico\/wp-content\/uploads\/sites\/2\/2025\/10\/logo-martes-neologico-10-anos.png\",\"width\":300,\"height\":100,\"caption\":\"Martes Neol\u00f3gico\"},\"image\":{\"@id\":\"https:\/\/blogscvc.cervantes.es\/martes-neologico\/#\/schema\/logo\/image\/\"}},{\"@type\":\"Person\",\"@id\":\"https:\/\/blogscvc.cervantes.es\/martes-neologico\/#\/schema\/person\/7e2fd26f886f53b1b2e81721d23acc47\",\"name\":\"admin\",\"image\":{\"@type\":\"ImageObject\",\"inLanguage\":\"es\",\"@id\":\"https:\/\/blogscvc.cervantes.es\/martes-neologico\/#\/schema\/person\/image\/\",\"url\":\"https:\/\/secure.gravatar.com\/avatar\/c4b6a365b64e607f3d2ecd9620a7675a?s=96&d=mm&r=g\",\"contentUrl\":\"https:\/\/secure.gravatar.com\/avatar\/c4b6a365b64e607f3d2ecd9620a7675a?s=96&d=mm&r=g\",\"caption\":\"admin\"},\"url\":\"https:\/\/blogscvc.cervantes.es\/martes-neologico\/author\/admin\/\"}]}<\/script>\n<!-- \/ Yoast SEO plugin. -->","yoast_head_json":{"title":"CVC. Precariado | Martes Neol\u00f3gico","description":"Art\u00edculo sobre el neologismo \u00abprecariado\u00bb, dentro del blog Martes Neol\u00f3gico del Centro Virtual Cervantes.","robots":{"index":"index","follow":"follow","max-snippet":"max-snippet:-1","max-image-preview":"max-image-preview:large","max-video-preview":"max-video-preview:-1"},"canonical":"https:\/\/blogscvc.cervantes.es\/martes-neologico\/precariado\/","og_locale":"es_ES","og_type":"article","og_title":"CVC. Precariado | Martes Neol\u00f3gico","og_description":"Art\u00edculo sobre el neologismo \u00abprecariado\u00bb, dentro del blog Martes Neol\u00f3gico del Centro Virtual Cervantes.","og_url":"https:\/\/blogscvc.cervantes.es\/martes-neologico\/precariado\/","og_site_name":"Martes Neol\u00f3gico","article_published_time":"2017-01-24T05:15:14+00:00","article_modified_time":"2025-07-31T12:58:29+00:00","og_image":[{"width":750,"height":350,"url":"http:\/\/blogscvc.cervantes.es\/martes-neologico\/wp-content\/uploads\/sites\/2\/2017\/01\/precariado_350.jpg","type":"image\/jpeg"}],"author":"admin","twitter_card":"summary_large_image","twitter_misc":{"Escrito por":"admin","Tiempo de lectura":"5 minutos"},"schema":{"@context":"https:\/\/schema.org","@graph":[{"@type":"Article","@id":"https:\/\/blogscvc.cervantes.es\/martes-neologico\/precariado\/#article","isPartOf":{"@id":"https:\/\/blogscvc.cervantes.es\/martes-neologico\/precariado\/"},"author":{"name":"admin","@id":"https:\/\/blogscvc.cervantes.es\/martes-neologico\/#\/schema\/person\/7e2fd26f886f53b1b2e81721d23acc47"},"headline":"precariado m.","datePublished":"2017-01-24T05:15:14+00:00","dateModified":"2025-07-31T12:58:29+00:00","mainEntityOfPage":{"@id":"https:\/\/blogscvc.cervantes.es\/martes-neologico\/precariado\/"},"wordCount":1156,"commentCount":0,"publisher":{"@id":"https:\/\/blogscvc.cervantes.es\/martes-neologico\/#organization"},"articleSection":["econom\u00eda","sufijaci\u00f3n"],"inLanguage":"es","potentialAction":[{"@type":"CommentAction","name":"Comment","target":["https:\/\/blogscvc.cervantes.es\/martes-neologico\/precariado\/#respond"]}]},{"@type":"WebPage","@id":"https:\/\/blogscvc.cervantes.es\/martes-neologico\/precariado\/","url":"https:\/\/blogscvc.cervantes.es\/martes-neologico\/precariado\/","name":"CVC. Precariado | Martes Neol\u00f3gico","isPartOf":{"@id":"https:\/\/blogscvc.cervantes.es\/martes-neologico\/#website"},"datePublished":"2017-01-24T05:15:14+00:00","dateModified":"2025-07-31T12:58:29+00:00","description":"Art\u00edculo sobre el neologismo \u00abprecariado\u00bb, dentro del blog Martes Neol\u00f3gico del Centro Virtual Cervantes.","breadcrumb":{"@id":"https:\/\/blogscvc.cervantes.es\/martes-neologico\/precariado\/#breadcrumb"},"inLanguage":"es","potentialAction":[{"@type":"ReadAction","target":["https:\/\/blogscvc.cervantes.es\/martes-neologico\/precariado\/"]}]},{"@type":"BreadcrumbList","@id":"https:\/\/blogscvc.cervantes.es\/martes-neologico\/precariado\/#breadcrumb","itemListElement":[{"@type":"ListItem","position":1,"name":"Portada","item":"https:\/\/blogscvc.cervantes.es\/martes-neologico\/"},{"@type":"ListItem","position":2,"name":"precariado m."}]},{"@type":"WebSite","@id":"https:\/\/blogscvc.cervantes.es\/martes-neologico\/#website","url":"https:\/\/blogscvc.cervantes.es\/martes-neologico\/","name":"Martes Neol\u00f3gico","description":"Cada martes, una palabra nueva que podr\u00eda estar en el diccionario","publisher":{"@id":"https:\/\/blogscvc.cervantes.es\/martes-neologico\/#organization"},"potentialAction":[{"@type":"SearchAction","target":{"@type":"EntryPoint","urlTemplate":"https:\/\/blogscvc.cervantes.es\/martes-neologico\/?s={search_term_string}"},"query-input":"required name=search_term_string"}],"inLanguage":"es"},{"@type":"Organization","@id":"https:\/\/blogscvc.cervantes.es\/martes-neologico\/#organization","name":"Martes Neol\u00f3gico","url":"https:\/\/blogscvc.cervantes.es\/martes-neologico\/","logo":{"@type":"ImageObject","inLanguage":"es","@id":"https:\/\/blogscvc.cervantes.es\/martes-neologico\/#\/schema\/logo\/image\/","url":"https:\/\/blogscvc.cervantes.es\/martes-neologico\/wp-content\/uploads\/sites\/2\/2025\/10\/logo-martes-neologico-10-anos.png","contentUrl":"https:\/\/blogscvc.cervantes.es\/martes-neologico\/wp-content\/uploads\/sites\/2\/2025\/10\/logo-martes-neologico-10-anos.png","width":300,"height":100,"caption":"Martes Neol\u00f3gico"},"image":{"@id":"https:\/\/blogscvc.cervantes.es\/martes-neologico\/#\/schema\/logo\/image\/"}},{"@type":"Person","@id":"https:\/\/blogscvc.cervantes.es\/martes-neologico\/#\/schema\/person\/7e2fd26f886f53b1b2e81721d23acc47","name":"admin","image":{"@type":"ImageObject","inLanguage":"es","@id":"https:\/\/blogscvc.cervantes.es\/martes-neologico\/#\/schema\/person\/image\/","url":"https:\/\/secure.gravatar.com\/avatar\/c4b6a365b64e607f3d2ecd9620a7675a?s=96&d=mm&r=g","contentUrl":"https:\/\/secure.gravatar.com\/avatar\/c4b6a365b64e607f3d2ecd9620a7675a?s=96&d=mm&r=g","caption":"admin"},"url":"https:\/\/blogscvc.cervantes.es\/martes-neologico\/author\/admin\/"}]}},"_links":{"self":[{"href":"https:\/\/blogscvc.cervantes.es\/martes-neologico\/wp-json\/wp\/v2\/posts\/1514"}],"collection":[{"href":"https:\/\/blogscvc.cervantes.es\/martes-neologico\/wp-json\/wp\/v2\/posts"}],"about":[{"href":"https:\/\/blogscvc.cervantes.es\/martes-neologico\/wp-json\/wp\/v2\/types\/post"}],"author":[{"embeddable":true,"href":"https:\/\/blogscvc.cervantes.es\/martes-neologico\/wp-json\/wp\/v2\/users\/1"}],"replies":[{"embeddable":true,"href":"https:\/\/blogscvc.cervantes.es\/martes-neologico\/wp-json\/wp\/v2\/comments?post=1514"}],"version-history":[{"count":6,"href":"https:\/\/blogscvc.cervantes.es\/martes-neologico\/wp-json\/wp\/v2\/posts\/1514\/revisions"}],"predecessor-version":[{"id":13792,"href":"https:\/\/blogscvc.cervantes.es\/martes-neologico\/wp-json\/wp\/v2\/posts\/1514\/revisions\/13792"}],"wp:featuredmedia":[{"embeddable":true,"href":"https:\/\/blogscvc.cervantes.es\/martes-neologico\/wp-json\/wp\/v2\/media\/1570"}],"wp:attachment":[{"href":"https:\/\/blogscvc.cervantes.es\/martes-neologico\/wp-json\/wp\/v2\/media?parent=1514"}],"wp:term":[{"taxonomy":"category","embeddable":true,"href":"https:\/\/blogscvc.cervantes.es\/martes-neologico\/wp-json\/wp\/v2\/categories?post=1514"},{"taxonomy":"post_tag","embeddable":true,"href":"https:\/\/blogscvc.cervantes.es\/martes-neologico\/wp-json\/wp\/v2\/tags?post=1514"}],"curies":[{"name":"wp","href":"https:\/\/api.w.org\/{rel}","templated":true}]}}