{"id":1968,"date":"2017-07-11T07:30:10","date_gmt":"2017-07-11T05:30:10","guid":{"rendered":"http:\/\/blogscvc.cervantes.es\/martes-neologico\/?p=1968"},"modified":"2025-07-29T13:07:12","modified_gmt":"2025-07-29T11:07:12","slug":"comercio-justo","status":"publish","type":"post","link":"https:\/\/blogscvc.cervantes.es\/martes-neologico\/comercio-justo\/","title":{"rendered":"comercio justo <em>m.<\/em>"},"content":{"rendered":"<p>La expresi\u00f3n <em>comercio justo<\/em> es una locuci\u00f3n nominal, utilizada para denominar un sistema comercial internacional \u2014tambi\u00e9n designado con menor frecuencia como <em>comercio alternativo<\/em> o <em>comercio equitativo<\/em>\u2014, de trato solidario y alternativo, cuyo objetivo es mejorar el acceso al mercado de los productores m\u00e1s desfavorecidos y cambiar las reglas del comercio internacional, que perpet\u00faan la pobreza y la desigualdad mundial. En Europa hay alrededor de 3000 tiendas de <em>comercio justo<\/em>; la primera abri\u00f3 sus puertas en Holanda en 1969. En Espa\u00f1a las primeras tiendas surgieron en 1986. Desde el punto de vista cronol\u00f3gico, el primer uso en el CREA data de 1994 y en el Observatori de Neologia, de 1996.<\/p>\n<ul>\n<li>El <strong>comercio justo<\/strong> brinda una alternativa v\u00e1lida para aquellos que quieran hacer alg\u00fan acto solidario con el Tercer Mundo. Se trata de una iniciativa de algunas organizaciones no gubernamentales para el desarrollo (ONGD) que pretende favorecer unos v\u00ednculos comerciales directos y equitativos entre los productores del Sur y los consumidores del Norte. [<em>La Vanguardia<\/em> (Espa\u00f1a) 17\/12\/1994, CREA]<\/li>\n<\/ul>\n<figure id=\"attachment_118\" aria-describedby=\"caption-attachment-118\" style=\"width: 750px\" class=\"wp-caption aligncenter\"><a href=\"http:\/\/blogscvc.cervantes.es\/martes-neologico\/wp-content\/uploads\/sites\/2\/2017\/06\/comercio_justo_500.jpg\"><img decoding=\"async\" loading=\"lazy\" class=\"alignnone size-full wp-image-1739\" src=\"http:\/\/blogscvc.cervantes.es\/martes-neologico\/wp-content\/uploads\/sites\/2\/2017\/06\/comercio_justo_500.jpg\" alt=\"Logotipo de Fairtrade \/ Comercio Justo\" width=\"750\" height=\"500\"><\/a><figcaption id=\"caption-attachment-118\" class=\"wp-caption-text\">Comercio Justo<\/figcaption><\/figure>\n<p>El significado de dicha locuci\u00f3n puede considerarse aparentemente composicional debido a que la suma de los constituyentes que lo forman permite inferir una idea aproximada de lo que transmite la expresi\u00f3n. El valor de <em>justo<\/em> se recoge en la primera acepci\u00f3n de justicia, seg\u00fan el <em><acronym title=\"Diccionario de la Real Academia Espa\u00f1ola\">DRAE<\/acronym><\/em>23: \u2018principio moral que lleva a dar a cada uno lo que le corresponde o pertenece\u2019. Sin embargo, no se infiere el significado espec\u00edfico de la voz, que se refiere no solo a un comercio equitativo \u2014que comporta el respeto a los derechos laborales de hombres y mujeres as\u00ed como el respeto a las culturas ind\u00edgenas, a la informaci\u00f3n sobre el producto a los consumidores y, por supuesto, el rechazo a la explotaci\u00f3n infantil\u2014, sino que tambi\u00e9n se refiere a un sistema internacional de solidaridad y de respeto al medioambiente.<\/p>\n<p>En cuanto al sustantivo <em>comercio<\/em>, este queda definido no solo a partir de su primera acepci\u00f3n de intercambio o transacci\u00f3n, sino tambi\u00e9n de manera interpretable en la tercera acepci\u00f3n del <em><acronym title=\"Diccionario del Espa\u00f1ol Actual\">DEA<\/acronym><\/em>: \u2018trato o relaci\u00f3n\u2019. Tambi\u00e9n en el DRAE23 aparece este uso, con la marca de poco usado, en la acepci\u00f3n 8: \u2018comunicaci\u00f3n y trato entre personas\u2019. Queda tambi\u00e9n recogida esta acepci\u00f3n en el DUE, indicada en este caso como una subacepci\u00f3n de la acepci\u00f3n primera: \u2018mundo constituido por esta actividad y las personas dedicadas a ella\u2019. Este es el uso que se recoge en fuentes diversas:<\/p>\n<ul>\n<li>Alcampo colabora con IO desde 2002 para impulsar el <strong>comercio justo<\/strong>, una iniciativa que pretende facilitar el acceso de los peque\u00f1os productores del Sur al mercado garantiz\u00e1ndoles una retribuci\u00f3n justa por su trabajo. [<em>\u00c1gora<\/em> (Espa\u00f1a), 1\/04\/2005]<\/li>\n<\/ul>\n<p>Con respecto a otras lenguas rom\u00e1nicas, se emplea el mismo procedimiento sintagm\u00e1tico a partir de la uni\u00f3n del adjetivo m\u00e1s el sustantivo para designar el concepto de comercio justo: <em>comer\u00e7 just<\/em> en catal\u00e1n; <em>comercio xusto<\/em> en gallego; <em>commerce \u00e9quitable<\/em> en franc\u00e9s, <em>com\u00e9rcio justo<\/em> en portugu\u00e9s; en rumano <em>comer\u0163ul echitabil<\/em>, <em>commercio equo e solidare<\/em> en italiano, etc. Tambi\u00e9n en otras lenguas como el ingl\u00e9s <em>fair trade<\/em> o el alem\u00e1n <em>fairer Handel<\/em> se usa el mismo recurso l\u00e9xico-gen\u00e9tico. Queremos, sin embargo, detenernos en la construcci\u00f3n italiana, <em>commercio equo e solidare<\/em> en italiano, que opta por una adjetivaci\u00f3n bimembre con la que, ahora s\u00ed, se recoge el valor de justo y solidario, este \u00faltimo perdido en las otras denominaciones.<\/p>\n<p>En cuanto a su incorporaci\u00f3n en la macroestructura de los diccionarios, cabe destacar que la locuci\u00f3n <em>comercio justo<\/em> se recoge como acepci\u00f3n compuesta dentro del lema \u2018comercio\u2019 en algunos diccionarios generales de la lengua, como en <em><acronym>VOXUSO<\/acronym><\/em> o <em>Clave<\/em>. En todas las entradas de la locuci\u00f3n en los diccionarios mencionados, se detalla entonces el significado de solidaridad y dignificaci\u00f3n y se a\u00f1ade adem\u00e1s el respeto medioambiental. Dicha locuci\u00f3n se recoge tambi\u00e9n en algunos diccionarios de neologismos, como el <em><acronym>NEOMM<\/acronym><\/em>, Alvar2, DUE u OBNEO:<\/p>\n<blockquote><p>El que se realiza con productos procedentes del tercer mundo, en cuya elaboraci\u00f3n se han pagado salarios dignos, no ha habido mano de obra infantil y se ha respetado el medio ambiente. [Alvar2]<\/p>\n<p>El que tiene lugar con productos elaborados en pa\u00edses en v\u00edas de desarrollo respetando la dignidad humana y el entorno medioambiental. [DUE]<\/p><\/blockquote>\n<p>Llama poderosamente la atenci\u00f3n el hecho de que la construcci\u00f3n est\u00e9 ya consignada en algunos diccionarios generales, como hemos recogido l\u00edneas m\u00e1s arriba, para volver luego a quedar de nuevo registrada como neologismo. Debe tenerse en cuenta que un criterio por ejemplo en OBNEO para la consideraci\u00f3n o no de neologismo es que el lema no aparezca documentado en el <em><acronym>DRAE<\/acronym><\/em>23 o en <em>VOXUSO<\/em>. M\u00e1s all\u00e1 de este criterio t\u00e9cnico, los datos de frecuencia que ofrece el CORPES XXI pueden arrojar una posible explicaci\u00f3n, atendiendo ahora al uso, a dicha fluctuaci\u00f3n. Seg\u00fan el CORPES XXI, la locuci\u00f3n aumenta su frecuencia de uso alrededor de 2001-2005 y disminuye progresivamente desde entonces. Puede explicarse si se tiene en cuenta que el primer anuario estatal de comercio justo en Espa\u00f1a es de diciembre de 2004. Esta oscilaci\u00f3n en la frecuencia de uso podr\u00eda explicar pues la ambivalencia en el trato de la locuci\u00f3n. Asimismo, en el CORPES puede contemplarse el uso como nombre propio a partir de 2004, lo que parece converger con lo ya apuntado. En este a\u00f1o esta opci\u00f3n aparece de modo casi un\u00e1nime. A partir de 2005 vuelven a recogerse las dos tendencias, con oscilaciones de escritura: <em>Comercio Justo<\/em>, <em>comercio justo<\/em> y <em>Comercio justo<\/em>, lo que pone de manifiesto la frontera imprecisa entre el nombre propio y el com\u00fan, as\u00ed como el bajo grado de fijaci\u00f3n normativa en el t\u00e9rmino.<\/p>\n<p>Desde el punto de vista geogr\u00e1fico, el valor composicional rese\u00f1ado est\u00e1 presente en los usos tanto de Espa\u00f1a como de Latinoam\u00e9rica, si bien el uso es mucho menor en Latinoam\u00e9rica, seg\u00fan el CORPES y el CREA. La consulta de CORPES XXI, que recoge textos a partir de 2001, ofrece usos generalizados en Espa\u00f1a y con menor frecuencia, y en este orden, en Per\u00fa, Argentina, Nicaragua, Colombia, Ecuador, Venezuela, M\u00e9xico, Bolivia, Cuba, Guatemala, Chile, Honduras, Panam\u00e1 y Uruguay:<\/p>\n<ul>\n<li>No obstante record\u00f3 que a trav\u00e9s de la caficultura org\u00e1nica certificada se han podido bajar los precios y ser m\u00e1s competitivos en el mundo. \u00abLa libra cuesta cuarenta centavos para producir caf\u00e9 certificado, bajo de sombra y <strong>comercio justo<\/strong>, y es vendida hasta en 1.26 d\u00f3lares, para nosotros es un ejemplo positivo\u00bb. [La Prensa (Nicaragua), 25\/07\/2002]<\/li>\n<\/ul>\n<ul>\n<li>Denunci\u00f3 la ausencia de un <strong>comercio justo<\/strong> y equitativo para los productores agr\u00edcolas y agreg\u00f3 que la mayor parte de las ganancias se queda en la agroindustria comercializadora, cuando debiera ser al rev\u00e9s. [Diario Granma (Cuba), 17\/17\/2006]<\/li>\n<\/ul>\n<p>Por zonas, la zona andina es la m\u00e1s frecuente, despu\u00e9s de Espa\u00f1a, pues es donde se establece mayoritariamente esa relaci\u00f3n de comercio justo.<\/p>\n<p>Encarna Atienza<br \/>\nGr@el, Grup de recerca en aprenentatge i ensenyament de lleng\u00fces<br \/>\nUniversitat Pompeu Fabra (Espa\u00f1a)<\/p>\n","protected":false},"excerpt":{"rendered":"<p>La expresi\u00f3n <em>comercio justo<\/em> es una locuci\u00f3n nominal, utilizada para denominar un sistema comercial internacional \u2014tambi\u00e9n designado con menor frecuencia como <em>comercio alternativo<\/em> o <em>comercio equitativo<\/em>\u2014, de trato solidario y alternativo, cuyo objetivo es mejorar el acceso al mercado de los productores m\u00e1s desfavorecidos y cambiar las reglas del comercio internacional, que perpet\u00faan la pobreza y la desigualdad mundial. En Europa hay alrededor de 3000 tiendas de <em>comercio justo<\/em>; la primera abri\u00f3 sus puertas en Holanda en 1969. En Espa\u00f1a las primeras tiendas surgieron en 1986. Desde el punto de vista cronol\u00f3gico, el primer uso en el CREA data de 1994 y en el Observatori de Neologia, de 1996.<\/p>\n","protected":false},"author":1,"featured_media":1950,"comment_status":"open","ping_status":"open","sticky":false,"template":"","format":"standard","meta":{"_mi_skip_tracking":false,"_s2mail":"yes"},"categories":[15,5],"tags":[],"yoast_head":"<!-- This site is optimized with the Yoast SEO plugin v20.6 - https:\/\/yoast.com\/wordpress\/plugins\/seo\/ -->\n<title>CVC. Comercio justo | Martes Neol\u00f3gico<\/title>\n<meta name=\"description\" content=\"Art\u00edculo sobre el neologismo \u00abcomercio justo\u00bb, dentro del blog Martes Neol\u00f3gico del Centro Virtual Cervantes.\" \/>\n<meta name=\"robots\" content=\"index, follow, max-snippet:-1, max-image-preview:large, max-video-preview:-1\" \/>\n<link rel=\"canonical\" href=\"https:\/\/blogscvc.cervantes.es\/martes-neologico\/comercio-justo\/\" \/>\n<meta property=\"og:locale\" content=\"es_ES\" \/>\n<meta property=\"og:type\" content=\"article\" \/>\n<meta property=\"og:title\" content=\"CVC. Comercio justo | Martes Neol\u00f3gico\" \/>\n<meta property=\"og:description\" content=\"Art\u00edculo sobre el neologismo \u00abcomercio justo\u00bb, dentro del blog Martes Neol\u00f3gico del Centro Virtual Cervantes.\" \/>\n<meta property=\"og:url\" content=\"https:\/\/blogscvc.cervantes.es\/martes-neologico\/comercio-justo\/\" \/>\n<meta property=\"og:site_name\" content=\"Martes Neol\u00f3gico\" \/>\n<meta property=\"article:published_time\" content=\"2017-07-11T05:30:10+00:00\" \/>\n<meta property=\"article:modified_time\" content=\"2025-07-29T11:07:12+00:00\" \/>\n<meta property=\"og:image\" content=\"http:\/\/blogscvc.cervantes.es\/martes-neologico\/wp-content\/uploads\/sites\/2\/2017\/06\/comercio_justo_350.jpg\" \/>\n\t<meta property=\"og:image:width\" content=\"750\" \/>\n\t<meta property=\"og:image:height\" content=\"350\" \/>\n\t<meta property=\"og:image:type\" content=\"image\/jpeg\" \/>\n<meta name=\"author\" content=\"admin\" \/>\n<meta name=\"twitter:card\" content=\"summary_large_image\" \/>\n<meta name=\"twitter:label1\" content=\"Escrito por\" \/>\n\t<meta name=\"twitter:data1\" content=\"admin\" \/>\n\t<meta name=\"twitter:label2\" content=\"Tiempo de lectura\" \/>\n\t<meta name=\"twitter:data2\" content=\"6 minutos\" \/>\n<script type=\"application\/ld+json\" class=\"yoast-schema-graph\">{\"@context\":\"https:\/\/schema.org\",\"@graph\":[{\"@type\":\"Article\",\"@id\":\"https:\/\/blogscvc.cervantes.es\/martes-neologico\/comercio-justo\/#article\",\"isPartOf\":{\"@id\":\"https:\/\/blogscvc.cervantes.es\/martes-neologico\/comercio-justo\/\"},\"author\":{\"name\":\"admin\",\"@id\":\"https:\/\/blogscvc.cervantes.es\/martes-neologico\/#\/schema\/person\/7e2fd26f886f53b1b2e81721d23acc47\"},\"headline\":\"comercio justo m.\",\"datePublished\":\"2017-07-11T05:30:10+00:00\",\"dateModified\":\"2025-07-29T11:07:12+00:00\",\"mainEntityOfPage\":{\"@id\":\"https:\/\/blogscvc.cervantes.es\/martes-neologico\/comercio-justo\/\"},\"wordCount\":1228,\"commentCount\":0,\"publisher\":{\"@id\":\"https:\/\/blogscvc.cervantes.es\/martes-neologico\/#organization\"},\"articleSection\":[\"econom\u00eda\",\"sintagmaci\u00f3n\"],\"inLanguage\":\"es\",\"potentialAction\":[{\"@type\":\"CommentAction\",\"name\":\"Comment\",\"target\":[\"https:\/\/blogscvc.cervantes.es\/martes-neologico\/comercio-justo\/#respond\"]}]},{\"@type\":\"WebPage\",\"@id\":\"https:\/\/blogscvc.cervantes.es\/martes-neologico\/comercio-justo\/\",\"url\":\"https:\/\/blogscvc.cervantes.es\/martes-neologico\/comercio-justo\/\",\"name\":\"CVC. Comercio justo | Martes Neol\u00f3gico\",\"isPartOf\":{\"@id\":\"https:\/\/blogscvc.cervantes.es\/martes-neologico\/#website\"},\"datePublished\":\"2017-07-11T05:30:10+00:00\",\"dateModified\":\"2025-07-29T11:07:12+00:00\",\"description\":\"Art\u00edculo sobre el neologismo \u00abcomercio justo\u00bb, dentro del blog Martes Neol\u00f3gico del Centro Virtual Cervantes.\",\"breadcrumb\":{\"@id\":\"https:\/\/blogscvc.cervantes.es\/martes-neologico\/comercio-justo\/#breadcrumb\"},\"inLanguage\":\"es\",\"potentialAction\":[{\"@type\":\"ReadAction\",\"target\":[\"https:\/\/blogscvc.cervantes.es\/martes-neologico\/comercio-justo\/\"]}]},{\"@type\":\"BreadcrumbList\",\"@id\":\"https:\/\/blogscvc.cervantes.es\/martes-neologico\/comercio-justo\/#breadcrumb\",\"itemListElement\":[{\"@type\":\"ListItem\",\"position\":1,\"name\":\"Portada\",\"item\":\"https:\/\/blogscvc.cervantes.es\/martes-neologico\/\"},{\"@type\":\"ListItem\",\"position\":2,\"name\":\"comercio justo m.\"}]},{\"@type\":\"WebSite\",\"@id\":\"https:\/\/blogscvc.cervantes.es\/martes-neologico\/#website\",\"url\":\"https:\/\/blogscvc.cervantes.es\/martes-neologico\/\",\"name\":\"Martes Neol\u00f3gico\",\"description\":\"Cada martes, una palabra nueva que podr\u00eda estar en el diccionario\",\"publisher\":{\"@id\":\"https:\/\/blogscvc.cervantes.es\/martes-neologico\/#organization\"},\"potentialAction\":[{\"@type\":\"SearchAction\",\"target\":{\"@type\":\"EntryPoint\",\"urlTemplate\":\"https:\/\/blogscvc.cervantes.es\/martes-neologico\/?s={search_term_string}\"},\"query-input\":\"required name=search_term_string\"}],\"inLanguage\":\"es\"},{\"@type\":\"Organization\",\"@id\":\"https:\/\/blogscvc.cervantes.es\/martes-neologico\/#organization\",\"name\":\"Martes Neol\u00f3gico\",\"url\":\"https:\/\/blogscvc.cervantes.es\/martes-neologico\/\",\"logo\":{\"@type\":\"ImageObject\",\"inLanguage\":\"es\",\"@id\":\"https:\/\/blogscvc.cervantes.es\/martes-neologico\/#\/schema\/logo\/image\/\",\"url\":\"https:\/\/blogscvc.cervantes.es\/martes-neologico\/wp-content\/uploads\/sites\/2\/2025\/10\/logo-martes-neologico-10-anos.png\",\"contentUrl\":\"https:\/\/blogscvc.cervantes.es\/martes-neologico\/wp-content\/uploads\/sites\/2\/2025\/10\/logo-martes-neologico-10-anos.png\",\"width\":300,\"height\":100,\"caption\":\"Martes Neol\u00f3gico\"},\"image\":{\"@id\":\"https:\/\/blogscvc.cervantes.es\/martes-neologico\/#\/schema\/logo\/image\/\"}},{\"@type\":\"Person\",\"@id\":\"https:\/\/blogscvc.cervantes.es\/martes-neologico\/#\/schema\/person\/7e2fd26f886f53b1b2e81721d23acc47\",\"name\":\"admin\",\"image\":{\"@type\":\"ImageObject\",\"inLanguage\":\"es\",\"@id\":\"https:\/\/blogscvc.cervantes.es\/martes-neologico\/#\/schema\/person\/image\/\",\"url\":\"https:\/\/secure.gravatar.com\/avatar\/c4b6a365b64e607f3d2ecd9620a7675a?s=96&d=mm&r=g\",\"contentUrl\":\"https:\/\/secure.gravatar.com\/avatar\/c4b6a365b64e607f3d2ecd9620a7675a?s=96&d=mm&r=g\",\"caption\":\"admin\"},\"url\":\"https:\/\/blogscvc.cervantes.es\/martes-neologico\/author\/admin\/\"}]}<\/script>\n<!-- \/ Yoast SEO plugin. -->","yoast_head_json":{"title":"CVC. Comercio justo | Martes Neol\u00f3gico","description":"Art\u00edculo sobre el neologismo \u00abcomercio justo\u00bb, dentro del blog Martes Neol\u00f3gico del Centro Virtual Cervantes.","robots":{"index":"index","follow":"follow","max-snippet":"max-snippet:-1","max-image-preview":"max-image-preview:large","max-video-preview":"max-video-preview:-1"},"canonical":"https:\/\/blogscvc.cervantes.es\/martes-neologico\/comercio-justo\/","og_locale":"es_ES","og_type":"article","og_title":"CVC. Comercio justo | Martes Neol\u00f3gico","og_description":"Art\u00edculo sobre el neologismo \u00abcomercio justo\u00bb, dentro del blog Martes Neol\u00f3gico del Centro Virtual Cervantes.","og_url":"https:\/\/blogscvc.cervantes.es\/martes-neologico\/comercio-justo\/","og_site_name":"Martes Neol\u00f3gico","article_published_time":"2017-07-11T05:30:10+00:00","article_modified_time":"2025-07-29T11:07:12+00:00","og_image":[{"width":750,"height":350,"url":"http:\/\/blogscvc.cervantes.es\/martes-neologico\/wp-content\/uploads\/sites\/2\/2017\/06\/comercio_justo_350.jpg","type":"image\/jpeg"}],"author":"admin","twitter_card":"summary_large_image","twitter_misc":{"Escrito por":"admin","Tiempo de lectura":"6 minutos"},"schema":{"@context":"https:\/\/schema.org","@graph":[{"@type":"Article","@id":"https:\/\/blogscvc.cervantes.es\/martes-neologico\/comercio-justo\/#article","isPartOf":{"@id":"https:\/\/blogscvc.cervantes.es\/martes-neologico\/comercio-justo\/"},"author":{"name":"admin","@id":"https:\/\/blogscvc.cervantes.es\/martes-neologico\/#\/schema\/person\/7e2fd26f886f53b1b2e81721d23acc47"},"headline":"comercio justo m.","datePublished":"2017-07-11T05:30:10+00:00","dateModified":"2025-07-29T11:07:12+00:00","mainEntityOfPage":{"@id":"https:\/\/blogscvc.cervantes.es\/martes-neologico\/comercio-justo\/"},"wordCount":1228,"commentCount":0,"publisher":{"@id":"https:\/\/blogscvc.cervantes.es\/martes-neologico\/#organization"},"articleSection":["econom\u00eda","sintagmaci\u00f3n"],"inLanguage":"es","potentialAction":[{"@type":"CommentAction","name":"Comment","target":["https:\/\/blogscvc.cervantes.es\/martes-neologico\/comercio-justo\/#respond"]}]},{"@type":"WebPage","@id":"https:\/\/blogscvc.cervantes.es\/martes-neologico\/comercio-justo\/","url":"https:\/\/blogscvc.cervantes.es\/martes-neologico\/comercio-justo\/","name":"CVC. Comercio justo | Martes Neol\u00f3gico","isPartOf":{"@id":"https:\/\/blogscvc.cervantes.es\/martes-neologico\/#website"},"datePublished":"2017-07-11T05:30:10+00:00","dateModified":"2025-07-29T11:07:12+00:00","description":"Art\u00edculo sobre el neologismo \u00abcomercio justo\u00bb, dentro del blog Martes Neol\u00f3gico del Centro Virtual Cervantes.","breadcrumb":{"@id":"https:\/\/blogscvc.cervantes.es\/martes-neologico\/comercio-justo\/#breadcrumb"},"inLanguage":"es","potentialAction":[{"@type":"ReadAction","target":["https:\/\/blogscvc.cervantes.es\/martes-neologico\/comercio-justo\/"]}]},{"@type":"BreadcrumbList","@id":"https:\/\/blogscvc.cervantes.es\/martes-neologico\/comercio-justo\/#breadcrumb","itemListElement":[{"@type":"ListItem","position":1,"name":"Portada","item":"https:\/\/blogscvc.cervantes.es\/martes-neologico\/"},{"@type":"ListItem","position":2,"name":"comercio justo m."}]},{"@type":"WebSite","@id":"https:\/\/blogscvc.cervantes.es\/martes-neologico\/#website","url":"https:\/\/blogscvc.cervantes.es\/martes-neologico\/","name":"Martes Neol\u00f3gico","description":"Cada martes, una palabra nueva que podr\u00eda estar en el diccionario","publisher":{"@id":"https:\/\/blogscvc.cervantes.es\/martes-neologico\/#organization"},"potentialAction":[{"@type":"SearchAction","target":{"@type":"EntryPoint","urlTemplate":"https:\/\/blogscvc.cervantes.es\/martes-neologico\/?s={search_term_string}"},"query-input":"required name=search_term_string"}],"inLanguage":"es"},{"@type":"Organization","@id":"https:\/\/blogscvc.cervantes.es\/martes-neologico\/#organization","name":"Martes Neol\u00f3gico","url":"https:\/\/blogscvc.cervantes.es\/martes-neologico\/","logo":{"@type":"ImageObject","inLanguage":"es","@id":"https:\/\/blogscvc.cervantes.es\/martes-neologico\/#\/schema\/logo\/image\/","url":"https:\/\/blogscvc.cervantes.es\/martes-neologico\/wp-content\/uploads\/sites\/2\/2025\/10\/logo-martes-neologico-10-anos.png","contentUrl":"https:\/\/blogscvc.cervantes.es\/martes-neologico\/wp-content\/uploads\/sites\/2\/2025\/10\/logo-martes-neologico-10-anos.png","width":300,"height":100,"caption":"Martes Neol\u00f3gico"},"image":{"@id":"https:\/\/blogscvc.cervantes.es\/martes-neologico\/#\/schema\/logo\/image\/"}},{"@type":"Person","@id":"https:\/\/blogscvc.cervantes.es\/martes-neologico\/#\/schema\/person\/7e2fd26f886f53b1b2e81721d23acc47","name":"admin","image":{"@type":"ImageObject","inLanguage":"es","@id":"https:\/\/blogscvc.cervantes.es\/martes-neologico\/#\/schema\/person\/image\/","url":"https:\/\/secure.gravatar.com\/avatar\/c4b6a365b64e607f3d2ecd9620a7675a?s=96&d=mm&r=g","contentUrl":"https:\/\/secure.gravatar.com\/avatar\/c4b6a365b64e607f3d2ecd9620a7675a?s=96&d=mm&r=g","caption":"admin"},"url":"https:\/\/blogscvc.cervantes.es\/martes-neologico\/author\/admin\/"}]}},"_links":{"self":[{"href":"https:\/\/blogscvc.cervantes.es\/martes-neologico\/wp-json\/wp\/v2\/posts\/1968"}],"collection":[{"href":"https:\/\/blogscvc.cervantes.es\/martes-neologico\/wp-json\/wp\/v2\/posts"}],"about":[{"href":"https:\/\/blogscvc.cervantes.es\/martes-neologico\/wp-json\/wp\/v2\/types\/post"}],"author":[{"embeddable":true,"href":"https:\/\/blogscvc.cervantes.es\/martes-neologico\/wp-json\/wp\/v2\/users\/1"}],"replies":[{"embeddable":true,"href":"https:\/\/blogscvc.cervantes.es\/martes-neologico\/wp-json\/wp\/v2\/comments?post=1968"}],"version-history":[{"count":3,"href":"https:\/\/blogscvc.cervantes.es\/martes-neologico\/wp-json\/wp\/v2\/posts\/1968\/revisions"}],"predecessor-version":[{"id":13348,"href":"https:\/\/blogscvc.cervantes.es\/martes-neologico\/wp-json\/wp\/v2\/posts\/1968\/revisions\/13348"}],"wp:featuredmedia":[{"embeddable":true,"href":"https:\/\/blogscvc.cervantes.es\/martes-neologico\/wp-json\/wp\/v2\/media\/1950"}],"wp:attachment":[{"href":"https:\/\/blogscvc.cervantes.es\/martes-neologico\/wp-json\/wp\/v2\/media?parent=1968"}],"wp:term":[{"taxonomy":"category","embeddable":true,"href":"https:\/\/blogscvc.cervantes.es\/martes-neologico\/wp-json\/wp\/v2\/categories?post=1968"},{"taxonomy":"post_tag","embeddable":true,"href":"https:\/\/blogscvc.cervantes.es\/martes-neologico\/wp-json\/wp\/v2\/tags?post=1968"}],"curies":[{"name":"wp","href":"https:\/\/api.w.org\/{rel}","templated":true}]}}