{"id":2021,"date":"2017-09-05T07:30:55","date_gmt":"2017-09-05T05:30:55","guid":{"rendered":"http:\/\/blogscvc.cervantes.es\/martes-neologico\/?p=2021"},"modified":"2018-05-07T16:32:27","modified_gmt":"2018-05-07T14:32:27","slug":"numerito","status":"publish","type":"post","link":"https:\/\/blogscvc.cervantes.es\/martes-neologico\/numerito\/","title":{"rendered":"numerito <em>m.<\/em>"},"content":{"rendered":"<p>La palabra <em>numerito<\/em> forma parte, desde hace ya tiempo, del repertorio l\u00e9xico habitual de la mayor\u00eda de los hablantes de espa\u00f1ol. Aunque a simple vista se trata de un diminutivo de <em>n\u00famero<\/em> \u2014con un sufijo, adem\u00e1s, est\u00e1ndar, despojado de rasgos dialectales como podr\u00edan serlo <em>-ico<\/em> o <em>-illo<\/em>\u2014, lo cierto es que en el registro coloquial su significado nada tiene que ver con la aritm\u00e9tica y s\u00ed con otro concepto que se ha ido extendiendo en los \u00faltimos a\u00f1os en la comunidad hispanohablante, tanto en la lengua oral como en los medios de comunicaci\u00f3n:<\/p>\n<figure id=\"attachment_118\" aria-describedby=\"caption-attachment-118\" style=\"width: 750px\" class=\"wp-caption aligncenter\"><a href=\"http:\/\/blogscvc.cervantes.es\/martes-neologico\/wp-content\/uploads\/sites\/2\/2017\/07\/numerito_500.jpg\"><img decoding=\"async\" loading=\"lazy\" class=\"alignnone size-full wp-image-1739\" src=\"http:\/\/blogscvc.cervantes.es\/martes-neologico\/wp-content\/uploads\/sites\/2\/2017\/07\/numerito_500.jpg\" alt=\"n\u00fameros del 1 al 24, agrupados en cuatro l\u00edenas de seis, y con diferentes formas, tipograf\u00edas y colores\" width=\"750\" height=\"500\" \/><\/a><figcaption id=\"caption-attachment-118\" class=\"wp-caption-text\">Flickr (Katey)<\/figcaption><\/figure>\n<ul>\n<li>\u00bfRealmente le sale a cuenta al PP perpetrar estos <strong>numeritos<\/strong> que s\u00f3lo sirven para afianzar a sus huestes m\u00e1s retr\u00f3gradas pero lo alejan del espectro de la sensatez? [<em>La Vanguardia<\/em> (Espa\u00f1a), 23\/05\/2016]<\/li>\n<\/ul>\n<p>Muchos diccionarios registran ya la acepci\u00f3n correspondiente a este uso \u2014si bien no en la forma diminutiva del t\u00e9rmino\u2014, como el DRAE23, que lo define como \u2018acci\u00f3n extravagante o inconveniente con que se llama mucho la atenci\u00f3n\u2019 (s. v. <em>n\u00famero<\/em>). Tanto <em>n\u00famero<\/em> como <em>numerito<\/em> remiten, pues, a una situaci\u00f3n en la que alguien realiza un acto desmesurado o inconveniente a los ojos de quien as\u00ed lo considera:<\/p>\n<ul>\n<li>Pero desde el bando azulgrana no lo vieron as\u00ed. Al menos Luis Su\u00e1rez, que mont\u00f3 un aut\u00e9ntico \u2018<strong>numerito<\/strong>\u2019 al ver la segunda amarilla por un codazo a Koke, estim\u00f3 el \u00e1rbitro. [<em>Don Bal\u00f3n<\/em> (Espa\u00f1a), 8\/02\/2017]<\/li>\n<\/ul>\n<p>El origen de este uso se halla en la extensi\u00f3n sem\u00e1ntica de la acepci\u00f3n relacionada con <em>espect\u00e1culo<\/em>, como se ve en la siguiente acepci\u00f3n del DRAE23:<\/p>\n<blockquote><p><strong>n\u00famero<\/strong>. m. 6. Cada una de las partes o actuaciones de que se compone el programa de un espect\u00e1culo p\u00fablico. <em>En el circo vimos un n\u00famero de magia<\/em>.<\/p><\/blockquote>\n<p>En la mayor\u00eda de los diccionarios se hace hincapi\u00e9 en el hecho circense, sea en la definici\u00f3n, sea en los ejemplos, en los que casi siempre aparecen alusiones al circo. Muy probablemente este hecho sea determinante para esa extensi\u00f3n sem\u00e1ntica de nuestro t\u00e9rmino, ya que no se puede negar que el circo contiene <em>n\u00fameros<\/em> \u2014actuaciones\u2014 inesperados, extraordinarios, originales o asombrosos. Ello, junto al hecho teatral (recordemos que el adjetivo <em>teatrero<\/em> remite, como poco, a ser exagerado al expresar, contar o declarar algo), constituye la base para que este significado adopte la connotaci\u00f3n peyorativa que observamos, con mayor intensidad cada vez, en los medios de comunicaci\u00f3n \u2014los cuales, a veces, le ponen comillas al t\u00e9rmino, como muestra de su pertenencia a un registro poco formal\u2014, especialmente en relaci\u00f3n con el \u00e1mbito pol\u00edtico y deportivo, aunque sin olvidar tampoco el entorno privado que se refleja en la conversaci\u00f3n coloquial. Todo ello se puede observar en los siguientes ejemplos:<\/p>\n<ul>\n<li>Si hoy Mas la tilda de <strong>numerito<\/strong>, en 1982 el conseller Maci\u00e0 Alavedra la consideraba un simple \u00abefecto teatral\u00bb. [<em>El Peri\u00f3dico de Catalu\u00f1a<\/em> (Espa\u00f1a),16\/10\/2001]<\/li>\n<li>Tambi\u00e9n a la decencia de Acci\u00f3n Nacional se debe una manifestaci\u00f3n irrespetuosa que es dar la espalda al presidente de la Rep\u00fablica, <strong>numerito<\/strong> que ahora escenificaron los priistas en el Informe de Fox del mes pasado. [<em>Reforma<\/em> (M\u00e9xico), 12\/10\/2004]<\/li>\n<li>En estos tiempos de convivencia sin matrimonio el <strong>numerito<\/strong> del anillo y esas cosas parece ser m\u00e1s bien influencia de pel\u00edculas cursis [<em>WordReference-solo espa\u00f1ol<\/em>, en: \u00abPara rechazar casarse\u00bb, 21\/11\/2009]<\/li>\n<li>Del Bosque, Casillas y Guardiola se han caracterizado en su conducta p\u00fablica por sentir alergia al <strong>numerito<\/strong>, por lograr que cualquiera en posesi\u00f3n de unas cuantas neuronas y sentido com\u00fan respete y admire no solo su profesionalidad y su arte, sino tambi\u00e9n su personalidad, el buen rollo que despiden. [<em>El Pa\u00eds<\/em> (Espa\u00f1a), 3\/05\/2013]<\/li>\n<li>\u00abCada a\u00f1o es el mismo <strong>numerito<\/strong>\u00bb, farfulla un habitante al ver a las personas reunidas ante la fachada decr\u00e9pita. Setenta a\u00f1os despu\u00e9s del suicidio de Adolf Hilter, la sombra del dictador sigue planeando sobre su austr\u00edaca ciudad natal, Braunau-am-Inn. [<em>Clar\u00edn<\/em> (Argentina), 30\/04\/2015]<\/li>\n<li>El ministro de Justicia, Rafael Catal\u00e1, ha asegurado que el \u00ab<strong>numerito<\/strong>\u00bb organizado por colectivos independentistas en las calles de Barcelona antes del juicio a Artur Mas, Joana Ortega e Irene Rigau por el 9-N es \u00ababsolutamente impropio\u00bb de una democracia. [<em>El Mundo<\/em> (Espa\u00f1a), 6\/02\/2017]<\/li>\n<\/ul>\n<p>Existen muchos ejemplos del uso de <em>n\u00famero<\/em> con igual significado e intenci\u00f3n, pero aqu\u00ed queremos ocuparnos de su derivado <em>numerito<\/em>, con escasa o nula presencia en los diccionarios (el DRAE23 ni lo menciona), si bien algunos ya lo incorporan, como es el caso del <em>Diccionario Salamanca<\/em> (1996), que lo incluye como lema con remisi\u00f3n a la acepci\u00f3n correspondiente de <em>n\u00famero<\/em> y a la locuci\u00f3n <em>montar el n\u00famero<\/em>, o el del <em>Diccionario del espa\u00f1ol de M\u00e9xico<\/em> (http:\/\/dem.colmex.mx), que lo cita en un ejemplo en la entrada siguiente:<\/p>\n<blockquote><p><strong>atr\u00e1s<\/strong>. 15. <em>Estar hasta atr\u00e1s<\/em>, <em>ponerse hasta atr\u00e1s<\/em>, etc. (Popular) Estar, ponerse, etc. muy borracho o drogado: \u00abLe dicen la <em>u<\/em> porque siempre llega <em>hasta atr\u00e1s<\/em>\u00bb, \u00abSe puso hasta atr\u00e1s y arm\u00f3 su <em>numerito<\/em> de siempre\u00bb.<\/p><\/blockquote>\n<p>Lo interesante aqu\u00ed es destacar el hecho de que un diminutivo sirve no como reducci\u00f3n de un significado o como muestra de afectividad, sino como una intensificaci\u00f3n de tal significado. En este caso, el diminutivo no \u2018disminuye\u2019 nada sino que incrementa y enfatiza su sentido, lo cual es propio del registro coloquial, en el cual se enmarca mayoritariamente el uso de <em>numerito<\/em>, sea en la conversaci\u00f3n cotidiana, sea por medio de la oralidad que ha ido penetrando en los medios de comunicaci\u00f3n. Todo ello ha permitido que este t\u00e9rmino haya tomado ya identidad propia, solo o acompa\u00f1ado de verbos como <em>montar<\/em>, <em>hacer<\/em>, <em>armar<\/em> o <em>dar<\/em>, los tres \u00faltimos con menor frecuencia, y con los determinantes <em>el<\/em> o <em>un<\/em>, seg\u00fan la intenci\u00f3n.<\/p>\n<p>La fuerza pragm\u00e1tica del diminutivo se confirma tambi\u00e9n en otra significaci\u00f3n de <em>numerito<\/em> mucho m\u00e1s reciente, no recogida en diccionarios, pero que ha tenido ya una cierta presencia en los medios \u2014y en la vida de ciudadanos espa\u00f1oles\u2014, y que tambi\u00e9n responde, en nuestra opini\u00f3n, a un af\u00e1n coloquial que los hablantes aplican a aspectos cotidianos (un impuesto, en este caso), adjudic\u00e1ndoles valores ling\u00fc\u00edsticos acordes con su percepci\u00f3n (algo fastidioso que hay que cumplir); y en eso el diminutivo tambi\u00e9n cumple a la perfecci\u00f3n:<\/p>\n<ul>\n<li>Como todos los a\u00f1os por estas fechas toca pagar el Impuesto de Circulaci\u00f3n, el famoso \u2018<strong>numerito<\/strong>\u2019 de coches, motos, camiones y un largo etc\u00e9tera, que grava en funci\u00f3n de la potencia fiscal. [<em>El Semanal Digital<\/em> (Espa\u00f1a), 22\/05\/2015]<\/li>\n<\/ul>\n<p>En cuanto a las fuentes lexicogr\u00e1ficas consultadas, <em>n\u00famero<\/em> \u2014en la acepci\u00f3n principal aqu\u00ed revisada\u2014 se recoge en la mayor\u00eda de diccionarios de la lengua espa\u00f1ola publicados a partir de los a\u00f1os 90; no as\u00ed <em>numerito<\/em>, con escasas salvedades, como las indicadas m\u00e1s arriba.<\/p>\n<p>Y por lo que respecta a otras lenguas pr\u00f3ximas, observamos ciertas similitudes y alguna coincidencia con el uso del t\u00e9rmino en espa\u00f1ol. Por ejemplo, en el <em>Gran diccionari de la llengua catalana<\/em> (GDLC) encontramos, s. v. <em>n\u00famero<\/em>, la referencia a <em>numeret<\/em>. En <em>Le Petit Robert<\/em>, en la acepci\u00f3n 6 de <em>num\u00e9ro<\/em>, relativa a las partes de un espect\u00e1culo, se incluye el mismo significado que en espa\u00f1ol, aunque sin referencia alguna a una forma diminutiva. Y en el <em>Dizionario Garzanti<\/em> tan solo aparece, en la acepci\u00f3n 4 de <em>numero<\/em>, una locuci\u00f3n (<em>dare dei numeri<\/em>) que se aplica a personas que dicen cosas poco sensatas.<\/p>\n<p>En cualquier caso, <em>numerito<\/em> es una forma asentada en espa\u00f1ol, que sigue conviviendo con su principal, <em>n\u00famero<\/em>, pero que ha tomado entidad propia y va perfil\u00e1ndose como triunfadora.<\/p>\n<p>Neus Vila Rubio<br \/>\nUniversitat de Lleida (Espa\u00f1a)<\/p>\n","protected":false},"excerpt":{"rendered":"<p>La palabra <em>numerito<\/em> forma parte, desde hace ya tiempo, del repertorio l\u00e9xico habitual de la mayor\u00eda de los hablantes de espa\u00f1ol. Aunque a simple vista se trata de un diminutivo de \u2018n\u00famero\u2019 \u2014con un sufijo, adem\u00e1s, est\u00e1ndar, despojado de rasgos dialectales como podr\u00edan serlo <em>-ico<\/em> o <em>-illo<\/em>\u2014, lo cierto es que en el registro coloquial su significado nada tiene que ver con la aritm\u00e9tica y s\u00ed con otro concepto que se ha ido extendiendo en los \u00faltimos a\u00f1os en la comunidad hispanohablante, tanto en la lengua oral como en los medios de comunicaci\u00f3n:<\/p>\n","protected":false},"author":1,"featured_media":2022,"comment_status":"open","ping_status":"open","sticky":false,"template":"","format":"standard","meta":{"_mi_skip_tracking":false,"_s2mail":"yes"},"categories":[44,63],"tags":[],"yoast_head":"<!-- This site is optimized with the Yoast SEO plugin v20.6 - https:\/\/yoast.com\/wordpress\/plugins\/seo\/ -->\n<title>CVC. Numerito | Martes Neol\u00f3gico<\/title>\n<meta name=\"description\" content=\"Art\u00edculo sobre el neologismo \u00abnumerito\u00bb, dentro del blog Martes Neol\u00f3gico del Centro Virtual Cervantes.\" \/>\n<meta name=\"robots\" content=\"index, follow, max-snippet:-1, max-image-preview:large, max-video-preview:-1\" \/>\n<link rel=\"canonical\" href=\"https:\/\/blogscvc.cervantes.es\/martes-neologico\/numerito\/\" \/>\n<meta property=\"og:locale\" content=\"es_ES\" \/>\n<meta property=\"og:type\" content=\"article\" \/>\n<meta property=\"og:title\" content=\"CVC. Numerito | Martes Neol\u00f3gico\" \/>\n<meta property=\"og:description\" content=\"Art\u00edculo sobre el neologismo \u00abnumerito\u00bb, dentro del blog Martes Neol\u00f3gico del Centro Virtual Cervantes.\" \/>\n<meta property=\"og:url\" content=\"https:\/\/blogscvc.cervantes.es\/martes-neologico\/numerito\/\" \/>\n<meta property=\"og:site_name\" content=\"Martes Neol\u00f3gico\" \/>\n<meta property=\"article:published_time\" content=\"2017-09-05T05:30:55+00:00\" \/>\n<meta property=\"article:modified_time\" content=\"2018-05-07T14:32:27+00:00\" \/>\n<meta property=\"og:image\" content=\"https:\/\/blogscvc.cervantes.es\/martes-neologico\/wp-content\/uploads\/sites\/2\/2017\/07\/numerito_350.jpg\" \/>\n\t<meta property=\"og:image:width\" content=\"750\" \/>\n\t<meta property=\"og:image:height\" content=\"350\" \/>\n\t<meta property=\"og:image:type\" content=\"image\/jpeg\" \/>\n<meta name=\"author\" content=\"admin\" \/>\n<meta name=\"twitter:card\" content=\"summary_large_image\" \/>\n<meta name=\"twitter:label1\" content=\"Escrito por\" \/>\n\t<meta name=\"twitter:data1\" content=\"admin\" \/>\n\t<meta name=\"twitter:label2\" content=\"Tiempo de lectura\" \/>\n\t<meta name=\"twitter:data2\" content=\"7 minutos\" \/>\n<script type=\"application\/ld+json\" class=\"yoast-schema-graph\">{\"@context\":\"https:\/\/schema.org\",\"@graph\":[{\"@type\":\"Article\",\"@id\":\"https:\/\/blogscvc.cervantes.es\/martes-neologico\/numerito\/#article\",\"isPartOf\":{\"@id\":\"https:\/\/blogscvc.cervantes.es\/martes-neologico\/numerito\/\"},\"author\":{\"name\":\"admin\",\"@id\":\"https:\/\/blogscvc.cervantes.es\/martes-neologico\/#\/schema\/person\/7e2fd26f886f53b1b2e81721d23acc47\"},\"headline\":\"numerito m.\",\"datePublished\":\"2017-09-05T05:30:55+00:00\",\"dateModified\":\"2018-05-07T14:32:27+00:00\",\"mainEntityOfPage\":{\"@id\":\"https:\/\/blogscvc.cervantes.es\/martes-neologico\/numerito\/\"},\"wordCount\":1343,\"commentCount\":0,\"publisher\":{\"@id\":\"https:\/\/blogscvc.cervantes.es\/martes-neologico\/#organization\"},\"articleSection\":[\"general\",\"lexicalizaci\u00f3n\"],\"inLanguage\":\"es\",\"potentialAction\":[{\"@type\":\"CommentAction\",\"name\":\"Comment\",\"target\":[\"https:\/\/blogscvc.cervantes.es\/martes-neologico\/numerito\/#respond\"]}]},{\"@type\":\"WebPage\",\"@id\":\"https:\/\/blogscvc.cervantes.es\/martes-neologico\/numerito\/\",\"url\":\"https:\/\/blogscvc.cervantes.es\/martes-neologico\/numerito\/\",\"name\":\"CVC. Numerito | Martes Neol\u00f3gico\",\"isPartOf\":{\"@id\":\"https:\/\/blogscvc.cervantes.es\/martes-neologico\/#website\"},\"datePublished\":\"2017-09-05T05:30:55+00:00\",\"dateModified\":\"2018-05-07T14:32:27+00:00\",\"description\":\"Art\u00edculo sobre el neologismo \u00abnumerito\u00bb, dentro del blog Martes Neol\u00f3gico del Centro Virtual Cervantes.\",\"breadcrumb\":{\"@id\":\"https:\/\/blogscvc.cervantes.es\/martes-neologico\/numerito\/#breadcrumb\"},\"inLanguage\":\"es\",\"potentialAction\":[{\"@type\":\"ReadAction\",\"target\":[\"https:\/\/blogscvc.cervantes.es\/martes-neologico\/numerito\/\"]}]},{\"@type\":\"BreadcrumbList\",\"@id\":\"https:\/\/blogscvc.cervantes.es\/martes-neologico\/numerito\/#breadcrumb\",\"itemListElement\":[{\"@type\":\"ListItem\",\"position\":1,\"name\":\"Portada\",\"item\":\"https:\/\/blogscvc.cervantes.es\/martes-neologico\/\"},{\"@type\":\"ListItem\",\"position\":2,\"name\":\"numerito m.\"}]},{\"@type\":\"WebSite\",\"@id\":\"https:\/\/blogscvc.cervantes.es\/martes-neologico\/#website\",\"url\":\"https:\/\/blogscvc.cervantes.es\/martes-neologico\/\",\"name\":\"Martes Neol\u00f3gico\",\"description\":\"Cada martes, una palabra nueva que podr\u00eda estar en el diccionario\",\"publisher\":{\"@id\":\"https:\/\/blogscvc.cervantes.es\/martes-neologico\/#organization\"},\"potentialAction\":[{\"@type\":\"SearchAction\",\"target\":{\"@type\":\"EntryPoint\",\"urlTemplate\":\"https:\/\/blogscvc.cervantes.es\/martes-neologico\/?s={search_term_string}\"},\"query-input\":\"required name=search_term_string\"}],\"inLanguage\":\"es\"},{\"@type\":\"Organization\",\"@id\":\"https:\/\/blogscvc.cervantes.es\/martes-neologico\/#organization\",\"name\":\"Martes Neol\u00f3gico\",\"url\":\"https:\/\/blogscvc.cervantes.es\/martes-neologico\/\",\"logo\":{\"@type\":\"ImageObject\",\"inLanguage\":\"es\",\"@id\":\"https:\/\/blogscvc.cervantes.es\/martes-neologico\/#\/schema\/logo\/image\/\",\"url\":\"https:\/\/blogscvc.cervantes.es\/martes-neologico\/wp-content\/uploads\/sites\/2\/2025\/10\/logo-martes-neologico-10-anos.png\",\"contentUrl\":\"https:\/\/blogscvc.cervantes.es\/martes-neologico\/wp-content\/uploads\/sites\/2\/2025\/10\/logo-martes-neologico-10-anos.png\",\"width\":300,\"height\":100,\"caption\":\"Martes Neol\u00f3gico\"},\"image\":{\"@id\":\"https:\/\/blogscvc.cervantes.es\/martes-neologico\/#\/schema\/logo\/image\/\"}},{\"@type\":\"Person\",\"@id\":\"https:\/\/blogscvc.cervantes.es\/martes-neologico\/#\/schema\/person\/7e2fd26f886f53b1b2e81721d23acc47\",\"name\":\"admin\",\"image\":{\"@type\":\"ImageObject\",\"inLanguage\":\"es\",\"@id\":\"https:\/\/blogscvc.cervantes.es\/martes-neologico\/#\/schema\/person\/image\/\",\"url\":\"https:\/\/secure.gravatar.com\/avatar\/c4b6a365b64e607f3d2ecd9620a7675a?s=96&d=mm&r=g\",\"contentUrl\":\"https:\/\/secure.gravatar.com\/avatar\/c4b6a365b64e607f3d2ecd9620a7675a?s=96&d=mm&r=g\",\"caption\":\"admin\"},\"url\":\"https:\/\/blogscvc.cervantes.es\/martes-neologico\/author\/admin\/\"}]}<\/script>\n<!-- \/ Yoast SEO plugin. -->","yoast_head_json":{"title":"CVC. Numerito | Martes Neol\u00f3gico","description":"Art\u00edculo sobre el neologismo \u00abnumerito\u00bb, dentro del blog Martes Neol\u00f3gico del Centro Virtual Cervantes.","robots":{"index":"index","follow":"follow","max-snippet":"max-snippet:-1","max-image-preview":"max-image-preview:large","max-video-preview":"max-video-preview:-1"},"canonical":"https:\/\/blogscvc.cervantes.es\/martes-neologico\/numerito\/","og_locale":"es_ES","og_type":"article","og_title":"CVC. Numerito | Martes Neol\u00f3gico","og_description":"Art\u00edculo sobre el neologismo \u00abnumerito\u00bb, dentro del blog Martes Neol\u00f3gico del Centro Virtual Cervantes.","og_url":"https:\/\/blogscvc.cervantes.es\/martes-neologico\/numerito\/","og_site_name":"Martes Neol\u00f3gico","article_published_time":"2017-09-05T05:30:55+00:00","article_modified_time":"2018-05-07T14:32:27+00:00","og_image":[{"width":750,"height":350,"url":"https:\/\/blogscvc.cervantes.es\/martes-neologico\/wp-content\/uploads\/sites\/2\/2017\/07\/numerito_350.jpg","type":"image\/jpeg"}],"author":"admin","twitter_card":"summary_large_image","twitter_misc":{"Escrito por":"admin","Tiempo de lectura":"7 minutos"},"schema":{"@context":"https:\/\/schema.org","@graph":[{"@type":"Article","@id":"https:\/\/blogscvc.cervantes.es\/martes-neologico\/numerito\/#article","isPartOf":{"@id":"https:\/\/blogscvc.cervantes.es\/martes-neologico\/numerito\/"},"author":{"name":"admin","@id":"https:\/\/blogscvc.cervantes.es\/martes-neologico\/#\/schema\/person\/7e2fd26f886f53b1b2e81721d23acc47"},"headline":"numerito m.","datePublished":"2017-09-05T05:30:55+00:00","dateModified":"2018-05-07T14:32:27+00:00","mainEntityOfPage":{"@id":"https:\/\/blogscvc.cervantes.es\/martes-neologico\/numerito\/"},"wordCount":1343,"commentCount":0,"publisher":{"@id":"https:\/\/blogscvc.cervantes.es\/martes-neologico\/#organization"},"articleSection":["general","lexicalizaci\u00f3n"],"inLanguage":"es","potentialAction":[{"@type":"CommentAction","name":"Comment","target":["https:\/\/blogscvc.cervantes.es\/martes-neologico\/numerito\/#respond"]}]},{"@type":"WebPage","@id":"https:\/\/blogscvc.cervantes.es\/martes-neologico\/numerito\/","url":"https:\/\/blogscvc.cervantes.es\/martes-neologico\/numerito\/","name":"CVC. Numerito | Martes Neol\u00f3gico","isPartOf":{"@id":"https:\/\/blogscvc.cervantes.es\/martes-neologico\/#website"},"datePublished":"2017-09-05T05:30:55+00:00","dateModified":"2018-05-07T14:32:27+00:00","description":"Art\u00edculo sobre el neologismo \u00abnumerito\u00bb, dentro del blog Martes Neol\u00f3gico del Centro Virtual Cervantes.","breadcrumb":{"@id":"https:\/\/blogscvc.cervantes.es\/martes-neologico\/numerito\/#breadcrumb"},"inLanguage":"es","potentialAction":[{"@type":"ReadAction","target":["https:\/\/blogscvc.cervantes.es\/martes-neologico\/numerito\/"]}]},{"@type":"BreadcrumbList","@id":"https:\/\/blogscvc.cervantes.es\/martes-neologico\/numerito\/#breadcrumb","itemListElement":[{"@type":"ListItem","position":1,"name":"Portada","item":"https:\/\/blogscvc.cervantes.es\/martes-neologico\/"},{"@type":"ListItem","position":2,"name":"numerito m."}]},{"@type":"WebSite","@id":"https:\/\/blogscvc.cervantes.es\/martes-neologico\/#website","url":"https:\/\/blogscvc.cervantes.es\/martes-neologico\/","name":"Martes Neol\u00f3gico","description":"Cada martes, una palabra nueva que podr\u00eda estar en el diccionario","publisher":{"@id":"https:\/\/blogscvc.cervantes.es\/martes-neologico\/#organization"},"potentialAction":[{"@type":"SearchAction","target":{"@type":"EntryPoint","urlTemplate":"https:\/\/blogscvc.cervantes.es\/martes-neologico\/?s={search_term_string}"},"query-input":"required name=search_term_string"}],"inLanguage":"es"},{"@type":"Organization","@id":"https:\/\/blogscvc.cervantes.es\/martes-neologico\/#organization","name":"Martes Neol\u00f3gico","url":"https:\/\/blogscvc.cervantes.es\/martes-neologico\/","logo":{"@type":"ImageObject","inLanguage":"es","@id":"https:\/\/blogscvc.cervantes.es\/martes-neologico\/#\/schema\/logo\/image\/","url":"https:\/\/blogscvc.cervantes.es\/martes-neologico\/wp-content\/uploads\/sites\/2\/2025\/10\/logo-martes-neologico-10-anos.png","contentUrl":"https:\/\/blogscvc.cervantes.es\/martes-neologico\/wp-content\/uploads\/sites\/2\/2025\/10\/logo-martes-neologico-10-anos.png","width":300,"height":100,"caption":"Martes Neol\u00f3gico"},"image":{"@id":"https:\/\/blogscvc.cervantes.es\/martes-neologico\/#\/schema\/logo\/image\/"}},{"@type":"Person","@id":"https:\/\/blogscvc.cervantes.es\/martes-neologico\/#\/schema\/person\/7e2fd26f886f53b1b2e81721d23acc47","name":"admin","image":{"@type":"ImageObject","inLanguage":"es","@id":"https:\/\/blogscvc.cervantes.es\/martes-neologico\/#\/schema\/person\/image\/","url":"https:\/\/secure.gravatar.com\/avatar\/c4b6a365b64e607f3d2ecd9620a7675a?s=96&d=mm&r=g","contentUrl":"https:\/\/secure.gravatar.com\/avatar\/c4b6a365b64e607f3d2ecd9620a7675a?s=96&d=mm&r=g","caption":"admin"},"url":"https:\/\/blogscvc.cervantes.es\/martes-neologico\/author\/admin\/"}]}},"_links":{"self":[{"href":"https:\/\/blogscvc.cervantes.es\/martes-neologico\/wp-json\/wp\/v2\/posts\/2021"}],"collection":[{"href":"https:\/\/blogscvc.cervantes.es\/martes-neologico\/wp-json\/wp\/v2\/posts"}],"about":[{"href":"https:\/\/blogscvc.cervantes.es\/martes-neologico\/wp-json\/wp\/v2\/types\/post"}],"author":[{"embeddable":true,"href":"https:\/\/blogscvc.cervantes.es\/martes-neologico\/wp-json\/wp\/v2\/users\/1"}],"replies":[{"embeddable":true,"href":"https:\/\/blogscvc.cervantes.es\/martes-neologico\/wp-json\/wp\/v2\/comments?post=2021"}],"version-history":[{"count":7,"href":"https:\/\/blogscvc.cervantes.es\/martes-neologico\/wp-json\/wp\/v2\/posts\/2021\/revisions"}],"predecessor-version":[{"id":2603,"href":"https:\/\/blogscvc.cervantes.es\/martes-neologico\/wp-json\/wp\/v2\/posts\/2021\/revisions\/2603"}],"wp:featuredmedia":[{"embeddable":true,"href":"https:\/\/blogscvc.cervantes.es\/martes-neologico\/wp-json\/wp\/v2\/media\/2022"}],"wp:attachment":[{"href":"https:\/\/blogscvc.cervantes.es\/martes-neologico\/wp-json\/wp\/v2\/media?parent=2021"}],"wp:term":[{"taxonomy":"category","embeddable":true,"href":"https:\/\/blogscvc.cervantes.es\/martes-neologico\/wp-json\/wp\/v2\/categories?post=2021"},{"taxonomy":"post_tag","embeddable":true,"href":"https:\/\/blogscvc.cervantes.es\/martes-neologico\/wp-json\/wp\/v2\/tags?post=2021"}],"curies":[{"name":"wp","href":"https:\/\/api.w.org\/{rel}","templated":true}]}}