{"id":2214,"date":"2018-01-02T07:00:04","date_gmt":"2018-01-02T05:00:04","guid":{"rendered":"http:\/\/blogscvc.cervantes.es\/martes-neologico\/?p=2214"},"modified":"2025-07-29T09:32:12","modified_gmt":"2025-07-29T07:32:12","slug":"antirretroviral","status":"publish","type":"post","link":"https:\/\/blogscvc.cervantes.es\/martes-neologico\/antirretroviral\/","title":{"rendered":"antirretroviral <em>adj.<\/em> y <em>m.<\/em>"},"content":{"rendered":"<p>Sin duda, la historia de las dos \u00faltimas d\u00e9cadas del siglo <span class=\"versalitas\">xx<\/span> y de los inicios del siglo <span class=\"versalitas\">xxi<\/span> se ha visto marcada, entre otros acontecimientos, por la aparici\u00f3n del virus de la inmunodeficiencia humana (VIH), causante del sida o s\u00edndrome de inmunodeficiencia adquirida, que desde su detecci\u00f3n en 1981 ha producido la muerte de m\u00e1s de 35 millones de personas en todo el planeta, seg\u00fan la <a style=\"color: #2d9659;\" href=\"http:\/\/www.who.int\/mediacentre\/factsheets\/fs360\/es\/\" target=\"_blank\" rel=\"noopener\">Organizaci\u00f3n Mundial de la Salud<\/a> (OMS). A esta cifra se suma otra igualmente escalofriante: a finales de 2016, 36,7 millones de personas se encontraban infectadas por el VIH en el mundo. Se trata, por tanto, de uno de los problemas de salud p\u00fablica m\u00e1s graves, que afecta en mayor medida a los pa\u00edses m\u00e1s pobres.<\/p>\n<figure id=\"attachment_118\" aria-describedby=\"caption-attachment-118\" style=\"width: 750px\" class=\"wp-caption aligncenter\"><a href=\"http:\/\/blogscvc.cervantes.es\/martes-neologico\/wp-content\/uploads\/sites\/2\/2018\/01\/antiretroviral_500.jpg\"><img decoding=\"async\" loading=\"lazy\" class=\"alignnone size-full wp-image-1739\" src=\"http:\/\/blogscvc.cervantes.es\/martes-neologico\/wp-content\/uploads\/sites\/2\/2018\/01\/antiretroviral_500.jpg\" alt=\"medicamentos variados en forma de c\u00e1psulas y comprimidos\" width=\"750\" height=\"500\"><\/a><figcaption id=\"caption-attachment-118\" class=\"wp-caption-text\">Flickr (Laura Gilmore)<\/figcaption><\/figure>\n<p>Los primeros tratamientos contra el VIH, las denominadas terapias <em>antirretrovirales<\/em>, empezaron a emplearse en 1985. Sin embargo, el t\u00e9rmino <em>antirretroviral<\/em>, que se encuentra recogido en diccionarios de uso de la lengua como Alvar2, <em>DEA<\/em> o <em>Clave<\/em> y en diccionarios de neologismos como <em>NEOMM<\/em>, no aparece todav\u00eda en otros diccionarios similares, como <em>VOXUSO<\/em>, ni tampoco en el diccionario acad\u00e9mico (<em>DRAE<\/em>23). Seg\u00fan el diccionario <acronym title=\"Diccionario del Espa\u00f1ol actual\"><em>DEA<\/em><\/acronym>, el adjetivo <em>antirretroviral<\/em>, que aparece marcado como un t\u00e9rmino propio de la medicina, significa \u2018que combate los retrovirus\u2019 y puede emplearse tambi\u00e9n como sustantivo masculino, \u2018referido a medicamento\u2019 (<em>un antirretroviral<\/em>). Por su parte, <em>retrovirus<\/em>, que s\u00ed se registra en el <em>DRAE<\/em> desde su edici\u00f3n de 2001, se define en el <em>DRAE<\/em>23 como \u2018virus cuyo genoma est\u00e1 constituido por ARN que, por transcripci\u00f3n inversa, origina un ADN y lo incorpora a la c\u00e9lula hu\u00e9sped; p. ej., los virus de la leucemia, el sarcoma o el sida\u2019.<\/p>\n<p>La formaci\u00f3n <em>antirretroviral<\/em> se documenta en el Corpus de Referencia del Espa\u00f1ol Actual (CREA) de la Real Academia Espa\u00f1ola desde 1994:<\/p>\n<ul>\n<li>Demasiadas variables en el tratamiento <strong>antirretroviral<\/strong> del VIH. [CREA, <em>El Mundo<\/em> (Espa\u00f1a), 29\/12\/1994]<\/li>\n<\/ul>\n<p>Tal como suele ser habitual en el caso de las palabras complejas formadas con el prefijo <em>anti<\/em>-, observamos que existe cierta variaci\u00f3n gr\u00e1fica. As\u00ed, junto con la forma m\u00e1s extendida <em>antirretroviral<\/em>, que es la correcta, encontramos tambi\u00e9n <em>antiretroviral<\/em>, <em>anti-retroviral<\/em> e, incluso, <em>anti retroviral<\/em>:<\/p>\n<ul>\n<li>En 1987 se aprueba el uso del primer <strong>antiretroviral<\/strong>. [<em>La Vanguardia<\/em> (Espa\u00f1a), 16\/06\/2006]<\/li>\n<\/ul>\n<ul>\n<li>Asegur\u00f3 que en muchos de los centros de atenci\u00f3n pre-natal, incluyendo los de esta capital, a\u00fan no est\u00e1 claro cu\u00e1ndo las autoridades planean vincular completamente los programas de tratamiento <strong>anti-retroviral<\/strong> con los programas de prevenci\u00f3n de la transmisi\u00f3n vertical, para empezar a proveer una combinaci\u00f3n completa a las embarazadas. [CORPES XXI, <em>Hoy digital<\/em> (Rep\u00fablica Dominicana), 26\/03\/2007]<\/li>\n<\/ul>\n<ul>\n<li>A\u00fan si te has sentido siempre bien, y ahora adem\u00e1s el tratamiento <strong>anti retroviral<\/strong> va a ayudar a tu sistema inmune a combatir al VIH, la infecci\u00f3n implica una situaci\u00f3n de estr\u00e9s celular constante, la cual, a su vez que tu organismo requiera de m\u00e1s energ\u00eda. [CORPES XXI,<em> Correo del Caron\u00ed<\/em> (Venezuela), 26\/07\/2006]<\/li>\n<\/ul>\n<p>Como se se\u00f1ala en el <em>DEA<\/em> y como se observa en los contextos recogidos por el Observatori de Neologia, <em>antirretroviral<\/em> puede funcionar como adjetivo invariable en cuanto al g\u00e9nero y tambi\u00e9n como sustantivo masculino. En ambos casos, presenta variaci\u00f3n de n\u00famero:<\/p>\n<p>a) Como adjetivo:<\/p>\n<ul>\n<li>En Espa\u00f1a, el 95 % de los enfermos de sida recibe la llamada terapia <strong>antirretroviral<\/strong> de alta eficacia, que consiste en combinar tres o m\u00e1s f\u00e1rmacos. [<em>El Pa\u00eds<\/em> (Espa\u00f1a), 8\/04\/2000]<\/li>\n<li>Esto implicar\u00eda que se pueda controlar la enfermedad sin depender de por vida de los f\u00e1rmacos <strong>antirretrovirales<\/strong>. [<em>El Comercio<\/em> (Per\u00fa), 7\/01\/2013]<\/li>\n<\/ul>\n<p>b) Como sustantivo:<\/p>\n<ul>\n<li>Contiene un <strong>antiretroviral<\/strong> que disminuye en un 39 % las infecciones de VIH. [<em>ABC<\/em> (Espa\u00f1a), 22\/07\/2010]<\/li>\n<li>De ellas, 354 mil necesitan atenci\u00f3n con <strong>antirretrovirales<\/strong>, y en la actualidad el 73% recibe tratamiento, mientras que en \u00c1frica y Asia ese porcentaje alcanza tan s\u00f3lo a un 10%. [<em>El Mercurio<\/em> (Chile), 15\/08\/2005]<\/li>\n<\/ul>\n<p>La formaci\u00f3n <em>antirretroviral<\/em> constituye un caso de neologismo morfol\u00f3gico formado mediante el prefijo <em>anti<\/em>-, procedente del griego <em>\u1f00\u03bd\u03c4\u03b9<\/em>, del que en el <em>DRAE<\/em>23 se dice que \u00absignifica&nbsp;\u2018opuesto\u2019&nbsp;o&nbsp;\u2018con&nbsp;propiedades&nbsp;contrarias\u2019\u00bb. Como sucede habitualmente en los adjetivos relacionales formados mediante prefijos, en la formaci\u00f3n de <em>antirretroviral<\/em> se da una aparente paradoja. Por una parte, <em>anti<\/em>&#8211; parece haberse adjuntado al adjetivo <em>retroviral<\/em>, que el <em>DEA<\/em>, \u00fanico de los diccionarios consultados que lo recoge, define en su primera acepci\u00f3n como \u2018de (los) retrovirus\u2019. Sin embargo, sem\u00e1nticamente, el prefijo <em>anti<\/em>&#8211; no afecta al adjetivo <em>retroviral<\/em>, pues <em>antirretroviral<\/em> no significa \u2018contra lo retroviral\u2019, sino que el prefijo incide sobre el sustantivo <em>retrovirus<\/em>, base inicial de toda la formaci\u00f3n, ya que <em>antirretroviral<\/em> designa a un medicamento que act\u00faa contra los retrovirus.<\/p>\n<p>Cabe se\u00f1alar, adem\u00e1s, que en ocasiones la formaci\u00f3n <em>retroviral<\/em> se emplea como sin\u00f3nimo de <em>antirretroviral<\/em>, seg\u00fan se refleja en la segunda acepci\u00f3n de este adjetivo recogida en el <em>DEA<\/em>. Mostramos este uso en el siguiente ejemplo, procedente del Observatori de Neologia:<\/p>\n<ul>\n<li>&#8230; la Generalitat gastar\u00e1 alrededor de 4.000 millones este a\u00f1o en luchar contra el sida, principalmente en los nuevos f\u00e1rmacos <strong>retrovirales<\/strong>, y en 1998 puede llegar a 6.000 millones. [<em>La Vanguardia<\/em> (Espa\u00f1a), 23\/07\/1997]<\/li>\n<\/ul>\n<p>En lo que respecta a otras lenguas de nuestro entorno, el equivalente de <em>antirretroviral<\/em> se incluye en los distintos diccionarios consultados. As\u00ed sucede con <em>antiretroviral<\/em> en catal\u00e1n, que aparece recogido en el <em>Gran diccionari de la llengua catalana <\/em>d\u2019Enciclop\u00e8dia Catalana. Igualmente, en el caso del franc\u00e9s, <em>antir\u00e9troviral<\/em> se documenta en <em>Le Grand Robert<\/em> y en <em>Le Petit Robert<\/em>, mientras que la forma italiana <em>antiretrovirale<\/em> se recoge en el Dizionario Garzanti. Por su parte, la formaci\u00f3n portuguesa <em>antiretroviral<\/em> aparece en el <em>Dicion\u00e1ria Priberam da Lingua Portuguesa<\/em>. Finalmente, el adjetivo <em>antiretroviral<\/em> del ingl\u00e9s se incluye en diccionarios generales como el <em>Oxford English Dictionary<\/em> y el <em>Merriam Webster\u2019s Dictionary<\/em>. Parece deseable que el <em>DRAE<\/em> d\u00e9 cabida tambi\u00e9n a la correspondiente formaci\u00f3n espa\u00f1ola, vocablo que designa una realidad existente desde hace m\u00e1s de treinta a\u00f1os, una realidad que ha hecho posible un aumento sustancial tanto de la esperanza de vida como de la calidad de la misma de tantos y tantos enfermos.<\/p>\n<p>Elena Fel\u00edu Arquiola<br \/>\nUniversidad de Ja\u00e9n (Espa\u00f1a)<\/p>\n","protected":false},"excerpt":{"rendered":"<p>Sin duda, la historia de las dos \u00faltimas d\u00e9cadas del siglo <span class=\"versalitas\">xx<\/span> y de los inicios del siglo <span class=\"versalitas\">xxi<\/span> se ha visto marcada, entre otros acontecimientos, por la aparici\u00f3n del virus de la inmunodeficiencia humana (VIH), causante del sida o s\u00edndrome de inmunodeficiencia adquirida, que desde su detecci\u00f3n en 1981 ha producido la muerte de m\u00e1s de 35 millones de personas en todo el planeta, seg\u00fan la Organizaci\u00f3n Mundial de la Salud (OMS). A esta cifra se suma otra igualmente escalofriante: a finales de 2016, 36,7 millones de personas se encontraban infectadas por el VIH en el mundo. Se trata, por tanto, de uno de los problemas de salud p\u00fablica m\u00e1s graves, que afecta en mayor medida a los pa\u00edses m\u00e1s pobres.<\/p>\n","protected":false},"author":1,"featured_media":2217,"comment_status":"open","ping_status":"open","sticky":false,"template":"","format":"standard","meta":{"_mi_skip_tracking":false,"_s2mail":"yes"},"categories":[206,161,52],"tags":[],"yoast_head":"<!-- This site is optimized with the Yoast SEO plugin v20.6 - https:\/\/yoast.com\/wordpress\/plugins\/seo\/ -->\n<title>CVC. Antirretroviral | Martes Neol\u00f3gico<\/title>\n<meta name=\"description\" content=\"Art\u00edculo sobre el neologismo \u00abantirretroviral\u00bb, dentro del blog Martes Neol\u00f3gico del Centro Virtual Cervantes.\" \/>\n<meta name=\"robots\" content=\"index, follow, max-snippet:-1, max-image-preview:large, max-video-preview:-1\" \/>\n<link rel=\"canonical\" href=\"https:\/\/blogscvc.cervantes.es\/martes-neologico\/antirretroviral\/\" \/>\n<meta property=\"og:locale\" content=\"es_ES\" \/>\n<meta property=\"og:type\" content=\"article\" \/>\n<meta property=\"og:title\" content=\"CVC. Antirretroviral | Martes Neol\u00f3gico\" \/>\n<meta property=\"og:description\" content=\"Art\u00edculo sobre el neologismo \u00abantirretroviral\u00bb, dentro del blog Martes Neol\u00f3gico del Centro Virtual Cervantes.\" \/>\n<meta property=\"og:url\" content=\"https:\/\/blogscvc.cervantes.es\/martes-neologico\/antirretroviral\/\" \/>\n<meta property=\"og:site_name\" content=\"Martes Neol\u00f3gico\" \/>\n<meta property=\"article:published_time\" content=\"2018-01-02T05:00:04+00:00\" \/>\n<meta property=\"article:modified_time\" content=\"2025-07-29T07:32:12+00:00\" \/>\n<meta property=\"og:image\" content=\"http:\/\/blogscvc.cervantes.es\/martes-neologico\/wp-content\/uploads\/sites\/2\/2018\/01\/antiretroviral_350.jpg\" \/>\n\t<meta property=\"og:image:width\" content=\"750\" \/>\n\t<meta property=\"og:image:height\" content=\"350\" \/>\n\t<meta property=\"og:image:type\" content=\"image\/jpeg\" \/>\n<meta name=\"author\" content=\"admin\" \/>\n<meta name=\"twitter:card\" content=\"summary_large_image\" \/>\n<meta name=\"twitter:label1\" content=\"Escrito por\" \/>\n\t<meta name=\"twitter:data1\" content=\"admin\" \/>\n\t<meta name=\"twitter:label2\" content=\"Tiempo de lectura\" \/>\n\t<meta name=\"twitter:data2\" content=\"5 minutos\" \/>\n<script type=\"application\/ld+json\" class=\"yoast-schema-graph\">{\"@context\":\"https:\/\/schema.org\",\"@graph\":[{\"@type\":\"Article\",\"@id\":\"https:\/\/blogscvc.cervantes.es\/martes-neologico\/antirretroviral\/#article\",\"isPartOf\":{\"@id\":\"https:\/\/blogscvc.cervantes.es\/martes-neologico\/antirretroviral\/\"},\"author\":{\"name\":\"admin\",\"@id\":\"https:\/\/blogscvc.cervantes.es\/martes-neologico\/#\/schema\/person\/7e2fd26f886f53b1b2e81721d23acc47\"},\"headline\":\"antirretroviral adj. y m.\",\"datePublished\":\"2018-01-02T05:00:04+00:00\",\"dateModified\":\"2025-07-29T07:32:12+00:00\",\"mainEntityOfPage\":{\"@id\":\"https:\/\/blogscvc.cervantes.es\/martes-neologico\/antirretroviral\/\"},\"wordCount\":1065,\"commentCount\":1,\"publisher\":{\"@id\":\"https:\/\/blogscvc.cervantes.es\/martes-neologico\/#organization\"},\"articleSection\":[\"diccionarizado\",\"medicina\",\"prefijaci\u00f3n\"],\"inLanguage\":\"es\",\"potentialAction\":[{\"@type\":\"CommentAction\",\"name\":\"Comment\",\"target\":[\"https:\/\/blogscvc.cervantes.es\/martes-neologico\/antirretroviral\/#respond\"]}]},{\"@type\":\"WebPage\",\"@id\":\"https:\/\/blogscvc.cervantes.es\/martes-neologico\/antirretroviral\/\",\"url\":\"https:\/\/blogscvc.cervantes.es\/martes-neologico\/antirretroviral\/\",\"name\":\"CVC. Antirretroviral | Martes Neol\u00f3gico\",\"isPartOf\":{\"@id\":\"https:\/\/blogscvc.cervantes.es\/martes-neologico\/#website\"},\"datePublished\":\"2018-01-02T05:00:04+00:00\",\"dateModified\":\"2025-07-29T07:32:12+00:00\",\"description\":\"Art\u00edculo sobre el neologismo \u00abantirretroviral\u00bb, dentro del blog Martes Neol\u00f3gico del Centro Virtual Cervantes.\",\"breadcrumb\":{\"@id\":\"https:\/\/blogscvc.cervantes.es\/martes-neologico\/antirretroviral\/#breadcrumb\"},\"inLanguage\":\"es\",\"potentialAction\":[{\"@type\":\"ReadAction\",\"target\":[\"https:\/\/blogscvc.cervantes.es\/martes-neologico\/antirretroviral\/\"]}]},{\"@type\":\"BreadcrumbList\",\"@id\":\"https:\/\/blogscvc.cervantes.es\/martes-neologico\/antirretroviral\/#breadcrumb\",\"itemListElement\":[{\"@type\":\"ListItem\",\"position\":1,\"name\":\"Portada\",\"item\":\"https:\/\/blogscvc.cervantes.es\/martes-neologico\/\"},{\"@type\":\"ListItem\",\"position\":2,\"name\":\"antirretroviral adj. y m.\"}]},{\"@type\":\"WebSite\",\"@id\":\"https:\/\/blogscvc.cervantes.es\/martes-neologico\/#website\",\"url\":\"https:\/\/blogscvc.cervantes.es\/martes-neologico\/\",\"name\":\"Martes Neol\u00f3gico\",\"description\":\"Cada martes, una palabra nueva que podr\u00eda estar en el diccionario\",\"publisher\":{\"@id\":\"https:\/\/blogscvc.cervantes.es\/martes-neologico\/#organization\"},\"potentialAction\":[{\"@type\":\"SearchAction\",\"target\":{\"@type\":\"EntryPoint\",\"urlTemplate\":\"https:\/\/blogscvc.cervantes.es\/martes-neologico\/?s={search_term_string}\"},\"query-input\":\"required name=search_term_string\"}],\"inLanguage\":\"es\"},{\"@type\":\"Organization\",\"@id\":\"https:\/\/blogscvc.cervantes.es\/martes-neologico\/#organization\",\"name\":\"Martes Neol\u00f3gico\",\"url\":\"https:\/\/blogscvc.cervantes.es\/martes-neologico\/\",\"logo\":{\"@type\":\"ImageObject\",\"inLanguage\":\"es\",\"@id\":\"https:\/\/blogscvc.cervantes.es\/martes-neologico\/#\/schema\/logo\/image\/\",\"url\":\"https:\/\/blogscvc.cervantes.es\/martes-neologico\/wp-content\/uploads\/sites\/2\/2025\/10\/logo-martes-neologico-10-anos.png\",\"contentUrl\":\"https:\/\/blogscvc.cervantes.es\/martes-neologico\/wp-content\/uploads\/sites\/2\/2025\/10\/logo-martes-neologico-10-anos.png\",\"width\":300,\"height\":100,\"caption\":\"Martes Neol\u00f3gico\"},\"image\":{\"@id\":\"https:\/\/blogscvc.cervantes.es\/martes-neologico\/#\/schema\/logo\/image\/\"}},{\"@type\":\"Person\",\"@id\":\"https:\/\/blogscvc.cervantes.es\/martes-neologico\/#\/schema\/person\/7e2fd26f886f53b1b2e81721d23acc47\",\"name\":\"admin\",\"image\":{\"@type\":\"ImageObject\",\"inLanguage\":\"es\",\"@id\":\"https:\/\/blogscvc.cervantes.es\/martes-neologico\/#\/schema\/person\/image\/\",\"url\":\"https:\/\/secure.gravatar.com\/avatar\/c4b6a365b64e607f3d2ecd9620a7675a?s=96&d=mm&r=g\",\"contentUrl\":\"https:\/\/secure.gravatar.com\/avatar\/c4b6a365b64e607f3d2ecd9620a7675a?s=96&d=mm&r=g\",\"caption\":\"admin\"},\"url\":\"https:\/\/blogscvc.cervantes.es\/martes-neologico\/author\/admin\/\"}]}<\/script>\n<!-- \/ Yoast SEO plugin. -->","yoast_head_json":{"title":"CVC. Antirretroviral | Martes Neol\u00f3gico","description":"Art\u00edculo sobre el neologismo \u00abantirretroviral\u00bb, dentro del blog Martes Neol\u00f3gico del Centro Virtual Cervantes.","robots":{"index":"index","follow":"follow","max-snippet":"max-snippet:-1","max-image-preview":"max-image-preview:large","max-video-preview":"max-video-preview:-1"},"canonical":"https:\/\/blogscvc.cervantes.es\/martes-neologico\/antirretroviral\/","og_locale":"es_ES","og_type":"article","og_title":"CVC. Antirretroviral | Martes Neol\u00f3gico","og_description":"Art\u00edculo sobre el neologismo \u00abantirretroviral\u00bb, dentro del blog Martes Neol\u00f3gico del Centro Virtual Cervantes.","og_url":"https:\/\/blogscvc.cervantes.es\/martes-neologico\/antirretroviral\/","og_site_name":"Martes Neol\u00f3gico","article_published_time":"2018-01-02T05:00:04+00:00","article_modified_time":"2025-07-29T07:32:12+00:00","og_image":[{"width":750,"height":350,"url":"http:\/\/blogscvc.cervantes.es\/martes-neologico\/wp-content\/uploads\/sites\/2\/2018\/01\/antiretroviral_350.jpg","type":"image\/jpeg"}],"author":"admin","twitter_card":"summary_large_image","twitter_misc":{"Escrito por":"admin","Tiempo de lectura":"5 minutos"},"schema":{"@context":"https:\/\/schema.org","@graph":[{"@type":"Article","@id":"https:\/\/blogscvc.cervantes.es\/martes-neologico\/antirretroviral\/#article","isPartOf":{"@id":"https:\/\/blogscvc.cervantes.es\/martes-neologico\/antirretroviral\/"},"author":{"name":"admin","@id":"https:\/\/blogscvc.cervantes.es\/martes-neologico\/#\/schema\/person\/7e2fd26f886f53b1b2e81721d23acc47"},"headline":"antirretroviral adj. y m.","datePublished":"2018-01-02T05:00:04+00:00","dateModified":"2025-07-29T07:32:12+00:00","mainEntityOfPage":{"@id":"https:\/\/blogscvc.cervantes.es\/martes-neologico\/antirretroviral\/"},"wordCount":1065,"commentCount":1,"publisher":{"@id":"https:\/\/blogscvc.cervantes.es\/martes-neologico\/#organization"},"articleSection":["diccionarizado","medicina","prefijaci\u00f3n"],"inLanguage":"es","potentialAction":[{"@type":"CommentAction","name":"Comment","target":["https:\/\/blogscvc.cervantes.es\/martes-neologico\/antirretroviral\/#respond"]}]},{"@type":"WebPage","@id":"https:\/\/blogscvc.cervantes.es\/martes-neologico\/antirretroviral\/","url":"https:\/\/blogscvc.cervantes.es\/martes-neologico\/antirretroviral\/","name":"CVC. Antirretroviral | Martes Neol\u00f3gico","isPartOf":{"@id":"https:\/\/blogscvc.cervantes.es\/martes-neologico\/#website"},"datePublished":"2018-01-02T05:00:04+00:00","dateModified":"2025-07-29T07:32:12+00:00","description":"Art\u00edculo sobre el neologismo \u00abantirretroviral\u00bb, dentro del blog Martes Neol\u00f3gico del Centro Virtual Cervantes.","breadcrumb":{"@id":"https:\/\/blogscvc.cervantes.es\/martes-neologico\/antirretroviral\/#breadcrumb"},"inLanguage":"es","potentialAction":[{"@type":"ReadAction","target":["https:\/\/blogscvc.cervantes.es\/martes-neologico\/antirretroviral\/"]}]},{"@type":"BreadcrumbList","@id":"https:\/\/blogscvc.cervantes.es\/martes-neologico\/antirretroviral\/#breadcrumb","itemListElement":[{"@type":"ListItem","position":1,"name":"Portada","item":"https:\/\/blogscvc.cervantes.es\/martes-neologico\/"},{"@type":"ListItem","position":2,"name":"antirretroviral adj. y m."}]},{"@type":"WebSite","@id":"https:\/\/blogscvc.cervantes.es\/martes-neologico\/#website","url":"https:\/\/blogscvc.cervantes.es\/martes-neologico\/","name":"Martes Neol\u00f3gico","description":"Cada martes, una palabra nueva que podr\u00eda estar en el diccionario","publisher":{"@id":"https:\/\/blogscvc.cervantes.es\/martes-neologico\/#organization"},"potentialAction":[{"@type":"SearchAction","target":{"@type":"EntryPoint","urlTemplate":"https:\/\/blogscvc.cervantes.es\/martes-neologico\/?s={search_term_string}"},"query-input":"required name=search_term_string"}],"inLanguage":"es"},{"@type":"Organization","@id":"https:\/\/blogscvc.cervantes.es\/martes-neologico\/#organization","name":"Martes Neol\u00f3gico","url":"https:\/\/blogscvc.cervantes.es\/martes-neologico\/","logo":{"@type":"ImageObject","inLanguage":"es","@id":"https:\/\/blogscvc.cervantes.es\/martes-neologico\/#\/schema\/logo\/image\/","url":"https:\/\/blogscvc.cervantes.es\/martes-neologico\/wp-content\/uploads\/sites\/2\/2025\/10\/logo-martes-neologico-10-anos.png","contentUrl":"https:\/\/blogscvc.cervantes.es\/martes-neologico\/wp-content\/uploads\/sites\/2\/2025\/10\/logo-martes-neologico-10-anos.png","width":300,"height":100,"caption":"Martes Neol\u00f3gico"},"image":{"@id":"https:\/\/blogscvc.cervantes.es\/martes-neologico\/#\/schema\/logo\/image\/"}},{"@type":"Person","@id":"https:\/\/blogscvc.cervantes.es\/martes-neologico\/#\/schema\/person\/7e2fd26f886f53b1b2e81721d23acc47","name":"admin","image":{"@type":"ImageObject","inLanguage":"es","@id":"https:\/\/blogscvc.cervantes.es\/martes-neologico\/#\/schema\/person\/image\/","url":"https:\/\/secure.gravatar.com\/avatar\/c4b6a365b64e607f3d2ecd9620a7675a?s=96&d=mm&r=g","contentUrl":"https:\/\/secure.gravatar.com\/avatar\/c4b6a365b64e607f3d2ecd9620a7675a?s=96&d=mm&r=g","caption":"admin"},"url":"https:\/\/blogscvc.cervantes.es\/martes-neologico\/author\/admin\/"}]}},"_links":{"self":[{"href":"https:\/\/blogscvc.cervantes.es\/martes-neologico\/wp-json\/wp\/v2\/posts\/2214"}],"collection":[{"href":"https:\/\/blogscvc.cervantes.es\/martes-neologico\/wp-json\/wp\/v2\/posts"}],"about":[{"href":"https:\/\/blogscvc.cervantes.es\/martes-neologico\/wp-json\/wp\/v2\/types\/post"}],"author":[{"embeddable":true,"href":"https:\/\/blogscvc.cervantes.es\/martes-neologico\/wp-json\/wp\/v2\/users\/1"}],"replies":[{"embeddable":true,"href":"https:\/\/blogscvc.cervantes.es\/martes-neologico\/wp-json\/wp\/v2\/comments?post=2214"}],"version-history":[{"count":8,"href":"https:\/\/blogscvc.cervantes.es\/martes-neologico\/wp-json\/wp\/v2\/posts\/2214\/revisions"}],"predecessor-version":[{"id":11501,"href":"https:\/\/blogscvc.cervantes.es\/martes-neologico\/wp-json\/wp\/v2\/posts\/2214\/revisions\/11501"}],"wp:featuredmedia":[{"embeddable":true,"href":"https:\/\/blogscvc.cervantes.es\/martes-neologico\/wp-json\/wp\/v2\/media\/2217"}],"wp:attachment":[{"href":"https:\/\/blogscvc.cervantes.es\/martes-neologico\/wp-json\/wp\/v2\/media?parent=2214"}],"wp:term":[{"taxonomy":"category","embeddable":true,"href":"https:\/\/blogscvc.cervantes.es\/martes-neologico\/wp-json\/wp\/v2\/categories?post=2214"},{"taxonomy":"post_tag","embeddable":true,"href":"https:\/\/blogscvc.cervantes.es\/martes-neologico\/wp-json\/wp\/v2\/tags?post=2214"}],"curies":[{"name":"wp","href":"https:\/\/api.w.org\/{rel}","templated":true}]}}