{"id":2251,"date":"2018-02-06T07:00:45","date_gmt":"2018-02-06T05:00:45","guid":{"rendered":"http:\/\/blogscvc.cervantes.es\/martes-neologico\/?p=2251"},"modified":"2025-07-30T14:05:04","modified_gmt":"2025-07-30T12:05:04","slug":"equinoterapia","status":"publish","type":"post","link":"https:\/\/blogscvc.cervantes.es\/martes-neologico\/equinoterapia\/","title":{"rendered":"equinoterapia <em>f.<\/em>"},"content":{"rendered":"<p>Seg\u00fan el <em>NEOMM<\/em> (<em>Neologismos del espa\u00f1ol<\/em>, de Mar\u00eda Moliner), la <em>equinoterapia<\/em> es la \u2018terapia que utiliza el contacto con los caballos para mejorar las habilidades cognitivas, sociales y emocionales de una persona\u2019 y, seg\u00fan esa misma obra, <em>hipoterapia<\/em> es su sin\u00f3nimo. No se documentan estas dos palabras en ninguno de los diccionarios generales del espa\u00f1ol que hemos consultado (ni de otras lenguas como el ingl\u00e9s, el franc\u00e9s y el italiano) y solamente vuelve a aparecer en el diccionario de neologismos Alvar2, donde encontramos <em>hipoterapia<\/em> definida como \u2018utilizaci\u00f3n terap\u00e9utica del caballo\u2019, sin ninguna referencia a <em>equinoterapia<\/em>.<\/p>\n<figure id=\"attachment_118\" aria-describedby=\"caption-attachment-118\" style=\"width: 750px\" class=\"wp-caption aligncenter\"><a href=\"http:\/\/blogscvc.cervantes.es\/martes-neologico\/wp-content\/uploads\/sites\/2\/2017\/12\/equinoterapia_500.jpg\"><img decoding=\"async\" loading=\"lazy\" class=\"alignnone size-full wp-image-1739\" src=\"http:\/\/blogscvc.cervantes.es\/martes-neologico\/wp-content\/uploads\/sites\/2\/2017\/12\/equinoterapia_500.jpg\" alt=\"Primer plano de las cabezas de una pareja de caballos\" width=\"750\" height=\"500\"><\/a><figcaption id=\"caption-attachment-118\" class=\"wp-caption-text\">Flickr (Big Grey Mare)<\/figcaption><\/figure>\n<p>Consultando los datos de prensa del Observatori de Neologia observamos que ambas formas se documentan con el mismo significado aunque <em>hipoterapia<\/em> se utilizaba m\u00e1s a\u00f1os atr\u00e1s y <em>equinoterapia<\/em> es la forma preferida estos \u00faltimos a\u00f1os. Adem\u00e1s, se produce tambi\u00e9n un contraste geolectal ya que ambas formas se muestran en el uso del espa\u00f1ol peninsular pero <em>hipoterapia<\/em> se documenta principalmente en Chile y <em>equinoterapia<\/em> en Argentina, Per\u00fa y Colombia.<\/p>\n<ul>\n<li>En Alemania, por ejemplo, est\u00e1n muy avanzados en la <strong>hipoterapia<\/strong>. Cuando hablas con los psiquiatras tambi\u00e9n se observa que hay resultados. [<em>La Vanguardia<\/em> (Espa\u00f1a), 8\/04\/2001]<\/li>\n<li>Amigos, familiares, barristas ciegos y hasta hinchas con carteles de agrupaciones de <strong>hipoterapia<\/strong> se reparten por las gradas aguantando un sol que se hace cada vez m\u00e1s despiadado. [<em>El Mercurio<\/em> (Chile), 26\/11\/2006]<\/li>\n<li>La <strong>equinoterapia<\/strong> (contacto terap\u00e9utico con caballos) permite y facilita la interacci\u00f3n del paciente con el entorno, a la vez que implica a la persona discapacitada a responsabilizarse y sentirse \u00fatil a la vez. [<em>La Vanguardia<\/em> (Espa\u00f1a), 1\/10\/2009]<\/li>\n<li>A tal punto estaba integrado a la sociedad santacruce\u00f1a que prensa en Bolivia cont\u00f3 que all\u00ed ten\u00eda un centro de <strong>equinoterapia<\/strong> con su hija Rosana por el que fue condecorado en 2006. [<em>Clar\u00edn<\/em> (Argentina), 26\/12\/2011]<\/li>\n<li>Y a una ni\u00f1a que le ten\u00eda p\u00e1nico a las alturas, la <strong>equinoterapia<\/strong> le devolvi\u00f3, poco a poco, su tranquilidad. Esta idea surgi\u00f3 hace doce a\u00f1os cuando Salazar vio dos clases en la universidad: conductismo y etolog\u00eda. [<em>El Tiempo<\/em> (Colombia), 26\/05\/2013]<\/li>\n<\/ul>\n<p>La sinonimia entre <em>hipoterapia<\/em> y <em>equinoterapia<\/em> se basa en una aparente sinonimia entre los formantes <em>hipo<\/em>&#8211; y <em>equino<\/em>-. Ciertamente la lengua espa\u00f1ola posee un formante culto de origen griego <em>hipo<\/em>&#8211; para el significado de \u00abcaballo\u00bb, que encontramos tambi\u00e9n en <em>hip\u00f3dromo<\/em> o <em>hipop\u00f3tamo<\/em>. En cambio, el \u00fanico formante <em>equino<\/em>&#8211; del espa\u00f1ol, procede tambi\u00e9n del griego pero significa \u00aberizo\u00bb, que nada tiene que ver con los caballos ni con la equinoterapia. El <em>equino-<\/em>&nbsp;de <em>equinoterapia<\/em> es un elemento nuevo formado en espa\u00f1ol aprovechando la existencia de <em>equino -na<\/em> como adjetivo (\u2018perteneciente o relativo al caballo\u2019).<\/p>\n<p>Lo que resulta m\u00e1s sorprendente es que a nivel especializado se establezca una diferencia entre <em>hipoterapia<\/em> y <em>equinoterapia<\/em>: seg\u00fan la AEDEQ&nbsp; (Asociaci\u00f3n Espa\u00f1ola de Equinoterapias), <em>equinoterapia<\/em> es el t\u00e9rmino gen\u00e9rico y \u00abse refiere a todas las actividades realizadas con equinos que se dirigen a conseguir alg\u00fan beneficio para la calidad de vida de todos los implicados en las actividades\u00bb. Se distinguen tres tipos terapias dentro de la equinoterapia: terapia social, psicoterapia e hipoterapia, siendo esta \u00faltima de car\u00e1cter fisioterap\u00e9utico y neurofisiol\u00f3gico, y atribuyendo a la transmisi\u00f3n del calor corporal del caballo a la persona, los impulsos r\u00edtmicos y el movimiento tridimensional, beneficios como mejora del equilibrio y del tono muscular, aumento de la autoestima y de la capacidad de relajaci\u00f3n, etc. Al consultar textos especializados en terapias con animales, descubrimos para la terapia con caballos un amplio mundo denominativo donde se encuentran la terapia ecuestre, la equitaci\u00f3n terap\u00e9utica, la terapia asistida ecuestre y otras m\u00e1s.<\/p>\n<p>Atendiendo al hecho de que las primeras referencias a este tipo de t\u00e9cnicas ya se encuentran descritas en textos de Hip\u00f3crates en la antigua Grecia, teniendo adem\u00e1s en cuenta que son tratamientos popularizados desde los a\u00f1os sesenta y, ciertamente, vocablos vivos en el uso general y especializado, los diccionarios de la lengua espa\u00f1ola deber\u00e1n a\u00f1adir el t\u00e9rmino <em>equinoterapia<\/em> (y tal vez tambi\u00e9n <em>hipoterapia<\/em>) a su lista de neologismos diccionarizables.<\/p>\n<p>Judit Freixa<br \/>\nObservatori de Neologia \u2013 Grupo IULATERM<br \/>\nUniversitat Pompeu Fabra (Espa\u00f1a)<\/p>\n","protected":false},"excerpt":{"rendered":"<p>Seg\u00fan el NEOMM (<em>Neologismos del espa\u00f1ol<\/em>, de Mar\u00eda Moliner), la <em>equinoterapia<\/em> es la \u2018terapia que utiliza el contacto con los caballos para mejorar las habilidades cognitivas, sociales y emocionales de una persona\u2019 y, seg\u00fan esa misma obra, <em>hipoterapia<\/em> es su sin\u00f3nimo. No se documentan estas dos palabras en ninguno de los diccionarios generales del espa\u00f1ol que hemos consultado (ni de otras lenguas como el ingl\u00e9s, el franc\u00e9s y el italiano) y solamente vuelve a aparecer en el diccionario de neologismos <em>Alvar2<\/em>, donde encontramos <em>hipoterapia<\/em> definida como \u2018utilizaci\u00f3n terap\u00e9utica del caballo\u2019, sin ninguna referencia a <em>equinoterapia<\/em>.<\/p>\n","protected":false},"author":1,"featured_media":2252,"comment_status":"open","ping_status":"open","sticky":false,"template":"","format":"standard","meta":{"_mi_skip_tracking":false,"_s2mail":"yes"},"categories":[197,73],"tags":[],"yoast_head":"<!-- This site is optimized with the Yoast SEO plugin v20.6 - https:\/\/yoast.com\/wordpress\/plugins\/seo\/ -->\n<title>CVC. Equinoterapia | Martes Neol\u00f3gico<\/title>\n<meta name=\"description\" content=\"Art\u00edculo sobre el neologismo \u00abequinoterapia\u00bb, dentro del blog Martes Neol\u00f3gico del Centro Virtual Cervantes.\" \/>\n<meta name=\"robots\" content=\"index, follow, max-snippet:-1, max-image-preview:large, max-video-preview:-1\" \/>\n<link rel=\"canonical\" href=\"https:\/\/blogscvc.cervantes.es\/martes-neologico\/equinoterapia\/\" \/>\n<meta property=\"og:locale\" content=\"es_ES\" \/>\n<meta property=\"og:type\" content=\"article\" \/>\n<meta property=\"og:title\" content=\"CVC. Equinoterapia | Martes Neol\u00f3gico\" \/>\n<meta property=\"og:description\" content=\"Art\u00edculo sobre el neologismo \u00abequinoterapia\u00bb, dentro del blog Martes Neol\u00f3gico del Centro Virtual Cervantes.\" \/>\n<meta property=\"og:url\" content=\"https:\/\/blogscvc.cervantes.es\/martes-neologico\/equinoterapia\/\" \/>\n<meta property=\"og:site_name\" content=\"Martes Neol\u00f3gico\" \/>\n<meta property=\"article:published_time\" content=\"2018-02-06T05:00:45+00:00\" \/>\n<meta property=\"article:modified_time\" content=\"2025-07-30T12:05:04+00:00\" \/>\n<meta property=\"og:image\" content=\"http:\/\/blogscvc.cervantes.es\/martes-neologico\/wp-content\/uploads\/sites\/2\/2017\/12\/equinoterapia_350.jpg\" \/>\n\t<meta property=\"og:image:width\" content=\"750\" \/>\n\t<meta property=\"og:image:height\" content=\"350\" \/>\n\t<meta property=\"og:image:type\" content=\"image\/jpeg\" \/>\n<meta name=\"author\" content=\"admin\" \/>\n<meta name=\"twitter:card\" content=\"summary_large_image\" \/>\n<meta name=\"twitter:label1\" content=\"Escrito por\" \/>\n\t<meta name=\"twitter:data1\" content=\"admin\" \/>\n\t<meta name=\"twitter:label2\" content=\"Tiempo de lectura\" \/>\n\t<meta name=\"twitter:data2\" content=\"4 minutos\" \/>\n<script type=\"application\/ld+json\" class=\"yoast-schema-graph\">{\"@context\":\"https:\/\/schema.org\",\"@graph\":[{\"@type\":\"Article\",\"@id\":\"https:\/\/blogscvc.cervantes.es\/martes-neologico\/equinoterapia\/#article\",\"isPartOf\":{\"@id\":\"https:\/\/blogscvc.cervantes.es\/martes-neologico\/equinoterapia\/\"},\"author\":{\"name\":\"admin\",\"@id\":\"https:\/\/blogscvc.cervantes.es\/martes-neologico\/#\/schema\/person\/7e2fd26f886f53b1b2e81721d23acc47\"},\"headline\":\"equinoterapia f.\",\"datePublished\":\"2018-02-06T05:00:45+00:00\",\"dateModified\":\"2025-07-30T12:05:04+00:00\",\"mainEntityOfPage\":{\"@id\":\"https:\/\/blogscvc.cervantes.es\/martes-neologico\/equinoterapia\/\"},\"wordCount\":735,\"commentCount\":0,\"publisher\":{\"@id\":\"https:\/\/blogscvc.cervantes.es\/martes-neologico\/#organization\"},\"articleSection\":[\"composici\u00f3n h\u00edbrida\",\"salud\"],\"inLanguage\":\"es\",\"potentialAction\":[{\"@type\":\"CommentAction\",\"name\":\"Comment\",\"target\":[\"https:\/\/blogscvc.cervantes.es\/martes-neologico\/equinoterapia\/#respond\"]}]},{\"@type\":\"WebPage\",\"@id\":\"https:\/\/blogscvc.cervantes.es\/martes-neologico\/equinoterapia\/\",\"url\":\"https:\/\/blogscvc.cervantes.es\/martes-neologico\/equinoterapia\/\",\"name\":\"CVC. Equinoterapia | Martes Neol\u00f3gico\",\"isPartOf\":{\"@id\":\"https:\/\/blogscvc.cervantes.es\/martes-neologico\/#website\"},\"datePublished\":\"2018-02-06T05:00:45+00:00\",\"dateModified\":\"2025-07-30T12:05:04+00:00\",\"description\":\"Art\u00edculo sobre el neologismo \u00abequinoterapia\u00bb, dentro del blog Martes Neol\u00f3gico del Centro Virtual Cervantes.\",\"breadcrumb\":{\"@id\":\"https:\/\/blogscvc.cervantes.es\/martes-neologico\/equinoterapia\/#breadcrumb\"},\"inLanguage\":\"es\",\"potentialAction\":[{\"@type\":\"ReadAction\",\"target\":[\"https:\/\/blogscvc.cervantes.es\/martes-neologico\/equinoterapia\/\"]}]},{\"@type\":\"BreadcrumbList\",\"@id\":\"https:\/\/blogscvc.cervantes.es\/martes-neologico\/equinoterapia\/#breadcrumb\",\"itemListElement\":[{\"@type\":\"ListItem\",\"position\":1,\"name\":\"Portada\",\"item\":\"https:\/\/blogscvc.cervantes.es\/martes-neologico\/\"},{\"@type\":\"ListItem\",\"position\":2,\"name\":\"equinoterapia f.\"}]},{\"@type\":\"WebSite\",\"@id\":\"https:\/\/blogscvc.cervantes.es\/martes-neologico\/#website\",\"url\":\"https:\/\/blogscvc.cervantes.es\/martes-neologico\/\",\"name\":\"Martes Neol\u00f3gico\",\"description\":\"Cada martes, una palabra nueva que podr\u00eda estar en el diccionario\",\"publisher\":{\"@id\":\"https:\/\/blogscvc.cervantes.es\/martes-neologico\/#organization\"},\"potentialAction\":[{\"@type\":\"SearchAction\",\"target\":{\"@type\":\"EntryPoint\",\"urlTemplate\":\"https:\/\/blogscvc.cervantes.es\/martes-neologico\/?s={search_term_string}\"},\"query-input\":\"required name=search_term_string\"}],\"inLanguage\":\"es\"},{\"@type\":\"Organization\",\"@id\":\"https:\/\/blogscvc.cervantes.es\/martes-neologico\/#organization\",\"name\":\"Martes Neol\u00f3gico\",\"url\":\"https:\/\/blogscvc.cervantes.es\/martes-neologico\/\",\"logo\":{\"@type\":\"ImageObject\",\"inLanguage\":\"es\",\"@id\":\"https:\/\/blogscvc.cervantes.es\/martes-neologico\/#\/schema\/logo\/image\/\",\"url\":\"https:\/\/blogscvc.cervantes.es\/martes-neologico\/wp-content\/uploads\/sites\/2\/2025\/10\/logo-martes-neologico-10-anos.png\",\"contentUrl\":\"https:\/\/blogscvc.cervantes.es\/martes-neologico\/wp-content\/uploads\/sites\/2\/2025\/10\/logo-martes-neologico-10-anos.png\",\"width\":300,\"height\":100,\"caption\":\"Martes Neol\u00f3gico\"},\"image\":{\"@id\":\"https:\/\/blogscvc.cervantes.es\/martes-neologico\/#\/schema\/logo\/image\/\"}},{\"@type\":\"Person\",\"@id\":\"https:\/\/blogscvc.cervantes.es\/martes-neologico\/#\/schema\/person\/7e2fd26f886f53b1b2e81721d23acc47\",\"name\":\"admin\",\"image\":{\"@type\":\"ImageObject\",\"inLanguage\":\"es\",\"@id\":\"https:\/\/blogscvc.cervantes.es\/martes-neologico\/#\/schema\/person\/image\/\",\"url\":\"https:\/\/secure.gravatar.com\/avatar\/c4b6a365b64e607f3d2ecd9620a7675a?s=96&d=mm&r=g\",\"contentUrl\":\"https:\/\/secure.gravatar.com\/avatar\/c4b6a365b64e607f3d2ecd9620a7675a?s=96&d=mm&r=g\",\"caption\":\"admin\"},\"url\":\"https:\/\/blogscvc.cervantes.es\/martes-neologico\/author\/admin\/\"}]}<\/script>\n<!-- \/ Yoast SEO plugin. -->","yoast_head_json":{"title":"CVC. Equinoterapia | Martes Neol\u00f3gico","description":"Art\u00edculo sobre el neologismo \u00abequinoterapia\u00bb, dentro del blog Martes Neol\u00f3gico del Centro Virtual Cervantes.","robots":{"index":"index","follow":"follow","max-snippet":"max-snippet:-1","max-image-preview":"max-image-preview:large","max-video-preview":"max-video-preview:-1"},"canonical":"https:\/\/blogscvc.cervantes.es\/martes-neologico\/equinoterapia\/","og_locale":"es_ES","og_type":"article","og_title":"CVC. Equinoterapia | Martes Neol\u00f3gico","og_description":"Art\u00edculo sobre el neologismo \u00abequinoterapia\u00bb, dentro del blog Martes Neol\u00f3gico del Centro Virtual Cervantes.","og_url":"https:\/\/blogscvc.cervantes.es\/martes-neologico\/equinoterapia\/","og_site_name":"Martes Neol\u00f3gico","article_published_time":"2018-02-06T05:00:45+00:00","article_modified_time":"2025-07-30T12:05:04+00:00","og_image":[{"width":750,"height":350,"url":"http:\/\/blogscvc.cervantes.es\/martes-neologico\/wp-content\/uploads\/sites\/2\/2017\/12\/equinoterapia_350.jpg","type":"image\/jpeg"}],"author":"admin","twitter_card":"summary_large_image","twitter_misc":{"Escrito por":"admin","Tiempo de lectura":"4 minutos"},"schema":{"@context":"https:\/\/schema.org","@graph":[{"@type":"Article","@id":"https:\/\/blogscvc.cervantes.es\/martes-neologico\/equinoterapia\/#article","isPartOf":{"@id":"https:\/\/blogscvc.cervantes.es\/martes-neologico\/equinoterapia\/"},"author":{"name":"admin","@id":"https:\/\/blogscvc.cervantes.es\/martes-neologico\/#\/schema\/person\/7e2fd26f886f53b1b2e81721d23acc47"},"headline":"equinoterapia f.","datePublished":"2018-02-06T05:00:45+00:00","dateModified":"2025-07-30T12:05:04+00:00","mainEntityOfPage":{"@id":"https:\/\/blogscvc.cervantes.es\/martes-neologico\/equinoterapia\/"},"wordCount":735,"commentCount":0,"publisher":{"@id":"https:\/\/blogscvc.cervantes.es\/martes-neologico\/#organization"},"articleSection":["composici\u00f3n h\u00edbrida","salud"],"inLanguage":"es","potentialAction":[{"@type":"CommentAction","name":"Comment","target":["https:\/\/blogscvc.cervantes.es\/martes-neologico\/equinoterapia\/#respond"]}]},{"@type":"WebPage","@id":"https:\/\/blogscvc.cervantes.es\/martes-neologico\/equinoterapia\/","url":"https:\/\/blogscvc.cervantes.es\/martes-neologico\/equinoterapia\/","name":"CVC. Equinoterapia | Martes Neol\u00f3gico","isPartOf":{"@id":"https:\/\/blogscvc.cervantes.es\/martes-neologico\/#website"},"datePublished":"2018-02-06T05:00:45+00:00","dateModified":"2025-07-30T12:05:04+00:00","description":"Art\u00edculo sobre el neologismo \u00abequinoterapia\u00bb, dentro del blog Martes Neol\u00f3gico del Centro Virtual Cervantes.","breadcrumb":{"@id":"https:\/\/blogscvc.cervantes.es\/martes-neologico\/equinoterapia\/#breadcrumb"},"inLanguage":"es","potentialAction":[{"@type":"ReadAction","target":["https:\/\/blogscvc.cervantes.es\/martes-neologico\/equinoterapia\/"]}]},{"@type":"BreadcrumbList","@id":"https:\/\/blogscvc.cervantes.es\/martes-neologico\/equinoterapia\/#breadcrumb","itemListElement":[{"@type":"ListItem","position":1,"name":"Portada","item":"https:\/\/blogscvc.cervantes.es\/martes-neologico\/"},{"@type":"ListItem","position":2,"name":"equinoterapia f."}]},{"@type":"WebSite","@id":"https:\/\/blogscvc.cervantes.es\/martes-neologico\/#website","url":"https:\/\/blogscvc.cervantes.es\/martes-neologico\/","name":"Martes Neol\u00f3gico","description":"Cada martes, una palabra nueva que podr\u00eda estar en el diccionario","publisher":{"@id":"https:\/\/blogscvc.cervantes.es\/martes-neologico\/#organization"},"potentialAction":[{"@type":"SearchAction","target":{"@type":"EntryPoint","urlTemplate":"https:\/\/blogscvc.cervantes.es\/martes-neologico\/?s={search_term_string}"},"query-input":"required name=search_term_string"}],"inLanguage":"es"},{"@type":"Organization","@id":"https:\/\/blogscvc.cervantes.es\/martes-neologico\/#organization","name":"Martes Neol\u00f3gico","url":"https:\/\/blogscvc.cervantes.es\/martes-neologico\/","logo":{"@type":"ImageObject","inLanguage":"es","@id":"https:\/\/blogscvc.cervantes.es\/martes-neologico\/#\/schema\/logo\/image\/","url":"https:\/\/blogscvc.cervantes.es\/martes-neologico\/wp-content\/uploads\/sites\/2\/2025\/10\/logo-martes-neologico-10-anos.png","contentUrl":"https:\/\/blogscvc.cervantes.es\/martes-neologico\/wp-content\/uploads\/sites\/2\/2025\/10\/logo-martes-neologico-10-anos.png","width":300,"height":100,"caption":"Martes Neol\u00f3gico"},"image":{"@id":"https:\/\/blogscvc.cervantes.es\/martes-neologico\/#\/schema\/logo\/image\/"}},{"@type":"Person","@id":"https:\/\/blogscvc.cervantes.es\/martes-neologico\/#\/schema\/person\/7e2fd26f886f53b1b2e81721d23acc47","name":"admin","image":{"@type":"ImageObject","inLanguage":"es","@id":"https:\/\/blogscvc.cervantes.es\/martes-neologico\/#\/schema\/person\/image\/","url":"https:\/\/secure.gravatar.com\/avatar\/c4b6a365b64e607f3d2ecd9620a7675a?s=96&d=mm&r=g","contentUrl":"https:\/\/secure.gravatar.com\/avatar\/c4b6a365b64e607f3d2ecd9620a7675a?s=96&d=mm&r=g","caption":"admin"},"url":"https:\/\/blogscvc.cervantes.es\/martes-neologico\/author\/admin\/"}]}},"_links":{"self":[{"href":"https:\/\/blogscvc.cervantes.es\/martes-neologico\/wp-json\/wp\/v2\/posts\/2251"}],"collection":[{"href":"https:\/\/blogscvc.cervantes.es\/martes-neologico\/wp-json\/wp\/v2\/posts"}],"about":[{"href":"https:\/\/blogscvc.cervantes.es\/martes-neologico\/wp-json\/wp\/v2\/types\/post"}],"author":[{"embeddable":true,"href":"https:\/\/blogscvc.cervantes.es\/martes-neologico\/wp-json\/wp\/v2\/users\/1"}],"replies":[{"embeddable":true,"href":"https:\/\/blogscvc.cervantes.es\/martes-neologico\/wp-json\/wp\/v2\/comments?post=2251"}],"version-history":[{"count":3,"href":"https:\/\/blogscvc.cervantes.es\/martes-neologico\/wp-json\/wp\/v2\/posts\/2251\/revisions"}],"predecessor-version":[{"id":13423,"href":"https:\/\/blogscvc.cervantes.es\/martes-neologico\/wp-json\/wp\/v2\/posts\/2251\/revisions\/13423"}],"wp:featuredmedia":[{"embeddable":true,"href":"https:\/\/blogscvc.cervantes.es\/martes-neologico\/wp-json\/wp\/v2\/media\/2252"}],"wp:attachment":[{"href":"https:\/\/blogscvc.cervantes.es\/martes-neologico\/wp-json\/wp\/v2\/media?parent=2251"}],"wp:term":[{"taxonomy":"category","embeddable":true,"href":"https:\/\/blogscvc.cervantes.es\/martes-neologico\/wp-json\/wp\/v2\/categories?post=2251"},{"taxonomy":"post_tag","embeddable":true,"href":"https:\/\/blogscvc.cervantes.es\/martes-neologico\/wp-json\/wp\/v2\/tags?post=2251"}],"curies":[{"name":"wp","href":"https:\/\/api.w.org\/{rel}","templated":true}]}}