{"id":2268,"date":"2018-02-27T05:56:27","date_gmt":"2018-02-27T03:56:27","guid":{"rendered":"http:\/\/blogscvc.cervantes.es\/martes-neologico\/?p=2268"},"modified":"2025-08-01T10:20:52","modified_gmt":"2025-08-01T08:20:52","slug":"youtuber","status":"publish","type":"post","link":"https:\/\/blogscvc.cervantes.es\/martes-neologico\/youtuber\/","title":{"rendered":"youtuber <em>m.<\/em> y <em>f.<\/em>"},"content":{"rendered":"<p>Un <em>youtuber<\/em> es un usuario de YouTube, red social dedicada a la publicaci\u00f3n, difusi\u00f3n y comentario de v\u00eddeos, en la que participa activamente. El <em>Oxford English Dictionary <\/em>lo define como una persona \u00abque sube, crea o aparece en v\u00eddeos pertenecientes a la p\u00e1gina web Youtube\u00bb. En los \u00faltimos a\u00f1os su significado se ha ido relacionando de manera m\u00e1s estrecha con aquellos usuarios que se dedican de manera profesional a publicar v\u00eddeos en esta p\u00e1gina web, que en muchos casos se han convertido en influyentes herramientas comunicativas.<\/p>\n<figure id=\"attachment_118\" aria-describedby=\"caption-attachment-118\" style=\"width: 750px\" class=\"wp-caption aligncenter\"><a href=\"http:\/\/blogscvc.cervantes.es\/martes-neologico\/wp-content\/uploads\/sites\/2\/2017\/12\/youtuber_500.jpg\"><img decoding=\"async\" loading=\"lazy\" class=\"alignnone size-full wp-image-1739\" src=\"http:\/\/blogscvc.cervantes.es\/martes-neologico\/wp-content\/uploads\/sites\/2\/2017\/12\/youtuber_500.jpg\" alt=\"mujer sosteniendo un marco de cart\u00f3n pluma que simula una pantalla de YouTube\" width=\"750\" height=\"500\"><\/a><figcaption id=\"caption-attachment-118\" class=\"wp-caption-text\">Flickr (Lily Monster)<\/figcaption><\/figure>\n<p>El origen y evoluci\u00f3n de la palabra est\u00e1n estrechamente ligados a los de Youtube, la red social a la que hace referencia, que fue creada en 2005, posteriormente adquirida por Google, y que, seg\u00fan sus datos, actualmente cuenta con m\u00e1s de mil millones de usuarios. No obstante, el t\u00e9rmino <em>youtuber<\/em> no consta en CORPES XXI y su uso en BOBNEO no est\u00e1 documentado hasta 2014. Los primeros contextos en los que fue detectado pertenecen a peri\u00f3dicos como <em>Clar\u00edn<\/em> (Argentina), <em>El Comercio<\/em> (Per\u00fa) o <em>El Tiempo<\/em> (Colombia). El primer contexto recogido de un peri\u00f3dico en espa\u00f1ol peninsular en BOBNEO data de 2015. Algunos ejemplos de uso representativos recogidos por el Observatori son los siguientes:<\/p>\n<ul>\n<li>El <strong>youtuber<\/strong> Rubius bromea y explica c\u00f3mo se doblan los videojuegos. [<em>Clar\u00edn <\/em>(Argentina), 7\/10\/2014]<\/li>\n<li>Si los ni\u00f1os de antes quer\u00edan ser futbolistas, cantantes o artistas, los de hoy quieren ser <strong>youtubers<\/strong>, o creadores de videos en youtube. [<em>El Comercio <\/em>(Per\u00fa), 18\/01\/2016]<\/li>\n<\/ul>\n<p>Su ausencia de CORPES XXI, as\u00ed como de todos los diccionarios consultados (Alvar, Alvar2, <em>Clave<\/em>, <em>DEA<\/em>, <em>DRAE<\/em>) se debe muy probablemente a su uso reciente por parte de los hablantes. No existe, pues, un registro lexicogr\u00e1fico de la unidad, que, sin embargo, y a juzgar por la ausencia de per\u00edfrasis explicativas o marcas metadiscursivas en la mayor\u00eda de contextos consultados, resulta ser bastante transparente para los hablantes. Adem\u00e1s, la proporci\u00f3n de casos en los que la unidad aparece entrecomillada o en cursiva es relativamente bajo. Esto podr\u00eda deberse a varios factores: en primer lugar, a su evidente relaci\u00f3n con el nombre propio de la red social a la que est\u00e1 vinculado, cuyo uso, como ya hemos dicho, est\u00e1 muy extendido, y en segundo lugar, a la recurrencia del sufijo <em>-er<\/em>, importado del ingl\u00e9s en muchas otros pr\u00e9stamos, y que se utiliza para designar a individuos relacionados con organizaciones, seguidores de tendencias,&nbsp; miembros de colectivos mayores, como en el caso de <em>baby boomer<\/em>,<em> clubber<\/em>,<em> gamer<\/em>,<em> influencer<\/em>,<em> personal trainer <\/em>o <em>skater. <\/em><\/p>\n<p>La adaptaci\u00f3n de este sufijo al espa\u00f1ol en la forma <em>-ero\/-era <\/em>da como resultado dobletes como <em>blogger\/bloguero, -ra. <\/em>Aunque no es muy com\u00fan en el caso de la unidad que nos ocupa, se ha documentado una vez en BOBNEO la variante <em>youtubero -ra. <\/em>Esta variante es, adem\u00e1s, una alternativa adicional al pr\u00e9stamo recomendada por la Fundaci\u00f3n del Espa\u00f1ol Urgente.<\/p>\n<ul>\n<li>En el Per\u00fa, hay cada vez m\u00e1s <strong>youtuberos<\/strong>. Cerca de 9 millones de peruanos interact\u00faan en Youtube [\u2026] buscando ciencia y tecnolog\u00eda. [<em>Trome<\/em> (Per\u00fa), 29\/04\/2016]<\/li>\n<\/ul>\n<p>Adem\u00e1s, s\u00ed que est\u00e1 recogida en el CORPES XXI, aunque con un sentido relacional, m\u00e1s que para designar a los usuarios de la red social:<\/p>\n<ul>\n<li>Entre los cuentos m\u00e1s reclamados por el cortometraje <strong>youtubero<\/strong> se destacan <em>Continuidad de los parques <\/em>(1964) y <em>Casa tomada<\/em> (1951), narraciones emblem\u00e1ticas que, dondequiera que uno las lea o las mire, llevan la estampa de Julio. [CORPES XXI (M\u00e9xico), 2009]<\/li>\n<\/ul>\n<p>Otras variantes formales fruto del proceso de adaptaci\u00f3n ortogr\u00e1fica al espa\u00f1ol podr\u00edan ser la monoptongaci\u00f3n de la primera s\u00edlaba (<em>yutuber<\/em>) y la acentuaci\u00f3n de la s\u00edlaba t\u00f3nica (<em>yout\u00faber\/yut\u00faber<\/em>), de las que no se tiene constancia en BOBNEO ni en CORPES XXI.<\/p>\n<p>Por otra parte, el propio neologismo resulta productivo para acu\u00f1ar otras unidades que designan a distintos tipos de usuarios de YouTube. En concreto, el elemento &#8211;<em>tuber <\/em>se est\u00e1 empezando a utilizar para formar unidades que designan a distintos tipos de <em>youtubers, <\/em>ya sea en pr\u00e9stamos tambi\u00e9n importados del ingl\u00e9s (<em>booktuber<\/em>), como en unidades creadas directamente en espa\u00f1ol (<em>bolillotuber<\/em>), como demuestran los siguientes ejemplos extra\u00eddos de BOBNEO.<\/p>\n<ul>\n<li>La posici\u00f3n de Raquel M. Adsuar, <strong>bolillotuber<\/strong> con m\u00e1s de 11.000 suscriptores, como protagonista de una masterclass en una feria de artesan\u00eda ha levantado las quejas de la Asociaci\u00f3n de Bolilleras de la Comunidad Valenciana. [<em>El Pa\u00eds<\/em> (Espa\u00f1a), 23\/03\/2017]<\/li>\n<li>\u2018<strong>Booktubers<\/strong>\u2019, los \u2018videoblogueros\u2019 de la literatura. [<em>El Tiempo <\/em>(Colombia), 7\/04\/2015]<\/li>\n<\/ul>\n<p>Con respecto a su uso en otros idiomas, el Termcat propone en catal\u00e1n el uso de <em>youtuber\/youtubera, <\/em>recomendando la acentuaci\u00f3n aguda para la forma masculina. Por su parte, esa misma fuente sugiere para el franc\u00e9s el pr\u00e9stamo del ingl\u00e9s, pero tambi\u00e9n las formas <em>youtubeur\/youtubeuse, <\/em>soluciones que tambi\u00e9n incluye Termium, aunque desaconsejando su uso, pero a las que a\u00f1ade <em>webvid\u00e9aste, vid\u00e9aste Web <\/em>y <em>cybervid\u00e9aste. <\/em>El <em>Grand Dictionnaire Terminologique<\/em> de Qu\u00e9bec se decanta tambi\u00e9n por esas opciones.<\/p>\n<p>En definitiva, observamos que <em>youtuber <\/em>es un claro ejemplo de las unidades que, a pesar de proceder de otras lenguas y de contar con variantes potenciales en espa\u00f1ol, gozan de un uso extendido, y de una gran estabilidad formal y sem\u00e1ntica.<\/p>\n<p>Miguel S\u00e1nchez Ib\u00e1\u00f1ez<br \/>\nGrupo NeoUSAL<br \/>\nUniversidad Polit\u00e9cnica de Madrid (Espa\u00f1a)<\/p>\n","protected":false},"excerpt":{"rendered":"<p>Un <em>youtuber<\/em> es un usuario de YouTube, red social dedicada a la publicaci\u00f3n, difusi\u00f3n y comentario de v\u00eddeos, en la que participa activamente. El <em>Oxford English Dictionary <\/em>lo define como una persona \u2018que sube, crea o aparece en v\u00eddeos pertenecientes a la p\u00e1gina web Youtube\u2019. En los \u00faltimos a\u00f1os su significado se ha ido relacionando de manera m\u00e1s estrecha con aquellos usuarios que se dedican de manera profesional a publicar v\u00eddeos en esta p\u00e1gina web, que en muchos casos se han convertido en influyentes herramientas comunicativas.<\/p>\n","protected":false},"author":1,"featured_media":2269,"comment_status":"open","ping_status":"open","sticky":false,"template":"","format":"standard","meta":{"_mi_skip_tracking":false,"_s2mail":"yes"},"categories":[89,256,274],"tags":[],"yoast_head":"<!-- This site is optimized with the Yoast SEO plugin v20.6 - https:\/\/yoast.com\/wordpress\/plugins\/seo\/ -->\n<title>CVC. Youtuber | Martes Neol\u00f3gico<\/title>\n<meta name=\"description\" content=\"Art\u00edculo sobre el neologismo \u00abyoutuber\u00bb, dentro del blog Martes Neol\u00f3gico del Centro Virtual Cervantes.\" \/>\n<meta name=\"robots\" content=\"index, follow, max-snippet:-1, max-image-preview:large, max-video-preview:-1\" \/>\n<link rel=\"canonical\" href=\"https:\/\/blogscvc.cervantes.es\/martes-neologico\/youtuber\/\" \/>\n<meta property=\"og:locale\" content=\"es_ES\" \/>\n<meta property=\"og:type\" content=\"article\" \/>\n<meta property=\"og:title\" content=\"CVC. Youtuber | Martes Neol\u00f3gico\" \/>\n<meta property=\"og:description\" content=\"Art\u00edculo sobre el neologismo \u00abyoutuber\u00bb, dentro del blog Martes Neol\u00f3gico del Centro Virtual Cervantes.\" \/>\n<meta property=\"og:url\" content=\"https:\/\/blogscvc.cervantes.es\/martes-neologico\/youtuber\/\" \/>\n<meta property=\"og:site_name\" content=\"Martes Neol\u00f3gico\" \/>\n<meta property=\"article:published_time\" content=\"2018-02-27T03:56:27+00:00\" \/>\n<meta property=\"article:modified_time\" content=\"2025-08-01T08:20:52+00:00\" \/>\n<meta property=\"og:image\" content=\"http:\/\/blogscvc.cervantes.es\/martes-neologico\/wp-content\/uploads\/sites\/2\/2017\/12\/youtuber_350.jpg\" \/>\n\t<meta property=\"og:image:width\" content=\"750\" \/>\n\t<meta property=\"og:image:height\" content=\"350\" \/>\n\t<meta property=\"og:image:type\" content=\"image\/jpeg\" \/>\n<meta name=\"author\" content=\"admin\" \/>\n<meta name=\"twitter:card\" content=\"summary_large_image\" \/>\n<meta name=\"twitter:label1\" content=\"Escrito por\" \/>\n\t<meta name=\"twitter:data1\" content=\"admin\" \/>\n\t<meta name=\"twitter:label2\" content=\"Tiempo de lectura\" \/>\n\t<meta name=\"twitter:data2\" content=\"5 minutos\" \/>\n<script type=\"application\/ld+json\" class=\"yoast-schema-graph\">{\"@context\":\"https:\/\/schema.org\",\"@graph\":[{\"@type\":\"Article\",\"@id\":\"https:\/\/blogscvc.cervantes.es\/martes-neologico\/youtuber\/#article\",\"isPartOf\":{\"@id\":\"https:\/\/blogscvc.cervantes.es\/martes-neologico\/youtuber\/\"},\"author\":{\"name\":\"admin\",\"@id\":\"https:\/\/blogscvc.cervantes.es\/martes-neologico\/#\/schema\/person\/7e2fd26f886f53b1b2e81721d23acc47\"},\"headline\":\"youtuber m. y f.\",\"datePublished\":\"2018-02-27T03:56:27+00:00\",\"dateModified\":\"2025-08-01T08:20:52+00:00\",\"mainEntityOfPage\":{\"@id\":\"https:\/\/blogscvc.cervantes.es\/martes-neologico\/youtuber\/\"},\"wordCount\":934,\"commentCount\":1,\"publisher\":{\"@id\":\"https:\/\/blogscvc.cervantes.es\/martes-neologico\/#organization\"},\"articleSection\":[\"comunicaci\u00f3n\",\"ingl\u00e9s\",\"pr\u00e9stamo\"],\"inLanguage\":\"es\",\"potentialAction\":[{\"@type\":\"CommentAction\",\"name\":\"Comment\",\"target\":[\"https:\/\/blogscvc.cervantes.es\/martes-neologico\/youtuber\/#respond\"]}]},{\"@type\":\"WebPage\",\"@id\":\"https:\/\/blogscvc.cervantes.es\/martes-neologico\/youtuber\/\",\"url\":\"https:\/\/blogscvc.cervantes.es\/martes-neologico\/youtuber\/\",\"name\":\"CVC. Youtuber | Martes Neol\u00f3gico\",\"isPartOf\":{\"@id\":\"https:\/\/blogscvc.cervantes.es\/martes-neologico\/#website\"},\"datePublished\":\"2018-02-27T03:56:27+00:00\",\"dateModified\":\"2025-08-01T08:20:52+00:00\",\"description\":\"Art\u00edculo sobre el neologismo \u00abyoutuber\u00bb, dentro del blog Martes Neol\u00f3gico del Centro Virtual Cervantes.\",\"breadcrumb\":{\"@id\":\"https:\/\/blogscvc.cervantes.es\/martes-neologico\/youtuber\/#breadcrumb\"},\"inLanguage\":\"es\",\"potentialAction\":[{\"@type\":\"ReadAction\",\"target\":[\"https:\/\/blogscvc.cervantes.es\/martes-neologico\/youtuber\/\"]}]},{\"@type\":\"BreadcrumbList\",\"@id\":\"https:\/\/blogscvc.cervantes.es\/martes-neologico\/youtuber\/#breadcrumb\",\"itemListElement\":[{\"@type\":\"ListItem\",\"position\":1,\"name\":\"Portada\",\"item\":\"https:\/\/blogscvc.cervantes.es\/martes-neologico\/\"},{\"@type\":\"ListItem\",\"position\":2,\"name\":\"youtuber m. y f.\"}]},{\"@type\":\"WebSite\",\"@id\":\"https:\/\/blogscvc.cervantes.es\/martes-neologico\/#website\",\"url\":\"https:\/\/blogscvc.cervantes.es\/martes-neologico\/\",\"name\":\"Martes Neol\u00f3gico\",\"description\":\"Cada martes, una palabra nueva que podr\u00eda estar en el diccionario\",\"publisher\":{\"@id\":\"https:\/\/blogscvc.cervantes.es\/martes-neologico\/#organization\"},\"potentialAction\":[{\"@type\":\"SearchAction\",\"target\":{\"@type\":\"EntryPoint\",\"urlTemplate\":\"https:\/\/blogscvc.cervantes.es\/martes-neologico\/?s={search_term_string}\"},\"query-input\":\"required name=search_term_string\"}],\"inLanguage\":\"es\"},{\"@type\":\"Organization\",\"@id\":\"https:\/\/blogscvc.cervantes.es\/martes-neologico\/#organization\",\"name\":\"Martes Neol\u00f3gico\",\"url\":\"https:\/\/blogscvc.cervantes.es\/martes-neologico\/\",\"logo\":{\"@type\":\"ImageObject\",\"inLanguage\":\"es\",\"@id\":\"https:\/\/blogscvc.cervantes.es\/martes-neologico\/#\/schema\/logo\/image\/\",\"url\":\"https:\/\/blogscvc.cervantes.es\/martes-neologico\/wp-content\/uploads\/sites\/2\/2025\/10\/logo-martes-neologico-10-anos.png\",\"contentUrl\":\"https:\/\/blogscvc.cervantes.es\/martes-neologico\/wp-content\/uploads\/sites\/2\/2025\/10\/logo-martes-neologico-10-anos.png\",\"width\":300,\"height\":100,\"caption\":\"Martes Neol\u00f3gico\"},\"image\":{\"@id\":\"https:\/\/blogscvc.cervantes.es\/martes-neologico\/#\/schema\/logo\/image\/\"}},{\"@type\":\"Person\",\"@id\":\"https:\/\/blogscvc.cervantes.es\/martes-neologico\/#\/schema\/person\/7e2fd26f886f53b1b2e81721d23acc47\",\"name\":\"admin\",\"image\":{\"@type\":\"ImageObject\",\"inLanguage\":\"es\",\"@id\":\"https:\/\/blogscvc.cervantes.es\/martes-neologico\/#\/schema\/person\/image\/\",\"url\":\"https:\/\/secure.gravatar.com\/avatar\/c4b6a365b64e607f3d2ecd9620a7675a?s=96&d=mm&r=g\",\"contentUrl\":\"https:\/\/secure.gravatar.com\/avatar\/c4b6a365b64e607f3d2ecd9620a7675a?s=96&d=mm&r=g\",\"caption\":\"admin\"},\"url\":\"https:\/\/blogscvc.cervantes.es\/martes-neologico\/author\/admin\/\"}]}<\/script>\n<!-- \/ Yoast SEO plugin. -->","yoast_head_json":{"title":"CVC. Youtuber | Martes Neol\u00f3gico","description":"Art\u00edculo sobre el neologismo \u00abyoutuber\u00bb, dentro del blog Martes Neol\u00f3gico del Centro Virtual Cervantes.","robots":{"index":"index","follow":"follow","max-snippet":"max-snippet:-1","max-image-preview":"max-image-preview:large","max-video-preview":"max-video-preview:-1"},"canonical":"https:\/\/blogscvc.cervantes.es\/martes-neologico\/youtuber\/","og_locale":"es_ES","og_type":"article","og_title":"CVC. Youtuber | Martes Neol\u00f3gico","og_description":"Art\u00edculo sobre el neologismo \u00abyoutuber\u00bb, dentro del blog Martes Neol\u00f3gico del Centro Virtual Cervantes.","og_url":"https:\/\/blogscvc.cervantes.es\/martes-neologico\/youtuber\/","og_site_name":"Martes Neol\u00f3gico","article_published_time":"2018-02-27T03:56:27+00:00","article_modified_time":"2025-08-01T08:20:52+00:00","og_image":[{"width":750,"height":350,"url":"http:\/\/blogscvc.cervantes.es\/martes-neologico\/wp-content\/uploads\/sites\/2\/2017\/12\/youtuber_350.jpg","type":"image\/jpeg"}],"author":"admin","twitter_card":"summary_large_image","twitter_misc":{"Escrito por":"admin","Tiempo de lectura":"5 minutos"},"schema":{"@context":"https:\/\/schema.org","@graph":[{"@type":"Article","@id":"https:\/\/blogscvc.cervantes.es\/martes-neologico\/youtuber\/#article","isPartOf":{"@id":"https:\/\/blogscvc.cervantes.es\/martes-neologico\/youtuber\/"},"author":{"name":"admin","@id":"https:\/\/blogscvc.cervantes.es\/martes-neologico\/#\/schema\/person\/7e2fd26f886f53b1b2e81721d23acc47"},"headline":"youtuber m. y f.","datePublished":"2018-02-27T03:56:27+00:00","dateModified":"2025-08-01T08:20:52+00:00","mainEntityOfPage":{"@id":"https:\/\/blogscvc.cervantes.es\/martes-neologico\/youtuber\/"},"wordCount":934,"commentCount":1,"publisher":{"@id":"https:\/\/blogscvc.cervantes.es\/martes-neologico\/#organization"},"articleSection":["comunicaci\u00f3n","ingl\u00e9s","pr\u00e9stamo"],"inLanguage":"es","potentialAction":[{"@type":"CommentAction","name":"Comment","target":["https:\/\/blogscvc.cervantes.es\/martes-neologico\/youtuber\/#respond"]}]},{"@type":"WebPage","@id":"https:\/\/blogscvc.cervantes.es\/martes-neologico\/youtuber\/","url":"https:\/\/blogscvc.cervantes.es\/martes-neologico\/youtuber\/","name":"CVC. Youtuber | Martes Neol\u00f3gico","isPartOf":{"@id":"https:\/\/blogscvc.cervantes.es\/martes-neologico\/#website"},"datePublished":"2018-02-27T03:56:27+00:00","dateModified":"2025-08-01T08:20:52+00:00","description":"Art\u00edculo sobre el neologismo \u00abyoutuber\u00bb, dentro del blog Martes Neol\u00f3gico del Centro Virtual Cervantes.","breadcrumb":{"@id":"https:\/\/blogscvc.cervantes.es\/martes-neologico\/youtuber\/#breadcrumb"},"inLanguage":"es","potentialAction":[{"@type":"ReadAction","target":["https:\/\/blogscvc.cervantes.es\/martes-neologico\/youtuber\/"]}]},{"@type":"BreadcrumbList","@id":"https:\/\/blogscvc.cervantes.es\/martes-neologico\/youtuber\/#breadcrumb","itemListElement":[{"@type":"ListItem","position":1,"name":"Portada","item":"https:\/\/blogscvc.cervantes.es\/martes-neologico\/"},{"@type":"ListItem","position":2,"name":"youtuber m. y f."}]},{"@type":"WebSite","@id":"https:\/\/blogscvc.cervantes.es\/martes-neologico\/#website","url":"https:\/\/blogscvc.cervantes.es\/martes-neologico\/","name":"Martes Neol\u00f3gico","description":"Cada martes, una palabra nueva que podr\u00eda estar en el diccionario","publisher":{"@id":"https:\/\/blogscvc.cervantes.es\/martes-neologico\/#organization"},"potentialAction":[{"@type":"SearchAction","target":{"@type":"EntryPoint","urlTemplate":"https:\/\/blogscvc.cervantes.es\/martes-neologico\/?s={search_term_string}"},"query-input":"required name=search_term_string"}],"inLanguage":"es"},{"@type":"Organization","@id":"https:\/\/blogscvc.cervantes.es\/martes-neologico\/#organization","name":"Martes Neol\u00f3gico","url":"https:\/\/blogscvc.cervantes.es\/martes-neologico\/","logo":{"@type":"ImageObject","inLanguage":"es","@id":"https:\/\/blogscvc.cervantes.es\/martes-neologico\/#\/schema\/logo\/image\/","url":"https:\/\/blogscvc.cervantes.es\/martes-neologico\/wp-content\/uploads\/sites\/2\/2025\/10\/logo-martes-neologico-10-anos.png","contentUrl":"https:\/\/blogscvc.cervantes.es\/martes-neologico\/wp-content\/uploads\/sites\/2\/2025\/10\/logo-martes-neologico-10-anos.png","width":300,"height":100,"caption":"Martes Neol\u00f3gico"},"image":{"@id":"https:\/\/blogscvc.cervantes.es\/martes-neologico\/#\/schema\/logo\/image\/"}},{"@type":"Person","@id":"https:\/\/blogscvc.cervantes.es\/martes-neologico\/#\/schema\/person\/7e2fd26f886f53b1b2e81721d23acc47","name":"admin","image":{"@type":"ImageObject","inLanguage":"es","@id":"https:\/\/blogscvc.cervantes.es\/martes-neologico\/#\/schema\/person\/image\/","url":"https:\/\/secure.gravatar.com\/avatar\/c4b6a365b64e607f3d2ecd9620a7675a?s=96&d=mm&r=g","contentUrl":"https:\/\/secure.gravatar.com\/avatar\/c4b6a365b64e607f3d2ecd9620a7675a?s=96&d=mm&r=g","caption":"admin"},"url":"https:\/\/blogscvc.cervantes.es\/martes-neologico\/author\/admin\/"}]}},"_links":{"self":[{"href":"https:\/\/blogscvc.cervantes.es\/martes-neologico\/wp-json\/wp\/v2\/posts\/2268"}],"collection":[{"href":"https:\/\/blogscvc.cervantes.es\/martes-neologico\/wp-json\/wp\/v2\/posts"}],"about":[{"href":"https:\/\/blogscvc.cervantes.es\/martes-neologico\/wp-json\/wp\/v2\/types\/post"}],"author":[{"embeddable":true,"href":"https:\/\/blogscvc.cervantes.es\/martes-neologico\/wp-json\/wp\/v2\/users\/1"}],"replies":[{"embeddable":true,"href":"https:\/\/blogscvc.cervantes.es\/martes-neologico\/wp-json\/wp\/v2\/comments?post=2268"}],"version-history":[{"count":4,"href":"https:\/\/blogscvc.cervantes.es\/martes-neologico\/wp-json\/wp\/v2\/posts\/2268\/revisions"}],"predecessor-version":[{"id":8147,"href":"https:\/\/blogscvc.cervantes.es\/martes-neologico\/wp-json\/wp\/v2\/posts\/2268\/revisions\/8147"}],"wp:featuredmedia":[{"embeddable":true,"href":"https:\/\/blogscvc.cervantes.es\/martes-neologico\/wp-json\/wp\/v2\/media\/2269"}],"wp:attachment":[{"href":"https:\/\/blogscvc.cervantes.es\/martes-neologico\/wp-json\/wp\/v2\/media?parent=2268"}],"wp:term":[{"taxonomy":"category","embeddable":true,"href":"https:\/\/blogscvc.cervantes.es\/martes-neologico\/wp-json\/wp\/v2\/categories?post=2268"},{"taxonomy":"post_tag","embeddable":true,"href":"https:\/\/blogscvc.cervantes.es\/martes-neologico\/wp-json\/wp\/v2\/tags?post=2268"}],"curies":[{"name":"wp","href":"https:\/\/api.w.org\/{rel}","templated":true}]}}