{"id":238,"date":"2015-12-01T07:15:49","date_gmt":"2015-12-01T05:15:49","guid":{"rendered":"http:\/\/blogscvc.cervantes.es\/martes-neologico\/?p=238"},"modified":"2025-07-29T14:59:50","modified_gmt":"2025-07-29T12:59:50","slug":"deja-vu","status":"publish","type":"post","link":"https:\/\/blogscvc.cervantes.es\/martes-neologico\/deja-vu\/","title":{"rendered":"d\u00e9j\u00e0-vu <em>m.<\/em>"},"content":{"rendered":"<p>Muchas personas admiten haber tenido la breve pero fuerte impresi\u00f3n de haber vivido antes una situaci\u00f3n que en realidad est\u00e1n conociendo por primera vez. Esa sensaci\u00f3n, que en franc\u00e9s ha sido denominada <em>d\u00e9j\u00e0-vu<\/em>, literalmente significa \u2018ya visto\u2019 y que habr\u00eda sido acu\u00f1ada en 1876 por el pensador franc\u00e9s \u00c9mile Boirac en una carta al editor de <em>Revue philosophique<\/em>. La experiencia del <em>d\u00e9j\u00e0-vu <\/em>no solo se asocia a esa sensaci\u00f3n de familiaridad que se produce en una situaci\u00f3n nueva, sino tambi\u00e9n al sobrecogimiento y la extra\u00f1eza que acompa\u00f1a a esa experiencia.<\/p>\n<figure id=\"attachment_90\" aria-describedby=\"caption-attachment-90\" style=\"width: 750px\" class=\"wp-caption aligncenter\"><a href=\"http:\/\/blogscvc.cervantes.es\/martes-neologico\/wp-content\/uploads\/sites\/2\/2015\/11\/deja-vu.jpg\"><img decoding=\"async\" loading=\"lazy\" class=\"aligncenter size-full wp-image-368\" src=\"http:\/\/blogscvc.cervantes.es\/martes-neologico\/wp-content\/uploads\/sites\/2\/2015\/11\/deja-vu.jpg\" alt=\"deja-vu\" width=\"750\" height=\"500\" srcset=\"https:\/\/blogscvc.cervantes.es\/martes-neologico\/wp-content\/uploads\/sites\/2\/2015\/11\/deja-vu.jpg 750w, https:\/\/blogscvc.cervantes.es\/martes-neologico\/wp-content\/uploads\/sites\/2\/2015\/11\/deja-vu-300x200.jpg 300w\" sizes=\"(max-width: 750px) 100vw, 750px\" \/><\/a><figcaption id=\"caption-attachment-90\" class=\"wp-caption-text\">Flickr (stefan0)<\/figcaption><\/figure>\n<p>Si bien <em>d\u00e9j\u00e0-vu<\/em> proviene del franc\u00e9s, es muy probable que al espa\u00f1ol haya ingresado desde el ingl\u00e9s, lengua en la que este galicismo se usa con frecuencia y en sus distintos matices de sentido (equivalentes a <em>familiaridad<\/em>, <em>recordaci\u00f3n<\/em>, <em>experiencia de vida anterior<\/em>), tal como lo consignan los diccionarios en l\u00ednea <em>Merriam Webster Dictionary<\/em>, <em>Word Reference<\/em>, <em>Cambridge Dictionaries<\/em> y <em>Oxford Dictionaries<\/em>.<\/p>\n<p>En psicolog\u00eda y en parapsicolog\u00eda el fen\u00f3meno del <em>d\u00e9j\u00e0-vu<\/em> se conoce como <em>paramnesia<\/em>, voz que s\u00ed se encuentra registrada en el <acronym title=\"Diccionario de la Real Academia Espa\u00f1ola\"><em>DRAE<\/em><\/acronym>23, circunscrita al \u00e1mbito de la medicina y referida a una \u2018alteraci\u00f3n de la memoria por la que el sujeto cree recordar situaciones que no han ocurrido o modifica algunas circunstancias de aquellas que se han producido\u2019.<\/p>\n<p>Desde el punto de vista sem\u00e1ntico, en la actualidad el sentido de <em>d\u00e9j\u00e0-vu <\/em>se ha ampliado m\u00e1s all\u00e1 de lo \u2018ya visto\u2019, puesto que la \u2018ilusi\u00f3n de que algo nuevo parece conocido\u2019 involucra otras percepciones sensoriales como lo \u2018ya o\u00eddo\u2019 o lo \u2018ya visitado\u2019, por ejemplo. Adem\u00e1s, este galicismo, originalmente asociado a las ciencias de la mente, hoy se presenta en \u00e1mbitos muy diversos que van desde la pol\u00edtica a la cinematograf\u00eda, la m\u00fasica o el deporte, con el sentido de estar reviviendo algo e incluso como sin\u00f3nimo de \u2019reminiscencia\u2019.<\/p>\n<ul>\n<li><em>Amor en tiempos de guerra<\/em> son dos horas de rendida pleites\u00eda a los h\u00e9roes de la Resistencia, donde, a pesar de la sensaci\u00f3n de <strong>d\u00e9j\u00e0 vu<\/strong>, que en conjunto desprende, algunas escenas, las del peligro de la clandestinidad y el acecho de la Gestapo, alcanzan la altura dram\u00e1tica de <em>Los cuatro jinetes del Apocalipsis<\/em>. [<em>La Vanguardia<\/em> (Espa\u00f1a), 7\/07\/1998].<\/li>\n<\/ul>\n<ul>\n<li>Al cabo de unos d\u00edas, experiment\u00e9 vagamente esa sensaci\u00f3n que los franceses llaman <strong>d\u00e9j\u00e0-vu<\/strong>, y record\u00e9 un episodio que hab\u00eda vivido en Mosc\u00fa cuando la Uni\u00f3n Sovi\u00e9tica invadi\u00f3 Afganist\u00e1n. [<em>El Pa\u00eds<\/em> (Espa\u00f1a), 7\/12\/2001].<\/li>\n<\/ul>\n<ul>\n<li>Para un chileno con algunas d\u00e9cadas de vida, la escena parece un <strong>d\u00e9j\u00e0-vu <\/strong>de las exposiciones de la Fisa de los a\u00f1os 80. [<em>El Mercurio <\/em>(Chile), 15\/08\/2005].<\/li>\n<\/ul>\n<ul>\n<li>Para algunos cr\u00edticos presentes en Kassel, el conjunto tiene cierto aire de los a\u00f1os 70 o de <strong>d\u00e9j\u00e0 vu<\/strong>. [<em>El Comercio<\/em> (Per\u00fa), 17\/06\/2007].<\/li>\n<\/ul>\n<ul>\n<li>Era una especie de <strong>d\u00e9j\u00e0 vu<\/strong>, ya que el ex jugador del Chelsea hab\u00eda arrancado desde la derecha y acabado la jugada con su zurda despu\u00e9s de \u2018un viaje\u2019 al centro. [<em>La Opini\u00f3n de M\u00e1laga <\/em>(Espa\u00f1a), 1\/02\/2009].<\/li>\n<\/ul>\n<ul>\n<li>Un <strong>d\u00e9j\u00e0 vu<\/strong> de lo que fue el ingenio criollo para la subsistencia, post debacle de 2001. Esa es la sensaci\u00f3n que queda al recorrer un fin de semana los Parques Centenario, Rivadavia y Patricios, cuyos recovecos internos, y no tanto, se convirtieron en ferias del usado en los que se ofrece desde un par de zapatos caminados hace un rato hasta celulares obsoletos. [<em>Clar\u00edn<\/em> (Argentina), 7\/04\/2009]<\/li>\n<\/ul>\n<p>Por otra parte, en el uso de esta pieza l\u00e9xica se ha observado una leve inestabilidad en lo que respecta a su escritura, ya que en los ejemplos registrados en el banco de datos del Observatori de Neologia a veces se presenta sin tilde agudo, otras veces, sin tilde grave e incluso sin el guion que une a los dos elementos constitutivos en el original. Sin embargo, ninguna de estas variantes ortogr\u00e1ficas es muy frecuente en espa\u00f1ol. En otras lenguas, la adopci\u00f3n de este pr\u00e9stamo ha sido variable: <em>d\u00e9j\u00e0 vu<\/em> en ingl\u00e9s (<em>Cambridge Dictionary<\/em>), <em>deja vu<\/em> en italiano (<em>Grande Dizionario Italiano di Gabrielli Aldo<\/em>) y la forma francesa original en portugu\u00e9s (<em>Dicion\u00e1rio Priberam da L\u00edngua Portuguesa<\/em>). No obstante la leve variaci\u00f3n ortogr\u00e1fica que ocasionalmente se observa en espa\u00f1ol, <em>d\u00e9j\u00e0-vu<\/em> es de esas voces que resultan bienvenidas tanto por el valor sem\u00e1ntico intr\u00ednseco que representan, como por aquellos otros que van adquiriendo en la lengua receptora con posterioridad a la adopci\u00f3n del pr\u00e9stamo, raz\u00f3n para considerar leg\u00edtima su incorporaci\u00f3n en los diccionarios del espa\u00f1ol.<\/p>\n<p>Constanza Gerding Salas<br \/>\nRed Antenas Neol\u00f3gicas<br \/>\nUniversidad de Concepci\u00f3n (Chile)<\/p>\n","protected":false},"excerpt":{"rendered":"<p>Muchas personas admiten haber tenido la breve pero fuerte impresi\u00f3n de haber vivido antes una situaci\u00f3n que en realidad est\u00e1n conociendo por primera vez. Esa sensaci\u00f3n, que en franc\u00e9s ha sido denominada <em>d\u00e9j\u00e0-vu<\/em>, literalmente significa \u2018ya visto\u2019 y que habr\u00eda sido acu\u00f1ada en 1876 por el pensador franc\u00e9s \u00c9mile Boirac en una carta al editor de <em>Revue philosophique<\/em>. La experiencia del <em>d\u00e9j\u00e0-vu <\/em>no solo se asocia a esa sensaci\u00f3n de familiaridad que se produce en una situaci\u00f3n nueva, sino tambi\u00e9n al sobrecogimiento y la extra\u00f1eza que acompa\u00f1a a esa experiencia.<\/p>\n","protected":false},"author":4,"featured_media":370,"comment_status":"open","ping_status":"open","sticky":false,"template":"","format":"standard","meta":{"_mi_skip_tracking":false,"_s2mail":"yes"},"categories":[247,274,54],"tags":[],"yoast_head":"<!-- This site is optimized with the Yoast SEO plugin v20.6 - https:\/\/yoast.com\/wordpress\/plugins\/seo\/ -->\n<title>CVC. D\u00e9j\u00e0-vu | Martes Neol\u00f3gico<\/title>\n<meta name=\"description\" content=\"Art\u00edculo sobre el neologismo \u00abD\u00e9j\u00e0-vu\u00bb, en el blog Martes Neol\u00f3gico del Centro Virtual Cervantes.\" \/>\n<meta name=\"robots\" content=\"index, follow, max-snippet:-1, max-image-preview:large, max-video-preview:-1\" \/>\n<link rel=\"canonical\" href=\"https:\/\/blogscvc.cervantes.es\/martes-neologico\/deja-vu\/\" \/>\n<meta property=\"og:locale\" content=\"es_ES\" \/>\n<meta property=\"og:type\" content=\"article\" \/>\n<meta property=\"og:title\" content=\"CVC. D\u00e9j\u00e0-vu | Martes Neol\u00f3gico\" \/>\n<meta property=\"og:description\" content=\"Art\u00edculo sobre el neologismo \u00abD\u00e9j\u00e0-vu\u00bb, en el blog Martes Neol\u00f3gico del Centro Virtual Cervantes.\" \/>\n<meta property=\"og:url\" content=\"https:\/\/blogscvc.cervantes.es\/martes-neologico\/deja-vu\/\" \/>\n<meta property=\"og:site_name\" content=\"Martes Neol\u00f3gico\" \/>\n<meta property=\"article:published_time\" content=\"2015-12-01T05:15:49+00:00\" \/>\n<meta property=\"article:modified_time\" content=\"2025-07-29T12:59:50+00:00\" \/>\n<meta property=\"og:image\" content=\"http:\/\/blogscvc.cervantes.es\/martes-neologico\/wp-content\/uploads\/sites\/2\/2015\/11\/deja-vu-destacada.jpg\" \/>\n\t<meta property=\"og:image:width\" content=\"750\" \/>\n\t<meta property=\"og:image:height\" content=\"350\" \/>\n\t<meta property=\"og:image:type\" content=\"image\/jpeg\" \/>\n<meta name=\"author\" content=\"bcvc\" \/>\n<meta name=\"twitter:card\" content=\"summary_large_image\" \/>\n<meta name=\"twitter:label1\" content=\"Escrito por\" \/>\n\t<meta name=\"twitter:data1\" content=\"bcvc\" \/>\n\t<meta name=\"twitter:label2\" content=\"Tiempo de lectura\" \/>\n\t<meta name=\"twitter:data2\" content=\"4 minutos\" \/>\n<script type=\"application\/ld+json\" class=\"yoast-schema-graph\">{\"@context\":\"https:\/\/schema.org\",\"@graph\":[{\"@type\":\"Article\",\"@id\":\"https:\/\/blogscvc.cervantes.es\/martes-neologico\/deja-vu\/#article\",\"isPartOf\":{\"@id\":\"https:\/\/blogscvc.cervantes.es\/martes-neologico\/deja-vu\/\"},\"author\":{\"name\":\"bcvc\",\"@id\":\"https:\/\/blogscvc.cervantes.es\/martes-neologico\/#\/schema\/person\/1cae4be8701c90ad2b93a253d1c7ae82\"},\"headline\":\"d\u00e9j\u00e0-vu m.\",\"datePublished\":\"2015-12-01T05:15:49+00:00\",\"dateModified\":\"2025-07-29T12:59:50+00:00\",\"mainEntityOfPage\":{\"@id\":\"https:\/\/blogscvc.cervantes.es\/martes-neologico\/deja-vu\/\"},\"wordCount\":827,\"commentCount\":0,\"publisher\":{\"@id\":\"https:\/\/blogscvc.cervantes.es\/martes-neologico\/#organization\"},\"articleSection\":[\"franc\u00e9s\",\"pr\u00e9stamo\",\"psicolog\u00eda\"],\"inLanguage\":\"es\",\"potentialAction\":[{\"@type\":\"CommentAction\",\"name\":\"Comment\",\"target\":[\"https:\/\/blogscvc.cervantes.es\/martes-neologico\/deja-vu\/#respond\"]}]},{\"@type\":\"WebPage\",\"@id\":\"https:\/\/blogscvc.cervantes.es\/martes-neologico\/deja-vu\/\",\"url\":\"https:\/\/blogscvc.cervantes.es\/martes-neologico\/deja-vu\/\",\"name\":\"CVC. D\u00e9j\u00e0-vu | Martes Neol\u00f3gico\",\"isPartOf\":{\"@id\":\"https:\/\/blogscvc.cervantes.es\/martes-neologico\/#website\"},\"datePublished\":\"2015-12-01T05:15:49+00:00\",\"dateModified\":\"2025-07-29T12:59:50+00:00\",\"description\":\"Art\u00edculo sobre el neologismo \u00abD\u00e9j\u00e0-vu\u00bb, en el blog Martes Neol\u00f3gico del Centro Virtual Cervantes.\",\"breadcrumb\":{\"@id\":\"https:\/\/blogscvc.cervantes.es\/martes-neologico\/deja-vu\/#breadcrumb\"},\"inLanguage\":\"es\",\"potentialAction\":[{\"@type\":\"ReadAction\",\"target\":[\"https:\/\/blogscvc.cervantes.es\/martes-neologico\/deja-vu\/\"]}]},{\"@type\":\"BreadcrumbList\",\"@id\":\"https:\/\/blogscvc.cervantes.es\/martes-neologico\/deja-vu\/#breadcrumb\",\"itemListElement\":[{\"@type\":\"ListItem\",\"position\":1,\"name\":\"Portada\",\"item\":\"https:\/\/blogscvc.cervantes.es\/martes-neologico\/\"},{\"@type\":\"ListItem\",\"position\":2,\"name\":\"d\u00e9j\u00e0-vu m.\"}]},{\"@type\":\"WebSite\",\"@id\":\"https:\/\/blogscvc.cervantes.es\/martes-neologico\/#website\",\"url\":\"https:\/\/blogscvc.cervantes.es\/martes-neologico\/\",\"name\":\"Martes Neol\u00f3gico\",\"description\":\"Cada martes, una palabra nueva que podr\u00eda estar en el diccionario\",\"publisher\":{\"@id\":\"https:\/\/blogscvc.cervantes.es\/martes-neologico\/#organization\"},\"potentialAction\":[{\"@type\":\"SearchAction\",\"target\":{\"@type\":\"EntryPoint\",\"urlTemplate\":\"https:\/\/blogscvc.cervantes.es\/martes-neologico\/?s={search_term_string}\"},\"query-input\":\"required name=search_term_string\"}],\"inLanguage\":\"es\"},{\"@type\":\"Organization\",\"@id\":\"https:\/\/blogscvc.cervantes.es\/martes-neologico\/#organization\",\"name\":\"Martes Neol\u00f3gico\",\"url\":\"https:\/\/blogscvc.cervantes.es\/martes-neologico\/\",\"logo\":{\"@type\":\"ImageObject\",\"inLanguage\":\"es\",\"@id\":\"https:\/\/blogscvc.cervantes.es\/martes-neologico\/#\/schema\/logo\/image\/\",\"url\":\"https:\/\/blogscvc.cervantes.es\/martes-neologico\/wp-content\/uploads\/sites\/2\/2025\/10\/logo-martes-neologico-10-anos.png\",\"contentUrl\":\"https:\/\/blogscvc.cervantes.es\/martes-neologico\/wp-content\/uploads\/sites\/2\/2025\/10\/logo-martes-neologico-10-anos.png\",\"width\":300,\"height\":100,\"caption\":\"Martes Neol\u00f3gico\"},\"image\":{\"@id\":\"https:\/\/blogscvc.cervantes.es\/martes-neologico\/#\/schema\/logo\/image\/\"}},{\"@type\":\"Person\",\"@id\":\"https:\/\/blogscvc.cervantes.es\/martes-neologico\/#\/schema\/person\/1cae4be8701c90ad2b93a253d1c7ae82\",\"name\":\"bcvc\",\"image\":{\"@type\":\"ImageObject\",\"inLanguage\":\"es\",\"@id\":\"https:\/\/blogscvc.cervantes.es\/martes-neologico\/#\/schema\/person\/image\/\",\"url\":\"https:\/\/secure.gravatar.com\/avatar\/c147b825e2b0e2b286c78428e4b0053c?s=96&d=mm&r=g\",\"contentUrl\":\"https:\/\/secure.gravatar.com\/avatar\/c147b825e2b0e2b286c78428e4b0053c?s=96&d=mm&r=g\",\"caption\":\"bcvc\"},\"url\":\"https:\/\/blogscvc.cervantes.es\/martes-neologico\/author\/bcvc\/\"}]}<\/script>\n<!-- \/ Yoast SEO plugin. -->","yoast_head_json":{"title":"CVC. D\u00e9j\u00e0-vu | Martes Neol\u00f3gico","description":"Art\u00edculo sobre el neologismo \u00abD\u00e9j\u00e0-vu\u00bb, en el blog Martes Neol\u00f3gico del Centro Virtual Cervantes.","robots":{"index":"index","follow":"follow","max-snippet":"max-snippet:-1","max-image-preview":"max-image-preview:large","max-video-preview":"max-video-preview:-1"},"canonical":"https:\/\/blogscvc.cervantes.es\/martes-neologico\/deja-vu\/","og_locale":"es_ES","og_type":"article","og_title":"CVC. D\u00e9j\u00e0-vu | Martes Neol\u00f3gico","og_description":"Art\u00edculo sobre el neologismo \u00abD\u00e9j\u00e0-vu\u00bb, en el blog Martes Neol\u00f3gico del Centro Virtual Cervantes.","og_url":"https:\/\/blogscvc.cervantes.es\/martes-neologico\/deja-vu\/","og_site_name":"Martes Neol\u00f3gico","article_published_time":"2015-12-01T05:15:49+00:00","article_modified_time":"2025-07-29T12:59:50+00:00","og_image":[{"width":750,"height":350,"url":"http:\/\/blogscvc.cervantes.es\/martes-neologico\/wp-content\/uploads\/sites\/2\/2015\/11\/deja-vu-destacada.jpg","type":"image\/jpeg"}],"author":"bcvc","twitter_card":"summary_large_image","twitter_misc":{"Escrito por":"bcvc","Tiempo de lectura":"4 minutos"},"schema":{"@context":"https:\/\/schema.org","@graph":[{"@type":"Article","@id":"https:\/\/blogscvc.cervantes.es\/martes-neologico\/deja-vu\/#article","isPartOf":{"@id":"https:\/\/blogscvc.cervantes.es\/martes-neologico\/deja-vu\/"},"author":{"name":"bcvc","@id":"https:\/\/blogscvc.cervantes.es\/martes-neologico\/#\/schema\/person\/1cae4be8701c90ad2b93a253d1c7ae82"},"headline":"d\u00e9j\u00e0-vu m.","datePublished":"2015-12-01T05:15:49+00:00","dateModified":"2025-07-29T12:59:50+00:00","mainEntityOfPage":{"@id":"https:\/\/blogscvc.cervantes.es\/martes-neologico\/deja-vu\/"},"wordCount":827,"commentCount":0,"publisher":{"@id":"https:\/\/blogscvc.cervantes.es\/martes-neologico\/#organization"},"articleSection":["franc\u00e9s","pr\u00e9stamo","psicolog\u00eda"],"inLanguage":"es","potentialAction":[{"@type":"CommentAction","name":"Comment","target":["https:\/\/blogscvc.cervantes.es\/martes-neologico\/deja-vu\/#respond"]}]},{"@type":"WebPage","@id":"https:\/\/blogscvc.cervantes.es\/martes-neologico\/deja-vu\/","url":"https:\/\/blogscvc.cervantes.es\/martes-neologico\/deja-vu\/","name":"CVC. D\u00e9j\u00e0-vu | Martes Neol\u00f3gico","isPartOf":{"@id":"https:\/\/blogscvc.cervantes.es\/martes-neologico\/#website"},"datePublished":"2015-12-01T05:15:49+00:00","dateModified":"2025-07-29T12:59:50+00:00","description":"Art\u00edculo sobre el neologismo \u00abD\u00e9j\u00e0-vu\u00bb, en el blog Martes Neol\u00f3gico del Centro Virtual Cervantes.","breadcrumb":{"@id":"https:\/\/blogscvc.cervantes.es\/martes-neologico\/deja-vu\/#breadcrumb"},"inLanguage":"es","potentialAction":[{"@type":"ReadAction","target":["https:\/\/blogscvc.cervantes.es\/martes-neologico\/deja-vu\/"]}]},{"@type":"BreadcrumbList","@id":"https:\/\/blogscvc.cervantes.es\/martes-neologico\/deja-vu\/#breadcrumb","itemListElement":[{"@type":"ListItem","position":1,"name":"Portada","item":"https:\/\/blogscvc.cervantes.es\/martes-neologico\/"},{"@type":"ListItem","position":2,"name":"d\u00e9j\u00e0-vu m."}]},{"@type":"WebSite","@id":"https:\/\/blogscvc.cervantes.es\/martes-neologico\/#website","url":"https:\/\/blogscvc.cervantes.es\/martes-neologico\/","name":"Martes Neol\u00f3gico","description":"Cada martes, una palabra nueva que podr\u00eda estar en el diccionario","publisher":{"@id":"https:\/\/blogscvc.cervantes.es\/martes-neologico\/#organization"},"potentialAction":[{"@type":"SearchAction","target":{"@type":"EntryPoint","urlTemplate":"https:\/\/blogscvc.cervantes.es\/martes-neologico\/?s={search_term_string}"},"query-input":"required name=search_term_string"}],"inLanguage":"es"},{"@type":"Organization","@id":"https:\/\/blogscvc.cervantes.es\/martes-neologico\/#organization","name":"Martes Neol\u00f3gico","url":"https:\/\/blogscvc.cervantes.es\/martes-neologico\/","logo":{"@type":"ImageObject","inLanguage":"es","@id":"https:\/\/blogscvc.cervantes.es\/martes-neologico\/#\/schema\/logo\/image\/","url":"https:\/\/blogscvc.cervantes.es\/martes-neologico\/wp-content\/uploads\/sites\/2\/2025\/10\/logo-martes-neologico-10-anos.png","contentUrl":"https:\/\/blogscvc.cervantes.es\/martes-neologico\/wp-content\/uploads\/sites\/2\/2025\/10\/logo-martes-neologico-10-anos.png","width":300,"height":100,"caption":"Martes Neol\u00f3gico"},"image":{"@id":"https:\/\/blogscvc.cervantes.es\/martes-neologico\/#\/schema\/logo\/image\/"}},{"@type":"Person","@id":"https:\/\/blogscvc.cervantes.es\/martes-neologico\/#\/schema\/person\/1cae4be8701c90ad2b93a253d1c7ae82","name":"bcvc","image":{"@type":"ImageObject","inLanguage":"es","@id":"https:\/\/blogscvc.cervantes.es\/martes-neologico\/#\/schema\/person\/image\/","url":"https:\/\/secure.gravatar.com\/avatar\/c147b825e2b0e2b286c78428e4b0053c?s=96&d=mm&r=g","contentUrl":"https:\/\/secure.gravatar.com\/avatar\/c147b825e2b0e2b286c78428e4b0053c?s=96&d=mm&r=g","caption":"bcvc"},"url":"https:\/\/blogscvc.cervantes.es\/martes-neologico\/author\/bcvc\/"}]}},"_links":{"self":[{"href":"https:\/\/blogscvc.cervantes.es\/martes-neologico\/wp-json\/wp\/v2\/posts\/238"}],"collection":[{"href":"https:\/\/blogscvc.cervantes.es\/martes-neologico\/wp-json\/wp\/v2\/posts"}],"about":[{"href":"https:\/\/blogscvc.cervantes.es\/martes-neologico\/wp-json\/wp\/v2\/types\/post"}],"author":[{"embeddable":true,"href":"https:\/\/blogscvc.cervantes.es\/martes-neologico\/wp-json\/wp\/v2\/users\/4"}],"replies":[{"embeddable":true,"href":"https:\/\/blogscvc.cervantes.es\/martes-neologico\/wp-json\/wp\/v2\/comments?post=238"}],"version-history":[{"count":11,"href":"https:\/\/blogscvc.cervantes.es\/martes-neologico\/wp-json\/wp\/v2\/posts\/238\/revisions"}],"predecessor-version":[{"id":13375,"href":"https:\/\/blogscvc.cervantes.es\/martes-neologico\/wp-json\/wp\/v2\/posts\/238\/revisions\/13375"}],"wp:featuredmedia":[{"embeddable":true,"href":"https:\/\/blogscvc.cervantes.es\/martes-neologico\/wp-json\/wp\/v2\/media\/370"}],"wp:attachment":[{"href":"https:\/\/blogscvc.cervantes.es\/martes-neologico\/wp-json\/wp\/v2\/media?parent=238"}],"wp:term":[{"taxonomy":"category","embeddable":true,"href":"https:\/\/blogscvc.cervantes.es\/martes-neologico\/wp-json\/wp\/v2\/categories?post=238"},{"taxonomy":"post_tag","embeddable":true,"href":"https:\/\/blogscvc.cervantes.es\/martes-neologico\/wp-json\/wp\/v2\/tags?post=238"}],"curies":[{"name":"wp","href":"https:\/\/api.w.org\/{rel}","templated":true}]}}