{"id":2502,"date":"2018-04-10T07:00:46","date_gmt":"2018-04-10T05:00:46","guid":{"rendered":"http:\/\/blogscvc.cervantes.es\/martes-neologico\/?p=2502"},"modified":"2018-05-07T16:11:29","modified_gmt":"2018-05-07T14:11:29","slug":"ampa","status":"publish","type":"post","link":"https:\/\/blogscvc.cervantes.es\/martes-neologico\/ampa\/","title":{"rendered":"ampa <em>f.<\/em>"},"content":{"rendered":"<p>Estamos ante una forma abreviada que se ha lexicalizado a partir de la sigla <em>AMPA<\/em> (<em>Asociaci\u00f3n de Madres y Padres de alumnos<\/em>), la cual designa el \u2018colectivo de madres y padres de los alumnos de un centro educativo de ense\u00f1anza no universitaria\u2019. Su funci\u00f3n fundamental es promover la participaci\u00f3n en la gesti\u00f3n de la instituci\u00f3n, las actividades formativas complementarias (actividades culturales, educativas, deportivas, l\u00fadicas, etc.) y la cooperaci\u00f3n con la escuela, con el fin de contribuir a mejorar la calidad del sistema y acercar el colegio a la familia, y la familia al colegio.<\/p>\n<figure id=\"attachment_118\" aria-describedby=\"caption-attachment-118\" style=\"width: 750px\" class=\"wp-caption aligncenter\"><a href=\"http:\/\/blogscvc.cervantes.es\/martes-neologico\/wp-content\/uploads\/sites\/2\/2018\/04\/ampa_500.jpg\"><img decoding=\"async\" loading=\"lazy\" class=\"alignnone size-full wp-image-1739\" src=\"http:\/\/blogscvc.cervantes.es\/martes-neologico\/wp-content\/uploads\/sites\/2\/2018\/04\/ampa_500.jpg\" alt=\"Fotograf\u00eda de unas tizas de colores\" width=\"750\" height=\"500\" \/><\/a><figcaption id=\"caption-attachment-118\" class=\"wp-caption-text\">Flickr (Marco Verch)<\/figcaption><\/figure>\n<p>Anteriormente estas asociaciones se conoc\u00edan como <em>APA<\/em> (<em>Asociaci\u00f3n de Padres de Alumnos<\/em>), pero esta denominaci\u00f3n se ha ido cambiando por <em>AMPA<\/em> (<em>Asociaci\u00f3n de Madres y Padres de Alumnos<\/em>) para evitar la discriminaci\u00f3n por g\u00e9nero e incluir a las madres, que adem\u00e1s suelen ser las principales integrantes de estos colectivos. No obstante, se sigue alternando la presencia de ambas formas dependiendo de los centros.<\/p>\n<ul>\n<li>El Ministro de Educaci\u00f3n, \u00c1ngel Gabilondo, ha participado en este Encuentro con una Intervenci\u00f3n en la que ha mostrado \u201csu voluntad\u201d de no recortar las subvenciones que su Departamento concede a las <strong>APAS<\/strong> y ha hecho un llamamiento a las comunidades aut\u00f3nomas para que sigan este ejemplo. [CorpesXXI: <em>Comunidad Escolar<\/em> (Espa\u00f1a), 25\/03\/2011]<\/li>\n<li>El <strong>AMPA<\/strong> del centro, como representante de los padres y madres del instituto, ha reclamado a la Conselleria de Educaci\u00f3n que \u201cd\u00e9 respuesta a las necesidades econ\u00f3micas del centro\u201d. [CorpesXXI: <em>El Mundo.es. <\/em>(Espa\u00f1a), 21\/01\/2012]<\/li>\n<\/ul>\n<p>De igual modo, como en nuestra sociedad se reconocen diferentes tipos de familias, se empieza a emplear la sigla <em>AFA<\/em> para referirse a \u2018<em>Asociaciones de Familias de Alumnos\u2019<\/em>, aunque esta forma a\u00fan no ha pasado por el proceso de lexicalizaci\u00f3n. No hemos hallado ning\u00fan ejemplo en los corpus de referencia del espa\u00f1ol actual, pero su uso es cada vez m\u00e1s frecuente, si hacemos la b\u00fasqueda en Google, con m\u00e1s de 132.000 resultados.<\/p>\n<ul>\n<li>Despu\u00e9s de dos a\u00f1os sin <em>Asociaci\u00f3n de Madres y Padres de Alumnos<\/em> (<strong>Ampa<\/strong>), el IES Antonio Dom\u00ednguez Ortiz ha dado al inicio de este curso un paso fundamental en su estrategia educativa al crear la <em>Asociaci\u00f3n de Familias de Alumnos<\/em> (<strong>AFA<\/strong>), como han decidido llamarla, teniendo en cuenta que nace para impulsar la participaci\u00f3n de toda la familia en la educaci\u00f3n. [<em>https:\/\/poligonosurelbarrioestuescuela.wordpress.com<\/em> (Espa\u00f1a), 24701\/2017]<\/li>\n<li>Una representante de la <em>asociaci\u00f3n de familias de alumnos<\/em> (<strong>AFA<\/strong>, nombre cada vez m\u00e1s usado para referirse a la <strong>AMPA<\/strong>), al referirse a las jornadas de puertas abiertas, comenta c\u00f3mo tambi\u00e9n participan de estas jornadas explicando a las familias qu\u00e9 es la asociaci\u00f3n y dando informaci\u00f3n sobre el centro. [<em>http:\/\/www.redalyc.org\/pdf\/2170\/217043419005.pdf<\/em> (Espa\u00f1a), 2016]<\/li>\n<\/ul>\n<p>El primer testimonio recogido de la forma lexicalizada, <em>ampa<\/em>, en la base de datos de neologismos, OBNEO, es de 2011:<\/p>\n<ul>\n<li>Varias <strong>ampa<\/strong> hab\u00edan contratado colonias para la semana blanca porque los profesores de su colegio las hab\u00edan suspendido como protesta por el fin de la jornada intensiva de junio [<em>La Vanguardia<\/em>, (Espa\u00f1a) 21\/02\/2011]<\/li>\n<\/ul>\n<p>Como toda formaci\u00f3n siglada, suele presentar vacilaciones dentro del sistema ling\u00fc\u00edstico. As\u00ed, desde el punto de vista ortogr\u00e1fico, se emplea tanto en min\u00fascula, <em>ampa<\/em>, como en may\u00fascula inicial, <em>Ampa, <\/em>Sin embargo, la Fund\u00e9u en sus recomendaciones indica que esta sigla puede escribirse en may\u00fascula (<em>AMPA<\/em>) o en min\u00fascula (<em>ampa<\/em>), pero nunca se debe emplear la may\u00fascula inicial, <em>Ampa<\/em>, cuando se usa de modo gen\u00e9rico.<\/p>\n<p>Desde el punto de vista gramatical, tras los ejemplos recogidos en los corpus y bases de datos, podemos afirmar que actualmente <em>ampa<\/em> est\u00e1 completamente lexicalizada y esto se observa en la formaci\u00f3n del plural a trav\u00e9s del morfema flexivo.<\/p>\n<ul>\n<li>Vecinos, comerciantes y <strong>ampas<\/strong> de los colegios pr\u00f3ximos solicitaban desde hace a\u00f1os su eliminaci\u00f3n. [<em>La Opini\u00f3n de M\u00e1laga<\/em>, (Espa\u00f1a) 11\/08\/2012]<\/li>\n<\/ul>\n<p>Como sigla lexicalizada, sigue las reglas morfol\u00f3gicas de los sustantivos femeninos que empieza por <em>a<\/em> t\u00f3nica y por tanto, va precedido de <em>el, un, alg\u00fan, ning\u00fan<\/em> y de las formas femeninas del resto de los determinantes:<\/p>\n<ul>\n<li>Seg\u00fan denuncia el <strong>ampa<\/strong>, la reducci\u00f3n de personal ha provocado una disminuci\u00f3n de las plazas ofertadas para el pr\u00f3ximo curso y un recorte en el n\u00famero de horas que abre el centro. [<em>El Sur<\/em>, (Espa\u00f1a) 21\/06\/2013]<\/li>\n<li>El nuevo examen que sustituye a la Prueba de Acceso a la Universidad (PAU) que se realizaba hasta el pasado curso- cuenta ya antes de su puesta en marcha con el voto en contra de las <strong>ampas<\/strong>, que consideran que es el momento de realizar una prueba \u00fanica en todo el territorio nacional. [<em>La Opini\u00f3n de Zamora<\/em>, (Espa\u00f1a) 21\/02\/2017]<\/li>\n<\/ul>\n<p>Sin embargo, siguiendo las normas de la Academia, en el caso de las siglas, se deber\u00e1 usar <em>la<\/em> o <em>el<\/em> en funci\u00f3n de la primera palabra del desarrollo de la sigla y no de la sigla en s\u00ed, por lo que <em>la AMPA<\/em> es correcto por referirse a \u2018asociaci\u00f3n\u2019.<\/p>\n<p>Con respecto a los repertorios lexicogr\u00e1ficos, los diccionarios de neologismos y los diccionarios generales del espa\u00f1ol no recogen por regla general esta forma truncada, aunque s\u00ed da cuenta el <em>Clave<\/em>, que la define como:<\/p>\n<ul>\n<li>\u2018AMPA (pl. AMPA) s.f. Colectivo de madres y padres de los alumnos de un centro educativo: Ma\u00f1ana habr\u00e1 una reuni\u00f3n del AMPA \u2243 APA<\/li>\n<\/ul>\n<p>Resulta interesante la variaci\u00f3n denominativa para designar este concepto en el espa\u00f1ol de Am\u00e9rica. Tras una b\u00fasqueda en diversos medios latinoamericanos \u2013no hay testimonios en los corpus de referencia ni en OBNEO-, hemos encontrados denominaciones como <em>consejo de padres<\/em> y <em>consejo de padres y madres<\/em> (Colombia), <em>asociaci\u00f3n de padres de familia, asociaci\u00f3n de padres y madres de familia <\/em>(M\u00e9xico, Panam\u00e1), <em>cooperadora escolar<\/em> (Argentina), <em>APAFA<\/em> (<em>Asociaci\u00f3n de padres de familias<\/em>) (Per\u00fa), diversas y m\u00faltiples variantes en las que se habla de familia en lugar de alumnos.<\/p>\n<ul>\n<li>Los padres de familia participan y se vinculan en el proceso educativo y la calidad del servicio que ofrece el establecimiento a trav\u00e9s del <strong>consejo de padres de familia<\/strong>. [<a href=\"http:\/\/lopezdemesa.edu.co\/gobierno-escolar\/218-consejo-de-padres-de-familia\">http:\/\/lopezdemesa.edu.co\/gobierno-escolar\/218-consejo-de-padres-de-familia<\/a>]<\/li>\n<li>Dentro de las actividades de participaci\u00f3n social que se realizan en los centros escolares de educaci\u00f3n b\u00e1sica, deben destacarse las <strong>Asociaciones de Padres y Madres de Familia<\/strong>, que son organismos de apoyo a la educaci\u00f3n en los cuales los padres de familia colaboran en busca de una mejor integraci\u00f3n de la comunidad escolar, as\u00ed como el mejoramiento de los planteles escolares [<a href=\"http:\/\/edu.jalisco.gob.mx\/participacion-social\/sites\/edu.jalisco.gob.mx.participacion-social\/files\/libro_5_apaf.pdf\">http:\/\/edu.jalisco.gob.mx\/participacion-social\/sites\/edu.jalisco.gob.mx.participacion-social\/files\/libro_5_apaf.pdf<\/a>]<\/li>\n<li>Las <strong>cooperadoras<\/strong> han adquirido un rol central en la vida escolar y la calidad educativa. Funcionan con el trabajo y el aporte voluntario de los padres que suplen necesidades de la instituci\u00f3n en donde el Estado no llega.<br \/>\nLa mayor\u00eda de las escuelas p\u00fablicas del pa\u00eds cuenta con una <strong>cooperadora escolar<\/strong>, integrada por padres de alumnos y tambi\u00e9n por docentes y directivos de la instituci\u00f3n. [<em>Diario Democracia: <\/em><a href=\"https:\/\/www.diariodemocracia.com\/\">https:\/\/www.diariodemocracia.com\/<\/a> (Argentina), 07\/02\/2018]<\/li>\n<li>Seg\u00fan la Ley N\u00ba 28628 que regula la participaci\u00f3n de las <strong>Asociaciones de Padres de Familia<\/strong> (<strong>Apafa<\/strong>) en las instituciones <a href=\"http:\/\/elcomercio.pe\/tag\/36458\/colegios\">educativas p\u00fablicas<\/a>, la cuota anual ordinaria que se imponen a sus miembros, debidamente aprobadas por la Asamblea General no puede exceder del 1.5% de la Unidad Impositiva Tributaria (UIT). [<em>El Comercio: <\/em><a href=\"https:\/\/elcomercio.pe\/\">https:\/\/elcomercio.pe\/<\/a>, (Per\u00fa), 20\/02\/2014].<\/li>\n<\/ul>\n<p>Con respecto a otras lenguas rom\u00e1nicas, en la b\u00fasqueda realizada en OBNEO en lengua catalana, encontramos 8 ejemplos de uso de esta forma lexicalizada <em>(ampa, ampes<\/em>) desde 2013. Y tras la b\u00fasqueda de <em>ampa<\/em> en el TERMCAT, se observa que en otras lenguas rom\u00e1nicas se sigue empleando la sigla sin diferenciar padres y madres. As\u00ed, en franc\u00e9s, se emplea la sigla <em>APE<\/em> (<em>association de parents d\u2019\u00e9l\u00e8ves<\/em>) y en ingl\u00e9s, <em>PA<\/em> (<em>parents\u2019 association<\/em>).<\/p>\n<p>Por todos estos motivos, por su empleo generalizado en la prensa actual y por su adaptaci\u00f3n a las reglas morfol\u00f3gicas y gramaticales del espa\u00f1ol, se considera que esta forma se podr\u00eda incluir en los repertorios lexicogr\u00e1ficos generales y neol\u00f3gicos en lengua espa\u00f1ola, marcada diat\u00f3picamente como unidad empleada en el espa\u00f1ol peninsular. No obstante, habr\u00eda que considerar la evoluci\u00f3n de la sigla <em>AFA<\/em> y su posible lexicalizaci\u00f3n y generalizaci\u00f3n en el uso, ya que esta unidad l\u00e9xica conceptualiza de forma m\u00e1s precisa los cambios sociales con respecto a los diferentes tipos de familia existentes en la sociedad actual, y adem\u00e1s, se aproxima a las variantes denominativas empleadas en el espa\u00f1ol de Am\u00e9rica.<\/p>\n<p>Isabel Santamar\u00eda P\u00e9rez<br \/>\nGrupo NEOAL<br \/>\nUniversidad de Alicante (Espa\u00f1a)<\/p>\n","protected":false},"excerpt":{"rendered":"<p>Estamos ante una forma abreviada que se ha lexicalizado a partir de la sigla <em>AMPA<\/em> (<em>Asociaci\u00f3n de Madres y Padres de alumnos<\/em>), la cual designa el \u2018colectivo de madres y padres de los alumnos de un centro educativo de ense\u00f1anza no universitaria\u2019. Su funci\u00f3n fundamental es promover la participaci\u00f3n en la gesti\u00f3n de la instituci\u00f3n, las actividades formativas complementarias (actividades culturales, educativas, deportivas, l\u00fadicas, etc.) y la cooperaci\u00f3n con la escuela, con el fin de contribuir a mejorar la calidad del sistema y acercar el colegio a la familia, y la familia al colegio.<\/p>\n","protected":false},"author":1,"featured_media":2505,"comment_status":"open","ping_status":"open","sticky":false,"template":"","format":"standard","meta":{"_mi_skip_tracking":false,"_s2mail":"yes"},"categories":[88,102],"tags":[],"yoast_head":"<!-- This site is optimized with the Yoast SEO plugin v20.6 - https:\/\/yoast.com\/wordpress\/plugins\/seo\/ -->\n<title>CVC. Ampa | Martes Neol\u00f3gico<\/title>\n<meta name=\"description\" content=\"Art\u00edculo sobre el neologismo \u00abampa\u00bb, dentro del blog Martes Neol\u00f3gico del Centro Virtual Cervantes.\" \/>\n<meta name=\"robots\" content=\"index, follow, max-snippet:-1, max-image-preview:large, max-video-preview:-1\" \/>\n<link rel=\"canonical\" href=\"https:\/\/blogscvc.cervantes.es\/martes-neologico\/ampa\/\" \/>\n<meta property=\"og:locale\" content=\"es_ES\" \/>\n<meta property=\"og:type\" content=\"article\" \/>\n<meta property=\"og:title\" content=\"CVC. Ampa | Martes Neol\u00f3gico\" \/>\n<meta property=\"og:description\" content=\"Art\u00edculo sobre el neologismo \u00abampa\u00bb, dentro del blog Martes Neol\u00f3gico del Centro Virtual Cervantes.\" \/>\n<meta property=\"og:url\" content=\"https:\/\/blogscvc.cervantes.es\/martes-neologico\/ampa\/\" \/>\n<meta property=\"og:site_name\" content=\"Martes Neol\u00f3gico\" \/>\n<meta property=\"article:published_time\" content=\"2018-04-10T05:00:46+00:00\" \/>\n<meta property=\"article:modified_time\" content=\"2018-05-07T14:11:29+00:00\" \/>\n<meta property=\"og:image\" content=\"https:\/\/blogscvc.cervantes.es\/martes-neologico\/wp-content\/uploads\/sites\/2\/2018\/04\/ampa_350.jpg\" \/>\n\t<meta property=\"og:image:width\" content=\"750\" \/>\n\t<meta property=\"og:image:height\" content=\"350\" \/>\n\t<meta property=\"og:image:type\" content=\"image\/jpeg\" \/>\n<meta name=\"author\" content=\"admin\" \/>\n<meta name=\"twitter:card\" content=\"summary_large_image\" \/>\n<meta name=\"twitter:label1\" content=\"Escrito por\" \/>\n\t<meta name=\"twitter:data1\" content=\"admin\" \/>\n\t<meta name=\"twitter:label2\" content=\"Tiempo de lectura\" \/>\n\t<meta name=\"twitter:data2\" content=\"8 minutos\" \/>\n<script type=\"application\/ld+json\" class=\"yoast-schema-graph\">{\"@context\":\"https:\/\/schema.org\",\"@graph\":[{\"@type\":\"Article\",\"@id\":\"https:\/\/blogscvc.cervantes.es\/martes-neologico\/ampa\/#article\",\"isPartOf\":{\"@id\":\"https:\/\/blogscvc.cervantes.es\/martes-neologico\/ampa\/\"},\"author\":{\"name\":\"admin\",\"@id\":\"https:\/\/blogscvc.cervantes.es\/martes-neologico\/#\/schema\/person\/7e2fd26f886f53b1b2e81721d23acc47\"},\"headline\":\"ampa f.\",\"datePublished\":\"2018-04-10T05:00:46+00:00\",\"dateModified\":\"2018-05-07T14:11:29+00:00\",\"mainEntityOfPage\":{\"@id\":\"https:\/\/blogscvc.cervantes.es\/martes-neologico\/ampa\/\"},\"wordCount\":1504,\"commentCount\":0,\"publisher\":{\"@id\":\"https:\/\/blogscvc.cervantes.es\/martes-neologico\/#organization\"},\"articleSection\":[\"educaci\u00f3n\",\"siglaci\u00f3n\"],\"inLanguage\":\"es\",\"potentialAction\":[{\"@type\":\"CommentAction\",\"name\":\"Comment\",\"target\":[\"https:\/\/blogscvc.cervantes.es\/martes-neologico\/ampa\/#respond\"]}]},{\"@type\":\"WebPage\",\"@id\":\"https:\/\/blogscvc.cervantes.es\/martes-neologico\/ampa\/\",\"url\":\"https:\/\/blogscvc.cervantes.es\/martes-neologico\/ampa\/\",\"name\":\"CVC. Ampa | Martes Neol\u00f3gico\",\"isPartOf\":{\"@id\":\"https:\/\/blogscvc.cervantes.es\/martes-neologico\/#website\"},\"datePublished\":\"2018-04-10T05:00:46+00:00\",\"dateModified\":\"2018-05-07T14:11:29+00:00\",\"description\":\"Art\u00edculo sobre el neologismo \u00abampa\u00bb, dentro del blog Martes Neol\u00f3gico del Centro Virtual Cervantes.\",\"breadcrumb\":{\"@id\":\"https:\/\/blogscvc.cervantes.es\/martes-neologico\/ampa\/#breadcrumb\"},\"inLanguage\":\"es\",\"potentialAction\":[{\"@type\":\"ReadAction\",\"target\":[\"https:\/\/blogscvc.cervantes.es\/martes-neologico\/ampa\/\"]}]},{\"@type\":\"BreadcrumbList\",\"@id\":\"https:\/\/blogscvc.cervantes.es\/martes-neologico\/ampa\/#breadcrumb\",\"itemListElement\":[{\"@type\":\"ListItem\",\"position\":1,\"name\":\"Portada\",\"item\":\"https:\/\/blogscvc.cervantes.es\/martes-neologico\/\"},{\"@type\":\"ListItem\",\"position\":2,\"name\":\"ampa f.\"}]},{\"@type\":\"WebSite\",\"@id\":\"https:\/\/blogscvc.cervantes.es\/martes-neologico\/#website\",\"url\":\"https:\/\/blogscvc.cervantes.es\/martes-neologico\/\",\"name\":\"Martes Neol\u00f3gico\",\"description\":\"Cada martes, una palabra nueva que podr\u00eda estar en el diccionario\",\"publisher\":{\"@id\":\"https:\/\/blogscvc.cervantes.es\/martes-neologico\/#organization\"},\"potentialAction\":[{\"@type\":\"SearchAction\",\"target\":{\"@type\":\"EntryPoint\",\"urlTemplate\":\"https:\/\/blogscvc.cervantes.es\/martes-neologico\/?s={search_term_string}\"},\"query-input\":\"required name=search_term_string\"}],\"inLanguage\":\"es\"},{\"@type\":\"Organization\",\"@id\":\"https:\/\/blogscvc.cervantes.es\/martes-neologico\/#organization\",\"name\":\"Martes Neol\u00f3gico\",\"url\":\"https:\/\/blogscvc.cervantes.es\/martes-neologico\/\",\"logo\":{\"@type\":\"ImageObject\",\"inLanguage\":\"es\",\"@id\":\"https:\/\/blogscvc.cervantes.es\/martes-neologico\/#\/schema\/logo\/image\/\",\"url\":\"https:\/\/blogscvc.cervantes.es\/martes-neologico\/wp-content\/uploads\/sites\/2\/2025\/10\/logo-martes-neologico-10-anos.png\",\"contentUrl\":\"https:\/\/blogscvc.cervantes.es\/martes-neologico\/wp-content\/uploads\/sites\/2\/2025\/10\/logo-martes-neologico-10-anos.png\",\"width\":300,\"height\":100,\"caption\":\"Martes Neol\u00f3gico\"},\"image\":{\"@id\":\"https:\/\/blogscvc.cervantes.es\/martes-neologico\/#\/schema\/logo\/image\/\"}},{\"@type\":\"Person\",\"@id\":\"https:\/\/blogscvc.cervantes.es\/martes-neologico\/#\/schema\/person\/7e2fd26f886f53b1b2e81721d23acc47\",\"name\":\"admin\",\"image\":{\"@type\":\"ImageObject\",\"inLanguage\":\"es\",\"@id\":\"https:\/\/blogscvc.cervantes.es\/martes-neologico\/#\/schema\/person\/image\/\",\"url\":\"https:\/\/secure.gravatar.com\/avatar\/c4b6a365b64e607f3d2ecd9620a7675a?s=96&d=mm&r=g\",\"contentUrl\":\"https:\/\/secure.gravatar.com\/avatar\/c4b6a365b64e607f3d2ecd9620a7675a?s=96&d=mm&r=g\",\"caption\":\"admin\"},\"url\":\"https:\/\/blogscvc.cervantes.es\/martes-neologico\/author\/admin\/\"}]}<\/script>\n<!-- \/ Yoast SEO plugin. -->","yoast_head_json":{"title":"CVC. Ampa | Martes Neol\u00f3gico","description":"Art\u00edculo sobre el neologismo \u00abampa\u00bb, dentro del blog Martes Neol\u00f3gico del Centro Virtual Cervantes.","robots":{"index":"index","follow":"follow","max-snippet":"max-snippet:-1","max-image-preview":"max-image-preview:large","max-video-preview":"max-video-preview:-1"},"canonical":"https:\/\/blogscvc.cervantes.es\/martes-neologico\/ampa\/","og_locale":"es_ES","og_type":"article","og_title":"CVC. Ampa | Martes Neol\u00f3gico","og_description":"Art\u00edculo sobre el neologismo \u00abampa\u00bb, dentro del blog Martes Neol\u00f3gico del Centro Virtual Cervantes.","og_url":"https:\/\/blogscvc.cervantes.es\/martes-neologico\/ampa\/","og_site_name":"Martes Neol\u00f3gico","article_published_time":"2018-04-10T05:00:46+00:00","article_modified_time":"2018-05-07T14:11:29+00:00","og_image":[{"width":750,"height":350,"url":"https:\/\/blogscvc.cervantes.es\/martes-neologico\/wp-content\/uploads\/sites\/2\/2018\/04\/ampa_350.jpg","type":"image\/jpeg"}],"author":"admin","twitter_card":"summary_large_image","twitter_misc":{"Escrito por":"admin","Tiempo de lectura":"8 minutos"},"schema":{"@context":"https:\/\/schema.org","@graph":[{"@type":"Article","@id":"https:\/\/blogscvc.cervantes.es\/martes-neologico\/ampa\/#article","isPartOf":{"@id":"https:\/\/blogscvc.cervantes.es\/martes-neologico\/ampa\/"},"author":{"name":"admin","@id":"https:\/\/blogscvc.cervantes.es\/martes-neologico\/#\/schema\/person\/7e2fd26f886f53b1b2e81721d23acc47"},"headline":"ampa f.","datePublished":"2018-04-10T05:00:46+00:00","dateModified":"2018-05-07T14:11:29+00:00","mainEntityOfPage":{"@id":"https:\/\/blogscvc.cervantes.es\/martes-neologico\/ampa\/"},"wordCount":1504,"commentCount":0,"publisher":{"@id":"https:\/\/blogscvc.cervantes.es\/martes-neologico\/#organization"},"articleSection":["educaci\u00f3n","siglaci\u00f3n"],"inLanguage":"es","potentialAction":[{"@type":"CommentAction","name":"Comment","target":["https:\/\/blogscvc.cervantes.es\/martes-neologico\/ampa\/#respond"]}]},{"@type":"WebPage","@id":"https:\/\/blogscvc.cervantes.es\/martes-neologico\/ampa\/","url":"https:\/\/blogscvc.cervantes.es\/martes-neologico\/ampa\/","name":"CVC. Ampa | Martes Neol\u00f3gico","isPartOf":{"@id":"https:\/\/blogscvc.cervantes.es\/martes-neologico\/#website"},"datePublished":"2018-04-10T05:00:46+00:00","dateModified":"2018-05-07T14:11:29+00:00","description":"Art\u00edculo sobre el neologismo \u00abampa\u00bb, dentro del blog Martes Neol\u00f3gico del Centro Virtual Cervantes.","breadcrumb":{"@id":"https:\/\/blogscvc.cervantes.es\/martes-neologico\/ampa\/#breadcrumb"},"inLanguage":"es","potentialAction":[{"@type":"ReadAction","target":["https:\/\/blogscvc.cervantes.es\/martes-neologico\/ampa\/"]}]},{"@type":"BreadcrumbList","@id":"https:\/\/blogscvc.cervantes.es\/martes-neologico\/ampa\/#breadcrumb","itemListElement":[{"@type":"ListItem","position":1,"name":"Portada","item":"https:\/\/blogscvc.cervantes.es\/martes-neologico\/"},{"@type":"ListItem","position":2,"name":"ampa f."}]},{"@type":"WebSite","@id":"https:\/\/blogscvc.cervantes.es\/martes-neologico\/#website","url":"https:\/\/blogscvc.cervantes.es\/martes-neologico\/","name":"Martes Neol\u00f3gico","description":"Cada martes, una palabra nueva que podr\u00eda estar en el diccionario","publisher":{"@id":"https:\/\/blogscvc.cervantes.es\/martes-neologico\/#organization"},"potentialAction":[{"@type":"SearchAction","target":{"@type":"EntryPoint","urlTemplate":"https:\/\/blogscvc.cervantes.es\/martes-neologico\/?s={search_term_string}"},"query-input":"required name=search_term_string"}],"inLanguage":"es"},{"@type":"Organization","@id":"https:\/\/blogscvc.cervantes.es\/martes-neologico\/#organization","name":"Martes Neol\u00f3gico","url":"https:\/\/blogscvc.cervantes.es\/martes-neologico\/","logo":{"@type":"ImageObject","inLanguage":"es","@id":"https:\/\/blogscvc.cervantes.es\/martes-neologico\/#\/schema\/logo\/image\/","url":"https:\/\/blogscvc.cervantes.es\/martes-neologico\/wp-content\/uploads\/sites\/2\/2025\/10\/logo-martes-neologico-10-anos.png","contentUrl":"https:\/\/blogscvc.cervantes.es\/martes-neologico\/wp-content\/uploads\/sites\/2\/2025\/10\/logo-martes-neologico-10-anos.png","width":300,"height":100,"caption":"Martes Neol\u00f3gico"},"image":{"@id":"https:\/\/blogscvc.cervantes.es\/martes-neologico\/#\/schema\/logo\/image\/"}},{"@type":"Person","@id":"https:\/\/blogscvc.cervantes.es\/martes-neologico\/#\/schema\/person\/7e2fd26f886f53b1b2e81721d23acc47","name":"admin","image":{"@type":"ImageObject","inLanguage":"es","@id":"https:\/\/blogscvc.cervantes.es\/martes-neologico\/#\/schema\/person\/image\/","url":"https:\/\/secure.gravatar.com\/avatar\/c4b6a365b64e607f3d2ecd9620a7675a?s=96&d=mm&r=g","contentUrl":"https:\/\/secure.gravatar.com\/avatar\/c4b6a365b64e607f3d2ecd9620a7675a?s=96&d=mm&r=g","caption":"admin"},"url":"https:\/\/blogscvc.cervantes.es\/martes-neologico\/author\/admin\/"}]}},"_links":{"self":[{"href":"https:\/\/blogscvc.cervantes.es\/martes-neologico\/wp-json\/wp\/v2\/posts\/2502"}],"collection":[{"href":"https:\/\/blogscvc.cervantes.es\/martes-neologico\/wp-json\/wp\/v2\/posts"}],"about":[{"href":"https:\/\/blogscvc.cervantes.es\/martes-neologico\/wp-json\/wp\/v2\/types\/post"}],"author":[{"embeddable":true,"href":"https:\/\/blogscvc.cervantes.es\/martes-neologico\/wp-json\/wp\/v2\/users\/1"}],"replies":[{"embeddable":true,"href":"https:\/\/blogscvc.cervantes.es\/martes-neologico\/wp-json\/wp\/v2\/comments?post=2502"}],"version-history":[{"count":5,"href":"https:\/\/blogscvc.cervantes.es\/martes-neologico\/wp-json\/wp\/v2\/posts\/2502\/revisions"}],"predecessor-version":[{"id":2509,"href":"https:\/\/blogscvc.cervantes.es\/martes-neologico\/wp-json\/wp\/v2\/posts\/2502\/revisions\/2509"}],"wp:featuredmedia":[{"embeddable":true,"href":"https:\/\/blogscvc.cervantes.es\/martes-neologico\/wp-json\/wp\/v2\/media\/2505"}],"wp:attachment":[{"href":"https:\/\/blogscvc.cervantes.es\/martes-neologico\/wp-json\/wp\/v2\/media?parent=2502"}],"wp:term":[{"taxonomy":"category","embeddable":true,"href":"https:\/\/blogscvc.cervantes.es\/martes-neologico\/wp-json\/wp\/v2\/categories?post=2502"},{"taxonomy":"post_tag","embeddable":true,"href":"https:\/\/blogscvc.cervantes.es\/martes-neologico\/wp-json\/wp\/v2\/tags?post=2502"}],"curies":[{"name":"wp","href":"https:\/\/api.w.org\/{rel}","templated":true}]}}