{"id":2565,"date":"2018-05-08T07:00:57","date_gmt":"2018-05-08T05:00:57","guid":{"rendered":"http:\/\/blogscvc.cervantes.es\/martes-neologico\/?p=2565"},"modified":"2023-07-24T14:28:59","modified_gmt":"2023-07-24T12:28:59","slug":"invisibilizar","status":"publish","type":"post","link":"https:\/\/blogscvc.cervantes.es\/martes-neologico\/invisibilizar\/","title":{"rendered":"invisibilizar <em>v. tr.<\/em>"},"content":{"rendered":"<p>El t\u00e9rmino <em>invisibilizaci\u00f3n<\/em> ha sido ampliamente utilizado en las ciencias sociales para hacer alusi\u00f3n a un conjunto de mecanismos culturales dirigidos por un grupo social hegem\u00f3nico para omitir a otro grupo social al que se pretende dominar y mantener ajeno a las decisiones y al control social y pol\u00edtico. Los procesos de invisibilizaci\u00f3n, estrechamente vinculados a din\u00e1micas de racismo, sexismo, homofobia y discriminaci\u00f3n en general, afectan a determinados grupos sociales, tales como las minor\u00edas \u00e9tnicas o las mujeres. Es, precisamente, con este significado m\u00e1s restringido con el que se ha empezado a usar la palabra <em>invisibilizar<\/em> en el discurso period\u00edstico y en el debate pol\u00edtico. Por ejemplo, en una de las m\u00e1s recientes pol\u00e9micas medi\u00e1ticas en torno a la relaci\u00f3n entre g\u00e9nero gramatical, sexo y lenguaje, la expresi\u00f3n <em>invisibilizar<\/em>, y su ant\u00f3nimo, <em>visibilizar<\/em>, emergen como los conceptos clave en el debate sobre la necesidad o no de un lenguaje incluyente, que reconozca el protagonismo y la agentividad de las mujeres. En el centro de la pol\u00e9mica se sit\u00faa la idea, planteada desde el movimiento feminista, de que el empleo generalizado del g\u00e9nero masculino ha provocado la invisibilizaci\u00f3n de la mujer. As\u00ed lo argumenta Mar\u00eda M\u00e1rquez, profesora de las facultades de filolog\u00eda y de comunicaci\u00f3n de la Universidad de Sevilla, en el diario <a href=\"http:\/\/www.publico.es\/actualidad\/abusivo-del-genero-masculino-lenguaje.html\"><em>P\u00fablico<\/em><\/a> (2014) cuando apunta que la invisibilizaci\u00f3n supone \u00abuna operaci\u00f3n discursiva a trav\u00e9s de la cual se oculta cierta realidad mediante un uso ling\u00fc\u00edstico manipulador en favor de ciertos intereses. S\u00f3lo a partir de ese encubrimiento previo tiene sentido la reivindicaci\u00f3n de visibilizaci\u00f3n, operaci\u00f3n discursiva que presupone una revisi\u00f3n de esquemas conceptuales previos, de una visi\u00f3n automatizada de la realidad\u00bb.<\/p>\n<figure id=\"attachment_118\" aria-describedby=\"caption-attachment-118\" style=\"width: 750px\" class=\"wp-caption aligncenter\"><a href=\"http:\/\/blogscvc.cervantes.es\/martes-neologico\/wp-content\/uploads\/sites\/2\/2018\/04\/invisibilizar_500.jpg\"><img decoding=\"async\" loading=\"lazy\" class=\"alignnone size-full wp-image-1739\" src=\"http:\/\/blogscvc.cervantes.es\/martes-neologico\/wp-content\/uploads\/sites\/2\/2018\/04\/invisibilizar_500.jpg\" alt=\"Tres fotograf\u00edas de una mujer pelirroja que la representan de izquierda a derecha con las manos en los o\u00eddos, poni\u00e9ndose una venda en los ojos y tap\u00e1ndose la boca con la misma venda.\" width=\"750\" height=\"500\"><\/a><figcaption id=\"caption-attachment-118\" class=\"wp-caption-text\">Flickr (SoCal Photo Design)<\/figcaption><\/figure>\n<p>En este contexto, el lenguaje de pol\u00edticos y periodistas se ha llenado de precisiones de g\u00e9nero en los \u00faltimos a\u00f1os. O\u00edmos hablar, por ejemplo, de \u00abciudadanos y ciudadanas\u00bb, \u00abvecinos y vecinas\u00bb o de \u00abtrabajadores y trabajadoras\u00bb, en un intento de evitar el sexismo en el lenguaje. La Real Academia Espa\u00f1ola ha intervenido en este debate, con la publicaci\u00f3n en 2012 de un informe elaborado por el profesor Ignacio Bosque en el que se reconoc\u00eda que, si bien existe discriminaci\u00f3n contra la mujer en la sociedad, y pueden reconocerse casos claros y evidentes de \u00abusos verbales sexistas\u00bb, el lenguaje inclusivo recomendado por las gu\u00edas para un lenguaje no sexista resulta innecesario y artificioso desde el punto de vista ling\u00fc\u00edstico, dado que \u00abdifunde usos ajenos a las pr\u00e1cticas de los hablantes\u00bb e imposibilita \u00abla comunicaci\u00f3n efectiva\u00bb.<\/p>\n<p>El debate social sobre el lenguaje sexista pone de relieve que el concepto de <em>invisibilizar<\/em> no puede entenderse sin ponerlo en relaci\u00f3n con su ant\u00f3nimo, <em>visibilizar<\/em>. De acuerdo con el <em>DRAE<\/em>, <em>visibilizar<\/em>, con la acepci\u00f3n de \u2018sacar a la luz\u2019, se considera normativamente v\u00e1lido. En la \u00faltima edici\u00f3n del <em>DRAE <\/em>(2014),&nbsp;<em>visibilizar<\/em>&nbsp;consiste en&nbsp;\u2018hacer visible artificialmente lo que no puede verse a simple vista, como con los rayos X los cuerpos ocultos, o con el microscopio los microbios\u2019. En el espa\u00f1ol actual, <em>visibilizar<\/em> se aplica con sentido metaf\u00f3rico cuando se habla de otorgar un espacio en la vida p\u00fablica a determinados colectivos que, como las mujeres, han sido hist\u00f3ricamente omitidos. Esta acepci\u00f3n metaf\u00f3rica es la que encontramos en casos como \u00abPretenden <strong>visibilizar<\/strong> a quienes menos han salido en los medios de comunicaci\u00f3n\u00bb o \u00abEs necesario empezar a <strong>visibilizar<\/strong> la violencia machista en Guatemala\u00bb, citados por Fund\u00e9u.<\/p>\n<p>A diferencia de <em>visibilizar<\/em>, el <em>DRAE<\/em> no incluye en su 23.\u00aa edici\u00f3n la forma negativa <em>invisibilizar<\/em>. Este derivado, sin embargo, se documenta en Espa\u00f1a y en algunos pa\u00edses americanos. Su uso se registra en el Observatori de Neologia desde 2005, con una presencia cada vez m\u00e1s frecuente en la prensa. La terminaci\u00f3n \u2013<em>izar<\/em>, aplicada al adjetivo <em>invisible<\/em>, forma el verbo <em>invisibilizar<\/em> de la primera conjugaci\u00f3n. El prefijo&nbsp;<em>in<\/em>-, de origen latino, a\u00f1ade un&nbsp;significado negativo o de privaci\u00f3n. La segmentaci\u00f3n ser\u00eda<em> [[in[visibl]<sub>A<\/sub>]<sub>A <\/sub>izar]<sub>V. <\/sub><\/em><\/p>\n<p>El contenido de <em>invisibilizar<\/em> se corresponde, por una parte, con \u2018no visibilizar\u2019. Con este sentido encontramos el t\u00e9rmino en ejemplos como los siguientes, recopilados por el Observatori de Neologia:<\/p>\n<ul>\n<li>Claro, los medios no llegaban a esos sitios poco glamorosos y entonces los hechos aberrantes permanec\u00edan <strong>invisibilizados<\/strong>. [<em>La Naci\u00f3n<\/em> (Argentina), 7\/04\/2014]<\/li>\n<li>Desde temprano, los <strong>invisibilizados<\/strong> se hicieron visibles en plena Corrientes, frente al 1441 del Colegio P\u00fablico de Abogados, desacompasando la neurosis vehicular y tanto traje de minicentro. [<em>P\u00e1gina\/12<\/em> (Argentina), 17\/04\/2011]<\/li>\n<\/ul>\n<p>Una segunda acepci\u00f3n de <em>invisibilizar<\/em> es la de \u2018hacer invisible (a algo o a alguien)\u2019. Este es el significado, precisamente, que se propone en la segunda edici\u00f3n del DEA (2011), \u00fanico diccionario que en el que se recoge este neologismo. Constituyen ejemplos de esta segunda acepci\u00f3n los siguientes fragmentos, en los que se aprecian, respectivamente, las formas en infinitivo, gerundio y participio:<\/p>\n<ul>\n<li>Cient\u00edficos crearon un dispositivo capaz de <strong>invisibilizar<\/strong> los objetos. [<em>El Tiempo<\/em> (Colombia), 27\/03\/2012]<\/li>\n<li>La directora del Instituto Andaluz de la Mujer dijo que \u00ablo que hace la Real Academia es seguir <strong>invisibilizando<\/strong> a las mujeres, en un lenguaje tan rico como es el espa\u00f1ol, que tiene masculino y femenino\u00bb. \u00bfQu\u00e9 tendr\u00e1 que decir a todo esto el Hombre Invisible? [<em>Viva C\u00e1diz<\/em>, 10\/03\/2006]<\/li>\n<li>Se habla, por ejemplo, de \u00abminor\u00edas intensas\u00bb que \u00abfueron en sus inicios emergentes de sectores sociales segregados e <strong>invisibilizados<\/strong>\u00bb. [<em>P\u00e1gina\/12<\/em> (Argentina) 21\/08\/2008]<\/li>\n<\/ul>\n<p>Adem\u00e1s de estas dos acepciones originarias, <em>invisibilizar<\/em> est\u00e1 adquiriendo extensiones metaf\u00f3ricas en el discurso period\u00edstico. En efecto, en los contextos documentados por el Observatori de Neologia se ve reflejado el uso creciente y cada vez m\u00e1s habitual de&nbsp;<em>invisibilizar<\/em> con el sentido de \u2018eliminar\u2019 o \u2018negar\u2019, en construcciones en las que la entidad a la que se aplica la acci\u00f3n denotada por el predicado verbal ya no es un colectivo humano sino una entidad inanimada. Parece que hay un desplazamiento sem\u00e1ntico paulatino desde la acepci\u00f3n de \u2018hacer invisible\u2019 hacia los contenidos de \u2018negar\u2019 o \u2018eliminar\u2019, tal y como se ilustra en los fragmentos que se proponen a continuaci\u00f3n:<\/p>\n<ul>\n<li>El PP decidi\u00f3 ganar las elecciones a base de debilitar las libertades p\u00fablicas, controlando los medios p\u00fablicos e <strong>invisibilizando<\/strong> cualquier alternativa democr\u00e1tica. [<em>Levante<\/em> (Espa\u00f1a), 21\/05\/2011]<\/li>\n<li>Hemos olvidado mucho y ese olvido se ha ido transmitiendo de generaci\u00f3n en generaci\u00f3n hasta el punto de que parece normal <strong>invisibilizar<\/strong> determinado pasado. [<em>El Norte de Castilla<\/em> (Espa\u00f1a), 1\/04\/2012]<\/li>\n<\/ul>\n<p>Otra posible extensi\u00f3n de significado que presenta <em>invisibilizar<\/em> en las fuentes consultadas es cuando aparece aplicado al sustantivo <em>tema<\/em>. En tales casos, desarrolla la acepci\u00f3n de \u2018no tratado\u2019 o \u2018no abordado\u2019, como muestran los enunciados siguientes:<\/p>\n<ul>\n<li>[&#8230;] ajena a la agenda por tratarse de un tema muy <strong>invisibilizado<\/strong>. [<em>El Mercurio <\/em>(Chile), 17\/09\/2011]<\/li>\n<li>Cabrera se\u00f1al\u00f3 que la finalidad del certamen est\u00e1 en \u2018abordar los temas pro f\u00edlmicos que son <strong>invisibilizados<\/strong>\u2019. [<em>El Mercurio <\/em>(Chile), 9\/01\/2011]<\/li>\n<\/ul>\n<ul>\n<li>Es un tema tab\u00fa, <strong>invisibilizado<\/strong>, muy poco tratado. [<em>P\u00e1gina\/12<\/em> (Argentina), 11\/11\/2016]<\/li>\n<\/ul>\n<p>Por lo que respecta a otras lenguas, solo en portugu\u00e9s se registra el equivalente l\u00e9xico a <em>invisibilizar<\/em>, con el significado de \u2018tornar(-se) invis\u00edvel\u2019 (ant\u00f3nimo de <em>visibilizar<\/em>), tal y como aparece definido en el <em>Dicion\u00e1rio Priberam da L\u00edngua Portuguesa. <\/em><\/p>\n<p>El uso cada vez m\u00e1s frecuente del derivado <em>invisibilizar,<\/em> tanto en el \u00e1mbito period\u00edstico como en de la pol\u00edtica, justifica su inclusi\u00f3n en el <em>DRAE<\/em> y en el resto de las obras lexicogr\u00e1ficas de referencia. El argumento del uso se ve reforzado por el hecho de que tanto <em>invisible<\/em>, adjetivo del que deriva <em>invisibilizar<\/em>, como el correspondiente sustantivo, <em>invisibilidad<\/em>, se reconocen en los diccionarios consultados. En cambio, para expresar los contenidos transmitidos por <em>invisibilizar,<\/em> las gu\u00edas de estilo al uso (Fund\u00e9u) aconsejan recurrir a otros vocablos, tales como&nbsp;<em>esconder, ocultar, camuflar, hacer desaparecer <\/em>o<em> enmascarar<\/em>, en funci\u00f3n del contexto. Es tiempo, quiz\u00e1s, de <em>visibilizar<\/em> este verbo en la normativa acad\u00e9mica.<\/p>\n<p>Carolina Figueras<br \/>\nUniversitat de Barcelona (Espa\u00f1a)<\/p>\n","protected":false},"excerpt":{"rendered":"<p>El t\u00e9rmino <em>invisibilizaci\u00f3n<\/em> ha sido ampliamente utilizado en las ciencias sociales para hacer alusi\u00f3n a un conjunto de mecanismos culturales dirigidos por un grupo social hegem\u00f3nico para omitir a otro grupo social al que se pretende dominar y mantener ajeno a las decisiones y al control social y pol\u00edtico. Los procesos de invisibilizaci\u00f3n, estrechamente vinculados a din\u00e1micas de racismo, sexismo, homofobia y discriminaci\u00f3n en general, afectan a determinados grupos sociales, tales como las minor\u00edas \u00e9tnicas o las mujeres. Es, precisamente, con este significado m\u00e1s restringido con el que se ha empezado a usar la palabra <em>invisibilizar<\/em> en el discurso period\u00edstico y en el debate pol\u00edtico. Por ejemplo, en una de las m\u00e1s recientes pol\u00e9micas medi\u00e1ticas en torno a la relaci\u00f3n entre g\u00e9nero gramatical, sexo y lenguaje, la expresi\u00f3n <em>invisibilizar<\/em>, y su ant\u00f3nimo, <em>visibilizar<\/em>, emergen como los conceptos clave en el debate sobre la necesidad o no de un lenguaje incluyente, que reconozca el protagonismo y la agentividad de las mujeres.<\/p>\n","protected":false},"author":1,"featured_media":2566,"comment_status":"open","ping_status":"open","sticky":false,"template":"","format":"standard","meta":{"_mi_skip_tracking":false,"_s2mail":"yes"},"categories":[206,26,37],"tags":[],"yoast_head":"<!-- This site is optimized with the Yoast SEO plugin v20.6 - https:\/\/yoast.com\/wordpress\/plugins\/seo\/ -->\n<title>CVC. Invisibilizar | Martes Neol\u00f3gico<\/title>\n<meta name=\"description\" content=\"Art\u00edculo sobre el neologismo \u00abinvisibilizar\u00bb, dentro del blog Martes Neol\u00f3gico del Centro Virtual Cervantes.\" \/>\n<meta name=\"robots\" content=\"index, follow, max-snippet:-1, max-image-preview:large, max-video-preview:-1\" \/>\n<link rel=\"canonical\" href=\"https:\/\/blogscvc.cervantes.es\/martes-neologico\/invisibilizar\/\" \/>\n<meta property=\"og:locale\" content=\"es_ES\" \/>\n<meta property=\"og:type\" content=\"article\" \/>\n<meta property=\"og:title\" content=\"CVC. Invisibilizar | Martes Neol\u00f3gico\" \/>\n<meta property=\"og:description\" content=\"Art\u00edculo sobre el neologismo \u00abinvisibilizar\u00bb, dentro del blog Martes Neol\u00f3gico del Centro Virtual Cervantes.\" \/>\n<meta property=\"og:url\" content=\"https:\/\/blogscvc.cervantes.es\/martes-neologico\/invisibilizar\/\" \/>\n<meta property=\"og:site_name\" content=\"Martes Neol\u00f3gico\" \/>\n<meta property=\"article:published_time\" content=\"2018-05-08T05:00:57+00:00\" \/>\n<meta property=\"article:modified_time\" content=\"2023-07-24T12:28:59+00:00\" \/>\n<meta property=\"og:image\" content=\"http:\/\/blogscvc.cervantes.es\/martes-neologico\/wp-content\/uploads\/sites\/2\/2018\/04\/invisibilizar_350.jpg\" \/>\n\t<meta property=\"og:image:width\" content=\"750\" \/>\n\t<meta property=\"og:image:height\" content=\"350\" \/>\n\t<meta property=\"og:image:type\" content=\"image\/jpeg\" \/>\n<meta name=\"author\" content=\"admin\" \/>\n<meta name=\"twitter:card\" content=\"summary_large_image\" \/>\n<meta name=\"twitter:label1\" content=\"Escrito por\" \/>\n\t<meta name=\"twitter:data1\" content=\"admin\" \/>\n\t<meta name=\"twitter:label2\" content=\"Tiempo de lectura\" \/>\n\t<meta name=\"twitter:data2\" content=\"7 minutos\" \/>\n<script type=\"application\/ld+json\" class=\"yoast-schema-graph\">{\"@context\":\"https:\/\/schema.org\",\"@graph\":[{\"@type\":\"Article\",\"@id\":\"https:\/\/blogscvc.cervantes.es\/martes-neologico\/invisibilizar\/#article\",\"isPartOf\":{\"@id\":\"https:\/\/blogscvc.cervantes.es\/martes-neologico\/invisibilizar\/\"},\"author\":{\"name\":\"admin\",\"@id\":\"https:\/\/blogscvc.cervantes.es\/martes-neologico\/#\/schema\/person\/7e2fd26f886f53b1b2e81721d23acc47\"},\"headline\":\"invisibilizar v. tr.\",\"datePublished\":\"2018-05-08T05:00:57+00:00\",\"dateModified\":\"2023-07-24T12:28:59+00:00\",\"mainEntityOfPage\":{\"@id\":\"https:\/\/blogscvc.cervantes.es\/martes-neologico\/invisibilizar\/\"},\"wordCount\":1394,\"commentCount\":2,\"publisher\":{\"@id\":\"https:\/\/blogscvc.cervantes.es\/martes-neologico\/#organization\"},\"articleSection\":[\"diccionarizado\",\"sociedad\",\"sufijaci\u00f3n\"],\"inLanguage\":\"es\",\"potentialAction\":[{\"@type\":\"CommentAction\",\"name\":\"Comment\",\"target\":[\"https:\/\/blogscvc.cervantes.es\/martes-neologico\/invisibilizar\/#respond\"]}]},{\"@type\":\"WebPage\",\"@id\":\"https:\/\/blogscvc.cervantes.es\/martes-neologico\/invisibilizar\/\",\"url\":\"https:\/\/blogscvc.cervantes.es\/martes-neologico\/invisibilizar\/\",\"name\":\"CVC. Invisibilizar | Martes Neol\u00f3gico\",\"isPartOf\":{\"@id\":\"https:\/\/blogscvc.cervantes.es\/martes-neologico\/#website\"},\"datePublished\":\"2018-05-08T05:00:57+00:00\",\"dateModified\":\"2023-07-24T12:28:59+00:00\",\"description\":\"Art\u00edculo sobre el neologismo \u00abinvisibilizar\u00bb, dentro del blog Martes Neol\u00f3gico del Centro Virtual Cervantes.\",\"breadcrumb\":{\"@id\":\"https:\/\/blogscvc.cervantes.es\/martes-neologico\/invisibilizar\/#breadcrumb\"},\"inLanguage\":\"es\",\"potentialAction\":[{\"@type\":\"ReadAction\",\"target\":[\"https:\/\/blogscvc.cervantes.es\/martes-neologico\/invisibilizar\/\"]}]},{\"@type\":\"BreadcrumbList\",\"@id\":\"https:\/\/blogscvc.cervantes.es\/martes-neologico\/invisibilizar\/#breadcrumb\",\"itemListElement\":[{\"@type\":\"ListItem\",\"position\":1,\"name\":\"Portada\",\"item\":\"https:\/\/blogscvc.cervantes.es\/martes-neologico\/\"},{\"@type\":\"ListItem\",\"position\":2,\"name\":\"invisibilizar v. tr.\"}]},{\"@type\":\"WebSite\",\"@id\":\"https:\/\/blogscvc.cervantes.es\/martes-neologico\/#website\",\"url\":\"https:\/\/blogscvc.cervantes.es\/martes-neologico\/\",\"name\":\"Martes Neol\u00f3gico\",\"description\":\"Cada martes, una palabra nueva que podr\u00eda estar en el diccionario\",\"publisher\":{\"@id\":\"https:\/\/blogscvc.cervantes.es\/martes-neologico\/#organization\"},\"potentialAction\":[{\"@type\":\"SearchAction\",\"target\":{\"@type\":\"EntryPoint\",\"urlTemplate\":\"https:\/\/blogscvc.cervantes.es\/martes-neologico\/?s={search_term_string}\"},\"query-input\":\"required name=search_term_string\"}],\"inLanguage\":\"es\"},{\"@type\":\"Organization\",\"@id\":\"https:\/\/blogscvc.cervantes.es\/martes-neologico\/#organization\",\"name\":\"Martes Neol\u00f3gico\",\"url\":\"https:\/\/blogscvc.cervantes.es\/martes-neologico\/\",\"logo\":{\"@type\":\"ImageObject\",\"inLanguage\":\"es\",\"@id\":\"https:\/\/blogscvc.cervantes.es\/martes-neologico\/#\/schema\/logo\/image\/\",\"url\":\"https:\/\/blogscvc.cervantes.es\/martes-neologico\/wp-content\/uploads\/sites\/2\/2025\/10\/logo-martes-neologico-10-anos.png\",\"contentUrl\":\"https:\/\/blogscvc.cervantes.es\/martes-neologico\/wp-content\/uploads\/sites\/2\/2025\/10\/logo-martes-neologico-10-anos.png\",\"width\":300,\"height\":100,\"caption\":\"Martes Neol\u00f3gico\"},\"image\":{\"@id\":\"https:\/\/blogscvc.cervantes.es\/martes-neologico\/#\/schema\/logo\/image\/\"}},{\"@type\":\"Person\",\"@id\":\"https:\/\/blogscvc.cervantes.es\/martes-neologico\/#\/schema\/person\/7e2fd26f886f53b1b2e81721d23acc47\",\"name\":\"admin\",\"image\":{\"@type\":\"ImageObject\",\"inLanguage\":\"es\",\"@id\":\"https:\/\/blogscvc.cervantes.es\/martes-neologico\/#\/schema\/person\/image\/\",\"url\":\"https:\/\/secure.gravatar.com\/avatar\/c4b6a365b64e607f3d2ecd9620a7675a?s=96&d=mm&r=g\",\"contentUrl\":\"https:\/\/secure.gravatar.com\/avatar\/c4b6a365b64e607f3d2ecd9620a7675a?s=96&d=mm&r=g\",\"caption\":\"admin\"},\"url\":\"https:\/\/blogscvc.cervantes.es\/martes-neologico\/author\/admin\/\"}]}<\/script>\n<!-- \/ Yoast SEO plugin. -->","yoast_head_json":{"title":"CVC. Invisibilizar | Martes Neol\u00f3gico","description":"Art\u00edculo sobre el neologismo \u00abinvisibilizar\u00bb, dentro del blog Martes Neol\u00f3gico del Centro Virtual Cervantes.","robots":{"index":"index","follow":"follow","max-snippet":"max-snippet:-1","max-image-preview":"max-image-preview:large","max-video-preview":"max-video-preview:-1"},"canonical":"https:\/\/blogscvc.cervantes.es\/martes-neologico\/invisibilizar\/","og_locale":"es_ES","og_type":"article","og_title":"CVC. Invisibilizar | Martes Neol\u00f3gico","og_description":"Art\u00edculo sobre el neologismo \u00abinvisibilizar\u00bb, dentro del blog Martes Neol\u00f3gico del Centro Virtual Cervantes.","og_url":"https:\/\/blogscvc.cervantes.es\/martes-neologico\/invisibilizar\/","og_site_name":"Martes Neol\u00f3gico","article_published_time":"2018-05-08T05:00:57+00:00","article_modified_time":"2023-07-24T12:28:59+00:00","og_image":[{"width":750,"height":350,"url":"http:\/\/blogscvc.cervantes.es\/martes-neologico\/wp-content\/uploads\/sites\/2\/2018\/04\/invisibilizar_350.jpg","type":"image\/jpeg"}],"author":"admin","twitter_card":"summary_large_image","twitter_misc":{"Escrito por":"admin","Tiempo de lectura":"7 minutos"},"schema":{"@context":"https:\/\/schema.org","@graph":[{"@type":"Article","@id":"https:\/\/blogscvc.cervantes.es\/martes-neologico\/invisibilizar\/#article","isPartOf":{"@id":"https:\/\/blogscvc.cervantes.es\/martes-neologico\/invisibilizar\/"},"author":{"name":"admin","@id":"https:\/\/blogscvc.cervantes.es\/martes-neologico\/#\/schema\/person\/7e2fd26f886f53b1b2e81721d23acc47"},"headline":"invisibilizar v. tr.","datePublished":"2018-05-08T05:00:57+00:00","dateModified":"2023-07-24T12:28:59+00:00","mainEntityOfPage":{"@id":"https:\/\/blogscvc.cervantes.es\/martes-neologico\/invisibilizar\/"},"wordCount":1394,"commentCount":2,"publisher":{"@id":"https:\/\/blogscvc.cervantes.es\/martes-neologico\/#organization"},"articleSection":["diccionarizado","sociedad","sufijaci\u00f3n"],"inLanguage":"es","potentialAction":[{"@type":"CommentAction","name":"Comment","target":["https:\/\/blogscvc.cervantes.es\/martes-neologico\/invisibilizar\/#respond"]}]},{"@type":"WebPage","@id":"https:\/\/blogscvc.cervantes.es\/martes-neologico\/invisibilizar\/","url":"https:\/\/blogscvc.cervantes.es\/martes-neologico\/invisibilizar\/","name":"CVC. Invisibilizar | Martes Neol\u00f3gico","isPartOf":{"@id":"https:\/\/blogscvc.cervantes.es\/martes-neologico\/#website"},"datePublished":"2018-05-08T05:00:57+00:00","dateModified":"2023-07-24T12:28:59+00:00","description":"Art\u00edculo sobre el neologismo \u00abinvisibilizar\u00bb, dentro del blog Martes Neol\u00f3gico del Centro Virtual Cervantes.","breadcrumb":{"@id":"https:\/\/blogscvc.cervantes.es\/martes-neologico\/invisibilizar\/#breadcrumb"},"inLanguage":"es","potentialAction":[{"@type":"ReadAction","target":["https:\/\/blogscvc.cervantes.es\/martes-neologico\/invisibilizar\/"]}]},{"@type":"BreadcrumbList","@id":"https:\/\/blogscvc.cervantes.es\/martes-neologico\/invisibilizar\/#breadcrumb","itemListElement":[{"@type":"ListItem","position":1,"name":"Portada","item":"https:\/\/blogscvc.cervantes.es\/martes-neologico\/"},{"@type":"ListItem","position":2,"name":"invisibilizar v. tr."}]},{"@type":"WebSite","@id":"https:\/\/blogscvc.cervantes.es\/martes-neologico\/#website","url":"https:\/\/blogscvc.cervantes.es\/martes-neologico\/","name":"Martes Neol\u00f3gico","description":"Cada martes, una palabra nueva que podr\u00eda estar en el diccionario","publisher":{"@id":"https:\/\/blogscvc.cervantes.es\/martes-neologico\/#organization"},"potentialAction":[{"@type":"SearchAction","target":{"@type":"EntryPoint","urlTemplate":"https:\/\/blogscvc.cervantes.es\/martes-neologico\/?s={search_term_string}"},"query-input":"required name=search_term_string"}],"inLanguage":"es"},{"@type":"Organization","@id":"https:\/\/blogscvc.cervantes.es\/martes-neologico\/#organization","name":"Martes Neol\u00f3gico","url":"https:\/\/blogscvc.cervantes.es\/martes-neologico\/","logo":{"@type":"ImageObject","inLanguage":"es","@id":"https:\/\/blogscvc.cervantes.es\/martes-neologico\/#\/schema\/logo\/image\/","url":"https:\/\/blogscvc.cervantes.es\/martes-neologico\/wp-content\/uploads\/sites\/2\/2025\/10\/logo-martes-neologico-10-anos.png","contentUrl":"https:\/\/blogscvc.cervantes.es\/martes-neologico\/wp-content\/uploads\/sites\/2\/2025\/10\/logo-martes-neologico-10-anos.png","width":300,"height":100,"caption":"Martes Neol\u00f3gico"},"image":{"@id":"https:\/\/blogscvc.cervantes.es\/martes-neologico\/#\/schema\/logo\/image\/"}},{"@type":"Person","@id":"https:\/\/blogscvc.cervantes.es\/martes-neologico\/#\/schema\/person\/7e2fd26f886f53b1b2e81721d23acc47","name":"admin","image":{"@type":"ImageObject","inLanguage":"es","@id":"https:\/\/blogscvc.cervantes.es\/martes-neologico\/#\/schema\/person\/image\/","url":"https:\/\/secure.gravatar.com\/avatar\/c4b6a365b64e607f3d2ecd9620a7675a?s=96&d=mm&r=g","contentUrl":"https:\/\/secure.gravatar.com\/avatar\/c4b6a365b64e607f3d2ecd9620a7675a?s=96&d=mm&r=g","caption":"admin"},"url":"https:\/\/blogscvc.cervantes.es\/martes-neologico\/author\/admin\/"}]}},"_links":{"self":[{"href":"https:\/\/blogscvc.cervantes.es\/martes-neologico\/wp-json\/wp\/v2\/posts\/2565"}],"collection":[{"href":"https:\/\/blogscvc.cervantes.es\/martes-neologico\/wp-json\/wp\/v2\/posts"}],"about":[{"href":"https:\/\/blogscvc.cervantes.es\/martes-neologico\/wp-json\/wp\/v2\/types\/post"}],"author":[{"embeddable":true,"href":"https:\/\/blogscvc.cervantes.es\/martes-neologico\/wp-json\/wp\/v2\/users\/1"}],"replies":[{"embeddable":true,"href":"https:\/\/blogscvc.cervantes.es\/martes-neologico\/wp-json\/wp\/v2\/comments?post=2565"}],"version-history":[{"count":4,"href":"https:\/\/blogscvc.cervantes.es\/martes-neologico\/wp-json\/wp\/v2\/posts\/2565\/revisions"}],"predecessor-version":[{"id":11618,"href":"https:\/\/blogscvc.cervantes.es\/martes-neologico\/wp-json\/wp\/v2\/posts\/2565\/revisions\/11618"}],"wp:featuredmedia":[{"embeddable":true,"href":"https:\/\/blogscvc.cervantes.es\/martes-neologico\/wp-json\/wp\/v2\/media\/2566"}],"wp:attachment":[{"href":"https:\/\/blogscvc.cervantes.es\/martes-neologico\/wp-json\/wp\/v2\/media?parent=2565"}],"wp:term":[{"taxonomy":"category","embeddable":true,"href":"https:\/\/blogscvc.cervantes.es\/martes-neologico\/wp-json\/wp\/v2\/categories?post=2565"},{"taxonomy":"post_tag","embeddable":true,"href":"https:\/\/blogscvc.cervantes.es\/martes-neologico\/wp-json\/wp\/v2\/tags?post=2565"}],"curies":[{"name":"wp","href":"https:\/\/api.w.org\/{rel}","templated":true}]}}