{"id":2581,"date":"2018-05-29T07:00:52","date_gmt":"2018-05-29T05:00:52","guid":{"rendered":"http:\/\/blogscvc.cervantes.es\/martes-neologico\/?p=2581"},"modified":"2025-07-31T12:17:00","modified_gmt":"2025-07-31T10:17:00","slug":"marmitako","status":"publish","type":"post","link":"https:\/\/blogscvc.cervantes.es\/martes-neologico\/marmitako\/","title":{"rendered":"marmitako <em>m.<\/em>"},"content":{"rendered":"<p>El nombre <em>marmitako <\/em>tiene mucha vitalidad como m\u00ednimo en el espa\u00f1ol hablado en el Pa\u00eds Vasco, y hace referencia a un guiso tradicional de patatas y at\u00fan o bonito. <em>Marmitako<\/em> tiene su origen en un sintagma cuyo n\u00facleo es una posposici\u00f3n que en esta lengua es habitualmente un sufijo. &#8211;<em>Ko<\/em> es m\u00e1s o menos similar en su amplio contenido l\u00e9xico a la preposici\u00f3n espa\u00f1ola <em>de<\/em>, y en lengua vasca <em>marmitako<\/em> es literalmente \u2018de marmita\u2019. <em>Marmita<\/em> es un sustantivo perfectamente asimilado en la lengua espa\u00f1ola, aunque seg\u00fan la Real Academia Espa\u00f1ola proviene del franc\u00e9s <em>marmite<\/em>. <em>Marmita<\/em> no goza de mucha vitalidad dentro de la lengua vasca actual, pero est\u00e1 recogido en el diccionario de la <a href=\"http:\/\/www.euskaltzaindia.eus\/index.php?sarrera=marmita&amp;option=com_hiztegian%20bilatu&amp;view=frontpage&amp;Itemid=410&amp;lang=eu&amp;bila=bai\">Academia de la Lengua Vasca<\/a>, y tiene una documentaci\u00f3n tard\u00eda (1860), aunque curiosamente centrada en la zona del Pa\u00eds Vasco en la que adem\u00e1s del euskera se habla espa\u00f1ol.<\/p>\n<figure id=\"attachment_118\" aria-describedby=\"caption-attachment-118\" style=\"width: 750px\" class=\"wp-caption aligncenter\"><a href=\"http:\/\/blogscvc.cervantes.es\/martes-neologico\/wp-content\/uploads\/sites\/2\/2018\/04\/marmitako_500.jpg\"><img decoding=\"async\" loading=\"lazy\" class=\"alignnone size-full wp-image-1739\" src=\"http:\/\/blogscvc.cervantes.es\/martes-neologico\/wp-content\/uploads\/sites\/2\/2018\/04\/marmitako_500.jpg\" alt=\"Raci\u00f3n de marmitako.\" width=\"750\" height=\"500\"><\/a><figcaption id=\"caption-attachment-118\" class=\"wp-caption-text\">Javier Mart\u00ednez Orozko<\/figcaption><\/figure>\n<p>En la lengua vasca actual <em>marmitako <\/em>se sigue usando como sintagma posposicional de la sintaxis libre, coloc\u00e1ndose a la izquierda de un nombre para modificarlo: <em>Marmitako esnea edango dugu<\/em> literalmente \u2018marmita-de leche-el\/la beberemos\u2019 (\u2018beberemos la leche de la marmita\u2019). Adem\u00e1s, dependiendo del contexto pragm\u00e1tico el sustantivo puede ser eludido: <em>Marmitakoa edango dugu <\/em>literalmente \u2018marmita-de-la beberemos\u2019 (\u2018beberemos el\/la de la marmita\u2019). De cualquier manera el hablante vasco percibe perfectamente la presencia de <em>marmita <\/em>en el uso de <em>marmitako<\/em> como sustantivo o como sintagma posposicional, y distingue las dos frases anteriores de esta otra: <em>Marmitakoa jango dugu <\/em>literalmente \u2018marmita-de-la comeremos (\u2018comeremos el marmitako\u2019).<\/p>\n<p><em>Marmitako <\/em>es as\u00ed el producto de la lexicalizaci\u00f3n de un sintagma posposicional vasco, en el que de alguna manera se ha perdido la conciencia de la presencia de la posposici\u00f3n <em>-ko <\/em>y tambi\u00e9n su uso libre en la sintaxis original: frente a los dos usos posposicionales (con traducciones \u2018beberemos la leche de la marmita, beberemos la de la marmita\u2019), el nombre <em>marmitako <\/em>tiene las funciones habituales de un sustantivo en \u2018comeremos marmitako\u2019 y como tal, no puede modificar en estos casos a otro sustantivo, cuando contiene la referencia a este guiso.<\/p>\n<p>En espa\u00f1ol la presencia de la posposici\u00f3n vasca no es, por supuesto, percibida en absoluto por el hablante, y tampoco el nombre tiene ninguna funci\u00f3n propia de los sintagmas preposicionales. De hecho, no existe un nombre patrimonial para hacer referencia espec\u00edfica al guiso. Aun as\u00ed el sustantivo parece tratarse de dos maneras distintas en lo que a su capacidad referencial se refiere. Por un lado, puede tomar el art\u00edculo definido que confiere a sustantivos de comidas alg\u00fan tipo naturaleza cercana al nombre propio:<\/p>\n<ul>\n<li>Se destacan como platos t\u00edpicos las kokotzas de merluza, el besugo a la parrilla, el <strong>marmitako<\/strong> \u2014guiso con bonito y patatas\u2014 y el txangurro \u2014centollo\u2014. [<em>El Espectador <\/em>(Colombia), 21\/08\/2014]<\/li>\n<\/ul>\n<p>Tambi\u00e9n aparece en otros tipos de sintagmas nominales con diferentes art\u00edculos:<\/p>\n<ul>\n<li>Pues hacer eso es como comparar un <strong>marmitako<\/strong> con un plato de altramuces; ambos est\u00e1n ricos, pero pertenecen a diferentes momentos gastron\u00f3micos. [<em>El<\/em> <em>Pa\u00eds<\/em> (Espa\u00f1a), 4\/08\/2016]<\/li>\n<\/ul>\n<p>Se dir\u00eda que esta sintaxis es absolutamente est\u00e1ndar con sustantivos patrimoniales como <em>la tortilla francesa <\/em>que junto al art\u00edculo determinado adquieren alg\u00fan tipo de lectura gen\u00e9rica. Por otro lado, tanto el t\u00e9rmino <em>marmitako <\/em>que nos ocupa como <em>tortilla francesa <\/em>del ejemplo anterior, pueden aparecer sin art\u00edculo, como corresponde a la subcategor\u00eda nominal de los no contables:<\/p>\n<ul>\n<li>Los miembros de las sociedades gastron\u00f3micas (<em>txokos<\/em>) preparan ese d\u00eda <strong>marmitako<\/strong> y bonito para todos, hay regatas, tamborrada, gansos, cuca\u00f1a en el puerto y pasacalles, adem\u00e1s de la tradicional bajada de la figura de Leokadi desde la iglesia de Santa Mar\u00eda. [<em>El Pa\u00eds <\/em>(Espa\u00f1a), 20\/07\/2015]<\/li>\n<\/ul>\n<p>Dependiendo del hablante o escritor, parece existir a veces la necesidad de a\u00f1adir una descripci\u00f3n a lo que en realidad se pudiera tomar como un nombre propio. Esta descripci\u00f3n que resulta redundante para los hablantes que conocen el <em>marmitako<\/em>, muestra efectivamente que no es plena su introducci\u00f3n en la lengua espa\u00f1ola:<\/p>\n<ul>\n<li>Si hace fr\u00edo pruebe <strong>el marmitako de bonito<\/strong> (S\/.25), un reconfortante guiso caldoso inventado por pescadores. [<em>Correo Per\u00fa<\/em> (Per\u00fa), 27\/07\/2014]<\/li>\n<\/ul>\n<p>En cuanto a su presencia lexicogr\u00e1fica, <em>marmitako<\/em> aparece, con esta graf\u00eda (a pesar de que en la red es frecuente encontrarla adaptada bajo la forma <em>marmitaco<\/em>), en Alvar1, Alvar2, <em>Clave <\/em>y <em>DEA<\/em>, y se constata su ausencia en diccionarios de otras lenguas (catal\u00e1n, italiano, franc\u00e9s, portugu\u00e9s o ingl\u00e9s). Todos los diccionarios coinciden en mantener la graf\u00eda original, con la &#8211;<em>k<\/em>-, cosa que nos lleva a hacer una serie de consideraciones sobre la adaptaci\u00f3n de esta y otras palabras vascas a la graf\u00eda espa\u00f1ola.<\/p>\n<p>La lengua vasca y la espa\u00f1ola no tienen un sistema fon\u00e9tico excesivamente alejado, pero s\u00ed es cierto que la normativizaci\u00f3n tard\u00eda del euskera ha propiciado el establecimiento de una ortograf\u00eda m\u00e1s fon\u00e9tica que la castellana. Ci\u00f1\u00e9ndonos exclusivamente al caso de las velares como en &#8211;<em>ko<\/em>, se pueden considerar en los diccionarios los casos de los t\u00e9rminos que en lengua vasca se escribir\u00edan <em>aizkolari<\/em>,<em> aurresku<\/em>,<em> euskera<\/em>,<em> ikastola<\/em>,<em> ikurri\u00f1a <\/em>o <em>kokotxa<\/em>, para dar una revisi\u00f3n somera de esta cuesti\u00f3n. Estos pr\u00e9stamos han corrido muy distinta suerte seg\u00fan los diccionarios, seg\u00fan la graf\u00eda y fonema en cuesti\u00f3n, y seguramente seg\u00fan la vitalidad o fuerza visual en cada caso de la propia ortograf\u00eda vasca al pasar a otro idioma.<\/p>\n<p>Las mayores inestabilidades en la adaptaci\u00f3n de t\u00e9rminos vascos se manifiestan precisamente en este \u00e1mbito de las graf\u00edas <em>c<\/em> y<em> qu <\/em>castellanas, que muestran una relaci\u00f3n m\u00e1s intrincada con sus correspondientes fon\u00e9ticos. Las velares sordas (muy similares a las espa\u00f1olas <em>ca<\/em>,<em> que<\/em>,<em> qui<\/em>,<em> co<\/em>,<em> cu<\/em>) son exclusivamente representadas en euskera por la graf\u00eda <em>k <\/em>(<em>ka<\/em>,<em> ke<\/em>,<em> ki<\/em>,<em> ko<\/em>,<em> ku<\/em>)<em>, <\/em>que, al pasar al castellano, ha sido respetada en casos como el de <em>ikurri\u00f1a<\/em>. Entendemos que esto ha sido as\u00ed por lo que hemos llamado fuerza visual de la graf\u00eda original. Algo similar podemos decir de la palabra <em>ikastola <\/em>o <em>lehendakari<\/em>, de las que no hemos encontrado versiones con la graf\u00eda <em>c <\/em>en los diccionarios que hemos consultado. Es cierto que la graf\u00eda <em>k <\/em>s\u00ed existe en el idioma castellano, y no parece que su uso, aun minoritario, pueda ser problem\u00e1tico, ya que puede facilitar la lectura de la velar sorda de la misma manera que la graf\u00eda <em>c <\/em>(ante vocales no palatales). Aun as\u00ed, hemos encontrado <em>aizcolari <\/em>o <em>chacol\u00ed<\/em>, que no parecen ser congruentes con la tendencia general. El caso de <em>euskera <\/em>es distinto, puesto que la variante <em>eusquera <\/em>s\u00ed se puede encontrar en los diccionarios. M\u00e1s all\u00e1 de lo inusual que pueda resultar para un vascoparlante esta ortograf\u00eda en el idioma castellano, a favor de la <em>k <\/em>se puede decir que simplemente es m\u00e1s sencilla, y como decimos, no propicia ning\u00fan problema de pronunciaci\u00f3n. Para <em>marmitako <\/em>en particular, podemos argumentar en el mismo sentido y abogar por mantener la graf\u00eda original.<\/p>\n<p>Juan Carlos Odriozola<br \/>\nEuskal Herriko Unibertsitatea (Espa\u00f1a)<\/p>\n","protected":false},"excerpt":{"rendered":"<p>El nombre <em>marmitako <\/em>tiene mucha vitalidad como m\u00ednimo en el espa\u00f1ol hablado en el Pa\u00eds Vasco, y hace referencia a un guiso tradicional de patatas y at\u00fan o bonito. <em>Marmitako<\/em> tiene su origen en un sintagma cuyo n\u00facleo es una posposici\u00f3n que en esta lengua es habitualmente un sufijo. &#8211;<em>Ko<\/em> es m\u00e1s o menos similar en su amplio contenido l\u00e9xico a la preposici\u00f3n espa\u00f1ola <em>de<\/em>, y en lengua vasca <em>marmitako<\/em> es literalmente \u2018de marmita\u2019. <em>Marmita<\/em> es un sustantivo perfectamente asimilado en la lengua espa\u00f1ola, aunque seg\u00fan la Real Academia Espa\u00f1ola proviene del franc\u00e9s <em>marmite<\/em>. <em>Marmita<\/em> no goza de mucha vitalidad dentro de la lengua vasca actual, pero est\u00e1 recogido en el diccionario de la Academia de la Lengua Vasca, y tiene una documentaci\u00f3n tard\u00eda (1860), aunque curiosamente centrada en la zona del Pa\u00eds Vasco en la que adem\u00e1s del euskera se habla espa\u00f1ol.<\/p>\n","protected":false},"author":1,"featured_media":2583,"comment_status":"open","ping_status":"open","sticky":false,"template":"","format":"standard","meta":{"_mi_skip_tracking":false,"_s2mail":"yes"},"categories":[206,20,274,283],"tags":[],"yoast_head":"<!-- This site is optimized with the Yoast SEO plugin v20.6 - https:\/\/yoast.com\/wordpress\/plugins\/seo\/ -->\n<title>CVC. Marmitako | Martes Neol\u00f3gico<\/title>\n<meta name=\"description\" content=\"Art\u00edculo sobre el neologismo \u00abmarmitako\u00bb, dentro del blog Martes Neol\u00f3gico del Centro Virtual Cervantes.\" \/>\n<meta name=\"robots\" content=\"index, follow, max-snippet:-1, max-image-preview:large, max-video-preview:-1\" \/>\n<link rel=\"canonical\" href=\"https:\/\/blogscvc.cervantes.es\/martes-neologico\/marmitako\/\" \/>\n<meta property=\"og:locale\" content=\"es_ES\" \/>\n<meta property=\"og:type\" content=\"article\" \/>\n<meta property=\"og:title\" content=\"CVC. Marmitako | Martes Neol\u00f3gico\" \/>\n<meta property=\"og:description\" content=\"Art\u00edculo sobre el neologismo \u00abmarmitako\u00bb, dentro del blog Martes Neol\u00f3gico del Centro Virtual Cervantes.\" \/>\n<meta property=\"og:url\" content=\"https:\/\/blogscvc.cervantes.es\/martes-neologico\/marmitako\/\" \/>\n<meta property=\"og:site_name\" content=\"Martes Neol\u00f3gico\" \/>\n<meta property=\"article:published_time\" content=\"2018-05-29T05:00:52+00:00\" \/>\n<meta property=\"article:modified_time\" content=\"2025-07-31T10:17:00+00:00\" \/>\n<meta property=\"og:image\" content=\"http:\/\/blogscvc.cervantes.es\/martes-neologico\/wp-content\/uploads\/sites\/2\/2018\/04\/marmitako_350.jpg\" \/>\n\t<meta property=\"og:image:width\" content=\"750\" \/>\n\t<meta property=\"og:image:height\" content=\"350\" \/>\n\t<meta property=\"og:image:type\" content=\"image\/jpeg\" \/>\n<meta name=\"author\" content=\"admin\" \/>\n<meta name=\"twitter:card\" content=\"summary_large_image\" \/>\n<meta name=\"twitter:label1\" content=\"Escrito por\" \/>\n\t<meta name=\"twitter:data1\" content=\"admin\" \/>\n\t<meta name=\"twitter:label2\" content=\"Tiempo de lectura\" \/>\n\t<meta name=\"twitter:data2\" content=\"6 minutos\" \/>\n<script type=\"application\/ld+json\" class=\"yoast-schema-graph\">{\"@context\":\"https:\/\/schema.org\",\"@graph\":[{\"@type\":\"Article\",\"@id\":\"https:\/\/blogscvc.cervantes.es\/martes-neologico\/marmitako\/#article\",\"isPartOf\":{\"@id\":\"https:\/\/blogscvc.cervantes.es\/martes-neologico\/marmitako\/\"},\"author\":{\"name\":\"admin\",\"@id\":\"https:\/\/blogscvc.cervantes.es\/martes-neologico\/#\/schema\/person\/7e2fd26f886f53b1b2e81721d23acc47\"},\"headline\":\"marmitako m.\",\"datePublished\":\"2018-05-29T05:00:52+00:00\",\"dateModified\":\"2025-07-31T10:17:00+00:00\",\"mainEntityOfPage\":{\"@id\":\"https:\/\/blogscvc.cervantes.es\/martes-neologico\/marmitako\/\"},\"wordCount\":1233,\"commentCount\":2,\"publisher\":{\"@id\":\"https:\/\/blogscvc.cervantes.es\/martes-neologico\/#organization\"},\"articleSection\":[\"diccionarizado\",\"gastronom\u00eda\",\"pr\u00e9stamo\",\"vasco\"],\"inLanguage\":\"es\",\"potentialAction\":[{\"@type\":\"CommentAction\",\"name\":\"Comment\",\"target\":[\"https:\/\/blogscvc.cervantes.es\/martes-neologico\/marmitako\/#respond\"]}]},{\"@type\":\"WebPage\",\"@id\":\"https:\/\/blogscvc.cervantes.es\/martes-neologico\/marmitako\/\",\"url\":\"https:\/\/blogscvc.cervantes.es\/martes-neologico\/marmitako\/\",\"name\":\"CVC. Marmitako | Martes Neol\u00f3gico\",\"isPartOf\":{\"@id\":\"https:\/\/blogscvc.cervantes.es\/martes-neologico\/#website\"},\"datePublished\":\"2018-05-29T05:00:52+00:00\",\"dateModified\":\"2025-07-31T10:17:00+00:00\",\"description\":\"Art\u00edculo sobre el neologismo \u00abmarmitako\u00bb, dentro del blog Martes Neol\u00f3gico del Centro Virtual Cervantes.\",\"breadcrumb\":{\"@id\":\"https:\/\/blogscvc.cervantes.es\/martes-neologico\/marmitako\/#breadcrumb\"},\"inLanguage\":\"es\",\"potentialAction\":[{\"@type\":\"ReadAction\",\"target\":[\"https:\/\/blogscvc.cervantes.es\/martes-neologico\/marmitako\/\"]}]},{\"@type\":\"BreadcrumbList\",\"@id\":\"https:\/\/blogscvc.cervantes.es\/martes-neologico\/marmitako\/#breadcrumb\",\"itemListElement\":[{\"@type\":\"ListItem\",\"position\":1,\"name\":\"Portada\",\"item\":\"https:\/\/blogscvc.cervantes.es\/martes-neologico\/\"},{\"@type\":\"ListItem\",\"position\":2,\"name\":\"marmitako m.\"}]},{\"@type\":\"WebSite\",\"@id\":\"https:\/\/blogscvc.cervantes.es\/martes-neologico\/#website\",\"url\":\"https:\/\/blogscvc.cervantes.es\/martes-neologico\/\",\"name\":\"Martes Neol\u00f3gico\",\"description\":\"Cada martes, una palabra nueva que podr\u00eda estar en el diccionario\",\"publisher\":{\"@id\":\"https:\/\/blogscvc.cervantes.es\/martes-neologico\/#organization\"},\"potentialAction\":[{\"@type\":\"SearchAction\",\"target\":{\"@type\":\"EntryPoint\",\"urlTemplate\":\"https:\/\/blogscvc.cervantes.es\/martes-neologico\/?s={search_term_string}\"},\"query-input\":\"required name=search_term_string\"}],\"inLanguage\":\"es\"},{\"@type\":\"Organization\",\"@id\":\"https:\/\/blogscvc.cervantes.es\/martes-neologico\/#organization\",\"name\":\"Martes Neol\u00f3gico\",\"url\":\"https:\/\/blogscvc.cervantes.es\/martes-neologico\/\",\"logo\":{\"@type\":\"ImageObject\",\"inLanguage\":\"es\",\"@id\":\"https:\/\/blogscvc.cervantes.es\/martes-neologico\/#\/schema\/logo\/image\/\",\"url\":\"https:\/\/blogscvc.cervantes.es\/martes-neologico\/wp-content\/uploads\/sites\/2\/2025\/10\/logo-martes-neologico-10-anos.png\",\"contentUrl\":\"https:\/\/blogscvc.cervantes.es\/martes-neologico\/wp-content\/uploads\/sites\/2\/2025\/10\/logo-martes-neologico-10-anos.png\",\"width\":300,\"height\":100,\"caption\":\"Martes Neol\u00f3gico\"},\"image\":{\"@id\":\"https:\/\/blogscvc.cervantes.es\/martes-neologico\/#\/schema\/logo\/image\/\"}},{\"@type\":\"Person\",\"@id\":\"https:\/\/blogscvc.cervantes.es\/martes-neologico\/#\/schema\/person\/7e2fd26f886f53b1b2e81721d23acc47\",\"name\":\"admin\",\"image\":{\"@type\":\"ImageObject\",\"inLanguage\":\"es\",\"@id\":\"https:\/\/blogscvc.cervantes.es\/martes-neologico\/#\/schema\/person\/image\/\",\"url\":\"https:\/\/secure.gravatar.com\/avatar\/c4b6a365b64e607f3d2ecd9620a7675a?s=96&d=mm&r=g\",\"contentUrl\":\"https:\/\/secure.gravatar.com\/avatar\/c4b6a365b64e607f3d2ecd9620a7675a?s=96&d=mm&r=g\",\"caption\":\"admin\"},\"url\":\"https:\/\/blogscvc.cervantes.es\/martes-neologico\/author\/admin\/\"}]}<\/script>\n<!-- \/ Yoast SEO plugin. -->","yoast_head_json":{"title":"CVC. Marmitako | Martes Neol\u00f3gico","description":"Art\u00edculo sobre el neologismo \u00abmarmitako\u00bb, dentro del blog Martes Neol\u00f3gico del Centro Virtual Cervantes.","robots":{"index":"index","follow":"follow","max-snippet":"max-snippet:-1","max-image-preview":"max-image-preview:large","max-video-preview":"max-video-preview:-1"},"canonical":"https:\/\/blogscvc.cervantes.es\/martes-neologico\/marmitako\/","og_locale":"es_ES","og_type":"article","og_title":"CVC. Marmitako | Martes Neol\u00f3gico","og_description":"Art\u00edculo sobre el neologismo \u00abmarmitako\u00bb, dentro del blog Martes Neol\u00f3gico del Centro Virtual Cervantes.","og_url":"https:\/\/blogscvc.cervantes.es\/martes-neologico\/marmitako\/","og_site_name":"Martes Neol\u00f3gico","article_published_time":"2018-05-29T05:00:52+00:00","article_modified_time":"2025-07-31T10:17:00+00:00","og_image":[{"width":750,"height":350,"url":"http:\/\/blogscvc.cervantes.es\/martes-neologico\/wp-content\/uploads\/sites\/2\/2018\/04\/marmitako_350.jpg","type":"image\/jpeg"}],"author":"admin","twitter_card":"summary_large_image","twitter_misc":{"Escrito por":"admin","Tiempo de lectura":"6 minutos"},"schema":{"@context":"https:\/\/schema.org","@graph":[{"@type":"Article","@id":"https:\/\/blogscvc.cervantes.es\/martes-neologico\/marmitako\/#article","isPartOf":{"@id":"https:\/\/blogscvc.cervantes.es\/martes-neologico\/marmitako\/"},"author":{"name":"admin","@id":"https:\/\/blogscvc.cervantes.es\/martes-neologico\/#\/schema\/person\/7e2fd26f886f53b1b2e81721d23acc47"},"headline":"marmitako m.","datePublished":"2018-05-29T05:00:52+00:00","dateModified":"2025-07-31T10:17:00+00:00","mainEntityOfPage":{"@id":"https:\/\/blogscvc.cervantes.es\/martes-neologico\/marmitako\/"},"wordCount":1233,"commentCount":2,"publisher":{"@id":"https:\/\/blogscvc.cervantes.es\/martes-neologico\/#organization"},"articleSection":["diccionarizado","gastronom\u00eda","pr\u00e9stamo","vasco"],"inLanguage":"es","potentialAction":[{"@type":"CommentAction","name":"Comment","target":["https:\/\/blogscvc.cervantes.es\/martes-neologico\/marmitako\/#respond"]}]},{"@type":"WebPage","@id":"https:\/\/blogscvc.cervantes.es\/martes-neologico\/marmitako\/","url":"https:\/\/blogscvc.cervantes.es\/martes-neologico\/marmitako\/","name":"CVC. Marmitako | Martes Neol\u00f3gico","isPartOf":{"@id":"https:\/\/blogscvc.cervantes.es\/martes-neologico\/#website"},"datePublished":"2018-05-29T05:00:52+00:00","dateModified":"2025-07-31T10:17:00+00:00","description":"Art\u00edculo sobre el neologismo \u00abmarmitako\u00bb, dentro del blog Martes Neol\u00f3gico del Centro Virtual Cervantes.","breadcrumb":{"@id":"https:\/\/blogscvc.cervantes.es\/martes-neologico\/marmitako\/#breadcrumb"},"inLanguage":"es","potentialAction":[{"@type":"ReadAction","target":["https:\/\/blogscvc.cervantes.es\/martes-neologico\/marmitako\/"]}]},{"@type":"BreadcrumbList","@id":"https:\/\/blogscvc.cervantes.es\/martes-neologico\/marmitako\/#breadcrumb","itemListElement":[{"@type":"ListItem","position":1,"name":"Portada","item":"https:\/\/blogscvc.cervantes.es\/martes-neologico\/"},{"@type":"ListItem","position":2,"name":"marmitako m."}]},{"@type":"WebSite","@id":"https:\/\/blogscvc.cervantes.es\/martes-neologico\/#website","url":"https:\/\/blogscvc.cervantes.es\/martes-neologico\/","name":"Martes Neol\u00f3gico","description":"Cada martes, una palabra nueva que podr\u00eda estar en el diccionario","publisher":{"@id":"https:\/\/blogscvc.cervantes.es\/martes-neologico\/#organization"},"potentialAction":[{"@type":"SearchAction","target":{"@type":"EntryPoint","urlTemplate":"https:\/\/blogscvc.cervantes.es\/martes-neologico\/?s={search_term_string}"},"query-input":"required name=search_term_string"}],"inLanguage":"es"},{"@type":"Organization","@id":"https:\/\/blogscvc.cervantes.es\/martes-neologico\/#organization","name":"Martes Neol\u00f3gico","url":"https:\/\/blogscvc.cervantes.es\/martes-neologico\/","logo":{"@type":"ImageObject","inLanguage":"es","@id":"https:\/\/blogscvc.cervantes.es\/martes-neologico\/#\/schema\/logo\/image\/","url":"https:\/\/blogscvc.cervantes.es\/martes-neologico\/wp-content\/uploads\/sites\/2\/2025\/10\/logo-martes-neologico-10-anos.png","contentUrl":"https:\/\/blogscvc.cervantes.es\/martes-neologico\/wp-content\/uploads\/sites\/2\/2025\/10\/logo-martes-neologico-10-anos.png","width":300,"height":100,"caption":"Martes Neol\u00f3gico"},"image":{"@id":"https:\/\/blogscvc.cervantes.es\/martes-neologico\/#\/schema\/logo\/image\/"}},{"@type":"Person","@id":"https:\/\/blogscvc.cervantes.es\/martes-neologico\/#\/schema\/person\/7e2fd26f886f53b1b2e81721d23acc47","name":"admin","image":{"@type":"ImageObject","inLanguage":"es","@id":"https:\/\/blogscvc.cervantes.es\/martes-neologico\/#\/schema\/person\/image\/","url":"https:\/\/secure.gravatar.com\/avatar\/c4b6a365b64e607f3d2ecd9620a7675a?s=96&d=mm&r=g","contentUrl":"https:\/\/secure.gravatar.com\/avatar\/c4b6a365b64e607f3d2ecd9620a7675a?s=96&d=mm&r=g","caption":"admin"},"url":"https:\/\/blogscvc.cervantes.es\/martes-neologico\/author\/admin\/"}]}},"_links":{"self":[{"href":"https:\/\/blogscvc.cervantes.es\/martes-neologico\/wp-json\/wp\/v2\/posts\/2581"}],"collection":[{"href":"https:\/\/blogscvc.cervantes.es\/martes-neologico\/wp-json\/wp\/v2\/posts"}],"about":[{"href":"https:\/\/blogscvc.cervantes.es\/martes-neologico\/wp-json\/wp\/v2\/types\/post"}],"author":[{"embeddable":true,"href":"https:\/\/blogscvc.cervantes.es\/martes-neologico\/wp-json\/wp\/v2\/users\/1"}],"replies":[{"embeddable":true,"href":"https:\/\/blogscvc.cervantes.es\/martes-neologico\/wp-json\/wp\/v2\/comments?post=2581"}],"version-history":[{"count":2,"href":"https:\/\/blogscvc.cervantes.es\/martes-neologico\/wp-json\/wp\/v2\/posts\/2581\/revisions"}],"predecessor-version":[{"id":11645,"href":"https:\/\/blogscvc.cervantes.es\/martes-neologico\/wp-json\/wp\/v2\/posts\/2581\/revisions\/11645"}],"wp:featuredmedia":[{"embeddable":true,"href":"https:\/\/blogscvc.cervantes.es\/martes-neologico\/wp-json\/wp\/v2\/media\/2583"}],"wp:attachment":[{"href":"https:\/\/blogscvc.cervantes.es\/martes-neologico\/wp-json\/wp\/v2\/media?parent=2581"}],"wp:term":[{"taxonomy":"category","embeddable":true,"href":"https:\/\/blogscvc.cervantes.es\/martes-neologico\/wp-json\/wp\/v2\/categories?post=2581"},{"taxonomy":"post_tag","embeddable":true,"href":"https:\/\/blogscvc.cervantes.es\/martes-neologico\/wp-json\/wp\/v2\/tags?post=2581"}],"curies":[{"name":"wp","href":"https:\/\/api.w.org\/{rel}","templated":true}]}}