{"id":2748,"date":"2018-08-28T07:10:37","date_gmt":"2018-08-28T05:10:37","guid":{"rendered":"http:\/\/blogscvc.cervantes.es\/martes-neologico\/?p=2748"},"modified":"2025-07-29T13:14:30","modified_gmt":"2025-07-29T11:14:30","slug":"criogenizar","status":"publish","type":"post","link":"https:\/\/blogscvc.cervantes.es\/martes-neologico\/criogenizar\/","title":{"rendered":"criogenizar  <em>v. tr.<\/em>"},"content":{"rendered":"<p>El deseo de rebasar el l\u00edmite que supone la muerte es \u2014salvo en casos excepcionales\u2014 algo consustancial al ser humano. Algunas religiones albergan la esperanza de una vida eterna en un para\u00edso no terrenal, mientras que mitos medievales relacionados con la alquimia afirmaban que la piedra filosofal, el elixir de la vida o la panacea universal confer\u00edan el poder de la inmortalidad. M\u00e1s all\u00e1 de esto, la ciencia no ha sido ajena a estos comprensibles anhelos de trascendencia. El retraso o, incluso, la detenci\u00f3n del envejecimiento celular o el volcado de los datos cerebrales en un ingenio de inteligencia artificial son algunas de las v\u00edas de investigaci\u00f3n actuales m\u00e1s prometedoras, a juicio de los cient\u00edficos. Sin embargo, una de las propuestas m\u00e1s singulares y controvertidas es la de <em>criogenizar<\/em> individuos reci\u00e9n fallecidos, es decir, mantener su cuerpo a baj\u00edsimas temperaturas con vistas a una futura reanimaci\u00f3n cuando el desarrollo de la medicina permita la curaci\u00f3n de la afecci\u00f3n que les caus\u00f3 la muerte.<\/p>\n<figure id=\"attachment_118\" aria-describedby=\"caption-attachment-118\" style=\"width: 750px\" class=\"wp-caption aligncenter\"><a href=\"http:\/\/blogscvc.cervantes.es\/martes-neologico\/wp-content\/uploads\/sites\/2\/2018\/07\/criogenizar_500.jpg\"><img decoding=\"async\" loading=\"lazy\" class=\"alignnone size-full wp-image-1739\" src=\"http:\/\/blogscvc.cervantes.es\/martes-neologico\/wp-content\/uploads\/sites\/2\/2018\/07\/criogenizar_500.jpg\" alt=\"Cristales de hielo.\" width=\"750\" height=\"500\"><\/a><figcaption id=\"caption-attachment-118\" class=\"wp-caption-text\">Pixabay<\/figcaption><\/figure>\n<p>Seg\u00fan la entidad <em>crionica.org<\/em>, dedicada a la difusi\u00f3n de estos m\u00e9todos, no debe utilizarse el t\u00e9rmino <em>criogenia<\/em> \u2014equivalente al ingl\u00e9s <em>cryogenics<\/em>\u2014 como sin\u00f3nimo de <em>cri\u00f3nica<\/em>, que traduce el primigenio, tambi\u00e9n ingl\u00e9s, <em>cryonics<\/em> (del mismo modo que se ha hecho con <em>aeronautics,<\/em> \u2018aeron\u00e1utica\u2019 o <em>mecanics,<\/em> \u2018mec\u00e1nica\u2019). Los especialistas, pues, seg\u00fan Wikipedia, parecen optar por esta distribuci\u00f3n disciplinar: la <em>cri\u00f3nica<\/em> \u2014preservaci\u00f3n a bajas temperaturas (<em>criopreservaci\u00f3n<\/em>) de seres humanos\u2014 se sirve de los avances de la <em>criobiolog\u00eda<\/em> \u2014rama de la biolog\u00eda que estudia los efectos que producen las bajas temperaturas en los organismos vivos\u2014 y de la <em>criogenia<\/em>, que establece la base f\u00edsica de estas operaciones; es decir, de acuerdo a sus formantes ling\u00fc\u00edsticos, atiende, sint\u00e9ticamente, al \u2018procedimiento de generaci\u00f3n de fr\u00edo\u2019.<\/p>\n<p>El t\u00e9rmino <em>criogenizar<\/em> proviene de la adjunci\u00f3n del sufijo &#8211;<em>izar<\/em> al compuesto culto <em>criogenia<\/em>, constituido por dos formantes: <em>crio<\/em>&#8211; (del griego <em>kr\u00fdos,<\/em> \u2018fr\u00edo\u2019) y &#8211;<em>genia<\/em> (del franc\u00e9s, &#8211;<em>g\u00e9nie<\/em>, y este del griego <em>geneia,<\/em> \u2018origen o procedimiento de formaci\u00f3n\u2019). Ambos elementos participan frecuentemente en t\u00e9rminos del espa\u00f1ol, como <em>criobomba<\/em>, <em>criosonda<\/em>, <em>criocirug\u00eda<\/em>, <em>crioterapia<\/em>; <em>ontogenia<\/em>, <em>fotogenia<\/em>, <em>morfogenia<\/em>, <em>patogenia<\/em>. El sufijo &#8211;<em>izar<\/em>, por su parte, aporta aqu\u00ed la idea de \u2018aplicar\u2019 lo indicado por la base nominal, es decir, emplear la t\u00e9cnica f\u00edsica de obtenci\u00f3n de fr\u00edo a temperaturas por debajo de \u2013100 \u00baC en la preservaci\u00f3n de cuerpos de seres fallecidos.<\/p>\n<p>La interpretaci\u00f3n sem\u00e1ntica causativa, bastante com\u00fan en los verbos con &#8211;<em>izar<\/em> deadjetivales (<em>modernizar,<\/em> \u2018hacer moderno algo\u2019) no es, sin embargo, generalizable sin m\u00e1s a los nombres derivados con este sufijo, pues el valor causativo requiere de una base que denote una entidad susceptible de ser reducida a un estado, circunstancia que no concurre en <em>criogenizar<\/em> en su sentido cient\u00edfico, pues <em>criogenia<\/em> indica una t\u00e9cnica o proceso.<\/p>\n<p>El t\u00e9rmino <em>criogenizar<\/em>, no obstante, se entiende com\u00fanmente, a juzgar por el uso documentado en textos no cient\u00edficos y en los diccionarios de neologismos, como la conservaci\u00f3n mediante congelaci\u00f3n qu\u00edmica de un cuerpo \u2014o, muy frecuentemente, de partes o elementos de \u00e9l como el cerebro, los genes, los embriones o las c\u00e9lulas madre\u2014 para poder ser reanimado en el futuro. Lo cierto es que, para este significado, quiz\u00e1 hubiera resultado m\u00e1s adecuado construir <em>crionizar<\/em>, derivado de <em>cri\u00f3nica<\/em>, o decidirse por <em>criopreservar<\/em>, presente, este s\u00ed, en espa\u00f1ol.<\/p>\n<p>Con el significado que se acaba de indicar, se registra en la base de datos del OBNEO desde 2004, tanto en Espa\u00f1a como en Am\u00e9rica:<\/p>\n<ul>\n<li>Con el segundo ofrece la posibilidad de congelar o <strong>criogenizar<\/strong> los genes de los animales, para que puedan ser resucitados en un futuro por sus due\u00f1os, a un precio que oscila entre 295 y 1.395 d\u00f3lares. [<em>El Pa\u00eds <\/em>(Espa\u00f1a), 14\/10\/2004]<\/li>\n<li>\u00abLo que ser\u00eda algo as\u00ed como <strong>criogenizar<\/strong>, en muy baja escala y por muy poco tiempo, el cerebro hasta que pase la tormenta\u00bb, comenta. [<em>La Naci\u00f3n <\/em>(Argentina), 23\/03\/2014]<\/li>\n<li>La actriz colombiana Sof\u00eda Vergara sigue en plena batalla legal contra su ex pareja, el empresario Nick Loeb, por el futuro de los embriones que fertilizaron <em>in vitro<\/em> y <strong>criogenizaron<\/strong>. [<em>El Universal <\/em>(M\u00e9xico), 29\/10\/2015]<\/li>\n<\/ul>\n<p>Y tambi\u00e9n se recoge, aunque m\u00e1s recientemente, el nominal <em>criogenizaci\u00f3n<\/em>:<\/p>\n<ul>\n<li>Sin embargo, su familia ten\u00eda un plan: acudir a la fundaci\u00f3n Alcor, especialistas en <strong>criogenizaci\u00f3n<\/strong>, para congelar su cuerpo y cerebro, esperando a que la ciencia avance lo suficiente y as\u00ed volverla a la vida. [<em>La Tercera <\/em>(Chile), 22\/04\/2015]<\/li>\n<li>James Bedford fue la primera persona en someterse a una <strong>criogenizaci\u00f3n<\/strong> en 1967; es el proceso para congelar cuerpos con la esperanza de que la medicina del futuro pueda curarlos. [<em>La Naci\u00f3n <\/em>(Argentina), 13\/01\/2017]<\/li>\n<\/ul>\n<p>Las variantes <em>criopreservar<\/em> y <em>crioconservar<\/em> \u2014usadas como sin\u00f3nimos de <em>criogenizar<\/em>\u2014 y <em>criopreservaci\u00f3n<\/em> \u2014como equivalente de <em>criogenizaci\u00f3n<\/em>\u2014 tambi\u00e9n tienen presencia en el OBNEO:<\/p>\n<ul>\n<li>Las l\u00edneas celulares se <strong>criopreservan<\/strong> y podemos clonarlos indefinidamente con las c\u00e9lulas del primer donante. [<em>El Sur <\/em>(Chile), 9\/03\/2012]<\/li>\n<li>A la tradicional oferta de bancos de \u00f3vulos y bancos de esperma, se sum\u00f3 la posibilidad de congelar \u00f3vulos propios para preservar la fertilidad, as\u00ed como la de <strong>crioconservar<\/strong> embriones propios. [<em>La Naci\u00f3n <\/em>(Argentina), 29\/01\/2012]<\/li>\n<li>La <strong>criopreservaci\u00f3n<\/strong> eficiente de los \u00f3vulos, perfeccionada en los \u00faltimos a\u00f1os, ha permitido que muchas mujeres recurran a esta para mantener vigente su posibilidad de ser madres a futuro, cuando su edad podr\u00eda llegar a dificultarlo. [<em>El Colombiano <\/em>(Colombia), 17\/10\/2017]<\/li>\n<\/ul>\n<p>Resulta relevante constatar un uso figurado de <em>criogenizar<\/em>, indicio del asentamiento del verbo en la lengua com\u00fan:<\/p>\n<ul>\n<li>Losada tambi\u00e9n incidi\u00f3 en la importancia de un calendario \u201ccerrado\u201d para evitar que los populares volviesen a \u201c<strong>criogenizar<\/strong> la comisi\u00f3n durante otros 44 meses\u201d. [La Vanguardia (Espa\u00f1a), 10\/03\/2017]<\/li>\n<\/ul>\n<p>Es notable la presencia lexicogr\u00e1fica de <em>criogenizar<\/em> en repertorios del espa\u00f1ol: figura en <em>Clave<\/em>, <em>DEA<\/em> y VOX; tambi\u00e9n en Alvar, Alvar2, en <em>NEOMM<\/em> y en el <em>Diccionario de neologismos <\/em>de Larousse. En cuanto a otras lenguas de nuestro entorno cultural, el franc\u00e9s recoge <em>cryog\u00e9niser<\/em> en <em>Le Grand Robert<\/em>; el <em>Oxford English Dictionary<\/em> y el <em>Merriam-Webster<\/em> documentan <em>cryopreserve<\/em>; el <em>Dicion\u00e1rio<\/em> <em>Priberam da L\u00edngua Portuguesa<\/em> registra <em>criopreservar<\/em>; y, finalmente, el <em>Zingarelli<\/em> y el <em>Dizionario Garzanti<\/em> recogen \u00fanicamente la nominalizaci\u00f3n <em>crioconservazione<\/em> para el italiano.<\/p>\n<p>\u00bfC\u00f3mo conciliar evoluci\u00f3n \u2014biol\u00f3gica y social\u2014 con vida perpetua? \u00bfEs acaso el ansia de inmortalidad el acto de ego\u00edsmo definitivo del ser humano? Lejos, por supuesto, de poder responder a estas y otras muchas interrogantes que plantea la leg\u00edtima v\u00eda <em>crionicista<\/em>, nos conformamos por ahora con hacer una observaci\u00f3n bastante m\u00e1s modesta: con los datos textuales y lexicogr\u00e1ficos manejados, no ser\u00eda extra\u00f1o que el diccionario acad\u00e9mico, fiel a su premisa de atender al uso ling\u00fc\u00edstico de sus hablantes, incluyera pr\u00f3ximamente el verbo <em>criogenizar<\/em> entre sus lemas, si bien habr\u00e1 que prestar atenci\u00f3n asimismo a las variantes <em>criopreservar<\/em> y <em>crioconservar<\/em>, con las que parece competir.<\/p>\n<p>Juan Miguel Monterrubio Prieto<br \/>\nUniversitat de les Illes Balears (Espa\u00f1a)<\/p>\n","protected":false},"excerpt":{"rendered":"<p>El deseo de rebasar el l\u00edmite que supone la muerte es \u2014salvo en casos excepcionales\u2014 algo consustancial al ser humano. Algunas religiones albergan la esperanza de una vida eterna en un para\u00edso no terrenal, mientras que mitos medievales relacionados con la alquimia afirmaban que la piedra filosofal, el elixir de la vida o la panacea universal confer\u00edan el poder de la inmortalidad. M\u00e1s all\u00e1 de esto, la ciencia no ha sido ajena a estos comprensibles anhelos de trascendencia. El retraso o, incluso, la detenci\u00f3n del envejecimiento celular o el volcado de los datos cerebrales en un ingenio de inteligencia artificial son algunas de las v\u00edas de investigaci\u00f3n actuales m\u00e1s prometedoras, a juicio de los cient\u00edficos. Sin embargo, una de las propuestas m\u00e1s singulares y controvertidas es la de <em>criogenizar<\/em> individuos reci\u00e9n fallecidos, es decir, mantener su cuerpo a baj\u00edsimas temperaturas con vistas a una futura reanimaci\u00f3n cuando el desarrollo de la medicina permita la curaci\u00f3n de la afecci\u00f3n que les caus\u00f3 la muerte.<\/p>\n","protected":false},"author":1,"featured_media":2750,"comment_status":"open","ping_status":"open","sticky":false,"template":"","format":"standard","meta":{"_mi_skip_tracking":false,"_s2mail":"yes"},"categories":[206,253,37],"tags":[],"yoast_head":"<!-- This site is optimized with the Yoast SEO plugin v20.6 - https:\/\/yoast.com\/wordpress\/plugins\/seo\/ -->\n<title>CVC. Criogenizar | Martes Neol\u00f3gico<\/title>\n<meta name=\"description\" content=\"Art\u00edculo sobre el neologismo \u00abcriogenizar\u00bb, dentro del blog Martes Neol\u00f3gico del Centro Virtual Cervantes.\" \/>\n<meta name=\"robots\" content=\"index, follow, max-snippet:-1, max-image-preview:large, max-video-preview:-1\" \/>\n<link rel=\"canonical\" href=\"https:\/\/blogscvc.cervantes.es\/martes-neologico\/criogenizar\/\" \/>\n<meta property=\"og:locale\" content=\"es_ES\" \/>\n<meta property=\"og:type\" content=\"article\" \/>\n<meta property=\"og:title\" content=\"CVC. Criogenizar | Martes Neol\u00f3gico\" \/>\n<meta property=\"og:description\" content=\"Art\u00edculo sobre el neologismo \u00abcriogenizar\u00bb, dentro del blog Martes Neol\u00f3gico del Centro Virtual Cervantes.\" \/>\n<meta property=\"og:url\" content=\"https:\/\/blogscvc.cervantes.es\/martes-neologico\/criogenizar\/\" \/>\n<meta property=\"og:site_name\" content=\"Martes Neol\u00f3gico\" \/>\n<meta property=\"article:published_time\" content=\"2018-08-28T05:10:37+00:00\" \/>\n<meta property=\"article:modified_time\" content=\"2025-07-29T11:14:30+00:00\" \/>\n<meta property=\"og:image\" content=\"http:\/\/blogscvc.cervantes.es\/martes-neologico\/wp-content\/uploads\/sites\/2\/2018\/07\/criogenizar_350.jpg\" \/>\n\t<meta property=\"og:image:width\" content=\"750\" \/>\n\t<meta property=\"og:image:height\" content=\"350\" \/>\n\t<meta property=\"og:image:type\" content=\"image\/jpeg\" \/>\n<meta name=\"author\" content=\"admin\" \/>\n<meta name=\"twitter:card\" content=\"summary_large_image\" \/>\n<meta name=\"twitter:label1\" content=\"Escrito por\" \/>\n\t<meta name=\"twitter:data1\" content=\"admin\" \/>\n\t<meta name=\"twitter:label2\" content=\"Tiempo de lectura\" \/>\n\t<meta name=\"twitter:data2\" content=\"6 minutos\" \/>\n<script type=\"application\/ld+json\" class=\"yoast-schema-graph\">{\"@context\":\"https:\/\/schema.org\",\"@graph\":[{\"@type\":\"Article\",\"@id\":\"https:\/\/blogscvc.cervantes.es\/martes-neologico\/criogenizar\/#article\",\"isPartOf\":{\"@id\":\"https:\/\/blogscvc.cervantes.es\/martes-neologico\/criogenizar\/\"},\"author\":{\"name\":\"admin\",\"@id\":\"https:\/\/blogscvc.cervantes.es\/martes-neologico\/#\/schema\/person\/7e2fd26f886f53b1b2e81721d23acc47\"},\"headline\":\"criogenizar v. tr.\",\"datePublished\":\"2018-08-28T05:10:37+00:00\",\"dateModified\":\"2025-07-29T11:14:30+00:00\",\"mainEntityOfPage\":{\"@id\":\"https:\/\/blogscvc.cervantes.es\/martes-neologico\/criogenizar\/\"},\"wordCount\":1220,\"commentCount\":0,\"publisher\":{\"@id\":\"https:\/\/blogscvc.cervantes.es\/martes-neologico\/#organization\"},\"articleSection\":[\"diccionarizado\",\"ingenier\u00eda\",\"sufijaci\u00f3n\"],\"inLanguage\":\"es\",\"potentialAction\":[{\"@type\":\"CommentAction\",\"name\":\"Comment\",\"target\":[\"https:\/\/blogscvc.cervantes.es\/martes-neologico\/criogenizar\/#respond\"]}]},{\"@type\":\"WebPage\",\"@id\":\"https:\/\/blogscvc.cervantes.es\/martes-neologico\/criogenizar\/\",\"url\":\"https:\/\/blogscvc.cervantes.es\/martes-neologico\/criogenizar\/\",\"name\":\"CVC. Criogenizar | Martes Neol\u00f3gico\",\"isPartOf\":{\"@id\":\"https:\/\/blogscvc.cervantes.es\/martes-neologico\/#website\"},\"datePublished\":\"2018-08-28T05:10:37+00:00\",\"dateModified\":\"2025-07-29T11:14:30+00:00\",\"description\":\"Art\u00edculo sobre el neologismo \u00abcriogenizar\u00bb, dentro del blog Martes Neol\u00f3gico del Centro Virtual Cervantes.\",\"breadcrumb\":{\"@id\":\"https:\/\/blogscvc.cervantes.es\/martes-neologico\/criogenizar\/#breadcrumb\"},\"inLanguage\":\"es\",\"potentialAction\":[{\"@type\":\"ReadAction\",\"target\":[\"https:\/\/blogscvc.cervantes.es\/martes-neologico\/criogenizar\/\"]}]},{\"@type\":\"BreadcrumbList\",\"@id\":\"https:\/\/blogscvc.cervantes.es\/martes-neologico\/criogenizar\/#breadcrumb\",\"itemListElement\":[{\"@type\":\"ListItem\",\"position\":1,\"name\":\"Portada\",\"item\":\"https:\/\/blogscvc.cervantes.es\/martes-neologico\/\"},{\"@type\":\"ListItem\",\"position\":2,\"name\":\"criogenizar v. tr.\"}]},{\"@type\":\"WebSite\",\"@id\":\"https:\/\/blogscvc.cervantes.es\/martes-neologico\/#website\",\"url\":\"https:\/\/blogscvc.cervantes.es\/martes-neologico\/\",\"name\":\"Martes Neol\u00f3gico\",\"description\":\"Cada martes, una palabra nueva que podr\u00eda estar en el diccionario\",\"publisher\":{\"@id\":\"https:\/\/blogscvc.cervantes.es\/martes-neologico\/#organization\"},\"potentialAction\":[{\"@type\":\"SearchAction\",\"target\":{\"@type\":\"EntryPoint\",\"urlTemplate\":\"https:\/\/blogscvc.cervantes.es\/martes-neologico\/?s={search_term_string}\"},\"query-input\":\"required name=search_term_string\"}],\"inLanguage\":\"es\"},{\"@type\":\"Organization\",\"@id\":\"https:\/\/blogscvc.cervantes.es\/martes-neologico\/#organization\",\"name\":\"Martes Neol\u00f3gico\",\"url\":\"https:\/\/blogscvc.cervantes.es\/martes-neologico\/\",\"logo\":{\"@type\":\"ImageObject\",\"inLanguage\":\"es\",\"@id\":\"https:\/\/blogscvc.cervantes.es\/martes-neologico\/#\/schema\/logo\/image\/\",\"url\":\"https:\/\/blogscvc.cervantes.es\/martes-neologico\/wp-content\/uploads\/sites\/2\/2025\/10\/logo-martes-neologico-10-anos.png\",\"contentUrl\":\"https:\/\/blogscvc.cervantes.es\/martes-neologico\/wp-content\/uploads\/sites\/2\/2025\/10\/logo-martes-neologico-10-anos.png\",\"width\":300,\"height\":100,\"caption\":\"Martes Neol\u00f3gico\"},\"image\":{\"@id\":\"https:\/\/blogscvc.cervantes.es\/martes-neologico\/#\/schema\/logo\/image\/\"}},{\"@type\":\"Person\",\"@id\":\"https:\/\/blogscvc.cervantes.es\/martes-neologico\/#\/schema\/person\/7e2fd26f886f53b1b2e81721d23acc47\",\"name\":\"admin\",\"image\":{\"@type\":\"ImageObject\",\"inLanguage\":\"es\",\"@id\":\"https:\/\/blogscvc.cervantes.es\/martes-neologico\/#\/schema\/person\/image\/\",\"url\":\"https:\/\/secure.gravatar.com\/avatar\/c4b6a365b64e607f3d2ecd9620a7675a?s=96&d=mm&r=g\",\"contentUrl\":\"https:\/\/secure.gravatar.com\/avatar\/c4b6a365b64e607f3d2ecd9620a7675a?s=96&d=mm&r=g\",\"caption\":\"admin\"},\"url\":\"https:\/\/blogscvc.cervantes.es\/martes-neologico\/author\/admin\/\"}]}<\/script>\n<!-- \/ Yoast SEO plugin. -->","yoast_head_json":{"title":"CVC. Criogenizar | Martes Neol\u00f3gico","description":"Art\u00edculo sobre el neologismo \u00abcriogenizar\u00bb, dentro del blog Martes Neol\u00f3gico del Centro Virtual Cervantes.","robots":{"index":"index","follow":"follow","max-snippet":"max-snippet:-1","max-image-preview":"max-image-preview:large","max-video-preview":"max-video-preview:-1"},"canonical":"https:\/\/blogscvc.cervantes.es\/martes-neologico\/criogenizar\/","og_locale":"es_ES","og_type":"article","og_title":"CVC. Criogenizar | Martes Neol\u00f3gico","og_description":"Art\u00edculo sobre el neologismo \u00abcriogenizar\u00bb, dentro del blog Martes Neol\u00f3gico del Centro Virtual Cervantes.","og_url":"https:\/\/blogscvc.cervantes.es\/martes-neologico\/criogenizar\/","og_site_name":"Martes Neol\u00f3gico","article_published_time":"2018-08-28T05:10:37+00:00","article_modified_time":"2025-07-29T11:14:30+00:00","og_image":[{"width":750,"height":350,"url":"http:\/\/blogscvc.cervantes.es\/martes-neologico\/wp-content\/uploads\/sites\/2\/2018\/07\/criogenizar_350.jpg","type":"image\/jpeg"}],"author":"admin","twitter_card":"summary_large_image","twitter_misc":{"Escrito por":"admin","Tiempo de lectura":"6 minutos"},"schema":{"@context":"https:\/\/schema.org","@graph":[{"@type":"Article","@id":"https:\/\/blogscvc.cervantes.es\/martes-neologico\/criogenizar\/#article","isPartOf":{"@id":"https:\/\/blogscvc.cervantes.es\/martes-neologico\/criogenizar\/"},"author":{"name":"admin","@id":"https:\/\/blogscvc.cervantes.es\/martes-neologico\/#\/schema\/person\/7e2fd26f886f53b1b2e81721d23acc47"},"headline":"criogenizar v. tr.","datePublished":"2018-08-28T05:10:37+00:00","dateModified":"2025-07-29T11:14:30+00:00","mainEntityOfPage":{"@id":"https:\/\/blogscvc.cervantes.es\/martes-neologico\/criogenizar\/"},"wordCount":1220,"commentCount":0,"publisher":{"@id":"https:\/\/blogscvc.cervantes.es\/martes-neologico\/#organization"},"articleSection":["diccionarizado","ingenier\u00eda","sufijaci\u00f3n"],"inLanguage":"es","potentialAction":[{"@type":"CommentAction","name":"Comment","target":["https:\/\/blogscvc.cervantes.es\/martes-neologico\/criogenizar\/#respond"]}]},{"@type":"WebPage","@id":"https:\/\/blogscvc.cervantes.es\/martes-neologico\/criogenizar\/","url":"https:\/\/blogscvc.cervantes.es\/martes-neologico\/criogenizar\/","name":"CVC. Criogenizar | Martes Neol\u00f3gico","isPartOf":{"@id":"https:\/\/blogscvc.cervantes.es\/martes-neologico\/#website"},"datePublished":"2018-08-28T05:10:37+00:00","dateModified":"2025-07-29T11:14:30+00:00","description":"Art\u00edculo sobre el neologismo \u00abcriogenizar\u00bb, dentro del blog Martes Neol\u00f3gico del Centro Virtual Cervantes.","breadcrumb":{"@id":"https:\/\/blogscvc.cervantes.es\/martes-neologico\/criogenizar\/#breadcrumb"},"inLanguage":"es","potentialAction":[{"@type":"ReadAction","target":["https:\/\/blogscvc.cervantes.es\/martes-neologico\/criogenizar\/"]}]},{"@type":"BreadcrumbList","@id":"https:\/\/blogscvc.cervantes.es\/martes-neologico\/criogenizar\/#breadcrumb","itemListElement":[{"@type":"ListItem","position":1,"name":"Portada","item":"https:\/\/blogscvc.cervantes.es\/martes-neologico\/"},{"@type":"ListItem","position":2,"name":"criogenizar v. tr."}]},{"@type":"WebSite","@id":"https:\/\/blogscvc.cervantes.es\/martes-neologico\/#website","url":"https:\/\/blogscvc.cervantes.es\/martes-neologico\/","name":"Martes Neol\u00f3gico","description":"Cada martes, una palabra nueva que podr\u00eda estar en el diccionario","publisher":{"@id":"https:\/\/blogscvc.cervantes.es\/martes-neologico\/#organization"},"potentialAction":[{"@type":"SearchAction","target":{"@type":"EntryPoint","urlTemplate":"https:\/\/blogscvc.cervantes.es\/martes-neologico\/?s={search_term_string}"},"query-input":"required name=search_term_string"}],"inLanguage":"es"},{"@type":"Organization","@id":"https:\/\/blogscvc.cervantes.es\/martes-neologico\/#organization","name":"Martes Neol\u00f3gico","url":"https:\/\/blogscvc.cervantes.es\/martes-neologico\/","logo":{"@type":"ImageObject","inLanguage":"es","@id":"https:\/\/blogscvc.cervantes.es\/martes-neologico\/#\/schema\/logo\/image\/","url":"https:\/\/blogscvc.cervantes.es\/martes-neologico\/wp-content\/uploads\/sites\/2\/2025\/10\/logo-martes-neologico-10-anos.png","contentUrl":"https:\/\/blogscvc.cervantes.es\/martes-neologico\/wp-content\/uploads\/sites\/2\/2025\/10\/logo-martes-neologico-10-anos.png","width":300,"height":100,"caption":"Martes Neol\u00f3gico"},"image":{"@id":"https:\/\/blogscvc.cervantes.es\/martes-neologico\/#\/schema\/logo\/image\/"}},{"@type":"Person","@id":"https:\/\/blogscvc.cervantes.es\/martes-neologico\/#\/schema\/person\/7e2fd26f886f53b1b2e81721d23acc47","name":"admin","image":{"@type":"ImageObject","inLanguage":"es","@id":"https:\/\/blogscvc.cervantes.es\/martes-neologico\/#\/schema\/person\/image\/","url":"https:\/\/secure.gravatar.com\/avatar\/c4b6a365b64e607f3d2ecd9620a7675a?s=96&d=mm&r=g","contentUrl":"https:\/\/secure.gravatar.com\/avatar\/c4b6a365b64e607f3d2ecd9620a7675a?s=96&d=mm&r=g","caption":"admin"},"url":"https:\/\/blogscvc.cervantes.es\/martes-neologico\/author\/admin\/"}]}},"_links":{"self":[{"href":"https:\/\/blogscvc.cervantes.es\/martes-neologico\/wp-json\/wp\/v2\/posts\/2748"}],"collection":[{"href":"https:\/\/blogscvc.cervantes.es\/martes-neologico\/wp-json\/wp\/v2\/posts"}],"about":[{"href":"https:\/\/blogscvc.cervantes.es\/martes-neologico\/wp-json\/wp\/v2\/types\/post"}],"author":[{"embeddable":true,"href":"https:\/\/blogscvc.cervantes.es\/martes-neologico\/wp-json\/wp\/v2\/users\/1"}],"replies":[{"embeddable":true,"href":"https:\/\/blogscvc.cervantes.es\/martes-neologico\/wp-json\/wp\/v2\/comments?post=2748"}],"version-history":[{"count":3,"href":"https:\/\/blogscvc.cervantes.es\/martes-neologico\/wp-json\/wp\/v2\/posts\/2748\/revisions"}],"predecessor-version":[{"id":11549,"href":"https:\/\/blogscvc.cervantes.es\/martes-neologico\/wp-json\/wp\/v2\/posts\/2748\/revisions\/11549"}],"wp:featuredmedia":[{"embeddable":true,"href":"https:\/\/blogscvc.cervantes.es\/martes-neologico\/wp-json\/wp\/v2\/media\/2750"}],"wp:attachment":[{"href":"https:\/\/blogscvc.cervantes.es\/martes-neologico\/wp-json\/wp\/v2\/media?parent=2748"}],"wp:term":[{"taxonomy":"category","embeddable":true,"href":"https:\/\/blogscvc.cervantes.es\/martes-neologico\/wp-json\/wp\/v2\/categories?post=2748"},{"taxonomy":"post_tag","embeddable":true,"href":"https:\/\/blogscvc.cervantes.es\/martes-neologico\/wp-json\/wp\/v2\/tags?post=2748"}],"curies":[{"name":"wp","href":"https:\/\/api.w.org\/{rel}","templated":true}]}}