{"id":2753,"date":"2018-09-04T07:10:04","date_gmt":"2018-09-04T05:10:04","guid":{"rendered":"http:\/\/blogscvc.cervantes.es\/martes-neologico\/?p=2753"},"modified":"2025-07-31T13:05:11","modified_gmt":"2025-07-31T11:05:11","slug":"muesli","status":"publish","type":"post","link":"https:\/\/blogscvc.cervantes.es\/martes-neologico\/muesli\/","title":{"rendered":"muesli <em>m.<\/em>"},"content":{"rendered":"<p>El sustantivo masculino <em>muesli<\/em> es un pr\u00e9stamo del alem\u00e1n suizo, tal como recoge el diccionario Clave, que lo define como \u2018alimento compuesto por cereales, frutas deshidratadas y frutos secos que se mezcla con la leche y que suele tomarse en el desayuno\u2019, caracter\u00edstica que aparece en los contextos del Observatori:<\/p>\n<figure id=\"attachment_118\" aria-describedby=\"caption-attachment-118\" style=\"width: 750px\" class=\"wp-caption aligncenter\"><a href=\" http:\/\/blogscvc.cervantes.es\/martes-neologico\/wp-content\/uploads\/sites\/2\/2018\/07\/muesli_500.jpg\"><img decoding=\"async\" loading=\"lazy\" class=\"alignnone size-full wp-image-1739\" src=\" http:\/\/blogscvc.cervantes.es\/martes-neologico\/wp-content\/uploads\/sites\/2\/2018\/07\/muesli_500.jpg\" alt=\"Cuenco lleno de muesli.\" width=\"750\" height=\"500\"><\/a><figcaption id=\"caption-attachment-118\" class=\"wp-caption-text\">Pixabay<\/figcaption><\/figure>\n<ul>\n<li>Suculentos desayunos a base de <strong>muesli<\/strong>, una variada selecci\u00f3n de t\u00e9s, pasteles de verduras y prensa internacional. [<em>Mono cl\u00e4b<\/em> (Espa\u00f1a), 1\/03\/2005]<\/li>\n<li>Caf\u00e9 M: est\u00e1 dentro del hotel de dise\u00f1o Metropole. Ideal para comenzar el d\u00eda con un plato de <strong>muesli<\/strong>, almendras, coco y pl\u00e1tano tostado. [<em>El Mercurio<\/em> (Chile), 17\/08\/2008]<\/li>\n<li>Un fest\u00edn de 5 euros que cambia semanalmente y que, por ejemplo, puede incluir: panecillo reci\u00e9n horneado relleno de queso emmental, calabac\u00edn, huevo y jam\u00f3n serrano, minicruasanes, yogur con <strong>muesli<\/strong> y fresas, zumo, caf\u00e9 o t\u00e9. [<em>El Pa\u00eds<\/em> (Espa\u00f1a), 3\/05\/2014]<\/li>\n<\/ul>\n<p>El <em>muesli<\/em> es un invento del m\u00e9dico y nutricionista suizo Maximilian Bircher-Benner (1867-1939), quien a principios del siglo xx descubri\u00f3 los efectos de una dieta basada en vegetales crudos y productos integrales. En su cl\u00ednica (inaugurada en 1904) recetaba a sus pacientes esta mezcla de copos de avena, manzana rallada y fruta fresca, que, seg\u00fan \u00e9l, se parec\u00eda a la comida de los pastores en los Alpes suizos. Por ello, la receta original se conoce tambi\u00e9n como <em>Bircher-M\u00fcesli<\/em>.<\/p>\n<p>La palabra, que actualmente est\u00e1 totalmente asimilada al alem\u00e1n est\u00e1ndar, representa un pr\u00e9stamo de los dialectos alem\u00e1nicos, es decir, pertenece al \u00ab[c]onjunto de variedades del alto alem\u00e1n que se hablan en Suiza, Alsacia y sudoeste de Alemania\u00bb (<em>DRAE<\/em>). Y hay que insistir en el origen suizo porque entre los dialectos alem\u00e1nicos y la lengua est\u00e1ndar existe una diferencia considerable. La palabra <em>M\u00fcesli<\/em> es un diminutivo de <em>Mues<\/em> (alem\u00e1n <em>Mus<\/em>) que se puede traducir por \u2018pur\u00e9\u2019 aunque no suele referirse solo al pur\u00e9 de patatas sino tambi\u00e9n a pur\u00e9s de fruta cocida como el pur\u00e9 de manzana (<em>Apfelmus<\/em>).<\/p>\n<p>El <em>Duden<\/em>, principal diccionario de referencia del alem\u00e1n est\u00e1ndar recoge tanto la forma <em>M\u00fcesli<\/em>, indicando que es la forma suiza, como <em>M\u00fcsli<\/em> que representa la graf\u00eda adaptada a la lengua est\u00e1ndar. El g\u00e9nero de la palabra es neutro <em>das M\u00fcsli<\/em> y se pronuncia en est\u00e1ndar [\u02c8my\u02d0sli]. Sin embargo, en Suiza no se ha adoptado la graf\u00eda est\u00e1ndar <em>M\u00fcsli<\/em> porque esta designa, en los dialectos suizos, a un ratoncito (diminutivo del alem\u00e1n suizo <em>Muus,<\/em> \u2018rat\u00f3n\u2019, en alem\u00e1n, <em>Maus<\/em>). Para no confundir las dos palabras en la escritura, se ha mantenido, por tanto, para el alem\u00e1n suizo la graf\u00eda <em>M\u00fcesli<\/em>, pronunciada con diptongo [\u02c8my\u0259sli]. En este sentido, la pronunciaci\u00f3n en espa\u00f1ol [\u02c8mu\u0259sli] se parece mucho a la pronunciaci\u00f3n en la lengua de origen, puesto que mantiene el diptongo, si bien no la <em>Umlaut<\/em> <em>\u00fc<\/em>, que tampoco aparece en la graf\u00eda.<\/p>\n<p>Teniendo en cuenta esta diferencia entre <em>M\u00fcesli,<\/em> \u2018muesli\u2019 y <em>M\u00fcsli,<\/em> \u2018ratoncito\u2019, se entiende por qu\u00e9 la forma est\u00e1ndar causa risa entre los suizos que distinguen entre el diptongo y la <em>u<\/em> alargada en la pronunciaci\u00f3n.<\/p>\n<p>Es m\u00e1s: en Alemania, esta dieta se ha hecho tan popular que a su vez la palabra ha llegado a designar a una persona que da preferencia a la alimentaci\u00f3n integral y convierte este tipo de alimentaci\u00f3n en ideolog\u00eda. Por tanto, alguien puede ser \u2018un muesli\u2019 (<em>der M\u00fcsli<\/em>, masculino, o <em>die M\u00fcsli<\/em>, femenino), que, seg\u00fan el <em>Duden<\/em>, es sin\u00f3nimo de <em>Alternativer<\/em> (\u2018practicante de una forma de vida alternativa\u2019, PONS) o <em>Gr\u00fcner<\/em> (\u2018miembro del Partido Ecologista\u2019), es decir, uno de los Verdes.<\/p>\n<p>El concepto de vida saludable cuyo producto m\u00e1s conocido es el <em>muesli<\/em> poco a poco se ha ido implantando, si bien, al principio, causaba extra\u00f1eza tanto entre los propios m\u00e9dicos como entre el p\u00fablico general. Paralelamente a la creciente popularidad del producto, se ha divulgado la denominaci\u00f3n en numerosas lenguas. As\u00ed pues, el <em>Oxford Dictionary<\/em> registra <em>muesli<\/em> (con una pronunciaci\u00f3n algo diferente que en espa\u00f1ol [\u02c8m(j)u\u02d0zli]), mientras que el <em>Larousse<\/em> indica, para el franc\u00e9s, dos formas, <em>muesli<\/em> o <em>musli<\/em>.<\/p>\n<p>Podr\u00edamos a\u00f1adir m\u00e1s lenguas, entre ellas, el ruso (\u043c\u044e\u0441\u043b\u0438) y el chino (\u6728\u65af\u91cc), si bien en esta \u00faltima lengua se usa m\u00e1s \u4ec0\u9526\u9ea6\u7247 (\u2018copos de cebada mezcladas\u2019). <em>Muesli<\/em> es probablemente la \u00fanica palabra del alem\u00e1n suizo que se ha convertido en internacional.<\/p>\n<p>Resumiendo, este pr\u00e9stamo del alem\u00e1n suizo hoy es conocido ampliamente entre los que apuestan por una vida ecol\u00f3gica y sana, pero tambi\u00e9n en la sociedad en general. En su forma adaptada, <em>muesli<\/em> tiene muchas papeletas para ser admitido en todos los diccionarios del espa\u00f1ol.<\/p>\n<p>Jenny Brumme<br \/>\nGrupo InfoLex<br \/>\nUniversitat Pompeu Fabra (Espa\u00f1a)<\/p>\n","protected":false},"excerpt":{"rendered":"<p>El sustantivo masculino <em>muesli<\/em> es un pr\u00e9stamo del alem\u00e1n suizo, tal como recoge el diccionario Clave, que lo define como \u2018alimento compuesto por cereales, frutas deshidratadas y frutos secos que se mezcla con la leche y que suele tomarse en el desayuno\u2019, caracter\u00edstica que aparece en los contextos&#8230;<\/p>\n","protected":false},"author":1,"featured_media":2755,"comment_status":"open","ping_status":"open","sticky":false,"template":"","format":"standard","meta":{"_mi_skip_tracking":false,"_s2mail":"yes"},"categories":[229,206,20,274],"tags":[],"yoast_head":"<!-- This site is optimized with the Yoast SEO plugin v20.6 - https:\/\/yoast.com\/wordpress\/plugins\/seo\/ -->\n<title>CVC. Muesli | Martes Neol\u00f3gico<\/title>\n<meta name=\"description\" content=\"Art\u00edculo sobre el neologismo \u00abmuesli\u00bb, dentro del blog Martes Neol\u00f3gico del Centro Virtual Cervantes.\" \/>\n<meta name=\"robots\" content=\"index, follow, max-snippet:-1, max-image-preview:large, max-video-preview:-1\" \/>\n<link rel=\"canonical\" href=\"https:\/\/blogscvc.cervantes.es\/martes-neologico\/muesli\/\" \/>\n<meta property=\"og:locale\" content=\"es_ES\" \/>\n<meta property=\"og:type\" content=\"article\" \/>\n<meta property=\"og:title\" content=\"CVC. Muesli | Martes Neol\u00f3gico\" \/>\n<meta property=\"og:description\" content=\"Art\u00edculo sobre el neologismo \u00abmuesli\u00bb, dentro del blog Martes Neol\u00f3gico del Centro Virtual Cervantes.\" \/>\n<meta property=\"og:url\" content=\"https:\/\/blogscvc.cervantes.es\/martes-neologico\/muesli\/\" \/>\n<meta property=\"og:site_name\" content=\"Martes Neol\u00f3gico\" \/>\n<meta property=\"article:published_time\" content=\"2018-09-04T05:10:04+00:00\" \/>\n<meta property=\"article:modified_time\" content=\"2025-07-31T11:05:11+00:00\" \/>\n<meta property=\"og:image\" content=\"http:\/\/blogscvc.cervantes.es\/martes-neologico\/wp-content\/uploads\/sites\/2\/2018\/07\/muesli_350.jpg\" \/>\n\t<meta property=\"og:image:width\" content=\"750\" \/>\n\t<meta property=\"og:image:height\" content=\"350\" \/>\n\t<meta property=\"og:image:type\" content=\"image\/jpeg\" \/>\n<meta name=\"author\" content=\"admin\" \/>\n<meta name=\"twitter:card\" content=\"summary_large_image\" \/>\n<meta name=\"twitter:label1\" content=\"Escrito por\" \/>\n\t<meta name=\"twitter:data1\" content=\"admin\" \/>\n\t<meta name=\"twitter:label2\" content=\"Tiempo de lectura\" \/>\n\t<meta name=\"twitter:data2\" content=\"4 minutos\" \/>\n<script type=\"application\/ld+json\" class=\"yoast-schema-graph\">{\"@context\":\"https:\/\/schema.org\",\"@graph\":[{\"@type\":\"Article\",\"@id\":\"https:\/\/blogscvc.cervantes.es\/martes-neologico\/muesli\/#article\",\"isPartOf\":{\"@id\":\"https:\/\/blogscvc.cervantes.es\/martes-neologico\/muesli\/\"},\"author\":{\"name\":\"admin\",\"@id\":\"https:\/\/blogscvc.cervantes.es\/martes-neologico\/#\/schema\/person\/7e2fd26f886f53b1b2e81721d23acc47\"},\"headline\":\"muesli m.\",\"datePublished\":\"2018-09-04T05:10:04+00:00\",\"dateModified\":\"2025-07-31T11:05:11+00:00\",\"mainEntityOfPage\":{\"@id\":\"https:\/\/blogscvc.cervantes.es\/martes-neologico\/muesli\/\"},\"wordCount\":844,\"commentCount\":0,\"publisher\":{\"@id\":\"https:\/\/blogscvc.cervantes.es\/martes-neologico\/#organization\"},\"articleSection\":[\"alem\u00e1n\",\"diccionarizado\",\"gastronom\u00eda\",\"pr\u00e9stamo\"],\"inLanguage\":\"es\",\"potentialAction\":[{\"@type\":\"CommentAction\",\"name\":\"Comment\",\"target\":[\"https:\/\/blogscvc.cervantes.es\/martes-neologico\/muesli\/#respond\"]}]},{\"@type\":\"WebPage\",\"@id\":\"https:\/\/blogscvc.cervantes.es\/martes-neologico\/muesli\/\",\"url\":\"https:\/\/blogscvc.cervantes.es\/martes-neologico\/muesli\/\",\"name\":\"CVC. Muesli | Martes Neol\u00f3gico\",\"isPartOf\":{\"@id\":\"https:\/\/blogscvc.cervantes.es\/martes-neologico\/#website\"},\"datePublished\":\"2018-09-04T05:10:04+00:00\",\"dateModified\":\"2025-07-31T11:05:11+00:00\",\"description\":\"Art\u00edculo sobre el neologismo \u00abmuesli\u00bb, dentro del blog Martes Neol\u00f3gico del Centro Virtual Cervantes.\",\"breadcrumb\":{\"@id\":\"https:\/\/blogscvc.cervantes.es\/martes-neologico\/muesli\/#breadcrumb\"},\"inLanguage\":\"es\",\"potentialAction\":[{\"@type\":\"ReadAction\",\"target\":[\"https:\/\/blogscvc.cervantes.es\/martes-neologico\/muesli\/\"]}]},{\"@type\":\"BreadcrumbList\",\"@id\":\"https:\/\/blogscvc.cervantes.es\/martes-neologico\/muesli\/#breadcrumb\",\"itemListElement\":[{\"@type\":\"ListItem\",\"position\":1,\"name\":\"Portada\",\"item\":\"https:\/\/blogscvc.cervantes.es\/martes-neologico\/\"},{\"@type\":\"ListItem\",\"position\":2,\"name\":\"muesli m.\"}]},{\"@type\":\"WebSite\",\"@id\":\"https:\/\/blogscvc.cervantes.es\/martes-neologico\/#website\",\"url\":\"https:\/\/blogscvc.cervantes.es\/martes-neologico\/\",\"name\":\"Martes Neol\u00f3gico\",\"description\":\"Cada martes, una palabra nueva que podr\u00eda estar en el diccionario\",\"publisher\":{\"@id\":\"https:\/\/blogscvc.cervantes.es\/martes-neologico\/#organization\"},\"potentialAction\":[{\"@type\":\"SearchAction\",\"target\":{\"@type\":\"EntryPoint\",\"urlTemplate\":\"https:\/\/blogscvc.cervantes.es\/martes-neologico\/?s={search_term_string}\"},\"query-input\":\"required name=search_term_string\"}],\"inLanguage\":\"es\"},{\"@type\":\"Organization\",\"@id\":\"https:\/\/blogscvc.cervantes.es\/martes-neologico\/#organization\",\"name\":\"Martes Neol\u00f3gico\",\"url\":\"https:\/\/blogscvc.cervantes.es\/martes-neologico\/\",\"logo\":{\"@type\":\"ImageObject\",\"inLanguage\":\"es\",\"@id\":\"https:\/\/blogscvc.cervantes.es\/martes-neologico\/#\/schema\/logo\/image\/\",\"url\":\"https:\/\/blogscvc.cervantes.es\/martes-neologico\/wp-content\/uploads\/sites\/2\/2025\/10\/logo-martes-neologico-10-anos.png\",\"contentUrl\":\"https:\/\/blogscvc.cervantes.es\/martes-neologico\/wp-content\/uploads\/sites\/2\/2025\/10\/logo-martes-neologico-10-anos.png\",\"width\":300,\"height\":100,\"caption\":\"Martes Neol\u00f3gico\"},\"image\":{\"@id\":\"https:\/\/blogscvc.cervantes.es\/martes-neologico\/#\/schema\/logo\/image\/\"}},{\"@type\":\"Person\",\"@id\":\"https:\/\/blogscvc.cervantes.es\/martes-neologico\/#\/schema\/person\/7e2fd26f886f53b1b2e81721d23acc47\",\"name\":\"admin\",\"image\":{\"@type\":\"ImageObject\",\"inLanguage\":\"es\",\"@id\":\"https:\/\/blogscvc.cervantes.es\/martes-neologico\/#\/schema\/person\/image\/\",\"url\":\"https:\/\/secure.gravatar.com\/avatar\/c4b6a365b64e607f3d2ecd9620a7675a?s=96&d=mm&r=g\",\"contentUrl\":\"https:\/\/secure.gravatar.com\/avatar\/c4b6a365b64e607f3d2ecd9620a7675a?s=96&d=mm&r=g\",\"caption\":\"admin\"},\"url\":\"https:\/\/blogscvc.cervantes.es\/martes-neologico\/author\/admin\/\"}]}<\/script>\n<!-- \/ Yoast SEO plugin. -->","yoast_head_json":{"title":"CVC. Muesli | Martes Neol\u00f3gico","description":"Art\u00edculo sobre el neologismo \u00abmuesli\u00bb, dentro del blog Martes Neol\u00f3gico del Centro Virtual Cervantes.","robots":{"index":"index","follow":"follow","max-snippet":"max-snippet:-1","max-image-preview":"max-image-preview:large","max-video-preview":"max-video-preview:-1"},"canonical":"https:\/\/blogscvc.cervantes.es\/martes-neologico\/muesli\/","og_locale":"es_ES","og_type":"article","og_title":"CVC. Muesli | Martes Neol\u00f3gico","og_description":"Art\u00edculo sobre el neologismo \u00abmuesli\u00bb, dentro del blog Martes Neol\u00f3gico del Centro Virtual Cervantes.","og_url":"https:\/\/blogscvc.cervantes.es\/martes-neologico\/muesli\/","og_site_name":"Martes Neol\u00f3gico","article_published_time":"2018-09-04T05:10:04+00:00","article_modified_time":"2025-07-31T11:05:11+00:00","og_image":[{"width":750,"height":350,"url":"http:\/\/blogscvc.cervantes.es\/martes-neologico\/wp-content\/uploads\/sites\/2\/2018\/07\/muesli_350.jpg","type":"image\/jpeg"}],"author":"admin","twitter_card":"summary_large_image","twitter_misc":{"Escrito por":"admin","Tiempo de lectura":"4 minutos"},"schema":{"@context":"https:\/\/schema.org","@graph":[{"@type":"Article","@id":"https:\/\/blogscvc.cervantes.es\/martes-neologico\/muesli\/#article","isPartOf":{"@id":"https:\/\/blogscvc.cervantes.es\/martes-neologico\/muesli\/"},"author":{"name":"admin","@id":"https:\/\/blogscvc.cervantes.es\/martes-neologico\/#\/schema\/person\/7e2fd26f886f53b1b2e81721d23acc47"},"headline":"muesli m.","datePublished":"2018-09-04T05:10:04+00:00","dateModified":"2025-07-31T11:05:11+00:00","mainEntityOfPage":{"@id":"https:\/\/blogscvc.cervantes.es\/martes-neologico\/muesli\/"},"wordCount":844,"commentCount":0,"publisher":{"@id":"https:\/\/blogscvc.cervantes.es\/martes-neologico\/#organization"},"articleSection":["alem\u00e1n","diccionarizado","gastronom\u00eda","pr\u00e9stamo"],"inLanguage":"es","potentialAction":[{"@type":"CommentAction","name":"Comment","target":["https:\/\/blogscvc.cervantes.es\/martes-neologico\/muesli\/#respond"]}]},{"@type":"WebPage","@id":"https:\/\/blogscvc.cervantes.es\/martes-neologico\/muesli\/","url":"https:\/\/blogscvc.cervantes.es\/martes-neologico\/muesli\/","name":"CVC. Muesli | Martes Neol\u00f3gico","isPartOf":{"@id":"https:\/\/blogscvc.cervantes.es\/martes-neologico\/#website"},"datePublished":"2018-09-04T05:10:04+00:00","dateModified":"2025-07-31T11:05:11+00:00","description":"Art\u00edculo sobre el neologismo \u00abmuesli\u00bb, dentro del blog Martes Neol\u00f3gico del Centro Virtual Cervantes.","breadcrumb":{"@id":"https:\/\/blogscvc.cervantes.es\/martes-neologico\/muesli\/#breadcrumb"},"inLanguage":"es","potentialAction":[{"@type":"ReadAction","target":["https:\/\/blogscvc.cervantes.es\/martes-neologico\/muesli\/"]}]},{"@type":"BreadcrumbList","@id":"https:\/\/blogscvc.cervantes.es\/martes-neologico\/muesli\/#breadcrumb","itemListElement":[{"@type":"ListItem","position":1,"name":"Portada","item":"https:\/\/blogscvc.cervantes.es\/martes-neologico\/"},{"@type":"ListItem","position":2,"name":"muesli m."}]},{"@type":"WebSite","@id":"https:\/\/blogscvc.cervantes.es\/martes-neologico\/#website","url":"https:\/\/blogscvc.cervantes.es\/martes-neologico\/","name":"Martes Neol\u00f3gico","description":"Cada martes, una palabra nueva que podr\u00eda estar en el diccionario","publisher":{"@id":"https:\/\/blogscvc.cervantes.es\/martes-neologico\/#organization"},"potentialAction":[{"@type":"SearchAction","target":{"@type":"EntryPoint","urlTemplate":"https:\/\/blogscvc.cervantes.es\/martes-neologico\/?s={search_term_string}"},"query-input":"required name=search_term_string"}],"inLanguage":"es"},{"@type":"Organization","@id":"https:\/\/blogscvc.cervantes.es\/martes-neologico\/#organization","name":"Martes Neol\u00f3gico","url":"https:\/\/blogscvc.cervantes.es\/martes-neologico\/","logo":{"@type":"ImageObject","inLanguage":"es","@id":"https:\/\/blogscvc.cervantes.es\/martes-neologico\/#\/schema\/logo\/image\/","url":"https:\/\/blogscvc.cervantes.es\/martes-neologico\/wp-content\/uploads\/sites\/2\/2025\/10\/logo-martes-neologico-10-anos.png","contentUrl":"https:\/\/blogscvc.cervantes.es\/martes-neologico\/wp-content\/uploads\/sites\/2\/2025\/10\/logo-martes-neologico-10-anos.png","width":300,"height":100,"caption":"Martes Neol\u00f3gico"},"image":{"@id":"https:\/\/blogscvc.cervantes.es\/martes-neologico\/#\/schema\/logo\/image\/"}},{"@type":"Person","@id":"https:\/\/blogscvc.cervantes.es\/martes-neologico\/#\/schema\/person\/7e2fd26f886f53b1b2e81721d23acc47","name":"admin","image":{"@type":"ImageObject","inLanguage":"es","@id":"https:\/\/blogscvc.cervantes.es\/martes-neologico\/#\/schema\/person\/image\/","url":"https:\/\/secure.gravatar.com\/avatar\/c4b6a365b64e607f3d2ecd9620a7675a?s=96&d=mm&r=g","contentUrl":"https:\/\/secure.gravatar.com\/avatar\/c4b6a365b64e607f3d2ecd9620a7675a?s=96&d=mm&r=g","caption":"admin"},"url":"https:\/\/blogscvc.cervantes.es\/martes-neologico\/author\/admin\/"}]}},"_links":{"self":[{"href":"https:\/\/blogscvc.cervantes.es\/martes-neologico\/wp-json\/wp\/v2\/posts\/2753"}],"collection":[{"href":"https:\/\/blogscvc.cervantes.es\/martes-neologico\/wp-json\/wp\/v2\/posts"}],"about":[{"href":"https:\/\/blogscvc.cervantes.es\/martes-neologico\/wp-json\/wp\/v2\/types\/post"}],"author":[{"embeddable":true,"href":"https:\/\/blogscvc.cervantes.es\/martes-neologico\/wp-json\/wp\/v2\/users\/1"}],"replies":[{"embeddable":true,"href":"https:\/\/blogscvc.cervantes.es\/martes-neologico\/wp-json\/wp\/v2\/comments?post=2753"}],"version-history":[{"count":5,"href":"https:\/\/blogscvc.cervantes.es\/martes-neologico\/wp-json\/wp\/v2\/posts\/2753\/revisions"}],"predecessor-version":[{"id":11672,"href":"https:\/\/blogscvc.cervantes.es\/martes-neologico\/wp-json\/wp\/v2\/posts\/2753\/revisions\/11672"}],"wp:featuredmedia":[{"embeddable":true,"href":"https:\/\/blogscvc.cervantes.es\/martes-neologico\/wp-json\/wp\/v2\/media\/2755"}],"wp:attachment":[{"href":"https:\/\/blogscvc.cervantes.es\/martes-neologico\/wp-json\/wp\/v2\/media?parent=2753"}],"wp:term":[{"taxonomy":"category","embeddable":true,"href":"https:\/\/blogscvc.cervantes.es\/martes-neologico\/wp-json\/wp\/v2\/categories?post=2753"},{"taxonomy":"post_tag","embeddable":true,"href":"https:\/\/blogscvc.cervantes.es\/martes-neologico\/wp-json\/wp\/v2\/tags?post=2753"}],"curies":[{"name":"wp","href":"https:\/\/api.w.org\/{rel}","templated":true}]}}