{"id":2782,"date":"2018-10-16T07:10:47","date_gmt":"2018-10-16T05:10:47","guid":{"rendered":"http:\/\/blogscvc.cervantes.es\/martes-neologico\/?p=2782"},"modified":"2025-07-30T14:12:51","modified_gmt":"2025-07-30T12:12:51","slug":"eurovisivo-eurovisiva","status":"publish","type":"post","link":"https:\/\/blogscvc.cervantes.es\/martes-neologico\/eurovisivo-eurovisiva\/","title":{"rendered":"eurovisivo, eurovisiva <em>adj.<\/em>"},"content":{"rendered":"<p>En mayo se celebra el Festival de la Canci\u00f3n de Eurovisi\u00f3n, un concurso televisado que se celebra desde 1956. En \u00e9l participan pa\u00edses del \u00c1rea de Radiodifusi\u00f3n Europea, pero tambi\u00e9n se incluyen, sin embargo, pa\u00edses que geogr\u00e1ficamente se encuentran fuera de Europa (como Chipre o Armenia) y, desde 2015, otros pa\u00edses invitados (como Australia). Cada pa\u00eds elige la canci\u00f3n que presentar\u00e1 en el festival y la gala final se caracteriza por incluir n\u00fameros musicales muy vistosos o que utilizan complementos espectaculares como el agua o el fuego. Algunas de las canciones del concurso se han hecho despu\u00e9s muy famosas, como <em>Vivo cantando<\/em>&nbsp; de Salom\u00e9 (1969), <em>Waterloo<\/em> de Abba (1974) o <em>Abanibi<\/em> de Itziar Cohen and the Alphabeta (1978) y, m\u00e1s recientemente, <em>Rise like a Phoenix <\/em>de Conchita Wurst (2014) o <em>Heroes<\/em> de M\u00e5ns Zelmerl\u00f6w (2015).<\/p>\n<figure id=\"attachment_118\" aria-describedby=\"caption-attachment-118\" style=\"width: 750px\" class=\"wp-caption aligncenter\"><a href=\"http:\/\/blogscvc.cervantes.es\/martes-neologico\/wp-content\/uploads\/sites\/2\/2018\/10\/eurovisivo_500.jpg\"><img decoding=\"async\" loading=\"lazy\" class=\"alignnone size-full wp-image-1739\" src=\"http:\/\/blogscvc.cervantes.es\/martes-neologico\/wp-content\/uploads\/sites\/2\/2018\/10\/eurovisivo_500.jpg\" alt=\"Logotipo de Eurovision Song Contest.\" width=\"750\" height=\"500\"><\/a><figcaption id=\"caption-attachment-118\" class=\"wp-caption-text\">Wikimedia Commons<\/figcaption><\/figure>\n<p>Para referirse tanto a los cantantes que representan a sus pa\u00edses como a cualquier elemento relacionado con este certamen, los hablantes han creado el adjetivo <em>eurovisivo -va<\/em>, del que se presentan unos cuantos ejemplos a continuaci\u00f3n. Dado el car\u00e1cter europeo del concurso, la mayor\u00eda de ocurrencias provienen de la prensa espa\u00f1ola:<\/p>\n<ul>\n<li>El ingl\u00e9s y el castellano siguen siendo los \u00fanicos idiomas de las galas, renunciando as\u00ed a nuestro pluriling\u00fcismo patrio y, pese a la presidencia comunitaria, a cualquier otra lengua <strong>eurovisiva<\/strong>. [<em>El Pa\u00eds<\/em> (Espa\u00f1a), 28\/01\/2002]<\/li>\n<li>El tercer gran protagonista de la rueda de prensa convocada hoy por Televisi\u00f3n Espa\u00f1ola para despedir a la comitiva <strong>eurovisiva<\/strong> fue, por supuesto, Rodolfo Chikilicuatre, que se mostr\u00f3 bastante confiado con su papel. [<em>La Jornada<\/em> (M\u00e9xico), 18\/02\/2007]<\/li>\n<li>En esta 55 edici\u00f3n del festival, Espa\u00f1a actuar\u00e1 en segundo lugar y Jos\u00e9 Luis Uribarri, que este a\u00f1o ser\u00e1 el comentarista m\u00e1s veterano de la cita <strong>eurovisiva<\/strong>. [<em>El Norte de Castilla<\/em> (Espa\u00f1a), 9\/01\/2011]<\/li>\n<li>Ayer, los integrantes de El Sue\u00f1o de Morfeo regresaron a casa, poniendo as\u00ed punto final a la malograda experiencia <strong>eurovisiva<\/strong>. [<em>El Sur<\/em> (Espa\u00f1a), 21\/05\/2013]<\/li>\n<li>Con la capital austr\u00edaca prepar\u00e1ndose a todo gas para el certamen que arranca el d\u00eda 19, la red de transporte p\u00fablico se ha sumado a la fiebre <strong>eurovisiva<\/strong> de la mano de su ganadora en 2014, Conchita Wurst. [<em>El Universal<\/em> (Venezuela), 11\/05\/2015]<\/li>\n<li>En realidad, la canci\u00f3n es un chiste de laboratorio que desgrana los preceptos de la ortodoxia <strong>eurovisiva<\/strong>. [<em>La Vanguardia<\/em> (Espa\u00f1a), 18\/05\/2016]<\/li>\n<\/ul>\n<p>Como podemos observar, este neologismo se usa para acompa\u00f1ar a sustantivos muy variados, pero todos relacionados con elementos del certamen: <em>lengua<\/em>,<em> comitiva<\/em>,<em> cita<\/em>,<em> experiencia<\/em>, <em>&nbsp;fiebre<\/em>, etc. El adjetivo <em>eurovisivo -va<\/em> se ha formado a partir del sustantivo <em>Eurovisi\u00f3n<\/em> y el sufijo relacional &#8211;<em>ivo<\/em> &#8211;<em>va<\/em>, y lo encontramos en los diccionarios de referencia <em>DEA<\/em> y <em>Clave<\/em>.<\/p>\n<blockquote><p><em>DEA<\/em>&nbsp;&nbsp;&nbsp;&nbsp;&nbsp;&nbsp;&nbsp;&nbsp;&nbsp;&nbsp; <strong>eurovisivo -va<\/strong> <em>adj. <\/em>1. De (l) Festival de Eurovisi\u00f3n. 2 [Cantante] que participa en el Festival de Eurovisi\u00f3n.<\/p>\n<p><em>Clave<\/em>&nbsp;&nbsp;&nbsp;&nbsp;&nbsp;&nbsp;&nbsp;&nbsp;&nbsp; <strong>eurovisivo -va<\/strong> <em>adj. <\/em>1. De Eurovisi\u00f3n (festival musical en el que participan representantes de pa\u00edses europeos) o relacionado con ella. 2 <em>col<\/em>. Con las caracter\u00edsticas que se consideran propias de este festival: <em>una canci\u00f3n muy eurovisiva<\/em>.<\/p><\/blockquote>\n<p>Es interesante observar la diferenciaci\u00f3n que hace el diccionario <em>Clave<\/em> entre el sentido con el que simplemente se hace referencia a un elemento relacionado con Eurovisi\u00f3n y el sentido coloquial que recoge todos los elementos que lo caracterizan, como el tipo de canci\u00f3n, la puesta en escena, etc. En los otros diccionarios de referencia no aparece este adjetivo, pero s\u00ed otros conceptos relacionados. En el <em>NEOMM<\/em> solo encontramos <em>eurof\u00e1n<\/em> (\u2018fan del Festival de Eurovisi\u00f3n\u2019), pero por su composici\u00f3n poco concreta, <em>euro <\/em>(truncaci\u00f3n de Eurovisi\u00f3n) + <em>fan<\/em>, su significado podr\u00eda llevar a confusi\u00f3n. De hecho, Alvar2 recoge <em>eurofan\u00e1tico<\/em>, en el que <em>euro<\/em>&#8211; significa \u2018europeo\u2019 o \u2018perteneciente o relativo a la Uni\u00f3n Europea\u2019 y no est\u00e1 relacionado con el festival. Finalmente, <em>eurovisivo <\/em>no aparece en <em>VOXUSO<\/em> ni tampoco en los diccionarios de otras lenguas con la que ser\u00eda su forma correspondiente en ingl\u00e9s (<em>Oxford English Dictionary<\/em>) o franc\u00e9s (<em>Le Grand Robert<\/em>), aunque ambos recogen <em>Eurovision<\/em>. En el <em>Dizionario Hoepli della lingua italiana<\/em> aparece el adjetivo <em>eurovisivo<\/em>, pero solo se refiere a una retransmisi\u00f3n conjunta de un programa en m\u00e1s de una red televisiva europea, sin ninguna relaci\u00f3n con el concurso.<\/p>\n<p>El Observatori de Neologia recogi\u00f3 <em>eurovisivo -va<\/em> por primera vez en el a\u00f1o 1998, aunque la mayor parte de las ocurrencias se concentran a partir del a\u00f1o 2010. Este a\u00f1o en concreto muestra un pico de popularidad en el uso del adjetivo para hacer referencia al proceso de selecci\u00f3n de la canci\u00f3n candidata para Espa\u00f1a y en las posibilidades que tiene el cantante de ganar. Seguramente este auge en 2010 se debe al hecho de que hubo un poco de pol\u00e9mica ese a\u00f1o en el programa de TVE en el que se eligi\u00f3 al candidato. Por su uso extendido, al menos en el territorio espa\u00f1ol, por su formaci\u00f3n, que sigue las reglas de derivaci\u00f3n de la lengua espa\u00f1ola, por su uso polivalente, ya que puede hacer referencia tanto a cualquier elemento relacionado con el certamen como al conocimiento compartido que tienen los hablantes del tipo de concurso del que se trata, y, finalmente, por la popularidad del Festival de la Canci\u00f3n de Eurovisi\u00f3n, <em>eurovisivo -va<\/em> podr\u00eda ser una adici\u00f3n interesante al <em>DRAE<\/em>.<\/p>\n<p>Alba Mil\u00e0-Garcia<br \/>\nObservatori de Neologia<br \/>\nUniversitat Pompeu Fabra (Espa\u00f1a)<\/p>\n","protected":false},"excerpt":{"rendered":"<p>En mayo se celebra el Festival de la Canci\u00f3n de Eurovisi\u00f3n, un concurso televisado que se celebra desde 1956. En \u00e9l participan pa\u00edses del \u00c1rea de Radiodifusi\u00f3n Europea, pero tambi\u00e9n se incluyen, sin embargo, pa\u00edses que geogr\u00e1ficamente se encuentran fuera de Europa (como Chipre o Armenia) y, desde 2015, otros pa\u00edses invitados (como Australia). Cada pa\u00eds elige la canci\u00f3n que presentar\u00e1 en el festival y la gala final se caracteriza por incluir n\u00fameros musicales muy vistosos o que utilizan complementos espectaculares como el agua o el fuego. Algunas de las canciones del concurso se han hecho despu\u00e9s muy famosas, como <em>Vivo cantando<\/em>  de Salom\u00e9 (1969), <em>Waterloo<\/em> de Abba (1974) o <em>Abanibi<\/em> de Itziar Cohen and the Alphabeta (1978) y, m\u00e1s recientemente, <em>Rise like a Phoenix <\/em>de Conchita Wurst (2014) o <em>Heroes<\/em> de M\u00e5ns Zelmerl\u00f6w (2015).<\/p>\n","protected":false},"author":1,"featured_media":2784,"comment_status":"open","ping_status":"open","sticky":false,"template":"","format":"standard","meta":{"_mi_skip_tracking":false,"_s2mail":"yes"},"categories":[206,111,37],"tags":[],"yoast_head":"<!-- This site is optimized with the Yoast SEO plugin v20.6 - https:\/\/yoast.com\/wordpress\/plugins\/seo\/ -->\n<title>CVC. Eurovisivo, eurovisiva | Martes Neol\u00f3gico<\/title>\n<meta name=\"description\" content=\"Art\u00edculo sobre el neologismo \u00abeurovisivo, eurovisiva\u00bb, dentro del blog Martes Neol\u00f3gico del Centro Virtual Cervantes.\" \/>\n<meta name=\"robots\" content=\"index, follow, max-snippet:-1, max-image-preview:large, max-video-preview:-1\" \/>\n<link rel=\"canonical\" href=\"https:\/\/blogscvc.cervantes.es\/martes-neologico\/eurovisivo-eurovisiva\/\" \/>\n<meta property=\"og:locale\" content=\"es_ES\" \/>\n<meta property=\"og:type\" content=\"article\" \/>\n<meta property=\"og:title\" content=\"CVC. Eurovisivo, eurovisiva | Martes Neol\u00f3gico\" \/>\n<meta property=\"og:description\" content=\"Art\u00edculo sobre el neologismo \u00abeurovisivo, eurovisiva\u00bb, dentro del blog Martes Neol\u00f3gico del Centro Virtual Cervantes.\" \/>\n<meta property=\"og:url\" content=\"https:\/\/blogscvc.cervantes.es\/martes-neologico\/eurovisivo-eurovisiva\/\" \/>\n<meta property=\"og:site_name\" content=\"Martes Neol\u00f3gico\" \/>\n<meta property=\"article:published_time\" content=\"2018-10-16T05:10:47+00:00\" \/>\n<meta property=\"article:modified_time\" content=\"2025-07-30T12:12:51+00:00\" \/>\n<meta property=\"og:image\" content=\"http:\/\/blogscvc.cervantes.es\/martes-neologico\/wp-content\/uploads\/sites\/2\/2018\/10\/eurovisivo_350.jpg\" \/>\n\t<meta property=\"og:image:width\" content=\"750\" \/>\n\t<meta property=\"og:image:height\" content=\"350\" \/>\n\t<meta property=\"og:image:type\" content=\"image\/jpeg\" \/>\n<meta name=\"author\" content=\"admin\" \/>\n<meta name=\"twitter:card\" content=\"summary_large_image\" \/>\n<meta name=\"twitter:label1\" content=\"Escrito por\" \/>\n\t<meta name=\"twitter:data1\" content=\"admin\" \/>\n\t<meta name=\"twitter:label2\" content=\"Tiempo de lectura\" \/>\n\t<meta name=\"twitter:data2\" content=\"5 minutos\" \/>\n<script type=\"application\/ld+json\" class=\"yoast-schema-graph\">{\"@context\":\"https:\/\/schema.org\",\"@graph\":[{\"@type\":\"Article\",\"@id\":\"https:\/\/blogscvc.cervantes.es\/martes-neologico\/eurovisivo-eurovisiva\/#article\",\"isPartOf\":{\"@id\":\"https:\/\/blogscvc.cervantes.es\/martes-neologico\/eurovisivo-eurovisiva\/\"},\"author\":{\"name\":\"admin\",\"@id\":\"https:\/\/blogscvc.cervantes.es\/martes-neologico\/#\/schema\/person\/7e2fd26f886f53b1b2e81721d23acc47\"},\"headline\":\"eurovisivo, eurovisiva adj.\",\"datePublished\":\"2018-10-16T05:10:47+00:00\",\"dateModified\":\"2025-07-30T12:12:51+00:00\",\"mainEntityOfPage\":{\"@id\":\"https:\/\/blogscvc.cervantes.es\/martes-neologico\/eurovisivo-eurovisiva\/\"},\"wordCount\":950,\"commentCount\":1,\"publisher\":{\"@id\":\"https:\/\/blogscvc.cervantes.es\/martes-neologico\/#organization\"},\"articleSection\":[\"diccionarizado\",\"m\u00fasica\",\"sufijaci\u00f3n\"],\"inLanguage\":\"es\",\"potentialAction\":[{\"@type\":\"CommentAction\",\"name\":\"Comment\",\"target\":[\"https:\/\/blogscvc.cervantes.es\/martes-neologico\/eurovisivo-eurovisiva\/#respond\"]}]},{\"@type\":\"WebPage\",\"@id\":\"https:\/\/blogscvc.cervantes.es\/martes-neologico\/eurovisivo-eurovisiva\/\",\"url\":\"https:\/\/blogscvc.cervantes.es\/martes-neologico\/eurovisivo-eurovisiva\/\",\"name\":\"CVC. Eurovisivo, eurovisiva | Martes Neol\u00f3gico\",\"isPartOf\":{\"@id\":\"https:\/\/blogscvc.cervantes.es\/martes-neologico\/#website\"},\"datePublished\":\"2018-10-16T05:10:47+00:00\",\"dateModified\":\"2025-07-30T12:12:51+00:00\",\"description\":\"Art\u00edculo sobre el neologismo \u00abeurovisivo, eurovisiva\u00bb, dentro del blog Martes Neol\u00f3gico del Centro Virtual Cervantes.\",\"breadcrumb\":{\"@id\":\"https:\/\/blogscvc.cervantes.es\/martes-neologico\/eurovisivo-eurovisiva\/#breadcrumb\"},\"inLanguage\":\"es\",\"potentialAction\":[{\"@type\":\"ReadAction\",\"target\":[\"https:\/\/blogscvc.cervantes.es\/martes-neologico\/eurovisivo-eurovisiva\/\"]}]},{\"@type\":\"BreadcrumbList\",\"@id\":\"https:\/\/blogscvc.cervantes.es\/martes-neologico\/eurovisivo-eurovisiva\/#breadcrumb\",\"itemListElement\":[{\"@type\":\"ListItem\",\"position\":1,\"name\":\"Portada\",\"item\":\"https:\/\/blogscvc.cervantes.es\/martes-neologico\/\"},{\"@type\":\"ListItem\",\"position\":2,\"name\":\"eurovisivo, eurovisiva adj.\"}]},{\"@type\":\"WebSite\",\"@id\":\"https:\/\/blogscvc.cervantes.es\/martes-neologico\/#website\",\"url\":\"https:\/\/blogscvc.cervantes.es\/martes-neologico\/\",\"name\":\"Martes Neol\u00f3gico\",\"description\":\"Cada martes, una palabra nueva que podr\u00eda estar en el diccionario\",\"publisher\":{\"@id\":\"https:\/\/blogscvc.cervantes.es\/martes-neologico\/#organization\"},\"potentialAction\":[{\"@type\":\"SearchAction\",\"target\":{\"@type\":\"EntryPoint\",\"urlTemplate\":\"https:\/\/blogscvc.cervantes.es\/martes-neologico\/?s={search_term_string}\"},\"query-input\":\"required name=search_term_string\"}],\"inLanguage\":\"es\"},{\"@type\":\"Organization\",\"@id\":\"https:\/\/blogscvc.cervantes.es\/martes-neologico\/#organization\",\"name\":\"Martes Neol\u00f3gico\",\"url\":\"https:\/\/blogscvc.cervantes.es\/martes-neologico\/\",\"logo\":{\"@type\":\"ImageObject\",\"inLanguage\":\"es\",\"@id\":\"https:\/\/blogscvc.cervantes.es\/martes-neologico\/#\/schema\/logo\/image\/\",\"url\":\"https:\/\/blogscvc.cervantes.es\/martes-neologico\/wp-content\/uploads\/sites\/2\/2025\/10\/logo-martes-neologico-10-anos.png\",\"contentUrl\":\"https:\/\/blogscvc.cervantes.es\/martes-neologico\/wp-content\/uploads\/sites\/2\/2025\/10\/logo-martes-neologico-10-anos.png\",\"width\":300,\"height\":100,\"caption\":\"Martes Neol\u00f3gico\"},\"image\":{\"@id\":\"https:\/\/blogscvc.cervantes.es\/martes-neologico\/#\/schema\/logo\/image\/\"}},{\"@type\":\"Person\",\"@id\":\"https:\/\/blogscvc.cervantes.es\/martes-neologico\/#\/schema\/person\/7e2fd26f886f53b1b2e81721d23acc47\",\"name\":\"admin\",\"image\":{\"@type\":\"ImageObject\",\"inLanguage\":\"es\",\"@id\":\"https:\/\/blogscvc.cervantes.es\/martes-neologico\/#\/schema\/person\/image\/\",\"url\":\"https:\/\/secure.gravatar.com\/avatar\/c4b6a365b64e607f3d2ecd9620a7675a?s=96&d=mm&r=g\",\"contentUrl\":\"https:\/\/secure.gravatar.com\/avatar\/c4b6a365b64e607f3d2ecd9620a7675a?s=96&d=mm&r=g\",\"caption\":\"admin\"},\"url\":\"https:\/\/blogscvc.cervantes.es\/martes-neologico\/author\/admin\/\"}]}<\/script>\n<!-- \/ Yoast SEO plugin. -->","yoast_head_json":{"title":"CVC. Eurovisivo, eurovisiva | Martes Neol\u00f3gico","description":"Art\u00edculo sobre el neologismo \u00abeurovisivo, eurovisiva\u00bb, dentro del blog Martes Neol\u00f3gico del Centro Virtual Cervantes.","robots":{"index":"index","follow":"follow","max-snippet":"max-snippet:-1","max-image-preview":"max-image-preview:large","max-video-preview":"max-video-preview:-1"},"canonical":"https:\/\/blogscvc.cervantes.es\/martes-neologico\/eurovisivo-eurovisiva\/","og_locale":"es_ES","og_type":"article","og_title":"CVC. Eurovisivo, eurovisiva | Martes Neol\u00f3gico","og_description":"Art\u00edculo sobre el neologismo \u00abeurovisivo, eurovisiva\u00bb, dentro del blog Martes Neol\u00f3gico del Centro Virtual Cervantes.","og_url":"https:\/\/blogscvc.cervantes.es\/martes-neologico\/eurovisivo-eurovisiva\/","og_site_name":"Martes Neol\u00f3gico","article_published_time":"2018-10-16T05:10:47+00:00","article_modified_time":"2025-07-30T12:12:51+00:00","og_image":[{"width":750,"height":350,"url":"http:\/\/blogscvc.cervantes.es\/martes-neologico\/wp-content\/uploads\/sites\/2\/2018\/10\/eurovisivo_350.jpg","type":"image\/jpeg"}],"author":"admin","twitter_card":"summary_large_image","twitter_misc":{"Escrito por":"admin","Tiempo de lectura":"5 minutos"},"schema":{"@context":"https:\/\/schema.org","@graph":[{"@type":"Article","@id":"https:\/\/blogscvc.cervantes.es\/martes-neologico\/eurovisivo-eurovisiva\/#article","isPartOf":{"@id":"https:\/\/blogscvc.cervantes.es\/martes-neologico\/eurovisivo-eurovisiva\/"},"author":{"name":"admin","@id":"https:\/\/blogscvc.cervantes.es\/martes-neologico\/#\/schema\/person\/7e2fd26f886f53b1b2e81721d23acc47"},"headline":"eurovisivo, eurovisiva adj.","datePublished":"2018-10-16T05:10:47+00:00","dateModified":"2025-07-30T12:12:51+00:00","mainEntityOfPage":{"@id":"https:\/\/blogscvc.cervantes.es\/martes-neologico\/eurovisivo-eurovisiva\/"},"wordCount":950,"commentCount":1,"publisher":{"@id":"https:\/\/blogscvc.cervantes.es\/martes-neologico\/#organization"},"articleSection":["diccionarizado","m\u00fasica","sufijaci\u00f3n"],"inLanguage":"es","potentialAction":[{"@type":"CommentAction","name":"Comment","target":["https:\/\/blogscvc.cervantes.es\/martes-neologico\/eurovisivo-eurovisiva\/#respond"]}]},{"@type":"WebPage","@id":"https:\/\/blogscvc.cervantes.es\/martes-neologico\/eurovisivo-eurovisiva\/","url":"https:\/\/blogscvc.cervantes.es\/martes-neologico\/eurovisivo-eurovisiva\/","name":"CVC. Eurovisivo, eurovisiva | Martes Neol\u00f3gico","isPartOf":{"@id":"https:\/\/blogscvc.cervantes.es\/martes-neologico\/#website"},"datePublished":"2018-10-16T05:10:47+00:00","dateModified":"2025-07-30T12:12:51+00:00","description":"Art\u00edculo sobre el neologismo \u00abeurovisivo, eurovisiva\u00bb, dentro del blog Martes Neol\u00f3gico del Centro Virtual Cervantes.","breadcrumb":{"@id":"https:\/\/blogscvc.cervantes.es\/martes-neologico\/eurovisivo-eurovisiva\/#breadcrumb"},"inLanguage":"es","potentialAction":[{"@type":"ReadAction","target":["https:\/\/blogscvc.cervantes.es\/martes-neologico\/eurovisivo-eurovisiva\/"]}]},{"@type":"BreadcrumbList","@id":"https:\/\/blogscvc.cervantes.es\/martes-neologico\/eurovisivo-eurovisiva\/#breadcrumb","itemListElement":[{"@type":"ListItem","position":1,"name":"Portada","item":"https:\/\/blogscvc.cervantes.es\/martes-neologico\/"},{"@type":"ListItem","position":2,"name":"eurovisivo, eurovisiva adj."}]},{"@type":"WebSite","@id":"https:\/\/blogscvc.cervantes.es\/martes-neologico\/#website","url":"https:\/\/blogscvc.cervantes.es\/martes-neologico\/","name":"Martes Neol\u00f3gico","description":"Cada martes, una palabra nueva que podr\u00eda estar en el diccionario","publisher":{"@id":"https:\/\/blogscvc.cervantes.es\/martes-neologico\/#organization"},"potentialAction":[{"@type":"SearchAction","target":{"@type":"EntryPoint","urlTemplate":"https:\/\/blogscvc.cervantes.es\/martes-neologico\/?s={search_term_string}"},"query-input":"required name=search_term_string"}],"inLanguage":"es"},{"@type":"Organization","@id":"https:\/\/blogscvc.cervantes.es\/martes-neologico\/#organization","name":"Martes Neol\u00f3gico","url":"https:\/\/blogscvc.cervantes.es\/martes-neologico\/","logo":{"@type":"ImageObject","inLanguage":"es","@id":"https:\/\/blogscvc.cervantes.es\/martes-neologico\/#\/schema\/logo\/image\/","url":"https:\/\/blogscvc.cervantes.es\/martes-neologico\/wp-content\/uploads\/sites\/2\/2025\/10\/logo-martes-neologico-10-anos.png","contentUrl":"https:\/\/blogscvc.cervantes.es\/martes-neologico\/wp-content\/uploads\/sites\/2\/2025\/10\/logo-martes-neologico-10-anos.png","width":300,"height":100,"caption":"Martes Neol\u00f3gico"},"image":{"@id":"https:\/\/blogscvc.cervantes.es\/martes-neologico\/#\/schema\/logo\/image\/"}},{"@type":"Person","@id":"https:\/\/blogscvc.cervantes.es\/martes-neologico\/#\/schema\/person\/7e2fd26f886f53b1b2e81721d23acc47","name":"admin","image":{"@type":"ImageObject","inLanguage":"es","@id":"https:\/\/blogscvc.cervantes.es\/martes-neologico\/#\/schema\/person\/image\/","url":"https:\/\/secure.gravatar.com\/avatar\/c4b6a365b64e607f3d2ecd9620a7675a?s=96&d=mm&r=g","contentUrl":"https:\/\/secure.gravatar.com\/avatar\/c4b6a365b64e607f3d2ecd9620a7675a?s=96&d=mm&r=g","caption":"admin"},"url":"https:\/\/blogscvc.cervantes.es\/martes-neologico\/author\/admin\/"}]}},"_links":{"self":[{"href":"https:\/\/blogscvc.cervantes.es\/martes-neologico\/wp-json\/wp\/v2\/posts\/2782"}],"collection":[{"href":"https:\/\/blogscvc.cervantes.es\/martes-neologico\/wp-json\/wp\/v2\/posts"}],"about":[{"href":"https:\/\/blogscvc.cervantes.es\/martes-neologico\/wp-json\/wp\/v2\/types\/post"}],"author":[{"embeddable":true,"href":"https:\/\/blogscvc.cervantes.es\/martes-neologico\/wp-json\/wp\/v2\/users\/1"}],"replies":[{"embeddable":true,"href":"https:\/\/blogscvc.cervantes.es\/martes-neologico\/wp-json\/wp\/v2\/comments?post=2782"}],"version-history":[{"count":4,"href":"https:\/\/blogscvc.cervantes.es\/martes-neologico\/wp-json\/wp\/v2\/posts\/2782\/revisions"}],"predecessor-version":[{"id":11588,"href":"https:\/\/blogscvc.cervantes.es\/martes-neologico\/wp-json\/wp\/v2\/posts\/2782\/revisions\/11588"}],"wp:featuredmedia":[{"embeddable":true,"href":"https:\/\/blogscvc.cervantes.es\/martes-neologico\/wp-json\/wp\/v2\/media\/2784"}],"wp:attachment":[{"href":"https:\/\/blogscvc.cervantes.es\/martes-neologico\/wp-json\/wp\/v2\/media?parent=2782"}],"wp:term":[{"taxonomy":"category","embeddable":true,"href":"https:\/\/blogscvc.cervantes.es\/martes-neologico\/wp-json\/wp\/v2\/categories?post=2782"},{"taxonomy":"post_tag","embeddable":true,"href":"https:\/\/blogscvc.cervantes.es\/martes-neologico\/wp-json\/wp\/v2\/tags?post=2782"}],"curies":[{"name":"wp","href":"https:\/\/api.w.org\/{rel}","templated":true}]}}