{"id":3189,"date":"2019-01-08T07:00:26","date_gmt":"2019-01-08T05:00:26","guid":{"rendered":"http:\/\/blogscvc.cervantes.es\/martes-neologico\/?p=3189"},"modified":"2023-07-24T13:56:20","modified_gmt":"2023-07-24T11:56:20","slug":"antologar","status":"publish","type":"post","link":"https:\/\/blogscvc.cervantes.es\/martes-neologico\/antologar\/","title":{"rendered":"antologar <em>v. tr.<\/em>"},"content":{"rendered":"<p>La palabra <em>antologar <\/em>parece haberse hecho un lugar en nuestro repertorio l\u00e9xico, a pesar de que solo uno de los diccionarios consultados \u2014el DRAE23, el <em>Clave<\/em>, el DEM, el DUE y el DEA\u2014 registra el neologismo \u2014el DEA\u2014. Para definirlo, este diccionario recurre al sin\u00f3nimo <em>antologizar<\/em>, que es precisamente el t\u00e9rmino aceptado por el diccionario acad\u00e9mico en la vig\u00e9sima tercera edici\u00f3n, con el significado de \u2018incluir&nbsp;en&nbsp;una&nbsp;antolog\u00eda\u2019. La mayor\u00eda de los diccionarios parece, por tanto, asumir la posici\u00f3n de la Fund\u00e9u (2008): \u00abEl verbo correspondiente a antolog\u00eda es <em>antologizar<\/em>, y su participio, <em>antologizado<\/em>\u00bb.<\/p>\n<figure id=\"attachment_118\" aria-describedby=\"caption-attachment-118\" style=\"width: 750px\" class=\"wp-caption aligncenter\"><a href=\"http:\/\/blogscvc.cervantes.es\/martes-neologico\/wp-content\/uploads\/sites\/2\/2018\/11\/antologar_500.jpg\"><img decoding=\"async\" loading=\"lazy\" class=\"alignnone size-full wp-image-1739\" src=\"http:\/\/blogscvc.cervantes.es\/martes-neologico\/wp-content\/uploads\/sites\/2\/2018\/11\/antologar_500.jpg\" alt=\"Mano que pasa p\u00e1ginas a un libro.\" width=\"750\" height=\"500\"><\/a><figcaption id=\"caption-attachment-118\" class=\"wp-caption-text\">Pixabay<\/figcaption><\/figure>\n<p>Sin embargo, los datos evidencian que el neologismo se utiliza cada vez m\u00e1s, tanto en el espa\u00f1ol peninsular como en el espa\u00f1ol de Am\u00e9rica. En el banco de neologismos del Observatori de Neologia (OBNEO) encontramos algunos registros de 1999 a 2016. En el primero aparece el participio del verbo y solo una vez se atestigua el uso de una forma conjugada:<\/p>\n<ul>\n<li>Aunque, hay que decirlo tambi\u00e9n, uno echa en falta composiciones tan insistentemente <strong>antologadas <\/strong>en otros lugares como Paganos. [<em>El Pa\u00eds <\/em>(Espa\u00f1a), 29\/05\/1999]<\/li>\n<li>La obra empieza cuando el violonchelo desgrana tristemente el tema de <em>Chant du m\u00e9nestrel<\/em> (<em>El canto del trovador<\/em>) de Glazunov, y su tono <strong>antologa<\/strong> el sentido mismo del espect\u00e1culo: es un canto a la entrega, a la voluntad ciertamente m\u00edstica que tiene el ballet y que convirti\u00f3 a Pavlova en un icono transparente y eterno. [<em>El Pa\u00eds <\/em>(Espa\u00f1a), 17\/06\/2000]<\/li>\n<\/ul>\n<p>El <em>Diccionario hist\u00f3rico<\/em> <em>de la lengua espa\u00f1ola<\/em> (1960-1996) registra ambos t\u00e9rminos. Para <em>antologizar <\/em>propone y ejemplifica dos acepciones y algunas subacepciones:<\/p>\n<blockquote><p>1. tr. Someter a selecci\u00f3n antol\u00f3gica (obras o conjuntos de obras, o a un autor). \u00da. t. en sent. fig.<br \/>\n<strong>1902<\/strong>&nbsp;UNAMUNO&nbsp;<em>Ensayos<\/em>&nbsp;III (1916) 176:&nbsp;Cierta selecci\u00f3n se impone [&#8230;]. Hay escritores, verbigracia, que en beneficio de su nombre deben pasar con una o dos composiciones a una antolog\u00eda. Y en general cabe decir que conviene <strong>antologizar<\/strong>lo todo.<br \/>\n<strong>b)<\/strong> Hacer una antolog\u00eda.<br \/>\n<strong>1935<\/strong>&nbsp;FDZMONTESINOS (<em>RFE<\/em>&nbsp;XXII 425):&nbsp;La labor de <strong>antologizar<\/strong> para el p\u00fablico [&#8230;] impone ciertos deberes de fidelidad y exactitud informativa que el Sr. Ochando no siempre ha cumplido.<br \/>\n<strong>c)<\/strong> Seleccionar (textos) reuni\u00e9ndolos en una antolog\u00eda<br \/>\n<strong>1949<\/strong>&nbsp;GABLANCO, M. (<em>BRAE<\/em>&nbsp;XXIX 440):&nbsp;Entremos ya en el examen de algunas letras para cantar de las que Tirso nos ha legado a lo largo de su teatro, no sin lamentar que a\u00fan no hayan sido <strong>antologizadas<\/strong> u ordenadas debidamente.<\/p>\n<p>2. tr. Ser compendio o muestra representativa (de algo).<br \/>\n<strong>1963<\/strong>&nbsp;GAYA NU\u00d1O (<em>Espa\u00f1a<\/em>&nbsp;150):&nbsp;Pero volvamos a la r\u00eda de Mundaca, que ejemplifica y <strong>antologiza<\/strong> el Pa\u00eds Vasco como pudieran hacerlo otros varios millares de ilustraciones.<\/p><\/blockquote>\n<p>Para <em>antologar<\/em> se proponen menos definiciones, pero las que aparecen coinciden con las del t\u00e9rmino <em>antologizar<\/em>:<\/p>\n<blockquote><p>Seleccionar (autores, textos u otras cosas) reuni\u00e9ndolos en una antolog\u00eda.<br \/>\n<strong>1935<\/strong>&nbsp;HERN\u00c1NDEZ, MIGUEL&nbsp;Cartas&nbsp;(1992) 2357:&nbsp;He hablado con Sij\u00e9 varias veces de vosotros; le dije tu deseo y m\u00edo, Antonio, de <strong>antologar<\/strong> a los poetas mediterr\u00e1neos de esta parte.<\/p>\n<p>b) Realizar una antolog\u00eda de la obra (de un autor).<br \/>\n1980&nbsp;Mercurio&nbsp;[Valp.] (<em>DECh<\/em>&nbsp;1984 s\/v):&nbsp;Neruda <strong>antologado<\/strong> de nuevo.<\/p><\/blockquote>\n<p>El DHLE (1960-1996) registra tambi\u00e9n los t\u00e9rminos <em>antologador<\/em>, <em>ant\u00f3logo <\/em>y <em>antologista.<\/em><\/p>\n<p>Estos datos parecen confirmar la convivencia pac\u00edfica de ambas formas, al menos hasta finales del siglo xx: la forma completa, <em>antologizar<\/em>, y la formaci\u00f3n regresiva, <em>antologar<\/em>, procedente de la primera. El t\u00e9rmino inicial habr\u00eda sufrido, por tanto, una reducci\u00f3n fonol\u00f3gica que habr\u00eda dado lugar a una nueva formaci\u00f3n l\u00e9xica, en este caso con un significado pr\u00e1cticamente equivalente al de la palabra completa, lo que hace sospechar que la creaci\u00f3n del nuevo t\u00e9rmino no ha obedecido a la necesidad de contar con una nueva denominaci\u00f3n, sino a la voluntad de simplificar la expresi\u00f3n.<\/p>\n<p>Llegados a este punto cabe preguntarse por qu\u00e9 la Real Academia Espa\u00f1ola prefiere <em>antologizar<\/em> a <em>antologar<\/em>, si acepta t\u00e9rminos como <em>ant\u00f3logo<\/em> y <em>antologador<\/em> dif\u00edcilmente derivables de la primera forma. De hecho, resulta interesante constatar que la variante aceptada por la Real Academia Espa\u00f1ola parece utilizarse m\u00e1s bien poco: en la versi\u00f3n anotada del CREA aparecen dos registros y cinco en el CORPES XXI.<\/p>\n<p>En cambio, en la versi\u00f3n anotada del CREA aparecen veinti\u00fan registros de la forma <em>antologar<\/em>, de los cuales seis corresponden al espa\u00f1ol peninsular, mientras que en el CORPES XXI aparecen sesenta y un registros, entre 2001 y 2012, de los cuales siete corresponden al espa\u00f1ol peninsular. Adem\u00e1s, de los datos se desprende que, aunque es m\u00e1s habitual el uso del participio del verbo, el uso de otras formas verbales se incrementa con el significado de \u2018compilado\u2019 a medida que pasa el tiempo:<\/p>\n<ul>\n<li>Ley\u00f3&nbsp;mis&nbsp;poemas&nbsp;y&nbsp;me&nbsp;<strong>antolog\u00f3<\/strong>en&nbsp;una&nbsp;especie&nbsp;de&nbsp;recital&nbsp;de&nbsp;poes\u00eda&nbsp;joven&nbsp;que&nbsp;hizo en un instituto chileno-norteamericano.&nbsp;[Bola\u00f1o, Roberto:&nbsp;\u00abEncuentro con Enrique Lihn\u00bb.&nbsp;<em>Putas asesinas<\/em>.&nbsp;Barcelona:&nbsp;Anagrama,&nbsp;2001]<\/li>\n<\/ul>\n<p>Por tanto, podemos concluir no solo que el neologismo parece claramente instalado en la lengua espa\u00f1ola, sino que su uso es mucho m\u00e1s habitual que el del t\u00e9rmino aceptado por la Real Academia Espa\u00f1ola, por lo que quiz\u00e1s sea prudente recomendar su inclusi\u00f3n en el diccionario acad\u00e9mico.<\/p>\n<p>No todas las lenguas rom\u00e1nicas cuentan con las mismas o parecidas variantes para expresar el significado \u2018incluir&nbsp;en&nbsp;una&nbsp;antolog\u00eda\u2019. De hecho, solo el portugu\u00e9s parece mostrar una alternancia similar a la del espa\u00f1ol ya que cuenta con los t\u00e9rminos <em>antologizar <\/em>y <em>antologiar<\/em>.<\/p>\n<p>El Observatori de Neologia (OBNEO) registra <em>antologar <\/em>y <em>antologador <\/em>para el catal\u00e1n, pero en el DIEC estos lemas no aparecen. El franc\u00e9s no posee ning\u00fan verbo formalmente equivalente a los del espa\u00f1ol, aunque se utilizan los sustantivos <em>anthologue<\/em> y <em>anthologiste<\/em>. El <em>Diccionario da Real Academia Galega <\/em>solo reconoce el sustantivo <em>antolox\u00eda <\/em>y el adjetivo<em> antol\u00f3xico<\/em>. Y, mientras los diccionarios de italiano recogen el t\u00e9rmino <em>antologizzare<\/em>, pero no la formaci\u00f3n regresiva, el rumano opta por la forma <em>antologare. <\/em><\/p>\n<p>Por \u00faltimo, fuera del \u00e1mbito de las lenguas rom\u00e1nicas, el ingl\u00e9s solo muestra la alternancia de dos variantes formales del lexema verbal: <em>anthologize<\/em> y <em>anthologise.<\/em><\/p>\n<p>Natalia Catal\u00e1<br \/>\nUniversitat Rovira i Virgili (Espa\u00f1a)<\/p>\n","protected":false},"excerpt":{"rendered":"<p>La palabra <em>antologar <\/em>parece haberse hecho un lugar en nuestro repertorio l\u00e9xico, a pesar de que solo uno de los diccionarios consultados \u2014el DRAE23, el <em>Clave<\/em>, el DEM, el DUE y el DEA\u2014 registra el neologismo \u2014el DEA\u2014. Para definirlo, este diccionario recurre al sin\u00f3nimo <em>antologizar<\/em>, que es precisamente el t\u00e9rmino aceptado por el diccionario acad\u00e9mico en la vig\u00e9sima tercera edici\u00f3n, con el significado de \u2018incluir en una antolog\u00eda\u2019. La mayor\u00eda de los diccionarios parece, por tanto, asumir la posici\u00f3n de la Fund\u00e9u (2008): \u00abEl verbo correspondiente a antolog\u00eda es <em>antologizar<\/em>, y su participio, <em>antologizado<\/em>\u00bb.<\/p>\n","protected":false},"author":1,"featured_media":3193,"comment_status":"open","ping_status":"open","sticky":false,"template":"","format":"standard","meta":{"_mi_skip_tracking":false,"_s2mail":"yes"},"categories":[11,206,98],"tags":[],"yoast_head":"<!-- This site is optimized with the Yoast SEO plugin v20.6 - https:\/\/yoast.com\/wordpress\/plugins\/seo\/ -->\n<title>CVC. Antologar | Martes Neol\u00f3gico<\/title>\n<meta name=\"description\" content=\"Art\u00edculo sobre el neologismo \u00abantologar\u00bb, dentro del blog Martes Neol\u00f3gico del Centro Virtual Cervantes.\" \/>\n<meta name=\"robots\" content=\"index, follow, max-snippet:-1, max-image-preview:large, max-video-preview:-1\" \/>\n<link rel=\"canonical\" href=\"https:\/\/blogscvc.cervantes.es\/martes-neologico\/antologar\/\" \/>\n<meta property=\"og:locale\" content=\"es_ES\" \/>\n<meta property=\"og:type\" content=\"article\" \/>\n<meta property=\"og:title\" content=\"CVC. Antologar | Martes Neol\u00f3gico\" \/>\n<meta property=\"og:description\" content=\"Art\u00edculo sobre el neologismo \u00abantologar\u00bb, dentro del blog Martes Neol\u00f3gico del Centro Virtual Cervantes.\" \/>\n<meta property=\"og:url\" content=\"https:\/\/blogscvc.cervantes.es\/martes-neologico\/antologar\/\" \/>\n<meta property=\"og:site_name\" content=\"Martes Neol\u00f3gico\" \/>\n<meta property=\"article:published_time\" content=\"2019-01-08T05:00:26+00:00\" \/>\n<meta property=\"article:modified_time\" content=\"2023-07-24T11:56:20+00:00\" \/>\n<meta property=\"og:image\" content=\"http:\/\/blogscvc.cervantes.es\/martes-neologico\/wp-content\/uploads\/sites\/2\/2018\/11\/antologar_350.jpg\" \/>\n\t<meta property=\"og:image:width\" content=\"750\" \/>\n\t<meta property=\"og:image:height\" content=\"350\" \/>\n\t<meta property=\"og:image:type\" content=\"image\/jpeg\" \/>\n<meta name=\"author\" content=\"admin\" \/>\n<meta name=\"twitter:card\" content=\"summary_large_image\" \/>\n<meta name=\"twitter:label1\" content=\"Escrito por\" \/>\n\t<meta name=\"twitter:data1\" content=\"admin\" \/>\n\t<meta name=\"twitter:label2\" content=\"Tiempo de lectura\" \/>\n\t<meta name=\"twitter:data2\" content=\"5 minutos\" \/>\n<script type=\"application\/ld+json\" class=\"yoast-schema-graph\">{\"@context\":\"https:\/\/schema.org\",\"@graph\":[{\"@type\":\"Article\",\"@id\":\"https:\/\/blogscvc.cervantes.es\/martes-neologico\/antologar\/#article\",\"isPartOf\":{\"@id\":\"https:\/\/blogscvc.cervantes.es\/martes-neologico\/antologar\/\"},\"author\":{\"name\":\"admin\",\"@id\":\"https:\/\/blogscvc.cervantes.es\/martes-neologico\/#\/schema\/person\/7e2fd26f886f53b1b2e81721d23acc47\"},\"headline\":\"antologar v. tr.\",\"datePublished\":\"2019-01-08T05:00:26+00:00\",\"dateModified\":\"2023-07-24T11:56:20+00:00\",\"mainEntityOfPage\":{\"@id\":\"https:\/\/blogscvc.cervantes.es\/martes-neologico\/antologar\/\"},\"wordCount\":1121,\"commentCount\":1,\"publisher\":{\"@id\":\"https:\/\/blogscvc.cervantes.es\/martes-neologico\/#organization\"},\"articleSection\":[\"conversi\u00f3n\",\"diccionarizado\",\"literatura\"],\"inLanguage\":\"es\",\"potentialAction\":[{\"@type\":\"CommentAction\",\"name\":\"Comment\",\"target\":[\"https:\/\/blogscvc.cervantes.es\/martes-neologico\/antologar\/#respond\"]}]},{\"@type\":\"WebPage\",\"@id\":\"https:\/\/blogscvc.cervantes.es\/martes-neologico\/antologar\/\",\"url\":\"https:\/\/blogscvc.cervantes.es\/martes-neologico\/antologar\/\",\"name\":\"CVC. Antologar | Martes Neol\u00f3gico\",\"isPartOf\":{\"@id\":\"https:\/\/blogscvc.cervantes.es\/martes-neologico\/#website\"},\"datePublished\":\"2019-01-08T05:00:26+00:00\",\"dateModified\":\"2023-07-24T11:56:20+00:00\",\"description\":\"Art\u00edculo sobre el neologismo \u00abantologar\u00bb, dentro del blog Martes Neol\u00f3gico del Centro Virtual Cervantes.\",\"breadcrumb\":{\"@id\":\"https:\/\/blogscvc.cervantes.es\/martes-neologico\/antologar\/#breadcrumb\"},\"inLanguage\":\"es\",\"potentialAction\":[{\"@type\":\"ReadAction\",\"target\":[\"https:\/\/blogscvc.cervantes.es\/martes-neologico\/antologar\/\"]}]},{\"@type\":\"BreadcrumbList\",\"@id\":\"https:\/\/blogscvc.cervantes.es\/martes-neologico\/antologar\/#breadcrumb\",\"itemListElement\":[{\"@type\":\"ListItem\",\"position\":1,\"name\":\"Portada\",\"item\":\"https:\/\/blogscvc.cervantes.es\/martes-neologico\/\"},{\"@type\":\"ListItem\",\"position\":2,\"name\":\"antologar v. tr.\"}]},{\"@type\":\"WebSite\",\"@id\":\"https:\/\/blogscvc.cervantes.es\/martes-neologico\/#website\",\"url\":\"https:\/\/blogscvc.cervantes.es\/martes-neologico\/\",\"name\":\"Martes Neol\u00f3gico\",\"description\":\"Cada martes, una palabra nueva que podr\u00eda estar en el diccionario\",\"publisher\":{\"@id\":\"https:\/\/blogscvc.cervantes.es\/martes-neologico\/#organization\"},\"potentialAction\":[{\"@type\":\"SearchAction\",\"target\":{\"@type\":\"EntryPoint\",\"urlTemplate\":\"https:\/\/blogscvc.cervantes.es\/martes-neologico\/?s={search_term_string}\"},\"query-input\":\"required name=search_term_string\"}],\"inLanguage\":\"es\"},{\"@type\":\"Organization\",\"@id\":\"https:\/\/blogscvc.cervantes.es\/martes-neologico\/#organization\",\"name\":\"Martes Neol\u00f3gico\",\"url\":\"https:\/\/blogscvc.cervantes.es\/martes-neologico\/\",\"logo\":{\"@type\":\"ImageObject\",\"inLanguage\":\"es\",\"@id\":\"https:\/\/blogscvc.cervantes.es\/martes-neologico\/#\/schema\/logo\/image\/\",\"url\":\"https:\/\/blogscvc.cervantes.es\/martes-neologico\/wp-content\/uploads\/sites\/2\/2025\/10\/logo-martes-neologico-10-anos.png\",\"contentUrl\":\"https:\/\/blogscvc.cervantes.es\/martes-neologico\/wp-content\/uploads\/sites\/2\/2025\/10\/logo-martes-neologico-10-anos.png\",\"width\":300,\"height\":100,\"caption\":\"Martes Neol\u00f3gico\"},\"image\":{\"@id\":\"https:\/\/blogscvc.cervantes.es\/martes-neologico\/#\/schema\/logo\/image\/\"}},{\"@type\":\"Person\",\"@id\":\"https:\/\/blogscvc.cervantes.es\/martes-neologico\/#\/schema\/person\/7e2fd26f886f53b1b2e81721d23acc47\",\"name\":\"admin\",\"image\":{\"@type\":\"ImageObject\",\"inLanguage\":\"es\",\"@id\":\"https:\/\/blogscvc.cervantes.es\/martes-neologico\/#\/schema\/person\/image\/\",\"url\":\"https:\/\/secure.gravatar.com\/avatar\/c4b6a365b64e607f3d2ecd9620a7675a?s=96&d=mm&r=g\",\"contentUrl\":\"https:\/\/secure.gravatar.com\/avatar\/c4b6a365b64e607f3d2ecd9620a7675a?s=96&d=mm&r=g\",\"caption\":\"admin\"},\"url\":\"https:\/\/blogscvc.cervantes.es\/martes-neologico\/author\/admin\/\"}]}<\/script>\n<!-- \/ Yoast SEO plugin. -->","yoast_head_json":{"title":"CVC. Antologar | Martes Neol\u00f3gico","description":"Art\u00edculo sobre el neologismo \u00abantologar\u00bb, dentro del blog Martes Neol\u00f3gico del Centro Virtual Cervantes.","robots":{"index":"index","follow":"follow","max-snippet":"max-snippet:-1","max-image-preview":"max-image-preview:large","max-video-preview":"max-video-preview:-1"},"canonical":"https:\/\/blogscvc.cervantes.es\/martes-neologico\/antologar\/","og_locale":"es_ES","og_type":"article","og_title":"CVC. Antologar | Martes Neol\u00f3gico","og_description":"Art\u00edculo sobre el neologismo \u00abantologar\u00bb, dentro del blog Martes Neol\u00f3gico del Centro Virtual Cervantes.","og_url":"https:\/\/blogscvc.cervantes.es\/martes-neologico\/antologar\/","og_site_name":"Martes Neol\u00f3gico","article_published_time":"2019-01-08T05:00:26+00:00","article_modified_time":"2023-07-24T11:56:20+00:00","og_image":[{"width":750,"height":350,"url":"http:\/\/blogscvc.cervantes.es\/martes-neologico\/wp-content\/uploads\/sites\/2\/2018\/11\/antologar_350.jpg","type":"image\/jpeg"}],"author":"admin","twitter_card":"summary_large_image","twitter_misc":{"Escrito por":"admin","Tiempo de lectura":"5 minutos"},"schema":{"@context":"https:\/\/schema.org","@graph":[{"@type":"Article","@id":"https:\/\/blogscvc.cervantes.es\/martes-neologico\/antologar\/#article","isPartOf":{"@id":"https:\/\/blogscvc.cervantes.es\/martes-neologico\/antologar\/"},"author":{"name":"admin","@id":"https:\/\/blogscvc.cervantes.es\/martes-neologico\/#\/schema\/person\/7e2fd26f886f53b1b2e81721d23acc47"},"headline":"antologar v. tr.","datePublished":"2019-01-08T05:00:26+00:00","dateModified":"2023-07-24T11:56:20+00:00","mainEntityOfPage":{"@id":"https:\/\/blogscvc.cervantes.es\/martes-neologico\/antologar\/"},"wordCount":1121,"commentCount":1,"publisher":{"@id":"https:\/\/blogscvc.cervantes.es\/martes-neologico\/#organization"},"articleSection":["conversi\u00f3n","diccionarizado","literatura"],"inLanguage":"es","potentialAction":[{"@type":"CommentAction","name":"Comment","target":["https:\/\/blogscvc.cervantes.es\/martes-neologico\/antologar\/#respond"]}]},{"@type":"WebPage","@id":"https:\/\/blogscvc.cervantes.es\/martes-neologico\/antologar\/","url":"https:\/\/blogscvc.cervantes.es\/martes-neologico\/antologar\/","name":"CVC. Antologar | Martes Neol\u00f3gico","isPartOf":{"@id":"https:\/\/blogscvc.cervantes.es\/martes-neologico\/#website"},"datePublished":"2019-01-08T05:00:26+00:00","dateModified":"2023-07-24T11:56:20+00:00","description":"Art\u00edculo sobre el neologismo \u00abantologar\u00bb, dentro del blog Martes Neol\u00f3gico del Centro Virtual Cervantes.","breadcrumb":{"@id":"https:\/\/blogscvc.cervantes.es\/martes-neologico\/antologar\/#breadcrumb"},"inLanguage":"es","potentialAction":[{"@type":"ReadAction","target":["https:\/\/blogscvc.cervantes.es\/martes-neologico\/antologar\/"]}]},{"@type":"BreadcrumbList","@id":"https:\/\/blogscvc.cervantes.es\/martes-neologico\/antologar\/#breadcrumb","itemListElement":[{"@type":"ListItem","position":1,"name":"Portada","item":"https:\/\/blogscvc.cervantes.es\/martes-neologico\/"},{"@type":"ListItem","position":2,"name":"antologar v. tr."}]},{"@type":"WebSite","@id":"https:\/\/blogscvc.cervantes.es\/martes-neologico\/#website","url":"https:\/\/blogscvc.cervantes.es\/martes-neologico\/","name":"Martes Neol\u00f3gico","description":"Cada martes, una palabra nueva que podr\u00eda estar en el diccionario","publisher":{"@id":"https:\/\/blogscvc.cervantes.es\/martes-neologico\/#organization"},"potentialAction":[{"@type":"SearchAction","target":{"@type":"EntryPoint","urlTemplate":"https:\/\/blogscvc.cervantes.es\/martes-neologico\/?s={search_term_string}"},"query-input":"required name=search_term_string"}],"inLanguage":"es"},{"@type":"Organization","@id":"https:\/\/blogscvc.cervantes.es\/martes-neologico\/#organization","name":"Martes Neol\u00f3gico","url":"https:\/\/blogscvc.cervantes.es\/martes-neologico\/","logo":{"@type":"ImageObject","inLanguage":"es","@id":"https:\/\/blogscvc.cervantes.es\/martes-neologico\/#\/schema\/logo\/image\/","url":"https:\/\/blogscvc.cervantes.es\/martes-neologico\/wp-content\/uploads\/sites\/2\/2025\/10\/logo-martes-neologico-10-anos.png","contentUrl":"https:\/\/blogscvc.cervantes.es\/martes-neologico\/wp-content\/uploads\/sites\/2\/2025\/10\/logo-martes-neologico-10-anos.png","width":300,"height":100,"caption":"Martes Neol\u00f3gico"},"image":{"@id":"https:\/\/blogscvc.cervantes.es\/martes-neologico\/#\/schema\/logo\/image\/"}},{"@type":"Person","@id":"https:\/\/blogscvc.cervantes.es\/martes-neologico\/#\/schema\/person\/7e2fd26f886f53b1b2e81721d23acc47","name":"admin","image":{"@type":"ImageObject","inLanguage":"es","@id":"https:\/\/blogscvc.cervantes.es\/martes-neologico\/#\/schema\/person\/image\/","url":"https:\/\/secure.gravatar.com\/avatar\/c4b6a365b64e607f3d2ecd9620a7675a?s=96&d=mm&r=g","contentUrl":"https:\/\/secure.gravatar.com\/avatar\/c4b6a365b64e607f3d2ecd9620a7675a?s=96&d=mm&r=g","caption":"admin"},"url":"https:\/\/blogscvc.cervantes.es\/martes-neologico\/author\/admin\/"}]}},"_links":{"self":[{"href":"https:\/\/blogscvc.cervantes.es\/martes-neologico\/wp-json\/wp\/v2\/posts\/3189"}],"collection":[{"href":"https:\/\/blogscvc.cervantes.es\/martes-neologico\/wp-json\/wp\/v2\/posts"}],"about":[{"href":"https:\/\/blogscvc.cervantes.es\/martes-neologico\/wp-json\/wp\/v2\/types\/post"}],"author":[{"embeddable":true,"href":"https:\/\/blogscvc.cervantes.es\/martes-neologico\/wp-json\/wp\/v2\/users\/1"}],"replies":[{"embeddable":true,"href":"https:\/\/blogscvc.cervantes.es\/martes-neologico\/wp-json\/wp\/v2\/comments?post=3189"}],"version-history":[{"count":2,"href":"https:\/\/blogscvc.cervantes.es\/martes-neologico\/wp-json\/wp\/v2\/posts\/3189\/revisions"}],"predecessor-version":[{"id":11507,"href":"https:\/\/blogscvc.cervantes.es\/martes-neologico\/wp-json\/wp\/v2\/posts\/3189\/revisions\/11507"}],"wp:featuredmedia":[{"embeddable":true,"href":"https:\/\/blogscvc.cervantes.es\/martes-neologico\/wp-json\/wp\/v2\/media\/3193"}],"wp:attachment":[{"href":"https:\/\/blogscvc.cervantes.es\/martes-neologico\/wp-json\/wp\/v2\/media?parent=3189"}],"wp:term":[{"taxonomy":"category","embeddable":true,"href":"https:\/\/blogscvc.cervantes.es\/martes-neologico\/wp-json\/wp\/v2\/categories?post=3189"},{"taxonomy":"post_tag","embeddable":true,"href":"https:\/\/blogscvc.cervantes.es\/martes-neologico\/wp-json\/wp\/v2\/tags?post=3189"}],"curies":[{"name":"wp","href":"https:\/\/api.w.org\/{rel}","templated":true}]}}