{"id":3587,"date":"2019-04-09T07:00:39","date_gmt":"2019-04-09T05:00:39","guid":{"rendered":"http:\/\/blogscvc.cervantes.es\/martes-neologico\/?p=3587"},"modified":"2025-07-30T14:28:57","modified_gmt":"2025-07-30T12:28:57","slug":"gadget","status":"publish","type":"post","link":"https:\/\/blogscvc.cervantes.es\/martes-neologico\/gadget\/","title":{"rendered":"gadget <em>m.<\/em>"},"content":{"rendered":"<p>El entusiasmo masivo por usar herramientas tecnol\u00f3gicas de sofisticada elaboraci\u00f3n posiblemente radica en la parad\u00f3jica sencillez con que pueden manejarse, as\u00ed como en la gran utilidad que prestan. La multiplicidad de funciones de estas herramientas permite al usuario desde facilitar rutinas y planificar actividades cotidianas hasta solucionar algunos problemas de mayor complejidad, y su gran aceptaci\u00f3n impulsa a\u00f1o tras a\u00f1o a las urbes m\u00e1s importantes del mundo desarrollado a organizar exhibiciones en las que puedan mostrar los m\u00e1s recientes avances de la innovaci\u00f3n tecnol\u00f3gica y, de este modo, asombrar a los curiosos con admin\u00edculos como drones, zapatillas con GPS o maletas inteligentes. De todos los aparatos electr\u00f3nicos con tecnolog\u00eda de punta desarrollados en las \u00faltimas d\u00e9cadas, quiz\u00e1s el m\u00e1s popular y mejor cotizado sea el tel\u00e9fono inteligente: seg\u00fan c\u00e1lculos realizados en 2014 por el US and World Population Clock, existen m\u00e1s de estos artilugios tecnol\u00f3gicos en la Tierra que habitantes y, de los varios miles de millones de personas que usan internet en el mundo en la actualidad, la mayor\u00eda probablemente lo hace a trav\u00e9s de su tel\u00e9fono inteligente u otro aparato port\u00e1til, como la tableta o el ordenador.<\/p>\n<figure id=\"attachment_118\" aria-describedby=\"caption-attachment-118\" style=\"width: 750px\" class=\"wp-caption aligncenter\"><a href=\" http:\/\/blogscvc.cervantes.es\/martes-neologico\/wp-content\/uploads\/sites\/2\/2019\/02\/gadget_500.jpg\"><img decoding=\"async\" loading=\"lazy\" class=\"alignnone size-full wp-image-1739\" src=\" http:\/\/blogscvc.cervantes.es\/martes-neologico\/wp-content\/uploads\/sites\/2\/2019\/02\/gadget_500.jpg\" alt=\"Aparatos y utensilios de escritura sobre una superficie blanca.\" width=\"750\" height=\"500\"><\/a><figcaption id=\"caption-attachment-118\" class=\"wp-caption-text\">Pixnio<\/figcaption><\/figure>\n<p>Tanto el tel\u00e9fono celular con pantalla t\u00e1ctil, frecuentemente llamado <em>tel\u00e9fono inteligente<\/em> o <em>smartphone<\/em>, que permite al usuario conectarse, a trav\u00e9s de internet, con otras fuentes de informaci\u00f3n documental, como diversos otros dispositivos desarrollados por la tecnolog\u00eda, son lo que se conoce tambi\u00e9n como <em>gadgets<\/em>; de hecho, entre los entusiastas de la tecnolog\u00eda de \u00faltima generaci\u00f3n, esta voz parece ser la de uso m\u00e1s com\u00fan. En la jerga de la tecnolog\u00eda vanguardista, <em>gadget<\/em> se refiere gen\u00e9ricamente a un dispositivo novedoso y pr\u00e1ctico, que tiene un prop\u00f3sito y una o m\u00e1s funciones espec\u00edficas. Pero los <em>gadgets<\/em> pueden tener, adem\u00e1s, una funci\u00f3n social, especialmente cuando se trata de la versi\u00f3n m\u00e1s reciente de equipos costosos puestos en el mercado, ya que estos pueden contribuir a \u00abmejorar\u00bb el estatus de quien los posee.<\/p>\n<p>Si bien se cree que la palabra <em>gadget <\/em>proviene del franc\u00e9s del siglo xix, como se documenta en el <em>Oxford English Dictionary<\/em>, \u00e9poca en que se habr\u00eda usado en el \u00e1mbito n\u00e1utico, en los pa\u00edses anglohablantes se populariza a partir de la d\u00e9cada de 1980, cuando comienza a emplearse para designar gen\u00e9ricamente con este nombre a un n\u00famero importante de dispositivos pr\u00e1cticos creados con tecnolog\u00eda avanzada. En adelante, diversas variedades del espa\u00f1ol comienzan a adoptar la voz inglesa como pr\u00e9stamo l\u00e9xico sin adaptaci\u00f3n ortogr\u00e1fica.<\/p>\n<ul>\n<li>Los asistentes permanecieron durante una hora at\u00f3nitos contemplando el despliegue de sabidur\u00eda, <strong>gadgets<\/strong> y tecnolog\u00eda. [<em>El Pa\u00eds<\/em> (Espa\u00f1a), 19\/10\/2004]<\/li>\n<li>El boom de los dispositivos m\u00f3viles, especialmente los smartphones, obedece a las nuevas necesidades de los usuarios de emplear <strong>gadgets<\/strong> todo en uno, que al mismo tiempo que son tel\u00e9fonos, tambi\u00e9n son navegadores web, sistemas de posicionamiento y reproductores de audio y video. [<em>El Universal<\/em> (M\u00e9xico), 7\/01\/2011]<\/li>\n<\/ul>\n<p>En su versi\u00f3n monoling\u00fce, el <em>Oxford English Dictionary<\/em> define <em>gadget<\/em> como \u2018a small mechanical or electronic device or tool, especially an ingenious or novel one\u2019, mientras que en su versi\u00f3n biling\u00fce ingl\u00e9s-espa\u00f1ol, esta misma obra lexicogr\u00e1fica entrega dos equivalentes con un sentido similar en espa\u00f1ol: \u2018aparato\u2019 y \u2018artilugio\u2019.<\/p>\n<p>Por otra parte, en el \u00e1mbito de internet o en determinados sistemas computacionales, tambi\u00e9n suele llamarse <em>gadget<\/em> a un peque\u00f1o <em>software<\/em> que puede ser agregado a una plataforma mayor y que provee una nueva caracter\u00edstica, funci\u00f3n o servicio espec\u00edfico. En otras palabras, un <em>gadget<\/em> tendr\u00eda la misma finalidad que un <em>widget<\/em>, con la diferencia de que el primero solo funciona en sitios web espec\u00edficos, mientras que el segundo funciona en cualquiera. Con este sentido, un <em>gadget <\/em>es m\u00e1s o menos equivalente a un <em>widget<\/em>, es decir, una aplicaci\u00f3n (o <a href=\"https:\/\/blogscvc.cervantes.es\/martes-neologico\/app\/\"><em>app<\/em><\/a>) que permite al usuario acceder a nuevas funcionalidades o a un servicio determinado.<\/p>\n<ul>\n<li>Los accesorios, <strong>gadgets<\/strong>, que se le a\u00f1aden de forma progresiva (juegos, car\u00e1tulas, m\u00fasica&#8230;), cada vez los convierten en algo m\u00e1s alejado de su origen: el ser un tel\u00e9fono transportable. [<em>El Pa\u00eds<\/em> (Espa\u00f1a), 20\/10\/2004]<\/li>\n<li>Clock es una <strong>widget <\/strong>gratuita y, aunque existen muchas m\u00e1s, es la que nosotros hemos probado y nos parece aceptable, especialmente porque, al igual que otras anteriores, tiene varias opciones de m\u00e1scaras y es bastante personalizable. [<em>El Sur<\/em> (Chile), 17\/03\/2013]<\/li>\n<\/ul>\n<p>En cuanto a la categor\u00eda gramatical, en las diversas fuentes de vaciado de las que el Observatori de Neologia recoge neologismos para su estudio, la palabra <em>gadget<\/em> figura como nombre masculino en los dos sentidos detectados (\u2018aparato\u2019 y \u2018aplicaci\u00f3n\u2019), posiblemente porque se la asimila al g\u00e9nero de la mayor\u00eda de sus equivalentes en espa\u00f1ol. En efecto, en la prensa en espa\u00f1ol se ha podido observar tambi\u00e9n el empleo frecuente de diversos equivalentes de <em>gadget<\/em>, como <em>dispositivo<\/em>, <em>artefacto<\/em>, <em>mecanismo<\/em>, <em>artilugio<\/em>, <em>admin\u00edculo<\/em> o <em>herramienta<\/em>, por lo que el uso del anglicismo podr\u00eda corresponder m\u00e1s bien a una variante diaf\u00e1sica o diastr\u00e1tica.<\/p>\n<p>Adem\u00e1s de <em>gadget<\/em>, en el Observatori de Neologia se ha recopilado el adjetivo <em>gadgetero, -ra<\/em>, formado a partir del pr\u00e9stamo del ingl\u00e9s, mediante el mecanismo de derivaci\u00f3n con el sufijo &#8211;<em>ero<\/em>. Seg\u00fan el <em>Diccionario de la lengua espa\u00f1ola <\/em>de la Real Academia Espa\u00f1ola, uno de los valores de este sufijo en sustantivos es \u2018indicar oficio, ocupaci\u00f3n, profesi\u00f3n o cargo\u2019; sin embargo, en los casos que aqu\u00ed se documentan, se aprecia un valor de &nbsp;&#8211;<em>ero<\/em> algo distinto, ya que por extensi\u00f3n sem\u00e1ntica corresponde a \u2018persona aficionada a\u2019.<\/p>\n<ul>\n<li>Pero los peruanos siempre <strong>gadgeteros<\/strong> ese a\u00f1o lanzamos las primeras cabinas de internet del mundo. [<em>La Rep\u00fablica<\/em> (Per\u00fa), 6\/11\/2013]<\/li>\n<\/ul>\n<p>Con respecto al sentido de \u2018aparato\u2019 con que se usa <em>gadget<\/em>, es interesante constatar que el uso del anglicismo se mantiene en espa\u00f1ol, de modo que el hablante puede disponer de una variedad de opciones para referirse a los dispositivos electr\u00f3nicos desarrollados en la presente era tecnol\u00f3gica. Es posible que la persistencia en el uso de esta voz inglesa a lo largo de los a\u00f1os se deba, por una parte, a que la informaci\u00f3n sobre ciencia y tecnolog\u00eda frecuentemente se desarrolla y transmite en ingl\u00e9s y, por otra, a que los hablantes del espa\u00f1ol suelen ser receptivos y proclives al uso de estos pr\u00e9stamos en algunos \u00e1mbitos, como el de la tecnolog\u00eda, ya sea por razones pr\u00e1cticas o por motivos de estatus social. En cambio, en el caso del sentido que se refiere al accesorio que sirve para dotar a un aparato de una funcionalidad espec\u00edfica, la motivaci\u00f3n del hablante al usar <em>gadget<\/em> remitir\u00eda a la necesidad de llenar un vac\u00edo denominativo espec\u00edfico.<\/p>\n<p>Constanza Gerding Salas<br \/>\nRed Antenas Neol\u00f3gicas<br \/>\nUniversidad de Concepci\u00f3n (Chile)<\/p>\n","protected":false},"excerpt":{"rendered":"<p>El entusiasmo masivo por usar herramientas tecnol\u00f3gicas de sofisticada elaboraci\u00f3n posiblemente radica en la parad\u00f3jica sencillez con que pueden manejarse, as\u00ed como en la gran utilidad que prestan. La multiplicidad de funciones de estas herramientas permite al usuario desde facilitar rutinas y planificar actividades cotidianas hasta solucionar algunos problemas de mayor complejidad, y su gran aceptaci\u00f3n impulsa a\u00f1o tras a\u00f1o a las urbes m\u00e1s importantes del mundo desarrollado a organizar exhibiciones en las que puedan mostrar los m\u00e1s recientes avances de la innovaci\u00f3n tecnol\u00f3gica y, de este modo, asombrar a los curiosos con admin\u00edculos como drones, zapatillas con GPS o maletas inteligentes. De todos los aparatos electr\u00f3nicos con tecnolog\u00eda de punta desarrollados en las \u00faltimas d\u00e9cadas, quiz\u00e1s el m\u00e1s popular y mejor cotizado sea el tel\u00e9fono inteligente: seg\u00fan c\u00e1lculos realizados en 2014 por el US and World Population Clock, existen m\u00e1s de estos artilugios tecnol\u00f3gicos en la Tierra que habitantes y, de los varios miles de millones de personas que usan internet en el mundo en la actualidad, la mayor\u00eda probablemente lo hace a trav\u00e9s de su tel\u00e9fono inteligente u otro aparato port\u00e1til, como la tableta o el ordenador.<\/p>\n","protected":false},"author":1,"featured_media":3590,"comment_status":"open","ping_status":"open","sticky":false,"template":"","format":"standard","meta":{"_mi_skip_tracking":false,"_s2mail":"yes"},"categories":[256,274,69],"tags":[],"yoast_head":"<!-- This site is optimized with the Yoast SEO plugin v20.6 - https:\/\/yoast.com\/wordpress\/plugins\/seo\/ -->\n<title>CVC. Gadget | Martes Neol\u00f3gico<\/title>\n<meta name=\"description\" content=\"Art\u00edculo sobre el neologismo \u00abgadget\u00bb, dentro del blog Martes Neol\u00f3gico del Centro Virtual Cervantes.\" \/>\n<meta name=\"robots\" content=\"index, follow, max-snippet:-1, max-image-preview:large, max-video-preview:-1\" \/>\n<link rel=\"canonical\" href=\"https:\/\/blogscvc.cervantes.es\/martes-neologico\/gadget\/\" \/>\n<meta property=\"og:locale\" content=\"es_ES\" \/>\n<meta property=\"og:type\" content=\"article\" \/>\n<meta property=\"og:title\" content=\"CVC. Gadget | Martes Neol\u00f3gico\" \/>\n<meta property=\"og:description\" content=\"Art\u00edculo sobre el neologismo \u00abgadget\u00bb, dentro del blog Martes Neol\u00f3gico del Centro Virtual Cervantes.\" \/>\n<meta property=\"og:url\" content=\"https:\/\/blogscvc.cervantes.es\/martes-neologico\/gadget\/\" \/>\n<meta property=\"og:site_name\" content=\"Martes Neol\u00f3gico\" \/>\n<meta property=\"article:published_time\" content=\"2019-04-09T05:00:39+00:00\" \/>\n<meta property=\"article:modified_time\" content=\"2025-07-30T12:28:57+00:00\" \/>\n<meta property=\"og:image\" content=\"http:\/\/blogscvc.cervantes.es\/martes-neologico\/wp-content\/uploads\/sites\/2\/2019\/02\/gadget_350.jpg\" \/>\n\t<meta property=\"og:image:width\" content=\"750\" \/>\n\t<meta property=\"og:image:height\" content=\"350\" \/>\n\t<meta property=\"og:image:type\" content=\"image\/jpeg\" \/>\n<meta name=\"author\" content=\"admin\" \/>\n<meta name=\"twitter:card\" content=\"summary_large_image\" \/>\n<meta name=\"twitter:label1\" content=\"Escrito por\" \/>\n\t<meta name=\"twitter:data1\" content=\"admin\" \/>\n\t<meta name=\"twitter:label2\" content=\"Tiempo de lectura\" \/>\n\t<meta name=\"twitter:data2\" content=\"6 minutos\" \/>\n<script type=\"application\/ld+json\" class=\"yoast-schema-graph\">{\"@context\":\"https:\/\/schema.org\",\"@graph\":[{\"@type\":\"Article\",\"@id\":\"https:\/\/blogscvc.cervantes.es\/martes-neologico\/gadget\/#article\",\"isPartOf\":{\"@id\":\"https:\/\/blogscvc.cervantes.es\/martes-neologico\/gadget\/\"},\"author\":{\"name\":\"admin\",\"@id\":\"https:\/\/blogscvc.cervantes.es\/martes-neologico\/#\/schema\/person\/7e2fd26f886f53b1b2e81721d23acc47\"},\"headline\":\"gadget m.\",\"datePublished\":\"2019-04-09T05:00:39+00:00\",\"dateModified\":\"2025-07-30T12:28:57+00:00\",\"mainEntityOfPage\":{\"@id\":\"https:\/\/blogscvc.cervantes.es\/martes-neologico\/gadget\/\"},\"wordCount\":1211,\"commentCount\":0,\"publisher\":{\"@id\":\"https:\/\/blogscvc.cervantes.es\/martes-neologico\/#organization\"},\"articleSection\":[\"ingl\u00e9s\",\"pr\u00e9stamo\",\"tecnolog\u00eda\"],\"inLanguage\":\"es\",\"potentialAction\":[{\"@type\":\"CommentAction\",\"name\":\"Comment\",\"target\":[\"https:\/\/blogscvc.cervantes.es\/martes-neologico\/gadget\/#respond\"]}]},{\"@type\":\"WebPage\",\"@id\":\"https:\/\/blogscvc.cervantes.es\/martes-neologico\/gadget\/\",\"url\":\"https:\/\/blogscvc.cervantes.es\/martes-neologico\/gadget\/\",\"name\":\"CVC. Gadget | Martes Neol\u00f3gico\",\"isPartOf\":{\"@id\":\"https:\/\/blogscvc.cervantes.es\/martes-neologico\/#website\"},\"datePublished\":\"2019-04-09T05:00:39+00:00\",\"dateModified\":\"2025-07-30T12:28:57+00:00\",\"description\":\"Art\u00edculo sobre el neologismo \u00abgadget\u00bb, dentro del blog Martes Neol\u00f3gico del Centro Virtual Cervantes.\",\"breadcrumb\":{\"@id\":\"https:\/\/blogscvc.cervantes.es\/martes-neologico\/gadget\/#breadcrumb\"},\"inLanguage\":\"es\",\"potentialAction\":[{\"@type\":\"ReadAction\",\"target\":[\"https:\/\/blogscvc.cervantes.es\/martes-neologico\/gadget\/\"]}]},{\"@type\":\"BreadcrumbList\",\"@id\":\"https:\/\/blogscvc.cervantes.es\/martes-neologico\/gadget\/#breadcrumb\",\"itemListElement\":[{\"@type\":\"ListItem\",\"position\":1,\"name\":\"Portada\",\"item\":\"https:\/\/blogscvc.cervantes.es\/martes-neologico\/\"},{\"@type\":\"ListItem\",\"position\":2,\"name\":\"gadget m.\"}]},{\"@type\":\"WebSite\",\"@id\":\"https:\/\/blogscvc.cervantes.es\/martes-neologico\/#website\",\"url\":\"https:\/\/blogscvc.cervantes.es\/martes-neologico\/\",\"name\":\"Martes Neol\u00f3gico\",\"description\":\"Cada martes, una palabra nueva que podr\u00eda estar en el diccionario\",\"publisher\":{\"@id\":\"https:\/\/blogscvc.cervantes.es\/martes-neologico\/#organization\"},\"potentialAction\":[{\"@type\":\"SearchAction\",\"target\":{\"@type\":\"EntryPoint\",\"urlTemplate\":\"https:\/\/blogscvc.cervantes.es\/martes-neologico\/?s={search_term_string}\"},\"query-input\":\"required name=search_term_string\"}],\"inLanguage\":\"es\"},{\"@type\":\"Organization\",\"@id\":\"https:\/\/blogscvc.cervantes.es\/martes-neologico\/#organization\",\"name\":\"Martes Neol\u00f3gico\",\"url\":\"https:\/\/blogscvc.cervantes.es\/martes-neologico\/\",\"logo\":{\"@type\":\"ImageObject\",\"inLanguage\":\"es\",\"@id\":\"https:\/\/blogscvc.cervantes.es\/martes-neologico\/#\/schema\/logo\/image\/\",\"url\":\"https:\/\/blogscvc.cervantes.es\/martes-neologico\/wp-content\/uploads\/sites\/2\/2025\/10\/logo-martes-neologico-10-anos.png\",\"contentUrl\":\"https:\/\/blogscvc.cervantes.es\/martes-neologico\/wp-content\/uploads\/sites\/2\/2025\/10\/logo-martes-neologico-10-anos.png\",\"width\":300,\"height\":100,\"caption\":\"Martes Neol\u00f3gico\"},\"image\":{\"@id\":\"https:\/\/blogscvc.cervantes.es\/martes-neologico\/#\/schema\/logo\/image\/\"}},{\"@type\":\"Person\",\"@id\":\"https:\/\/blogscvc.cervantes.es\/martes-neologico\/#\/schema\/person\/7e2fd26f886f53b1b2e81721d23acc47\",\"name\":\"admin\",\"image\":{\"@type\":\"ImageObject\",\"inLanguage\":\"es\",\"@id\":\"https:\/\/blogscvc.cervantes.es\/martes-neologico\/#\/schema\/person\/image\/\",\"url\":\"https:\/\/secure.gravatar.com\/avatar\/c4b6a365b64e607f3d2ecd9620a7675a?s=96&d=mm&r=g\",\"contentUrl\":\"https:\/\/secure.gravatar.com\/avatar\/c4b6a365b64e607f3d2ecd9620a7675a?s=96&d=mm&r=g\",\"caption\":\"admin\"},\"url\":\"https:\/\/blogscvc.cervantes.es\/martes-neologico\/author\/admin\/\"}]}<\/script>\n<!-- \/ Yoast SEO plugin. -->","yoast_head_json":{"title":"CVC. Gadget | Martes Neol\u00f3gico","description":"Art\u00edculo sobre el neologismo \u00abgadget\u00bb, dentro del blog Martes Neol\u00f3gico del Centro Virtual Cervantes.","robots":{"index":"index","follow":"follow","max-snippet":"max-snippet:-1","max-image-preview":"max-image-preview:large","max-video-preview":"max-video-preview:-1"},"canonical":"https:\/\/blogscvc.cervantes.es\/martes-neologico\/gadget\/","og_locale":"es_ES","og_type":"article","og_title":"CVC. Gadget | Martes Neol\u00f3gico","og_description":"Art\u00edculo sobre el neologismo \u00abgadget\u00bb, dentro del blog Martes Neol\u00f3gico del Centro Virtual Cervantes.","og_url":"https:\/\/blogscvc.cervantes.es\/martes-neologico\/gadget\/","og_site_name":"Martes Neol\u00f3gico","article_published_time":"2019-04-09T05:00:39+00:00","article_modified_time":"2025-07-30T12:28:57+00:00","og_image":[{"width":750,"height":350,"url":"http:\/\/blogscvc.cervantes.es\/martes-neologico\/wp-content\/uploads\/sites\/2\/2019\/02\/gadget_350.jpg","type":"image\/jpeg"}],"author":"admin","twitter_card":"summary_large_image","twitter_misc":{"Escrito por":"admin","Tiempo de lectura":"6 minutos"},"schema":{"@context":"https:\/\/schema.org","@graph":[{"@type":"Article","@id":"https:\/\/blogscvc.cervantes.es\/martes-neologico\/gadget\/#article","isPartOf":{"@id":"https:\/\/blogscvc.cervantes.es\/martes-neologico\/gadget\/"},"author":{"name":"admin","@id":"https:\/\/blogscvc.cervantes.es\/martes-neologico\/#\/schema\/person\/7e2fd26f886f53b1b2e81721d23acc47"},"headline":"gadget m.","datePublished":"2019-04-09T05:00:39+00:00","dateModified":"2025-07-30T12:28:57+00:00","mainEntityOfPage":{"@id":"https:\/\/blogscvc.cervantes.es\/martes-neologico\/gadget\/"},"wordCount":1211,"commentCount":0,"publisher":{"@id":"https:\/\/blogscvc.cervantes.es\/martes-neologico\/#organization"},"articleSection":["ingl\u00e9s","pr\u00e9stamo","tecnolog\u00eda"],"inLanguage":"es","potentialAction":[{"@type":"CommentAction","name":"Comment","target":["https:\/\/blogscvc.cervantes.es\/martes-neologico\/gadget\/#respond"]}]},{"@type":"WebPage","@id":"https:\/\/blogscvc.cervantes.es\/martes-neologico\/gadget\/","url":"https:\/\/blogscvc.cervantes.es\/martes-neologico\/gadget\/","name":"CVC. Gadget | Martes Neol\u00f3gico","isPartOf":{"@id":"https:\/\/blogscvc.cervantes.es\/martes-neologico\/#website"},"datePublished":"2019-04-09T05:00:39+00:00","dateModified":"2025-07-30T12:28:57+00:00","description":"Art\u00edculo sobre el neologismo \u00abgadget\u00bb, dentro del blog Martes Neol\u00f3gico del Centro Virtual Cervantes.","breadcrumb":{"@id":"https:\/\/blogscvc.cervantes.es\/martes-neologico\/gadget\/#breadcrumb"},"inLanguage":"es","potentialAction":[{"@type":"ReadAction","target":["https:\/\/blogscvc.cervantes.es\/martes-neologico\/gadget\/"]}]},{"@type":"BreadcrumbList","@id":"https:\/\/blogscvc.cervantes.es\/martes-neologico\/gadget\/#breadcrumb","itemListElement":[{"@type":"ListItem","position":1,"name":"Portada","item":"https:\/\/blogscvc.cervantes.es\/martes-neologico\/"},{"@type":"ListItem","position":2,"name":"gadget m."}]},{"@type":"WebSite","@id":"https:\/\/blogscvc.cervantes.es\/martes-neologico\/#website","url":"https:\/\/blogscvc.cervantes.es\/martes-neologico\/","name":"Martes Neol\u00f3gico","description":"Cada martes, una palabra nueva que podr\u00eda estar en el diccionario","publisher":{"@id":"https:\/\/blogscvc.cervantes.es\/martes-neologico\/#organization"},"potentialAction":[{"@type":"SearchAction","target":{"@type":"EntryPoint","urlTemplate":"https:\/\/blogscvc.cervantes.es\/martes-neologico\/?s={search_term_string}"},"query-input":"required name=search_term_string"}],"inLanguage":"es"},{"@type":"Organization","@id":"https:\/\/blogscvc.cervantes.es\/martes-neologico\/#organization","name":"Martes Neol\u00f3gico","url":"https:\/\/blogscvc.cervantes.es\/martes-neologico\/","logo":{"@type":"ImageObject","inLanguage":"es","@id":"https:\/\/blogscvc.cervantes.es\/martes-neologico\/#\/schema\/logo\/image\/","url":"https:\/\/blogscvc.cervantes.es\/martes-neologico\/wp-content\/uploads\/sites\/2\/2025\/10\/logo-martes-neologico-10-anos.png","contentUrl":"https:\/\/blogscvc.cervantes.es\/martes-neologico\/wp-content\/uploads\/sites\/2\/2025\/10\/logo-martes-neologico-10-anos.png","width":300,"height":100,"caption":"Martes Neol\u00f3gico"},"image":{"@id":"https:\/\/blogscvc.cervantes.es\/martes-neologico\/#\/schema\/logo\/image\/"}},{"@type":"Person","@id":"https:\/\/blogscvc.cervantes.es\/martes-neologico\/#\/schema\/person\/7e2fd26f886f53b1b2e81721d23acc47","name":"admin","image":{"@type":"ImageObject","inLanguage":"es","@id":"https:\/\/blogscvc.cervantes.es\/martes-neologico\/#\/schema\/person\/image\/","url":"https:\/\/secure.gravatar.com\/avatar\/c4b6a365b64e607f3d2ecd9620a7675a?s=96&d=mm&r=g","contentUrl":"https:\/\/secure.gravatar.com\/avatar\/c4b6a365b64e607f3d2ecd9620a7675a?s=96&d=mm&r=g","caption":"admin"},"url":"https:\/\/blogscvc.cervantes.es\/martes-neologico\/author\/admin\/"}]}},"_links":{"self":[{"href":"https:\/\/blogscvc.cervantes.es\/martes-neologico\/wp-json\/wp\/v2\/posts\/3587"}],"collection":[{"href":"https:\/\/blogscvc.cervantes.es\/martes-neologico\/wp-json\/wp\/v2\/posts"}],"about":[{"href":"https:\/\/blogscvc.cervantes.es\/martes-neologico\/wp-json\/wp\/v2\/types\/post"}],"author":[{"embeddable":true,"href":"https:\/\/blogscvc.cervantes.es\/martes-neologico\/wp-json\/wp\/v2\/users\/1"}],"replies":[{"embeddable":true,"href":"https:\/\/blogscvc.cervantes.es\/martes-neologico\/wp-json\/wp\/v2\/comments?post=3587"}],"version-history":[{"count":2,"href":"https:\/\/blogscvc.cervantes.es\/martes-neologico\/wp-json\/wp\/v2\/posts\/3587\/revisions"}],"predecessor-version":[{"id":13468,"href":"https:\/\/blogscvc.cervantes.es\/martes-neologico\/wp-json\/wp\/v2\/posts\/3587\/revisions\/13468"}],"wp:featuredmedia":[{"embeddable":true,"href":"https:\/\/blogscvc.cervantes.es\/martes-neologico\/wp-json\/wp\/v2\/media\/3590"}],"wp:attachment":[{"href":"https:\/\/blogscvc.cervantes.es\/martes-neologico\/wp-json\/wp\/v2\/media?parent=3587"}],"wp:term":[{"taxonomy":"category","embeddable":true,"href":"https:\/\/blogscvc.cervantes.es\/martes-neologico\/wp-json\/wp\/v2\/categories?post=3587"},{"taxonomy":"post_tag","embeddable":true,"href":"https:\/\/blogscvc.cervantes.es\/martes-neologico\/wp-json\/wp\/v2\/tags?post=3587"}],"curies":[{"name":"wp","href":"https:\/\/api.w.org\/{rel}","templated":true}]}}