{"id":4281,"date":"2019-08-27T07:00:11","date_gmt":"2019-08-27T05:00:11","guid":{"rendered":"http:\/\/blogscvc.cervantes.es\/martes-neologico\/?p=4281"},"modified":"2025-07-28T14:53:34","modified_gmt":"2025-07-28T12:53:34","slug":"accesibilidad","status":"publish","type":"post","link":"https:\/\/blogscvc.cervantes.es\/martes-neologico\/accesibilidad\/","title":{"rendered":"accesibilidad <em>f.<\/em>"},"content":{"rendered":"<p>Hoy, todos los ordenadores y dispositivos m\u00f3viles cuentan entre sus ajustes con un apartado llamado \u00abaccesibilidad\u00bb. All\u00ed se nos ofrecen opciones para usar las aplicaciones inform\u00e1ticas de acuerdo con nuestras preferencias de tama\u00f1o de la fuente, contraste del color, consulta de texto alternativo en las im\u00e1genes que aparezcan en la pantalla, etc\u00e9tera.<\/p>\n<figure id=\"attachment_118\" aria-describedby=\"caption-attachment-118\" style=\"width: 750px\" class=\"wp-caption aligncenter\"><a href=\"http:\/\/blogscvc.cervantes.es\/martes-neologico\/wp-content\/uploads\/sites\/2\/2019\/07\/accesibilidad_500.jpg\"><img decoding=\"async\" loading=\"lazy\" class=\"alignnone size-full wp-image-1739\" src=\"http:\/\/blogscvc.cervantes.es\/martes-neologico\/wp-content\/uploads\/sites\/2\/2019\/07\/accesibilidad_500.jpg\" alt=\"Llave flotante a punto de introducirse en una cerradura.\" width=\"750\" height=\"500\"><\/a><figcaption id=\"caption-attachment-118\" class=\"wp-caption-text\">Pixabay<\/figcaption><\/figure>\n<p>El sustantivo femenino <em>accesibilidad<\/em> est\u00e1 recogido en el <em>DRAE<\/em>, el cual lo define escuetamente: \u00abcualidad de lo accesible\u00bb. Se le otorga, as\u00ed, el tratamiento lexicogr\u00e1fico protot\u00edpico de los sustantivos derivados de adjetivos; en este caso, <em>accesible<\/em>. Como explicaremos a continuaci\u00f3n, sin embargo, esta \u00fanica acepci\u00f3n silencia un amplio uso actual de la palabra que cobra una gran relevancia desde el punto de vista social. Si acudimos al adjetivo <em>accesible<\/em> en busca de m\u00e1s informaci\u00f3n sobre la sem\u00e1ntica de la voz que aqu\u00ed nos ocupa, encontramos las acepciones siguientes: (1) Que tiene acceso; (2) De f\u00e1cil acceso o trato; (3) De f\u00e1cil comprensi\u00f3n, inteligible. Aqu\u00ed, en efecto, las acepciones (2) y (3) comienzan a acercarnos al uso de <em>accesibilidad<\/em> al que nos refer\u00edamos m\u00e1s arriba, aunque de forma poco espec\u00edfica. Si bien el <em>DRAE<\/em> es un diccionario monoling\u00fce general, el hecho de que la accesibilidad est\u00e9 vinculada a un derecho fundamental de todos los ciudadanos como es la participaci\u00f3n en todos los \u00e1mbitos de la sociedad nos invita a proponer una segunda acepci\u00f3n para la voz sustantiva, y tal vez una subacepci\u00f3n o una cuarta acepci\u00f3n para el adjetivo <em>accesible<\/em>, como justificamos en adelante. Esta \u00faltima ha sido la opci\u00f3n tomada por el diccionario Macmillan para la voz <a style=\"color: #2d9659;\" href=\"https:\/\/www.macmillandictionary.com\/dictionary\/british\/accessible\"><em>accesible<\/em><\/a> en lengua inglesa.<\/p>\n<p>Siguiendo la <a style=\"color: #2d9659;\" href=\"https:\/\/www.un.org\/spanish\/disabilities\/default.asp?id=497\">Convenci\u00f3n Internacional sobre los Derechos de las Personas con Discapacidad de las Naciones Unidas<\/a>, la accesibilidad es la condici\u00f3n, la cualidad o el principio del dise\u00f1o del entorno y de la organizaci\u00f3n social que permite que toda persona pueda participar en todos los aspectos de la vida y llevar a cabo un proyecto vital de forma independiente. As\u00ed, pues, se vincula directamente al dise\u00f1o universal de productos que puedan utilizar todas las personas sin importar sus capacidades f\u00edsicas, sensoriales o cognitivas. La prensa nos deja ejemplos del uso de la palabra con este sentido en espa\u00f1ol, algunos de los cuales datan de hace m\u00e1s de dos d\u00e9cadas:<\/p>\n<ul>\n<li>Los autobuses de piso bajo se van imponiendo en el servicio de transportes municipal debido a que aseguran a los pasajeros una&nbsp;<strong>accesibilidad<\/strong> muy superior a la de los autobuses convencionales, especialmente en los casos de ni\u00f1os, personas de edad avanzada y, como es l\u00f3gico, de los discapacitados. [<em>El Mundo <\/em>(Espa\u00f1a), 15\/05\/1995]<\/li>\n<li>\u00abLa <strong>accesibilidad<\/strong> Web es la posibilidad efectiva de que el mayor n\u00famero de personas puedan acceder de manera satisfactoria a la Web y hacer uso de sus contenidos, independientemente de cualquier limitaci\u00f3n personal o derivada del entorno, es decir, en igualdad de condiciones y oportunidades con el conjunto de la sociedad\u00bb, subraya el INADI (Instituto Nacional contra la Discriminaci\u00f3n, la Xenofobia y el Racismo). [<em>Clar\u00edn <\/em>(Argentina), 12\/05\/2013]<\/li>\n<li>A la hora de elegir aplicaciones que nos sean de utilidad a las personas con discapacidad visual, el criterio m\u00e1s importante que buscamos, por sobre cualquier otro, es la <strong>accesibilidad<\/strong>. Y es que, no importa si es el juego m\u00e1s famoso del mundo, o la aplicaci\u00f3n de mensajer\u00eda con las mejores caracter\u00edsticas, si realmente no podemos utilizarla. [<em>La Izquierda Diario <\/em>(Espa\u00f1a), 27\/03\/2019]<\/li>\n<li>\u00abEl compromiso del Gobierno peruano, a trav\u00e9s del Ministerio de Vivienda, Construcci\u00f3n y Saneamiento, es dar la normatividad adecuada para que tengamos un mundo en donde exista igualdad en materia de <strong>accesibilidad<\/strong>, donde todas las personas podamos desarrollarnos de manera igualitaria, con acceso a servicios p\u00fablicos y edificaciones de manera segura, c\u00f3moda y, sobre todo, velando porque el derecho a la <strong>accesibilidad<\/strong> se cumpla\u00bb, se\u00f1al\u00f3 el ministro. [<em>Per\u00fa21 <\/em>(Per\u00fa), 14\/05\/2019]<\/li>\n<\/ul>\n<p>Desde los a\u00f1os ochenta, aunque muy especialmente a partir de los noventa, se ha venido legislando internacionalmente en materia de accesibilidad. Si bien algunos documentos legislativos iniciales se refer\u00edan a la accesibilidad como una \u00abcaracter\u00edstica\u00bb, \u00faltimamente ha pasado a considerarse una \u00abcondici\u00f3n\u00bb crucial en la garant\u00eda de la participaci\u00f3n de todas las personas en la sociedad. La idea de que la accesibilidad es una condici\u00f3n refuerza la obligatoriedad de este principio, en contraste con la noci\u00f3n de accesibilidad como caracter\u00edstica, que hace alusi\u00f3n a un conjunto de rasgos de forma no tan prescriptiva como descriptiva. Proponemos, por lo tanto, que el <em>DRAE<\/em> se sume a la tendencia de concienciaci\u00f3n sobre la necesidad de accesibilidad e incluya una nueva acepci\u00f3n para la voz que d\u00e9 cuenta de su importancia, tal como se ha hecho anteriormente con otras palabras que, en distintos contextos, pueden cobrar un valor m\u00e1s general o m\u00e1s espec\u00edfico: un ejemplo de ello es el sustantivo femenino <em>libertad<\/em>, tambi\u00e9n derivado de adjetivo (<em>libre<\/em>), el cual cuenta con hasta 12 definiciones en el diccionario acad\u00e9mico, ninguna de ellas consistente en una escueta remisi\u00f3n al adjetivo <em>libre<\/em>. Invitamos igualmente a grupos editoriales encargados de otras obras lexicogr\u00e1ficas en espa\u00f1ol a prestar atenci\u00f3n a esta palabra, cuyo nuevo significado no aparece todav\u00eda recogido en <em>Alvar1<\/em>, <em>Alvar2<\/em>, <em>Clave<\/em> ni <em>VOXUSO<\/em>; tampoco en el <em>Diccionario de Uso del Espa\u00f1ol<\/em> de Mar\u00eda Moliner (4.\u00aa ed.) ni el <em>Diccionario de neologismos del espa\u00f1ol actual \u2013 NEOMA<\/em>.<\/p>\n<p>Blanca Arias Badia<br \/>\nTransMedia Catalonia; InfoLex<br \/>\nUniversitat Aut\u00f2noma de Barcelona; Universitat Pompeu Fabra (Espa\u00f1a)<\/p>\n","protected":false},"excerpt":{"rendered":"<p>Hoy, todos los ordenadores y dispositivos m\u00f3viles cuentan entre sus ajustes con un apartado llamado \u00abaccesibilidad\u00bb. All\u00ed se nos ofrecen opciones para usar las aplicaciones inform\u00e1ticas de acuerdo con nuestras preferencias de tama\u00f1o de la fuente, contraste del color, consulta de texto alternativo en las im\u00e1genes que aparezcan en la pantalla, etc\u00e9tera.<\/p>\n","protected":false},"author":1,"featured_media":4293,"comment_status":"open","ping_status":"open","sticky":false,"template":"","format":"standard","meta":{"_mi_skip_tracking":false,"_s2mail":"yes"},"categories":[206,146,26],"tags":[],"yoast_head":"<!-- This site is optimized with the Yoast SEO plugin v20.6 - https:\/\/yoast.com\/wordpress\/plugins\/seo\/ -->\n<title>CVC. Accesibilidad | Martes Neol\u00f3gico<\/title>\n<meta name=\"description\" content=\"Art\u00edculo sobre el neologismo \u00abaccesibilidad\u00bb, dentro del blog Martes Neol\u00f3gico del Centro Virtual Cervantes.\" \/>\n<meta name=\"robots\" content=\"index, follow, max-snippet:-1, max-image-preview:large, max-video-preview:-1\" \/>\n<link rel=\"canonical\" href=\"https:\/\/blogscvc.cervantes.es\/martes-neologico\/accesibilidad\/\" \/>\n<meta property=\"og:locale\" content=\"es_ES\" \/>\n<meta property=\"og:type\" content=\"article\" \/>\n<meta property=\"og:title\" content=\"CVC. Accesibilidad | Martes Neol\u00f3gico\" \/>\n<meta property=\"og:description\" content=\"Art\u00edculo sobre el neologismo \u00abaccesibilidad\u00bb, dentro del blog Martes Neol\u00f3gico del Centro Virtual Cervantes.\" \/>\n<meta property=\"og:url\" content=\"https:\/\/blogscvc.cervantes.es\/martes-neologico\/accesibilidad\/\" \/>\n<meta property=\"og:site_name\" content=\"Martes Neol\u00f3gico\" \/>\n<meta property=\"article:published_time\" content=\"2019-08-27T05:00:11+00:00\" \/>\n<meta property=\"article:modified_time\" content=\"2025-07-28T12:53:34+00:00\" \/>\n<meta property=\"og:image\" content=\"http:\/\/blogscvc.cervantes.es\/martes-neologico\/wp-content\/uploads\/sites\/2\/2019\/07\/accesibilidad_350.jpg\" \/>\n\t<meta property=\"og:image:width\" content=\"750\" \/>\n\t<meta property=\"og:image:height\" content=\"350\" \/>\n\t<meta property=\"og:image:type\" content=\"image\/jpeg\" \/>\n<meta name=\"author\" content=\"admin\" \/>\n<meta name=\"twitter:card\" content=\"summary_large_image\" \/>\n<meta name=\"twitter:label1\" content=\"Escrito por\" \/>\n\t<meta name=\"twitter:data1\" content=\"admin\" \/>\n\t<meta name=\"twitter:label2\" content=\"Tiempo de lectura\" \/>\n\t<meta name=\"twitter:data2\" content=\"5 minutos\" \/>\n<script type=\"application\/ld+json\" class=\"yoast-schema-graph\">{\"@context\":\"https:\/\/schema.org\",\"@graph\":[{\"@type\":\"Article\",\"@id\":\"https:\/\/blogscvc.cervantes.es\/martes-neologico\/accesibilidad\/#article\",\"isPartOf\":{\"@id\":\"https:\/\/blogscvc.cervantes.es\/martes-neologico\/accesibilidad\/\"},\"author\":{\"name\":\"admin\",\"@id\":\"https:\/\/blogscvc.cervantes.es\/martes-neologico\/#\/schema\/person\/7e2fd26f886f53b1b2e81721d23acc47\"},\"headline\":\"accesibilidad f.\",\"datePublished\":\"2019-08-27T05:00:11+00:00\",\"dateModified\":\"2025-07-28T12:53:34+00:00\",\"mainEntityOfPage\":{\"@id\":\"https:\/\/blogscvc.cervantes.es\/martes-neologico\/accesibilidad\/\"},\"wordCount\":954,\"commentCount\":0,\"publisher\":{\"@id\":\"https:\/\/blogscvc.cervantes.es\/martes-neologico\/#organization\"},\"articleSection\":[\"diccionarizado\",\"neologismo sem\u00e1ntico\",\"sociedad\"],\"inLanguage\":\"es\",\"potentialAction\":[{\"@type\":\"CommentAction\",\"name\":\"Comment\",\"target\":[\"https:\/\/blogscvc.cervantes.es\/martes-neologico\/accesibilidad\/#respond\"]}]},{\"@type\":\"WebPage\",\"@id\":\"https:\/\/blogscvc.cervantes.es\/martes-neologico\/accesibilidad\/\",\"url\":\"https:\/\/blogscvc.cervantes.es\/martes-neologico\/accesibilidad\/\",\"name\":\"CVC. Accesibilidad | Martes Neol\u00f3gico\",\"isPartOf\":{\"@id\":\"https:\/\/blogscvc.cervantes.es\/martes-neologico\/#website\"},\"datePublished\":\"2019-08-27T05:00:11+00:00\",\"dateModified\":\"2025-07-28T12:53:34+00:00\",\"description\":\"Art\u00edculo sobre el neologismo \u00abaccesibilidad\u00bb, dentro del blog Martes Neol\u00f3gico del Centro Virtual Cervantes.\",\"breadcrumb\":{\"@id\":\"https:\/\/blogscvc.cervantes.es\/martes-neologico\/accesibilidad\/#breadcrumb\"},\"inLanguage\":\"es\",\"potentialAction\":[{\"@type\":\"ReadAction\",\"target\":[\"https:\/\/blogscvc.cervantes.es\/martes-neologico\/accesibilidad\/\"]}]},{\"@type\":\"BreadcrumbList\",\"@id\":\"https:\/\/blogscvc.cervantes.es\/martes-neologico\/accesibilidad\/#breadcrumb\",\"itemListElement\":[{\"@type\":\"ListItem\",\"position\":1,\"name\":\"Portada\",\"item\":\"https:\/\/blogscvc.cervantes.es\/martes-neologico\/\"},{\"@type\":\"ListItem\",\"position\":2,\"name\":\"accesibilidad f.\"}]},{\"@type\":\"WebSite\",\"@id\":\"https:\/\/blogscvc.cervantes.es\/martes-neologico\/#website\",\"url\":\"https:\/\/blogscvc.cervantes.es\/martes-neologico\/\",\"name\":\"Martes Neol\u00f3gico\",\"description\":\"Cada martes, una palabra nueva que podr\u00eda estar en el diccionario\",\"publisher\":{\"@id\":\"https:\/\/blogscvc.cervantes.es\/martes-neologico\/#organization\"},\"potentialAction\":[{\"@type\":\"SearchAction\",\"target\":{\"@type\":\"EntryPoint\",\"urlTemplate\":\"https:\/\/blogscvc.cervantes.es\/martes-neologico\/?s={search_term_string}\"},\"query-input\":\"required name=search_term_string\"}],\"inLanguage\":\"es\"},{\"@type\":\"Organization\",\"@id\":\"https:\/\/blogscvc.cervantes.es\/martes-neologico\/#organization\",\"name\":\"Martes Neol\u00f3gico\",\"url\":\"https:\/\/blogscvc.cervantes.es\/martes-neologico\/\",\"logo\":{\"@type\":\"ImageObject\",\"inLanguage\":\"es\",\"@id\":\"https:\/\/blogscvc.cervantes.es\/martes-neologico\/#\/schema\/logo\/image\/\",\"url\":\"https:\/\/blogscvc.cervantes.es\/martes-neologico\/wp-content\/uploads\/sites\/2\/2025\/10\/logo-martes-neologico-10-anos.png\",\"contentUrl\":\"https:\/\/blogscvc.cervantes.es\/martes-neologico\/wp-content\/uploads\/sites\/2\/2025\/10\/logo-martes-neologico-10-anos.png\",\"width\":300,\"height\":100,\"caption\":\"Martes Neol\u00f3gico\"},\"image\":{\"@id\":\"https:\/\/blogscvc.cervantes.es\/martes-neologico\/#\/schema\/logo\/image\/\"}},{\"@type\":\"Person\",\"@id\":\"https:\/\/blogscvc.cervantes.es\/martes-neologico\/#\/schema\/person\/7e2fd26f886f53b1b2e81721d23acc47\",\"name\":\"admin\",\"image\":{\"@type\":\"ImageObject\",\"inLanguage\":\"es\",\"@id\":\"https:\/\/blogscvc.cervantes.es\/martes-neologico\/#\/schema\/person\/image\/\",\"url\":\"https:\/\/secure.gravatar.com\/avatar\/c4b6a365b64e607f3d2ecd9620a7675a?s=96&d=mm&r=g\",\"contentUrl\":\"https:\/\/secure.gravatar.com\/avatar\/c4b6a365b64e607f3d2ecd9620a7675a?s=96&d=mm&r=g\",\"caption\":\"admin\"},\"url\":\"https:\/\/blogscvc.cervantes.es\/martes-neologico\/author\/admin\/\"}]}<\/script>\n<!-- \/ Yoast SEO plugin. -->","yoast_head_json":{"title":"CVC. Accesibilidad | Martes Neol\u00f3gico","description":"Art\u00edculo sobre el neologismo \u00abaccesibilidad\u00bb, dentro del blog Martes Neol\u00f3gico del Centro Virtual Cervantes.","robots":{"index":"index","follow":"follow","max-snippet":"max-snippet:-1","max-image-preview":"max-image-preview:large","max-video-preview":"max-video-preview:-1"},"canonical":"https:\/\/blogscvc.cervantes.es\/martes-neologico\/accesibilidad\/","og_locale":"es_ES","og_type":"article","og_title":"CVC. Accesibilidad | Martes Neol\u00f3gico","og_description":"Art\u00edculo sobre el neologismo \u00abaccesibilidad\u00bb, dentro del blog Martes Neol\u00f3gico del Centro Virtual Cervantes.","og_url":"https:\/\/blogscvc.cervantes.es\/martes-neologico\/accesibilidad\/","og_site_name":"Martes Neol\u00f3gico","article_published_time":"2019-08-27T05:00:11+00:00","article_modified_time":"2025-07-28T12:53:34+00:00","og_image":[{"width":750,"height":350,"url":"http:\/\/blogscvc.cervantes.es\/martes-neologico\/wp-content\/uploads\/sites\/2\/2019\/07\/accesibilidad_350.jpg","type":"image\/jpeg"}],"author":"admin","twitter_card":"summary_large_image","twitter_misc":{"Escrito por":"admin","Tiempo de lectura":"5 minutos"},"schema":{"@context":"https:\/\/schema.org","@graph":[{"@type":"Article","@id":"https:\/\/blogscvc.cervantes.es\/martes-neologico\/accesibilidad\/#article","isPartOf":{"@id":"https:\/\/blogscvc.cervantes.es\/martes-neologico\/accesibilidad\/"},"author":{"name":"admin","@id":"https:\/\/blogscvc.cervantes.es\/martes-neologico\/#\/schema\/person\/7e2fd26f886f53b1b2e81721d23acc47"},"headline":"accesibilidad f.","datePublished":"2019-08-27T05:00:11+00:00","dateModified":"2025-07-28T12:53:34+00:00","mainEntityOfPage":{"@id":"https:\/\/blogscvc.cervantes.es\/martes-neologico\/accesibilidad\/"},"wordCount":954,"commentCount":0,"publisher":{"@id":"https:\/\/blogscvc.cervantes.es\/martes-neologico\/#organization"},"articleSection":["diccionarizado","neologismo sem\u00e1ntico","sociedad"],"inLanguage":"es","potentialAction":[{"@type":"CommentAction","name":"Comment","target":["https:\/\/blogscvc.cervantes.es\/martes-neologico\/accesibilidad\/#respond"]}]},{"@type":"WebPage","@id":"https:\/\/blogscvc.cervantes.es\/martes-neologico\/accesibilidad\/","url":"https:\/\/blogscvc.cervantes.es\/martes-neologico\/accesibilidad\/","name":"CVC. Accesibilidad | Martes Neol\u00f3gico","isPartOf":{"@id":"https:\/\/blogscvc.cervantes.es\/martes-neologico\/#website"},"datePublished":"2019-08-27T05:00:11+00:00","dateModified":"2025-07-28T12:53:34+00:00","description":"Art\u00edculo sobre el neologismo \u00abaccesibilidad\u00bb, dentro del blog Martes Neol\u00f3gico del Centro Virtual Cervantes.","breadcrumb":{"@id":"https:\/\/blogscvc.cervantes.es\/martes-neologico\/accesibilidad\/#breadcrumb"},"inLanguage":"es","potentialAction":[{"@type":"ReadAction","target":["https:\/\/blogscvc.cervantes.es\/martes-neologico\/accesibilidad\/"]}]},{"@type":"BreadcrumbList","@id":"https:\/\/blogscvc.cervantes.es\/martes-neologico\/accesibilidad\/#breadcrumb","itemListElement":[{"@type":"ListItem","position":1,"name":"Portada","item":"https:\/\/blogscvc.cervantes.es\/martes-neologico\/"},{"@type":"ListItem","position":2,"name":"accesibilidad f."}]},{"@type":"WebSite","@id":"https:\/\/blogscvc.cervantes.es\/martes-neologico\/#website","url":"https:\/\/blogscvc.cervantes.es\/martes-neologico\/","name":"Martes Neol\u00f3gico","description":"Cada martes, una palabra nueva que podr\u00eda estar en el diccionario","publisher":{"@id":"https:\/\/blogscvc.cervantes.es\/martes-neologico\/#organization"},"potentialAction":[{"@type":"SearchAction","target":{"@type":"EntryPoint","urlTemplate":"https:\/\/blogscvc.cervantes.es\/martes-neologico\/?s={search_term_string}"},"query-input":"required name=search_term_string"}],"inLanguage":"es"},{"@type":"Organization","@id":"https:\/\/blogscvc.cervantes.es\/martes-neologico\/#organization","name":"Martes Neol\u00f3gico","url":"https:\/\/blogscvc.cervantes.es\/martes-neologico\/","logo":{"@type":"ImageObject","inLanguage":"es","@id":"https:\/\/blogscvc.cervantes.es\/martes-neologico\/#\/schema\/logo\/image\/","url":"https:\/\/blogscvc.cervantes.es\/martes-neologico\/wp-content\/uploads\/sites\/2\/2025\/10\/logo-martes-neologico-10-anos.png","contentUrl":"https:\/\/blogscvc.cervantes.es\/martes-neologico\/wp-content\/uploads\/sites\/2\/2025\/10\/logo-martes-neologico-10-anos.png","width":300,"height":100,"caption":"Martes Neol\u00f3gico"},"image":{"@id":"https:\/\/blogscvc.cervantes.es\/martes-neologico\/#\/schema\/logo\/image\/"}},{"@type":"Person","@id":"https:\/\/blogscvc.cervantes.es\/martes-neologico\/#\/schema\/person\/7e2fd26f886f53b1b2e81721d23acc47","name":"admin","image":{"@type":"ImageObject","inLanguage":"es","@id":"https:\/\/blogscvc.cervantes.es\/martes-neologico\/#\/schema\/person\/image\/","url":"https:\/\/secure.gravatar.com\/avatar\/c4b6a365b64e607f3d2ecd9620a7675a?s=96&d=mm&r=g","contentUrl":"https:\/\/secure.gravatar.com\/avatar\/c4b6a365b64e607f3d2ecd9620a7675a?s=96&d=mm&r=g","caption":"admin"},"url":"https:\/\/blogscvc.cervantes.es\/martes-neologico\/author\/admin\/"}]}},"_links":{"self":[{"href":"https:\/\/blogscvc.cervantes.es\/martes-neologico\/wp-json\/wp\/v2\/posts\/4281"}],"collection":[{"href":"https:\/\/blogscvc.cervantes.es\/martes-neologico\/wp-json\/wp\/v2\/posts"}],"about":[{"href":"https:\/\/blogscvc.cervantes.es\/martes-neologico\/wp-json\/wp\/v2\/types\/post"}],"author":[{"embeddable":true,"href":"https:\/\/blogscvc.cervantes.es\/martes-neologico\/wp-json\/wp\/v2\/users\/1"}],"replies":[{"embeddable":true,"href":"https:\/\/blogscvc.cervantes.es\/martes-neologico\/wp-json\/wp\/v2\/comments?post=4281"}],"version-history":[{"count":4,"href":"https:\/\/blogscvc.cervantes.es\/martes-neologico\/wp-json\/wp\/v2\/posts\/4281\/revisions"}],"predecessor-version":[{"id":13186,"href":"https:\/\/blogscvc.cervantes.es\/martes-neologico\/wp-json\/wp\/v2\/posts\/4281\/revisions\/13186"}],"wp:featuredmedia":[{"embeddable":true,"href":"https:\/\/blogscvc.cervantes.es\/martes-neologico\/wp-json\/wp\/v2\/media\/4293"}],"wp:attachment":[{"href":"https:\/\/blogscvc.cervantes.es\/martes-neologico\/wp-json\/wp\/v2\/media?parent=4281"}],"wp:term":[{"taxonomy":"category","embeddable":true,"href":"https:\/\/blogscvc.cervantes.es\/martes-neologico\/wp-json\/wp\/v2\/categories?post=4281"},{"taxonomy":"post_tag","embeddable":true,"href":"https:\/\/blogscvc.cervantes.es\/martes-neologico\/wp-json\/wp\/v2\/tags?post=4281"}],"curies":[{"name":"wp","href":"https:\/\/api.w.org\/{rel}","templated":true}]}}