{"id":4829,"date":"2020-01-07T07:00:01","date_gmt":"2020-01-07T05:00:01","guid":{"rendered":"http:\/\/blogscvc.cervantes.es\/martes-neologico\/?p=4829"},"modified":"2025-07-30T15:18:00","modified_gmt":"2025-07-30T13:18:00","slug":"golbol","status":"publish","type":"post","link":"https:\/\/blogscvc.cervantes.es\/martes-neologico\/golbol\/","title":{"rendered":"g\u00f3lbol <em>m.<\/em>"},"content":{"rendered":"<p>El g\u00f3lbol es un deporte que se practica a ciegas, en el que compiten dos equipos de tres jugadores cuyo objetivo es hacer entrar en la porter\u00eda contraria un bal\u00f3n que contiene cascabeles en su interior. Los jugadores tan solo pueden desplazarse por la zona del campo perteneciente a su equipo y, para asegurar que se juegue a ciegas y proteger el rostro, los jugadores se cubren con un antifaz r\u00edgido. El lanzamiento debe ser rasante o con botes, de forma que con habilidad se pueda adivinar la trayectoria del bal\u00f3n mediante el o\u00eddo.<\/p>\n<figure id=\"attachment_118\" aria-describedby=\"caption-attachment-118\" style=\"width: 750px\" class=\"wp-caption aligncenter\"><a href=\"http:\/\/blogscvc.cervantes.es\/martes-neologico\/wp-content\/uploads\/sites\/2\/2019\/12\/golbol_500.jpg\"><img decoding=\"async\" loading=\"lazy\" class=\"alignnone size-full wp-image-1739\" src=\"http:\/\/blogscvc.cervantes.es\/martes-neologico\/wp-content\/uploads\/sites\/2\/2019\/12\/golbol_500.jpg\" alt=\"Tres jugadores de g\u00f3lbol con antifaces r\u00edgidos en el rostro intentan hacerse con el bal\u00f3n.\" width=\"750\" height=\"500\"><\/a><figcaption id=\"caption-attachment-118\" class=\"wp-caption-text\">Wikipedia Commons<\/figcaption><\/figure>\n<p>Se trata de un deporte paral\u00edmpico que apareci\u00f3 tras la Segunda Guerra Mundial. De acuerdo con la International Blind Sports Association (IBSA), el organismo internacional que establece las normas de este deporte, se empez\u00f3 a jugar a g\u00f3lbol en Austria como una actividad de rehabilitaci\u00f3n de los veteranos de la guerra con p\u00e9rdidas de visi\u00f3n. El deporte gan\u00f3 seguidores, se expandi\u00f3 internacionalmente y se convirti\u00f3 en disciplina paral\u00edmpica por primera vez en los Juegos de Toronto de 1976 en la modalidad masculina, para deportistas con discapacidad visual. Ocho a\u00f1os m\u00e1s tarde, en los Juegos Paral\u00edmpicos de Nueva York de 1984, se incorpor\u00f3 el g\u00f3lbol femenino. A pesar de la relativamente larga trayectoria de este deporte, el diccionario normativo no incorpora todav\u00eda esta voz, que s\u00ed est\u00e1 presente en otras obras de referencia en espa\u00f1ol, como <em>Clave<\/em>, donde aparece como pr\u00e9stamo no adaptado (<em>goalball<\/em>).<\/p>\n<p>En otras lenguas se observa como esta palabra se introduce paulatinamente en los diccionarios. En el caso del ingl\u00e9s, los diccionarios <em>Collins<\/em> y <em>Oxford<\/em> recogen la voz <em>goalball<\/em>. En franc\u00e9s, se documenta en <em>Le Grand Dictionnaire terminologique<\/em> o en Termium. El <em>Priberam<\/em> luso tambi\u00e9n recoge <em>golbol<\/em>, con la graf\u00eda adaptada al portugu\u00e9s. Finalmente, el Termcat, la instituci\u00f3n que registra la incorporaci\u00f3n de neologismos al catal\u00e1n, incluye el t\u00e9rmino <em>golbol<\/em>.<\/p>\n<p>Cabe se\u00f1alar que la graf\u00eda <em>g\u00f3lbol<\/em> no est\u00e1 asentada en espa\u00f1ol. Por coherencia, sugerimos que se escriba <em>g\u00f3lbol<\/em> en esta lengua, como pr\u00e9stamo adaptado, tal como sucede en los casos de <em>f\u00fatbol<\/em>, de <em>b\u00e1squet<\/em> o de <em>v\u00f3leibol<\/em>, e imitando las soluciones aportadas para otras lenguas romances como el portugu\u00e9s o el catal\u00e1n. Sin embargo, la forma m\u00e1s extendida que se observa a la hora de escribir la palabra es <em>goalball<\/em>, esto es, el pr\u00e9stamo no adaptado, como ocurre, por ejemplo, en el caso siguiente:<\/p>\n<ul>\n<li>Pirag\u00fcismo y triatl\u00f3n debutan en R\u00edo como deportes paral\u00edmpicos, junto a las pruebas tradicionales de atletismo, nataci\u00f3n, ciclismo, f\u00fatbol 5, f\u00fatbol 7, <strong>goalball<\/strong>, judo, halterofilia. [<em>El Pa\u00eds<\/em> (Espa\u00f1a), 07\/09\/2016]<\/li>\n<\/ul>\n<p>Debido al uso de esta forma, muy frecuente en el entorno de las competiciones, se da una vacilaci\u00f3n fon\u00e9tica en la \u00faltima s\u00edlaba, que se pronuncia a menudo con una <em>a<\/em> final, como <em>g\u00f3lbal<\/em>. La graf\u00eda <em>goalball<\/em>, tal como muestran ejemplos extra\u00eddos de prensa del \u00e1mbito hispanohablante, convive actualmente con otras formas como <em>goal ball<\/em> o <em>golbol<\/em>.<\/p>\n<ul>\n<li>El atletismo agrupar\u00e1 la mayor cantidad de competidores y tambi\u00e9n habr\u00e1 rivalidades en nataci\u00f3n, judo, pesas, lucha, <strong>goal ball<\/strong>, b\u00e9isbol y tenis de mesa. [<em>Trabajadores<\/em> (Cuba), 23\/11\/2005]<\/li>\n<li>A nivel regional no hay pa\u00eds que pueda siquiera compararse con el nivel de los atletas nicas, para muestra las victorias por pa\u00eds en los Campeonatos Centroamericanos de <strong>Golbol<\/strong>, Ajedrez y Atletismo. [<em>La Prensa<\/em> (Nicaragua), 02\/01\/2013]<\/li>\n<li>En basquetbol de silla de ruedas, los tricolores se quedaron con el segundo sitio al perder 30-40 contra Brasil y en <strong>golbol<\/strong> terminaron cuarto al caer 6-10 ante Colombia, que se qued\u00f3 con el bronce. [<em>La Jornada <\/em>(M\u00e9xico), 27\/03\/2017]<\/li>\n<\/ul>\n<p>Vista la variedad de formas con las que nos referimos a este deporte, ser\u00eda deseable que el <em>DRAE23<\/em> recogiese la entrada, de forma que se estableciera una graf\u00eda \u00fanica. Para acabar: \u00bfser\u00eda concebible que una disciplina ol\u00edmpica no tuviera una entrada en el diccionario? Demos, entonces, el mismo trato a los deportes paral\u00edmpicos.<\/p>\n<p>Joan Josep Bestard Bou<br \/>\nTransmedia Catalonia<br \/>\nUniversitat Aut\u00f2noma de Barcelona (Espa\u00f1a)<\/p>\n","protected":false},"excerpt":{"rendered":"<p>El g\u00f3lbol es un deporte que se practica a ciegas, en el que compiten dos equipos de tres jugadores cuyo objetivo es hacer entrar en la porter\u00eda contraria un bal\u00f3n que contiene cascabeles en su interior. Los jugadores tan solo pueden desplazarse por la zona del campo perteneciente a su equipo y, para asegurar que se juegue a ciegas y proteger el rostro, los jugadores se cubren con un antifaz r\u00edgido. El lanzamiento debe ser rasante o con botes, de forma que con habilidad se pueda adivinar la trayectoria del bal\u00f3n mediante el o\u00eddo.<\/p>\n","protected":false},"author":1,"featured_media":4832,"comment_status":"open","ping_status":"open","sticky":false,"template":"","format":"standard","meta":{"_mi_skip_tracking":false,"_s2mail":"yes"},"categories":[40,256,274],"tags":[],"yoast_head":"<!-- This site is optimized with the Yoast SEO plugin v20.6 - https:\/\/yoast.com\/wordpress\/plugins\/seo\/ -->\n<title>CVC. G\u00f3lbol | Martes Neol\u00f3gico<\/title>\n<meta name=\"description\" content=\"Art\u00edculo sobre el neologismo \u00abg\u00f3lbol\u00bb, dentro del blog Martes Neol\u00f3gico del Centro Virtual Cervantes.\" \/>\n<meta name=\"robots\" content=\"index, follow, max-snippet:-1, max-image-preview:large, max-video-preview:-1\" \/>\n<link rel=\"canonical\" href=\"https:\/\/blogscvc.cervantes.es\/martes-neologico\/golbol\/\" \/>\n<meta property=\"og:locale\" content=\"es_ES\" \/>\n<meta property=\"og:type\" content=\"article\" \/>\n<meta property=\"og:title\" content=\"CVC. G\u00f3lbol | Martes Neol\u00f3gico\" \/>\n<meta property=\"og:description\" content=\"Art\u00edculo sobre el neologismo \u00abg\u00f3lbol\u00bb, dentro del blog Martes Neol\u00f3gico del Centro Virtual Cervantes.\" \/>\n<meta property=\"og:url\" content=\"https:\/\/blogscvc.cervantes.es\/martes-neologico\/golbol\/\" \/>\n<meta property=\"og:site_name\" content=\"Martes Neol\u00f3gico\" \/>\n<meta property=\"article:published_time\" content=\"2020-01-07T05:00:01+00:00\" \/>\n<meta property=\"article:modified_time\" content=\"2025-07-30T13:18:00+00:00\" \/>\n<meta property=\"og:image\" content=\"http:\/\/blogscvc.cervantes.es\/martes-neologico\/wp-content\/uploads\/sites\/2\/2019\/12\/golbol_350.jpg\" \/>\n\t<meta property=\"og:image:width\" content=\"750\" \/>\n\t<meta property=\"og:image:height\" content=\"350\" \/>\n\t<meta property=\"og:image:type\" content=\"image\/jpeg\" \/>\n<meta name=\"author\" content=\"admin\" \/>\n<meta name=\"twitter:card\" content=\"summary_large_image\" \/>\n<meta name=\"twitter:label1\" content=\"Escrito por\" \/>\n\t<meta name=\"twitter:data1\" content=\"admin\" \/>\n\t<meta name=\"twitter:label2\" content=\"Tiempo de lectura\" \/>\n\t<meta name=\"twitter:data2\" content=\"4 minutos\" \/>\n<script type=\"application\/ld+json\" class=\"yoast-schema-graph\">{\"@context\":\"https:\/\/schema.org\",\"@graph\":[{\"@type\":\"Article\",\"@id\":\"https:\/\/blogscvc.cervantes.es\/martes-neologico\/golbol\/#article\",\"isPartOf\":{\"@id\":\"https:\/\/blogscvc.cervantes.es\/martes-neologico\/golbol\/\"},\"author\":{\"name\":\"admin\",\"@id\":\"https:\/\/blogscvc.cervantes.es\/martes-neologico\/#\/schema\/person\/7e2fd26f886f53b1b2e81721d23acc47\"},\"headline\":\"g\u00f3lbol m.\",\"datePublished\":\"2020-01-07T05:00:01+00:00\",\"dateModified\":\"2025-07-30T13:18:00+00:00\",\"mainEntityOfPage\":{\"@id\":\"https:\/\/blogscvc.cervantes.es\/martes-neologico\/golbol\/\"},\"wordCount\":715,\"commentCount\":0,\"publisher\":{\"@id\":\"https:\/\/blogscvc.cervantes.es\/martes-neologico\/#organization\"},\"articleSection\":[\"deportes\",\"ingl\u00e9s\",\"pr\u00e9stamo\"],\"inLanguage\":\"es\",\"potentialAction\":[{\"@type\":\"CommentAction\",\"name\":\"Comment\",\"target\":[\"https:\/\/blogscvc.cervantes.es\/martes-neologico\/golbol\/#respond\"]}]},{\"@type\":\"WebPage\",\"@id\":\"https:\/\/blogscvc.cervantes.es\/martes-neologico\/golbol\/\",\"url\":\"https:\/\/blogscvc.cervantes.es\/martes-neologico\/golbol\/\",\"name\":\"CVC. G\u00f3lbol | Martes Neol\u00f3gico\",\"isPartOf\":{\"@id\":\"https:\/\/blogscvc.cervantes.es\/martes-neologico\/#website\"},\"datePublished\":\"2020-01-07T05:00:01+00:00\",\"dateModified\":\"2025-07-30T13:18:00+00:00\",\"description\":\"Art\u00edculo sobre el neologismo \u00abg\u00f3lbol\u00bb, dentro del blog Martes Neol\u00f3gico del Centro Virtual Cervantes.\",\"breadcrumb\":{\"@id\":\"https:\/\/blogscvc.cervantes.es\/martes-neologico\/golbol\/#breadcrumb\"},\"inLanguage\":\"es\",\"potentialAction\":[{\"@type\":\"ReadAction\",\"target\":[\"https:\/\/blogscvc.cervantes.es\/martes-neologico\/golbol\/\"]}]},{\"@type\":\"BreadcrumbList\",\"@id\":\"https:\/\/blogscvc.cervantes.es\/martes-neologico\/golbol\/#breadcrumb\",\"itemListElement\":[{\"@type\":\"ListItem\",\"position\":1,\"name\":\"Portada\",\"item\":\"https:\/\/blogscvc.cervantes.es\/martes-neologico\/\"},{\"@type\":\"ListItem\",\"position\":2,\"name\":\"g\u00f3lbol m.\"}]},{\"@type\":\"WebSite\",\"@id\":\"https:\/\/blogscvc.cervantes.es\/martes-neologico\/#website\",\"url\":\"https:\/\/blogscvc.cervantes.es\/martes-neologico\/\",\"name\":\"Martes Neol\u00f3gico\",\"description\":\"Cada martes, una palabra nueva que podr\u00eda estar en el diccionario\",\"publisher\":{\"@id\":\"https:\/\/blogscvc.cervantes.es\/martes-neologico\/#organization\"},\"potentialAction\":[{\"@type\":\"SearchAction\",\"target\":{\"@type\":\"EntryPoint\",\"urlTemplate\":\"https:\/\/blogscvc.cervantes.es\/martes-neologico\/?s={search_term_string}\"},\"query-input\":\"required name=search_term_string\"}],\"inLanguage\":\"es\"},{\"@type\":\"Organization\",\"@id\":\"https:\/\/blogscvc.cervantes.es\/martes-neologico\/#organization\",\"name\":\"Martes Neol\u00f3gico\",\"url\":\"https:\/\/blogscvc.cervantes.es\/martes-neologico\/\",\"logo\":{\"@type\":\"ImageObject\",\"inLanguage\":\"es\",\"@id\":\"https:\/\/blogscvc.cervantes.es\/martes-neologico\/#\/schema\/logo\/image\/\",\"url\":\"https:\/\/blogscvc.cervantes.es\/martes-neologico\/wp-content\/uploads\/sites\/2\/2025\/10\/logo-martes-neologico-10-anos.png\",\"contentUrl\":\"https:\/\/blogscvc.cervantes.es\/martes-neologico\/wp-content\/uploads\/sites\/2\/2025\/10\/logo-martes-neologico-10-anos.png\",\"width\":300,\"height\":100,\"caption\":\"Martes Neol\u00f3gico\"},\"image\":{\"@id\":\"https:\/\/blogscvc.cervantes.es\/martes-neologico\/#\/schema\/logo\/image\/\"}},{\"@type\":\"Person\",\"@id\":\"https:\/\/blogscvc.cervantes.es\/martes-neologico\/#\/schema\/person\/7e2fd26f886f53b1b2e81721d23acc47\",\"name\":\"admin\",\"image\":{\"@type\":\"ImageObject\",\"inLanguage\":\"es\",\"@id\":\"https:\/\/blogscvc.cervantes.es\/martes-neologico\/#\/schema\/person\/image\/\",\"url\":\"https:\/\/secure.gravatar.com\/avatar\/c4b6a365b64e607f3d2ecd9620a7675a?s=96&d=mm&r=g\",\"contentUrl\":\"https:\/\/secure.gravatar.com\/avatar\/c4b6a365b64e607f3d2ecd9620a7675a?s=96&d=mm&r=g\",\"caption\":\"admin\"},\"url\":\"https:\/\/blogscvc.cervantes.es\/martes-neologico\/author\/admin\/\"}]}<\/script>\n<!-- \/ Yoast SEO plugin. -->","yoast_head_json":{"title":"CVC. G\u00f3lbol | Martes Neol\u00f3gico","description":"Art\u00edculo sobre el neologismo \u00abg\u00f3lbol\u00bb, dentro del blog Martes Neol\u00f3gico del Centro Virtual Cervantes.","robots":{"index":"index","follow":"follow","max-snippet":"max-snippet:-1","max-image-preview":"max-image-preview:large","max-video-preview":"max-video-preview:-1"},"canonical":"https:\/\/blogscvc.cervantes.es\/martes-neologico\/golbol\/","og_locale":"es_ES","og_type":"article","og_title":"CVC. G\u00f3lbol | Martes Neol\u00f3gico","og_description":"Art\u00edculo sobre el neologismo \u00abg\u00f3lbol\u00bb, dentro del blog Martes Neol\u00f3gico del Centro Virtual Cervantes.","og_url":"https:\/\/blogscvc.cervantes.es\/martes-neologico\/golbol\/","og_site_name":"Martes Neol\u00f3gico","article_published_time":"2020-01-07T05:00:01+00:00","article_modified_time":"2025-07-30T13:18:00+00:00","og_image":[{"width":750,"height":350,"url":"http:\/\/blogscvc.cervantes.es\/martes-neologico\/wp-content\/uploads\/sites\/2\/2019\/12\/golbol_350.jpg","type":"image\/jpeg"}],"author":"admin","twitter_card":"summary_large_image","twitter_misc":{"Escrito por":"admin","Tiempo de lectura":"4 minutos"},"schema":{"@context":"https:\/\/schema.org","@graph":[{"@type":"Article","@id":"https:\/\/blogscvc.cervantes.es\/martes-neologico\/golbol\/#article","isPartOf":{"@id":"https:\/\/blogscvc.cervantes.es\/martes-neologico\/golbol\/"},"author":{"name":"admin","@id":"https:\/\/blogscvc.cervantes.es\/martes-neologico\/#\/schema\/person\/7e2fd26f886f53b1b2e81721d23acc47"},"headline":"g\u00f3lbol m.","datePublished":"2020-01-07T05:00:01+00:00","dateModified":"2025-07-30T13:18:00+00:00","mainEntityOfPage":{"@id":"https:\/\/blogscvc.cervantes.es\/martes-neologico\/golbol\/"},"wordCount":715,"commentCount":0,"publisher":{"@id":"https:\/\/blogscvc.cervantes.es\/martes-neologico\/#organization"},"articleSection":["deportes","ingl\u00e9s","pr\u00e9stamo"],"inLanguage":"es","potentialAction":[{"@type":"CommentAction","name":"Comment","target":["https:\/\/blogscvc.cervantes.es\/martes-neologico\/golbol\/#respond"]}]},{"@type":"WebPage","@id":"https:\/\/blogscvc.cervantes.es\/martes-neologico\/golbol\/","url":"https:\/\/blogscvc.cervantes.es\/martes-neologico\/golbol\/","name":"CVC. G\u00f3lbol | Martes Neol\u00f3gico","isPartOf":{"@id":"https:\/\/blogscvc.cervantes.es\/martes-neologico\/#website"},"datePublished":"2020-01-07T05:00:01+00:00","dateModified":"2025-07-30T13:18:00+00:00","description":"Art\u00edculo sobre el neologismo \u00abg\u00f3lbol\u00bb, dentro del blog Martes Neol\u00f3gico del Centro Virtual Cervantes.","breadcrumb":{"@id":"https:\/\/blogscvc.cervantes.es\/martes-neologico\/golbol\/#breadcrumb"},"inLanguage":"es","potentialAction":[{"@type":"ReadAction","target":["https:\/\/blogscvc.cervantes.es\/martes-neologico\/golbol\/"]}]},{"@type":"BreadcrumbList","@id":"https:\/\/blogscvc.cervantes.es\/martes-neologico\/golbol\/#breadcrumb","itemListElement":[{"@type":"ListItem","position":1,"name":"Portada","item":"https:\/\/blogscvc.cervantes.es\/martes-neologico\/"},{"@type":"ListItem","position":2,"name":"g\u00f3lbol m."}]},{"@type":"WebSite","@id":"https:\/\/blogscvc.cervantes.es\/martes-neologico\/#website","url":"https:\/\/blogscvc.cervantes.es\/martes-neologico\/","name":"Martes Neol\u00f3gico","description":"Cada martes, una palabra nueva que podr\u00eda estar en el diccionario","publisher":{"@id":"https:\/\/blogscvc.cervantes.es\/martes-neologico\/#organization"},"potentialAction":[{"@type":"SearchAction","target":{"@type":"EntryPoint","urlTemplate":"https:\/\/blogscvc.cervantes.es\/martes-neologico\/?s={search_term_string}"},"query-input":"required name=search_term_string"}],"inLanguage":"es"},{"@type":"Organization","@id":"https:\/\/blogscvc.cervantes.es\/martes-neologico\/#organization","name":"Martes Neol\u00f3gico","url":"https:\/\/blogscvc.cervantes.es\/martes-neologico\/","logo":{"@type":"ImageObject","inLanguage":"es","@id":"https:\/\/blogscvc.cervantes.es\/martes-neologico\/#\/schema\/logo\/image\/","url":"https:\/\/blogscvc.cervantes.es\/martes-neologico\/wp-content\/uploads\/sites\/2\/2025\/10\/logo-martes-neologico-10-anos.png","contentUrl":"https:\/\/blogscvc.cervantes.es\/martes-neologico\/wp-content\/uploads\/sites\/2\/2025\/10\/logo-martes-neologico-10-anos.png","width":300,"height":100,"caption":"Martes Neol\u00f3gico"},"image":{"@id":"https:\/\/blogscvc.cervantes.es\/martes-neologico\/#\/schema\/logo\/image\/"}},{"@type":"Person","@id":"https:\/\/blogscvc.cervantes.es\/martes-neologico\/#\/schema\/person\/7e2fd26f886f53b1b2e81721d23acc47","name":"admin","image":{"@type":"ImageObject","inLanguage":"es","@id":"https:\/\/blogscvc.cervantes.es\/martes-neologico\/#\/schema\/person\/image\/","url":"https:\/\/secure.gravatar.com\/avatar\/c4b6a365b64e607f3d2ecd9620a7675a?s=96&d=mm&r=g","contentUrl":"https:\/\/secure.gravatar.com\/avatar\/c4b6a365b64e607f3d2ecd9620a7675a?s=96&d=mm&r=g","caption":"admin"},"url":"https:\/\/blogscvc.cervantes.es\/martes-neologico\/author\/admin\/"}]}},"_links":{"self":[{"href":"https:\/\/blogscvc.cervantes.es\/martes-neologico\/wp-json\/wp\/v2\/posts\/4829"}],"collection":[{"href":"https:\/\/blogscvc.cervantes.es\/martes-neologico\/wp-json\/wp\/v2\/posts"}],"about":[{"href":"https:\/\/blogscvc.cervantes.es\/martes-neologico\/wp-json\/wp\/v2\/types\/post"}],"author":[{"embeddable":true,"href":"https:\/\/blogscvc.cervantes.es\/martes-neologico\/wp-json\/wp\/v2\/users\/1"}],"replies":[{"embeddable":true,"href":"https:\/\/blogscvc.cervantes.es\/martes-neologico\/wp-json\/wp\/v2\/comments?post=4829"}],"version-history":[{"count":5,"href":"https:\/\/blogscvc.cervantes.es\/martes-neologico\/wp-json\/wp\/v2\/posts\/4829\/revisions"}],"predecessor-version":[{"id":13480,"href":"https:\/\/blogscvc.cervantes.es\/martes-neologico\/wp-json\/wp\/v2\/posts\/4829\/revisions\/13480"}],"wp:featuredmedia":[{"embeddable":true,"href":"https:\/\/blogscvc.cervantes.es\/martes-neologico\/wp-json\/wp\/v2\/media\/4832"}],"wp:attachment":[{"href":"https:\/\/blogscvc.cervantes.es\/martes-neologico\/wp-json\/wp\/v2\/media?parent=4829"}],"wp:term":[{"taxonomy":"category","embeddable":true,"href":"https:\/\/blogscvc.cervantes.es\/martes-neologico\/wp-json\/wp\/v2\/categories?post=4829"},{"taxonomy":"post_tag","embeddable":true,"href":"https:\/\/blogscvc.cervantes.es\/martes-neologico\/wp-json\/wp\/v2\/tags?post=4829"}],"curies":[{"name":"wp","href":"https:\/\/api.w.org\/{rel}","templated":true}]}}