{"id":4937,"date":"2020-02-04T07:00:03","date_gmt":"2020-02-04T05:00:03","guid":{"rendered":"http:\/\/blogscvc.cervantes.es\/martes-neologico\/?p=4937"},"modified":"2025-07-31T14:52:30","modified_gmt":"2025-07-31T12:52:30","slug":"play-off","status":"publish","type":"post","link":"https:\/\/blogscvc.cervantes.es\/martes-neologico\/play-off\/","title":{"rendered":"play-off <em>m.<\/em>"},"content":{"rendered":"<p>Desde los a\u00f1os ochenta del siglo <span class=\"versalitas\">xx<\/span> se documenta el uso generalizado del compuesto de origen ingl\u00e9s <em>play-off<\/em> en textos period\u00edsticos de diverso g\u00e9nero en espa\u00f1ol, sobre todo de Espa\u00f1a y con menos frecuencia en pa\u00edses de Hispanoam\u00e9rica como Chile, Argentina, M\u00e9xico o Per\u00fa. Su significado puede variar ligeramente en cada deporte, aunque se emplea generalmente para referirse a una fase de la competici\u00f3n deportiva en la que varios equipos compiten para acceder a la fase final o a una fase de desempate de la competici\u00f3n.<\/p>\n<figure id=\"attachment_118\" aria-describedby=\"caption-attachment-118\" style=\"width: 750px\" class=\"wp-caption aligncenter\"><a href=\"http:\/\/blogscvc.cervantes.es\/martes-neologico\/wp-content\/uploads\/sites\/2\/2020\/02\/play-off_500.jpg\"><img decoding=\"async\" loading=\"lazy\" class=\"alignnone size-full wp-image-1739\" src=\"http:\/\/blogscvc.cervantes.es\/martes-neologico\/wp-content\/uploads\/sites\/2\/2020\/02\/play-off_500.jpg\" alt=\"Asientos en una grada.\" width=\"750\" height=\"500\"><\/a><figcaption id=\"caption-attachment-118\" class=\"wp-caption-text\">Pixabay<\/figcaption><\/figure>\n<p>En ingl\u00e9s se ha empleado tradicionalmente para aludir a una fase de la competici\u00f3n adicional y normalmente posterior a la competici\u00f3n regular. Dicha fase puede enfrentar, por un lado, a los equipos mejor clasificados para acceder a la competici\u00f3n final y tener as\u00ed la opci\u00f3n de ganar el t\u00edtulo al que se opte (liga, ascenso, etc.) y, por otro lado, a los equipos peor clasificados de su categor\u00eda para, de esta forma, disputarse el descenso de categor\u00eda. Su desarrollo puede variar en funci\u00f3n de la liga y del deporte en el que tenga lugar este periodo, aunque habitualmente se caracteriza por un sistema de torneos en los que el perdedor de un partido o de una serie de partidos queda eliminado de la competici\u00f3n y el vencedor sigue avanzando en dicha competici\u00f3n. Entre los deportes en los que este periodo es com\u00fanmente conocido est\u00e1n el baloncesto, el b\u00e9isbol, el <em>rugby<\/em>, el f\u00fatbol y el golf, aunque en la actualidad puede encontrarse en pr\u00e1cticamente todos los deportes que requieran de un desempate:<\/p>\n<ul>\n<li>El <strong>play-off<\/strong> de ascenso ocupa a cuatro equipos y tan s\u00f3lo premia a uno. [<em>El Pa\u00eds<\/em> (Espa\u00f1a), 12\/06\/2019]<\/li>\n<li>Se utilizar\u00e1 el sistema de <strong>playoff<\/strong>, que limitar\u00e1 a aquellos pilotos que, tras la und\u00e9cima fecha del certamen, se ubiquen en los primeros 12 lugares\u2026 [<em>La Naci\u00f3n<\/em> (Argentina), 31\/07\/2008]<\/li>\n<\/ul>\n<p>Con todo, no existe unanimidad sobre el formato de juego utilizado en cada uno de los <em>play-off<\/em> ya que cada competici\u00f3n usa un sistema diferenciado que viene determinado por las normas y caracter\u00edsticas de cada deporte. Estos pueden basarse en la \u2018eliminaci\u00f3n directa\u2019 (en f\u00fatbol a trav\u00e9s del lanzamiento de penaltis), la \u2018doble eliminaci\u00f3n\u2019 (<em>windsurf<\/em>, <em>softbol<\/em>), o \u2018el mejor de tres partidos\u2019 (como ocurre en tenis), entre muchos otros sistemas h\u00edbridos. Adem\u00e1s, no todos los <em>play-off<\/em> comparten el mismo objetivo: mientras que en algunos deportes el <em>play-off<\/em> supone el acceso a la fase final de un campeonato, como es el caso del baloncesto y del b\u00e9isbol (lo que en espa\u00f1ol se ha denominado <em>eliminatoria<\/em>), en otros deportes como el f\u00fatbol determina el ascenso o descenso de categor\u00eda (tambi\u00e9n conocido como <em>fase de ascenso<\/em> o <em>promoci\u00f3n<\/em> y <em>fase de descenso<\/em>). En cambio, en otros deportes como el golf designa el encuentro que deshace un empate (<em>partido de desempate<\/em> en espa\u00f1ol, seg\u00fan el <em>Diccionario panhisp\u00e1nico de dudas<\/em> [2005]).<\/p>\n<p>El uso de <em>play-off<\/em> en espa\u00f1ol es an\u00e1logo al del ingl\u00e9s porque en espa\u00f1ol no existe una forma que abarque todos los sentidos de esta voz. La tendencia de la lengua espa\u00f1ola hacia la concreci\u00f3n se manifiesta mediante el uso de vocablos diferentes para referirse de manera espec\u00edfica a cada uno de los tipos de <em>play-off<\/em> en funci\u00f3n de su objetivo (<em>eliminatoria, promoci\u00f3n, liguilla, fase final, partido de desempate<\/em>). La ausencia de una voz hiperon\u00edmica en este sentido parece ser la raz\u00f3n por la cual la incursi\u00f3n de <em>play-off<\/em> en la lengua ha ido en aumento desde la d\u00e9cada de los ochenta.<\/p>\n<p>Antes de que su uso se difundiera en el f\u00fatbol de Espa\u00f1a as\u00ed como en otros deportes como el automovilismo, en lengua espa\u00f1ola se atestigua por primera vez en la d\u00e9cada de 1970 a trav\u00e9s de peri\u00f3dicos deportivos como <em>Marca<\/em> y <em>El Mundo Deportivo<\/em>, y tambi\u00e9n en<em> El Diario de Mallorca.<\/em> En este momento se utiliza para hablar de competiciones deportivas internacionales como el baloncesto, el golf o el f\u00fatbol italiano:<\/p>\n<ul>\n<li>El Ignis termin\u00f3 la primera fase de la Liga italiana (un torneo con \u00ab<strong>playoff<\/strong>\u00bb enormemente exigente que exige a los dominadores de la primera etapa una rev\u00e1lida definitiva). [<em>El Mundo Deportivo<\/em> (Espa\u00f1a), 14\/04\/1975]<\/li>\n<\/ul>\n<p>En esta \u00e9poca se encuentran pocos registros del t\u00e9rmino y cuando se documenta suele aparecer entrecomillado. A partir de la d\u00e9cada de 1980, el t\u00e9rmino comienza a extenderse por medios de comunicaci\u00f3n de car\u00e1cter general, como <em>El Pa\u00eds<\/em> (Espa\u00f1a), y tambi\u00e9n locales del extrarradio peninsular, como el<em> Diario de Avisos<\/em> (Santa Cruz de la Palma), <em>Faro de Vigo<\/em>, <em>Diario de Mallorca<\/em> y <em>El Peri\u00f3dico de Catalunya<\/em> en su edici\u00f3n en espa\u00f1ol, entre muchos otros:<\/p>\n<ul>\n<li>[\u2026] desempate del <strong>playoff<\/strong> ante el Pe\u00f1as Recreativas de Huesca. [<em>Diario de Avisos<\/em> (Espa\u00f1a), 05\/03\/1984]<\/li>\n<\/ul>\n<p>Como consecuencia de su uso extendido, surge la necesidad de explicar detalladamente su significado en las p\u00e1ginas de los propios peri\u00f3dicos, como recoge el art\u00edculo \u00abEl significado del \u201cplay-off\u201d\u00bb (<em>El Pa\u00eds<\/em>, (Espa\u00f1a), 13\/05\/1985). El debate p\u00fablico en este medio de comunicaci\u00f3n, en su secci\u00f3n \u00abCartas al director\u00bb, esclarece el sentido de esta voz, que no se corresponde exactamente con <em>empate<\/em>, como apunta uno de los lectores, porque, en t\u00e9rminos deportivos, <em>empate<\/em> no es <em>play-off<\/em> en ingl\u00e9s, sino <em>draw<\/em>. Lo cierto es que el origen de <em>play off<\/em> est\u00e1 en el verbo (<em>phrasal verb<\/em>) <em>to play off<\/em> y este hace referencia, seg\u00fan el <em>Oxford English Dictionary<\/em>, a la acci\u00f3n de <em>desempatar<\/em>, mientras que el sustantivo <em>play-off<\/em> se refiere a la competici\u00f3n deportiva decisiva para conocer el resultado de un campeonato. As\u00ed, <em>draw<\/em> o <em>tie<\/em> significan <em>empate<\/em> pero en el sentido m\u00e1s general de la palabra, cuando dos o m\u00e1s competidores o equipos consiguen la misma puntuaci\u00f3n en el juego. Esta no har\u00eda referencia a una competici\u00f3n deportiva especialmente pensada para ello, como es el caso de <em>play-off<\/em>.<\/p>\n<p>En cuanto a las tres formas documentadas (<em>play-off<\/em>, <em>play off <\/em>y <em>playoff<\/em>), la mayor parte de los corpus textuales consultados \u2014CORPES XXI, <em>Corpus del espa\u00f1ol<\/em> de Mark Davis, CREA\u2014 recogen m\u00e1s usos de las formas <em>play-off<\/em> y <em>play off<\/em>, respectivamente. Sin embargo, los datos obtenidos en OBNEO y en Internet a trav\u00e9s de Google (fecha de consulta: 25\/07\/2019) demuestran en la actualidad una clara tendencia hacia el uso de la forma <em>playoff<\/em>, cuyo uso est\u00e1 m\u00e1s extendido en Hispanoam\u00e9rica. No se han encontrado ejemplos de ninguna de las tres formas en el CORDE.<\/p>\n<p>Respecto a su tratamiento lexicogr\u00e1fico, la presencia de <em>play-off<\/em> es significativa, aunque no existe unanimidad sobre el uso de una forma u otra. As\u00ed pues, el t\u00e9rmino se registra en <em>Alvar1<\/em> y en <em>Alvar2<\/em> (<em>play off<\/em>), as\u00ed como en la 2.\u00aa edici\u00f3n del DEA (<em>play-off<\/em>) y en el <em>Clave<\/em> (<em>play off<\/em> y<em> playoff<\/em>, en su versi\u00f3n en l\u00ednea). Sin embargo, no aparece en el <em>DRAE23<\/em> ni en el <em>NEOMM<\/em>, aunque su difusi\u00f3n a trav\u00e9s de diferentes deportes denota que es un vocablo que ha llegado para quedarse.<\/p>\n<p>\u00c1ngel Huete-Garc\u00eda<br \/>\nUniversitat Rovira i Virgili (Espa\u00f1a)<\/p>\n","protected":false},"excerpt":{"rendered":"<p>Desde los a\u00f1os ochenta del siglo XX se documenta el uso generalizado del compuesto de origen ingl\u00e9s <em>play-off<\/em> en textos period\u00edsticos de diverso g\u00e9nero en espa\u00f1ol, sobre todo de Espa\u00f1a y con menos frecuencia en pa\u00edses de Hispanoam\u00e9rica como Chile, Argentina, M\u00e9xico o Per\u00fa. Su significado puede variar ligeramente en cada deporte, aunque se emplea generalmente para referirse a una fase de la competici\u00f3n deportiva en la que varios equipos compiten para acceder a la fase final o a una fase de desempate de la competici\u00f3n.<\/p>\n","protected":false},"author":1,"featured_media":4955,"comment_status":"open","ping_status":"open","sticky":false,"template":"","format":"standard","meta":{"_mi_skip_tracking":false,"_s2mail":"yes"},"categories":[40,256,274],"tags":[],"yoast_head":"<!-- This site is optimized with the Yoast SEO plugin v20.6 - https:\/\/yoast.com\/wordpress\/plugins\/seo\/ -->\n<title>CVC. Play-off | Martes Neol\u00f3gico<\/title>\n<meta name=\"description\" content=\"Art\u00edculo sobre el neologismo \u00abplay-off\u00bb, dentro del blog Martes Neol\u00f3gico del Centro Virtual Cervantes.\" \/>\n<meta name=\"robots\" content=\"index, follow, max-snippet:-1, max-image-preview:large, max-video-preview:-1\" \/>\n<link rel=\"canonical\" href=\"https:\/\/blogscvc.cervantes.es\/martes-neologico\/play-off\/\" \/>\n<meta property=\"og:locale\" content=\"es_ES\" \/>\n<meta property=\"og:type\" content=\"article\" \/>\n<meta property=\"og:title\" content=\"CVC. Play-off | Martes Neol\u00f3gico\" \/>\n<meta property=\"og:description\" content=\"Art\u00edculo sobre el neologismo \u00abplay-off\u00bb, dentro del blog Martes Neol\u00f3gico del Centro Virtual Cervantes.\" \/>\n<meta property=\"og:url\" content=\"https:\/\/blogscvc.cervantes.es\/martes-neologico\/play-off\/\" \/>\n<meta property=\"og:site_name\" content=\"Martes Neol\u00f3gico\" \/>\n<meta property=\"article:published_time\" content=\"2020-02-04T05:00:03+00:00\" \/>\n<meta property=\"article:modified_time\" content=\"2025-07-31T12:52:30+00:00\" \/>\n<meta property=\"og:image\" content=\"http:\/\/blogscvc.cervantes.es\/martes-neologico\/wp-content\/uploads\/sites\/2\/2020\/02\/play-off_350.jpg\" \/>\n\t<meta property=\"og:image:width\" content=\"750\" \/>\n\t<meta property=\"og:image:height\" content=\"350\" \/>\n\t<meta property=\"og:image:type\" content=\"image\/jpeg\" \/>\n<meta name=\"author\" content=\"admin\" \/>\n<meta name=\"twitter:card\" content=\"summary_large_image\" \/>\n<meta name=\"twitter:label1\" content=\"Escrito por\" \/>\n\t<meta name=\"twitter:data1\" content=\"admin\" \/>\n\t<meta name=\"twitter:label2\" content=\"Tiempo de lectura\" \/>\n\t<meta name=\"twitter:data2\" content=\"6 minutos\" \/>\n<script type=\"application\/ld+json\" class=\"yoast-schema-graph\">{\"@context\":\"https:\/\/schema.org\",\"@graph\":[{\"@type\":\"Article\",\"@id\":\"https:\/\/blogscvc.cervantes.es\/martes-neologico\/play-off\/#article\",\"isPartOf\":{\"@id\":\"https:\/\/blogscvc.cervantes.es\/martes-neologico\/play-off\/\"},\"author\":{\"name\":\"admin\",\"@id\":\"https:\/\/blogscvc.cervantes.es\/martes-neologico\/#\/schema\/person\/7e2fd26f886f53b1b2e81721d23acc47\"},\"headline\":\"play-off m.\",\"datePublished\":\"2020-02-04T05:00:03+00:00\",\"dateModified\":\"2025-07-31T12:52:30+00:00\",\"mainEntityOfPage\":{\"@id\":\"https:\/\/blogscvc.cervantes.es\/martes-neologico\/play-off\/\"},\"wordCount\":1243,\"commentCount\":0,\"publisher\":{\"@id\":\"https:\/\/blogscvc.cervantes.es\/martes-neologico\/#organization\"},\"articleSection\":[\"deportes\",\"ingl\u00e9s\",\"pr\u00e9stamo\"],\"inLanguage\":\"es\",\"potentialAction\":[{\"@type\":\"CommentAction\",\"name\":\"Comment\",\"target\":[\"https:\/\/blogscvc.cervantes.es\/martes-neologico\/play-off\/#respond\"]}]},{\"@type\":\"WebPage\",\"@id\":\"https:\/\/blogscvc.cervantes.es\/martes-neologico\/play-off\/\",\"url\":\"https:\/\/blogscvc.cervantes.es\/martes-neologico\/play-off\/\",\"name\":\"CVC. Play-off | Martes Neol\u00f3gico\",\"isPartOf\":{\"@id\":\"https:\/\/blogscvc.cervantes.es\/martes-neologico\/#website\"},\"datePublished\":\"2020-02-04T05:00:03+00:00\",\"dateModified\":\"2025-07-31T12:52:30+00:00\",\"description\":\"Art\u00edculo sobre el neologismo \u00abplay-off\u00bb, dentro del blog Martes Neol\u00f3gico del Centro Virtual Cervantes.\",\"breadcrumb\":{\"@id\":\"https:\/\/blogscvc.cervantes.es\/martes-neologico\/play-off\/#breadcrumb\"},\"inLanguage\":\"es\",\"potentialAction\":[{\"@type\":\"ReadAction\",\"target\":[\"https:\/\/blogscvc.cervantes.es\/martes-neologico\/play-off\/\"]}]},{\"@type\":\"BreadcrumbList\",\"@id\":\"https:\/\/blogscvc.cervantes.es\/martes-neologico\/play-off\/#breadcrumb\",\"itemListElement\":[{\"@type\":\"ListItem\",\"position\":1,\"name\":\"Portada\",\"item\":\"https:\/\/blogscvc.cervantes.es\/martes-neologico\/\"},{\"@type\":\"ListItem\",\"position\":2,\"name\":\"play-off m.\"}]},{\"@type\":\"WebSite\",\"@id\":\"https:\/\/blogscvc.cervantes.es\/martes-neologico\/#website\",\"url\":\"https:\/\/blogscvc.cervantes.es\/martes-neologico\/\",\"name\":\"Martes Neol\u00f3gico\",\"description\":\"Cada martes, una palabra nueva que podr\u00eda estar en el diccionario\",\"publisher\":{\"@id\":\"https:\/\/blogscvc.cervantes.es\/martes-neologico\/#organization\"},\"potentialAction\":[{\"@type\":\"SearchAction\",\"target\":{\"@type\":\"EntryPoint\",\"urlTemplate\":\"https:\/\/blogscvc.cervantes.es\/martes-neologico\/?s={search_term_string}\"},\"query-input\":\"required name=search_term_string\"}],\"inLanguage\":\"es\"},{\"@type\":\"Organization\",\"@id\":\"https:\/\/blogscvc.cervantes.es\/martes-neologico\/#organization\",\"name\":\"Martes Neol\u00f3gico\",\"url\":\"https:\/\/blogscvc.cervantes.es\/martes-neologico\/\",\"logo\":{\"@type\":\"ImageObject\",\"inLanguage\":\"es\",\"@id\":\"https:\/\/blogscvc.cervantes.es\/martes-neologico\/#\/schema\/logo\/image\/\",\"url\":\"https:\/\/blogscvc.cervantes.es\/martes-neologico\/wp-content\/uploads\/sites\/2\/2025\/10\/logo-martes-neologico-10-anos.png\",\"contentUrl\":\"https:\/\/blogscvc.cervantes.es\/martes-neologico\/wp-content\/uploads\/sites\/2\/2025\/10\/logo-martes-neologico-10-anos.png\",\"width\":300,\"height\":100,\"caption\":\"Martes Neol\u00f3gico\"},\"image\":{\"@id\":\"https:\/\/blogscvc.cervantes.es\/martes-neologico\/#\/schema\/logo\/image\/\"}},{\"@type\":\"Person\",\"@id\":\"https:\/\/blogscvc.cervantes.es\/martes-neologico\/#\/schema\/person\/7e2fd26f886f53b1b2e81721d23acc47\",\"name\":\"admin\",\"image\":{\"@type\":\"ImageObject\",\"inLanguage\":\"es\",\"@id\":\"https:\/\/blogscvc.cervantes.es\/martes-neologico\/#\/schema\/person\/image\/\",\"url\":\"https:\/\/secure.gravatar.com\/avatar\/c4b6a365b64e607f3d2ecd9620a7675a?s=96&d=mm&r=g\",\"contentUrl\":\"https:\/\/secure.gravatar.com\/avatar\/c4b6a365b64e607f3d2ecd9620a7675a?s=96&d=mm&r=g\",\"caption\":\"admin\"},\"url\":\"https:\/\/blogscvc.cervantes.es\/martes-neologico\/author\/admin\/\"}]}<\/script>\n<!-- \/ Yoast SEO plugin. -->","yoast_head_json":{"title":"CVC. Play-off | Martes Neol\u00f3gico","description":"Art\u00edculo sobre el neologismo \u00abplay-off\u00bb, dentro del blog Martes Neol\u00f3gico del Centro Virtual Cervantes.","robots":{"index":"index","follow":"follow","max-snippet":"max-snippet:-1","max-image-preview":"max-image-preview:large","max-video-preview":"max-video-preview:-1"},"canonical":"https:\/\/blogscvc.cervantes.es\/martes-neologico\/play-off\/","og_locale":"es_ES","og_type":"article","og_title":"CVC. Play-off | Martes Neol\u00f3gico","og_description":"Art\u00edculo sobre el neologismo \u00abplay-off\u00bb, dentro del blog Martes Neol\u00f3gico del Centro Virtual Cervantes.","og_url":"https:\/\/blogscvc.cervantes.es\/martes-neologico\/play-off\/","og_site_name":"Martes Neol\u00f3gico","article_published_time":"2020-02-04T05:00:03+00:00","article_modified_time":"2025-07-31T12:52:30+00:00","og_image":[{"width":750,"height":350,"url":"http:\/\/blogscvc.cervantes.es\/martes-neologico\/wp-content\/uploads\/sites\/2\/2020\/02\/play-off_350.jpg","type":"image\/jpeg"}],"author":"admin","twitter_card":"summary_large_image","twitter_misc":{"Escrito por":"admin","Tiempo de lectura":"6 minutos"},"schema":{"@context":"https:\/\/schema.org","@graph":[{"@type":"Article","@id":"https:\/\/blogscvc.cervantes.es\/martes-neologico\/play-off\/#article","isPartOf":{"@id":"https:\/\/blogscvc.cervantes.es\/martes-neologico\/play-off\/"},"author":{"name":"admin","@id":"https:\/\/blogscvc.cervantes.es\/martes-neologico\/#\/schema\/person\/7e2fd26f886f53b1b2e81721d23acc47"},"headline":"play-off m.","datePublished":"2020-02-04T05:00:03+00:00","dateModified":"2025-07-31T12:52:30+00:00","mainEntityOfPage":{"@id":"https:\/\/blogscvc.cervantes.es\/martes-neologico\/play-off\/"},"wordCount":1243,"commentCount":0,"publisher":{"@id":"https:\/\/blogscvc.cervantes.es\/martes-neologico\/#organization"},"articleSection":["deportes","ingl\u00e9s","pr\u00e9stamo"],"inLanguage":"es","potentialAction":[{"@type":"CommentAction","name":"Comment","target":["https:\/\/blogscvc.cervantes.es\/martes-neologico\/play-off\/#respond"]}]},{"@type":"WebPage","@id":"https:\/\/blogscvc.cervantes.es\/martes-neologico\/play-off\/","url":"https:\/\/blogscvc.cervantes.es\/martes-neologico\/play-off\/","name":"CVC. Play-off | Martes Neol\u00f3gico","isPartOf":{"@id":"https:\/\/blogscvc.cervantes.es\/martes-neologico\/#website"},"datePublished":"2020-02-04T05:00:03+00:00","dateModified":"2025-07-31T12:52:30+00:00","description":"Art\u00edculo sobre el neologismo \u00abplay-off\u00bb, dentro del blog Martes Neol\u00f3gico del Centro Virtual Cervantes.","breadcrumb":{"@id":"https:\/\/blogscvc.cervantes.es\/martes-neologico\/play-off\/#breadcrumb"},"inLanguage":"es","potentialAction":[{"@type":"ReadAction","target":["https:\/\/blogscvc.cervantes.es\/martes-neologico\/play-off\/"]}]},{"@type":"BreadcrumbList","@id":"https:\/\/blogscvc.cervantes.es\/martes-neologico\/play-off\/#breadcrumb","itemListElement":[{"@type":"ListItem","position":1,"name":"Portada","item":"https:\/\/blogscvc.cervantes.es\/martes-neologico\/"},{"@type":"ListItem","position":2,"name":"play-off m."}]},{"@type":"WebSite","@id":"https:\/\/blogscvc.cervantes.es\/martes-neologico\/#website","url":"https:\/\/blogscvc.cervantes.es\/martes-neologico\/","name":"Martes Neol\u00f3gico","description":"Cada martes, una palabra nueva que podr\u00eda estar en el diccionario","publisher":{"@id":"https:\/\/blogscvc.cervantes.es\/martes-neologico\/#organization"},"potentialAction":[{"@type":"SearchAction","target":{"@type":"EntryPoint","urlTemplate":"https:\/\/blogscvc.cervantes.es\/martes-neologico\/?s={search_term_string}"},"query-input":"required name=search_term_string"}],"inLanguage":"es"},{"@type":"Organization","@id":"https:\/\/blogscvc.cervantes.es\/martes-neologico\/#organization","name":"Martes Neol\u00f3gico","url":"https:\/\/blogscvc.cervantes.es\/martes-neologico\/","logo":{"@type":"ImageObject","inLanguage":"es","@id":"https:\/\/blogscvc.cervantes.es\/martes-neologico\/#\/schema\/logo\/image\/","url":"https:\/\/blogscvc.cervantes.es\/martes-neologico\/wp-content\/uploads\/sites\/2\/2025\/10\/logo-martes-neologico-10-anos.png","contentUrl":"https:\/\/blogscvc.cervantes.es\/martes-neologico\/wp-content\/uploads\/sites\/2\/2025\/10\/logo-martes-neologico-10-anos.png","width":300,"height":100,"caption":"Martes Neol\u00f3gico"},"image":{"@id":"https:\/\/blogscvc.cervantes.es\/martes-neologico\/#\/schema\/logo\/image\/"}},{"@type":"Person","@id":"https:\/\/blogscvc.cervantes.es\/martes-neologico\/#\/schema\/person\/7e2fd26f886f53b1b2e81721d23acc47","name":"admin","image":{"@type":"ImageObject","inLanguage":"es","@id":"https:\/\/blogscvc.cervantes.es\/martes-neologico\/#\/schema\/person\/image\/","url":"https:\/\/secure.gravatar.com\/avatar\/c4b6a365b64e607f3d2ecd9620a7675a?s=96&d=mm&r=g","contentUrl":"https:\/\/secure.gravatar.com\/avatar\/c4b6a365b64e607f3d2ecd9620a7675a?s=96&d=mm&r=g","caption":"admin"},"url":"https:\/\/blogscvc.cervantes.es\/martes-neologico\/author\/admin\/"}]}},"_links":{"self":[{"href":"https:\/\/blogscvc.cervantes.es\/martes-neologico\/wp-json\/wp\/v2\/posts\/4937"}],"collection":[{"href":"https:\/\/blogscvc.cervantes.es\/martes-neologico\/wp-json\/wp\/v2\/posts"}],"about":[{"href":"https:\/\/blogscvc.cervantes.es\/martes-neologico\/wp-json\/wp\/v2\/types\/post"}],"author":[{"embeddable":true,"href":"https:\/\/blogscvc.cervantes.es\/martes-neologico\/wp-json\/wp\/v2\/users\/1"}],"replies":[{"embeddable":true,"href":"https:\/\/blogscvc.cervantes.es\/martes-neologico\/wp-json\/wp\/v2\/comments?post=4937"}],"version-history":[{"count":5,"href":"https:\/\/blogscvc.cervantes.es\/martes-neologico\/wp-json\/wp\/v2\/posts\/4937\/revisions"}],"predecessor-version":[{"id":13774,"href":"https:\/\/blogscvc.cervantes.es\/martes-neologico\/wp-json\/wp\/v2\/posts\/4937\/revisions\/13774"}],"wp:featuredmedia":[{"embeddable":true,"href":"https:\/\/blogscvc.cervantes.es\/martes-neologico\/wp-json\/wp\/v2\/media\/4955"}],"wp:attachment":[{"href":"https:\/\/blogscvc.cervantes.es\/martes-neologico\/wp-json\/wp\/v2\/media?parent=4937"}],"wp:term":[{"taxonomy":"category","embeddable":true,"href":"https:\/\/blogscvc.cervantes.es\/martes-neologico\/wp-json\/wp\/v2\/categories?post=4937"},{"taxonomy":"post_tag","embeddable":true,"href":"https:\/\/blogscvc.cervantes.es\/martes-neologico\/wp-json\/wp\/v2\/tags?post=4937"}],"curies":[{"name":"wp","href":"https:\/\/api.w.org\/{rel}","templated":true}]}}