{"id":5054,"date":"2020-02-18T07:00:04","date_gmt":"2020-02-18T05:00:04","guid":{"rendered":"http:\/\/blogscvc.cervantes.es\/martes-neologico\/?p=5054"},"modified":"2025-12-18T15:33:13","modified_gmt":"2025-12-18T13:33:13","slug":"fotonoticia","status":"publish","type":"post","link":"https:\/\/blogscvc.cervantes.es\/martes-neologico\/fotonoticia\/","title":{"rendered":"fotonoticia <em>f.<\/em>"},"content":{"rendered":"<p>Siempre se ha dicho que una imagen vale m\u00e1s que mil palabras, aunque los que nos dedicamos a la lengua, en general, sabemos que las im\u00e1genes se piensan y se transitan por medio de palabras. Aun as\u00ed, es incuestionable que hoy en d\u00eda, en la era de Internet y de las redes sociales, de la globalizaci\u00f3n, el poder de las im\u00e1genes es muy elevado, en la medida que son un elemento importante para captar la atenci\u00f3n del lector. Por ello los peri\u00f3dicos, digitales y en papel, hace tiempo que incorporan im\u00e1genes, cuya importancia ha ido en aumento con los a\u00f1os, especialmente en una \u00e9poca en que el producto visual tiene una mayor facilidad para captar la atenci\u00f3n que el texto. De ah\u00ed que algunos periodistas se hayan especializado en fotoperiodismo y que hayan aparecido las denominadas <em>fotonoticias<\/em>.<\/p>\n<figure id=\"attachment_118\" aria-describedby=\"caption-attachment-118\" style=\"width: 750px\" class=\"wp-caption aligncenter\"><a href=\"http:\/\/blogscvc.cervantes.es\/martes-neologico\/wp-content\/uploads\/sites\/2\/2020\/02\/fotonoticia_500.jpg\"><img decoding=\"async\" loading=\"lazy\" class=\"alignnone size-full wp-image-1739\" src=\"http:\/\/blogscvc.cervantes.es\/martes-neologico\/wp-content\/uploads\/sites\/2\/2020\/02\/fotonoticia_500.jpg\" alt=\"Ordenador port\u00e1til.\" width=\"750\" height=\"500\"><\/a><figcaption id=\"caption-attachment-118\" class=\"wp-caption-text\">Pixabay<\/figcaption><\/figure>\n<p>La fotonoticia nace a finales del siglo <span class=\"versalitas\">xx<\/span> como una herramienta para representar la realidad tal y como es, lo cual permite ilustrar los hechos de manera emp\u00edrica \u2014aunque este formato tambi\u00e9n permite tergiversar la realidad, seg\u00fan el plano desde el cual se tome la imagen, seg\u00fan los filtros aplicados, etc.\u2014 y, a su vez, captar la atenci\u00f3n de los ojos del lector. Con todo, el gran auge de este formato surge a ra\u00edz de los peri\u00f3dicos digitales y de redes sociales como Twitter o Instagram. A pesar de ello, se trata de una voz que no se recoge en la mayor\u00eda de los diccionarios del espa\u00f1ol \u2014ni de otras lenguas\u2014; de hecho, solo se recoge en el <em>Nuevo diccionario de voces de uso actual<\/em> y en <em>Lo Zingarelli<\/em>, que definen el concepto como \u2018noticia period\u00edstica facilitada mediante una fotograf\u00eda\u2019 e \u2018imagen fotogr\u00e1fica que por su evidencia es suficiente para proporcionar una noticia, sin necesidad de explicaci\u00f3n o comentario\u2019 [traducci\u00f3n propia], respectivamente. Cabe mencionar que, en general, el sentido m\u00e1s difundido es el segundo, como ilustran los ejemplos siguientes:<\/p>\n<ul>\n<li>El hueco grabado aplicado a la prensa diaria les abri\u00f3 las puertas de la actualidad, del reportaje, de la <strong>fotonoticia<\/strong>, de la instant\u00e1nea. [<em>La Vanguardia<\/em> (Espa\u00f1a), 10\/02\/1991]<\/li>\n<li>El nuevo director de la CIA es el general Michael Hayden, y no Charles Hayden como apareci\u00f3 en la <strong>fotonoticia<\/strong> de primera p\u00e1gina en la edici\u00f3n de ayer y en el subt\u00edtulo de la p\u00e1gina 3 de Internacional. [<em>El Pa\u00eds<\/em> (Espa\u00f1a), 10\/05\/2006]<\/li>\n<\/ul>\n<p>En cualquier caso, debemos tener en cuenta que el concepto <em>fotonoticia<\/em> se relaciona, tambi\u00e9n, con el impacto medi\u00e1tico que tiene, m\u00e1s all\u00e1 del texto que la acompa\u00f1a, que no suele ser muy extenso. Adem\u00e1s, estas im\u00e1genes generalmente circulan por s\u00ed solas, un hecho que se ha acentuado notoriamente con la era digital. Asimismo, huelga decir que no todas las im\u00e1genes de un peri\u00f3dico son fotonoticias, ya que estas, a diferencia de las im\u00e1genes que acompa\u00f1an una noticia y que incluyen un breve pie de p\u00e1gina, configuran el n\u00facleo de la informaci\u00f3n, mientras que el texto act\u00faa como par\u00e1frasis de los hechos expuestos. As\u00ed pues, la fotonoticia es independiente y tiene un valor informativo suficiente, lo cual las sit\u00faa al mismo nivel que las noticias redactadas.<\/p>\n<p>Desde el punto de vista morfol\u00f3gico, seg\u00fan la metodolog\u00eda del Observatori de Neologia, se trata de un compuesto culto, porque se considera que el elemento inicial <em>foto<\/em> es un formante de origen cl\u00e1sico que se ha banalizado \u2014es decir, que ha cambiado sem\u00e1nticamente y ha perdido el significado inicial\u2014. Otros autores, en cambio, consideran que es un compuesto patrimonial formado por dos sustantivos: <em>foto<\/em>, que proviene del truncamiento de <em>fotograf\u00eda<\/em> y que ya recoge el <em>DLE<\/em>, y <em>noticia<\/em>. Aun as\u00ed, es interesante destacar que la sintaxis interna del compuesto, donde el elemento inicial (<em>foto<\/em>) modifica sem\u00e1nticamente al elemento nuclear (<em>noticia<\/em>), sigue el patr\u00f3n de la composici\u00f3n culta, mayoritariamente dextr\u00f3giro, es decir, con el n\u00facleo situado en el elemento final. Adem\u00e1s, debemos tener en cuenta que, aunque las <em>fotonoticias<\/em> son fotograf\u00edas que se convierten en noticia, el significado de la palabra puede parafrasearse como \u2018noticia fotogr\u00e1fica\u2019, como podemos ver en los contextos siguientes, lo cual aproxima igualmente esta clase de palabras a la composici\u00f3n con elementos cultos. As\u00ed pues, podr\u00edamos asumir que es un tipo espec\u00edfico de compuesto, formado por una palabra patrimonial, <em>noticia<\/em>, y un elemento que, sea o no una base, est\u00e1 adquiriendo un car\u00e1cter prefijal.<\/p>\n<ul>\n<li>El jurado declar\u00f3 ganador, junto con el fotorreportero que renunci\u00f3 al galard\u00f3n, Giorgio Viera por el reportaje <em>Mexicaltzingo, territorio rebelde<\/em>, a Alfredo Dom\u00ednguez por la <strong>fotonoticia<\/strong> \u00abLinchados Tl\u00e1huac\u00bb. [<em>Reforma<\/em> (M\u00e9xico), 11\/06\/2005]<\/li>\n<li>El expresidente us\u00f3 como excusa una <strong>fotonoticia<\/strong> publicada el pasado 1 de septiembre en segunda edici\u00f3n, en la que Gonz\u00e1lez y Chac\u00f3n aparec\u00edan a las puertas de un restaurante de Madrid a la salida de una cena. [<em>El Mundo<\/em> (Espa\u00f1a), 05\/11\/2011]<\/li>\n<\/ul>\n<p>En definitiva, podemos decir que este neologismo designa una realidad relativamente reciente que ha venido para quedarse, ya que cada vez son m\u00e1s los peri\u00f3dicos en formato digital que recurren a este medio para informar a los lectores. Adem\u00e1s, como hemos indicado, el elemento <em>foto<\/em> genera diferentes palabras nuevas relacionadas con la era visual en que vivimos, potenciada sobre todo por Internet y las redes sociales. Por todo ello, consideramos que esta voz podr\u00eda incluirse en el diccionario normativo, ya que se trata de un formato period\u00edstico diferente que, aunque es reciente, cada vez tiene una mayor relevancia.<\/p>\n<p>Ivan Solivellas Ugena<br \/>\nObservatori de Neologia<br \/>\nUniversitat Pompeu Fabra (Espa\u00f1a)<\/p>\n","protected":false},"excerpt":{"rendered":"<p>Siempre se ha dicho que una imagen vale m\u00e1s que mil palabras, aunque los que nos dedicamos a la lengua, en general, sabemos que las im\u00e1genes se piensan y se transitan por medio de palabras. Aun as\u00ed, es incuestionable que hoy en d\u00eda, en la era de Internet y de las redes sociales, de la globalizaci\u00f3n, el poder de las im\u00e1genes es muy elevado, en la medida que son un elemento importante para captar la atenci\u00f3n del lector. Por ello los peri\u00f3dicos, digitales y en papel, hace tiempo que incorporan im\u00e1genes, cuya importancia ha ido en aumento con los a\u00f1os, especialmente en una \u00e9poca en que el producto visual tiene una mayor facilidad para captar la atenci\u00f3n que el texto. De ah\u00ed que algunos periodistas se hayan especializado en fotoperiodismo y que hayan aparecido las denominadas <em>fotonoticias<\/em>.<\/p>\n","protected":false},"author":1,"featured_media":5069,"comment_status":"open","ping_status":"open","sticky":false,"template":"","format":"standard","meta":{"_mi_skip_tracking":false,"_s2mail":"yes"},"categories":[55,89,206],"tags":[],"yoast_head":"<!-- This site is optimized with the Yoast SEO plugin v20.6 - https:\/\/yoast.com\/wordpress\/plugins\/seo\/ -->\n<title>CVC. Fotonoticia | Martes Neol\u00f3gico<\/title>\n<meta name=\"description\" content=\"Art\u00edculo sobre el neologismo \u00abfotonoticia\u00bb, dentro del blog Martes Neol\u00f3gico del Centro Virtual Cervantes.\" \/>\n<meta name=\"robots\" content=\"index, follow, max-snippet:-1, max-image-preview:large, max-video-preview:-1\" \/>\n<link rel=\"canonical\" href=\"https:\/\/blogscvc.cervantes.es\/martes-neologico\/fotonoticia\/\" \/>\n<meta property=\"og:locale\" content=\"es_ES\" \/>\n<meta property=\"og:type\" content=\"article\" \/>\n<meta property=\"og:title\" content=\"CVC. Fotonoticia | Martes Neol\u00f3gico\" \/>\n<meta property=\"og:description\" content=\"Art\u00edculo sobre el neologismo \u00abfotonoticia\u00bb, dentro del blog Martes Neol\u00f3gico del Centro Virtual Cervantes.\" \/>\n<meta property=\"og:url\" content=\"https:\/\/blogscvc.cervantes.es\/martes-neologico\/fotonoticia\/\" \/>\n<meta property=\"og:site_name\" content=\"Martes Neol\u00f3gico\" \/>\n<meta property=\"article:published_time\" content=\"2020-02-18T05:00:04+00:00\" \/>\n<meta property=\"article:modified_time\" content=\"2025-12-18T13:33:13+00:00\" \/>\n<meta property=\"og:image\" content=\"http:\/\/blogscvc.cervantes.es\/martes-neologico\/wp-content\/uploads\/sites\/2\/2020\/02\/fotonoticia_350.jpg\" \/>\n\t<meta property=\"og:image:width\" content=\"750\" \/>\n\t<meta property=\"og:image:height\" content=\"350\" \/>\n\t<meta property=\"og:image:type\" content=\"image\/jpeg\" \/>\n<meta name=\"author\" content=\"admin\" \/>\n<meta name=\"twitter:card\" content=\"summary_large_image\" \/>\n<meta name=\"twitter:label1\" content=\"Escrito por\" \/>\n\t<meta name=\"twitter:data1\" content=\"admin\" \/>\n\t<meta name=\"twitter:label2\" content=\"Tiempo de lectura\" \/>\n\t<meta name=\"twitter:data2\" content=\"5 minutos\" \/>\n<script type=\"application\/ld+json\" class=\"yoast-schema-graph\">{\"@context\":\"https:\/\/schema.org\",\"@graph\":[{\"@type\":\"Article\",\"@id\":\"https:\/\/blogscvc.cervantes.es\/martes-neologico\/fotonoticia\/#article\",\"isPartOf\":{\"@id\":\"https:\/\/blogscvc.cervantes.es\/martes-neologico\/fotonoticia\/\"},\"author\":{\"name\":\"admin\",\"@id\":\"https:\/\/blogscvc.cervantes.es\/martes-neologico\/#\/schema\/person\/7e2fd26f886f53b1b2e81721d23acc47\"},\"headline\":\"fotonoticia f.\",\"datePublished\":\"2020-02-18T05:00:04+00:00\",\"dateModified\":\"2025-12-18T13:33:13+00:00\",\"mainEntityOfPage\":{\"@id\":\"https:\/\/blogscvc.cervantes.es\/martes-neologico\/fotonoticia\/\"},\"wordCount\":973,\"commentCount\":0,\"publisher\":{\"@id\":\"https:\/\/blogscvc.cervantes.es\/martes-neologico\/#organization\"},\"articleSection\":[\"composici\u00f3n\",\"comunicaci\u00f3n\",\"diccionarizado\"],\"inLanguage\":\"es\",\"potentialAction\":[{\"@type\":\"CommentAction\",\"name\":\"Comment\",\"target\":[\"https:\/\/blogscvc.cervantes.es\/martes-neologico\/fotonoticia\/#respond\"]}]},{\"@type\":\"WebPage\",\"@id\":\"https:\/\/blogscvc.cervantes.es\/martes-neologico\/fotonoticia\/\",\"url\":\"https:\/\/blogscvc.cervantes.es\/martes-neologico\/fotonoticia\/\",\"name\":\"CVC. Fotonoticia | Martes Neol\u00f3gico\",\"isPartOf\":{\"@id\":\"https:\/\/blogscvc.cervantes.es\/martes-neologico\/#website\"},\"datePublished\":\"2020-02-18T05:00:04+00:00\",\"dateModified\":\"2025-12-18T13:33:13+00:00\",\"description\":\"Art\u00edculo sobre el neologismo \u00abfotonoticia\u00bb, dentro del blog Martes Neol\u00f3gico del Centro Virtual Cervantes.\",\"breadcrumb\":{\"@id\":\"https:\/\/blogscvc.cervantes.es\/martes-neologico\/fotonoticia\/#breadcrumb\"},\"inLanguage\":\"es\",\"potentialAction\":[{\"@type\":\"ReadAction\",\"target\":[\"https:\/\/blogscvc.cervantes.es\/martes-neologico\/fotonoticia\/\"]}]},{\"@type\":\"BreadcrumbList\",\"@id\":\"https:\/\/blogscvc.cervantes.es\/martes-neologico\/fotonoticia\/#breadcrumb\",\"itemListElement\":[{\"@type\":\"ListItem\",\"position\":1,\"name\":\"Portada\",\"item\":\"https:\/\/blogscvc.cervantes.es\/martes-neologico\/\"},{\"@type\":\"ListItem\",\"position\":2,\"name\":\"fotonoticia f.\"}]},{\"@type\":\"WebSite\",\"@id\":\"https:\/\/blogscvc.cervantes.es\/martes-neologico\/#website\",\"url\":\"https:\/\/blogscvc.cervantes.es\/martes-neologico\/\",\"name\":\"Martes Neol\u00f3gico\",\"description\":\"Cada martes, una palabra nueva que podr\u00eda estar en el diccionario\",\"publisher\":{\"@id\":\"https:\/\/blogscvc.cervantes.es\/martes-neologico\/#organization\"},\"potentialAction\":[{\"@type\":\"SearchAction\",\"target\":{\"@type\":\"EntryPoint\",\"urlTemplate\":\"https:\/\/blogscvc.cervantes.es\/martes-neologico\/?s={search_term_string}\"},\"query-input\":\"required name=search_term_string\"}],\"inLanguage\":\"es\"},{\"@type\":\"Organization\",\"@id\":\"https:\/\/blogscvc.cervantes.es\/martes-neologico\/#organization\",\"name\":\"Martes Neol\u00f3gico\",\"url\":\"https:\/\/blogscvc.cervantes.es\/martes-neologico\/\",\"logo\":{\"@type\":\"ImageObject\",\"inLanguage\":\"es\",\"@id\":\"https:\/\/blogscvc.cervantes.es\/martes-neologico\/#\/schema\/logo\/image\/\",\"url\":\"https:\/\/blogscvc.cervantes.es\/martes-neologico\/wp-content\/uploads\/sites\/2\/2025\/10\/logo-martes-neologico-10-anos.png\",\"contentUrl\":\"https:\/\/blogscvc.cervantes.es\/martes-neologico\/wp-content\/uploads\/sites\/2\/2025\/10\/logo-martes-neologico-10-anos.png\",\"width\":300,\"height\":100,\"caption\":\"Martes Neol\u00f3gico\"},\"image\":{\"@id\":\"https:\/\/blogscvc.cervantes.es\/martes-neologico\/#\/schema\/logo\/image\/\"}},{\"@type\":\"Person\",\"@id\":\"https:\/\/blogscvc.cervantes.es\/martes-neologico\/#\/schema\/person\/7e2fd26f886f53b1b2e81721d23acc47\",\"name\":\"admin\",\"image\":{\"@type\":\"ImageObject\",\"inLanguage\":\"es\",\"@id\":\"https:\/\/blogscvc.cervantes.es\/martes-neologico\/#\/schema\/person\/image\/\",\"url\":\"https:\/\/secure.gravatar.com\/avatar\/c4b6a365b64e607f3d2ecd9620a7675a?s=96&d=mm&r=g\",\"contentUrl\":\"https:\/\/secure.gravatar.com\/avatar\/c4b6a365b64e607f3d2ecd9620a7675a?s=96&d=mm&r=g\",\"caption\":\"admin\"},\"url\":\"https:\/\/blogscvc.cervantes.es\/martes-neologico\/author\/admin\/\"}]}<\/script>\n<!-- \/ Yoast SEO plugin. -->","yoast_head_json":{"title":"CVC. Fotonoticia | Martes Neol\u00f3gico","description":"Art\u00edculo sobre el neologismo \u00abfotonoticia\u00bb, dentro del blog Martes Neol\u00f3gico del Centro Virtual Cervantes.","robots":{"index":"index","follow":"follow","max-snippet":"max-snippet:-1","max-image-preview":"max-image-preview:large","max-video-preview":"max-video-preview:-1"},"canonical":"https:\/\/blogscvc.cervantes.es\/martes-neologico\/fotonoticia\/","og_locale":"es_ES","og_type":"article","og_title":"CVC. Fotonoticia | Martes Neol\u00f3gico","og_description":"Art\u00edculo sobre el neologismo \u00abfotonoticia\u00bb, dentro del blog Martes Neol\u00f3gico del Centro Virtual Cervantes.","og_url":"https:\/\/blogscvc.cervantes.es\/martes-neologico\/fotonoticia\/","og_site_name":"Martes Neol\u00f3gico","article_published_time":"2020-02-18T05:00:04+00:00","article_modified_time":"2025-12-18T13:33:13+00:00","og_image":[{"width":750,"height":350,"url":"http:\/\/blogscvc.cervantes.es\/martes-neologico\/wp-content\/uploads\/sites\/2\/2020\/02\/fotonoticia_350.jpg","type":"image\/jpeg"}],"author":"admin","twitter_card":"summary_large_image","twitter_misc":{"Escrito por":"admin","Tiempo de lectura":"5 minutos"},"schema":{"@context":"https:\/\/schema.org","@graph":[{"@type":"Article","@id":"https:\/\/blogscvc.cervantes.es\/martes-neologico\/fotonoticia\/#article","isPartOf":{"@id":"https:\/\/blogscvc.cervantes.es\/martes-neologico\/fotonoticia\/"},"author":{"name":"admin","@id":"https:\/\/blogscvc.cervantes.es\/martes-neologico\/#\/schema\/person\/7e2fd26f886f53b1b2e81721d23acc47"},"headline":"fotonoticia f.","datePublished":"2020-02-18T05:00:04+00:00","dateModified":"2025-12-18T13:33:13+00:00","mainEntityOfPage":{"@id":"https:\/\/blogscvc.cervantes.es\/martes-neologico\/fotonoticia\/"},"wordCount":973,"commentCount":0,"publisher":{"@id":"https:\/\/blogscvc.cervantes.es\/martes-neologico\/#organization"},"articleSection":["composici\u00f3n","comunicaci\u00f3n","diccionarizado"],"inLanguage":"es","potentialAction":[{"@type":"CommentAction","name":"Comment","target":["https:\/\/blogscvc.cervantes.es\/martes-neologico\/fotonoticia\/#respond"]}]},{"@type":"WebPage","@id":"https:\/\/blogscvc.cervantes.es\/martes-neologico\/fotonoticia\/","url":"https:\/\/blogscvc.cervantes.es\/martes-neologico\/fotonoticia\/","name":"CVC. Fotonoticia | Martes Neol\u00f3gico","isPartOf":{"@id":"https:\/\/blogscvc.cervantes.es\/martes-neologico\/#website"},"datePublished":"2020-02-18T05:00:04+00:00","dateModified":"2025-12-18T13:33:13+00:00","description":"Art\u00edculo sobre el neologismo \u00abfotonoticia\u00bb, dentro del blog Martes Neol\u00f3gico del Centro Virtual Cervantes.","breadcrumb":{"@id":"https:\/\/blogscvc.cervantes.es\/martes-neologico\/fotonoticia\/#breadcrumb"},"inLanguage":"es","potentialAction":[{"@type":"ReadAction","target":["https:\/\/blogscvc.cervantes.es\/martes-neologico\/fotonoticia\/"]}]},{"@type":"BreadcrumbList","@id":"https:\/\/blogscvc.cervantes.es\/martes-neologico\/fotonoticia\/#breadcrumb","itemListElement":[{"@type":"ListItem","position":1,"name":"Portada","item":"https:\/\/blogscvc.cervantes.es\/martes-neologico\/"},{"@type":"ListItem","position":2,"name":"fotonoticia f."}]},{"@type":"WebSite","@id":"https:\/\/blogscvc.cervantes.es\/martes-neologico\/#website","url":"https:\/\/blogscvc.cervantes.es\/martes-neologico\/","name":"Martes Neol\u00f3gico","description":"Cada martes, una palabra nueva que podr\u00eda estar en el diccionario","publisher":{"@id":"https:\/\/blogscvc.cervantes.es\/martes-neologico\/#organization"},"potentialAction":[{"@type":"SearchAction","target":{"@type":"EntryPoint","urlTemplate":"https:\/\/blogscvc.cervantes.es\/martes-neologico\/?s={search_term_string}"},"query-input":"required name=search_term_string"}],"inLanguage":"es"},{"@type":"Organization","@id":"https:\/\/blogscvc.cervantes.es\/martes-neologico\/#organization","name":"Martes Neol\u00f3gico","url":"https:\/\/blogscvc.cervantes.es\/martes-neologico\/","logo":{"@type":"ImageObject","inLanguage":"es","@id":"https:\/\/blogscvc.cervantes.es\/martes-neologico\/#\/schema\/logo\/image\/","url":"https:\/\/blogscvc.cervantes.es\/martes-neologico\/wp-content\/uploads\/sites\/2\/2025\/10\/logo-martes-neologico-10-anos.png","contentUrl":"https:\/\/blogscvc.cervantes.es\/martes-neologico\/wp-content\/uploads\/sites\/2\/2025\/10\/logo-martes-neologico-10-anos.png","width":300,"height":100,"caption":"Martes Neol\u00f3gico"},"image":{"@id":"https:\/\/blogscvc.cervantes.es\/martes-neologico\/#\/schema\/logo\/image\/"}},{"@type":"Person","@id":"https:\/\/blogscvc.cervantes.es\/martes-neologico\/#\/schema\/person\/7e2fd26f886f53b1b2e81721d23acc47","name":"admin","image":{"@type":"ImageObject","inLanguage":"es","@id":"https:\/\/blogscvc.cervantes.es\/martes-neologico\/#\/schema\/person\/image\/","url":"https:\/\/secure.gravatar.com\/avatar\/c4b6a365b64e607f3d2ecd9620a7675a?s=96&d=mm&r=g","contentUrl":"https:\/\/secure.gravatar.com\/avatar\/c4b6a365b64e607f3d2ecd9620a7675a?s=96&d=mm&r=g","caption":"admin"},"url":"https:\/\/blogscvc.cervantes.es\/martes-neologico\/author\/admin\/"}]}},"_links":{"self":[{"href":"https:\/\/blogscvc.cervantes.es\/martes-neologico\/wp-json\/wp\/v2\/posts\/5054"}],"collection":[{"href":"https:\/\/blogscvc.cervantes.es\/martes-neologico\/wp-json\/wp\/v2\/posts"}],"about":[{"href":"https:\/\/blogscvc.cervantes.es\/martes-neologico\/wp-json\/wp\/v2\/types\/post"}],"author":[{"embeddable":true,"href":"https:\/\/blogscvc.cervantes.es\/martes-neologico\/wp-json\/wp\/v2\/users\/1"}],"replies":[{"embeddable":true,"href":"https:\/\/blogscvc.cervantes.es\/martes-neologico\/wp-json\/wp\/v2\/comments?post=5054"}],"version-history":[{"count":6,"href":"https:\/\/blogscvc.cervantes.es\/martes-neologico\/wp-json\/wp\/v2\/posts\/5054\/revisions"}],"predecessor-version":[{"id":13462,"href":"https:\/\/blogscvc.cervantes.es\/martes-neologico\/wp-json\/wp\/v2\/posts\/5054\/revisions\/13462"}],"wp:featuredmedia":[{"embeddable":true,"href":"https:\/\/blogscvc.cervantes.es\/martes-neologico\/wp-json\/wp\/v2\/media\/5069"}],"wp:attachment":[{"href":"https:\/\/blogscvc.cervantes.es\/martes-neologico\/wp-json\/wp\/v2\/media?parent=5054"}],"wp:term":[{"taxonomy":"category","embeddable":true,"href":"https:\/\/blogscvc.cervantes.es\/martes-neologico\/wp-json\/wp\/v2\/categories?post=5054"},{"taxonomy":"post_tag","embeddable":true,"href":"https:\/\/blogscvc.cervantes.es\/martes-neologico\/wp-json\/wp\/v2\/tags?post=5054"}],"curies":[{"name":"wp","href":"https:\/\/api.w.org\/{rel}","templated":true}]}}