{"id":5153,"date":"2020-03-10T07:00:29","date_gmt":"2020-03-10T05:00:29","guid":{"rendered":"http:\/\/blogscvc.cervantes.es\/martes-neologico\/?p=5153"},"modified":"2025-07-31T14:44:11","modified_gmt":"2025-07-31T12:44:11","slug":"pensional","status":"publish","type":"post","link":"https:\/\/blogscvc.cervantes.es\/martes-neologico\/pensional\/","title":{"rendered":"pensional <em>adj.<\/em>"},"content":{"rendered":"<p>Tal y como se establece en la <em>Declaraci\u00f3n Universal de los Derechos Humanos<\/em> (1948), \u00ab[toda persona] tiene asimismo derecho a los seguros en caso de desempleo, enfermedad, invalidez, viudez, vejez u otros casos de p\u00e9rdida de sus medios de subsistencia por circunstancias independientes de su voluntad\u00bb.<\/p>\n<figure id=\"attachment_118\" aria-describedby=\"caption-attachment-118\" style=\"width: 750px\" class=\"wp-caption aligncenter\"><a href=\"http:\/\/blogscvc.cervantes.es\/martes-neologico\/wp-content\/uploads\/sites\/2\/2020\/03\/pensional_500.jpg\"><img decoding=\"async\" loading=\"lazy\" class=\"alignnone size-full wp-image-1739\" src=\"http:\/\/blogscvc.cervantes.es\/martes-neologico\/wp-content\/uploads\/sites\/2\/2020\/03\/pensional_500.jpg\" alt=\"Fotograf\u00eda de una figura con un hombre y una mujer mayores sentados en un banco.\" width=\"750\" height=\"500\"><\/a><figcaption id=\"caption-attachment-118\" class=\"wp-caption-text\">Pixabay<\/figcaption><\/figure>\n<p>Ese seguro o subsidio conocido como <em>pensi\u00f3n<\/em> es una \u2018cantidad peri\u00f3dica, temporal o vitalicia que la seguridad social paga por raz\u00f3n de jubilaci\u00f3n, viudedad, orfandad o incapacidad\u2019 (<em>DLE<\/em>), la cual se establece por ley en cada pa\u00eds. Generalmente es la base de trabajadores en activo la que da sustento al pago de dichas pensiones. Debido a m\u00faltiples factores como la crisis econ\u00f3mico-financiera mundial o el progresivo envejecimiento de la poblaci\u00f3n, se ha puesto en peligro el actual sistema de protecci\u00f3n social. As\u00ed pues, las pensiones se han convertido en un tema de actualidad a nivel internacional ante la posibilidad de no disponer de una prestaci\u00f3n econ\u00f3mica adecuada cuando llega el momento de la jubilaci\u00f3n o cuando se tiene alguna discapacidad.<\/p>\n<p>En este contexto surge en Colombia el neologismo <em>pensional<\/em>, recogido por primera vez en la base de datos del Observatori de Neologia en 2007:<\/p>\n<ul>\n<li>[\u2026] est\u00e1 la paraci\u00f3n administrativa a las v\u00edctimas de la violencia, varios temas en materia <strong>pensional<\/strong>, el pago a los antiguos accionistas de Granahorrar, vivienda para desplazados, el Metro de Medell\u00edn [&#8230;]. [<em>El Tiempo <\/em>(Colombia), 01\/12\/2007]<\/li>\n<\/ul>\n<p>Morfol\u00f3gicamente <em>pensional<\/em> es un neologismo transparente para los hablantes de espa\u00f1ol. Estamos ante un adjetivo denominal cuyo significado es f\u00e1cilmente deducible, \u2018relativo o relacionado con las pensiones\u2019, formado por la base l\u00e9xica nominal <em>pensi\u00f3n, <\/em>en la acepci\u00f3n vista, y el sufijo <em>-al<\/em>, formante productivo para la creaci\u00f3n adjetival como reflejan los datos del Observatori de Neologia: <em>accionarial<\/em>, <em>atencional<\/em>, <em>censal<\/em>, <em>concursal<\/em>, <em>prestacional<\/em>, <em>remuneracional<\/em>, etc.<\/p>\n<p>En cuanto a su aparici\u00f3n en los principales corpus de consulta del espa\u00f1ol, en el CREA se recogen ocurrencias desde 1992 y en el CORPES XXI desde 2001. En todos los corpus y bases de datos consultados se extrae que mayoritariamente se encuentran ejemplos recogidos en la prensa colombiana, en los que fundamentalmente <em>pensional<\/em> coaparece con sustantivos como <em>fondo<\/em>, <em>sistema<\/em>, <em>reforma<\/em>, <em>mesada<\/em>, <em>pasivo<\/em>, etc.; esto es, con sustantivos relacionados con el \u00e1mbito econ\u00f3mico-social.<\/p>\n<ul>\n<li>La raz\u00f3n de esta paradoja radica, en parte, en el d\u00e9ficit que por unos 300 mil millones de pesos, de los cuales 270 mil millones corresponden a <em>pasivo<\/em> <strong>pensional<\/strong>, arrastra la empresa. [<em>El Tiempo<\/em> (Colombia), 21\/01\/2008]<\/li>\n<li>Uribe le leg\u00f3 un pa\u00eds con alto grado de esperanza, pero las arcas est\u00e1n vac\u00edas, la sanidad p\u00fablica es un desastre, el <em>sistema<\/em> <strong>pensional<\/strong> no es sostenible desde ning\u00fan punto de vista con jubilaciones a edades tan tempranas. [<em>El Tiempo<\/em> (Colombia), 27\/05\/2016]<\/li>\n<li>Pensiones est\u00e1 subsidiando a poblaciones de altos ingresos, por eso es que se habla tanto de una <em>reforma<\/em> <strong>pensional<\/strong>. [<em>El Espectador<\/em> (Colombia), 07\/10\/2018]<\/li>\n<li>El grueso del presupuesto de Defensa, por ejemplo, no consiste en compra de armamento nuevo, sino de la suma de las <em>mesadas<\/em> <strong>pensionales<\/strong>, los salarios, los servicios de salud y la operaci\u00f3n comercial del sector, explic\u00f3 el Ministro en un comunicado de prensa. [<em>El Espectador<\/em> (Colombia), 17\/10\/2018]<\/li>\n<\/ul>\n<p>Aunque en Espa\u00f1a se halla un ejemplo reciente en el uso de este adjetivo, se trata de una noticia sobre Colombia y, por tanto, no es un uso idiosincr\u00e1sico del espa\u00f1ol peninsular.<\/p>\n<ul>\n<li>Este paro nacional b\u00e1sicamente tiene como prop\u00f3sito rechazar las reformas laboral, <strong>pensional<\/strong> y tributaria del Gobierno de Iv\u00e1n Duque que van en contrav\u00eda de derechos conquistados por el movimiento sindical y por los trabajadores en a\u00f1os de lucha. [<em>La Vanguardia<\/em> (Espa\u00f1a), 23\/11\/2019]<\/li>\n<\/ul>\n<p>En el caso del espa\u00f1ol peninsular junto con otras zonas hispanohablantes como M\u00e9xico, Rep\u00fablica Dominicana, Chile, etc., se opta por el proceso de creaci\u00f3n l\u00e9xica de la sintagmaci\u00f3n de car\u00e1cter preposicional (sustantivo + preposici\u00f3n <em>de<\/em> + sustantivo) del tipo <em>reforma de pensiones<\/em>, <em>sistema de pensiones<\/em>, <em>plan de pensi\u00f3n<\/em>, <em>fondo de pensi\u00f3n<\/em>, etc.<\/p>\n<ul>\n<li>[\u2026] los Estados son las mismas que para las grandes compa\u00f1\u00edas que han establecido un <strong>plan de pensiones<\/strong> de beneficios fijos [\u2026] [CORPES XXI, Espa\u00f1a, 2011]<\/li>\n<li>Antes, esta edad era de 65 pero con la <strong>reforma de pensiones<\/strong> se ir\u00e1 aumentando por meses hasta llegar a 67 a\u00f1os en 2017. [CORPES XXI, M\u00e9xico, 2014]<\/li>\n<\/ul>\n<p>Si consultamos otros diccionarios o bases de datos, observamos que en otras lenguas rom\u00e1nicas se prefiere tambi\u00e9n la forma sintagm\u00e1tica de tipo preposicional. As\u00ed en franc\u00e9s se emplea <em>r\u00e9gimen des pensions<\/em>, <em>r\u00e9forme des retraites<\/em> (<em>Diccionario PONS franc\u00e9s-espa\u00f1ol<\/em>) o <em>fonds de pension<\/em> (<span style=\"color: #2d9659;\"><a style=\"color: #2d9659;\" href=\"http:\/\/www.linguee.es\" target=\"_blank\" rel=\"noopener\">www.linguee.es<\/a><\/span>); en catal\u00e1n, hallamos <em>reforma de pensions<\/em>, <em>sistema de pensions<\/em>, <em>fons de pensions <\/em>(<span style=\"color: #2d9659;\"><a style=\"color: #2d9659;\" href=\"https:\/\/www.enciclopedia.cat\/\" target=\"_blank\" rel=\"noopener\">enciclop\u00e8dia.cat<\/a><\/span>); para el italiano, se alternan ambos procedimientos: <em>fondo pensione<\/em>; <em>riforma sistemica delle pension<\/em>; <em>riforma pensionistica<\/em>; <em>regime pensionistico<\/em> (<span style=\"color: #2d9659;\"><a style=\"color: #2d9659;\" href=\"https:\/\/iate.europa.eu\/\" target=\"_blank\" rel=\"noopener\">https:\/\/iate.europa.eu\/<\/a><\/span>); y finalmente, en lengua portuguesa, se mantiene la forma preposicional: <em>plano de pens\u00f5es<\/em>; <em>sistema de pens\u00f5es<\/em>; <em>fundo de pens\u00f5es<\/em> (<span style=\"color: #2d9659;\"><a style=\"color: #2d9659;\" href=\"https:\/\/iate.europa.eu\" target=\"_blank\" rel=\"noopener\">https:\/\/iate.europa.eu<\/a><\/span>).<\/p>\n<p>De los datos aqu\u00ed expuestos, debido a su uso geogr\u00e1ficamente localizado, no se halla esta unidad en los diccionarios, pues no aparece en <em>DEA<\/em>, <em>DRAE23<\/em>, <em>NEOMM<\/em>, <em>Clave<\/em>, <em>VOXUSO<\/em>, <em>Alvar1<\/em> ni <em>Alvar2<\/em>, lo que nos lleva a pensar que este adjetivo, pese a su transparencia formal y sem\u00e1ntica, no pertenece al l\u00e9xico com\u00fan de los hablantes del espa\u00f1ol y queda restringido al espa\u00f1ol de Colombia.<\/p>\n<p>Isabel Santamar\u00eda P\u00e9rez<br \/>\nGrupo NEOAL<br \/>\nUniversitat d\u2019Alacant (Espa\u00f1a)<\/p>\n","protected":false},"excerpt":{"rendered":"<p>Tal y como se establece en la <em>Declaraci\u00f3n Universal de los Derechos Humanos<\/em> (1948), \u00ab[toda persona] tiene asimismo derecho a los seguros en caso de desempleo, enfermedad, invalidez, viudez, vejez u otros casos de p\u00e9rdida de sus medios de subsistencia por circunstancias independientes de su voluntad\u00bb.<\/p>\n","protected":false},"author":1,"featured_media":5180,"comment_status":"open","ping_status":"open","sticky":false,"template":"","format":"standard","meta":{"_mi_skip_tracking":false,"_s2mail":"yes"},"categories":[15,37],"tags":[],"yoast_head":"<!-- This site is optimized with the Yoast SEO plugin v20.6 - https:\/\/yoast.com\/wordpress\/plugins\/seo\/ -->\n<title>CVC. Pensional | Martes Neol\u00f3gico<\/title>\n<meta name=\"description\" content=\"Art\u00edculo sobre el neologismo \u00abpensional\u00bb, dentro del blog Martes Neol\u00f3gico del Centro Virtual Cervantes.\" \/>\n<meta name=\"robots\" content=\"index, follow, max-snippet:-1, max-image-preview:large, max-video-preview:-1\" \/>\n<link rel=\"canonical\" href=\"https:\/\/blogscvc.cervantes.es\/martes-neologico\/pensional\/\" \/>\n<meta property=\"og:locale\" content=\"es_ES\" \/>\n<meta property=\"og:type\" content=\"article\" \/>\n<meta property=\"og:title\" content=\"CVC. Pensional | Martes Neol\u00f3gico\" \/>\n<meta property=\"og:description\" content=\"Art\u00edculo sobre el neologismo \u00abpensional\u00bb, dentro del blog Martes Neol\u00f3gico del Centro Virtual Cervantes.\" \/>\n<meta property=\"og:url\" content=\"https:\/\/blogscvc.cervantes.es\/martes-neologico\/pensional\/\" \/>\n<meta property=\"og:site_name\" content=\"Martes Neol\u00f3gico\" \/>\n<meta property=\"article:published_time\" content=\"2020-03-10T05:00:29+00:00\" \/>\n<meta property=\"article:modified_time\" content=\"2025-07-31T12:44:11+00:00\" \/>\n<meta property=\"og:image\" content=\"http:\/\/blogscvc.cervantes.es\/martes-neologico\/wp-content\/uploads\/sites\/2\/2020\/03\/pensional_350.jpg\" \/>\n\t<meta property=\"og:image:width\" content=\"750\" \/>\n\t<meta property=\"og:image:height\" content=\"350\" \/>\n\t<meta property=\"og:image:type\" content=\"image\/jpeg\" \/>\n<meta name=\"author\" content=\"admin\" \/>\n<meta name=\"twitter:card\" content=\"summary_large_image\" \/>\n<meta name=\"twitter:label1\" content=\"Escrito por\" \/>\n\t<meta name=\"twitter:data1\" content=\"admin\" \/>\n\t<meta name=\"twitter:label2\" content=\"Tiempo de lectura\" \/>\n\t<meta name=\"twitter:data2\" content=\"5 minutos\" \/>\n<script type=\"application\/ld+json\" class=\"yoast-schema-graph\">{\"@context\":\"https:\/\/schema.org\",\"@graph\":[{\"@type\":\"Article\",\"@id\":\"https:\/\/blogscvc.cervantes.es\/martes-neologico\/pensional\/#article\",\"isPartOf\":{\"@id\":\"https:\/\/blogscvc.cervantes.es\/martes-neologico\/pensional\/\"},\"author\":{\"name\":\"admin\",\"@id\":\"https:\/\/blogscvc.cervantes.es\/martes-neologico\/#\/schema\/person\/7e2fd26f886f53b1b2e81721d23acc47\"},\"headline\":\"pensional adj.\",\"datePublished\":\"2020-03-10T05:00:29+00:00\",\"dateModified\":\"2025-07-31T12:44:11+00:00\",\"mainEntityOfPage\":{\"@id\":\"https:\/\/blogscvc.cervantes.es\/martes-neologico\/pensional\/\"},\"wordCount\":932,\"commentCount\":0,\"publisher\":{\"@id\":\"https:\/\/blogscvc.cervantes.es\/martes-neologico\/#organization\"},\"articleSection\":[\"econom\u00eda\",\"sufijaci\u00f3n\"],\"inLanguage\":\"es\",\"potentialAction\":[{\"@type\":\"CommentAction\",\"name\":\"Comment\",\"target\":[\"https:\/\/blogscvc.cervantes.es\/martes-neologico\/pensional\/#respond\"]}]},{\"@type\":\"WebPage\",\"@id\":\"https:\/\/blogscvc.cervantes.es\/martes-neologico\/pensional\/\",\"url\":\"https:\/\/blogscvc.cervantes.es\/martes-neologico\/pensional\/\",\"name\":\"CVC. Pensional | Martes Neol\u00f3gico\",\"isPartOf\":{\"@id\":\"https:\/\/blogscvc.cervantes.es\/martes-neologico\/#website\"},\"datePublished\":\"2020-03-10T05:00:29+00:00\",\"dateModified\":\"2025-07-31T12:44:11+00:00\",\"description\":\"Art\u00edculo sobre el neologismo \u00abpensional\u00bb, dentro del blog Martes Neol\u00f3gico del Centro Virtual Cervantes.\",\"breadcrumb\":{\"@id\":\"https:\/\/blogscvc.cervantes.es\/martes-neologico\/pensional\/#breadcrumb\"},\"inLanguage\":\"es\",\"potentialAction\":[{\"@type\":\"ReadAction\",\"target\":[\"https:\/\/blogscvc.cervantes.es\/martes-neologico\/pensional\/\"]}]},{\"@type\":\"BreadcrumbList\",\"@id\":\"https:\/\/blogscvc.cervantes.es\/martes-neologico\/pensional\/#breadcrumb\",\"itemListElement\":[{\"@type\":\"ListItem\",\"position\":1,\"name\":\"Portada\",\"item\":\"https:\/\/blogscvc.cervantes.es\/martes-neologico\/\"},{\"@type\":\"ListItem\",\"position\":2,\"name\":\"pensional adj.\"}]},{\"@type\":\"WebSite\",\"@id\":\"https:\/\/blogscvc.cervantes.es\/martes-neologico\/#website\",\"url\":\"https:\/\/blogscvc.cervantes.es\/martes-neologico\/\",\"name\":\"Martes Neol\u00f3gico\",\"description\":\"Cada martes, una palabra nueva que podr\u00eda estar en el diccionario\",\"publisher\":{\"@id\":\"https:\/\/blogscvc.cervantes.es\/martes-neologico\/#organization\"},\"potentialAction\":[{\"@type\":\"SearchAction\",\"target\":{\"@type\":\"EntryPoint\",\"urlTemplate\":\"https:\/\/blogscvc.cervantes.es\/martes-neologico\/?s={search_term_string}\"},\"query-input\":\"required name=search_term_string\"}],\"inLanguage\":\"es\"},{\"@type\":\"Organization\",\"@id\":\"https:\/\/blogscvc.cervantes.es\/martes-neologico\/#organization\",\"name\":\"Martes Neol\u00f3gico\",\"url\":\"https:\/\/blogscvc.cervantes.es\/martes-neologico\/\",\"logo\":{\"@type\":\"ImageObject\",\"inLanguage\":\"es\",\"@id\":\"https:\/\/blogscvc.cervantes.es\/martes-neologico\/#\/schema\/logo\/image\/\",\"url\":\"https:\/\/blogscvc.cervantes.es\/martes-neologico\/wp-content\/uploads\/sites\/2\/2025\/10\/logo-martes-neologico-10-anos.png\",\"contentUrl\":\"https:\/\/blogscvc.cervantes.es\/martes-neologico\/wp-content\/uploads\/sites\/2\/2025\/10\/logo-martes-neologico-10-anos.png\",\"width\":300,\"height\":100,\"caption\":\"Martes Neol\u00f3gico\"},\"image\":{\"@id\":\"https:\/\/blogscvc.cervantes.es\/martes-neologico\/#\/schema\/logo\/image\/\"}},{\"@type\":\"Person\",\"@id\":\"https:\/\/blogscvc.cervantes.es\/martes-neologico\/#\/schema\/person\/7e2fd26f886f53b1b2e81721d23acc47\",\"name\":\"admin\",\"image\":{\"@type\":\"ImageObject\",\"inLanguage\":\"es\",\"@id\":\"https:\/\/blogscvc.cervantes.es\/martes-neologico\/#\/schema\/person\/image\/\",\"url\":\"https:\/\/secure.gravatar.com\/avatar\/c4b6a365b64e607f3d2ecd9620a7675a?s=96&d=mm&r=g\",\"contentUrl\":\"https:\/\/secure.gravatar.com\/avatar\/c4b6a365b64e607f3d2ecd9620a7675a?s=96&d=mm&r=g\",\"caption\":\"admin\"},\"url\":\"https:\/\/blogscvc.cervantes.es\/martes-neologico\/author\/admin\/\"}]}<\/script>\n<!-- \/ Yoast SEO plugin. -->","yoast_head_json":{"title":"CVC. Pensional | Martes Neol\u00f3gico","description":"Art\u00edculo sobre el neologismo \u00abpensional\u00bb, dentro del blog Martes Neol\u00f3gico del Centro Virtual Cervantes.","robots":{"index":"index","follow":"follow","max-snippet":"max-snippet:-1","max-image-preview":"max-image-preview:large","max-video-preview":"max-video-preview:-1"},"canonical":"https:\/\/blogscvc.cervantes.es\/martes-neologico\/pensional\/","og_locale":"es_ES","og_type":"article","og_title":"CVC. Pensional | Martes Neol\u00f3gico","og_description":"Art\u00edculo sobre el neologismo \u00abpensional\u00bb, dentro del blog Martes Neol\u00f3gico del Centro Virtual Cervantes.","og_url":"https:\/\/blogscvc.cervantes.es\/martes-neologico\/pensional\/","og_site_name":"Martes Neol\u00f3gico","article_published_time":"2020-03-10T05:00:29+00:00","article_modified_time":"2025-07-31T12:44:11+00:00","og_image":[{"width":750,"height":350,"url":"http:\/\/blogscvc.cervantes.es\/martes-neologico\/wp-content\/uploads\/sites\/2\/2020\/03\/pensional_350.jpg","type":"image\/jpeg"}],"author":"admin","twitter_card":"summary_large_image","twitter_misc":{"Escrito por":"admin","Tiempo de lectura":"5 minutos"},"schema":{"@context":"https:\/\/schema.org","@graph":[{"@type":"Article","@id":"https:\/\/blogscvc.cervantes.es\/martes-neologico\/pensional\/#article","isPartOf":{"@id":"https:\/\/blogscvc.cervantes.es\/martes-neologico\/pensional\/"},"author":{"name":"admin","@id":"https:\/\/blogscvc.cervantes.es\/martes-neologico\/#\/schema\/person\/7e2fd26f886f53b1b2e81721d23acc47"},"headline":"pensional adj.","datePublished":"2020-03-10T05:00:29+00:00","dateModified":"2025-07-31T12:44:11+00:00","mainEntityOfPage":{"@id":"https:\/\/blogscvc.cervantes.es\/martes-neologico\/pensional\/"},"wordCount":932,"commentCount":0,"publisher":{"@id":"https:\/\/blogscvc.cervantes.es\/martes-neologico\/#organization"},"articleSection":["econom\u00eda","sufijaci\u00f3n"],"inLanguage":"es","potentialAction":[{"@type":"CommentAction","name":"Comment","target":["https:\/\/blogscvc.cervantes.es\/martes-neologico\/pensional\/#respond"]}]},{"@type":"WebPage","@id":"https:\/\/blogscvc.cervantes.es\/martes-neologico\/pensional\/","url":"https:\/\/blogscvc.cervantes.es\/martes-neologico\/pensional\/","name":"CVC. Pensional | Martes Neol\u00f3gico","isPartOf":{"@id":"https:\/\/blogscvc.cervantes.es\/martes-neologico\/#website"},"datePublished":"2020-03-10T05:00:29+00:00","dateModified":"2025-07-31T12:44:11+00:00","description":"Art\u00edculo sobre el neologismo \u00abpensional\u00bb, dentro del blog Martes Neol\u00f3gico del Centro Virtual Cervantes.","breadcrumb":{"@id":"https:\/\/blogscvc.cervantes.es\/martes-neologico\/pensional\/#breadcrumb"},"inLanguage":"es","potentialAction":[{"@type":"ReadAction","target":["https:\/\/blogscvc.cervantes.es\/martes-neologico\/pensional\/"]}]},{"@type":"BreadcrumbList","@id":"https:\/\/blogscvc.cervantes.es\/martes-neologico\/pensional\/#breadcrumb","itemListElement":[{"@type":"ListItem","position":1,"name":"Portada","item":"https:\/\/blogscvc.cervantes.es\/martes-neologico\/"},{"@type":"ListItem","position":2,"name":"pensional adj."}]},{"@type":"WebSite","@id":"https:\/\/blogscvc.cervantes.es\/martes-neologico\/#website","url":"https:\/\/blogscvc.cervantes.es\/martes-neologico\/","name":"Martes Neol\u00f3gico","description":"Cada martes, una palabra nueva que podr\u00eda estar en el diccionario","publisher":{"@id":"https:\/\/blogscvc.cervantes.es\/martes-neologico\/#organization"},"potentialAction":[{"@type":"SearchAction","target":{"@type":"EntryPoint","urlTemplate":"https:\/\/blogscvc.cervantes.es\/martes-neologico\/?s={search_term_string}"},"query-input":"required name=search_term_string"}],"inLanguage":"es"},{"@type":"Organization","@id":"https:\/\/blogscvc.cervantes.es\/martes-neologico\/#organization","name":"Martes Neol\u00f3gico","url":"https:\/\/blogscvc.cervantes.es\/martes-neologico\/","logo":{"@type":"ImageObject","inLanguage":"es","@id":"https:\/\/blogscvc.cervantes.es\/martes-neologico\/#\/schema\/logo\/image\/","url":"https:\/\/blogscvc.cervantes.es\/martes-neologico\/wp-content\/uploads\/sites\/2\/2025\/10\/logo-martes-neologico-10-anos.png","contentUrl":"https:\/\/blogscvc.cervantes.es\/martes-neologico\/wp-content\/uploads\/sites\/2\/2025\/10\/logo-martes-neologico-10-anos.png","width":300,"height":100,"caption":"Martes Neol\u00f3gico"},"image":{"@id":"https:\/\/blogscvc.cervantes.es\/martes-neologico\/#\/schema\/logo\/image\/"}},{"@type":"Person","@id":"https:\/\/blogscvc.cervantes.es\/martes-neologico\/#\/schema\/person\/7e2fd26f886f53b1b2e81721d23acc47","name":"admin","image":{"@type":"ImageObject","inLanguage":"es","@id":"https:\/\/blogscvc.cervantes.es\/martes-neologico\/#\/schema\/person\/image\/","url":"https:\/\/secure.gravatar.com\/avatar\/c4b6a365b64e607f3d2ecd9620a7675a?s=96&d=mm&r=g","contentUrl":"https:\/\/secure.gravatar.com\/avatar\/c4b6a365b64e607f3d2ecd9620a7675a?s=96&d=mm&r=g","caption":"admin"},"url":"https:\/\/blogscvc.cervantes.es\/martes-neologico\/author\/admin\/"}]}},"_links":{"self":[{"href":"https:\/\/blogscvc.cervantes.es\/martes-neologico\/wp-json\/wp\/v2\/posts\/5153"}],"collection":[{"href":"https:\/\/blogscvc.cervantes.es\/martes-neologico\/wp-json\/wp\/v2\/posts"}],"about":[{"href":"https:\/\/blogscvc.cervantes.es\/martes-neologico\/wp-json\/wp\/v2\/types\/post"}],"author":[{"embeddable":true,"href":"https:\/\/blogscvc.cervantes.es\/martes-neologico\/wp-json\/wp\/v2\/users\/1"}],"replies":[{"embeddable":true,"href":"https:\/\/blogscvc.cervantes.es\/martes-neologico\/wp-json\/wp\/v2\/comments?post=5153"}],"version-history":[{"count":12,"href":"https:\/\/blogscvc.cervantes.es\/martes-neologico\/wp-json\/wp\/v2\/posts\/5153\/revisions"}],"predecessor-version":[{"id":13753,"href":"https:\/\/blogscvc.cervantes.es\/martes-neologico\/wp-json\/wp\/v2\/posts\/5153\/revisions\/13753"}],"wp:featuredmedia":[{"embeddable":true,"href":"https:\/\/blogscvc.cervantes.es\/martes-neologico\/wp-json\/wp\/v2\/media\/5180"}],"wp:attachment":[{"href":"https:\/\/blogscvc.cervantes.es\/martes-neologico\/wp-json\/wp\/v2\/media?parent=5153"}],"wp:term":[{"taxonomy":"category","embeddable":true,"href":"https:\/\/blogscvc.cervantes.es\/martes-neologico\/wp-json\/wp\/v2\/categories?post=5153"},{"taxonomy":"post_tag","embeddable":true,"href":"https:\/\/blogscvc.cervantes.es\/martes-neologico\/wp-json\/wp\/v2\/tags?post=5153"}],"curies":[{"name":"wp","href":"https:\/\/api.w.org\/{rel}","templated":true}]}}