{"id":5396,"date":"2020-04-14T07:00:01","date_gmt":"2020-04-14T05:00:01","guid":{"rendered":"http:\/\/blogscvc.cervantes.es\/martes-neologico\/?p=5396"},"modified":"2025-07-31T10:57:22","modified_gmt":"2025-07-31T08:57:22","slug":"hobbit","status":"publish","type":"post","link":"https:\/\/blogscvc.cervantes.es\/martes-neologico\/hobbit\/","title":{"rendered":"hobbit <em>m.<\/em> y <em>f.<\/em>"},"content":{"rendered":"<p>En el espa\u00f1ol actual se emplea con frecuencia el t\u00e9rmino <em>hobbit<\/em> para hacer referencia a seres imaginarios de baja estatura y grandes pies propios de los personajes del mundo literario del escritor brit\u00e1nico J. R. R. Tolkien. Esta voz proviene del anglosaj\u00f3n <em>hol-bytla<\/em> que significa \u2018constructor\/habitante de agujeros\u2019, tal como indic\u00f3 el mismo autor en los ap\u00e9ndices de <em>El Se\u00f1or de los Anillos<\/em>. Sin embargo, no es la \u00fanica acepci\u00f3n del vocablo, ya que en el a\u00f1o 2003 se hallaron en la cueva Liang Bua de la isla de Flores, en Indonesia, restos de espec\u00edmenes (<em>Homo floresiensis<\/em>) cuyo tama\u00f1o no superaba el metro de altura y el cerebro era peque\u00f1o, de ah\u00ed que recibieran el apelativo de <em>hobbits<\/em> debido a sus caracter\u00edsticas f\u00edsicas similares a la de los seres ficticios de <em>El hobbit<\/em>.<\/p>\n<figure id=\"attachment_118\" aria-describedby=\"caption-attachment-118\" style=\"width: 750px\" class=\"wp-caption aligncenter\"><a href=\"http:\/\/blogscvc.cervantes.es\/martes-neologico\/wp-content\/uploads\/sites\/2\/2020\/04\/hobbit_500.jpg\"><img decoding=\"async\" loading=\"lazy\" class=\"alignnone size-full wp-image-1739\" src=\"http:\/\/blogscvc.cervantes.es\/martes-neologico\/wp-content\/uploads\/sites\/2\/2020\/04\/hobbit_500.jpg\" alt=\"Imagen de dos hobbits.\" width=\"750\" height=\"500\"><\/a><figcaption id=\"caption-attachment-118\" class=\"wp-caption-text\">Google Images<\/figcaption><\/figure>\n<p>J. R. R. Tolkien (1892-1973) fue, adem\u00e1s de un reconocido escritor, fil\u00f3logo y profesor universitario en la Universidad de Leeds y en la Universidad de Oxford. Su inter\u00e9s por los idiomas comenz\u00f3 cuando todav\u00eda era un ni\u00f1o y su madre le ense\u00f1aba alem\u00e1n, franc\u00e9s y lat\u00edn, lenguas que aprend\u00eda mientras en el colegio estudiaba ingl\u00e9s antiguo, ingl\u00e9s medio, g\u00f3tico, griego, finland\u00e9s, noruego antiguo, belga medieval, belga, italiano y espa\u00f1ol. Asimismo, adquiri\u00f3 conocimientos de dan\u00e9s, eslovaco, lombardo, neerland\u00e9s, ruso, serbio y sueco.<\/p>\n<p>Gracias a su fascinaci\u00f3n por el lenguaje \u2014y a su facilidad para aprender diferentes idiomas\u2014 estudi\u00f3 Filolog\u00eda y ayud\u00f3 como lexic\u00f3grafo en la redacci\u00f3n de la primera edici\u00f3n del <em>Oxford English Dictionary<\/em>, labor que abandonar\u00eda al cabo de dos a\u00f1os para dedicarse a la producci\u00f3n literaria y a la carrera acad\u00e9mica. Paralelamente a su profesi\u00f3n de fil\u00f3logo estaba su apego por crear lenguas inventadas, de ah\u00ed que llegara a emplear quince idiomas en su vasta obra, aunque solo dos de ellos est\u00e9n desarrollados y tengan gram\u00e1ticas completas: el quenya \u2014la lengua de los elfos de Valinor\u2014 y el sindarin \u2014la lengua m\u00e1s hablada en la Tierra Media, el \u00e9lfico gris\u2014.<\/p>\n<p>Del resto, aunque en mayor o menor medida est\u00e1n todas incompletas, podemos destacar las lenguas \u00e9lficas: telerin, doriathin, ilkorin y nandorin. Adem\u00e1s, tambi\u00e9n encontramos el adunaico y el khuzdul, as\u00ed como dos lenguas fragmentarias: la lengua negra y el valarin. Si bien aparecen otras lenguas mencionadas en su obra, apenas pasa de la mera alusi\u00f3n, es decir, nos dice que existen y utiliza alguna palabra o nombre propio, pero no va m\u00e1s all\u00e1, como es el caso de la lengua rohirrim o el \u00e9ntico.<\/p>\n<p>Ahora bien, es importante se\u00f1alar que todas estas lenguas no aparecen \u00fanicamente en un escrito de Tolkien, sino que las podemos encontrar en toda su obra literaria, en la que cre\u00f3 un universo m\u00edtico, poblado de dioses, enanos, hombres, <em>hobbits<\/em>, orcos o elfos, y en el que todos ellos deb\u00edan hablar su propia lengua. Por eso, aunque empez\u00f3 a experimentar con estas lenguas t\u00edmidamente en <em>El hobbit<\/em> y ampliamente en <em>El Se\u00f1or de los Anillos<\/em>, en la que aparecen muchas de estas hablas, no son menos importantes textos como el <em>Silmallirion<\/em>, editado y publicado de manera p\u00f3stuma por su hijo Christopher, o el <em>Legendarium<\/em>, en los que describe toda una mitolog\u00eda sobre la Tierra Media con sus propias lenguas vern\u00e1culas, anterior a las aventuras que desarroll\u00f3 en sus obras m\u00e1s conocidas.<\/p>\n<p>De sus dos novelas m\u00e1s notables, <em>El hobbit<\/em> vio la luz en el a\u00f1o 1937 y su historia se centra en las aventuras de Bilbo Bols\u00f3n \u2014un <em>hobbit<\/em> que sue\u00f1a con vivir aventuras, pero que nunca ha salido de La Comarca\u2014, quien acompa\u00f1ado por el mago Gandalf el Gris y un grupo de enanos liderados por Thorin Escudo de Roble intentan recuperar Erebor, el reino de los enanos, y el tesoro que guardan sus muros en posesi\u00f3n del drag\u00f3n Smaug. Este texto, que el autor empez\u00f3 como un cuento para sus hijos, se convirti\u00f3 en la primera gran obra en explorar el universo que Tolkien hab\u00eda creado y donde empieza a mencionar la palabra <em>hobbit<\/em>, adem\u00e1s, ya queda reflejada la diversidad ling\u00fc\u00edstica propia de sus escritos porque la lengua inglesa convive con las runas que utilizan los enanos en su lengua vern\u00e1cula.<\/p>\n<p>Casi dos d\u00e9cadas despu\u00e9s apareci\u00f3 <em>El Se\u00f1or de los Anillos<\/em>, publicada en tres vol\u00famenes entre 1954 y 1955, en la que Tolkien enlaza una parte de la historia de Bilbo Bols\u00f3n vivida en <em>El hobbit<\/em>, cuando le gana un extra\u00f1o anillo a la criatura Gollum, con la de su sobrino Frodo Bols\u00f3n, que ser\u00e1 el encargado de portar este anillo hasta el monte del Destino, tierra de Mordor, para destruirlo. Con la ayuda de la Compa\u00f1\u00eda del Anillo formada por el mago Gandalf el Gris (m\u00e1s tarde Galdalf el Blanco), dos humanos (Aragorn y Boromir), un enano (Gimli), un elfo (Legolas) y tres peque\u00f1os <em>hobbits<\/em> (Sam, Merry y Pippin), iniciar\u00e1n un largo viaje que les llevar\u00e1 a recorrer gran parte de la Tierra Media y a coincidir con los habitantes que la pueblan.<\/p>\n<p>Por este motivo, el paisaje ling\u00fc\u00edstico que ofrece Tolkien en <em>El Se\u00f1or de los Anillos<\/em> es el m\u00e1s significativo de sus obras, ya que es donde encontramos la mayor variedad de hablas mencionadas anteriormente porque los personajes que la pueblan se comunican o escriben en sus propias lenguas. De este modo, Tolkien crea una red ling\u00fc\u00edstica que permite diferenciar la forma de hablar de cada personaje de la Tierra Media, el pueblo a que pertenece cada uno y el lugar que ocupa de acuerdo con su posici\u00f3n social.<\/p>\n<p>De hecho, el mapa ling\u00fc\u00edstico que se refleja en su obra ha llevado a que se elaboren glosarios y cat\u00e1logos como, por ejemplo, el <em>Diccionario enciclop\u00e9dico Tolkien<\/em>, en el que se recogen herramientas fundamentales para entender con mayor claridad el cosmos de la Tierra Media (historias, personajes, pueblos, canciones y lenguas) o la <em>Tolkien. Enciclopedia ilustrada<\/em>, que re\u00fane tablas cronol\u00f3gicas, \u00e1rboles geneal\u00f3gicos, mapas o ilustraciones para conocer con mayor profundidad la literatura tolkieniana.<\/p>\n<p>A pesar de la importancia de las obras del autor brit\u00e1nico y el uso de la palabra <em>hobbit<\/em> en espa\u00f1ol, a\u00fan no se recoge su definici\u00f3n en el <em>DRAE23<\/em>, as\u00ed como tampoco en <em>Alvar1<\/em>, <em>Alvar2<\/em>, <em>Clave<\/em>, <em>DEA<\/em>, <em>NEOMM<\/em> y <em>VOXUSO<\/em>, a diferencia de lo que sucede con otros personajes de ficci\u00f3n como <em>elfo<\/em>, <em>superm\u00e1n<\/em> o <em>trasgo<\/em> que s\u00ed est\u00e1n incorporados en el <em>DRAE23<\/em>. No obstante, <em>hobbit<\/em> s\u00ed se halla en el CORPES XXI y en el CREA, donde resulta significativa la presencia del neologismo en pa\u00edses hispanoamericanos como Argentina, Colombia, Puerto Rico, Venezuela, Ecuador y, sobre todo, M\u00e9xico.<\/p>\n<ul>\n<li>La historia se inscribe en el contexto de una mitolog\u00eda inventada, la m\u00e1s vasta y compleja que haya salido de la mente de un solo creador. La aventura sucede en la Tercera Edad de la Tierra Media y sus protagonistas pertenecen a las especies de seres inteligentes que poblaban la tierra en ese lejan\u00edsimo pasado: elfos, enanos, <strong>hobbits<\/strong> (o gente peque\u00f1a), hombres y temibles orcos. [<em>El Comercio <\/em>(Ecuador), 22\/12\/2001]<\/li>\n<\/ul>\n<ul>\n<li>Si bien <em>El hobbit<\/em> se hab\u00eda constituido como el inicio oficial de su carrera de escritor y como su primer \u00e9xito literario, las aventuras de Bilbo Bols\u00f3n hab\u00edan sido escritas como un divertimento para sus hijos y distaban del verdadero objetivo del autor. Los favorables resultados tra\u00eddos por la historia, sin embargo, hicieron que Allen Unwin, la casa editora, le comisionara un segundo libro sobre <strong>hobbits<\/strong>. [<span style=\"color: #2d9659;\"><a style=\"color: #2d9659;\" href=\"https:\/\/www.revista.unam.mx\/\" target=\"_blank\" rel=\"noopener\"><em>Revista.unam.mx. Revista Digital Universitaria <\/em><\/a><\/span>(M\u00e9xico), 02\/2012]<\/li>\n<\/ul>\n<p>Adem\u00e1s, en este \u00faltimo pa\u00eds tambi\u00e9n se emplea para mencionar a un futbolista:<\/p>\n<ul>\n<li>Lo mejor del juego lo hizo el \u00ab<strong>Hobbit<\/strong>\u00bb Berm\u00fadez, quien realiz\u00f3 una buena jugada, sin embargo no se pudo concretar en la porter\u00eda contraria. [<em>Esto <\/em>(M\u00e9xico), 07\/02\/2010]<\/li>\n<\/ul>\n<p>Por su parte, en el Observatori de Neologia de la Universitat Pompeu Fabra se recogen referencias del t\u00e9rmino desde 1991 hasta 2017:<\/p>\n<ul>\n<li>[&#8230;] <em>El hobbit<\/em>, la obra m\u00e1s popular de J. R. R. Tolkien junto a \u00ab<em>El se\u00f1or de los anillos<\/em>\u00bb y la primera en la que aparecen sus m\u00e1s conocidas criaturas, los <strong>hobbits<\/strong>. [<em>El Pa\u00eds <\/em>(Espa\u00f1a), 06\/01\/1991]<\/li>\n<\/ul>\n<ul>\n<li>Sin olvidar desde luego a Frodo, Sam y dem\u00e1s compa\u00f1eros <strong>hobbits<\/strong>, que son tambi\u00e9n adolescentes raritos hasta cumplir el medio siglo o m\u00e1s de sus envidiables largas existencias. [<em>El Comercio <\/em>(Per\u00fa), 05\/08\/2007]<\/li>\n<\/ul>\n<p>Aunque no solo recoge la voz para hacer alusi\u00f3n a los personajes de J. R. R. Tolkien, sino tambi\u00e9n para aludir al <em>Homo floresiensis<\/em> que habitaba en la isla de Flores:<\/p>\n<ul>\n<li>Un nuevo hallazgo aumenta el misterio del <strong>hobbit<\/strong> de Flores. [<em>El Pa\u00eds <\/em>(Espa\u00f1a), 14\/01\/2016]<\/li>\n<\/ul>\n<ul>\n<li>Descubren a los antepasados del \u2018<strong>hobbit<\/strong>\u2019 de la isla de Flores. [<em>La Opini\u00f3n de M\u00e1laga<\/em> (Espa\u00f1a), 08\/06\/2016]<\/li>\n<\/ul>\n<p>En los diccionarios de referencia de otras lenguas romances, como el italiano, el franc\u00e9s o el portugu\u00e9s, no se tiene en cuenta la entrada <em>hobbit<\/em>, a diferencia del <em>Oxford English Dictionary<\/em> que la define como una raza humana peque\u00f1a propia de los cuentos de J. R. R. Tolkien: \u00abEn los cuentos de J. R. R. Tolkien (1892-1973): habitante de un pueblo imaginario que pertenece a una peque\u00f1a especie de la raza humana, se dieron este nombre a s\u00ed mismos (que significa \u2018habitante de un agujero\u2019), pero eran llamados por los otros <em>medianos<\/em>, ya que ten\u00edan la mitad de la altura de los hombres normales\u00bb.<\/p>\n<p>En definitiva, la palabra <em>hobbit<\/em> es un anglicismo que ha penetrado en el espa\u00f1ol, tanto de Espa\u00f1a como, sobre todo, de Am\u00e9rica, y su empleo es cada vez m\u00e1s habitual, a pesar de que su frecuencia es relativamente baja, tal como demuestran los textos period\u00edsticos de ambos continentes. Aun as\u00ed, no consta como un extranjerismo en los diccionarios de referencia.<\/p>\n<p>M.\u00aa Jos\u00e9 Rodr\u00edguez Mosquera<br \/>\nUniversitat de Barcelona (Espa\u00f1a)<\/p>\n","protected":false},"excerpt":{"rendered":"<p>En el espa\u00f1ol actual se emplea con frecuencia el t\u00e9rmino <em>hobbit<\/em> para hacer referencia a seres imaginarios de baja estatura y grandes pies propios de los personajes del mundo literario del escritor brit\u00e1nico J. R. R. Tolkien. Esta voz proviene del anglosaj\u00f3n <em>hol-bytla<\/em> que significa \u2018constructor\/habitante de agujeros\u2019, tal como indic\u00f3 el mismo autor en los ap\u00e9ndices de <em>El Se\u00f1or de los Anillos<\/em>. Sin embargo, no es la \u00fanica acepci\u00f3n del vocablo, ya que en el a\u00f1o 2003 se hallaron en la cueva Liang Bua de la isla de Flores, en Indonesia, restos de espec\u00edmenes (<em>Homo floresiensis<\/em>) cuyo tama\u00f1o no superaba el metro de altura y el cerebro era peque\u00f1o, de ah\u00ed que recibieran el apelativo de <em>hobbits<\/em> debido a sus caracter\u00edsticas f\u00edsicas similares a la de los seres ficticios de <em>El hobbit<\/em>.<\/p>\n","protected":false},"author":1,"featured_media":5423,"comment_status":"open","ping_status":"open","sticky":false,"template":"","format":"standard","meta":{"_mi_skip_tracking":false,"_s2mail":"yes"},"categories":[256,98,274],"tags":[],"yoast_head":"<!-- This site is optimized with the Yoast SEO plugin v20.6 - https:\/\/yoast.com\/wordpress\/plugins\/seo\/ -->\n<title>CVC. Hobbit | Martes Neol\u00f3gico<\/title>\n<meta name=\"description\" content=\"Art\u00edculo sobre el neologismo \u00abhobbit\u00bb, dentro del blog Martes Neol\u00f3gico del Centro Virtual Cervantes.\" \/>\n<meta name=\"robots\" content=\"index, follow, max-snippet:-1, max-image-preview:large, max-video-preview:-1\" \/>\n<link rel=\"canonical\" href=\"https:\/\/blogscvc.cervantes.es\/martes-neologico\/hobbit\/\" \/>\n<meta property=\"og:locale\" content=\"es_ES\" \/>\n<meta property=\"og:type\" content=\"article\" \/>\n<meta property=\"og:title\" content=\"CVC. Hobbit | Martes Neol\u00f3gico\" \/>\n<meta property=\"og:description\" content=\"Art\u00edculo sobre el neologismo \u00abhobbit\u00bb, dentro del blog Martes Neol\u00f3gico del Centro Virtual Cervantes.\" \/>\n<meta property=\"og:url\" content=\"https:\/\/blogscvc.cervantes.es\/martes-neologico\/hobbit\/\" \/>\n<meta property=\"og:site_name\" content=\"Martes Neol\u00f3gico\" \/>\n<meta property=\"article:published_time\" content=\"2020-04-14T05:00:01+00:00\" \/>\n<meta property=\"article:modified_time\" content=\"2025-07-31T08:57:22+00:00\" \/>\n<meta property=\"og:image\" content=\"http:\/\/blogscvc.cervantes.es\/martes-neologico\/wp-content\/uploads\/sites\/2\/2020\/04\/hobbit_350.jpg\" \/>\n\t<meta property=\"og:image:width\" content=\"750\" \/>\n\t<meta property=\"og:image:height\" content=\"350\" \/>\n\t<meta property=\"og:image:type\" content=\"image\/jpeg\" \/>\n<meta name=\"author\" content=\"admin\" \/>\n<meta name=\"twitter:card\" content=\"summary_large_image\" \/>\n<meta name=\"twitter:label1\" content=\"Escrito por\" \/>\n\t<meta name=\"twitter:data1\" content=\"admin\" \/>\n\t<meta name=\"twitter:label2\" content=\"Tiempo de lectura\" \/>\n\t<meta name=\"twitter:data2\" content=\"8 minutos\" \/>\n<script type=\"application\/ld+json\" class=\"yoast-schema-graph\">{\"@context\":\"https:\/\/schema.org\",\"@graph\":[{\"@type\":\"Article\",\"@id\":\"https:\/\/blogscvc.cervantes.es\/martes-neologico\/hobbit\/#article\",\"isPartOf\":{\"@id\":\"https:\/\/blogscvc.cervantes.es\/martes-neologico\/hobbit\/\"},\"author\":{\"name\":\"admin\",\"@id\":\"https:\/\/blogscvc.cervantes.es\/martes-neologico\/#\/schema\/person\/7e2fd26f886f53b1b2e81721d23acc47\"},\"headline\":\"hobbit m. y f.\",\"datePublished\":\"2020-04-14T05:00:01+00:00\",\"dateModified\":\"2025-07-31T08:57:22+00:00\",\"mainEntityOfPage\":{\"@id\":\"https:\/\/blogscvc.cervantes.es\/martes-neologico\/hobbit\/\"},\"wordCount\":1724,\"commentCount\":0,\"publisher\":{\"@id\":\"https:\/\/blogscvc.cervantes.es\/martes-neologico\/#organization\"},\"articleSection\":[\"ingl\u00e9s\",\"literatura\",\"pr\u00e9stamo\"],\"inLanguage\":\"es\",\"potentialAction\":[{\"@type\":\"CommentAction\",\"name\":\"Comment\",\"target\":[\"https:\/\/blogscvc.cervantes.es\/martes-neologico\/hobbit\/#respond\"]}]},{\"@type\":\"WebPage\",\"@id\":\"https:\/\/blogscvc.cervantes.es\/martes-neologico\/hobbit\/\",\"url\":\"https:\/\/blogscvc.cervantes.es\/martes-neologico\/hobbit\/\",\"name\":\"CVC. Hobbit | Martes Neol\u00f3gico\",\"isPartOf\":{\"@id\":\"https:\/\/blogscvc.cervantes.es\/martes-neologico\/#website\"},\"datePublished\":\"2020-04-14T05:00:01+00:00\",\"dateModified\":\"2025-07-31T08:57:22+00:00\",\"description\":\"Art\u00edculo sobre el neologismo \u00abhobbit\u00bb, dentro del blog Martes Neol\u00f3gico del Centro Virtual Cervantes.\",\"breadcrumb\":{\"@id\":\"https:\/\/blogscvc.cervantes.es\/martes-neologico\/hobbit\/#breadcrumb\"},\"inLanguage\":\"es\",\"potentialAction\":[{\"@type\":\"ReadAction\",\"target\":[\"https:\/\/blogscvc.cervantes.es\/martes-neologico\/hobbit\/\"]}]},{\"@type\":\"BreadcrumbList\",\"@id\":\"https:\/\/blogscvc.cervantes.es\/martes-neologico\/hobbit\/#breadcrumb\",\"itemListElement\":[{\"@type\":\"ListItem\",\"position\":1,\"name\":\"Portada\",\"item\":\"https:\/\/blogscvc.cervantes.es\/martes-neologico\/\"},{\"@type\":\"ListItem\",\"position\":2,\"name\":\"hobbit m. y f.\"}]},{\"@type\":\"WebSite\",\"@id\":\"https:\/\/blogscvc.cervantes.es\/martes-neologico\/#website\",\"url\":\"https:\/\/blogscvc.cervantes.es\/martes-neologico\/\",\"name\":\"Martes Neol\u00f3gico\",\"description\":\"Cada martes, una palabra nueva que podr\u00eda estar en el diccionario\",\"publisher\":{\"@id\":\"https:\/\/blogscvc.cervantes.es\/martes-neologico\/#organization\"},\"potentialAction\":[{\"@type\":\"SearchAction\",\"target\":{\"@type\":\"EntryPoint\",\"urlTemplate\":\"https:\/\/blogscvc.cervantes.es\/martes-neologico\/?s={search_term_string}\"},\"query-input\":\"required name=search_term_string\"}],\"inLanguage\":\"es\"},{\"@type\":\"Organization\",\"@id\":\"https:\/\/blogscvc.cervantes.es\/martes-neologico\/#organization\",\"name\":\"Martes Neol\u00f3gico\",\"url\":\"https:\/\/blogscvc.cervantes.es\/martes-neologico\/\",\"logo\":{\"@type\":\"ImageObject\",\"inLanguage\":\"es\",\"@id\":\"https:\/\/blogscvc.cervantes.es\/martes-neologico\/#\/schema\/logo\/image\/\",\"url\":\"https:\/\/blogscvc.cervantes.es\/martes-neologico\/wp-content\/uploads\/sites\/2\/2025\/10\/logo-martes-neologico-10-anos.png\",\"contentUrl\":\"https:\/\/blogscvc.cervantes.es\/martes-neologico\/wp-content\/uploads\/sites\/2\/2025\/10\/logo-martes-neologico-10-anos.png\",\"width\":300,\"height\":100,\"caption\":\"Martes Neol\u00f3gico\"},\"image\":{\"@id\":\"https:\/\/blogscvc.cervantes.es\/martes-neologico\/#\/schema\/logo\/image\/\"}},{\"@type\":\"Person\",\"@id\":\"https:\/\/blogscvc.cervantes.es\/martes-neologico\/#\/schema\/person\/7e2fd26f886f53b1b2e81721d23acc47\",\"name\":\"admin\",\"image\":{\"@type\":\"ImageObject\",\"inLanguage\":\"es\",\"@id\":\"https:\/\/blogscvc.cervantes.es\/martes-neologico\/#\/schema\/person\/image\/\",\"url\":\"https:\/\/secure.gravatar.com\/avatar\/c4b6a365b64e607f3d2ecd9620a7675a?s=96&d=mm&r=g\",\"contentUrl\":\"https:\/\/secure.gravatar.com\/avatar\/c4b6a365b64e607f3d2ecd9620a7675a?s=96&d=mm&r=g\",\"caption\":\"admin\"},\"url\":\"https:\/\/blogscvc.cervantes.es\/martes-neologico\/author\/admin\/\"}]}<\/script>\n<!-- \/ Yoast SEO plugin. -->","yoast_head_json":{"title":"CVC. Hobbit | Martes Neol\u00f3gico","description":"Art\u00edculo sobre el neologismo \u00abhobbit\u00bb, dentro del blog Martes Neol\u00f3gico del Centro Virtual Cervantes.","robots":{"index":"index","follow":"follow","max-snippet":"max-snippet:-1","max-image-preview":"max-image-preview:large","max-video-preview":"max-video-preview:-1"},"canonical":"https:\/\/blogscvc.cervantes.es\/martes-neologico\/hobbit\/","og_locale":"es_ES","og_type":"article","og_title":"CVC. Hobbit | Martes Neol\u00f3gico","og_description":"Art\u00edculo sobre el neologismo \u00abhobbit\u00bb, dentro del blog Martes Neol\u00f3gico del Centro Virtual Cervantes.","og_url":"https:\/\/blogscvc.cervantes.es\/martes-neologico\/hobbit\/","og_site_name":"Martes Neol\u00f3gico","article_published_time":"2020-04-14T05:00:01+00:00","article_modified_time":"2025-07-31T08:57:22+00:00","og_image":[{"width":750,"height":350,"url":"http:\/\/blogscvc.cervantes.es\/martes-neologico\/wp-content\/uploads\/sites\/2\/2020\/04\/hobbit_350.jpg","type":"image\/jpeg"}],"author":"admin","twitter_card":"summary_large_image","twitter_misc":{"Escrito por":"admin","Tiempo de lectura":"8 minutos"},"schema":{"@context":"https:\/\/schema.org","@graph":[{"@type":"Article","@id":"https:\/\/blogscvc.cervantes.es\/martes-neologico\/hobbit\/#article","isPartOf":{"@id":"https:\/\/blogscvc.cervantes.es\/martes-neologico\/hobbit\/"},"author":{"name":"admin","@id":"https:\/\/blogscvc.cervantes.es\/martes-neologico\/#\/schema\/person\/7e2fd26f886f53b1b2e81721d23acc47"},"headline":"hobbit m. y f.","datePublished":"2020-04-14T05:00:01+00:00","dateModified":"2025-07-31T08:57:22+00:00","mainEntityOfPage":{"@id":"https:\/\/blogscvc.cervantes.es\/martes-neologico\/hobbit\/"},"wordCount":1724,"commentCount":0,"publisher":{"@id":"https:\/\/blogscvc.cervantes.es\/martes-neologico\/#organization"},"articleSection":["ingl\u00e9s","literatura","pr\u00e9stamo"],"inLanguage":"es","potentialAction":[{"@type":"CommentAction","name":"Comment","target":["https:\/\/blogscvc.cervantes.es\/martes-neologico\/hobbit\/#respond"]}]},{"@type":"WebPage","@id":"https:\/\/blogscvc.cervantes.es\/martes-neologico\/hobbit\/","url":"https:\/\/blogscvc.cervantes.es\/martes-neologico\/hobbit\/","name":"CVC. Hobbit | Martes Neol\u00f3gico","isPartOf":{"@id":"https:\/\/blogscvc.cervantes.es\/martes-neologico\/#website"},"datePublished":"2020-04-14T05:00:01+00:00","dateModified":"2025-07-31T08:57:22+00:00","description":"Art\u00edculo sobre el neologismo \u00abhobbit\u00bb, dentro del blog Martes Neol\u00f3gico del Centro Virtual Cervantes.","breadcrumb":{"@id":"https:\/\/blogscvc.cervantes.es\/martes-neologico\/hobbit\/#breadcrumb"},"inLanguage":"es","potentialAction":[{"@type":"ReadAction","target":["https:\/\/blogscvc.cervantes.es\/martes-neologico\/hobbit\/"]}]},{"@type":"BreadcrumbList","@id":"https:\/\/blogscvc.cervantes.es\/martes-neologico\/hobbit\/#breadcrumb","itemListElement":[{"@type":"ListItem","position":1,"name":"Portada","item":"https:\/\/blogscvc.cervantes.es\/martes-neologico\/"},{"@type":"ListItem","position":2,"name":"hobbit m. y f."}]},{"@type":"WebSite","@id":"https:\/\/blogscvc.cervantes.es\/martes-neologico\/#website","url":"https:\/\/blogscvc.cervantes.es\/martes-neologico\/","name":"Martes Neol\u00f3gico","description":"Cada martes, una palabra nueva que podr\u00eda estar en el diccionario","publisher":{"@id":"https:\/\/blogscvc.cervantes.es\/martes-neologico\/#organization"},"potentialAction":[{"@type":"SearchAction","target":{"@type":"EntryPoint","urlTemplate":"https:\/\/blogscvc.cervantes.es\/martes-neologico\/?s={search_term_string}"},"query-input":"required name=search_term_string"}],"inLanguage":"es"},{"@type":"Organization","@id":"https:\/\/blogscvc.cervantes.es\/martes-neologico\/#organization","name":"Martes Neol\u00f3gico","url":"https:\/\/blogscvc.cervantes.es\/martes-neologico\/","logo":{"@type":"ImageObject","inLanguage":"es","@id":"https:\/\/blogscvc.cervantes.es\/martes-neologico\/#\/schema\/logo\/image\/","url":"https:\/\/blogscvc.cervantes.es\/martes-neologico\/wp-content\/uploads\/sites\/2\/2025\/10\/logo-martes-neologico-10-anos.png","contentUrl":"https:\/\/blogscvc.cervantes.es\/martes-neologico\/wp-content\/uploads\/sites\/2\/2025\/10\/logo-martes-neologico-10-anos.png","width":300,"height":100,"caption":"Martes Neol\u00f3gico"},"image":{"@id":"https:\/\/blogscvc.cervantes.es\/martes-neologico\/#\/schema\/logo\/image\/"}},{"@type":"Person","@id":"https:\/\/blogscvc.cervantes.es\/martes-neologico\/#\/schema\/person\/7e2fd26f886f53b1b2e81721d23acc47","name":"admin","image":{"@type":"ImageObject","inLanguage":"es","@id":"https:\/\/blogscvc.cervantes.es\/martes-neologico\/#\/schema\/person\/image\/","url":"https:\/\/secure.gravatar.com\/avatar\/c4b6a365b64e607f3d2ecd9620a7675a?s=96&d=mm&r=g","contentUrl":"https:\/\/secure.gravatar.com\/avatar\/c4b6a365b64e607f3d2ecd9620a7675a?s=96&d=mm&r=g","caption":"admin"},"url":"https:\/\/blogscvc.cervantes.es\/martes-neologico\/author\/admin\/"}]}},"_links":{"self":[{"href":"https:\/\/blogscvc.cervantes.es\/martes-neologico\/wp-json\/wp\/v2\/posts\/5396"}],"collection":[{"href":"https:\/\/blogscvc.cervantes.es\/martes-neologico\/wp-json\/wp\/v2\/posts"}],"about":[{"href":"https:\/\/blogscvc.cervantes.es\/martes-neologico\/wp-json\/wp\/v2\/types\/post"}],"author":[{"embeddable":true,"href":"https:\/\/blogscvc.cervantes.es\/martes-neologico\/wp-json\/wp\/v2\/users\/1"}],"replies":[{"embeddable":true,"href":"https:\/\/blogscvc.cervantes.es\/martes-neologico\/wp-json\/wp\/v2\/comments?post=5396"}],"version-history":[{"count":7,"href":"https:\/\/blogscvc.cervantes.es\/martes-neologico\/wp-json\/wp\/v2\/posts\/5396\/revisions"}],"predecessor-version":[{"id":13522,"href":"https:\/\/blogscvc.cervantes.es\/martes-neologico\/wp-json\/wp\/v2\/posts\/5396\/revisions\/13522"}],"wp:featuredmedia":[{"embeddable":true,"href":"https:\/\/blogscvc.cervantes.es\/martes-neologico\/wp-json\/wp\/v2\/media\/5423"}],"wp:attachment":[{"href":"https:\/\/blogscvc.cervantes.es\/martes-neologico\/wp-json\/wp\/v2\/media?parent=5396"}],"wp:term":[{"taxonomy":"category","embeddable":true,"href":"https:\/\/blogscvc.cervantes.es\/martes-neologico\/wp-json\/wp\/v2\/categories?post=5396"},{"taxonomy":"post_tag","embeddable":true,"href":"https:\/\/blogscvc.cervantes.es\/martes-neologico\/wp-json\/wp\/v2\/tags?post=5396"}],"curies":[{"name":"wp","href":"https:\/\/api.w.org\/{rel}","templated":true}]}}