{"id":5483,"date":"2020-05-05T07:00:18","date_gmt":"2020-05-05T05:00:18","guid":{"rendered":"http:\/\/blogscvc.cervantes.es\/martes-neologico\/?p=5483"},"modified":"2023-07-24T14:55:35","modified_gmt":"2023-07-24T12:55:35","slug":"viejuno-na","status":"publish","type":"post","link":"https:\/\/blogscvc.cervantes.es\/martes-neologico\/viejuno-na\/","title":{"rendered":"viejuno -na <em>adj.<\/em> y <em>m.<\/em> y <em>f.<\/em>"},"content":{"rendered":"<p>\u00abHoy las ciencias adelantan que es una barbaridad\u00bb dec\u00eda don Sebasti\u00e1n a don Hilari\u00f3n en la famosa zarzuela <em>La verbena de la Paloma<\/em>, de Tom\u00e1s Bret\u00f3n y Ricardo de la Vega (1894), y ese avance se aceler\u00f3 sin duda alguna durante la segunda mitad del siglo <span class=\"versalitas\">xx<\/span> para no abandonarlo. En la \u00e9poca del <span style=\"color: #2d9659;\"><a style=\"color: #2d9659;\" href=\"https:\/\/blogscvc.cervantes.es\/martes-neologico\/bluetooth\/\" target=\"_blank\" rel=\"noopener\">bluetooth<\/a><\/span>, el <span style=\"color: #2d9659;\"><a style=\"color: #2d9659;\" href=\"https:\/\/blogscvc.cervantes.es\/martes-neologico\/cibersexo\/\" target=\"_blank\" rel=\"noopener\">cibersexo<\/a><\/span> y el <span style=\"color: #2d9659;\"><a style=\"color: #2d9659;\" href=\"https:\/\/blogscvc.cervantes.es\/martes-neologico\/streaming\/\" target=\"_blank\" rel=\"noopener\">streaming<\/a><\/span>, la modernidad cient\u00edfica y tecnol\u00f3gica convive con una mirada nost\u00e1lgica al tiempo pasado a trav\u00e9s de objetos y est\u00e9tica <span style=\"color: #2d9659;\"><a style=\"color: #2d9659;\" href=\"https:\/\/blogscvc.cervantes.es\/martes-neologico\/vintage\/\" target=\"_blank\" rel=\"noopener\">vintage<\/a><\/span>, que se aplica de manera positiva, revalorizando el sustantivo al que modifica. Pero desde hace unos a\u00f1os tambi\u00e9n se documenta en los medios de comunicaci\u00f3n espa\u00f1oles el adjetivo <em>viejuno -na<\/em>, que presenta cierto tono despectivo:<\/p>\n<ul>\n<li>En consecuencia, este Robin Hood se (pre)siente mortecino, triste, <strong>viejuno<\/strong> e inveros\u00edmil. [<em>Noticias de \u00c1lava<\/em> (Espa\u00f1a), 21\/05\/2010]<\/li>\n<li>Un tributo a la bebida <strong>viejuna<\/strong>, consejos para reciclar destilados cl\u00e1sicos y la receta del saltamontes. [<em>El Pa\u00eds<\/em> (Espa\u00f1a), 03\/07\/2015]<\/li>\n<li>Volc\u00e1n. Fluido. Cul\u00e1n. Lo llames como lo llames, este postre cuasi <strong>viejuno<\/strong> es insultantemente f\u00e1cil e indecentemente bueno. El momento en el que metes la cuchara en \u00e9l y lo rompes es lo m\u00e1s parecido al Nirvana. [<em>El Pa\u00eds<\/em> (Espa\u00f1a), 19\/04\/2016]<\/li>\n<\/ul>\n<figure id=\"attachment_118\" aria-describedby=\"caption-attachment-118\" style=\"width: 750px\" class=\"wp-caption aligncenter\"><a href=\"http:\/\/blogscvc.cervantes.es\/martes-neologico\/wp-content\/uploads\/sites\/2\/2020\/05\/viejuno_500.jpg\"><img decoding=\"async\" loading=\"lazy\" class=\"alignnone size-full wp-image-1739\" src=\"http:\/\/blogscvc.cervantes.es\/martes-neologico\/wp-content\/uploads\/sites\/2\/2020\/05\/viejuno_500.jpg\" alt=\"Fotograf\u00eda de una mesa auxiliar sobre la que hay una l\u00e1mpara, unos libros y una bote con unas ramitas.\" width=\"750\" height=\"500\"><\/a><figcaption id=\"caption-attachment-118\" class=\"wp-caption-text\">Pexels<\/figcaption><\/figure>\n<p>Este adjetivo est\u00e1 formado con el sufijo <em>-uno<\/em> (que no aparece en el <em>DLE<\/em>), con el que se forman adjetivos relacionales con bases nominales que designan animales, como <em>gatuno<\/em>, <em>ovejuno<\/em> o <em>lobuno<\/em>, si bien tambi\u00e9n se registran algunas voces con bases que designan personas, como <em>hombruno<\/em> o <em>lacayuno<\/em>, que aparecen con la marca de coloquial, o <em>frailuno<\/em>, del que adem\u00e1s de coloquial se indica que tiene un uso despectivo, que son los matices que observamos tambi\u00e9n en <em>viejuno<\/em>:<\/p>\n<ul>\n<li>Este puede ser el heredero de Anguita, me refiero a Pablo Iglesias, pero el discurso radical, extremo, <strong>viejuno<\/strong>, desde el punto de vista de las ideas, leninista en estado puro, comunista, que hizo el otro d\u00eda en el Congreso, es que es incompatible con la socialdemocracia que debe defender el PSOE. [<em>Herrera en COPE<\/em> (Espa\u00f1a), 04\/03\/2016]<\/li>\n<li>Una de las pr\u00e1cticas m\u00e1s habituales es la de hacer gazpacho con frutas, algo que chirr\u00eda en los t\u00edmpanos de los m\u00e1s tradicionalistas y <strong>viejunos<\/strong>. [<em>El Pa\u00eds <\/em>(Espa\u00f1a), 23\/06\/2016]<\/li>\n<li>M\u00e1s de 50 expresiones <strong>viejunas<\/strong> en un mon\u00f3logo de cuatro minutos. [<em>El Pa\u00eds <\/em>(Espa\u00f1a), 03\/08\/2019]<\/li>\n<\/ul>\n<p>Asimismo, como <em>viejo -ja<\/em>, tambi\u00e9n se documentan algunos contextos como sustantivo:<\/p>\n<ul>\n<li>Dicho esto, convengamos en celebrar las peculiaridades que preludian este filme contempor\u00e1neo y ecl\u00e9ctico en torno a las vicisitudes de una joven china airada que huye de su tierra natal para desembarcar en Gran Breta\u00f1a con urgencia neopunk y enfados deudores de un free cinema que ya s\u00f3lo los <strong>viejunos<\/strong> cin\u00e9filos rememoran con a\u00f1oranza. [<em>Noticias de \u00c1lava<\/em> (Espa\u00f1a), 22\/07\/2010]<\/li>\n<li>Mientras Kildare-Chamberlain era el jovencito doctor que tra\u00eda nuevos m\u00e9todos, Welby-Robert Young era un <strong>viejuno<\/strong> moderno que llevaba por la calle de la amargura al novato, Kiley-James Brolin (que, con toda la raz\u00f3n, acab\u00f3 retirado en Hotel ). [<em>Europa Sur<\/em> (Espa\u00f1a), 03\/05\/2010]<\/li>\n<li>[\u2026] otros m\u00e1s afortunados que llegaron m\u00e1s tarde que yo. Entre ellos, algunos <strong>viejunos<\/strong> con loden y vis\u00f3n at\u00f3nitos porque Teatro Real estrenara obra semejante. [<em>El Mundo<\/em> (Espa\u00f1a), 18\/04\/2012]<\/li>\n<\/ul>\n<p>Quiz\u00e1s porque su uso es relativamente reciente, no aparece en los diccionarios de espa\u00f1ol, ni generales ni de neologismos, con la excepci\u00f3n del <em>DUE<\/em> (4.\u00aa edici\u00f3n), que lo recoge como adjetivo de uso informal con el significado de \u2018anticuado, pasado de moda\u2019.<\/p>\n<p>Con el fin de que el diccionario no se convierta en un objeto viejuno ni obsoleto, abogamos, pues, por su inclusi\u00f3n en \u00e9l, incluyendo la marca de coloquialidad correspondiente y su adscripci\u00f3n al espa\u00f1ol peninsular.<\/p>\n<p>Elisenda Bernal<br \/>\nObservatori de Neologia<br \/>\nUniversitat Pompeu Fabra (Espa\u00f1a)<\/p>\n","protected":false},"excerpt":{"rendered":"<p>\u00abHoy las ciencias adelantan que es una barbaridad\u00bb dec\u00eda don Sebasti\u00e1n a don Hilari\u00f3n en la famosa zarzuela <em>La verbena de la Paloma<\/em>, de Tom\u00e1s Bret\u00f3n y Ricardo de la Vega (1894), y ese avance se aceler\u00f3 sin duda alguna durante la segunda mitad del siglo <span class=\"versalitas\">xx<\/span> para no abandonarlo. En la \u00e9poca del bluetooth, el cibersexo y el streaming, la modernidad cient\u00edfica y tecnol\u00f3gica convive con una mirada nost\u00e1lgica al tiempo pasado a trav\u00e9s de objetos y est\u00e9tica vintage, que se aplica de manera positiva, revalorizando el sustantivo al que modifica.<\/p>\n","protected":false},"author":1,"featured_media":5504,"comment_status":"open","ping_status":"open","sticky":false,"template":"","format":"standard","meta":{"_mi_skip_tracking":false,"_s2mail":"yes"},"categories":[124,206,44,37],"tags":[],"yoast_head":"<!-- This site is optimized with the Yoast SEO plugin v20.6 - https:\/\/yoast.com\/wordpress\/plugins\/seo\/ -->\n<title>CVC. Viejuno | Martes Neol\u00f3gico<\/title>\n<meta name=\"description\" content=\"Art\u00edculo sobre el neologismo \u00abviejuno\u00bb, dentro del blog Martes Neol\u00f3gico del Centro Virtual Cervantes.\" \/>\n<meta name=\"robots\" content=\"index, follow, max-snippet:-1, max-image-preview:large, max-video-preview:-1\" \/>\n<link rel=\"canonical\" href=\"https:\/\/blogscvc.cervantes.es\/martes-neologico\/viejuno-na\/\" \/>\n<meta property=\"og:locale\" content=\"es_ES\" \/>\n<meta property=\"og:type\" content=\"article\" \/>\n<meta property=\"og:title\" content=\"CVC. Viejuno | Martes Neol\u00f3gico\" \/>\n<meta property=\"og:description\" content=\"Art\u00edculo sobre el neologismo \u00abviejuno\u00bb, dentro del blog Martes Neol\u00f3gico del Centro Virtual Cervantes.\" \/>\n<meta property=\"og:url\" content=\"https:\/\/blogscvc.cervantes.es\/martes-neologico\/viejuno-na\/\" \/>\n<meta property=\"og:site_name\" content=\"Martes Neol\u00f3gico\" \/>\n<meta property=\"article:published_time\" content=\"2020-05-05T05:00:18+00:00\" \/>\n<meta property=\"article:modified_time\" content=\"2023-07-24T12:55:35+00:00\" \/>\n<meta property=\"og:image\" content=\"http:\/\/blogscvc.cervantes.es\/martes-neologico\/wp-content\/uploads\/sites\/2\/2020\/05\/viejuno_350.jpg\" \/>\n\t<meta property=\"og:image:width\" content=\"750\" \/>\n\t<meta property=\"og:image:height\" content=\"350\" \/>\n\t<meta property=\"og:image:type\" content=\"image\/jpeg\" \/>\n<meta name=\"author\" content=\"admin\" \/>\n<meta name=\"twitter:card\" content=\"summary_large_image\" \/>\n<meta name=\"twitter:label1\" content=\"Escrito por\" \/>\n\t<meta name=\"twitter:data1\" content=\"admin\" \/>\n\t<meta name=\"twitter:label2\" content=\"Tiempo de lectura\" \/>\n\t<meta name=\"twitter:data2\" content=\"3 minutos\" \/>\n<script type=\"application\/ld+json\" class=\"yoast-schema-graph\">{\"@context\":\"https:\/\/schema.org\",\"@graph\":[{\"@type\":\"Article\",\"@id\":\"https:\/\/blogscvc.cervantes.es\/martes-neologico\/viejuno-na\/#article\",\"isPartOf\":{\"@id\":\"https:\/\/blogscvc.cervantes.es\/martes-neologico\/viejuno-na\/\"},\"author\":{\"name\":\"admin\",\"@id\":\"https:\/\/blogscvc.cervantes.es\/martes-neologico\/#\/schema\/person\/7e2fd26f886f53b1b2e81721d23acc47\"},\"headline\":\"viejuno -na adj. y m. y f.\",\"datePublished\":\"2020-05-05T05:00:18+00:00\",\"dateModified\":\"2023-07-24T12:55:35+00:00\",\"mainEntityOfPage\":{\"@id\":\"https:\/\/blogscvc.cervantes.es\/martes-neologico\/viejuno-na\/\"},\"wordCount\":666,\"commentCount\":1,\"publisher\":{\"@id\":\"https:\/\/blogscvc.cervantes.es\/martes-neologico\/#organization\"},\"articleSection\":[\"coloquial\",\"diccionarizado\",\"general\",\"sufijaci\u00f3n\"],\"inLanguage\":\"es\",\"potentialAction\":[{\"@type\":\"CommentAction\",\"name\":\"Comment\",\"target\":[\"https:\/\/blogscvc.cervantes.es\/martes-neologico\/viejuno-na\/#respond\"]}]},{\"@type\":\"WebPage\",\"@id\":\"https:\/\/blogscvc.cervantes.es\/martes-neologico\/viejuno-na\/\",\"url\":\"https:\/\/blogscvc.cervantes.es\/martes-neologico\/viejuno-na\/\",\"name\":\"CVC. Viejuno | Martes Neol\u00f3gico\",\"isPartOf\":{\"@id\":\"https:\/\/blogscvc.cervantes.es\/martes-neologico\/#website\"},\"datePublished\":\"2020-05-05T05:00:18+00:00\",\"dateModified\":\"2023-07-24T12:55:35+00:00\",\"description\":\"Art\u00edculo sobre el neologismo \u00abviejuno\u00bb, dentro del blog Martes Neol\u00f3gico del Centro Virtual Cervantes.\",\"breadcrumb\":{\"@id\":\"https:\/\/blogscvc.cervantes.es\/martes-neologico\/viejuno-na\/#breadcrumb\"},\"inLanguage\":\"es\",\"potentialAction\":[{\"@type\":\"ReadAction\",\"target\":[\"https:\/\/blogscvc.cervantes.es\/martes-neologico\/viejuno-na\/\"]}]},{\"@type\":\"BreadcrumbList\",\"@id\":\"https:\/\/blogscvc.cervantes.es\/martes-neologico\/viejuno-na\/#breadcrumb\",\"itemListElement\":[{\"@type\":\"ListItem\",\"position\":1,\"name\":\"Portada\",\"item\":\"https:\/\/blogscvc.cervantes.es\/martes-neologico\/\"},{\"@type\":\"ListItem\",\"position\":2,\"name\":\"viejuno -na adj. y m. y f.\"}]},{\"@type\":\"WebSite\",\"@id\":\"https:\/\/blogscvc.cervantes.es\/martes-neologico\/#website\",\"url\":\"https:\/\/blogscvc.cervantes.es\/martes-neologico\/\",\"name\":\"Martes Neol\u00f3gico\",\"description\":\"Cada martes, una palabra nueva que podr\u00eda estar en el diccionario\",\"publisher\":{\"@id\":\"https:\/\/blogscvc.cervantes.es\/martes-neologico\/#organization\"},\"potentialAction\":[{\"@type\":\"SearchAction\",\"target\":{\"@type\":\"EntryPoint\",\"urlTemplate\":\"https:\/\/blogscvc.cervantes.es\/martes-neologico\/?s={search_term_string}\"},\"query-input\":\"required name=search_term_string\"}],\"inLanguage\":\"es\"},{\"@type\":\"Organization\",\"@id\":\"https:\/\/blogscvc.cervantes.es\/martes-neologico\/#organization\",\"name\":\"Martes Neol\u00f3gico\",\"url\":\"https:\/\/blogscvc.cervantes.es\/martes-neologico\/\",\"logo\":{\"@type\":\"ImageObject\",\"inLanguage\":\"es\",\"@id\":\"https:\/\/blogscvc.cervantes.es\/martes-neologico\/#\/schema\/logo\/image\/\",\"url\":\"https:\/\/blogscvc.cervantes.es\/martes-neologico\/wp-content\/uploads\/sites\/2\/2025\/10\/logo-martes-neologico-10-anos.png\",\"contentUrl\":\"https:\/\/blogscvc.cervantes.es\/martes-neologico\/wp-content\/uploads\/sites\/2\/2025\/10\/logo-martes-neologico-10-anos.png\",\"width\":300,\"height\":100,\"caption\":\"Martes Neol\u00f3gico\"},\"image\":{\"@id\":\"https:\/\/blogscvc.cervantes.es\/martes-neologico\/#\/schema\/logo\/image\/\"}},{\"@type\":\"Person\",\"@id\":\"https:\/\/blogscvc.cervantes.es\/martes-neologico\/#\/schema\/person\/7e2fd26f886f53b1b2e81721d23acc47\",\"name\":\"admin\",\"image\":{\"@type\":\"ImageObject\",\"inLanguage\":\"es\",\"@id\":\"https:\/\/blogscvc.cervantes.es\/martes-neologico\/#\/schema\/person\/image\/\",\"url\":\"https:\/\/secure.gravatar.com\/avatar\/c4b6a365b64e607f3d2ecd9620a7675a?s=96&d=mm&r=g\",\"contentUrl\":\"https:\/\/secure.gravatar.com\/avatar\/c4b6a365b64e607f3d2ecd9620a7675a?s=96&d=mm&r=g\",\"caption\":\"admin\"},\"url\":\"https:\/\/blogscvc.cervantes.es\/martes-neologico\/author\/admin\/\"}]}<\/script>\n<!-- \/ Yoast SEO plugin. -->","yoast_head_json":{"title":"CVC. Viejuno | Martes Neol\u00f3gico","description":"Art\u00edculo sobre el neologismo \u00abviejuno\u00bb, dentro del blog Martes Neol\u00f3gico del Centro Virtual Cervantes.","robots":{"index":"index","follow":"follow","max-snippet":"max-snippet:-1","max-image-preview":"max-image-preview:large","max-video-preview":"max-video-preview:-1"},"canonical":"https:\/\/blogscvc.cervantes.es\/martes-neologico\/viejuno-na\/","og_locale":"es_ES","og_type":"article","og_title":"CVC. Viejuno | Martes Neol\u00f3gico","og_description":"Art\u00edculo sobre el neologismo \u00abviejuno\u00bb, dentro del blog Martes Neol\u00f3gico del Centro Virtual Cervantes.","og_url":"https:\/\/blogscvc.cervantes.es\/martes-neologico\/viejuno-na\/","og_site_name":"Martes Neol\u00f3gico","article_published_time":"2020-05-05T05:00:18+00:00","article_modified_time":"2023-07-24T12:55:35+00:00","og_image":[{"width":750,"height":350,"url":"http:\/\/blogscvc.cervantes.es\/martes-neologico\/wp-content\/uploads\/sites\/2\/2020\/05\/viejuno_350.jpg","type":"image\/jpeg"}],"author":"admin","twitter_card":"summary_large_image","twitter_misc":{"Escrito por":"admin","Tiempo de lectura":"3 minutos"},"schema":{"@context":"https:\/\/schema.org","@graph":[{"@type":"Article","@id":"https:\/\/blogscvc.cervantes.es\/martes-neologico\/viejuno-na\/#article","isPartOf":{"@id":"https:\/\/blogscvc.cervantes.es\/martes-neologico\/viejuno-na\/"},"author":{"name":"admin","@id":"https:\/\/blogscvc.cervantes.es\/martes-neologico\/#\/schema\/person\/7e2fd26f886f53b1b2e81721d23acc47"},"headline":"viejuno -na adj. y m. y f.","datePublished":"2020-05-05T05:00:18+00:00","dateModified":"2023-07-24T12:55:35+00:00","mainEntityOfPage":{"@id":"https:\/\/blogscvc.cervantes.es\/martes-neologico\/viejuno-na\/"},"wordCount":666,"commentCount":1,"publisher":{"@id":"https:\/\/blogscvc.cervantes.es\/martes-neologico\/#organization"},"articleSection":["coloquial","diccionarizado","general","sufijaci\u00f3n"],"inLanguage":"es","potentialAction":[{"@type":"CommentAction","name":"Comment","target":["https:\/\/blogscvc.cervantes.es\/martes-neologico\/viejuno-na\/#respond"]}]},{"@type":"WebPage","@id":"https:\/\/blogscvc.cervantes.es\/martes-neologico\/viejuno-na\/","url":"https:\/\/blogscvc.cervantes.es\/martes-neologico\/viejuno-na\/","name":"CVC. Viejuno | Martes Neol\u00f3gico","isPartOf":{"@id":"https:\/\/blogscvc.cervantes.es\/martes-neologico\/#website"},"datePublished":"2020-05-05T05:00:18+00:00","dateModified":"2023-07-24T12:55:35+00:00","description":"Art\u00edculo sobre el neologismo \u00abviejuno\u00bb, dentro del blog Martes Neol\u00f3gico del Centro Virtual Cervantes.","breadcrumb":{"@id":"https:\/\/blogscvc.cervantes.es\/martes-neologico\/viejuno-na\/#breadcrumb"},"inLanguage":"es","potentialAction":[{"@type":"ReadAction","target":["https:\/\/blogscvc.cervantes.es\/martes-neologico\/viejuno-na\/"]}]},{"@type":"BreadcrumbList","@id":"https:\/\/blogscvc.cervantes.es\/martes-neologico\/viejuno-na\/#breadcrumb","itemListElement":[{"@type":"ListItem","position":1,"name":"Portada","item":"https:\/\/blogscvc.cervantes.es\/martes-neologico\/"},{"@type":"ListItem","position":2,"name":"viejuno -na adj. y m. y f."}]},{"@type":"WebSite","@id":"https:\/\/blogscvc.cervantes.es\/martes-neologico\/#website","url":"https:\/\/blogscvc.cervantes.es\/martes-neologico\/","name":"Martes Neol\u00f3gico","description":"Cada martes, una palabra nueva que podr\u00eda estar en el diccionario","publisher":{"@id":"https:\/\/blogscvc.cervantes.es\/martes-neologico\/#organization"},"potentialAction":[{"@type":"SearchAction","target":{"@type":"EntryPoint","urlTemplate":"https:\/\/blogscvc.cervantes.es\/martes-neologico\/?s={search_term_string}"},"query-input":"required name=search_term_string"}],"inLanguage":"es"},{"@type":"Organization","@id":"https:\/\/blogscvc.cervantes.es\/martes-neologico\/#organization","name":"Martes Neol\u00f3gico","url":"https:\/\/blogscvc.cervantes.es\/martes-neologico\/","logo":{"@type":"ImageObject","inLanguage":"es","@id":"https:\/\/blogscvc.cervantes.es\/martes-neologico\/#\/schema\/logo\/image\/","url":"https:\/\/blogscvc.cervantes.es\/martes-neologico\/wp-content\/uploads\/sites\/2\/2025\/10\/logo-martes-neologico-10-anos.png","contentUrl":"https:\/\/blogscvc.cervantes.es\/martes-neologico\/wp-content\/uploads\/sites\/2\/2025\/10\/logo-martes-neologico-10-anos.png","width":300,"height":100,"caption":"Martes Neol\u00f3gico"},"image":{"@id":"https:\/\/blogscvc.cervantes.es\/martes-neologico\/#\/schema\/logo\/image\/"}},{"@type":"Person","@id":"https:\/\/blogscvc.cervantes.es\/martes-neologico\/#\/schema\/person\/7e2fd26f886f53b1b2e81721d23acc47","name":"admin","image":{"@type":"ImageObject","inLanguage":"es","@id":"https:\/\/blogscvc.cervantes.es\/martes-neologico\/#\/schema\/person\/image\/","url":"https:\/\/secure.gravatar.com\/avatar\/c4b6a365b64e607f3d2ecd9620a7675a?s=96&d=mm&r=g","contentUrl":"https:\/\/secure.gravatar.com\/avatar\/c4b6a365b64e607f3d2ecd9620a7675a?s=96&d=mm&r=g","caption":"admin"},"url":"https:\/\/blogscvc.cervantes.es\/martes-neologico\/author\/admin\/"}]}},"_links":{"self":[{"href":"https:\/\/blogscvc.cervantes.es\/martes-neologico\/wp-json\/wp\/v2\/posts\/5483"}],"collection":[{"href":"https:\/\/blogscvc.cervantes.es\/martes-neologico\/wp-json\/wp\/v2\/posts"}],"about":[{"href":"https:\/\/blogscvc.cervantes.es\/martes-neologico\/wp-json\/wp\/v2\/types\/post"}],"author":[{"embeddable":true,"href":"https:\/\/blogscvc.cervantes.es\/martes-neologico\/wp-json\/wp\/v2\/users\/1"}],"replies":[{"embeddable":true,"href":"https:\/\/blogscvc.cervantes.es\/martes-neologico\/wp-json\/wp\/v2\/comments?post=5483"}],"version-history":[{"count":8,"href":"https:\/\/blogscvc.cervantes.es\/martes-neologico\/wp-json\/wp\/v2\/posts\/5483\/revisions"}],"predecessor-version":[{"id":11720,"href":"https:\/\/blogscvc.cervantes.es\/martes-neologico\/wp-json\/wp\/v2\/posts\/5483\/revisions\/11720"}],"wp:featuredmedia":[{"embeddable":true,"href":"https:\/\/blogscvc.cervantes.es\/martes-neologico\/wp-json\/wp\/v2\/media\/5504"}],"wp:attachment":[{"href":"https:\/\/blogscvc.cervantes.es\/martes-neologico\/wp-json\/wp\/v2\/media?parent=5483"}],"wp:term":[{"taxonomy":"category","embeddable":true,"href":"https:\/\/blogscvc.cervantes.es\/martes-neologico\/wp-json\/wp\/v2\/categories?post=5483"},{"taxonomy":"post_tag","embeddable":true,"href":"https:\/\/blogscvc.cervantes.es\/martes-neologico\/wp-json\/wp\/v2\/tags?post=5483"}],"curies":[{"name":"wp","href":"https:\/\/api.w.org\/{rel}","templated":true}]}}