{"id":5645,"date":"2020-05-26T07:00:20","date_gmt":"2020-05-26T05:00:20","guid":{"rendered":"http:\/\/blogscvc.cervantes.es\/martes-neologico\/?p=5645"},"modified":"2025-07-29T12:04:56","modified_gmt":"2025-07-29T10:04:56","slug":"carrusel","status":"publish","type":"post","link":"https:\/\/blogscvc.cervantes.es\/martes-neologico\/carrusel\/","title":{"rendered":"carrusel <em>m.<\/em>"},"content":{"rendered":"<p>El nombre masculino <em>carrusel<\/em> viene del franc\u00e9s <em>carrousel<\/em>, significa \u2018atracci\u00f3n de feria que consiste en una plataforma giratoria sobre la que hay animales y veh\u00edculos de juguete para montarse y girar en ellos\u2019 (<em>VOXUSO<\/em>); es sin\u00f3nimo de <em>tiovivo<\/em> y de <em>calesita<\/em> en Argentina. Tambi\u00e9n es un juguete proyector que se instala en las cunas para beb\u00e9s, conocido como <em>carrusel de cuna<\/em> y, a la vez, es un \u2018espect\u00e1culo en el que varios jinetes hacen exhibiciones en c\u00edrculos\u2019 en <em>DRAE23<\/em>, <em>DEA<\/em> y <em>VOXUSO<\/em>. Y adem\u00e1s, <em>carrusel<\/em> denomina la parte de un proyector donde se colocan las diapositivas (<em>Clave<\/em>).<\/p>\n<figure id=\"attachment_118\" aria-describedby=\"caption-attachment-118\" style=\"width: 750px\" class=\"wp-caption aligncenter\"><a href=\"http:\/\/blogscvc.cervantes.es\/martes-neologico\/wp-content\/uploads\/sites\/2\/2020\/05\/carrusel_500.jpg\"><img decoding=\"async\" loading=\"lazy\" class=\"alignnone size-full wp-image-1739\" src=\"http:\/\/blogscvc.cervantes.es\/martes-neologico\/wp-content\/uploads\/sites\/2\/2020\/05\/carrusel_500.jpg\" alt=\"Fotograf\u00eda de un caballito de carrusel en medio del campo.\" width=\"750\" height=\"500\"><\/a><figcaption id=\"caption-attachment-118\" class=\"wp-caption-text\">Pixabay<\/figcaption><\/figure>\n<p>En Espa\u00f1a y Latinoam\u00e9rica <em>carrusel <\/em>da nombre a emisiones populares y de \u00e9xito como <em>Carrusel deportivo,<\/em> un programa de radio emitido en Espa\u00f1a desde 1952, o la famosa telenovela mexicana de 1992 <em>Carrusel de las Am\u00e9ricas,<\/em> emitida en toda Latinoam\u00e9rica para celebrar el quinto centenario del descubrimiento de Am\u00e9rica. Asimismo, el sentido de la voz <em>carrusel<\/em> como continuidad y reiteraci\u00f3n de eventos est\u00e1 recogido en los diccionarios <em>DEA<\/em>, <em>Clave <\/em>y en el <em>Diccionario panhisp\u00e1nico de dudas<\/em> de la Real Academia Espa\u00f1ola. A continuaci\u00f3n se muestran algunos ejemplos de estos significados cl\u00e1sicos <em>de carrusel:<\/em><\/p>\n<ul>\n<li>El <strong>Carrusel<\/strong> Catal\u00e0 deja de girar despu\u00e9s de 17 a\u00f1os. Tras su cierre, el tiovivo de Alfons X es el \u00faltimo que queda en Barcelona en la v\u00eda p\u00fablica. [<em>El Pa\u00eds<\/em> (Espa\u00f1a), 22\/11\/2015]<\/li>\n<\/ul>\n<ul>\n<li>El <strong>carrusel <\/strong>de emociones fue tan intenso que el Diez sufri\u00f3 una descompensaci\u00f3n, de la que r\u00e1pidamente se repuso. [<em>Clar\u00edn<\/em> (Argentina), 29\/06\/2018]<\/li>\n<\/ul>\n<ul>\n<li>El <strong>carrusel<\/strong> en el que gira y gira Macri. Por momentos, el presidente parece atrapado en una interminable calesita, que es como en la Argentina se le llama al carrusel. [<em>El Pa\u00eds<\/em> (Espa\u00f1a), 06\/07\/2018]<\/li>\n<\/ul>\n<p>En la actualidad,<em> carrusel<\/em> es un neologismo empleado en el \u00e1mbito pol\u00edtico, econ\u00f3mico y jur\u00eddico: gracias a una extensi\u00f3n metaf\u00f3rica de su sentido de continuidad circular, define una acci\u00f3n delictiva que puede relacionarse con la manipulaci\u00f3n electoral, con los esc\u00e1ndalos de corrupci\u00f3n, con el fraude econ\u00f3mico y fiscal. De este modo se recoge en M\u00e9xico el nombre <em>carrusel<\/em> referido a un \u2018grupo de varias personas que, a cambio de dinero, vota en varias urnas con credenciales falsas\u2019 (<em>Alvar2<\/em>). Este significado de \u2018fraude electoral\u2019 se extiende a otros pa\u00edses de Latinoam\u00e9rica entre ellos Per\u00fa (<em>Diccionario de americanismos<\/em> <em>ASALE 2010<\/em>). Adem\u00e1s, en M\u00e9xico indica medidas policiales (<em>ASALE 2010<\/em>), mientras que en Colombia <em>carrusel<\/em> indica \u2018esc\u00e1ndalos de corrupci\u00f3n\u2019 (Wikipedia). Estos usos se recogen en el Observatori de Neolog\u00eda, la prensa actual y tambi\u00e9n en el CORPES XXI:<\/p>\n<ul>\n<li>A trece meses de su peor derrota electoral, ayer el PRI se aventur\u00f3 en su primer experimento de democracia interna, al renovar en unas urnas su diligencia nacional, pero le aparecieron acusaciones de rat\u00f3n loco, <strong>carrusel,<\/strong> taco de votos y urnas embarazadas. [<em>El Universal<\/em> (M\u00e9xico), 12\/08\/2019]<\/li>\n<\/ul>\n<ul>\n<li>En agosto de 2010 el gobierno de M\u00e9xico reforz\u00f3 las represalias con un <strong>carrusel<\/strong> arancelario que se aplic\u00f3 a 26 nuevos productos. [<em>El Universal<\/em> (M\u00e9xico) 07\/03\/2011]<\/li>\n<\/ul>\n<ul>\n<li><strong>Carrusel<\/strong> La provisi\u00f3n de empleo seguro a los familiares de los congresistas de Fuerza Popular. El <strong>carrusel<\/strong> del empleo implica que, con el prop\u00f3sito de violar la ley \u2014aunque este objetivo no lo han conseguido\u2014 los congresistas contratan a los familiares de un colega de bancada, lo que es devuelto por este con la contrataci\u00f3n con los familiares del primero. [<em>La Rep\u00fablica <\/em>(Per\u00fa), 10\/09\/2019]<\/li>\n<\/ul>\n<ul>\n<li>Exembajador Fernando Mar\u00edn fue ficha del <strong>carrusel <\/strong>de la contrataci\u00f3n, dice la Fiscal\u00eda. La Fiscal\u00eda le imputar\u00e1 al empresario Fernando Mar\u00edn Valencia el delito de lavado de activos. Su participaci\u00f3n en el caso consist\u00eda, al parecer, en recibir los dineros il\u00edcitos en Colombia para trasladarlos a trav\u00e9s del sistema financiero a Estados Unidos. [<em>El Espectador<\/em> (Colombia), 07\/02\/2019]<\/li>\n<\/ul>\n<p>En Espa\u00f1a, en el \u00e1mbito econ\u00f3mico y fiscal, uno de los usos m\u00e1s difundidos de<em> carrusel<\/em> es como adjetivo calificando a <em>fraude<\/em>, construyendo la unidad <em>fraude carrusel, <\/em>que designa una modalidad de estafa fiscal complicada y extendida, nacida a comienzos de los a\u00f1os noventa en la Uni\u00f3n Europea. Esta expresi\u00f3n viene del franc\u00e9s <em>fraude carrousel<\/em> y se ha adoptado en otras lenguas comunitarias: <em>frodi carosello<\/em> (italiano), <em>fraude carrossel<\/em> (portugu\u00e9s), <em>Karussellbetrug<\/em> (alem\u00e1n), <em>frau de carrusel <\/em>(catal\u00e1n). En todas designa el mismo tipo de delito cuyo origen est\u00e1 en las operaciones mercantiles entre empresas de la Uni\u00f3n Europa, que consiste en la evasi\u00f3n fiscal del IVA (impuesto sobre el valor a\u00f1adido). La estafa se lleva a cabo cuando una empresa (X) que suministra a otros pa\u00edses de la Uni\u00f3n Europea no paga el IVA en su pa\u00eds de origen, sino en el de destino; entonces, la otra empresa (Y) del pa\u00eds destinatario ser\u00e1 intermediaria (<em>operador carrusel<\/em> o <em>missing trader<\/em>) y vender\u00e1 la mercanc\u00eda a una empresa nacional (Z) que reclamar\u00e1 el IVA y volver\u00e1 a vender a la empresa originaria (X). La mercanc\u00eda se mueve en c\u00edrculos y por eso se le denomina <em>fraude carrusel<\/em>:<\/p>\n<ul>\n<li><strong>El fraude carrusel<\/strong> del IVA que ha costado 50.000 millones a la UE y otras noticias internacionales. [ <em>La Vanguardia<\/em> (Espa\u00f1a), 07\/05\/2019]<\/li>\n<\/ul>\n<p>El significado de <em>carrusel<\/em> como esc\u00e1ndalo de corrupci\u00f3n, delito y, en concreto, como un tipo especial de fraude econ\u00f3mico se recoge en el <em>Diccionario de americanismos<\/em> para algunos pa\u00edses de Latinoam\u00e9rica; aunque no aparece como uso del espa\u00f1ol de Espa\u00f1a. En ninguno de los diccionarios consultados se recoge el neologismo <em>fraude carrusel<\/em>; solo el ingl\u00e9s <em>carousel fraud<\/em> en<em> Wiktionary<\/em>. A pesar de ser un t\u00e9rmino del \u00e1mbito econ\u00f3mico y fiscal, gracias a su gran difusi\u00f3n en los medios de comunicaci\u00f3n internacionales (sobre todo en la Uni\u00f3n Europea) ya forma parte de la lengua cotidiana. Por tanto, consideramos que, dada su importancia y transcendencia social y econ\u00f3mica, este neologismo deber\u00eda incluirse y explicarse en los diccionarios de uso actuales.<\/p>\n<p>Rosa Mart\u00edn Gascue\u00f1a<br \/>\nUniversidad Complutense de Madrid (Espa\u00f1a)<\/p>\n","protected":false},"excerpt":{"rendered":"<p>El nombre masculino <em>carrusel<\/em> viene del franc\u00e9s <em>carrousel<\/em>, significa \u2018atracci\u00f3n de feria que consiste en una plataforma giratoria sobre la que hay animales y veh\u00edculos de juguete para montarse y girar en ellos\u2019 (<em>VOXUSO<\/em>); es sin\u00f3nimo de <em>tiovivo<\/em> y de <em>calesita<\/em> en Argentina. Tambi\u00e9n es un juguete proyector que se instala en las cunas para beb\u00e9s, conocido como <em>carrusel de cuna<\/em> y, a la vez, es un \u2018espect\u00e1culo en el que varios jinetes hacen exhibiciones en c\u00edrculos\u2019 en <em>DRAE23<\/em>, <em>DEA<\/em> y <em>VOXUSO<\/em>. Y adem\u00e1s, <em>carrusel<\/em> denomina la parte de un proyector donde se colocan las diapositivas (<em>Clave<\/em>). En Espa\u00f1a y Latinoam\u00e9rica <em>carrusel <\/em>da nombre a emisiones populares y de \u00e9xito como <em>Carrusel deportivo,<\/em> un programa de radio emitido en Espa\u00f1a desde 1952, o la famosa telenovela mexicana de 1992 <em>Carrusel de las Am\u00e9ricas,<\/em> emitida en toda Latinoam\u00e9rica para celebrar el quinto centenario del descubrimiento de Am\u00e9rica. Asimismo, el sentido de la voz <em>carrusel<\/em> como continuidad y reiteraci\u00f3n de eventos est\u00e1 recogido en los diccionarios <em>DEA<\/em>, <em>Clave <\/em>y en el <em>Diccionario panhisp\u00e1nico de dudas<\/em> de la Real Academia Espa\u00f1ola. A continuaci\u00f3n se muestran algunos ejemplos de estos significados cl\u00e1sicos <em>de carrusel:<\/em><\/p>\n","protected":false},"author":1,"featured_media":5657,"comment_status":"open","ping_status":"open","sticky":false,"template":"","format":"standard","meta":{"_mi_skip_tracking":false,"_s2mail":"yes"},"categories":[44,146],"tags":[],"yoast_head":"<!-- This site is optimized with the Yoast SEO plugin v20.6 - https:\/\/yoast.com\/wordpress\/plugins\/seo\/ -->\n<title>CVC. Carrusel | Martes Neol\u00f3gico<\/title>\n<meta name=\"description\" content=\"Art\u00edculo sobre el neologismo \u00abcarrusel\u00bb, dentro del blog Martes Neol\u00f3gico del Centro Virtual Cervantes.\" \/>\n<meta name=\"robots\" content=\"index, follow, max-snippet:-1, max-image-preview:large, max-video-preview:-1\" \/>\n<link rel=\"canonical\" href=\"https:\/\/blogscvc.cervantes.es\/martes-neologico\/carrusel\/\" \/>\n<meta property=\"og:locale\" content=\"es_ES\" \/>\n<meta property=\"og:type\" content=\"article\" \/>\n<meta property=\"og:title\" content=\"CVC. Carrusel | Martes Neol\u00f3gico\" \/>\n<meta property=\"og:description\" content=\"Art\u00edculo sobre el neologismo \u00abcarrusel\u00bb, dentro del blog Martes Neol\u00f3gico del Centro Virtual Cervantes.\" \/>\n<meta property=\"og:url\" content=\"https:\/\/blogscvc.cervantes.es\/martes-neologico\/carrusel\/\" \/>\n<meta property=\"og:site_name\" content=\"Martes Neol\u00f3gico\" \/>\n<meta property=\"article:published_time\" content=\"2020-05-26T05:00:20+00:00\" \/>\n<meta property=\"article:modified_time\" content=\"2025-07-29T10:04:56+00:00\" \/>\n<meta property=\"og:image\" content=\"http:\/\/blogscvc.cervantes.es\/martes-neologico\/wp-content\/uploads\/sites\/2\/2020\/05\/carrusel_350.jpg\" \/>\n\t<meta property=\"og:image:width\" content=\"750\" \/>\n\t<meta property=\"og:image:height\" content=\"350\" \/>\n\t<meta property=\"og:image:type\" content=\"image\/jpeg\" \/>\n<meta name=\"author\" content=\"admin\" \/>\n<meta name=\"twitter:card\" content=\"summary_large_image\" \/>\n<meta name=\"twitter:label1\" content=\"Escrito por\" \/>\n\t<meta name=\"twitter:data1\" content=\"admin\" \/>\n\t<meta name=\"twitter:label2\" content=\"Tiempo de lectura\" \/>\n\t<meta name=\"twitter:data2\" content=\"5 minutos\" \/>\n<script type=\"application\/ld+json\" class=\"yoast-schema-graph\">{\"@context\":\"https:\/\/schema.org\",\"@graph\":[{\"@type\":\"Article\",\"@id\":\"https:\/\/blogscvc.cervantes.es\/martes-neologico\/carrusel\/#article\",\"isPartOf\":{\"@id\":\"https:\/\/blogscvc.cervantes.es\/martes-neologico\/carrusel\/\"},\"author\":{\"name\":\"admin\",\"@id\":\"https:\/\/blogscvc.cervantes.es\/martes-neologico\/#\/schema\/person\/7e2fd26f886f53b1b2e81721d23acc47\"},\"headline\":\"carrusel m.\",\"datePublished\":\"2020-05-26T05:00:20+00:00\",\"dateModified\":\"2025-07-29T10:04:56+00:00\",\"mainEntityOfPage\":{\"@id\":\"https:\/\/blogscvc.cervantes.es\/martes-neologico\/carrusel\/\"},\"wordCount\":1046,\"commentCount\":1,\"publisher\":{\"@id\":\"https:\/\/blogscvc.cervantes.es\/martes-neologico\/#organization\"},\"articleSection\":[\"general\",\"neologismo sem\u00e1ntico\"],\"inLanguage\":\"es\",\"potentialAction\":[{\"@type\":\"CommentAction\",\"name\":\"Comment\",\"target\":[\"https:\/\/blogscvc.cervantes.es\/martes-neologico\/carrusel\/#respond\"]}]},{\"@type\":\"WebPage\",\"@id\":\"https:\/\/blogscvc.cervantes.es\/martes-neologico\/carrusel\/\",\"url\":\"https:\/\/blogscvc.cervantes.es\/martes-neologico\/carrusel\/\",\"name\":\"CVC. Carrusel | Martes Neol\u00f3gico\",\"isPartOf\":{\"@id\":\"https:\/\/blogscvc.cervantes.es\/martes-neologico\/#website\"},\"datePublished\":\"2020-05-26T05:00:20+00:00\",\"dateModified\":\"2025-07-29T10:04:56+00:00\",\"description\":\"Art\u00edculo sobre el neologismo \u00abcarrusel\u00bb, dentro del blog Martes Neol\u00f3gico del Centro Virtual Cervantes.\",\"breadcrumb\":{\"@id\":\"https:\/\/blogscvc.cervantes.es\/martes-neologico\/carrusel\/#breadcrumb\"},\"inLanguage\":\"es\",\"potentialAction\":[{\"@type\":\"ReadAction\",\"target\":[\"https:\/\/blogscvc.cervantes.es\/martes-neologico\/carrusel\/\"]}]},{\"@type\":\"BreadcrumbList\",\"@id\":\"https:\/\/blogscvc.cervantes.es\/martes-neologico\/carrusel\/#breadcrumb\",\"itemListElement\":[{\"@type\":\"ListItem\",\"position\":1,\"name\":\"Portada\",\"item\":\"https:\/\/blogscvc.cervantes.es\/martes-neologico\/\"},{\"@type\":\"ListItem\",\"position\":2,\"name\":\"carrusel m.\"}]},{\"@type\":\"WebSite\",\"@id\":\"https:\/\/blogscvc.cervantes.es\/martes-neologico\/#website\",\"url\":\"https:\/\/blogscvc.cervantes.es\/martes-neologico\/\",\"name\":\"Martes Neol\u00f3gico\",\"description\":\"Cada martes, una palabra nueva que podr\u00eda estar en el diccionario\",\"publisher\":{\"@id\":\"https:\/\/blogscvc.cervantes.es\/martes-neologico\/#organization\"},\"potentialAction\":[{\"@type\":\"SearchAction\",\"target\":{\"@type\":\"EntryPoint\",\"urlTemplate\":\"https:\/\/blogscvc.cervantes.es\/martes-neologico\/?s={search_term_string}\"},\"query-input\":\"required name=search_term_string\"}],\"inLanguage\":\"es\"},{\"@type\":\"Organization\",\"@id\":\"https:\/\/blogscvc.cervantes.es\/martes-neologico\/#organization\",\"name\":\"Martes Neol\u00f3gico\",\"url\":\"https:\/\/blogscvc.cervantes.es\/martes-neologico\/\",\"logo\":{\"@type\":\"ImageObject\",\"inLanguage\":\"es\",\"@id\":\"https:\/\/blogscvc.cervantes.es\/martes-neologico\/#\/schema\/logo\/image\/\",\"url\":\"https:\/\/blogscvc.cervantes.es\/martes-neologico\/wp-content\/uploads\/sites\/2\/2025\/10\/logo-martes-neologico-10-anos.png\",\"contentUrl\":\"https:\/\/blogscvc.cervantes.es\/martes-neologico\/wp-content\/uploads\/sites\/2\/2025\/10\/logo-martes-neologico-10-anos.png\",\"width\":300,\"height\":100,\"caption\":\"Martes Neol\u00f3gico\"},\"image\":{\"@id\":\"https:\/\/blogscvc.cervantes.es\/martes-neologico\/#\/schema\/logo\/image\/\"}},{\"@type\":\"Person\",\"@id\":\"https:\/\/blogscvc.cervantes.es\/martes-neologico\/#\/schema\/person\/7e2fd26f886f53b1b2e81721d23acc47\",\"name\":\"admin\",\"image\":{\"@type\":\"ImageObject\",\"inLanguage\":\"es\",\"@id\":\"https:\/\/blogscvc.cervantes.es\/martes-neologico\/#\/schema\/person\/image\/\",\"url\":\"https:\/\/secure.gravatar.com\/avatar\/c4b6a365b64e607f3d2ecd9620a7675a?s=96&d=mm&r=g\",\"contentUrl\":\"https:\/\/secure.gravatar.com\/avatar\/c4b6a365b64e607f3d2ecd9620a7675a?s=96&d=mm&r=g\",\"caption\":\"admin\"},\"url\":\"https:\/\/blogscvc.cervantes.es\/martes-neologico\/author\/admin\/\"}]}<\/script>\n<!-- \/ Yoast SEO plugin. -->","yoast_head_json":{"title":"CVC. Carrusel | Martes Neol\u00f3gico","description":"Art\u00edculo sobre el neologismo \u00abcarrusel\u00bb, dentro del blog Martes Neol\u00f3gico del Centro Virtual Cervantes.","robots":{"index":"index","follow":"follow","max-snippet":"max-snippet:-1","max-image-preview":"max-image-preview:large","max-video-preview":"max-video-preview:-1"},"canonical":"https:\/\/blogscvc.cervantes.es\/martes-neologico\/carrusel\/","og_locale":"es_ES","og_type":"article","og_title":"CVC. Carrusel | Martes Neol\u00f3gico","og_description":"Art\u00edculo sobre el neologismo \u00abcarrusel\u00bb, dentro del blog Martes Neol\u00f3gico del Centro Virtual Cervantes.","og_url":"https:\/\/blogscvc.cervantes.es\/martes-neologico\/carrusel\/","og_site_name":"Martes Neol\u00f3gico","article_published_time":"2020-05-26T05:00:20+00:00","article_modified_time":"2025-07-29T10:04:56+00:00","og_image":[{"width":750,"height":350,"url":"http:\/\/blogscvc.cervantes.es\/martes-neologico\/wp-content\/uploads\/sites\/2\/2020\/05\/carrusel_350.jpg","type":"image\/jpeg"}],"author":"admin","twitter_card":"summary_large_image","twitter_misc":{"Escrito por":"admin","Tiempo de lectura":"5 minutos"},"schema":{"@context":"https:\/\/schema.org","@graph":[{"@type":"Article","@id":"https:\/\/blogscvc.cervantes.es\/martes-neologico\/carrusel\/#article","isPartOf":{"@id":"https:\/\/blogscvc.cervantes.es\/martes-neologico\/carrusel\/"},"author":{"name":"admin","@id":"https:\/\/blogscvc.cervantes.es\/martes-neologico\/#\/schema\/person\/7e2fd26f886f53b1b2e81721d23acc47"},"headline":"carrusel m.","datePublished":"2020-05-26T05:00:20+00:00","dateModified":"2025-07-29T10:04:56+00:00","mainEntityOfPage":{"@id":"https:\/\/blogscvc.cervantes.es\/martes-neologico\/carrusel\/"},"wordCount":1046,"commentCount":1,"publisher":{"@id":"https:\/\/blogscvc.cervantes.es\/martes-neologico\/#organization"},"articleSection":["general","neologismo sem\u00e1ntico"],"inLanguage":"es","potentialAction":[{"@type":"CommentAction","name":"Comment","target":["https:\/\/blogscvc.cervantes.es\/martes-neologico\/carrusel\/#respond"]}]},{"@type":"WebPage","@id":"https:\/\/blogscvc.cervantes.es\/martes-neologico\/carrusel\/","url":"https:\/\/blogscvc.cervantes.es\/martes-neologico\/carrusel\/","name":"CVC. Carrusel | Martes Neol\u00f3gico","isPartOf":{"@id":"https:\/\/blogscvc.cervantes.es\/martes-neologico\/#website"},"datePublished":"2020-05-26T05:00:20+00:00","dateModified":"2025-07-29T10:04:56+00:00","description":"Art\u00edculo sobre el neologismo \u00abcarrusel\u00bb, dentro del blog Martes Neol\u00f3gico del Centro Virtual Cervantes.","breadcrumb":{"@id":"https:\/\/blogscvc.cervantes.es\/martes-neologico\/carrusel\/#breadcrumb"},"inLanguage":"es","potentialAction":[{"@type":"ReadAction","target":["https:\/\/blogscvc.cervantes.es\/martes-neologico\/carrusel\/"]}]},{"@type":"BreadcrumbList","@id":"https:\/\/blogscvc.cervantes.es\/martes-neologico\/carrusel\/#breadcrumb","itemListElement":[{"@type":"ListItem","position":1,"name":"Portada","item":"https:\/\/blogscvc.cervantes.es\/martes-neologico\/"},{"@type":"ListItem","position":2,"name":"carrusel m."}]},{"@type":"WebSite","@id":"https:\/\/blogscvc.cervantes.es\/martes-neologico\/#website","url":"https:\/\/blogscvc.cervantes.es\/martes-neologico\/","name":"Martes Neol\u00f3gico","description":"Cada martes, una palabra nueva que podr\u00eda estar en el diccionario","publisher":{"@id":"https:\/\/blogscvc.cervantes.es\/martes-neologico\/#organization"},"potentialAction":[{"@type":"SearchAction","target":{"@type":"EntryPoint","urlTemplate":"https:\/\/blogscvc.cervantes.es\/martes-neologico\/?s={search_term_string}"},"query-input":"required name=search_term_string"}],"inLanguage":"es"},{"@type":"Organization","@id":"https:\/\/blogscvc.cervantes.es\/martes-neologico\/#organization","name":"Martes Neol\u00f3gico","url":"https:\/\/blogscvc.cervantes.es\/martes-neologico\/","logo":{"@type":"ImageObject","inLanguage":"es","@id":"https:\/\/blogscvc.cervantes.es\/martes-neologico\/#\/schema\/logo\/image\/","url":"https:\/\/blogscvc.cervantes.es\/martes-neologico\/wp-content\/uploads\/sites\/2\/2025\/10\/logo-martes-neologico-10-anos.png","contentUrl":"https:\/\/blogscvc.cervantes.es\/martes-neologico\/wp-content\/uploads\/sites\/2\/2025\/10\/logo-martes-neologico-10-anos.png","width":300,"height":100,"caption":"Martes Neol\u00f3gico"},"image":{"@id":"https:\/\/blogscvc.cervantes.es\/martes-neologico\/#\/schema\/logo\/image\/"}},{"@type":"Person","@id":"https:\/\/blogscvc.cervantes.es\/martes-neologico\/#\/schema\/person\/7e2fd26f886f53b1b2e81721d23acc47","name":"admin","image":{"@type":"ImageObject","inLanguage":"es","@id":"https:\/\/blogscvc.cervantes.es\/martes-neologico\/#\/schema\/person\/image\/","url":"https:\/\/secure.gravatar.com\/avatar\/c4b6a365b64e607f3d2ecd9620a7675a?s=96&d=mm&r=g","contentUrl":"https:\/\/secure.gravatar.com\/avatar\/c4b6a365b64e607f3d2ecd9620a7675a?s=96&d=mm&r=g","caption":"admin"},"url":"https:\/\/blogscvc.cervantes.es\/martes-neologico\/author\/admin\/"}]}},"_links":{"self":[{"href":"https:\/\/blogscvc.cervantes.es\/martes-neologico\/wp-json\/wp\/v2\/posts\/5645"}],"collection":[{"href":"https:\/\/blogscvc.cervantes.es\/martes-neologico\/wp-json\/wp\/v2\/posts"}],"about":[{"href":"https:\/\/blogscvc.cervantes.es\/martes-neologico\/wp-json\/wp\/v2\/types\/post"}],"author":[{"embeddable":true,"href":"https:\/\/blogscvc.cervantes.es\/martes-neologico\/wp-json\/wp\/v2\/users\/1"}],"replies":[{"embeddable":true,"href":"https:\/\/blogscvc.cervantes.es\/martes-neologico\/wp-json\/wp\/v2\/comments?post=5645"}],"version-history":[{"count":6,"href":"https:\/\/blogscvc.cervantes.es\/martes-neologico\/wp-json\/wp\/v2\/posts\/5645\/revisions"}],"predecessor-version":[{"id":13309,"href":"https:\/\/blogscvc.cervantes.es\/martes-neologico\/wp-json\/wp\/v2\/posts\/5645\/revisions\/13309"}],"wp:featuredmedia":[{"embeddable":true,"href":"https:\/\/blogscvc.cervantes.es\/martes-neologico\/wp-json\/wp\/v2\/media\/5657"}],"wp:attachment":[{"href":"https:\/\/blogscvc.cervantes.es\/martes-neologico\/wp-json\/wp\/v2\/media?parent=5645"}],"wp:term":[{"taxonomy":"category","embeddable":true,"href":"https:\/\/blogscvc.cervantes.es\/martes-neologico\/wp-json\/wp\/v2\/categories?post=5645"},{"taxonomy":"post_tag","embeddable":true,"href":"https:\/\/blogscvc.cervantes.es\/martes-neologico\/wp-json\/wp\/v2\/tags?post=5645"}],"curies":[{"name":"wp","href":"https:\/\/api.w.org\/{rel}","templated":true}]}}